{"id":6607,"date":"2022-09-27T08:00:00","date_gmt":"2022-09-27T13:00:00","guid":{"rendered":"https:\/\/expressometro.mx\/?p=6607"},"modified":"2022-10-12T08:02:10","modified_gmt":"2022-10-12T13:02:10","slug":"jiquipilco-de-fiesta-por-su-bicentenario","status":"publish","type":"post","link":"https:\/\/expressometro.mx\/index.php\/2022\/09\/27\/jiquipilco-de-fiesta-por-su-bicentenario\/","title":{"rendered":"JIQUIPILCO DE FIESTA POR SU BICENTENARIO"},"content":{"rendered":"\n<p><\/p>\n\n\n\n<p>El Presidente Municipal de Jiquipilco, Maestro Felipe de Jes\u00fas S\u00e1nchez D\u00e1vila, y su cabildo, ofrecieron un gran festejo por los 200 a\u00f1os de ser constitucionalmente Municipio. 200 a\u00f1os de vida institucional municipal, hecho que invita a la reflexi\u00f3n para estar orgullosos de su identidad municipal. Orgullosos del progreso y desarrollo del pueblo de Jiquipilco, por el trabajo en conjunto entre la sociedad y gobierno, para buscar juntos el bien com\u00fan de Jiquipilco.<\/p>\n\n\n\n<p>En compa\u00f1\u00eda de las autoridades de seguridad nacional, autoridades auxiliares municipales, invitados especiales y p\u00fablico en general, el Presidente Municipal Felipe S\u00e1nchez, agradeci\u00f3 la asistencia de los presentes, sobre todo, a su Cabildo, ya que en trabajo conjunto, se han podido lograr avanzar con el desarrollo de este Municipio, con la construcci\u00f3n de infraestructura necesaria para los ciudadanos.<\/p>\n\n\n\n<p>El Diputado Federal, Gustavo C\u00e1rdenas, expres\u00f3 en su intervenci\u00f3n \u201cLo importante la participaci\u00f3n ciudadana, juntos, unidos, somos m\u00e1s fuertes\u201d. Felicit\u00f3 al Presidente Municipal por brindar una conmemoraci\u00f3n de este bicentenario, incluyente, diferente e innovadora.<\/p>\n\n\n\n<p>Diana P\u00e9rez Barrag\u00e1n, titular de la CEDIPIEM, record\u00f3 a los jiquilpenses que, en estos 200 a\u00f1os de historia se han superado muchos retos, desaf\u00edos, que permite decir que hoy Jiquipilco es una tierra de trabajo y de oportunidades para ciudadanos que han forjado aqu\u00ed su patrimonio y que han sido testigos de que el desarrollo ha sido para mejorar su condici\u00f3n de vida.<\/p>\n\n\n\n<p>En este gran festejo, se hizo entrega de la Presea Bicentenario de Jiquipilco, en sus distintas categor\u00edas; Ciencias, Artes y Letras al escritor, el Licenciado en Historia Ricardo Hern\u00e1ndez Navarrete; en la categor\u00eda de Pedagog\u00eda y Docencia, el Ingeniero Qu\u00edmico y Maestro en Ciencias de la Educaci\u00f3n David Castro Gonz\u00e1lez; en la categor\u00eda a la Juventud el Ingeniero en Sistemas Energ\u00e9ticos Sustentables Fernando de Jes\u00fas Dionisio; en la categor\u00eda del deporte, Eric Garc\u00eda S\u00e1nchez; en la categor\u00eda al M\u00e9rito C\u00edvico y a la Preservaci\u00f3n del Medio Ambiente, el Ingeniero en Gesti\u00f3n Empresarial Luis Enrique Pacheco Carlos; en la categor\u00eda al M\u00e9rito Municipal y Administraci\u00f3n P\u00fablica, Maestro en Pedagog\u00eda C\u00e9sar Bernal mercado; en la categor\u00eda del Trabajo y el Impulso Econ\u00f3mico (post mortem) Juan Fuentes Fabela; en la categor\u00eda en la Perseverancia Servicio a la Sociedad (post mortem) Licenciado en Administraci\u00f3n Militar Israel becerril Maldonado, en la categor\u00eda el M\u00e9rito Agrario, el ciudadano Demetrio Hern\u00e1ndez de la Cruz; en la categor\u00eda de la Defensa de los Derechos Humanos, Maestro en Derecho Javier \u00c1vila S\u00e1nchez; y finalmente, la Mujer Bicentenario, la se\u00f1ora Catalina Jacinto Guadalupe.<\/p>\n","protected":false},"excerpt":{"rendered":"<p>El Presidente Municipal de Jiquipilco, Maestro Felipe de Jes\u00fas S\u00e1nchez D\u00e1vila, y su cabildo, ofrecieron un gran festejo por los 200 a\u00f1os de ser constitucionalmente Municipio. 200 a\u00f1os de vida institucional municipal, hecho que invita a la reflexi\u00f3n para estar orgullosos de su identidad municipal. Orgullosos del progreso y desarrollo del pueblo de Jiquipilco, por el trabajo en conjunto entre la sociedad y gobierno, para buscar juntos el bien com\u00fan de Jiquipilco.<\/p>\n","protected":false},"author":1,"featured_media":6609,"comment_status":"open","ping_status":"open","sticky":false,"template":"","format":"standard","meta":{"footnotes":""},"categories":[11,3,1,231],"tags":[1670,196,158],"class_list":["post-6607","post","type-post","status-publish","format-standard","has-post-thumbnail","hentry","category-cultura","category-gobierno","category-otros","category-politica","tag-felipe-de-jesus-sanchez","tag-jiquipilco","tag-pri"],"yoast_head":"<!-- This site is optimized with the Yoast SEO plugin v27.4 - https:\/\/yoast.com\/product\/yoast-seo-wordpress\/ -->\n<title>JIQUIPILCO DE FIESTA POR SU BICENTENARIO - Expresso Metropolitano<\/title>\n<meta name=\"robots\" content=\"index, follow, max-snippet:-1, max-image-preview:large, max-video-preview:-1\" \/>\n<link rel=\"canonical\" href=\"https:\/\/expressometro.mx\/index.php\/2022\/09\/27\/jiquipilco-de-fiesta-por-su-bicentenario\/\" \/>\n<meta property=\"og:locale\" content=\"es_MX\" \/>\n<meta property=\"og:type\" content=\"article\" \/>\n<meta property=\"og:title\" content=\"JIQUIPILCO DE FIESTA POR SU BICENTENARIO - Expresso Metropolitano\" \/>\n<meta property=\"og:description\" content=\"El Presidente Municipal de Jiquipilco, Maestro Felipe de Jes\u00fas S\u00e1nchez D\u00e1vila, y su cabildo, ofrecieron un gran festejo por los 200 a\u00f1os de ser constitucionalmente Municipio. 200 a\u00f1os de vida institucional municipal, hecho que invita a la reflexi\u00f3n para estar orgullosos de su identidad municipal. Orgullosos del progreso y desarrollo del pueblo de Jiquipilco, por el trabajo en conjunto entre la sociedad y gobierno, para buscar juntos el bien com\u00fan de Jiquipilco.\" \/>\n<meta property=\"og:url\" content=\"https:\/\/expressometro.mx\/index.php\/2022\/09\/27\/jiquipilco-de-fiesta-por-su-bicentenario\/\" \/>\n<meta property=\"og:site_name\" content=\"Expresso Metropolitano\" \/>\n<meta property=\"article:published_time\" content=\"2022-09-27T13:00:00+00:00\" \/>\n<meta property=\"article:modified_time\" content=\"2022-10-12T13:02:10+00:00\" \/>\n<meta property=\"og:image\" content=\"http:\/\/expressometro.mx\/wp-content\/uploads\/2022\/10\/8.jpg\" \/>\n\t<meta property=\"og:image:width\" content=\"1600\" \/>\n\t<meta property=\"og:image:height\" content=\"1200\" \/>\n\t<meta property=\"og:image:type\" content=\"image\/jpeg\" \/>\n<meta name=\"author\" content=\"Expresso Metropolitano\" \/>\n<meta name=\"twitter:label1\" content=\"Escrito por\" \/>\n\t<meta name=\"twitter:data1\" content=\"Expresso Metropolitano\" \/>\n\t<meta name=\"twitter:label2\" content=\"Tiempo de lectura\" \/>\n\t<meta name=\"twitter:data2\" content=\"2 minutos\" \/>\n<script type=\"application\/ld+json\" class=\"yoast-schema-graph\">{\"@context\":\"https:\\\/\\\/schema.org\",\"@graph\":[{\"@type\":\"Article\",\"@id\":\"https:\\\/\\\/expressometro.mx\\\/index.php\\\/2022\\\/09\\\/27\\\/jiquipilco-de-fiesta-por-su-bicentenario\\\/#article\",\"isPartOf\":{\"@id\":\"https:\\\/\\\/expressometro.mx\\\/index.php\\\/2022\\\/09\\\/27\\\/jiquipilco-de-fiesta-por-su-bicentenario\\\/\"},\"author\":{\"name\":\"Expresso Metropolitano\",\"@id\":\"https:\\\/\\\/expressometro.mx\\\/#\\\/schema\\\/person\\\/efa971b4a0664db8ed5c22b1b0dd2f5d\"},\"headline\":\"JIQUIPILCO DE FIESTA POR SU BICENTENARIO\",\"datePublished\":\"2022-09-27T13:00:00+00:00\",\"dateModified\":\"2022-10-12T13:02:10+00:00\",\"mainEntityOfPage\":{\"@id\":\"https:\\\/\\\/expressometro.mx\\\/index.php\\\/2022\\\/09\\\/27\\\/jiquipilco-de-fiesta-por-su-bicentenario\\\/\"},\"wordCount\":468,\"commentCount\":0,\"publisher\":{\"@id\":\"https:\\\/\\\/expressometro.mx\\\/#organization\"},\"image\":{\"@id\":\"https:\\\/\\\/expressometro.mx\\\/index.php\\\/2022\\\/09\\\/27\\\/jiquipilco-de-fiesta-por-su-bicentenario\\\/#primaryimage\"},\"thumbnailUrl\":\"https:\\\/\\\/expressometro.mx\\\/wp-content\\\/uploads\\\/2022\\\/10\\\/8.jpg\",\"keywords\":[\"Felipe de Jes\u00fas S\u00e1nchez\",\"Jiquipilco\",\"PRI\"],\"articleSection\":[\"Cultura\",\"Gobierno\",\"Otros\",\"Pol\u00edtica\"],\"inLanguage\":\"es\",\"potentialAction\":[{\"@type\":\"CommentAction\",\"name\":\"Comment\",\"target\":[\"https:\\\/\\\/expressometro.mx\\\/index.php\\\/2022\\\/09\\\/27\\\/jiquipilco-de-fiesta-por-su-bicentenario\\\/#respond\"]}]},{\"@type\":\"WebPage\",\"@id\":\"https:\\\/\\\/expressometro.mx\\\/index.php\\\/2022\\\/09\\\/27\\\/jiquipilco-de-fiesta-por-su-bicentenario\\\/\",\"url\":\"https:\\\/\\\/expressometro.mx\\\/index.php\\\/2022\\\/09\\\/27\\\/jiquipilco-de-fiesta-por-su-bicentenario\\\/\",\"name\":\"JIQUIPILCO DE FIESTA POR SU BICENTENARIO - Expresso Metropolitano\",\"isPartOf\":{\"@id\":\"https:\\\/\\\/expressometro.mx\\\/#website\"},\"primaryImageOfPage\":{\"@id\":\"https:\\\/\\\/expressometro.mx\\\/index.php\\\/2022\\\/09\\\/27\\\/jiquipilco-de-fiesta-por-su-bicentenario\\\/#primaryimage\"},\"image\":{\"@id\":\"https:\\\/\\\/expressometro.mx\\\/index.php\\\/2022\\\/09\\\/27\\\/jiquipilco-de-fiesta-por-su-bicentenario\\\/#primaryimage\"},\"thumbnailUrl\":\"https:\\\/\\\/expressometro.mx\\\/wp-content\\\/uploads\\\/2022\\\/10\\\/8.jpg\",\"datePublished\":\"2022-09-27T13:00:00+00:00\",\"dateModified\":\"2022-10-12T13:02:10+00:00\",\"breadcrumb\":{\"@id\":\"https:\\\/\\\/expressometro.mx\\\/index.php\\\/2022\\\/09\\\/27\\\/jiquipilco-de-fiesta-por-su-bicentenario\\\/#breadcrumb\"},\"inLanguage\":\"es\",\"potentialAction\":[{\"@type\":\"ReadAction\",\"target\":[\"https:\\\/\\\/expressometro.mx\\\/index.php\\\/2022\\\/09\\\/27\\\/jiquipilco-de-fiesta-por-su-bicentenario\\\/\"]}]},{\"@type\":\"ImageObject\",\"inLanguage\":\"es\",\"@id\":\"https:\\\/\\\/expressometro.mx\\\/index.php\\\/2022\\\/09\\\/27\\\/jiquipilco-de-fiesta-por-su-bicentenario\\\/#primaryimage\",\"url\":\"https:\\\/\\\/expressometro.mx\\\/wp-content\\\/uploads\\\/2022\\\/10\\\/8.jpg\",\"contentUrl\":\"https:\\\/\\\/expressometro.mx\\\/wp-content\\\/uploads\\\/2022\\\/10\\\/8.jpg\",\"width\":1600,\"height\":1200},{\"@type\":\"BreadcrumbList\",\"@id\":\"https:\\\/\\\/expressometro.mx\\\/index.php\\\/2022\\\/09\\\/27\\\/jiquipilco-de-fiesta-por-su-bicentenario\\\/#breadcrumb\",\"itemListElement\":[{\"@type\":\"ListItem\",\"position\":1,\"name\":\"Inicio\",\"item\":\"https:\\\/\\\/expressometro.mx\\\/\"},{\"@type\":\"ListItem\",\"position\":2,\"name\":\"JIQUIPILCO DE FIESTA POR SU BICENTENARIO\"}]},{\"@type\":\"WebSite\",\"@id\":\"https:\\\/\\\/expressometro.mx\\\/#website\",\"url\":\"https:\\\/\\\/expressometro.mx\\\/\",\"name\":\"Expresso Metropolitano\",\"description\":\"Periodismo comprometido, informaci\u00f3n, investigaci\u00f3n y an\u00e1lisis\",\"publisher\":{\"@id\":\"https:\\\/\\\/expressometro.mx\\\/#organization\"},\"potentialAction\":[{\"@type\":\"SearchAction\",\"target\":{\"@type\":\"EntryPoint\",\"urlTemplate\":\"https:\\\/\\\/expressometro.mx\\\/?s={search_term_string}\"},\"query-input\":{\"@type\":\"PropertyValueSpecification\",\"valueRequired\":true,\"valueName\":\"search_term_string\"}}],\"inLanguage\":\"es\"},{\"@type\":\"Organization\",\"@id\":\"https:\\\/\\\/expressometro.mx\\\/#organization\",\"name\":\"Expresso Metropolitano\",\"url\":\"https:\\\/\\\/expressometro.mx\\\/\",\"logo\":{\"@type\":\"ImageObject\",\"inLanguage\":\"es\",\"@id\":\"https:\\\/\\\/expressometro.mx\\\/#\\\/schema\\\/logo\\\/image\\\/\",\"url\":\"https:\\\/\\\/expressometro.mx\\\/wp-content\\\/uploads\\\/2019\\\/07\\\/cropped-Logo-Expresso-Metropolitano-1-1.jpeg\",\"contentUrl\":\"https:\\\/\\\/expressometro.mx\\\/wp-content\\\/uploads\\\/2019\\\/07\\\/cropped-Logo-Expresso-Metropolitano-1-1.jpeg\",\"width\":290,\"height\":73,\"caption\":\"Expresso Metropolitano\"},\"image\":{\"@id\":\"https:\\\/\\\/expressometro.mx\\\/#\\\/schema\\\/logo\\\/image\\\/\"}},{\"@type\":\"Person\",\"@id\":\"https:\\\/\\\/expressometro.mx\\\/#\\\/schema\\\/person\\\/efa971b4a0664db8ed5c22b1b0dd2f5d\",\"name\":\"Expresso Metropolitano\",\"image\":{\"@type\":\"ImageObject\",\"inLanguage\":\"es\",\"@id\":\"https:\\\/\\\/secure.gravatar.com\\\/avatar\\\/a89f802b8de18c6952f223c88d3d106e9e3679839f4e25a02f4a6cc2ae6ba3b3?s=96&d=mm&r=g\",\"url\":\"https:\\\/\\\/secure.gravatar.com\\\/avatar\\\/a89f802b8de18c6952f223c88d3d106e9e3679839f4e25a02f4a6cc2ae6ba3b3?s=96&d=mm&r=g\",\"contentUrl\":\"https:\\\/\\\/secure.gravatar.com\\\/avatar\\\/a89f802b8de18c6952f223c88d3d106e9e3679839f4e25a02f4a6cc2ae6ba3b3?s=96&d=mm&r=g\",\"caption\":\"Expresso Metropolitano\"},\"url\":\"https:\\\/\\\/expressometro.mx\\\/index.php\\\/author\\\/diego\\\/\"}]}<\/script>\n<!-- \/ Yoast SEO plugin. -->","yoast_head_json":{"title":"JIQUIPILCO DE FIESTA POR SU BICENTENARIO - Expresso Metropolitano","robots":{"index":"index","follow":"follow","max-snippet":"max-snippet:-1","max-image-preview":"max-image-preview:large","max-video-preview":"max-video-preview:-1"},"canonical":"https:\/\/expressometro.mx\/index.php\/2022\/09\/27\/jiquipilco-de-fiesta-por-su-bicentenario\/","og_locale":"es_MX","og_type":"article","og_title":"JIQUIPILCO DE FIESTA POR SU BICENTENARIO - Expresso Metropolitano","og_description":"El Presidente Municipal de Jiquipilco, Maestro Felipe de Jes\u00fas S\u00e1nchez D\u00e1vila, y su cabildo, ofrecieron un gran festejo por los 200 a\u00f1os de ser constitucionalmente Municipio. 200 a\u00f1os de vida institucional municipal, hecho que invita a la reflexi\u00f3n para estar orgullosos de su identidad municipal. Orgullosos del progreso y desarrollo del pueblo de Jiquipilco, por el trabajo en conjunto entre la sociedad y gobierno, para buscar juntos el bien com\u00fan de Jiquipilco.","og_url":"https:\/\/expressometro.mx\/index.php\/2022\/09\/27\/jiquipilco-de-fiesta-por-su-bicentenario\/","og_site_name":"Expresso Metropolitano","article_published_time":"2022-09-27T13:00:00+00:00","article_modified_time":"2022-10-12T13:02:10+00:00","og_image":[{"width":1600,"height":1200,"url":"http:\/\/expressometro.mx\/wp-content\/uploads\/2022\/10\/8.jpg","type":"image\/jpeg"}],"author":"Expresso Metropolitano","twitter_misc":{"Escrito por":"Expresso Metropolitano","Tiempo de lectura":"2 minutos"},"schema":{"@context":"https:\/\/schema.org","@graph":[{"@type":"Article","@id":"https:\/\/expressometro.mx\/index.php\/2022\/09\/27\/jiquipilco-de-fiesta-por-su-bicentenario\/#article","isPartOf":{"@id":"https:\/\/expressometro.mx\/index.php\/2022\/09\/27\/jiquipilco-de-fiesta-por-su-bicentenario\/"},"author":{"name":"Expresso Metropolitano","@id":"https:\/\/expressometro.mx\/#\/schema\/person\/efa971b4a0664db8ed5c22b1b0dd2f5d"},"headline":"JIQUIPILCO DE FIESTA POR SU BICENTENARIO","datePublished":"2022-09-27T13:00:00+00:00","dateModified":"2022-10-12T13:02:10+00:00","mainEntityOfPage":{"@id":"https:\/\/expressometro.mx\/index.php\/2022\/09\/27\/jiquipilco-de-fiesta-por-su-bicentenario\/"},"wordCount":468,"commentCount":0,"publisher":{"@id":"https:\/\/expressometro.mx\/#organization"},"image":{"@id":"https:\/\/expressometro.mx\/index.php\/2022\/09\/27\/jiquipilco-de-fiesta-por-su-bicentenario\/#primaryimage"},"thumbnailUrl":"https:\/\/expressometro.mx\/wp-content\/uploads\/2022\/10\/8.jpg","keywords":["Felipe de Jes\u00fas S\u00e1nchez","Jiquipilco","PRI"],"articleSection":["Cultura","Gobierno","Otros","Pol\u00edtica"],"inLanguage":"es","potentialAction":[{"@type":"CommentAction","name":"Comment","target":["https:\/\/expressometro.mx\/index.php\/2022\/09\/27\/jiquipilco-de-fiesta-por-su-bicentenario\/#respond"]}]},{"@type":"WebPage","@id":"https:\/\/expressometro.mx\/index.php\/2022\/09\/27\/jiquipilco-de-fiesta-por-su-bicentenario\/","url":"https:\/\/expressometro.mx\/index.php\/2022\/09\/27\/jiquipilco-de-fiesta-por-su-bicentenario\/","name":"JIQUIPILCO DE FIESTA POR SU BICENTENARIO - Expresso Metropolitano","isPartOf":{"@id":"https:\/\/expressometro.mx\/#website"},"primaryImageOfPage":{"@id":"https:\/\/expressometro.mx\/index.php\/2022\/09\/27\/jiquipilco-de-fiesta-por-su-bicentenario\/#primaryimage"},"image":{"@id":"https:\/\/expressometro.mx\/index.php\/2022\/09\/27\/jiquipilco-de-fiesta-por-su-bicentenario\/#primaryimage"},"thumbnailUrl":"https:\/\/expressometro.mx\/wp-content\/uploads\/2022\/10\/8.jpg","datePublished":"2022-09-27T13:00:00+00:00","dateModified":"2022-10-12T13:02:10+00:00","breadcrumb":{"@id":"https:\/\/expressometro.mx\/index.php\/2022\/09\/27\/jiquipilco-de-fiesta-por-su-bicentenario\/#breadcrumb"},"inLanguage":"es","potentialAction":[{"@type":"ReadAction","target":["https:\/\/expressometro.mx\/index.php\/2022\/09\/27\/jiquipilco-de-fiesta-por-su-bicentenario\/"]}]},{"@type":"ImageObject","inLanguage":"es","@id":"https:\/\/expressometro.mx\/index.php\/2022\/09\/27\/jiquipilco-de-fiesta-por-su-bicentenario\/#primaryimage","url":"https:\/\/expressometro.mx\/wp-content\/uploads\/2022\/10\/8.jpg","contentUrl":"https:\/\/expressometro.mx\/wp-content\/uploads\/2022\/10\/8.jpg","width":1600,"height":1200},{"@type":"BreadcrumbList","@id":"https:\/\/expressometro.mx\/index.php\/2022\/09\/27\/jiquipilco-de-fiesta-por-su-bicentenario\/#breadcrumb","itemListElement":[{"@type":"ListItem","position":1,"name":"Inicio","item":"https:\/\/expressometro.mx\/"},{"@type":"ListItem","position":2,"name":"JIQUIPILCO DE FIESTA POR SU BICENTENARIO"}]},{"@type":"WebSite","@id":"https:\/\/expressometro.mx\/#website","url":"https:\/\/expressometro.mx\/","name":"Expresso Metropolitano","description":"Periodismo comprometido, informaci\u00f3n, investigaci\u00f3n y an\u00e1lisis","publisher":{"@id":"https:\/\/expressometro.mx\/#organization"},"potentialAction":[{"@type":"SearchAction","target":{"@type":"EntryPoint","urlTemplate":"https:\/\/expressometro.mx\/?s={search_term_string}"},"query-input":{"@type":"PropertyValueSpecification","valueRequired":true,"valueName":"search_term_string"}}],"inLanguage":"es"},{"@type":"Organization","@id":"https:\/\/expressometro.mx\/#organization","name":"Expresso Metropolitano","url":"https:\/\/expressometro.mx\/","logo":{"@type":"ImageObject","inLanguage":"es","@id":"https:\/\/expressometro.mx\/#\/schema\/logo\/image\/","url":"https:\/\/expressometro.mx\/wp-content\/uploads\/2019\/07\/cropped-Logo-Expresso-Metropolitano-1-1.jpeg","contentUrl":"https:\/\/expressometro.mx\/wp-content\/uploads\/2019\/07\/cropped-Logo-Expresso-Metropolitano-1-1.jpeg","width":290,"height":73,"caption":"Expresso Metropolitano"},"image":{"@id":"https:\/\/expressometro.mx\/#\/schema\/logo\/image\/"}},{"@type":"Person","@id":"https:\/\/expressometro.mx\/#\/schema\/person\/efa971b4a0664db8ed5c22b1b0dd2f5d","name":"Expresso Metropolitano","image":{"@type":"ImageObject","inLanguage":"es","@id":"https:\/\/secure.gravatar.com\/avatar\/a89f802b8de18c6952f223c88d3d106e9e3679839f4e25a02f4a6cc2ae6ba3b3?s=96&d=mm&r=g","url":"https:\/\/secure.gravatar.com\/avatar\/a89f802b8de18c6952f223c88d3d106e9e3679839f4e25a02f4a6cc2ae6ba3b3?s=96&d=mm&r=g","contentUrl":"https:\/\/secure.gravatar.com\/avatar\/a89f802b8de18c6952f223c88d3d106e9e3679839f4e25a02f4a6cc2ae6ba3b3?s=96&d=mm&r=g","caption":"Expresso Metropolitano"},"url":"https:\/\/expressometro.mx\/index.php\/author\/diego\/"}]}},"amp_enabled":true,"_links":{"self":[{"href":"https:\/\/expressometro.mx\/index.php\/wp-json\/wp\/v2\/posts\/6607","targetHints":{"allow":["GET"]}}],"collection":[{"href":"https:\/\/expressometro.mx\/index.php\/wp-json\/wp\/v2\/posts"}],"about":[{"href":"https:\/\/expressometro.mx\/index.php\/wp-json\/wp\/v2\/types\/post"}],"author":[{"embeddable":true,"href":"https:\/\/expressometro.mx\/index.php\/wp-json\/wp\/v2\/users\/1"}],"replies":[{"embeddable":true,"href":"https:\/\/expressometro.mx\/index.php\/wp-json\/wp\/v2\/comments?post=6607"}],"version-history":[{"count":1,"href":"https:\/\/expressometro.mx\/index.php\/wp-json\/wp\/v2\/posts\/6607\/revisions"}],"predecessor-version":[{"id":6610,"href":"https:\/\/expressometro.mx\/index.php\/wp-json\/wp\/v2\/posts\/6607\/revisions\/6610"}],"wp:featuredmedia":[{"embeddable":true,"href":"https:\/\/expressometro.mx\/index.php\/wp-json\/wp\/v2\/media\/6609"}],"wp:attachment":[{"href":"https:\/\/expressometro.mx\/index.php\/wp-json\/wp\/v2\/media?parent=6607"}],"wp:term":[{"taxonomy":"category","embeddable":true,"href":"https:\/\/expressometro.mx\/index.php\/wp-json\/wp\/v2\/categories?post=6607"},{"taxonomy":"post_tag","embeddable":true,"href":"https:\/\/expressometro.mx\/index.php\/wp-json\/wp\/v2\/tags?post=6607"}],"curies":[{"name":"wp","href":"https:\/\/api.w.org\/{rel}","templated":true}]}}