{"id":6592,"date":"2022-10-06T19:18:00","date_gmt":"2022-10-07T00:18:00","guid":{"rendered":"https:\/\/expressometro.mx\/?p=6592"},"modified":"2022-10-09T19:28:48","modified_gmt":"2022-10-10T00:28:48","slug":"mantiene-campo-mexiquense-liderazgo-en-produccion-agricola","status":"publish","type":"post","link":"https:\/\/expressometro.mx\/index.php\/2022\/10\/06\/mantiene-campo-mexiquense-liderazgo-en-produccion-agricola\/","title":{"rendered":"MANTIENE CAMPO MEXIQUENSE LIDERAZGO EN PRODUCCI\u00d3N AGR\u00cdCOLA"},"content":{"rendered":"\n<p><\/p>\n\n\n\n<p>\u2022 Acude Leticia Mej\u00eda, titular de la Secretar\u00eda del Campo, al Pleno de la LXI Legislatura para puntualizar los logros se\u00f1alados en el Quinto Informe de Resultados del Gobernador Alfredo Del Mazo.<\/p>\n\n\n\n<p>\u2022 Informa que, en cinco a\u00f1os, se han construido y rehabilitado cerca de 3 mil almacenamientos de agua, para el riego de m\u00e1s de 11 mil hect\u00e1reas.<\/p>\n\n\n\n<p>El campo mexiquense se mantiene como un referente nacional en la actividad agr\u00edcola y su fortaleza se manifiesta en su liderazgo en la producci\u00f3n flor\u00edcola, de avena grano, ch\u00edcharo, haba, tuna, ovinos, trucha, carpa y \u00e1rboles de navidad, as\u00ed como ma\u00edz de grano y forrajero, aguacate, amaranto, avena forrajera, papa y cebada grano, se\u00f1al\u00f3 Leticia Mej\u00eda Garc\u00eda, Secretaria del Campo estatal, al acudir, ante el pleno de la LXI Legislatura local, a comparecer con motivo de la Glosa del Quinto Informe de Resultados del Gobernador Alfredo Del Mazo Maza.<\/p>\n\n\n\n<p>Ante las Diputadas y los Diputados mexiquenses, Mej\u00eda Garc\u00eda present\u00f3 los avances obtenidos a lo largo de esta administraci\u00f3n en materia agropecuaria, que permitieron que el campo mexiquense, con una superficie de 772 mil hect\u00e1reas dedicadas al cultivo, sea reconocido a nivel nacional por la calidad de sus productos.<\/p>\n\n\n\n<p>La titular del Campo en la entidad record\u00f3 que desde el inicio de la administraci\u00f3n del Gobernador Alfredo Del Mazo se coloc\u00f3 al campo como un tema prioritario, por lo que en estos cinco a\u00f1os se le han destinado m\u00e1s de 5 mil 500 millones de pesos en beneficio de las familias campesinas.<\/p>\n\n\n\n<p>El Gobierno del Estado de M\u00e9xico, explic\u00f3, ha implementado pol\u00edticas p\u00fablicas que impulsan el desarrollo del campo mexiquense, a trav\u00e9s del acompa\u00f1amiento t\u00e9cnico a productores, el fomento a la investigaci\u00f3n y la transferencia cient\u00edfica y tecnol\u00f3gica, as\u00ed como a trav\u00e9s de pr\u00e1cticas de sanidad y acciones de comercializaci\u00f3n, contribuyendo al desarrollo sustentable, la inocuidad y la eficiencia agropecuaria.<\/p>\n\n\n\n<p>Record\u00f3 que para respaldar este esfuerzo de las familias campesinas, el Gobierno de la entidad ha fortalecido programas de cultivos estrat\u00e9gicos como aguacate, flor, agave mezcalero y cebada maltera, as\u00ed como en la producci\u00f3n de ma\u00edz, a trav\u00e9s de la Tarjeta para el Campo Mexiquense, con la que m\u00e1s de 102 mil beneficiarios han adquirido insumos como fertilizantes y semilla mejorada para aumentar su producci\u00f3n, dijo.<\/p>\n\n\n\n<p>Entre los principales logros, resalt\u00f3 que hoy la entidad mantiene el primer lugar en producci\u00f3n flor\u00edcola, impulsando adem\u00e1s la investigaci\u00f3n y transferencia en este rubro, a trav\u00e9s del desarrollo de cuatro nuevas variedades de rosa y la evaluaci\u00f3n de 60 c\u00f3digos gen\u00e9ticos con potencial para obtener nuevas variedades de flor.<\/p>\n\n\n\n<p>Adem\u00e1s, coment\u00f3 que la inversi\u00f3n estatal en el segmento mezcalero permiti\u00f3 duplicar la producci\u00f3n estatal de este producto, mientras que, en dos de los cinco a\u00f1os de esta administraci\u00f3n, se han registrado los vol\u00famenes de producci\u00f3n m\u00e1s alto de cebada en 10 a\u00f1os, en tanto que se han producido y distribuido entre los acuicultores mexiquenses organismos de carpa, trucha, tilapia, bagre, lobina y rana toro.<\/p>\n\n\n\n<p>Refiri\u00f3 que, en estos cinco a\u00f1os de gobierno, se han construido y rehabilitado cerca de 3 mil almacenamientos de agua, para garantizar el riego de m\u00e1s de 11 mil hect\u00e1reas.<\/p>\n\n\n\n<figure class=\"wp-block-image size-large\"><img decoding=\"async\" width=\"320\" height=\"480\" src=\"https:\/\/expressometro.mx\/wp-content\/uploads\/2022\/10\/Edomex-Lety-Mejia-051022-1-320x480.jpg\" alt=\"\" class=\"wp-image-6595\" srcset=\"https:\/\/expressometro.mx\/wp-content\/uploads\/2022\/10\/Edomex-Lety-Mejia-051022-1-320x480.jpg 320w, https:\/\/expressometro.mx\/wp-content\/uploads\/2022\/10\/Edomex-Lety-Mejia-051022-1-243x365.jpg 243w, https:\/\/expressometro.mx\/wp-content\/uploads\/2022\/10\/Edomex-Lety-Mejia-051022-1.jpg 682w\" sizes=\"(max-width: 320px) 100vw, 320px\" \/><\/figure>\n\n\n\n<p>De igual forma, la entidad presenta importantes vocaciones regionales como floricultura, carne bovina y aguacate en el sur; nopal, tuna y ovinos en el oriente; l\u00e1cteos en la zona norte; ma\u00edz en el norponiente; y hortalizas y acuacultura en casi todo el territorio estatal.<\/p>\n\n\n\n<p>Mej\u00eda Garc\u00eda resalt\u00f3 el papel y el compromiso que las y los productores mexiquenses han hecho para mantener la producci\u00f3n agr\u00edcola en los primeros lugares de producci\u00f3n a nivel nacional, as\u00ed como el trabajo interinstitucional con diferentes instancias de gobierno, acad\u00e9micos, campesinos y sociedad civil para integrar acciones que atiendan los grandes retos de este sector.<\/p>\n\n\n\n<p>Adem\u00e1s, reconoci\u00f3 el respaldo desde el gobierno de la entidad para impulsar, a trav\u00e9s de la Protectora de Bosques (Probosque), la preservaci\u00f3n de los bosques mexiquenses, que conforman el 48 por ciento del total de territorio.<\/p>\n\n\n\n<p>En este sentido, precis\u00f3 que, durante esta administraci\u00f3n, se han fortalecido las capacidades estatales en el manejo forestal y de combate a incendios, lo que permitir\u00e1 alcanzar la meta de 90 mil hect\u00e1reas reforestadas.<\/p>\n\n\n\n<p>Finalmente, Leticia Mej\u00eda refrend\u00f3 ante el pleno de la Legislatura local el compromiso de esta administraci\u00f3n por plantear soluciones viables y eficientes para el adecuado aprovechamiento de los recursos con los que cuenta la entidad.<\/p>\n\n\n\n<p>En su mensaje, Miguel \u00c1ngel Rivero Carbajal, Secretario de Vinculaci\u00f3n con la Sociedad, resalt\u00f3 que el PRI trabaja con las organizaciones civiles para construir un puente de comunicaci\u00f3n y atenci\u00f3n, \u201csus causas sociales son muy importantes, lo que nos permitir\u00e1 forjar una plataforma electoral competitiva\u201d.<\/p>\n\n\n\n<p>Ante la disminuci\u00f3n de la participaci\u00f3n econ\u00f3mica del gobierno federal destinados para las organizaciones de la sociedad civil, puntualiz\u00f3 que son un sector muy golpeado, \u201cel partido impulsa las alianzas institucionales por las necesidades que tienen como grupos organizados, sus causas son las nuestras\u201d, finaliz\u00f3.<\/p>\n","protected":false},"excerpt":{"rendered":"<p>El campo mexiquense se mantiene como un referente nacional en la actividad agr\u00edcola y su fortaleza se manifiesta en su liderazgo en la producci\u00f3n flor\u00edcola, de avena grano, ch\u00edcharo, haba, tuna, ovinos, trucha, carpa y \u00e1rboles de navidad, as\u00ed como ma\u00edz de grano y forrajero, aguacate, amaranto, avena forrajera, papa y cebada grano, se\u00f1al\u00f3 Leticia Mej\u00eda Garc\u00eda, Secretaria del Campo estatal, al acudir, ante el pleno de la LXI Legislatura local, a comparecer con motivo de la Glosa del Quinto Informe de Resultados del Gobernador Alfredo Del Mazo Maza.<\/p>\n","protected":false},"author":1,"featured_media":6594,"comment_status":"open","ping_status":"open","sticky":false,"template":"","format":"standard","meta":{"footnotes":""},"categories":[4,3,1,231],"tags":[87,86,1069,158],"class_list":["post-6592","post","type-post","status-publish","format-standard","has-post-thumbnail","hentry","category-finanzas","category-gobierno","category-otros","category-politica","tag-alfredo-del-mazo","tag-gem","tag-leticia-mejia","tag-pri"],"yoast_head":"<!-- This site is optimized with the Yoast SEO plugin v27.4 - https:\/\/yoast.com\/product\/yoast-seo-wordpress\/ -->\n<title>MANTIENE CAMPO MEXIQUENSE LIDERAZGO EN PRODUCCI\u00d3N AGR\u00cdCOLA - Expresso Metropolitano<\/title>\n<meta name=\"robots\" content=\"index, follow, max-snippet:-1, max-image-preview:large, max-video-preview:-1\" \/>\n<link rel=\"canonical\" href=\"https:\/\/expressometro.mx\/index.php\/2022\/10\/06\/mantiene-campo-mexiquense-liderazgo-en-produccion-agricola\/\" \/>\n<meta property=\"og:locale\" content=\"es_MX\" \/>\n<meta property=\"og:type\" content=\"article\" \/>\n<meta property=\"og:title\" content=\"MANTIENE CAMPO MEXIQUENSE LIDERAZGO EN PRODUCCI\u00d3N AGR\u00cdCOLA - Expresso Metropolitano\" \/>\n<meta property=\"og:description\" content=\"El campo mexiquense se mantiene como un referente nacional en la actividad agr\u00edcola y su fortaleza se manifiesta en su liderazgo en la producci\u00f3n flor\u00edcola, de avena grano, ch\u00edcharo, haba, tuna, ovinos, trucha, carpa y \u00e1rboles de navidad, as\u00ed como ma\u00edz de grano y forrajero, aguacate, amaranto, avena forrajera, papa y cebada grano, se\u00f1al\u00f3 Leticia Mej\u00eda Garc\u00eda, Secretaria del Campo estatal, al acudir, ante el pleno de la LXI Legislatura local, a comparecer con motivo de la Glosa del Quinto Informe de Resultados del Gobernador Alfredo Del Mazo Maza.\" \/>\n<meta property=\"og:url\" content=\"https:\/\/expressometro.mx\/index.php\/2022\/10\/06\/mantiene-campo-mexiquense-liderazgo-en-produccion-agricola\/\" \/>\n<meta property=\"og:site_name\" content=\"Expresso Metropolitano\" \/>\n<meta property=\"article:published_time\" content=\"2022-10-07T00:18:00+00:00\" \/>\n<meta property=\"article:modified_time\" content=\"2022-10-10T00:28:48+00:00\" \/>\n<meta property=\"og:image\" content=\"http:\/\/expressometro.mx\/wp-content\/uploads\/2022\/10\/Edomex-Lety-Mejia-051022-6.jpg\" \/>\n\t<meta property=\"og:image:width\" content=\"1024\" \/>\n\t<meta property=\"og:image:height\" content=\"682\" \/>\n\t<meta property=\"og:image:type\" content=\"image\/jpeg\" \/>\n<meta name=\"author\" content=\"Expresso Metropolitano\" \/>\n<meta name=\"twitter:label1\" content=\"Escrito por\" \/>\n\t<meta name=\"twitter:data1\" content=\"Expresso Metropolitano\" \/>\n\t<meta name=\"twitter:label2\" content=\"Tiempo de lectura\" \/>\n\t<meta name=\"twitter:data2\" content=\"4 minutos\" \/>\n<script type=\"application\/ld+json\" class=\"yoast-schema-graph\">{\"@context\":\"https:\\\/\\\/schema.org\",\"@graph\":[{\"@type\":\"Article\",\"@id\":\"https:\\\/\\\/expressometro.mx\\\/index.php\\\/2022\\\/10\\\/06\\\/mantiene-campo-mexiquense-liderazgo-en-produccion-agricola\\\/#article\",\"isPartOf\":{\"@id\":\"https:\\\/\\\/expressometro.mx\\\/index.php\\\/2022\\\/10\\\/06\\\/mantiene-campo-mexiquense-liderazgo-en-produccion-agricola\\\/\"},\"author\":{\"name\":\"Expresso Metropolitano\",\"@id\":\"https:\\\/\\\/expressometro.mx\\\/#\\\/schema\\\/person\\\/efa971b4a0664db8ed5c22b1b0dd2f5d\"},\"headline\":\"MANTIENE CAMPO MEXIQUENSE LIDERAZGO EN PRODUCCI\u00d3N AGR\u00cdCOLA\",\"datePublished\":\"2022-10-07T00:18:00+00:00\",\"dateModified\":\"2022-10-10T00:28:48+00:00\",\"mainEntityOfPage\":{\"@id\":\"https:\\\/\\\/expressometro.mx\\\/index.php\\\/2022\\\/10\\\/06\\\/mantiene-campo-mexiquense-liderazgo-en-produccion-agricola\\\/\"},\"wordCount\":889,\"commentCount\":0,\"publisher\":{\"@id\":\"https:\\\/\\\/expressometro.mx\\\/#organization\"},\"image\":{\"@id\":\"https:\\\/\\\/expressometro.mx\\\/index.php\\\/2022\\\/10\\\/06\\\/mantiene-campo-mexiquense-liderazgo-en-produccion-agricola\\\/#primaryimage\"},\"thumbnailUrl\":\"https:\\\/\\\/expressometro.mx\\\/wp-content\\\/uploads\\\/2022\\\/10\\\/Edomex-Lety-Mejia-051022-6.jpg\",\"keywords\":[\"Alfredo del Mazo\",\"GEM\",\"Leticia Mej\u00eda\",\"PRI\"],\"articleSection\":[\"Finanzas\",\"Gobierno\",\"Otros\",\"Pol\u00edtica\"],\"inLanguage\":\"es\",\"potentialAction\":[{\"@type\":\"CommentAction\",\"name\":\"Comment\",\"target\":[\"https:\\\/\\\/expressometro.mx\\\/index.php\\\/2022\\\/10\\\/06\\\/mantiene-campo-mexiquense-liderazgo-en-produccion-agricola\\\/#respond\"]}]},{\"@type\":\"WebPage\",\"@id\":\"https:\\\/\\\/expressometro.mx\\\/index.php\\\/2022\\\/10\\\/06\\\/mantiene-campo-mexiquense-liderazgo-en-produccion-agricola\\\/\",\"url\":\"https:\\\/\\\/expressometro.mx\\\/index.php\\\/2022\\\/10\\\/06\\\/mantiene-campo-mexiquense-liderazgo-en-produccion-agricola\\\/\",\"name\":\"MANTIENE CAMPO MEXIQUENSE LIDERAZGO EN PRODUCCI\u00d3N AGR\u00cdCOLA - Expresso Metropolitano\",\"isPartOf\":{\"@id\":\"https:\\\/\\\/expressometro.mx\\\/#website\"},\"primaryImageOfPage\":{\"@id\":\"https:\\\/\\\/expressometro.mx\\\/index.php\\\/2022\\\/10\\\/06\\\/mantiene-campo-mexiquense-liderazgo-en-produccion-agricola\\\/#primaryimage\"},\"image\":{\"@id\":\"https:\\\/\\\/expressometro.mx\\\/index.php\\\/2022\\\/10\\\/06\\\/mantiene-campo-mexiquense-liderazgo-en-produccion-agricola\\\/#primaryimage\"},\"thumbnailUrl\":\"https:\\\/\\\/expressometro.mx\\\/wp-content\\\/uploads\\\/2022\\\/10\\\/Edomex-Lety-Mejia-051022-6.jpg\",\"datePublished\":\"2022-10-07T00:18:00+00:00\",\"dateModified\":\"2022-10-10T00:28:48+00:00\",\"breadcrumb\":{\"@id\":\"https:\\\/\\\/expressometro.mx\\\/index.php\\\/2022\\\/10\\\/06\\\/mantiene-campo-mexiquense-liderazgo-en-produccion-agricola\\\/#breadcrumb\"},\"inLanguage\":\"es\",\"potentialAction\":[{\"@type\":\"ReadAction\",\"target\":[\"https:\\\/\\\/expressometro.mx\\\/index.php\\\/2022\\\/10\\\/06\\\/mantiene-campo-mexiquense-liderazgo-en-produccion-agricola\\\/\"]}]},{\"@type\":\"ImageObject\",\"inLanguage\":\"es\",\"@id\":\"https:\\\/\\\/expressometro.mx\\\/index.php\\\/2022\\\/10\\\/06\\\/mantiene-campo-mexiquense-liderazgo-en-produccion-agricola\\\/#primaryimage\",\"url\":\"https:\\\/\\\/expressometro.mx\\\/wp-content\\\/uploads\\\/2022\\\/10\\\/Edomex-Lety-Mejia-051022-6.jpg\",\"contentUrl\":\"https:\\\/\\\/expressometro.mx\\\/wp-content\\\/uploads\\\/2022\\\/10\\\/Edomex-Lety-Mejia-051022-6.jpg\",\"width\":1024,\"height\":682},{\"@type\":\"BreadcrumbList\",\"@id\":\"https:\\\/\\\/expressometro.mx\\\/index.php\\\/2022\\\/10\\\/06\\\/mantiene-campo-mexiquense-liderazgo-en-produccion-agricola\\\/#breadcrumb\",\"itemListElement\":[{\"@type\":\"ListItem\",\"position\":1,\"name\":\"Inicio\",\"item\":\"https:\\\/\\\/expressometro.mx\\\/\"},{\"@type\":\"ListItem\",\"position\":2,\"name\":\"MANTIENE CAMPO MEXIQUENSE LIDERAZGO EN PRODUCCI\u00d3N AGR\u00cdCOLA\"}]},{\"@type\":\"WebSite\",\"@id\":\"https:\\\/\\\/expressometro.mx\\\/#website\",\"url\":\"https:\\\/\\\/expressometro.mx\\\/\",\"name\":\"Expresso Metropolitano\",\"description\":\"Periodismo comprometido, informaci\u00f3n, investigaci\u00f3n y an\u00e1lisis\",\"publisher\":{\"@id\":\"https:\\\/\\\/expressometro.mx\\\/#organization\"},\"potentialAction\":[{\"@type\":\"SearchAction\",\"target\":{\"@type\":\"EntryPoint\",\"urlTemplate\":\"https:\\\/\\\/expressometro.mx\\\/?s={search_term_string}\"},\"query-input\":{\"@type\":\"PropertyValueSpecification\",\"valueRequired\":true,\"valueName\":\"search_term_string\"}}],\"inLanguage\":\"es\"},{\"@type\":\"Organization\",\"@id\":\"https:\\\/\\\/expressometro.mx\\\/#organization\",\"name\":\"Expresso Metropolitano\",\"url\":\"https:\\\/\\\/expressometro.mx\\\/\",\"logo\":{\"@type\":\"ImageObject\",\"inLanguage\":\"es\",\"@id\":\"https:\\\/\\\/expressometro.mx\\\/#\\\/schema\\\/logo\\\/image\\\/\",\"url\":\"https:\\\/\\\/expressometro.mx\\\/wp-content\\\/uploads\\\/2019\\\/07\\\/cropped-Logo-Expresso-Metropolitano-1-1.jpeg\",\"contentUrl\":\"https:\\\/\\\/expressometro.mx\\\/wp-content\\\/uploads\\\/2019\\\/07\\\/cropped-Logo-Expresso-Metropolitano-1-1.jpeg\",\"width\":290,\"height\":73,\"caption\":\"Expresso Metropolitano\"},\"image\":{\"@id\":\"https:\\\/\\\/expressometro.mx\\\/#\\\/schema\\\/logo\\\/image\\\/\"}},{\"@type\":\"Person\",\"@id\":\"https:\\\/\\\/expressometro.mx\\\/#\\\/schema\\\/person\\\/efa971b4a0664db8ed5c22b1b0dd2f5d\",\"name\":\"Expresso Metropolitano\",\"image\":{\"@type\":\"ImageObject\",\"inLanguage\":\"es\",\"@id\":\"https:\\\/\\\/secure.gravatar.com\\\/avatar\\\/a89f802b8de18c6952f223c88d3d106e9e3679839f4e25a02f4a6cc2ae6ba3b3?s=96&d=mm&r=g\",\"url\":\"https:\\\/\\\/secure.gravatar.com\\\/avatar\\\/a89f802b8de18c6952f223c88d3d106e9e3679839f4e25a02f4a6cc2ae6ba3b3?s=96&d=mm&r=g\",\"contentUrl\":\"https:\\\/\\\/secure.gravatar.com\\\/avatar\\\/a89f802b8de18c6952f223c88d3d106e9e3679839f4e25a02f4a6cc2ae6ba3b3?s=96&d=mm&r=g\",\"caption\":\"Expresso Metropolitano\"},\"url\":\"https:\\\/\\\/expressometro.mx\\\/index.php\\\/author\\\/diego\\\/\"}]}<\/script>\n<!-- \/ Yoast SEO plugin. -->","yoast_head_json":{"title":"MANTIENE CAMPO MEXIQUENSE LIDERAZGO EN PRODUCCI\u00d3N AGR\u00cdCOLA - Expresso Metropolitano","robots":{"index":"index","follow":"follow","max-snippet":"max-snippet:-1","max-image-preview":"max-image-preview:large","max-video-preview":"max-video-preview:-1"},"canonical":"https:\/\/expressometro.mx\/index.php\/2022\/10\/06\/mantiene-campo-mexiquense-liderazgo-en-produccion-agricola\/","og_locale":"es_MX","og_type":"article","og_title":"MANTIENE CAMPO MEXIQUENSE LIDERAZGO EN PRODUCCI\u00d3N AGR\u00cdCOLA - Expresso Metropolitano","og_description":"El campo mexiquense se mantiene como un referente nacional en la actividad agr\u00edcola y su fortaleza se manifiesta en su liderazgo en la producci\u00f3n flor\u00edcola, de avena grano, ch\u00edcharo, haba, tuna, ovinos, trucha, carpa y \u00e1rboles de navidad, as\u00ed como ma\u00edz de grano y forrajero, aguacate, amaranto, avena forrajera, papa y cebada grano, se\u00f1al\u00f3 Leticia Mej\u00eda Garc\u00eda, Secretaria del Campo estatal, al acudir, ante el pleno de la LXI Legislatura local, a comparecer con motivo de la Glosa del Quinto Informe de Resultados del Gobernador Alfredo Del Mazo Maza.","og_url":"https:\/\/expressometro.mx\/index.php\/2022\/10\/06\/mantiene-campo-mexiquense-liderazgo-en-produccion-agricola\/","og_site_name":"Expresso Metropolitano","article_published_time":"2022-10-07T00:18:00+00:00","article_modified_time":"2022-10-10T00:28:48+00:00","og_image":[{"width":1024,"height":682,"url":"http:\/\/expressometro.mx\/wp-content\/uploads\/2022\/10\/Edomex-Lety-Mejia-051022-6.jpg","type":"image\/jpeg"}],"author":"Expresso Metropolitano","twitter_misc":{"Escrito por":"Expresso Metropolitano","Tiempo de lectura":"4 minutos"},"schema":{"@context":"https:\/\/schema.org","@graph":[{"@type":"Article","@id":"https:\/\/expressometro.mx\/index.php\/2022\/10\/06\/mantiene-campo-mexiquense-liderazgo-en-produccion-agricola\/#article","isPartOf":{"@id":"https:\/\/expressometro.mx\/index.php\/2022\/10\/06\/mantiene-campo-mexiquense-liderazgo-en-produccion-agricola\/"},"author":{"name":"Expresso Metropolitano","@id":"https:\/\/expressometro.mx\/#\/schema\/person\/efa971b4a0664db8ed5c22b1b0dd2f5d"},"headline":"MANTIENE CAMPO MEXIQUENSE LIDERAZGO EN PRODUCCI\u00d3N AGR\u00cdCOLA","datePublished":"2022-10-07T00:18:00+00:00","dateModified":"2022-10-10T00:28:48+00:00","mainEntityOfPage":{"@id":"https:\/\/expressometro.mx\/index.php\/2022\/10\/06\/mantiene-campo-mexiquense-liderazgo-en-produccion-agricola\/"},"wordCount":889,"commentCount":0,"publisher":{"@id":"https:\/\/expressometro.mx\/#organization"},"image":{"@id":"https:\/\/expressometro.mx\/index.php\/2022\/10\/06\/mantiene-campo-mexiquense-liderazgo-en-produccion-agricola\/#primaryimage"},"thumbnailUrl":"https:\/\/expressometro.mx\/wp-content\/uploads\/2022\/10\/Edomex-Lety-Mejia-051022-6.jpg","keywords":["Alfredo del Mazo","GEM","Leticia Mej\u00eda","PRI"],"articleSection":["Finanzas","Gobierno","Otros","Pol\u00edtica"],"inLanguage":"es","potentialAction":[{"@type":"CommentAction","name":"Comment","target":["https:\/\/expressometro.mx\/index.php\/2022\/10\/06\/mantiene-campo-mexiquense-liderazgo-en-produccion-agricola\/#respond"]}]},{"@type":"WebPage","@id":"https:\/\/expressometro.mx\/index.php\/2022\/10\/06\/mantiene-campo-mexiquense-liderazgo-en-produccion-agricola\/","url":"https:\/\/expressometro.mx\/index.php\/2022\/10\/06\/mantiene-campo-mexiquense-liderazgo-en-produccion-agricola\/","name":"MANTIENE CAMPO MEXIQUENSE LIDERAZGO EN PRODUCCI\u00d3N AGR\u00cdCOLA - Expresso Metropolitano","isPartOf":{"@id":"https:\/\/expressometro.mx\/#website"},"primaryImageOfPage":{"@id":"https:\/\/expressometro.mx\/index.php\/2022\/10\/06\/mantiene-campo-mexiquense-liderazgo-en-produccion-agricola\/#primaryimage"},"image":{"@id":"https:\/\/expressometro.mx\/index.php\/2022\/10\/06\/mantiene-campo-mexiquense-liderazgo-en-produccion-agricola\/#primaryimage"},"thumbnailUrl":"https:\/\/expressometro.mx\/wp-content\/uploads\/2022\/10\/Edomex-Lety-Mejia-051022-6.jpg","datePublished":"2022-10-07T00:18:00+00:00","dateModified":"2022-10-10T00:28:48+00:00","breadcrumb":{"@id":"https:\/\/expressometro.mx\/index.php\/2022\/10\/06\/mantiene-campo-mexiquense-liderazgo-en-produccion-agricola\/#breadcrumb"},"inLanguage":"es","potentialAction":[{"@type":"ReadAction","target":["https:\/\/expressometro.mx\/index.php\/2022\/10\/06\/mantiene-campo-mexiquense-liderazgo-en-produccion-agricola\/"]}]},{"@type":"ImageObject","inLanguage":"es","@id":"https:\/\/expressometro.mx\/index.php\/2022\/10\/06\/mantiene-campo-mexiquense-liderazgo-en-produccion-agricola\/#primaryimage","url":"https:\/\/expressometro.mx\/wp-content\/uploads\/2022\/10\/Edomex-Lety-Mejia-051022-6.jpg","contentUrl":"https:\/\/expressometro.mx\/wp-content\/uploads\/2022\/10\/Edomex-Lety-Mejia-051022-6.jpg","width":1024,"height":682},{"@type":"BreadcrumbList","@id":"https:\/\/expressometro.mx\/index.php\/2022\/10\/06\/mantiene-campo-mexiquense-liderazgo-en-produccion-agricola\/#breadcrumb","itemListElement":[{"@type":"ListItem","position":1,"name":"Inicio","item":"https:\/\/expressometro.mx\/"},{"@type":"ListItem","position":2,"name":"MANTIENE CAMPO MEXIQUENSE LIDERAZGO EN PRODUCCI\u00d3N AGR\u00cdCOLA"}]},{"@type":"WebSite","@id":"https:\/\/expressometro.mx\/#website","url":"https:\/\/expressometro.mx\/","name":"Expresso Metropolitano","description":"Periodismo comprometido, informaci\u00f3n, investigaci\u00f3n y an\u00e1lisis","publisher":{"@id":"https:\/\/expressometro.mx\/#organization"},"potentialAction":[{"@type":"SearchAction","target":{"@type":"EntryPoint","urlTemplate":"https:\/\/expressometro.mx\/?s={search_term_string}"},"query-input":{"@type":"PropertyValueSpecification","valueRequired":true,"valueName":"search_term_string"}}],"inLanguage":"es"},{"@type":"Organization","@id":"https:\/\/expressometro.mx\/#organization","name":"Expresso Metropolitano","url":"https:\/\/expressometro.mx\/","logo":{"@type":"ImageObject","inLanguage":"es","@id":"https:\/\/expressometro.mx\/#\/schema\/logo\/image\/","url":"https:\/\/expressometro.mx\/wp-content\/uploads\/2019\/07\/cropped-Logo-Expresso-Metropolitano-1-1.jpeg","contentUrl":"https:\/\/expressometro.mx\/wp-content\/uploads\/2019\/07\/cropped-Logo-Expresso-Metropolitano-1-1.jpeg","width":290,"height":73,"caption":"Expresso Metropolitano"},"image":{"@id":"https:\/\/expressometro.mx\/#\/schema\/logo\/image\/"}},{"@type":"Person","@id":"https:\/\/expressometro.mx\/#\/schema\/person\/efa971b4a0664db8ed5c22b1b0dd2f5d","name":"Expresso Metropolitano","image":{"@type":"ImageObject","inLanguage":"es","@id":"https:\/\/secure.gravatar.com\/avatar\/a89f802b8de18c6952f223c88d3d106e9e3679839f4e25a02f4a6cc2ae6ba3b3?s=96&d=mm&r=g","url":"https:\/\/secure.gravatar.com\/avatar\/a89f802b8de18c6952f223c88d3d106e9e3679839f4e25a02f4a6cc2ae6ba3b3?s=96&d=mm&r=g","contentUrl":"https:\/\/secure.gravatar.com\/avatar\/a89f802b8de18c6952f223c88d3d106e9e3679839f4e25a02f4a6cc2ae6ba3b3?s=96&d=mm&r=g","caption":"Expresso Metropolitano"},"url":"https:\/\/expressometro.mx\/index.php\/author\/diego\/"}]}},"amp_enabled":true,"_links":{"self":[{"href":"https:\/\/expressometro.mx\/index.php\/wp-json\/wp\/v2\/posts\/6592","targetHints":{"allow":["GET"]}}],"collection":[{"href":"https:\/\/expressometro.mx\/index.php\/wp-json\/wp\/v2\/posts"}],"about":[{"href":"https:\/\/expressometro.mx\/index.php\/wp-json\/wp\/v2\/types\/post"}],"author":[{"embeddable":true,"href":"https:\/\/expressometro.mx\/index.php\/wp-json\/wp\/v2\/users\/1"}],"replies":[{"embeddable":true,"href":"https:\/\/expressometro.mx\/index.php\/wp-json\/wp\/v2\/comments?post=6592"}],"version-history":[{"count":1,"href":"https:\/\/expressometro.mx\/index.php\/wp-json\/wp\/v2\/posts\/6592\/revisions"}],"predecessor-version":[{"id":6596,"href":"https:\/\/expressometro.mx\/index.php\/wp-json\/wp\/v2\/posts\/6592\/revisions\/6596"}],"wp:featuredmedia":[{"embeddable":true,"href":"https:\/\/expressometro.mx\/index.php\/wp-json\/wp\/v2\/media\/6594"}],"wp:attachment":[{"href":"https:\/\/expressometro.mx\/index.php\/wp-json\/wp\/v2\/media?parent=6592"}],"wp:term":[{"taxonomy":"category","embeddable":true,"href":"https:\/\/expressometro.mx\/index.php\/wp-json\/wp\/v2\/categories?post=6592"},{"taxonomy":"post_tag","embeddable":true,"href":"https:\/\/expressometro.mx\/index.php\/wp-json\/wp\/v2\/tags?post=6592"}],"curies":[{"name":"wp","href":"https:\/\/api.w.org\/{rel}","templated":true}]}}