{"id":6547,"date":"2022-10-05T09:57:32","date_gmt":"2022-10-05T14:57:32","guid":{"rendered":"https:\/\/expressometro.mx\/?p=6547"},"modified":"2022-10-05T09:57:33","modified_gmt":"2022-10-05T14:57:33","slug":"calle-por-calle-ganaremos-la-gubernatura-eric-sevilla","status":"publish","type":"post","link":"https:\/\/expressometro.mx\/index.php\/2022\/10\/05\/calle-por-calle-ganaremos-la-gubernatura-eric-sevilla\/","title":{"rendered":"CALLE POR CALLE GANAREMOS LA GUBERNATURA: ERIC SEVILLA"},"content":{"rendered":"\n<p><\/p>\n\n\n\n<p>\u2022 M\u00e1s de 100 mil priistas que integran las estructuras seccionales, comit\u00e9s municipales, sectores y organizaciones del partido defender\u00e1n nuestra casa, destac\u00f3 el l\u00edder partidista.<\/p>\n\n\n\n<p>Lleg\u00f3 la hora de la verdad, el PRI del Estado de M\u00e9xico est\u00e1 listo para caminar calle por calle y ganar la gubernatura en el 2023, sostuvo el presidente del Comit\u00e9 Directivo Estatal (CDE), Eric Sevilla, al asegurar que existe un priismo que no se doblega ante cualquier circunstancia.<\/p>\n\n\n\n<p>Al evaluar el proceso de renovaci\u00f3n de las estructuras del partido, el dirigente advirti\u00f3 que existe un priismo en todo el territorio mexiquense que trabaja y se prepara para darle hoja de ruta a la patria, \u201centraremos a la madre de todas las batallas dispuestos a cumplirle al pa\u00eds y ver la luz al final del t\u00fanel\u201d.<\/p>\n\n\n\n<p>En este marco de reestructuraci\u00f3n para enfrentar la contienda electoral, Eric Sevilla dijo que el PRI camina con su propia agenda, promoviendo la unidad partidista con orden, disciplina y estrategia hacia un horizonte m\u00e1s claro para que la naci\u00f3n pueda alcanzar desarrollo y paz.<\/p>\n\n\n\n<p>El dirigente estatal manifest\u00f3 que est\u00e1 comprometido en conducir al PRI con lealtad y trabajo, \u201ctenemos una tarea superior para cuidar la democracia, el tama\u00f1o del reto exige unir nuestras fuerzas, nadie nos va dividir para defender nuestra casa en esta lucha electoral que vamos a ganar\u201d.<\/p>\n\n\n\n<p>Ante el tama\u00f1o de la desgracia nacional, el l\u00edder tricolor puntualiz\u00f3 que la militancia priista se levanta con las armas de la raz\u00f3n para no dejar pasar las ocurrencias y las improvisaciones al Estado de M\u00e9xico, \u201caqu\u00ed vamos a demostrar en junio pr\u00f3ximo el tama\u00f1o de los mexiquenses\u201d.<\/p>\n\n\n\n<p>\u201cTriunfaremos en la entidad mexiquense por nuestras familias, superando juntos al r\u00e9gimen que divide, que se manifiesta todos los d\u00edas con la mentira y en la falta de seguridad, a ese r\u00e9gimen le lleg\u00f3 la hora, debemos tener un pa\u00eds diferente y le daremos rumbo en el 2024\u201d, asever\u00f3.<\/p>\n\n\n\n<p>En el Estado de M\u00e9xico est\u00e1 fundada la esperanza del priismo nacional, por ello se construye el camino del triunfo con un proyecto viable para el pa\u00eds hacia el 2024 que integre las causas ciudadanas\u201d, finaliz\u00f3.<\/p>\n","protected":false},"excerpt":{"rendered":"<p> M\u00e1s de 100 mil priistas que integran las estructuras seccionales, comit\u00e9s municipales, sectores y organizaciones del partido defender\u00e1n nuestra casa, destac\u00f3 el l\u00edder partidista.<\/p>\n","protected":false},"author":1,"featured_media":6549,"comment_status":"open","ping_status":"open","sticky":false,"template":"","format":"standard","meta":{"footnotes":""},"categories":[3,1,231],"tags":[1461,158],"class_list":["post-6547","post","type-post","status-publish","format-standard","has-post-thumbnail","hentry","category-gobierno","category-otros","category-politica","tag-eric-sevilla","tag-pri"],"yoast_head":"<!-- This site is optimized with the Yoast SEO plugin v27.4 - https:\/\/yoast.com\/product\/yoast-seo-wordpress\/ -->\n<title>CALLE POR CALLE GANAREMOS LA GUBERNATURA: ERIC SEVILLA - Expresso Metropolitano<\/title>\n<meta name=\"robots\" content=\"index, follow, max-snippet:-1, max-image-preview:large, max-video-preview:-1\" \/>\n<link rel=\"canonical\" href=\"https:\/\/expressometro.mx\/index.php\/2022\/10\/05\/calle-por-calle-ganaremos-la-gubernatura-eric-sevilla\/\" \/>\n<meta property=\"og:locale\" content=\"es_MX\" \/>\n<meta property=\"og:type\" content=\"article\" \/>\n<meta property=\"og:title\" content=\"CALLE POR CALLE GANAREMOS LA GUBERNATURA: ERIC SEVILLA - Expresso Metropolitano\" \/>\n<meta property=\"og:description\" content=\"M\u00e1s de 100 mil priistas que integran las estructuras seccionales, comit\u00e9s municipales, sectores y organizaciones del partido defender\u00e1n nuestra casa, destac\u00f3 el l\u00edder partidista.\" \/>\n<meta property=\"og:url\" content=\"https:\/\/expressometro.mx\/index.php\/2022\/10\/05\/calle-por-calle-ganaremos-la-gubernatura-eric-sevilla\/\" \/>\n<meta property=\"og:site_name\" content=\"Expresso Metropolitano\" \/>\n<meta property=\"article:published_time\" content=\"2022-10-05T14:57:32+00:00\" \/>\n<meta property=\"article:modified_time\" content=\"2022-10-05T14:57:33+00:00\" \/>\n<meta property=\"og:image\" content=\"http:\/\/expressometro.mx\/wp-content\/uploads\/2022\/10\/Eric-Sevilla-051022.jpg\" \/>\n\t<meta property=\"og:image:width\" content=\"1024\" \/>\n\t<meta property=\"og:image:height\" content=\"683\" \/>\n\t<meta property=\"og:image:type\" content=\"image\/jpeg\" \/>\n<meta name=\"author\" content=\"Expresso Metropolitano\" \/>\n<meta name=\"twitter:label1\" content=\"Escrito por\" \/>\n\t<meta name=\"twitter:data1\" content=\"Expresso Metropolitano\" \/>\n\t<meta name=\"twitter:label2\" content=\"Tiempo de lectura\" \/>\n\t<meta name=\"twitter:data2\" content=\"2 minutos\" \/>\n<script type=\"application\/ld+json\" class=\"yoast-schema-graph\">{\"@context\":\"https:\\\/\\\/schema.org\",\"@graph\":[{\"@type\":\"Article\",\"@id\":\"https:\\\/\\\/expressometro.mx\\\/index.php\\\/2022\\\/10\\\/05\\\/calle-por-calle-ganaremos-la-gubernatura-eric-sevilla\\\/#article\",\"isPartOf\":{\"@id\":\"https:\\\/\\\/expressometro.mx\\\/index.php\\\/2022\\\/10\\\/05\\\/calle-por-calle-ganaremos-la-gubernatura-eric-sevilla\\\/\"},\"author\":{\"name\":\"Expresso Metropolitano\",\"@id\":\"https:\\\/\\\/expressometro.mx\\\/#\\\/schema\\\/person\\\/efa971b4a0664db8ed5c22b1b0dd2f5d\"},\"headline\":\"CALLE POR CALLE GANAREMOS LA GUBERNATURA: ERIC SEVILLA\",\"datePublished\":\"2022-10-05T14:57:32+00:00\",\"dateModified\":\"2022-10-05T14:57:33+00:00\",\"mainEntityOfPage\":{\"@id\":\"https:\\\/\\\/expressometro.mx\\\/index.php\\\/2022\\\/10\\\/05\\\/calle-por-calle-ganaremos-la-gubernatura-eric-sevilla\\\/\"},\"wordCount\":382,\"commentCount\":0,\"publisher\":{\"@id\":\"https:\\\/\\\/expressometro.mx\\\/#organization\"},\"image\":{\"@id\":\"https:\\\/\\\/expressometro.mx\\\/index.php\\\/2022\\\/10\\\/05\\\/calle-por-calle-ganaremos-la-gubernatura-eric-sevilla\\\/#primaryimage\"},\"thumbnailUrl\":\"https:\\\/\\\/expressometro.mx\\\/wp-content\\\/uploads\\\/2022\\\/10\\\/Eric-Sevilla-051022.jpg\",\"keywords\":[\"Eric Sevilla\",\"PRI\"],\"articleSection\":[\"Gobierno\",\"Otros\",\"Pol\u00edtica\"],\"inLanguage\":\"es\",\"potentialAction\":[{\"@type\":\"CommentAction\",\"name\":\"Comment\",\"target\":[\"https:\\\/\\\/expressometro.mx\\\/index.php\\\/2022\\\/10\\\/05\\\/calle-por-calle-ganaremos-la-gubernatura-eric-sevilla\\\/#respond\"]}]},{\"@type\":\"WebPage\",\"@id\":\"https:\\\/\\\/expressometro.mx\\\/index.php\\\/2022\\\/10\\\/05\\\/calle-por-calle-ganaremos-la-gubernatura-eric-sevilla\\\/\",\"url\":\"https:\\\/\\\/expressometro.mx\\\/index.php\\\/2022\\\/10\\\/05\\\/calle-por-calle-ganaremos-la-gubernatura-eric-sevilla\\\/\",\"name\":\"CALLE POR CALLE GANAREMOS LA GUBERNATURA: ERIC SEVILLA - Expresso Metropolitano\",\"isPartOf\":{\"@id\":\"https:\\\/\\\/expressometro.mx\\\/#website\"},\"primaryImageOfPage\":{\"@id\":\"https:\\\/\\\/expressometro.mx\\\/index.php\\\/2022\\\/10\\\/05\\\/calle-por-calle-ganaremos-la-gubernatura-eric-sevilla\\\/#primaryimage\"},\"image\":{\"@id\":\"https:\\\/\\\/expressometro.mx\\\/index.php\\\/2022\\\/10\\\/05\\\/calle-por-calle-ganaremos-la-gubernatura-eric-sevilla\\\/#primaryimage\"},\"thumbnailUrl\":\"https:\\\/\\\/expressometro.mx\\\/wp-content\\\/uploads\\\/2022\\\/10\\\/Eric-Sevilla-051022.jpg\",\"datePublished\":\"2022-10-05T14:57:32+00:00\",\"dateModified\":\"2022-10-05T14:57:33+00:00\",\"breadcrumb\":{\"@id\":\"https:\\\/\\\/expressometro.mx\\\/index.php\\\/2022\\\/10\\\/05\\\/calle-por-calle-ganaremos-la-gubernatura-eric-sevilla\\\/#breadcrumb\"},\"inLanguage\":\"es\",\"potentialAction\":[{\"@type\":\"ReadAction\",\"target\":[\"https:\\\/\\\/expressometro.mx\\\/index.php\\\/2022\\\/10\\\/05\\\/calle-por-calle-ganaremos-la-gubernatura-eric-sevilla\\\/\"]}]},{\"@type\":\"ImageObject\",\"inLanguage\":\"es\",\"@id\":\"https:\\\/\\\/expressometro.mx\\\/index.php\\\/2022\\\/10\\\/05\\\/calle-por-calle-ganaremos-la-gubernatura-eric-sevilla\\\/#primaryimage\",\"url\":\"https:\\\/\\\/expressometro.mx\\\/wp-content\\\/uploads\\\/2022\\\/10\\\/Eric-Sevilla-051022.jpg\",\"contentUrl\":\"https:\\\/\\\/expressometro.mx\\\/wp-content\\\/uploads\\\/2022\\\/10\\\/Eric-Sevilla-051022.jpg\",\"width\":1024,\"height\":683},{\"@type\":\"BreadcrumbList\",\"@id\":\"https:\\\/\\\/expressometro.mx\\\/index.php\\\/2022\\\/10\\\/05\\\/calle-por-calle-ganaremos-la-gubernatura-eric-sevilla\\\/#breadcrumb\",\"itemListElement\":[{\"@type\":\"ListItem\",\"position\":1,\"name\":\"Inicio\",\"item\":\"https:\\\/\\\/expressometro.mx\\\/\"},{\"@type\":\"ListItem\",\"position\":2,\"name\":\"CALLE POR CALLE GANAREMOS LA GUBERNATURA: ERIC SEVILLA\"}]},{\"@type\":\"WebSite\",\"@id\":\"https:\\\/\\\/expressometro.mx\\\/#website\",\"url\":\"https:\\\/\\\/expressometro.mx\\\/\",\"name\":\"Expresso Metropolitano\",\"description\":\"Periodismo comprometido, informaci\u00f3n, investigaci\u00f3n y an\u00e1lisis\",\"publisher\":{\"@id\":\"https:\\\/\\\/expressometro.mx\\\/#organization\"},\"potentialAction\":[{\"@type\":\"SearchAction\",\"target\":{\"@type\":\"EntryPoint\",\"urlTemplate\":\"https:\\\/\\\/expressometro.mx\\\/?s={search_term_string}\"},\"query-input\":{\"@type\":\"PropertyValueSpecification\",\"valueRequired\":true,\"valueName\":\"search_term_string\"}}],\"inLanguage\":\"es\"},{\"@type\":\"Organization\",\"@id\":\"https:\\\/\\\/expressometro.mx\\\/#organization\",\"name\":\"Expresso Metropolitano\",\"url\":\"https:\\\/\\\/expressometro.mx\\\/\",\"logo\":{\"@type\":\"ImageObject\",\"inLanguage\":\"es\",\"@id\":\"https:\\\/\\\/expressometro.mx\\\/#\\\/schema\\\/logo\\\/image\\\/\",\"url\":\"https:\\\/\\\/expressometro.mx\\\/wp-content\\\/uploads\\\/2019\\\/07\\\/cropped-Logo-Expresso-Metropolitano-1-1.jpeg\",\"contentUrl\":\"https:\\\/\\\/expressometro.mx\\\/wp-content\\\/uploads\\\/2019\\\/07\\\/cropped-Logo-Expresso-Metropolitano-1-1.jpeg\",\"width\":290,\"height\":73,\"caption\":\"Expresso Metropolitano\"},\"image\":{\"@id\":\"https:\\\/\\\/expressometro.mx\\\/#\\\/schema\\\/logo\\\/image\\\/\"}},{\"@type\":\"Person\",\"@id\":\"https:\\\/\\\/expressometro.mx\\\/#\\\/schema\\\/person\\\/efa971b4a0664db8ed5c22b1b0dd2f5d\",\"name\":\"Expresso Metropolitano\",\"image\":{\"@type\":\"ImageObject\",\"inLanguage\":\"es\",\"@id\":\"https:\\\/\\\/secure.gravatar.com\\\/avatar\\\/a89f802b8de18c6952f223c88d3d106e9e3679839f4e25a02f4a6cc2ae6ba3b3?s=96&d=mm&r=g\",\"url\":\"https:\\\/\\\/secure.gravatar.com\\\/avatar\\\/a89f802b8de18c6952f223c88d3d106e9e3679839f4e25a02f4a6cc2ae6ba3b3?s=96&d=mm&r=g\",\"contentUrl\":\"https:\\\/\\\/secure.gravatar.com\\\/avatar\\\/a89f802b8de18c6952f223c88d3d106e9e3679839f4e25a02f4a6cc2ae6ba3b3?s=96&d=mm&r=g\",\"caption\":\"Expresso Metropolitano\"},\"url\":\"https:\\\/\\\/expressometro.mx\\\/index.php\\\/author\\\/diego\\\/\"}]}<\/script>\n<!-- \/ Yoast SEO plugin. -->","yoast_head_json":{"title":"CALLE POR CALLE GANAREMOS LA GUBERNATURA: ERIC SEVILLA - Expresso Metropolitano","robots":{"index":"index","follow":"follow","max-snippet":"max-snippet:-1","max-image-preview":"max-image-preview:large","max-video-preview":"max-video-preview:-1"},"canonical":"https:\/\/expressometro.mx\/index.php\/2022\/10\/05\/calle-por-calle-ganaremos-la-gubernatura-eric-sevilla\/","og_locale":"es_MX","og_type":"article","og_title":"CALLE POR CALLE GANAREMOS LA GUBERNATURA: ERIC SEVILLA - Expresso Metropolitano","og_description":"M\u00e1s de 100 mil priistas que integran las estructuras seccionales, comit\u00e9s municipales, sectores y organizaciones del partido defender\u00e1n nuestra casa, destac\u00f3 el l\u00edder partidista.","og_url":"https:\/\/expressometro.mx\/index.php\/2022\/10\/05\/calle-por-calle-ganaremos-la-gubernatura-eric-sevilla\/","og_site_name":"Expresso Metropolitano","article_published_time":"2022-10-05T14:57:32+00:00","article_modified_time":"2022-10-05T14:57:33+00:00","og_image":[{"width":1024,"height":683,"url":"http:\/\/expressometro.mx\/wp-content\/uploads\/2022\/10\/Eric-Sevilla-051022.jpg","type":"image\/jpeg"}],"author":"Expresso Metropolitano","twitter_misc":{"Escrito por":"Expresso Metropolitano","Tiempo de lectura":"2 minutos"},"schema":{"@context":"https:\/\/schema.org","@graph":[{"@type":"Article","@id":"https:\/\/expressometro.mx\/index.php\/2022\/10\/05\/calle-por-calle-ganaremos-la-gubernatura-eric-sevilla\/#article","isPartOf":{"@id":"https:\/\/expressometro.mx\/index.php\/2022\/10\/05\/calle-por-calle-ganaremos-la-gubernatura-eric-sevilla\/"},"author":{"name":"Expresso Metropolitano","@id":"https:\/\/expressometro.mx\/#\/schema\/person\/efa971b4a0664db8ed5c22b1b0dd2f5d"},"headline":"CALLE POR CALLE GANAREMOS LA GUBERNATURA: ERIC SEVILLA","datePublished":"2022-10-05T14:57:32+00:00","dateModified":"2022-10-05T14:57:33+00:00","mainEntityOfPage":{"@id":"https:\/\/expressometro.mx\/index.php\/2022\/10\/05\/calle-por-calle-ganaremos-la-gubernatura-eric-sevilla\/"},"wordCount":382,"commentCount":0,"publisher":{"@id":"https:\/\/expressometro.mx\/#organization"},"image":{"@id":"https:\/\/expressometro.mx\/index.php\/2022\/10\/05\/calle-por-calle-ganaremos-la-gubernatura-eric-sevilla\/#primaryimage"},"thumbnailUrl":"https:\/\/expressometro.mx\/wp-content\/uploads\/2022\/10\/Eric-Sevilla-051022.jpg","keywords":["Eric Sevilla","PRI"],"articleSection":["Gobierno","Otros","Pol\u00edtica"],"inLanguage":"es","potentialAction":[{"@type":"CommentAction","name":"Comment","target":["https:\/\/expressometro.mx\/index.php\/2022\/10\/05\/calle-por-calle-ganaremos-la-gubernatura-eric-sevilla\/#respond"]}]},{"@type":"WebPage","@id":"https:\/\/expressometro.mx\/index.php\/2022\/10\/05\/calle-por-calle-ganaremos-la-gubernatura-eric-sevilla\/","url":"https:\/\/expressometro.mx\/index.php\/2022\/10\/05\/calle-por-calle-ganaremos-la-gubernatura-eric-sevilla\/","name":"CALLE POR CALLE GANAREMOS LA GUBERNATURA: ERIC SEVILLA - Expresso Metropolitano","isPartOf":{"@id":"https:\/\/expressometro.mx\/#website"},"primaryImageOfPage":{"@id":"https:\/\/expressometro.mx\/index.php\/2022\/10\/05\/calle-por-calle-ganaremos-la-gubernatura-eric-sevilla\/#primaryimage"},"image":{"@id":"https:\/\/expressometro.mx\/index.php\/2022\/10\/05\/calle-por-calle-ganaremos-la-gubernatura-eric-sevilla\/#primaryimage"},"thumbnailUrl":"https:\/\/expressometro.mx\/wp-content\/uploads\/2022\/10\/Eric-Sevilla-051022.jpg","datePublished":"2022-10-05T14:57:32+00:00","dateModified":"2022-10-05T14:57:33+00:00","breadcrumb":{"@id":"https:\/\/expressometro.mx\/index.php\/2022\/10\/05\/calle-por-calle-ganaremos-la-gubernatura-eric-sevilla\/#breadcrumb"},"inLanguage":"es","potentialAction":[{"@type":"ReadAction","target":["https:\/\/expressometro.mx\/index.php\/2022\/10\/05\/calle-por-calle-ganaremos-la-gubernatura-eric-sevilla\/"]}]},{"@type":"ImageObject","inLanguage":"es","@id":"https:\/\/expressometro.mx\/index.php\/2022\/10\/05\/calle-por-calle-ganaremos-la-gubernatura-eric-sevilla\/#primaryimage","url":"https:\/\/expressometro.mx\/wp-content\/uploads\/2022\/10\/Eric-Sevilla-051022.jpg","contentUrl":"https:\/\/expressometro.mx\/wp-content\/uploads\/2022\/10\/Eric-Sevilla-051022.jpg","width":1024,"height":683},{"@type":"BreadcrumbList","@id":"https:\/\/expressometro.mx\/index.php\/2022\/10\/05\/calle-por-calle-ganaremos-la-gubernatura-eric-sevilla\/#breadcrumb","itemListElement":[{"@type":"ListItem","position":1,"name":"Inicio","item":"https:\/\/expressometro.mx\/"},{"@type":"ListItem","position":2,"name":"CALLE POR CALLE GANAREMOS LA GUBERNATURA: ERIC SEVILLA"}]},{"@type":"WebSite","@id":"https:\/\/expressometro.mx\/#website","url":"https:\/\/expressometro.mx\/","name":"Expresso Metropolitano","description":"Periodismo comprometido, informaci\u00f3n, investigaci\u00f3n y an\u00e1lisis","publisher":{"@id":"https:\/\/expressometro.mx\/#organization"},"potentialAction":[{"@type":"SearchAction","target":{"@type":"EntryPoint","urlTemplate":"https:\/\/expressometro.mx\/?s={search_term_string}"},"query-input":{"@type":"PropertyValueSpecification","valueRequired":true,"valueName":"search_term_string"}}],"inLanguage":"es"},{"@type":"Organization","@id":"https:\/\/expressometro.mx\/#organization","name":"Expresso Metropolitano","url":"https:\/\/expressometro.mx\/","logo":{"@type":"ImageObject","inLanguage":"es","@id":"https:\/\/expressometro.mx\/#\/schema\/logo\/image\/","url":"https:\/\/expressometro.mx\/wp-content\/uploads\/2019\/07\/cropped-Logo-Expresso-Metropolitano-1-1.jpeg","contentUrl":"https:\/\/expressometro.mx\/wp-content\/uploads\/2019\/07\/cropped-Logo-Expresso-Metropolitano-1-1.jpeg","width":290,"height":73,"caption":"Expresso Metropolitano"},"image":{"@id":"https:\/\/expressometro.mx\/#\/schema\/logo\/image\/"}},{"@type":"Person","@id":"https:\/\/expressometro.mx\/#\/schema\/person\/efa971b4a0664db8ed5c22b1b0dd2f5d","name":"Expresso Metropolitano","image":{"@type":"ImageObject","inLanguage":"es","@id":"https:\/\/secure.gravatar.com\/avatar\/a89f802b8de18c6952f223c88d3d106e9e3679839f4e25a02f4a6cc2ae6ba3b3?s=96&d=mm&r=g","url":"https:\/\/secure.gravatar.com\/avatar\/a89f802b8de18c6952f223c88d3d106e9e3679839f4e25a02f4a6cc2ae6ba3b3?s=96&d=mm&r=g","contentUrl":"https:\/\/secure.gravatar.com\/avatar\/a89f802b8de18c6952f223c88d3d106e9e3679839f4e25a02f4a6cc2ae6ba3b3?s=96&d=mm&r=g","caption":"Expresso Metropolitano"},"url":"https:\/\/expressometro.mx\/index.php\/author\/diego\/"}]}},"amp_enabled":true,"_links":{"self":[{"href":"https:\/\/expressometro.mx\/index.php\/wp-json\/wp\/v2\/posts\/6547","targetHints":{"allow":["GET"]}}],"collection":[{"href":"https:\/\/expressometro.mx\/index.php\/wp-json\/wp\/v2\/posts"}],"about":[{"href":"https:\/\/expressometro.mx\/index.php\/wp-json\/wp\/v2\/types\/post"}],"author":[{"embeddable":true,"href":"https:\/\/expressometro.mx\/index.php\/wp-json\/wp\/v2\/users\/1"}],"replies":[{"embeddable":true,"href":"https:\/\/expressometro.mx\/index.php\/wp-json\/wp\/v2\/comments?post=6547"}],"version-history":[{"count":1,"href":"https:\/\/expressometro.mx\/index.php\/wp-json\/wp\/v2\/posts\/6547\/revisions"}],"predecessor-version":[{"id":6550,"href":"https:\/\/expressometro.mx\/index.php\/wp-json\/wp\/v2\/posts\/6547\/revisions\/6550"}],"wp:featuredmedia":[{"embeddable":true,"href":"https:\/\/expressometro.mx\/index.php\/wp-json\/wp\/v2\/media\/6549"}],"wp:attachment":[{"href":"https:\/\/expressometro.mx\/index.php\/wp-json\/wp\/v2\/media?parent=6547"}],"wp:term":[{"taxonomy":"category","embeddable":true,"href":"https:\/\/expressometro.mx\/index.php\/wp-json\/wp\/v2\/categories?post=6547"},{"taxonomy":"post_tag","embeddable":true,"href":"https:\/\/expressometro.mx\/index.php\/wp-json\/wp\/v2\/tags?post=6547"}],"curies":[{"name":"wp","href":"https:\/\/api.w.org\/{rel}","templated":true}]}}