{"id":6542,"date":"2022-10-03T18:00:39","date_gmt":"2022-10-03T23:00:39","guid":{"rendered":"https:\/\/expressometro.mx\/?p=6542"},"modified":"2022-10-03T18:00:40","modified_gmt":"2022-10-03T23:00:40","slug":"va-el-pri-por-el-frente-mas-amplio-al-2023-eric-sevilla","status":"publish","type":"post","link":"https:\/\/expressometro.mx\/index.php\/2022\/10\/03\/va-el-pri-por-el-frente-mas-amplio-al-2023-eric-sevilla\/","title":{"rendered":"VA EL PRI POR EL FRENTE M\u00c1S AMPLIO AL 2023: ERIC SEVILLA"},"content":{"rendered":"\n<p><\/p>\n\n\n\n<p>\u2022 Detr\u00e1s del PRI hay patria y eso es lo que vamos a recuperar desde la entidad mexiquense, asegur\u00f3 el dirigente priista.<\/p>\n\n\n\n<p>Con esfuerzo y madurez pol\u00edtica sin precedente en el Estado de M\u00e9xico se logr\u00f3 el primer paso reformista para reglamentar los gobiernos de coalici\u00f3n, dej\u00f3 en claro el presidente del Comit\u00e9 Directivo Estatal (CDE) del PRI, Eric Sevilla, al sostener que se abrir\u00e1 el frente m\u00e1s amplio de la historia para ganar la gubernatura en el 2023.<\/p>\n\n\n\n<p>La militancia priista est\u00e1 m\u00e1s viva que nunca para enfrentar la batalla electoral m\u00e1s importante del pa\u00eds, afirm\u00f3 en la toma de protesta de Paola Izquierdo Ru\u00edz como Secretaria General e integrantes de las Secretar\u00edas Estatales y Coordinaciones Regionales del Organismo de Mujeres J\u00f3venes del PRI en el Estado de M\u00e9xico.<\/p>\n\n\n\n<p>\u201cCon esta propuesta que se cristaliz\u00f3 entre las fracciones parlamentarias que participaron, fortalecemos a la democracia de nuestra entidad\u201d, dijo el presidente estatal priista, luego de asegurar que los gobiernos de coalici\u00f3n sientan un precedente a nivel nacional.<\/p>\n\n\n\n<p>Eric Sevilla celebr\u00f3 que m\u00e1s mujeres se sumen al proyecto pol\u00edtico, \u201cporque no hay mejores activistas, a pesar de cualquier circunstancia siempre le cumplen a su partido y son las que salen a tocar puerta por puerta en cada rinc\u00f3n de sus municipios\u201d, puntualiz\u00f3.<\/p>\n\n\n\n<p>Ante un pa\u00eds que se cae a pedazos por un r\u00e9gimen indolente y sordo a las propuestas que puedan superar la crisis m\u00e1s severa de la historia, el l\u00edder partidista subray\u00f3 que \u201clos priistas mexiquenses tenemos la tarea m\u00e1s importante y la vamos a cumplir dando la batalla por la gubernatura\u201d.<\/p>\n\n\n\n<p>\u201cYa basta, no vamos a permitirlo m\u00e1s, en el Estado de M\u00e9xico, desde nuestro rinc\u00f3n de la patria pararemos al r\u00e9gimen de ocurrencias, porque detr\u00e1s del PRI est\u00e1 la construcci\u00f3n de una naci\u00f3n y el priismo lo va a demostrar el pr\u00f3ximo a\u00f1o\u201d, finaliz\u00f3 el presidente del Comit\u00e9 Directivo Estatal.<\/p>\n\n\n\n<p>En su participaci\u00f3n, la dirigente del Organismo de Mujeres J\u00f3venes, Paola Vel\u00e1zquez Col\u00edn, exhort\u00f3 a las mujeres priistas a que salgan con el coraz\u00f3n a defender el futuro de las familias, \u201cno quiero volver a tener un gobierno autoritario y menos que tomen decisiones por nosotras\u201d.<\/p>\n\n\n\n<p>\u201cHoy iniciamos un ej\u00e9rcito de Mujeres J\u00f3venes que estar\u00e1n al frente por nuestro partido, luchando por el Estado de M\u00e9xico y dando la batalla para proteger las causas de la gente, todas tenemos el valor de enfrentar el compromiso y nuestro trabajo es siempre en favor del PRI\u201d, asegur\u00f3.<\/p>\n","protected":false},"excerpt":{"rendered":"<p>Con esfuerzo y madurez pol\u00edtica sin precedente en el Estado de M\u00e9xico se logr\u00f3 el primer paso reformista para reglamentar los gobiernos de coalici\u00f3n, dej\u00f3 en claro el presidente del Comit\u00e9 Directivo Estatal (CDE) del PRI, Eric Sevilla, al sostener que se abrir\u00e1 el frente m\u00e1s amplio de la historia para ganar la gubernatura en el 2023.<\/p>\n","protected":false},"author":1,"featured_media":6544,"comment_status":"open","ping_status":"open","sticky":false,"template":"","format":"standard","meta":{"footnotes":""},"categories":[3,1,231],"tags":[1982,1461,158],"class_list":["post-6542","post","type-post","status-publish","format-standard","has-post-thumbnail","hentry","category-gobierno","category-otros","category-politica","tag-edomex","tag-eric-sevilla","tag-pri"],"yoast_head":"<!-- This site is optimized with the Yoast SEO plugin v27.4 - https:\/\/yoast.com\/product\/yoast-seo-wordpress\/ -->\n<title>VA EL PRI POR EL FRENTE M\u00c1S AMPLIO AL 2023: ERIC SEVILLA - Expresso Metropolitano<\/title>\n<meta name=\"robots\" content=\"index, follow, max-snippet:-1, max-image-preview:large, max-video-preview:-1\" \/>\n<link rel=\"canonical\" href=\"https:\/\/expressometro.mx\/index.php\/2022\/10\/03\/va-el-pri-por-el-frente-mas-amplio-al-2023-eric-sevilla\/\" \/>\n<meta property=\"og:locale\" content=\"es_MX\" \/>\n<meta property=\"og:type\" content=\"article\" \/>\n<meta property=\"og:title\" content=\"VA EL PRI POR EL FRENTE M\u00c1S AMPLIO AL 2023: ERIC SEVILLA - Expresso Metropolitano\" \/>\n<meta property=\"og:description\" content=\"Con esfuerzo y madurez pol\u00edtica sin precedente en el Estado de M\u00e9xico se logr\u00f3 el primer paso reformista para reglamentar los gobiernos de coalici\u00f3n, dej\u00f3 en claro el presidente del Comit\u00e9 Directivo Estatal (CDE) del PRI, Eric Sevilla, al sostener que se abrir\u00e1 el frente m\u00e1s amplio de la historia para ganar la gubernatura en el 2023.\" \/>\n<meta property=\"og:url\" content=\"https:\/\/expressometro.mx\/index.php\/2022\/10\/03\/va-el-pri-por-el-frente-mas-amplio-al-2023-eric-sevilla\/\" \/>\n<meta property=\"og:site_name\" content=\"Expresso Metropolitano\" \/>\n<meta property=\"article:published_time\" content=\"2022-10-03T23:00:39+00:00\" \/>\n<meta property=\"article:modified_time\" content=\"2022-10-03T23:00:40+00:00\" \/>\n<meta property=\"og:image\" content=\"http:\/\/expressometro.mx\/wp-content\/uploads\/2022\/10\/Eric-Sevilla-031022-2.jpg\" \/>\n\t<meta property=\"og:image:width\" content=\"1024\" \/>\n\t<meta property=\"og:image:height\" content=\"618\" \/>\n\t<meta property=\"og:image:type\" content=\"image\/jpeg\" \/>\n<meta name=\"author\" content=\"Expresso Metropolitano\" \/>\n<meta name=\"twitter:label1\" content=\"Escrito por\" \/>\n\t<meta name=\"twitter:data1\" content=\"Expresso Metropolitano\" \/>\n\t<meta name=\"twitter:label2\" content=\"Tiempo de lectura\" \/>\n\t<meta name=\"twitter:data2\" content=\"2 minutos\" \/>\n<script type=\"application\/ld+json\" class=\"yoast-schema-graph\">{\"@context\":\"https:\\\/\\\/schema.org\",\"@graph\":[{\"@type\":\"Article\",\"@id\":\"https:\\\/\\\/expressometro.mx\\\/index.php\\\/2022\\\/10\\\/03\\\/va-el-pri-por-el-frente-mas-amplio-al-2023-eric-sevilla\\\/#article\",\"isPartOf\":{\"@id\":\"https:\\\/\\\/expressometro.mx\\\/index.php\\\/2022\\\/10\\\/03\\\/va-el-pri-por-el-frente-mas-amplio-al-2023-eric-sevilla\\\/\"},\"author\":{\"name\":\"Expresso Metropolitano\",\"@id\":\"https:\\\/\\\/expressometro.mx\\\/#\\\/schema\\\/person\\\/efa971b4a0664db8ed5c22b1b0dd2f5d\"},\"headline\":\"VA EL PRI POR EL FRENTE M\u00c1S AMPLIO AL 2023: ERIC SEVILLA\",\"datePublished\":\"2022-10-03T23:00:39+00:00\",\"dateModified\":\"2022-10-03T23:00:40+00:00\",\"mainEntityOfPage\":{\"@id\":\"https:\\\/\\\/expressometro.mx\\\/index.php\\\/2022\\\/10\\\/03\\\/va-el-pri-por-el-frente-mas-amplio-al-2023-eric-sevilla\\\/\"},\"wordCount\":457,\"commentCount\":0,\"publisher\":{\"@id\":\"https:\\\/\\\/expressometro.mx\\\/#organization\"},\"image\":{\"@id\":\"https:\\\/\\\/expressometro.mx\\\/index.php\\\/2022\\\/10\\\/03\\\/va-el-pri-por-el-frente-mas-amplio-al-2023-eric-sevilla\\\/#primaryimage\"},\"thumbnailUrl\":\"https:\\\/\\\/expressometro.mx\\\/wp-content\\\/uploads\\\/2022\\\/10\\\/Eric-Sevilla-031022-2.jpg\",\"keywords\":[\"Edomex\",\"Eric Sevilla\",\"PRI\"],\"articleSection\":[\"Gobierno\",\"Otros\",\"Pol\u00edtica\"],\"inLanguage\":\"es\",\"potentialAction\":[{\"@type\":\"CommentAction\",\"name\":\"Comment\",\"target\":[\"https:\\\/\\\/expressometro.mx\\\/index.php\\\/2022\\\/10\\\/03\\\/va-el-pri-por-el-frente-mas-amplio-al-2023-eric-sevilla\\\/#respond\"]}]},{\"@type\":\"WebPage\",\"@id\":\"https:\\\/\\\/expressometro.mx\\\/index.php\\\/2022\\\/10\\\/03\\\/va-el-pri-por-el-frente-mas-amplio-al-2023-eric-sevilla\\\/\",\"url\":\"https:\\\/\\\/expressometro.mx\\\/index.php\\\/2022\\\/10\\\/03\\\/va-el-pri-por-el-frente-mas-amplio-al-2023-eric-sevilla\\\/\",\"name\":\"VA EL PRI POR EL FRENTE M\u00c1S AMPLIO AL 2023: ERIC SEVILLA - Expresso Metropolitano\",\"isPartOf\":{\"@id\":\"https:\\\/\\\/expressometro.mx\\\/#website\"},\"primaryImageOfPage\":{\"@id\":\"https:\\\/\\\/expressometro.mx\\\/index.php\\\/2022\\\/10\\\/03\\\/va-el-pri-por-el-frente-mas-amplio-al-2023-eric-sevilla\\\/#primaryimage\"},\"image\":{\"@id\":\"https:\\\/\\\/expressometro.mx\\\/index.php\\\/2022\\\/10\\\/03\\\/va-el-pri-por-el-frente-mas-amplio-al-2023-eric-sevilla\\\/#primaryimage\"},\"thumbnailUrl\":\"https:\\\/\\\/expressometro.mx\\\/wp-content\\\/uploads\\\/2022\\\/10\\\/Eric-Sevilla-031022-2.jpg\",\"datePublished\":\"2022-10-03T23:00:39+00:00\",\"dateModified\":\"2022-10-03T23:00:40+00:00\",\"breadcrumb\":{\"@id\":\"https:\\\/\\\/expressometro.mx\\\/index.php\\\/2022\\\/10\\\/03\\\/va-el-pri-por-el-frente-mas-amplio-al-2023-eric-sevilla\\\/#breadcrumb\"},\"inLanguage\":\"es\",\"potentialAction\":[{\"@type\":\"ReadAction\",\"target\":[\"https:\\\/\\\/expressometro.mx\\\/index.php\\\/2022\\\/10\\\/03\\\/va-el-pri-por-el-frente-mas-amplio-al-2023-eric-sevilla\\\/\"]}]},{\"@type\":\"ImageObject\",\"inLanguage\":\"es\",\"@id\":\"https:\\\/\\\/expressometro.mx\\\/index.php\\\/2022\\\/10\\\/03\\\/va-el-pri-por-el-frente-mas-amplio-al-2023-eric-sevilla\\\/#primaryimage\",\"url\":\"https:\\\/\\\/expressometro.mx\\\/wp-content\\\/uploads\\\/2022\\\/10\\\/Eric-Sevilla-031022-2.jpg\",\"contentUrl\":\"https:\\\/\\\/expressometro.mx\\\/wp-content\\\/uploads\\\/2022\\\/10\\\/Eric-Sevilla-031022-2.jpg\",\"width\":1024,\"height\":618},{\"@type\":\"BreadcrumbList\",\"@id\":\"https:\\\/\\\/expressometro.mx\\\/index.php\\\/2022\\\/10\\\/03\\\/va-el-pri-por-el-frente-mas-amplio-al-2023-eric-sevilla\\\/#breadcrumb\",\"itemListElement\":[{\"@type\":\"ListItem\",\"position\":1,\"name\":\"Inicio\",\"item\":\"https:\\\/\\\/expressometro.mx\\\/\"},{\"@type\":\"ListItem\",\"position\":2,\"name\":\"VA EL PRI POR EL FRENTE M\u00c1S AMPLIO AL 2023: ERIC SEVILLA\"}]},{\"@type\":\"WebSite\",\"@id\":\"https:\\\/\\\/expressometro.mx\\\/#website\",\"url\":\"https:\\\/\\\/expressometro.mx\\\/\",\"name\":\"Expresso Metropolitano\",\"description\":\"Periodismo comprometido, informaci\u00f3n, investigaci\u00f3n y an\u00e1lisis\",\"publisher\":{\"@id\":\"https:\\\/\\\/expressometro.mx\\\/#organization\"},\"potentialAction\":[{\"@type\":\"SearchAction\",\"target\":{\"@type\":\"EntryPoint\",\"urlTemplate\":\"https:\\\/\\\/expressometro.mx\\\/?s={search_term_string}\"},\"query-input\":{\"@type\":\"PropertyValueSpecification\",\"valueRequired\":true,\"valueName\":\"search_term_string\"}}],\"inLanguage\":\"es\"},{\"@type\":\"Organization\",\"@id\":\"https:\\\/\\\/expressometro.mx\\\/#organization\",\"name\":\"Expresso Metropolitano\",\"url\":\"https:\\\/\\\/expressometro.mx\\\/\",\"logo\":{\"@type\":\"ImageObject\",\"inLanguage\":\"es\",\"@id\":\"https:\\\/\\\/expressometro.mx\\\/#\\\/schema\\\/logo\\\/image\\\/\",\"url\":\"https:\\\/\\\/expressometro.mx\\\/wp-content\\\/uploads\\\/2019\\\/07\\\/cropped-Logo-Expresso-Metropolitano-1-1.jpeg\",\"contentUrl\":\"https:\\\/\\\/expressometro.mx\\\/wp-content\\\/uploads\\\/2019\\\/07\\\/cropped-Logo-Expresso-Metropolitano-1-1.jpeg\",\"width\":290,\"height\":73,\"caption\":\"Expresso Metropolitano\"},\"image\":{\"@id\":\"https:\\\/\\\/expressometro.mx\\\/#\\\/schema\\\/logo\\\/image\\\/\"}},{\"@type\":\"Person\",\"@id\":\"https:\\\/\\\/expressometro.mx\\\/#\\\/schema\\\/person\\\/efa971b4a0664db8ed5c22b1b0dd2f5d\",\"name\":\"Expresso Metropolitano\",\"image\":{\"@type\":\"ImageObject\",\"inLanguage\":\"es\",\"@id\":\"https:\\\/\\\/secure.gravatar.com\\\/avatar\\\/a89f802b8de18c6952f223c88d3d106e9e3679839f4e25a02f4a6cc2ae6ba3b3?s=96&d=mm&r=g\",\"url\":\"https:\\\/\\\/secure.gravatar.com\\\/avatar\\\/a89f802b8de18c6952f223c88d3d106e9e3679839f4e25a02f4a6cc2ae6ba3b3?s=96&d=mm&r=g\",\"contentUrl\":\"https:\\\/\\\/secure.gravatar.com\\\/avatar\\\/a89f802b8de18c6952f223c88d3d106e9e3679839f4e25a02f4a6cc2ae6ba3b3?s=96&d=mm&r=g\",\"caption\":\"Expresso Metropolitano\"},\"url\":\"https:\\\/\\\/expressometro.mx\\\/index.php\\\/author\\\/diego\\\/\"}]}<\/script>\n<!-- \/ Yoast SEO plugin. -->","yoast_head_json":{"title":"VA EL PRI POR EL FRENTE M\u00c1S AMPLIO AL 2023: ERIC SEVILLA - Expresso Metropolitano","robots":{"index":"index","follow":"follow","max-snippet":"max-snippet:-1","max-image-preview":"max-image-preview:large","max-video-preview":"max-video-preview:-1"},"canonical":"https:\/\/expressometro.mx\/index.php\/2022\/10\/03\/va-el-pri-por-el-frente-mas-amplio-al-2023-eric-sevilla\/","og_locale":"es_MX","og_type":"article","og_title":"VA EL PRI POR EL FRENTE M\u00c1S AMPLIO AL 2023: ERIC SEVILLA - Expresso Metropolitano","og_description":"Con esfuerzo y madurez pol\u00edtica sin precedente en el Estado de M\u00e9xico se logr\u00f3 el primer paso reformista para reglamentar los gobiernos de coalici\u00f3n, dej\u00f3 en claro el presidente del Comit\u00e9 Directivo Estatal (CDE) del PRI, Eric Sevilla, al sostener que se abrir\u00e1 el frente m\u00e1s amplio de la historia para ganar la gubernatura en el 2023.","og_url":"https:\/\/expressometro.mx\/index.php\/2022\/10\/03\/va-el-pri-por-el-frente-mas-amplio-al-2023-eric-sevilla\/","og_site_name":"Expresso Metropolitano","article_published_time":"2022-10-03T23:00:39+00:00","article_modified_time":"2022-10-03T23:00:40+00:00","og_image":[{"width":1024,"height":618,"url":"http:\/\/expressometro.mx\/wp-content\/uploads\/2022\/10\/Eric-Sevilla-031022-2.jpg","type":"image\/jpeg"}],"author":"Expresso Metropolitano","twitter_misc":{"Escrito por":"Expresso Metropolitano","Tiempo de lectura":"2 minutos"},"schema":{"@context":"https:\/\/schema.org","@graph":[{"@type":"Article","@id":"https:\/\/expressometro.mx\/index.php\/2022\/10\/03\/va-el-pri-por-el-frente-mas-amplio-al-2023-eric-sevilla\/#article","isPartOf":{"@id":"https:\/\/expressometro.mx\/index.php\/2022\/10\/03\/va-el-pri-por-el-frente-mas-amplio-al-2023-eric-sevilla\/"},"author":{"name":"Expresso Metropolitano","@id":"https:\/\/expressometro.mx\/#\/schema\/person\/efa971b4a0664db8ed5c22b1b0dd2f5d"},"headline":"VA EL PRI POR EL FRENTE M\u00c1S AMPLIO AL 2023: ERIC SEVILLA","datePublished":"2022-10-03T23:00:39+00:00","dateModified":"2022-10-03T23:00:40+00:00","mainEntityOfPage":{"@id":"https:\/\/expressometro.mx\/index.php\/2022\/10\/03\/va-el-pri-por-el-frente-mas-amplio-al-2023-eric-sevilla\/"},"wordCount":457,"commentCount":0,"publisher":{"@id":"https:\/\/expressometro.mx\/#organization"},"image":{"@id":"https:\/\/expressometro.mx\/index.php\/2022\/10\/03\/va-el-pri-por-el-frente-mas-amplio-al-2023-eric-sevilla\/#primaryimage"},"thumbnailUrl":"https:\/\/expressometro.mx\/wp-content\/uploads\/2022\/10\/Eric-Sevilla-031022-2.jpg","keywords":["Edomex","Eric Sevilla","PRI"],"articleSection":["Gobierno","Otros","Pol\u00edtica"],"inLanguage":"es","potentialAction":[{"@type":"CommentAction","name":"Comment","target":["https:\/\/expressometro.mx\/index.php\/2022\/10\/03\/va-el-pri-por-el-frente-mas-amplio-al-2023-eric-sevilla\/#respond"]}]},{"@type":"WebPage","@id":"https:\/\/expressometro.mx\/index.php\/2022\/10\/03\/va-el-pri-por-el-frente-mas-amplio-al-2023-eric-sevilla\/","url":"https:\/\/expressometro.mx\/index.php\/2022\/10\/03\/va-el-pri-por-el-frente-mas-amplio-al-2023-eric-sevilla\/","name":"VA EL PRI POR EL FRENTE M\u00c1S AMPLIO AL 2023: ERIC SEVILLA - Expresso Metropolitano","isPartOf":{"@id":"https:\/\/expressometro.mx\/#website"},"primaryImageOfPage":{"@id":"https:\/\/expressometro.mx\/index.php\/2022\/10\/03\/va-el-pri-por-el-frente-mas-amplio-al-2023-eric-sevilla\/#primaryimage"},"image":{"@id":"https:\/\/expressometro.mx\/index.php\/2022\/10\/03\/va-el-pri-por-el-frente-mas-amplio-al-2023-eric-sevilla\/#primaryimage"},"thumbnailUrl":"https:\/\/expressometro.mx\/wp-content\/uploads\/2022\/10\/Eric-Sevilla-031022-2.jpg","datePublished":"2022-10-03T23:00:39+00:00","dateModified":"2022-10-03T23:00:40+00:00","breadcrumb":{"@id":"https:\/\/expressometro.mx\/index.php\/2022\/10\/03\/va-el-pri-por-el-frente-mas-amplio-al-2023-eric-sevilla\/#breadcrumb"},"inLanguage":"es","potentialAction":[{"@type":"ReadAction","target":["https:\/\/expressometro.mx\/index.php\/2022\/10\/03\/va-el-pri-por-el-frente-mas-amplio-al-2023-eric-sevilla\/"]}]},{"@type":"ImageObject","inLanguage":"es","@id":"https:\/\/expressometro.mx\/index.php\/2022\/10\/03\/va-el-pri-por-el-frente-mas-amplio-al-2023-eric-sevilla\/#primaryimage","url":"https:\/\/expressometro.mx\/wp-content\/uploads\/2022\/10\/Eric-Sevilla-031022-2.jpg","contentUrl":"https:\/\/expressometro.mx\/wp-content\/uploads\/2022\/10\/Eric-Sevilla-031022-2.jpg","width":1024,"height":618},{"@type":"BreadcrumbList","@id":"https:\/\/expressometro.mx\/index.php\/2022\/10\/03\/va-el-pri-por-el-frente-mas-amplio-al-2023-eric-sevilla\/#breadcrumb","itemListElement":[{"@type":"ListItem","position":1,"name":"Inicio","item":"https:\/\/expressometro.mx\/"},{"@type":"ListItem","position":2,"name":"VA EL PRI POR EL FRENTE M\u00c1S AMPLIO AL 2023: ERIC SEVILLA"}]},{"@type":"WebSite","@id":"https:\/\/expressometro.mx\/#website","url":"https:\/\/expressometro.mx\/","name":"Expresso Metropolitano","description":"Periodismo comprometido, informaci\u00f3n, investigaci\u00f3n y an\u00e1lisis","publisher":{"@id":"https:\/\/expressometro.mx\/#organization"},"potentialAction":[{"@type":"SearchAction","target":{"@type":"EntryPoint","urlTemplate":"https:\/\/expressometro.mx\/?s={search_term_string}"},"query-input":{"@type":"PropertyValueSpecification","valueRequired":true,"valueName":"search_term_string"}}],"inLanguage":"es"},{"@type":"Organization","@id":"https:\/\/expressometro.mx\/#organization","name":"Expresso Metropolitano","url":"https:\/\/expressometro.mx\/","logo":{"@type":"ImageObject","inLanguage":"es","@id":"https:\/\/expressometro.mx\/#\/schema\/logo\/image\/","url":"https:\/\/expressometro.mx\/wp-content\/uploads\/2019\/07\/cropped-Logo-Expresso-Metropolitano-1-1.jpeg","contentUrl":"https:\/\/expressometro.mx\/wp-content\/uploads\/2019\/07\/cropped-Logo-Expresso-Metropolitano-1-1.jpeg","width":290,"height":73,"caption":"Expresso Metropolitano"},"image":{"@id":"https:\/\/expressometro.mx\/#\/schema\/logo\/image\/"}},{"@type":"Person","@id":"https:\/\/expressometro.mx\/#\/schema\/person\/efa971b4a0664db8ed5c22b1b0dd2f5d","name":"Expresso Metropolitano","image":{"@type":"ImageObject","inLanguage":"es","@id":"https:\/\/secure.gravatar.com\/avatar\/a89f802b8de18c6952f223c88d3d106e9e3679839f4e25a02f4a6cc2ae6ba3b3?s=96&d=mm&r=g","url":"https:\/\/secure.gravatar.com\/avatar\/a89f802b8de18c6952f223c88d3d106e9e3679839f4e25a02f4a6cc2ae6ba3b3?s=96&d=mm&r=g","contentUrl":"https:\/\/secure.gravatar.com\/avatar\/a89f802b8de18c6952f223c88d3d106e9e3679839f4e25a02f4a6cc2ae6ba3b3?s=96&d=mm&r=g","caption":"Expresso Metropolitano"},"url":"https:\/\/expressometro.mx\/index.php\/author\/diego\/"}]}},"amp_enabled":true,"_links":{"self":[{"href":"https:\/\/expressometro.mx\/index.php\/wp-json\/wp\/v2\/posts\/6542","targetHints":{"allow":["GET"]}}],"collection":[{"href":"https:\/\/expressometro.mx\/index.php\/wp-json\/wp\/v2\/posts"}],"about":[{"href":"https:\/\/expressometro.mx\/index.php\/wp-json\/wp\/v2\/types\/post"}],"author":[{"embeddable":true,"href":"https:\/\/expressometro.mx\/index.php\/wp-json\/wp\/v2\/users\/1"}],"replies":[{"embeddable":true,"href":"https:\/\/expressometro.mx\/index.php\/wp-json\/wp\/v2\/comments?post=6542"}],"version-history":[{"count":1,"href":"https:\/\/expressometro.mx\/index.php\/wp-json\/wp\/v2\/posts\/6542\/revisions"}],"predecessor-version":[{"id":6545,"href":"https:\/\/expressometro.mx\/index.php\/wp-json\/wp\/v2\/posts\/6542\/revisions\/6545"}],"wp:featuredmedia":[{"embeddable":true,"href":"https:\/\/expressometro.mx\/index.php\/wp-json\/wp\/v2\/media\/6544"}],"wp:attachment":[{"href":"https:\/\/expressometro.mx\/index.php\/wp-json\/wp\/v2\/media?parent=6542"}],"wp:term":[{"taxonomy":"category","embeddable":true,"href":"https:\/\/expressometro.mx\/index.php\/wp-json\/wp\/v2\/categories?post=6542"},{"taxonomy":"post_tag","embeddable":true,"href":"https:\/\/expressometro.mx\/index.php\/wp-json\/wp\/v2\/tags?post=6542"}],"curies":[{"name":"wp","href":"https:\/\/api.w.org\/{rel}","templated":true}]}}