{"id":6535,"date":"2022-09-30T18:16:47","date_gmt":"2022-09-30T23:16:47","guid":{"rendered":"https:\/\/expressometro.mx\/?p=6535"},"modified":"2022-09-30T18:16:48","modified_gmt":"2022-09-30T23:16:48","slug":"aculco-festeja-con-orgullo-sus-500-anos-el-presidente-jorge-osornio-devela-placa-conmemorativa","status":"publish","type":"post","link":"https:\/\/expressometro.mx\/index.php\/2022\/09\/30\/aculco-festeja-con-orgullo-sus-500-anos-el-presidente-jorge-osornio-devela-placa-conmemorativa\/","title":{"rendered":"ACULCO FESTEJA CON ORGULLO SUS 500 A\u00d1OS: EL PRESIDENTE JORGE OSORNIO DEVELA PLACA CONMEMORATIVA"},"content":{"rendered":"\n<p><\/p>\n\n\n\n<p>El Presidente Municipal de Aculco, Jorge Osornio Victoria, dio la bienvenida a las personalidades que asistieron a la Ceremonia C\u00edvica por los 500 a\u00f1os del bello Municipio de Aculco. Entre los invitados, se destac\u00f3 la presencia de la Maestra Leticia mej\u00eda, Secretaria del Campo; Presidenta de Gabinete, responsable de este distrito y representante del gobernador del Estado de M\u00e9xico, Alfredo del Mazo; el Diputado Federal, Miguel S\u00e1mano Peralta; la Diputada Local, Aurora Gonz\u00e1lez; el Lic. Jos\u00e9 Antonio Garc\u00eda, representante de del diputado federal Ricardo Aguilar; Lic. Marisol Gonz\u00e1lez Torres, representante permanente del gobernador del Estado de M\u00e9xico; el responsable de Gobernaci\u00f3n Lic. Julio C\u00e9sar Gonz\u00e1lez, director de gobierno de la zona; la Maestra Rosa Yareth Andrade, Presidenta del DIF Aculco; los regidores y las \u00a0regidoras, y el Secretario de Ayuntamiento.<\/p>\n\n\n\n<p>Con profundo amor a este bello Municipio y el coraz\u00f3n lleno de alegr\u00eda, hoy los aculquenses celebran la alegr\u00eda y la magia de un lugar que los ha visto crecer. Arnulfo del R\u00edo, cronista de este Municipio, relat\u00f3 la historia de Aculco, con la cual se quiere honrar las ra\u00edces, la cultura, las tradiciones, que generaci\u00f3n tras generaci\u00f3n y que durante 500 a\u00f1os han dado sentido e identidad al pueblo.<\/p>\n\n\n\n<p>El sentir de los aculquenses es muy fuerte ya que cinco siglos se dicen f\u00e1cil, pero no es as\u00ed. El trabajo de sus pobladores, tanto de hombres como mujeres ha logrado que se forje este Aculco de ahora.<\/p>\n\n\n\n<p>\u201cAcocolco\u201d, lugar donde se tuerce el agua es el nombre que le dieron los nahuas; posteriormente los otom\u00edes tomaron este este lugar. Se le nombr\u00f3 San Jer\u00f3nimo Aculco por los espa\u00f1oles qu\u00e9 fue en el 1522. Es uno de los pueblos m\u00e1s antiguos del pa\u00eds y ha superado momentos muy dif\u00edciles de guerra, de carencias, de p\u00e9rdida de vidas humanas. Gracias al valor de los locales es que reciben esta herencia como un pueblo que lucha por sus tradiciones, por su desarrollo, por una mejor calidad de vida, siempre en la busca de dejar una mejor herencia.<\/p>\n\n\n\n<p>El Presidente Osornio destac\u00f3 la gloria de todos los que los antecedieron, y que es hora de celebrar a sus benefactores y a los seres an\u00f3nimos que han escrito la historia de Aculco. Es hora de festejar la perseverancia de las mujeres y de los hombres que han trabajado siempre en la b\u00fasqueda de forjar un lugar mejor. &nbsp;Se debe honrar la cultura, a los adultos mayores, a los ni\u00f1os y j\u00f3venes, quienes ser\u00e1n los siguientes impulsores. Se tiene que revitalizar los esfuerzos de los antecesores pues a\u00fan hay mucho camino que recorrer. Los exhort\u00f3 a trabajar en unidad, para que las futuras generaciones est\u00e9n orgullosos de la labor que hoy se realiza, que disfruten de un Aculco en paz, para lo cual, hay que seguir trabajando en aras de desarrollar este Municipio.<\/p>\n","protected":false},"excerpt":{"rendered":"<p>El Presidente Municipal de Aculco, Jorge Osornio Victoria, dio la bienvenida a las personalidades que asistieron a la Ceremonia C\u00edvica por los 500 a\u00f1os del bello Municipio de Aculco.<\/p>\n","protected":false},"author":1,"featured_media":6537,"comment_status":"open","ping_status":"open","sticky":false,"template":"","format":"standard","meta":{"footnotes":""},"categories":[11,3,1,231],"tags":[955,1982,954],"class_list":["post-6535","post","type-post","status-publish","format-standard","has-post-thumbnail","hentry","category-cultura","category-gobierno","category-otros","category-politica","tag-aculco","tag-edomex","tag-jorge-osornio"],"yoast_head":"<!-- This site is optimized with the Yoast SEO plugin v27.4 - https:\/\/yoast.com\/product\/yoast-seo-wordpress\/ -->\n<title>ACULCO FESTEJA CON ORGULLO SUS 500 A\u00d1OS: EL PRESIDENTE JORGE OSORNIO DEVELA PLACA CONMEMORATIVA - Expresso Metropolitano<\/title>\n<meta name=\"robots\" content=\"index, follow, max-snippet:-1, max-image-preview:large, max-video-preview:-1\" \/>\n<link rel=\"canonical\" href=\"https:\/\/expressometro.mx\/index.php\/2022\/09\/30\/aculco-festeja-con-orgullo-sus-500-anos-el-presidente-jorge-osornio-devela-placa-conmemorativa\/\" \/>\n<meta property=\"og:locale\" content=\"es_MX\" \/>\n<meta property=\"og:type\" content=\"article\" \/>\n<meta property=\"og:title\" content=\"ACULCO FESTEJA CON ORGULLO SUS 500 A\u00d1OS: EL PRESIDENTE JORGE OSORNIO DEVELA PLACA CONMEMORATIVA - Expresso Metropolitano\" \/>\n<meta property=\"og:description\" content=\"El Presidente Municipal de Aculco, Jorge Osornio Victoria, dio la bienvenida a las personalidades que asistieron a la Ceremonia C\u00edvica por los 500 a\u00f1os del bello Municipio de Aculco.\" \/>\n<meta property=\"og:url\" content=\"https:\/\/expressometro.mx\/index.php\/2022\/09\/30\/aculco-festeja-con-orgullo-sus-500-anos-el-presidente-jorge-osornio-devela-placa-conmemorativa\/\" \/>\n<meta property=\"og:site_name\" content=\"Expresso Metropolitano\" \/>\n<meta property=\"article:published_time\" content=\"2022-09-30T23:16:47+00:00\" \/>\n<meta property=\"article:modified_time\" content=\"2022-09-30T23:16:48+00:00\" \/>\n<meta property=\"og:image\" content=\"http:\/\/expressometro.mx\/wp-content\/uploads\/2022\/09\/Aculco-500-anos-300922-4.jpg\" \/>\n\t<meta property=\"og:image:width\" content=\"761\" \/>\n\t<meta property=\"og:image:height\" content=\"778\" \/>\n\t<meta property=\"og:image:type\" content=\"image\/jpeg\" \/>\n<meta name=\"author\" content=\"Expresso Metropolitano\" \/>\n<meta name=\"twitter:label1\" content=\"Escrito por\" \/>\n\t<meta name=\"twitter:data1\" content=\"Expresso Metropolitano\" \/>\n\t<meta name=\"twitter:label2\" content=\"Tiempo de lectura\" \/>\n\t<meta name=\"twitter:data2\" content=\"3 minutos\" \/>\n<script type=\"application\/ld+json\" class=\"yoast-schema-graph\">{\"@context\":\"https:\\\/\\\/schema.org\",\"@graph\":[{\"@type\":\"Article\",\"@id\":\"https:\\\/\\\/expressometro.mx\\\/index.php\\\/2022\\\/09\\\/30\\\/aculco-festeja-con-orgullo-sus-500-anos-el-presidente-jorge-osornio-devela-placa-conmemorativa\\\/#article\",\"isPartOf\":{\"@id\":\"https:\\\/\\\/expressometro.mx\\\/index.php\\\/2022\\\/09\\\/30\\\/aculco-festeja-con-orgullo-sus-500-anos-el-presidente-jorge-osornio-devela-placa-conmemorativa\\\/\"},\"author\":{\"name\":\"Expresso Metropolitano\",\"@id\":\"https:\\\/\\\/expressometro.mx\\\/#\\\/schema\\\/person\\\/efa971b4a0664db8ed5c22b1b0dd2f5d\"},\"headline\":\"ACULCO FESTEJA CON ORGULLO SUS 500 A\u00d1OS: EL PRESIDENTE JORGE OSORNIO DEVELA PLACA CONMEMORATIVA\",\"datePublished\":\"2022-09-30T23:16:47+00:00\",\"dateModified\":\"2022-09-30T23:16:48+00:00\",\"mainEntityOfPage\":{\"@id\":\"https:\\\/\\\/expressometro.mx\\\/index.php\\\/2022\\\/09\\\/30\\\/aculco-festeja-con-orgullo-sus-500-anos-el-presidente-jorge-osornio-devela-placa-conmemorativa\\\/\"},\"wordCount\":515,\"commentCount\":0,\"publisher\":{\"@id\":\"https:\\\/\\\/expressometro.mx\\\/#organization\"},\"image\":{\"@id\":\"https:\\\/\\\/expressometro.mx\\\/index.php\\\/2022\\\/09\\\/30\\\/aculco-festeja-con-orgullo-sus-500-anos-el-presidente-jorge-osornio-devela-placa-conmemorativa\\\/#primaryimage\"},\"thumbnailUrl\":\"https:\\\/\\\/expressometro.mx\\\/wp-content\\\/uploads\\\/2022\\\/09\\\/Aculco-500-anos-300922-4.jpg\",\"keywords\":[\"Aculco\",\"Edomex\",\"Jorge Osornio\"],\"articleSection\":[\"Cultura\",\"Gobierno\",\"Otros\",\"Pol\u00edtica\"],\"inLanguage\":\"es\",\"potentialAction\":[{\"@type\":\"CommentAction\",\"name\":\"Comment\",\"target\":[\"https:\\\/\\\/expressometro.mx\\\/index.php\\\/2022\\\/09\\\/30\\\/aculco-festeja-con-orgullo-sus-500-anos-el-presidente-jorge-osornio-devela-placa-conmemorativa\\\/#respond\"]}]},{\"@type\":\"WebPage\",\"@id\":\"https:\\\/\\\/expressometro.mx\\\/index.php\\\/2022\\\/09\\\/30\\\/aculco-festeja-con-orgullo-sus-500-anos-el-presidente-jorge-osornio-devela-placa-conmemorativa\\\/\",\"url\":\"https:\\\/\\\/expressometro.mx\\\/index.php\\\/2022\\\/09\\\/30\\\/aculco-festeja-con-orgullo-sus-500-anos-el-presidente-jorge-osornio-devela-placa-conmemorativa\\\/\",\"name\":\"ACULCO FESTEJA CON ORGULLO SUS 500 A\u00d1OS: EL PRESIDENTE JORGE OSORNIO DEVELA PLACA CONMEMORATIVA - Expresso Metropolitano\",\"isPartOf\":{\"@id\":\"https:\\\/\\\/expressometro.mx\\\/#website\"},\"primaryImageOfPage\":{\"@id\":\"https:\\\/\\\/expressometro.mx\\\/index.php\\\/2022\\\/09\\\/30\\\/aculco-festeja-con-orgullo-sus-500-anos-el-presidente-jorge-osornio-devela-placa-conmemorativa\\\/#primaryimage\"},\"image\":{\"@id\":\"https:\\\/\\\/expressometro.mx\\\/index.php\\\/2022\\\/09\\\/30\\\/aculco-festeja-con-orgullo-sus-500-anos-el-presidente-jorge-osornio-devela-placa-conmemorativa\\\/#primaryimage\"},\"thumbnailUrl\":\"https:\\\/\\\/expressometro.mx\\\/wp-content\\\/uploads\\\/2022\\\/09\\\/Aculco-500-anos-300922-4.jpg\",\"datePublished\":\"2022-09-30T23:16:47+00:00\",\"dateModified\":\"2022-09-30T23:16:48+00:00\",\"breadcrumb\":{\"@id\":\"https:\\\/\\\/expressometro.mx\\\/index.php\\\/2022\\\/09\\\/30\\\/aculco-festeja-con-orgullo-sus-500-anos-el-presidente-jorge-osornio-devela-placa-conmemorativa\\\/#breadcrumb\"},\"inLanguage\":\"es\",\"potentialAction\":[{\"@type\":\"ReadAction\",\"target\":[\"https:\\\/\\\/expressometro.mx\\\/index.php\\\/2022\\\/09\\\/30\\\/aculco-festeja-con-orgullo-sus-500-anos-el-presidente-jorge-osornio-devela-placa-conmemorativa\\\/\"]}]},{\"@type\":\"ImageObject\",\"inLanguage\":\"es\",\"@id\":\"https:\\\/\\\/expressometro.mx\\\/index.php\\\/2022\\\/09\\\/30\\\/aculco-festeja-con-orgullo-sus-500-anos-el-presidente-jorge-osornio-devela-placa-conmemorativa\\\/#primaryimage\",\"url\":\"https:\\\/\\\/expressometro.mx\\\/wp-content\\\/uploads\\\/2022\\\/09\\\/Aculco-500-anos-300922-4.jpg\",\"contentUrl\":\"https:\\\/\\\/expressometro.mx\\\/wp-content\\\/uploads\\\/2022\\\/09\\\/Aculco-500-anos-300922-4.jpg\",\"width\":761,\"height\":778},{\"@type\":\"BreadcrumbList\",\"@id\":\"https:\\\/\\\/expressometro.mx\\\/index.php\\\/2022\\\/09\\\/30\\\/aculco-festeja-con-orgullo-sus-500-anos-el-presidente-jorge-osornio-devela-placa-conmemorativa\\\/#breadcrumb\",\"itemListElement\":[{\"@type\":\"ListItem\",\"position\":1,\"name\":\"Inicio\",\"item\":\"https:\\\/\\\/expressometro.mx\\\/\"},{\"@type\":\"ListItem\",\"position\":2,\"name\":\"ACULCO FESTEJA CON ORGULLO SUS 500 A\u00d1OS: EL PRESIDENTE JORGE OSORNIO DEVELA PLACA CONMEMORATIVA\"}]},{\"@type\":\"WebSite\",\"@id\":\"https:\\\/\\\/expressometro.mx\\\/#website\",\"url\":\"https:\\\/\\\/expressometro.mx\\\/\",\"name\":\"Expresso Metropolitano\",\"description\":\"Periodismo comprometido, informaci\u00f3n, investigaci\u00f3n y an\u00e1lisis\",\"publisher\":{\"@id\":\"https:\\\/\\\/expressometro.mx\\\/#organization\"},\"potentialAction\":[{\"@type\":\"SearchAction\",\"target\":{\"@type\":\"EntryPoint\",\"urlTemplate\":\"https:\\\/\\\/expressometro.mx\\\/?s={search_term_string}\"},\"query-input\":{\"@type\":\"PropertyValueSpecification\",\"valueRequired\":true,\"valueName\":\"search_term_string\"}}],\"inLanguage\":\"es\"},{\"@type\":\"Organization\",\"@id\":\"https:\\\/\\\/expressometro.mx\\\/#organization\",\"name\":\"Expresso Metropolitano\",\"url\":\"https:\\\/\\\/expressometro.mx\\\/\",\"logo\":{\"@type\":\"ImageObject\",\"inLanguage\":\"es\",\"@id\":\"https:\\\/\\\/expressometro.mx\\\/#\\\/schema\\\/logo\\\/image\\\/\",\"url\":\"https:\\\/\\\/expressometro.mx\\\/wp-content\\\/uploads\\\/2019\\\/07\\\/cropped-Logo-Expresso-Metropolitano-1-1.jpeg\",\"contentUrl\":\"https:\\\/\\\/expressometro.mx\\\/wp-content\\\/uploads\\\/2019\\\/07\\\/cropped-Logo-Expresso-Metropolitano-1-1.jpeg\",\"width\":290,\"height\":73,\"caption\":\"Expresso Metropolitano\"},\"image\":{\"@id\":\"https:\\\/\\\/expressometro.mx\\\/#\\\/schema\\\/logo\\\/image\\\/\"}},{\"@type\":\"Person\",\"@id\":\"https:\\\/\\\/expressometro.mx\\\/#\\\/schema\\\/person\\\/efa971b4a0664db8ed5c22b1b0dd2f5d\",\"name\":\"Expresso Metropolitano\",\"image\":{\"@type\":\"ImageObject\",\"inLanguage\":\"es\",\"@id\":\"https:\\\/\\\/secure.gravatar.com\\\/avatar\\\/a89f802b8de18c6952f223c88d3d106e9e3679839f4e25a02f4a6cc2ae6ba3b3?s=96&d=mm&r=g\",\"url\":\"https:\\\/\\\/secure.gravatar.com\\\/avatar\\\/a89f802b8de18c6952f223c88d3d106e9e3679839f4e25a02f4a6cc2ae6ba3b3?s=96&d=mm&r=g\",\"contentUrl\":\"https:\\\/\\\/secure.gravatar.com\\\/avatar\\\/a89f802b8de18c6952f223c88d3d106e9e3679839f4e25a02f4a6cc2ae6ba3b3?s=96&d=mm&r=g\",\"caption\":\"Expresso Metropolitano\"},\"url\":\"https:\\\/\\\/expressometro.mx\\\/index.php\\\/author\\\/diego\\\/\"}]}<\/script>\n<!-- \/ Yoast SEO plugin. -->","yoast_head_json":{"title":"ACULCO FESTEJA CON ORGULLO SUS 500 A\u00d1OS: EL PRESIDENTE JORGE OSORNIO DEVELA PLACA CONMEMORATIVA - Expresso Metropolitano","robots":{"index":"index","follow":"follow","max-snippet":"max-snippet:-1","max-image-preview":"max-image-preview:large","max-video-preview":"max-video-preview:-1"},"canonical":"https:\/\/expressometro.mx\/index.php\/2022\/09\/30\/aculco-festeja-con-orgullo-sus-500-anos-el-presidente-jorge-osornio-devela-placa-conmemorativa\/","og_locale":"es_MX","og_type":"article","og_title":"ACULCO FESTEJA CON ORGULLO SUS 500 A\u00d1OS: EL PRESIDENTE JORGE OSORNIO DEVELA PLACA CONMEMORATIVA - Expresso Metropolitano","og_description":"El Presidente Municipal de Aculco, Jorge Osornio Victoria, dio la bienvenida a las personalidades que asistieron a la Ceremonia C\u00edvica por los 500 a\u00f1os del bello Municipio de Aculco.","og_url":"https:\/\/expressometro.mx\/index.php\/2022\/09\/30\/aculco-festeja-con-orgullo-sus-500-anos-el-presidente-jorge-osornio-devela-placa-conmemorativa\/","og_site_name":"Expresso Metropolitano","article_published_time":"2022-09-30T23:16:47+00:00","article_modified_time":"2022-09-30T23:16:48+00:00","og_image":[{"width":761,"height":778,"url":"http:\/\/expressometro.mx\/wp-content\/uploads\/2022\/09\/Aculco-500-anos-300922-4.jpg","type":"image\/jpeg"}],"author":"Expresso Metropolitano","twitter_misc":{"Escrito por":"Expresso Metropolitano","Tiempo de lectura":"3 minutos"},"schema":{"@context":"https:\/\/schema.org","@graph":[{"@type":"Article","@id":"https:\/\/expressometro.mx\/index.php\/2022\/09\/30\/aculco-festeja-con-orgullo-sus-500-anos-el-presidente-jorge-osornio-devela-placa-conmemorativa\/#article","isPartOf":{"@id":"https:\/\/expressometro.mx\/index.php\/2022\/09\/30\/aculco-festeja-con-orgullo-sus-500-anos-el-presidente-jorge-osornio-devela-placa-conmemorativa\/"},"author":{"name":"Expresso Metropolitano","@id":"https:\/\/expressometro.mx\/#\/schema\/person\/efa971b4a0664db8ed5c22b1b0dd2f5d"},"headline":"ACULCO FESTEJA CON ORGULLO SUS 500 A\u00d1OS: EL PRESIDENTE JORGE OSORNIO DEVELA PLACA CONMEMORATIVA","datePublished":"2022-09-30T23:16:47+00:00","dateModified":"2022-09-30T23:16:48+00:00","mainEntityOfPage":{"@id":"https:\/\/expressometro.mx\/index.php\/2022\/09\/30\/aculco-festeja-con-orgullo-sus-500-anos-el-presidente-jorge-osornio-devela-placa-conmemorativa\/"},"wordCount":515,"commentCount":0,"publisher":{"@id":"https:\/\/expressometro.mx\/#organization"},"image":{"@id":"https:\/\/expressometro.mx\/index.php\/2022\/09\/30\/aculco-festeja-con-orgullo-sus-500-anos-el-presidente-jorge-osornio-devela-placa-conmemorativa\/#primaryimage"},"thumbnailUrl":"https:\/\/expressometro.mx\/wp-content\/uploads\/2022\/09\/Aculco-500-anos-300922-4.jpg","keywords":["Aculco","Edomex","Jorge Osornio"],"articleSection":["Cultura","Gobierno","Otros","Pol\u00edtica"],"inLanguage":"es","potentialAction":[{"@type":"CommentAction","name":"Comment","target":["https:\/\/expressometro.mx\/index.php\/2022\/09\/30\/aculco-festeja-con-orgullo-sus-500-anos-el-presidente-jorge-osornio-devela-placa-conmemorativa\/#respond"]}]},{"@type":"WebPage","@id":"https:\/\/expressometro.mx\/index.php\/2022\/09\/30\/aculco-festeja-con-orgullo-sus-500-anos-el-presidente-jorge-osornio-devela-placa-conmemorativa\/","url":"https:\/\/expressometro.mx\/index.php\/2022\/09\/30\/aculco-festeja-con-orgullo-sus-500-anos-el-presidente-jorge-osornio-devela-placa-conmemorativa\/","name":"ACULCO FESTEJA CON ORGULLO SUS 500 A\u00d1OS: EL PRESIDENTE JORGE OSORNIO DEVELA PLACA CONMEMORATIVA - Expresso Metropolitano","isPartOf":{"@id":"https:\/\/expressometro.mx\/#website"},"primaryImageOfPage":{"@id":"https:\/\/expressometro.mx\/index.php\/2022\/09\/30\/aculco-festeja-con-orgullo-sus-500-anos-el-presidente-jorge-osornio-devela-placa-conmemorativa\/#primaryimage"},"image":{"@id":"https:\/\/expressometro.mx\/index.php\/2022\/09\/30\/aculco-festeja-con-orgullo-sus-500-anos-el-presidente-jorge-osornio-devela-placa-conmemorativa\/#primaryimage"},"thumbnailUrl":"https:\/\/expressometro.mx\/wp-content\/uploads\/2022\/09\/Aculco-500-anos-300922-4.jpg","datePublished":"2022-09-30T23:16:47+00:00","dateModified":"2022-09-30T23:16:48+00:00","breadcrumb":{"@id":"https:\/\/expressometro.mx\/index.php\/2022\/09\/30\/aculco-festeja-con-orgullo-sus-500-anos-el-presidente-jorge-osornio-devela-placa-conmemorativa\/#breadcrumb"},"inLanguage":"es","potentialAction":[{"@type":"ReadAction","target":["https:\/\/expressometro.mx\/index.php\/2022\/09\/30\/aculco-festeja-con-orgullo-sus-500-anos-el-presidente-jorge-osornio-devela-placa-conmemorativa\/"]}]},{"@type":"ImageObject","inLanguage":"es","@id":"https:\/\/expressometro.mx\/index.php\/2022\/09\/30\/aculco-festeja-con-orgullo-sus-500-anos-el-presidente-jorge-osornio-devela-placa-conmemorativa\/#primaryimage","url":"https:\/\/expressometro.mx\/wp-content\/uploads\/2022\/09\/Aculco-500-anos-300922-4.jpg","contentUrl":"https:\/\/expressometro.mx\/wp-content\/uploads\/2022\/09\/Aculco-500-anos-300922-4.jpg","width":761,"height":778},{"@type":"BreadcrumbList","@id":"https:\/\/expressometro.mx\/index.php\/2022\/09\/30\/aculco-festeja-con-orgullo-sus-500-anos-el-presidente-jorge-osornio-devela-placa-conmemorativa\/#breadcrumb","itemListElement":[{"@type":"ListItem","position":1,"name":"Inicio","item":"https:\/\/expressometro.mx\/"},{"@type":"ListItem","position":2,"name":"ACULCO FESTEJA CON ORGULLO SUS 500 A\u00d1OS: EL PRESIDENTE JORGE OSORNIO DEVELA PLACA CONMEMORATIVA"}]},{"@type":"WebSite","@id":"https:\/\/expressometro.mx\/#website","url":"https:\/\/expressometro.mx\/","name":"Expresso Metropolitano","description":"Periodismo comprometido, informaci\u00f3n, investigaci\u00f3n y an\u00e1lisis","publisher":{"@id":"https:\/\/expressometro.mx\/#organization"},"potentialAction":[{"@type":"SearchAction","target":{"@type":"EntryPoint","urlTemplate":"https:\/\/expressometro.mx\/?s={search_term_string}"},"query-input":{"@type":"PropertyValueSpecification","valueRequired":true,"valueName":"search_term_string"}}],"inLanguage":"es"},{"@type":"Organization","@id":"https:\/\/expressometro.mx\/#organization","name":"Expresso Metropolitano","url":"https:\/\/expressometro.mx\/","logo":{"@type":"ImageObject","inLanguage":"es","@id":"https:\/\/expressometro.mx\/#\/schema\/logo\/image\/","url":"https:\/\/expressometro.mx\/wp-content\/uploads\/2019\/07\/cropped-Logo-Expresso-Metropolitano-1-1.jpeg","contentUrl":"https:\/\/expressometro.mx\/wp-content\/uploads\/2019\/07\/cropped-Logo-Expresso-Metropolitano-1-1.jpeg","width":290,"height":73,"caption":"Expresso Metropolitano"},"image":{"@id":"https:\/\/expressometro.mx\/#\/schema\/logo\/image\/"}},{"@type":"Person","@id":"https:\/\/expressometro.mx\/#\/schema\/person\/efa971b4a0664db8ed5c22b1b0dd2f5d","name":"Expresso Metropolitano","image":{"@type":"ImageObject","inLanguage":"es","@id":"https:\/\/secure.gravatar.com\/avatar\/a89f802b8de18c6952f223c88d3d106e9e3679839f4e25a02f4a6cc2ae6ba3b3?s=96&d=mm&r=g","url":"https:\/\/secure.gravatar.com\/avatar\/a89f802b8de18c6952f223c88d3d106e9e3679839f4e25a02f4a6cc2ae6ba3b3?s=96&d=mm&r=g","contentUrl":"https:\/\/secure.gravatar.com\/avatar\/a89f802b8de18c6952f223c88d3d106e9e3679839f4e25a02f4a6cc2ae6ba3b3?s=96&d=mm&r=g","caption":"Expresso Metropolitano"},"url":"https:\/\/expressometro.mx\/index.php\/author\/diego\/"}]}},"amp_enabled":true,"_links":{"self":[{"href":"https:\/\/expressometro.mx\/index.php\/wp-json\/wp\/v2\/posts\/6535","targetHints":{"allow":["GET"]}}],"collection":[{"href":"https:\/\/expressometro.mx\/index.php\/wp-json\/wp\/v2\/posts"}],"about":[{"href":"https:\/\/expressometro.mx\/index.php\/wp-json\/wp\/v2\/types\/post"}],"author":[{"embeddable":true,"href":"https:\/\/expressometro.mx\/index.php\/wp-json\/wp\/v2\/users\/1"}],"replies":[{"embeddable":true,"href":"https:\/\/expressometro.mx\/index.php\/wp-json\/wp\/v2\/comments?post=6535"}],"version-history":[{"count":1,"href":"https:\/\/expressometro.mx\/index.php\/wp-json\/wp\/v2\/posts\/6535\/revisions"}],"predecessor-version":[{"id":6538,"href":"https:\/\/expressometro.mx\/index.php\/wp-json\/wp\/v2\/posts\/6535\/revisions\/6538"}],"wp:featuredmedia":[{"embeddable":true,"href":"https:\/\/expressometro.mx\/index.php\/wp-json\/wp\/v2\/media\/6537"}],"wp:attachment":[{"href":"https:\/\/expressometro.mx\/index.php\/wp-json\/wp\/v2\/media?parent=6535"}],"wp:term":[{"taxonomy":"category","embeddable":true,"href":"https:\/\/expressometro.mx\/index.php\/wp-json\/wp\/v2\/categories?post=6535"},{"taxonomy":"post_tag","embeddable":true,"href":"https:\/\/expressometro.mx\/index.php\/wp-json\/wp\/v2\/tags?post=6535"}],"curies":[{"name":"wp","href":"https:\/\/api.w.org\/{rel}","templated":true}]}}