{"id":6530,"date":"2022-09-28T07:37:19","date_gmt":"2022-09-28T12:37:19","guid":{"rendered":"https:\/\/expressometro.mx\/?p=6530"},"modified":"2022-09-28T07:37:20","modified_gmt":"2022-09-28T12:37:20","slug":"avanzan-en-congreso-de-edomex-gobiernos-de-coalicion","status":"publish","type":"post","link":"https:\/\/expressometro.mx\/index.php\/2022\/09\/28\/avanzan-en-congreso-de-edomex-gobiernos-de-coalicion\/","title":{"rendered":"AVANZAN EN CONGRESO DE EDOMEX GOBIERNOS DE COALICI\u00d3N"},"content":{"rendered":"\n<p><\/p>\n\n\n\n<p>\u2022 Partidos pol\u00edticos podr\u00e1n suscribir un acuerdo que establezca su integraci\u00f3n en dependencias del Ejecutivo y organismos auxiliares.<\/p>\n\n\n\n<p>\u2022 Aprobaron la Ley de Gobiernos de Coalici\u00f3n, reglamentaria de los art\u00edculos 61 y 77 de la Constituci\u00f3n mexiquense.<\/p>\n\n\n\n<p>Comisiones unidas aprobaron por mayor\u00eda de votos que, en el caso de una coalici\u00f3n o candidatura com\u00fan para postular a personas candidatas a gobernador o gobernadora, los partidos pol\u00edticos podr\u00e1n suscribir un acuerdo espec\u00edfico en que se establezca la forma en que estos participar\u00e1n en la integraci\u00f3n de las dependencias del Ejecutivo y organismos auxiliares y en la definici\u00f3n de agenda legislativa, as\u00ed como la Ley de Gobiernos de Coalici\u00f3n Reglamentaria de los art\u00edculos 61 y 77 de la Constituci\u00f3n mexiquense.<\/p>\n\n\n\n<p>En reuni\u00f3n conducida por el diputado Jes\u00fas Gerardo Izquierdo Rojas (PRI) e Issac Mart\u00edn Montoya M\u00e1rquez (Morena), se aprob\u00f3 que el acuerdo deber\u00e1 ser suscrito por la persona candidata y dirigentes estatales de los partidos involucrados con la aprobaci\u00f3n de sus \u00f3rganos directivos estatales, y presentarse ante el Instituto Electoral del Estado de M\u00e9xico en los plazos previstos para estos convenios, adem\u00e1s que, durante el tiempo que transcurra entre dos procesos electorales solo podr\u00e1 ser procedente el recurso de apelaci\u00f3n que podr\u00e1 se interpuesto por los partidos pol\u00edticos por el incumplimiento del acuerdo.<\/p>\n\n\n\n<p>En cuanto a la ley que se expide, establece que el gobierno de coalici\u00f3n es un instrumento de gobernabilidad democr\u00e1tica y constituye un r\u00e9gimen plural de corresponsabilidad en el \u00e1mbito legislativo y ejecutivo conformado por el partido que postul\u00f3 al gobernador estatal y a uno o varios partidos cuya suma alcance una representaci\u00f3n parlamentaria en la Legislatura mexiquense.<\/p>\n\n\n\n<p>Se\u00f1ala tambi\u00e9n que, cuando el gobernador opte por crear un gobierno de coalici\u00f3n, elaborar\u00e1 en conjunto con el o los partidos que constituyen la coalici\u00f3n el convenio y programa respectivo en el que se fijen la orientaci\u00f3n de sus prioridades legislativas, pol\u00edticas p\u00fablicas y los compromisos de gobierno.<\/p>\n\n\n\n<p>El gobernador enviar\u00e1 al a Legislatura el proyecto del programa y del convenio para su aprobaci\u00f3n, y el nombramiento de las y los servidores que integraran el gobierno de coalici\u00f3n. Una vez que la Legislatura apruebe, ratificar\u00e1 los nombramientos que haga el Ejecutivo de los servidores p\u00fablicos del caso. De no ser aprobados los nombramientos, los funcionarios deber\u00e1n dejar sus cargos, y el Ejecutivo, en un plazo de diez d\u00edas h\u00e1biles someter\u00e1 a la Legislatura una nueva propuesta.<\/p>\n\n\n\n<p>Participaron en la reuni\u00f3n los y la coordinadora legislativa de Morena, PRI, PAN, PRD, PVEM y Movimiento Ciudadano, Maurilio Hern\u00e1ndez Gonz\u00e1lez, El\u00edas Rescala Jim\u00e9nez, Enrique Vargas del Villar, Omar Ortega \u00c1lvarez, Mar\u00eda Luisa Mendoza Mondrag\u00f3n y Mart\u00edn Zepeda Hern\u00e1ndez respectivamente, as\u00ed como las y los diputadas Ingrid Schemelensky Castro (PAN), Daniel Andr\u00e9s Sibaja Gonz\u00e1lez (Morena) e Isabel S\u00e1nchez Holgu\u00edn (PRI).<\/p>\n\n\n\n<p>Aprobadas con el voto en contra del grupo legislativo de Morena, las comisiones analizaron conjuntamente las iniciativas de la diputada del PAN Ingrid Schemelensky, y los legisladores Enrique Vargas del Villar y Adri\u00e1n Ju\u00e1rez Jim\u00e9nez, as\u00ed como las y el diputado del PRD Mar\u00eda Elida Castel\u00e1n Mondrag\u00f3n, Viridiana Fuentes Cruz y Omar Ortega \u00c1lvarez.<\/p>\n","protected":false},"excerpt":{"rendered":"<p>Comisiones unidas aprobaron por mayor\u00eda de votos que, en el caso de una coalici\u00f3n o candidatura com\u00fan para postular a personas candidatas a gobernador o gobernadora, los partidos pol\u00edticos podr\u00e1n suscribir un acuerdo espec\u00edfico en que se establezca la forma en que estos participar\u00e1n en la integraci\u00f3n de las dependencias del Ejecutivo y organismos auxiliares y en la definici\u00f3n de agenda legislativa, as\u00ed como la Ley de Gobiernos de Coalici\u00f3n Reglamentaria de los art\u00edculos 61 y 77 de la Constituci\u00f3n mexiquense.<\/p>\n","protected":false},"author":1,"featured_media":6532,"comment_status":"open","ping_status":"open","sticky":false,"template":"","format":"standard","meta":{"footnotes":""},"categories":[3,1,231],"tags":[1982,158],"class_list":["post-6530","post","type-post","status-publish","format-standard","has-post-thumbnail","hentry","category-gobierno","category-otros","category-politica","tag-edomex","tag-pri"],"yoast_head":"<!-- This site is optimized with the Yoast SEO plugin v27.4 - https:\/\/yoast.com\/product\/yoast-seo-wordpress\/ -->\n<title>AVANZAN EN CONGRESO DE EDOMEX GOBIERNOS DE COALICI\u00d3N - Expresso Metropolitano<\/title>\n<meta name=\"robots\" content=\"index, follow, max-snippet:-1, max-image-preview:large, max-video-preview:-1\" \/>\n<link rel=\"canonical\" href=\"https:\/\/expressometro.mx\/index.php\/2022\/09\/28\/avanzan-en-congreso-de-edomex-gobiernos-de-coalicion\/\" \/>\n<meta property=\"og:locale\" content=\"es_MX\" \/>\n<meta property=\"og:type\" content=\"article\" \/>\n<meta property=\"og:title\" content=\"AVANZAN EN CONGRESO DE EDOMEX GOBIERNOS DE COALICI\u00d3N - Expresso Metropolitano\" \/>\n<meta property=\"og:description\" content=\"Comisiones unidas aprobaron por mayor\u00eda de votos que, en el caso de una coalici\u00f3n o candidatura com\u00fan para postular a personas candidatas a gobernador o gobernadora, los partidos pol\u00edticos podr\u00e1n suscribir un acuerdo espec\u00edfico en que se establezca la forma en que estos participar\u00e1n en la integraci\u00f3n de las dependencias del Ejecutivo y organismos auxiliares y en la definici\u00f3n de agenda legislativa, as\u00ed como la Ley de Gobiernos de Coalici\u00f3n Reglamentaria de los art\u00edculos 61 y 77 de la Constituci\u00f3n mexiquense.\" \/>\n<meta property=\"og:url\" content=\"https:\/\/expressometro.mx\/index.php\/2022\/09\/28\/avanzan-en-congreso-de-edomex-gobiernos-de-coalicion\/\" \/>\n<meta property=\"og:site_name\" content=\"Expresso Metropolitano\" \/>\n<meta property=\"article:published_time\" content=\"2022-09-28T12:37:19+00:00\" \/>\n<meta property=\"article:modified_time\" content=\"2022-09-28T12:37:20+00:00\" \/>\n<meta property=\"og:image\" content=\"http:\/\/expressometro.mx\/wp-content\/uploads\/2022\/09\/Diputados-del-PRI-270922-1.jpg\" \/>\n\t<meta property=\"og:image:width\" content=\"850\" \/>\n\t<meta property=\"og:image:height\" content=\"638\" \/>\n\t<meta property=\"og:image:type\" content=\"image\/jpeg\" \/>\n<meta name=\"author\" content=\"Expresso Metropolitano\" \/>\n<meta name=\"twitter:label1\" content=\"Escrito por\" \/>\n\t<meta name=\"twitter:data1\" content=\"Expresso Metropolitano\" \/>\n\t<meta name=\"twitter:label2\" content=\"Tiempo de lectura\" \/>\n\t<meta name=\"twitter:data2\" content=\"3 minutos\" \/>\n<script type=\"application\/ld+json\" class=\"yoast-schema-graph\">{\"@context\":\"https:\\\/\\\/schema.org\",\"@graph\":[{\"@type\":\"Article\",\"@id\":\"https:\\\/\\\/expressometro.mx\\\/index.php\\\/2022\\\/09\\\/28\\\/avanzan-en-congreso-de-edomex-gobiernos-de-coalicion\\\/#article\",\"isPartOf\":{\"@id\":\"https:\\\/\\\/expressometro.mx\\\/index.php\\\/2022\\\/09\\\/28\\\/avanzan-en-congreso-de-edomex-gobiernos-de-coalicion\\\/\"},\"author\":{\"name\":\"Expresso Metropolitano\",\"@id\":\"https:\\\/\\\/expressometro.mx\\\/#\\\/schema\\\/person\\\/efa971b4a0664db8ed5c22b1b0dd2f5d\"},\"headline\":\"AVANZAN EN CONGRESO DE EDOMEX GOBIERNOS DE COALICI\u00d3N\",\"datePublished\":\"2022-09-28T12:37:19+00:00\",\"dateModified\":\"2022-09-28T12:37:20+00:00\",\"mainEntityOfPage\":{\"@id\":\"https:\\\/\\\/expressometro.mx\\\/index.php\\\/2022\\\/09\\\/28\\\/avanzan-en-congreso-de-edomex-gobiernos-de-coalicion\\\/\"},\"wordCount\":575,\"commentCount\":0,\"publisher\":{\"@id\":\"https:\\\/\\\/expressometro.mx\\\/#organization\"},\"image\":{\"@id\":\"https:\\\/\\\/expressometro.mx\\\/index.php\\\/2022\\\/09\\\/28\\\/avanzan-en-congreso-de-edomex-gobiernos-de-coalicion\\\/#primaryimage\"},\"thumbnailUrl\":\"https:\\\/\\\/expressometro.mx\\\/wp-content\\\/uploads\\\/2022\\\/09\\\/Diputados-del-PRI-270922-1.jpg\",\"keywords\":[\"Edomex\",\"PRI\"],\"articleSection\":[\"Gobierno\",\"Otros\",\"Pol\u00edtica\"],\"inLanguage\":\"es\",\"potentialAction\":[{\"@type\":\"CommentAction\",\"name\":\"Comment\",\"target\":[\"https:\\\/\\\/expressometro.mx\\\/index.php\\\/2022\\\/09\\\/28\\\/avanzan-en-congreso-de-edomex-gobiernos-de-coalicion\\\/#respond\"]}]},{\"@type\":\"WebPage\",\"@id\":\"https:\\\/\\\/expressometro.mx\\\/index.php\\\/2022\\\/09\\\/28\\\/avanzan-en-congreso-de-edomex-gobiernos-de-coalicion\\\/\",\"url\":\"https:\\\/\\\/expressometro.mx\\\/index.php\\\/2022\\\/09\\\/28\\\/avanzan-en-congreso-de-edomex-gobiernos-de-coalicion\\\/\",\"name\":\"AVANZAN EN CONGRESO DE EDOMEX GOBIERNOS DE COALICI\u00d3N - Expresso Metropolitano\",\"isPartOf\":{\"@id\":\"https:\\\/\\\/expressometro.mx\\\/#website\"},\"primaryImageOfPage\":{\"@id\":\"https:\\\/\\\/expressometro.mx\\\/index.php\\\/2022\\\/09\\\/28\\\/avanzan-en-congreso-de-edomex-gobiernos-de-coalicion\\\/#primaryimage\"},\"image\":{\"@id\":\"https:\\\/\\\/expressometro.mx\\\/index.php\\\/2022\\\/09\\\/28\\\/avanzan-en-congreso-de-edomex-gobiernos-de-coalicion\\\/#primaryimage\"},\"thumbnailUrl\":\"https:\\\/\\\/expressometro.mx\\\/wp-content\\\/uploads\\\/2022\\\/09\\\/Diputados-del-PRI-270922-1.jpg\",\"datePublished\":\"2022-09-28T12:37:19+00:00\",\"dateModified\":\"2022-09-28T12:37:20+00:00\",\"breadcrumb\":{\"@id\":\"https:\\\/\\\/expressometro.mx\\\/index.php\\\/2022\\\/09\\\/28\\\/avanzan-en-congreso-de-edomex-gobiernos-de-coalicion\\\/#breadcrumb\"},\"inLanguage\":\"es\",\"potentialAction\":[{\"@type\":\"ReadAction\",\"target\":[\"https:\\\/\\\/expressometro.mx\\\/index.php\\\/2022\\\/09\\\/28\\\/avanzan-en-congreso-de-edomex-gobiernos-de-coalicion\\\/\"]}]},{\"@type\":\"ImageObject\",\"inLanguage\":\"es\",\"@id\":\"https:\\\/\\\/expressometro.mx\\\/index.php\\\/2022\\\/09\\\/28\\\/avanzan-en-congreso-de-edomex-gobiernos-de-coalicion\\\/#primaryimage\",\"url\":\"https:\\\/\\\/expressometro.mx\\\/wp-content\\\/uploads\\\/2022\\\/09\\\/Diputados-del-PRI-270922-1.jpg\",\"contentUrl\":\"https:\\\/\\\/expressometro.mx\\\/wp-content\\\/uploads\\\/2022\\\/09\\\/Diputados-del-PRI-270922-1.jpg\",\"width\":850,\"height\":638},{\"@type\":\"BreadcrumbList\",\"@id\":\"https:\\\/\\\/expressometro.mx\\\/index.php\\\/2022\\\/09\\\/28\\\/avanzan-en-congreso-de-edomex-gobiernos-de-coalicion\\\/#breadcrumb\",\"itemListElement\":[{\"@type\":\"ListItem\",\"position\":1,\"name\":\"Inicio\",\"item\":\"https:\\\/\\\/expressometro.mx\\\/\"},{\"@type\":\"ListItem\",\"position\":2,\"name\":\"AVANZAN EN CONGRESO DE EDOMEX GOBIERNOS DE COALICI\u00d3N\"}]},{\"@type\":\"WebSite\",\"@id\":\"https:\\\/\\\/expressometro.mx\\\/#website\",\"url\":\"https:\\\/\\\/expressometro.mx\\\/\",\"name\":\"Expresso Metropolitano\",\"description\":\"Periodismo comprometido, informaci\u00f3n, investigaci\u00f3n y an\u00e1lisis\",\"publisher\":{\"@id\":\"https:\\\/\\\/expressometro.mx\\\/#organization\"},\"potentialAction\":[{\"@type\":\"SearchAction\",\"target\":{\"@type\":\"EntryPoint\",\"urlTemplate\":\"https:\\\/\\\/expressometro.mx\\\/?s={search_term_string}\"},\"query-input\":{\"@type\":\"PropertyValueSpecification\",\"valueRequired\":true,\"valueName\":\"search_term_string\"}}],\"inLanguage\":\"es\"},{\"@type\":\"Organization\",\"@id\":\"https:\\\/\\\/expressometro.mx\\\/#organization\",\"name\":\"Expresso Metropolitano\",\"url\":\"https:\\\/\\\/expressometro.mx\\\/\",\"logo\":{\"@type\":\"ImageObject\",\"inLanguage\":\"es\",\"@id\":\"https:\\\/\\\/expressometro.mx\\\/#\\\/schema\\\/logo\\\/image\\\/\",\"url\":\"https:\\\/\\\/expressometro.mx\\\/wp-content\\\/uploads\\\/2019\\\/07\\\/cropped-Logo-Expresso-Metropolitano-1-1.jpeg\",\"contentUrl\":\"https:\\\/\\\/expressometro.mx\\\/wp-content\\\/uploads\\\/2019\\\/07\\\/cropped-Logo-Expresso-Metropolitano-1-1.jpeg\",\"width\":290,\"height\":73,\"caption\":\"Expresso Metropolitano\"},\"image\":{\"@id\":\"https:\\\/\\\/expressometro.mx\\\/#\\\/schema\\\/logo\\\/image\\\/\"}},{\"@type\":\"Person\",\"@id\":\"https:\\\/\\\/expressometro.mx\\\/#\\\/schema\\\/person\\\/efa971b4a0664db8ed5c22b1b0dd2f5d\",\"name\":\"Expresso Metropolitano\",\"image\":{\"@type\":\"ImageObject\",\"inLanguage\":\"es\",\"@id\":\"https:\\\/\\\/secure.gravatar.com\\\/avatar\\\/a89f802b8de18c6952f223c88d3d106e9e3679839f4e25a02f4a6cc2ae6ba3b3?s=96&d=mm&r=g\",\"url\":\"https:\\\/\\\/secure.gravatar.com\\\/avatar\\\/a89f802b8de18c6952f223c88d3d106e9e3679839f4e25a02f4a6cc2ae6ba3b3?s=96&d=mm&r=g\",\"contentUrl\":\"https:\\\/\\\/secure.gravatar.com\\\/avatar\\\/a89f802b8de18c6952f223c88d3d106e9e3679839f4e25a02f4a6cc2ae6ba3b3?s=96&d=mm&r=g\",\"caption\":\"Expresso Metropolitano\"},\"url\":\"https:\\\/\\\/expressometro.mx\\\/index.php\\\/author\\\/diego\\\/\"}]}<\/script>\n<!-- \/ Yoast SEO plugin. -->","yoast_head_json":{"title":"AVANZAN EN CONGRESO DE EDOMEX GOBIERNOS DE COALICI\u00d3N - Expresso Metropolitano","robots":{"index":"index","follow":"follow","max-snippet":"max-snippet:-1","max-image-preview":"max-image-preview:large","max-video-preview":"max-video-preview:-1"},"canonical":"https:\/\/expressometro.mx\/index.php\/2022\/09\/28\/avanzan-en-congreso-de-edomex-gobiernos-de-coalicion\/","og_locale":"es_MX","og_type":"article","og_title":"AVANZAN EN CONGRESO DE EDOMEX GOBIERNOS DE COALICI\u00d3N - Expresso Metropolitano","og_description":"Comisiones unidas aprobaron por mayor\u00eda de votos que, en el caso de una coalici\u00f3n o candidatura com\u00fan para postular a personas candidatas a gobernador o gobernadora, los partidos pol\u00edticos podr\u00e1n suscribir un acuerdo espec\u00edfico en que se establezca la forma en que estos participar\u00e1n en la integraci\u00f3n de las dependencias del Ejecutivo y organismos auxiliares y en la definici\u00f3n de agenda legislativa, as\u00ed como la Ley de Gobiernos de Coalici\u00f3n Reglamentaria de los art\u00edculos 61 y 77 de la Constituci\u00f3n mexiquense.","og_url":"https:\/\/expressometro.mx\/index.php\/2022\/09\/28\/avanzan-en-congreso-de-edomex-gobiernos-de-coalicion\/","og_site_name":"Expresso Metropolitano","article_published_time":"2022-09-28T12:37:19+00:00","article_modified_time":"2022-09-28T12:37:20+00:00","og_image":[{"width":850,"height":638,"url":"http:\/\/expressometro.mx\/wp-content\/uploads\/2022\/09\/Diputados-del-PRI-270922-1.jpg","type":"image\/jpeg"}],"author":"Expresso Metropolitano","twitter_misc":{"Escrito por":"Expresso Metropolitano","Tiempo de lectura":"3 minutos"},"schema":{"@context":"https:\/\/schema.org","@graph":[{"@type":"Article","@id":"https:\/\/expressometro.mx\/index.php\/2022\/09\/28\/avanzan-en-congreso-de-edomex-gobiernos-de-coalicion\/#article","isPartOf":{"@id":"https:\/\/expressometro.mx\/index.php\/2022\/09\/28\/avanzan-en-congreso-de-edomex-gobiernos-de-coalicion\/"},"author":{"name":"Expresso Metropolitano","@id":"https:\/\/expressometro.mx\/#\/schema\/person\/efa971b4a0664db8ed5c22b1b0dd2f5d"},"headline":"AVANZAN EN CONGRESO DE EDOMEX GOBIERNOS DE COALICI\u00d3N","datePublished":"2022-09-28T12:37:19+00:00","dateModified":"2022-09-28T12:37:20+00:00","mainEntityOfPage":{"@id":"https:\/\/expressometro.mx\/index.php\/2022\/09\/28\/avanzan-en-congreso-de-edomex-gobiernos-de-coalicion\/"},"wordCount":575,"commentCount":0,"publisher":{"@id":"https:\/\/expressometro.mx\/#organization"},"image":{"@id":"https:\/\/expressometro.mx\/index.php\/2022\/09\/28\/avanzan-en-congreso-de-edomex-gobiernos-de-coalicion\/#primaryimage"},"thumbnailUrl":"https:\/\/expressometro.mx\/wp-content\/uploads\/2022\/09\/Diputados-del-PRI-270922-1.jpg","keywords":["Edomex","PRI"],"articleSection":["Gobierno","Otros","Pol\u00edtica"],"inLanguage":"es","potentialAction":[{"@type":"CommentAction","name":"Comment","target":["https:\/\/expressometro.mx\/index.php\/2022\/09\/28\/avanzan-en-congreso-de-edomex-gobiernos-de-coalicion\/#respond"]}]},{"@type":"WebPage","@id":"https:\/\/expressometro.mx\/index.php\/2022\/09\/28\/avanzan-en-congreso-de-edomex-gobiernos-de-coalicion\/","url":"https:\/\/expressometro.mx\/index.php\/2022\/09\/28\/avanzan-en-congreso-de-edomex-gobiernos-de-coalicion\/","name":"AVANZAN EN CONGRESO DE EDOMEX GOBIERNOS DE COALICI\u00d3N - Expresso Metropolitano","isPartOf":{"@id":"https:\/\/expressometro.mx\/#website"},"primaryImageOfPage":{"@id":"https:\/\/expressometro.mx\/index.php\/2022\/09\/28\/avanzan-en-congreso-de-edomex-gobiernos-de-coalicion\/#primaryimage"},"image":{"@id":"https:\/\/expressometro.mx\/index.php\/2022\/09\/28\/avanzan-en-congreso-de-edomex-gobiernos-de-coalicion\/#primaryimage"},"thumbnailUrl":"https:\/\/expressometro.mx\/wp-content\/uploads\/2022\/09\/Diputados-del-PRI-270922-1.jpg","datePublished":"2022-09-28T12:37:19+00:00","dateModified":"2022-09-28T12:37:20+00:00","breadcrumb":{"@id":"https:\/\/expressometro.mx\/index.php\/2022\/09\/28\/avanzan-en-congreso-de-edomex-gobiernos-de-coalicion\/#breadcrumb"},"inLanguage":"es","potentialAction":[{"@type":"ReadAction","target":["https:\/\/expressometro.mx\/index.php\/2022\/09\/28\/avanzan-en-congreso-de-edomex-gobiernos-de-coalicion\/"]}]},{"@type":"ImageObject","inLanguage":"es","@id":"https:\/\/expressometro.mx\/index.php\/2022\/09\/28\/avanzan-en-congreso-de-edomex-gobiernos-de-coalicion\/#primaryimage","url":"https:\/\/expressometro.mx\/wp-content\/uploads\/2022\/09\/Diputados-del-PRI-270922-1.jpg","contentUrl":"https:\/\/expressometro.mx\/wp-content\/uploads\/2022\/09\/Diputados-del-PRI-270922-1.jpg","width":850,"height":638},{"@type":"BreadcrumbList","@id":"https:\/\/expressometro.mx\/index.php\/2022\/09\/28\/avanzan-en-congreso-de-edomex-gobiernos-de-coalicion\/#breadcrumb","itemListElement":[{"@type":"ListItem","position":1,"name":"Inicio","item":"https:\/\/expressometro.mx\/"},{"@type":"ListItem","position":2,"name":"AVANZAN EN CONGRESO DE EDOMEX GOBIERNOS DE COALICI\u00d3N"}]},{"@type":"WebSite","@id":"https:\/\/expressometro.mx\/#website","url":"https:\/\/expressometro.mx\/","name":"Expresso Metropolitano","description":"Periodismo comprometido, informaci\u00f3n, investigaci\u00f3n y an\u00e1lisis","publisher":{"@id":"https:\/\/expressometro.mx\/#organization"},"potentialAction":[{"@type":"SearchAction","target":{"@type":"EntryPoint","urlTemplate":"https:\/\/expressometro.mx\/?s={search_term_string}"},"query-input":{"@type":"PropertyValueSpecification","valueRequired":true,"valueName":"search_term_string"}}],"inLanguage":"es"},{"@type":"Organization","@id":"https:\/\/expressometro.mx\/#organization","name":"Expresso Metropolitano","url":"https:\/\/expressometro.mx\/","logo":{"@type":"ImageObject","inLanguage":"es","@id":"https:\/\/expressometro.mx\/#\/schema\/logo\/image\/","url":"https:\/\/expressometro.mx\/wp-content\/uploads\/2019\/07\/cropped-Logo-Expresso-Metropolitano-1-1.jpeg","contentUrl":"https:\/\/expressometro.mx\/wp-content\/uploads\/2019\/07\/cropped-Logo-Expresso-Metropolitano-1-1.jpeg","width":290,"height":73,"caption":"Expresso Metropolitano"},"image":{"@id":"https:\/\/expressometro.mx\/#\/schema\/logo\/image\/"}},{"@type":"Person","@id":"https:\/\/expressometro.mx\/#\/schema\/person\/efa971b4a0664db8ed5c22b1b0dd2f5d","name":"Expresso Metropolitano","image":{"@type":"ImageObject","inLanguage":"es","@id":"https:\/\/secure.gravatar.com\/avatar\/a89f802b8de18c6952f223c88d3d106e9e3679839f4e25a02f4a6cc2ae6ba3b3?s=96&d=mm&r=g","url":"https:\/\/secure.gravatar.com\/avatar\/a89f802b8de18c6952f223c88d3d106e9e3679839f4e25a02f4a6cc2ae6ba3b3?s=96&d=mm&r=g","contentUrl":"https:\/\/secure.gravatar.com\/avatar\/a89f802b8de18c6952f223c88d3d106e9e3679839f4e25a02f4a6cc2ae6ba3b3?s=96&d=mm&r=g","caption":"Expresso Metropolitano"},"url":"https:\/\/expressometro.mx\/index.php\/author\/diego\/"}]}},"amp_enabled":true,"_links":{"self":[{"href":"https:\/\/expressometro.mx\/index.php\/wp-json\/wp\/v2\/posts\/6530","targetHints":{"allow":["GET"]}}],"collection":[{"href":"https:\/\/expressometro.mx\/index.php\/wp-json\/wp\/v2\/posts"}],"about":[{"href":"https:\/\/expressometro.mx\/index.php\/wp-json\/wp\/v2\/types\/post"}],"author":[{"embeddable":true,"href":"https:\/\/expressometro.mx\/index.php\/wp-json\/wp\/v2\/users\/1"}],"replies":[{"embeddable":true,"href":"https:\/\/expressometro.mx\/index.php\/wp-json\/wp\/v2\/comments?post=6530"}],"version-history":[{"count":1,"href":"https:\/\/expressometro.mx\/index.php\/wp-json\/wp\/v2\/posts\/6530\/revisions"}],"predecessor-version":[{"id":6533,"href":"https:\/\/expressometro.mx\/index.php\/wp-json\/wp\/v2\/posts\/6530\/revisions\/6533"}],"wp:featuredmedia":[{"embeddable":true,"href":"https:\/\/expressometro.mx\/index.php\/wp-json\/wp\/v2\/media\/6532"}],"wp:attachment":[{"href":"https:\/\/expressometro.mx\/index.php\/wp-json\/wp\/v2\/media?parent=6530"}],"wp:term":[{"taxonomy":"category","embeddable":true,"href":"https:\/\/expressometro.mx\/index.php\/wp-json\/wp\/v2\/categories?post=6530"},{"taxonomy":"post_tag","embeddable":true,"href":"https:\/\/expressometro.mx\/index.php\/wp-json\/wp\/v2\/tags?post=6530"}],"curies":[{"name":"wp","href":"https:\/\/api.w.org\/{rel}","templated":true}]}}