{"id":6516,"date":"2022-09-27T22:15:08","date_gmt":"2022-09-28T03:15:08","guid":{"rendered":"https:\/\/expressometro.mx\/?p=6516"},"modified":"2022-10-03T17:08:32","modified_gmt":"2022-10-03T22:08:32","slug":"va-pri-por-una-mejor-gestion-metropolitana-entre-el-edomex-cdmx-e-hidalgo","status":"publish","type":"post","link":"https:\/\/expressometro.mx\/index.php\/2022\/09\/27\/va-pri-por-una-mejor-gestion-metropolitana-entre-el-edomex-cdmx-e-hidalgo\/","title":{"rendered":"VA PRI POR UNA MEJOR GESTI\u00d3N METROPOLITANA ENTRE EL EDOM\u00c9X, CDMX E HIDALGO"},"content":{"rendered":"\n<p><\/p>\n\n\n\n<p>El Grupo Parlamentario del PRI, que coordina El\u00edas Rescala, present\u00f3 una iniciativa con proyecto de decreto para dotar de facultades a los ayuntamientos, lo que permitir\u00e1 una mejor gesti\u00f3n metropolitana en la Zona del Valle de M\u00e9xico, en beneficio del desarrollo econ\u00f3mico, social y pol\u00edtico de 22 millones de habitantes.<\/p>\n\n\n\n<p>En sesi\u00f3n plenaria, el diputado del PRI, Alfredo Quiroz Fuentes, detall\u00f3 que la Zona Metropolitana del Valle de M\u00e9xico (ZMVM) est\u00e1 integrada por 59 municipios del Estado de M\u00e9xico, 16 alcald\u00edas de la Ciudad de M\u00e9xico y un municipio de Hidalgo, por lo que consider\u00f3 importante fortalecer el trabajo coordinado entre los ayuntamientos.<\/p>\n\n\n\n<p>La propuesta, dijo, consiste en que los municipios deber\u00e1n participar en la elaboraci\u00f3n o modificaci\u00f3n de su respectivo Plan Regional de Desarrollo Urbano o de los parciales que de \u00e9ste deriven, cuando incluya parte o la totalidad de su territorio, adem\u00e1s de proponer la actualizaci\u00f3n de dichos instrumentos.&nbsp;&nbsp;<\/p>\n\n\n\n<p>Asimismo, inform\u00f3 que se busca convenir con las autoridades competentes la elaboraci\u00f3n o realizaci\u00f3n de acciones y proyectos de impacto metropolitano en esta zona del Valle de M\u00e9xico.<\/p>\n\n\n\n<p>Por lo anterior, el diputado local inform\u00f3 que las presentes reformas buscan dotar de facultades a los ayuntamientos para coordinarse, asociarse y generar canales factibles para una mejor gesti\u00f3n metropolitana de forma arm\u00f3nica y acorde a las legislaciones locales de las tres entidades federativas.<\/p>\n\n\n\n<p>Quiroz Fuentes indic\u00f3 que la ZMVM cuenta con condiciones y desaf\u00edos que requieren de un marco de actuaci\u00f3n coordinado y una visi\u00f3n integral para el desarrollo metropolitano en el corto, mediano y largo plazos, puesto que para 2024 se prev\u00e9 que la cantidad de habitantes alcance 22.6 millones de personas.<\/p>\n\n\n\n<p>\u201cCon esta magnitud de poblaci\u00f3n es necesario atender las problem\u00e1ticas concurrentes en materia de seguridad y procuraci\u00f3n de justicia, gesti\u00f3n de recursos h\u00eddricos, movilidad, desarrollo humano y medio ambiente, entre los m\u00e1s sentidos\u201d, finaliz\u00f3.<\/p>\n\n\n\n<p>Esta iniciativa con proyecto de decreto que fue remitida a las comisiones de Legislaci\u00f3n y Administraci\u00f3n Municipal y de Asuntos Metropolitanos para su estudio y an\u00e1lisis.<\/p>\n","protected":false},"excerpt":{"rendered":"<p>El Grupo Parlamentario del PRI, que coordina El\u00edas Rescala, present\u00f3 una iniciativa con proyecto de decreto para dotar de facultades a los ayuntamientos, lo que permitir\u00e1 una mejor gesti\u00f3n metropolitana en la Zona del Valle de M\u00e9xico, en beneficio del desarrollo econ\u00f3mico, social y pol\u00edtico de 22 millones de habitantes.<\/p>\n","protected":false},"author":1,"featured_media":6518,"comment_status":"open","ping_status":"open","sticky":false,"template":"","format":"standard","meta":{"footnotes":""},"categories":[4,3,1,231],"tags":[963,1982,158],"class_list":["post-6516","post","type-post","status-publish","format-standard","has-post-thumbnail","hentry","category-finanzas","category-gobierno","category-otros","category-politica","tag-alfredo-quiroz","tag-edomex","tag-pri"],"yoast_head":"<!-- This site is optimized with the Yoast SEO plugin v27.4 - https:\/\/yoast.com\/product\/yoast-seo-wordpress\/ -->\n<title>VA PRI POR UNA MEJOR GESTI\u00d3N METROPOLITANA ENTRE EL EDOM\u00c9X, CDMX E HIDALGO - Expresso Metropolitano<\/title>\n<meta name=\"robots\" content=\"index, follow, max-snippet:-1, max-image-preview:large, max-video-preview:-1\" \/>\n<link rel=\"canonical\" href=\"https:\/\/expressometro.mx\/index.php\/2022\/09\/27\/va-pri-por-una-mejor-gestion-metropolitana-entre-el-edomex-cdmx-e-hidalgo\/\" \/>\n<meta property=\"og:locale\" content=\"es_MX\" \/>\n<meta property=\"og:type\" content=\"article\" \/>\n<meta property=\"og:title\" content=\"VA PRI POR UNA MEJOR GESTI\u00d3N METROPOLITANA ENTRE EL EDOM\u00c9X, CDMX E HIDALGO - Expresso Metropolitano\" \/>\n<meta property=\"og:description\" content=\"El Grupo Parlamentario del PRI, que coordina El\u00edas Rescala, present\u00f3 una iniciativa con proyecto de decreto para dotar de facultades a los ayuntamientos, lo que permitir\u00e1 una mejor gesti\u00f3n metropolitana en la Zona del Valle de M\u00e9xico, en beneficio del desarrollo econ\u00f3mico, social y pol\u00edtico de 22 millones de habitantes.\" \/>\n<meta property=\"og:url\" content=\"https:\/\/expressometro.mx\/index.php\/2022\/09\/27\/va-pri-por-una-mejor-gestion-metropolitana-entre-el-edomex-cdmx-e-hidalgo\/\" \/>\n<meta property=\"og:site_name\" content=\"Expresso Metropolitano\" \/>\n<meta property=\"article:published_time\" content=\"2022-09-28T03:15:08+00:00\" \/>\n<meta property=\"article:modified_time\" content=\"2022-10-03T22:08:32+00:00\" \/>\n<meta property=\"og:image\" content=\"http:\/\/expressometro.mx\/wp-content\/uploads\/2022\/09\/Alfredo-Quiroz-270922-1.jpg\" \/>\n\t<meta property=\"og:image:width\" content=\"853\" \/>\n\t<meta property=\"og:image:height\" content=\"1280\" \/>\n\t<meta property=\"og:image:type\" content=\"image\/jpeg\" \/>\n<meta name=\"author\" content=\"Expresso Metropolitano\" \/>\n<meta name=\"twitter:label1\" content=\"Escrito por\" \/>\n\t<meta name=\"twitter:data1\" content=\"Expresso Metropolitano\" \/>\n\t<meta name=\"twitter:label2\" content=\"Tiempo de lectura\" \/>\n\t<meta name=\"twitter:data2\" content=\"2 minutos\" \/>\n<script type=\"application\/ld+json\" class=\"yoast-schema-graph\">{\"@context\":\"https:\\\/\\\/schema.org\",\"@graph\":[{\"@type\":\"Article\",\"@id\":\"https:\\\/\\\/expressometro.mx\\\/index.php\\\/2022\\\/09\\\/27\\\/va-pri-por-una-mejor-gestion-metropolitana-entre-el-edomex-cdmx-e-hidalgo\\\/#article\",\"isPartOf\":{\"@id\":\"https:\\\/\\\/expressometro.mx\\\/index.php\\\/2022\\\/09\\\/27\\\/va-pri-por-una-mejor-gestion-metropolitana-entre-el-edomex-cdmx-e-hidalgo\\\/\"},\"author\":{\"name\":\"Expresso Metropolitano\",\"@id\":\"https:\\\/\\\/expressometro.mx\\\/#\\\/schema\\\/person\\\/efa971b4a0664db8ed5c22b1b0dd2f5d\"},\"headline\":\"VA PRI POR UNA MEJOR GESTI\u00d3N METROPOLITANA ENTRE EL EDOM\u00c9X, CDMX E HIDALGO\",\"datePublished\":\"2022-09-28T03:15:08+00:00\",\"dateModified\":\"2022-10-03T22:08:32+00:00\",\"mainEntityOfPage\":{\"@id\":\"https:\\\/\\\/expressometro.mx\\\/index.php\\\/2022\\\/09\\\/27\\\/va-pri-por-una-mejor-gestion-metropolitana-entre-el-edomex-cdmx-e-hidalgo\\\/\"},\"wordCount\":377,\"commentCount\":0,\"publisher\":{\"@id\":\"https:\\\/\\\/expressometro.mx\\\/#organization\"},\"image\":{\"@id\":\"https:\\\/\\\/expressometro.mx\\\/index.php\\\/2022\\\/09\\\/27\\\/va-pri-por-una-mejor-gestion-metropolitana-entre-el-edomex-cdmx-e-hidalgo\\\/#primaryimage\"},\"thumbnailUrl\":\"https:\\\/\\\/expressometro.mx\\\/wp-content\\\/uploads\\\/2022\\\/09\\\/Alfredo-Quiroz-270922-1.jpg\",\"keywords\":[\"Alfredo Quiroz\",\"Edomex\",\"PRI\"],\"articleSection\":[\"Finanzas\",\"Gobierno\",\"Otros\",\"Pol\u00edtica\"],\"inLanguage\":\"es\",\"potentialAction\":[{\"@type\":\"CommentAction\",\"name\":\"Comment\",\"target\":[\"https:\\\/\\\/expressometro.mx\\\/index.php\\\/2022\\\/09\\\/27\\\/va-pri-por-una-mejor-gestion-metropolitana-entre-el-edomex-cdmx-e-hidalgo\\\/#respond\"]}]},{\"@type\":\"WebPage\",\"@id\":\"https:\\\/\\\/expressometro.mx\\\/index.php\\\/2022\\\/09\\\/27\\\/va-pri-por-una-mejor-gestion-metropolitana-entre-el-edomex-cdmx-e-hidalgo\\\/\",\"url\":\"https:\\\/\\\/expressometro.mx\\\/index.php\\\/2022\\\/09\\\/27\\\/va-pri-por-una-mejor-gestion-metropolitana-entre-el-edomex-cdmx-e-hidalgo\\\/\",\"name\":\"VA PRI POR UNA MEJOR GESTI\u00d3N METROPOLITANA ENTRE EL EDOM\u00c9X, CDMX E HIDALGO - Expresso Metropolitano\",\"isPartOf\":{\"@id\":\"https:\\\/\\\/expressometro.mx\\\/#website\"},\"primaryImageOfPage\":{\"@id\":\"https:\\\/\\\/expressometro.mx\\\/index.php\\\/2022\\\/09\\\/27\\\/va-pri-por-una-mejor-gestion-metropolitana-entre-el-edomex-cdmx-e-hidalgo\\\/#primaryimage\"},\"image\":{\"@id\":\"https:\\\/\\\/expressometro.mx\\\/index.php\\\/2022\\\/09\\\/27\\\/va-pri-por-una-mejor-gestion-metropolitana-entre-el-edomex-cdmx-e-hidalgo\\\/#primaryimage\"},\"thumbnailUrl\":\"https:\\\/\\\/expressometro.mx\\\/wp-content\\\/uploads\\\/2022\\\/09\\\/Alfredo-Quiroz-270922-1.jpg\",\"datePublished\":\"2022-09-28T03:15:08+00:00\",\"dateModified\":\"2022-10-03T22:08:32+00:00\",\"breadcrumb\":{\"@id\":\"https:\\\/\\\/expressometro.mx\\\/index.php\\\/2022\\\/09\\\/27\\\/va-pri-por-una-mejor-gestion-metropolitana-entre-el-edomex-cdmx-e-hidalgo\\\/#breadcrumb\"},\"inLanguage\":\"es\",\"potentialAction\":[{\"@type\":\"ReadAction\",\"target\":[\"https:\\\/\\\/expressometro.mx\\\/index.php\\\/2022\\\/09\\\/27\\\/va-pri-por-una-mejor-gestion-metropolitana-entre-el-edomex-cdmx-e-hidalgo\\\/\"]}]},{\"@type\":\"ImageObject\",\"inLanguage\":\"es\",\"@id\":\"https:\\\/\\\/expressometro.mx\\\/index.php\\\/2022\\\/09\\\/27\\\/va-pri-por-una-mejor-gestion-metropolitana-entre-el-edomex-cdmx-e-hidalgo\\\/#primaryimage\",\"url\":\"https:\\\/\\\/expressometro.mx\\\/wp-content\\\/uploads\\\/2022\\\/09\\\/Alfredo-Quiroz-270922-1.jpg\",\"contentUrl\":\"https:\\\/\\\/expressometro.mx\\\/wp-content\\\/uploads\\\/2022\\\/09\\\/Alfredo-Quiroz-270922-1.jpg\",\"width\":853,\"height\":1280},{\"@type\":\"BreadcrumbList\",\"@id\":\"https:\\\/\\\/expressometro.mx\\\/index.php\\\/2022\\\/09\\\/27\\\/va-pri-por-una-mejor-gestion-metropolitana-entre-el-edomex-cdmx-e-hidalgo\\\/#breadcrumb\",\"itemListElement\":[{\"@type\":\"ListItem\",\"position\":1,\"name\":\"Inicio\",\"item\":\"https:\\\/\\\/expressometro.mx\\\/\"},{\"@type\":\"ListItem\",\"position\":2,\"name\":\"VA PRI POR UNA MEJOR GESTI\u00d3N METROPOLITANA ENTRE EL EDOM\u00c9X, CDMX E HIDALGO\"}]},{\"@type\":\"WebSite\",\"@id\":\"https:\\\/\\\/expressometro.mx\\\/#website\",\"url\":\"https:\\\/\\\/expressometro.mx\\\/\",\"name\":\"Expresso Metropolitano\",\"description\":\"Periodismo comprometido, informaci\u00f3n, investigaci\u00f3n y an\u00e1lisis\",\"publisher\":{\"@id\":\"https:\\\/\\\/expressometro.mx\\\/#organization\"},\"potentialAction\":[{\"@type\":\"SearchAction\",\"target\":{\"@type\":\"EntryPoint\",\"urlTemplate\":\"https:\\\/\\\/expressometro.mx\\\/?s={search_term_string}\"},\"query-input\":{\"@type\":\"PropertyValueSpecification\",\"valueRequired\":true,\"valueName\":\"search_term_string\"}}],\"inLanguage\":\"es\"},{\"@type\":\"Organization\",\"@id\":\"https:\\\/\\\/expressometro.mx\\\/#organization\",\"name\":\"Expresso Metropolitano\",\"url\":\"https:\\\/\\\/expressometro.mx\\\/\",\"logo\":{\"@type\":\"ImageObject\",\"inLanguage\":\"es\",\"@id\":\"https:\\\/\\\/expressometro.mx\\\/#\\\/schema\\\/logo\\\/image\\\/\",\"url\":\"https:\\\/\\\/expressometro.mx\\\/wp-content\\\/uploads\\\/2019\\\/07\\\/cropped-Logo-Expresso-Metropolitano-1-1.jpeg\",\"contentUrl\":\"https:\\\/\\\/expressometro.mx\\\/wp-content\\\/uploads\\\/2019\\\/07\\\/cropped-Logo-Expresso-Metropolitano-1-1.jpeg\",\"width\":290,\"height\":73,\"caption\":\"Expresso Metropolitano\"},\"image\":{\"@id\":\"https:\\\/\\\/expressometro.mx\\\/#\\\/schema\\\/logo\\\/image\\\/\"}},{\"@type\":\"Person\",\"@id\":\"https:\\\/\\\/expressometro.mx\\\/#\\\/schema\\\/person\\\/efa971b4a0664db8ed5c22b1b0dd2f5d\",\"name\":\"Expresso Metropolitano\",\"image\":{\"@type\":\"ImageObject\",\"inLanguage\":\"es\",\"@id\":\"https:\\\/\\\/secure.gravatar.com\\\/avatar\\\/a89f802b8de18c6952f223c88d3d106e9e3679839f4e25a02f4a6cc2ae6ba3b3?s=96&d=mm&r=g\",\"url\":\"https:\\\/\\\/secure.gravatar.com\\\/avatar\\\/a89f802b8de18c6952f223c88d3d106e9e3679839f4e25a02f4a6cc2ae6ba3b3?s=96&d=mm&r=g\",\"contentUrl\":\"https:\\\/\\\/secure.gravatar.com\\\/avatar\\\/a89f802b8de18c6952f223c88d3d106e9e3679839f4e25a02f4a6cc2ae6ba3b3?s=96&d=mm&r=g\",\"caption\":\"Expresso Metropolitano\"},\"url\":\"https:\\\/\\\/expressometro.mx\\\/index.php\\\/author\\\/diego\\\/\"}]}<\/script>\n<!-- \/ Yoast SEO plugin. -->","yoast_head_json":{"title":"VA PRI POR UNA MEJOR GESTI\u00d3N METROPOLITANA ENTRE EL EDOM\u00c9X, CDMX E HIDALGO - Expresso Metropolitano","robots":{"index":"index","follow":"follow","max-snippet":"max-snippet:-1","max-image-preview":"max-image-preview:large","max-video-preview":"max-video-preview:-1"},"canonical":"https:\/\/expressometro.mx\/index.php\/2022\/09\/27\/va-pri-por-una-mejor-gestion-metropolitana-entre-el-edomex-cdmx-e-hidalgo\/","og_locale":"es_MX","og_type":"article","og_title":"VA PRI POR UNA MEJOR GESTI\u00d3N METROPOLITANA ENTRE EL EDOM\u00c9X, CDMX E HIDALGO - Expresso Metropolitano","og_description":"El Grupo Parlamentario del PRI, que coordina El\u00edas Rescala, present\u00f3 una iniciativa con proyecto de decreto para dotar de facultades a los ayuntamientos, lo que permitir\u00e1 una mejor gesti\u00f3n metropolitana en la Zona del Valle de M\u00e9xico, en beneficio del desarrollo econ\u00f3mico, social y pol\u00edtico de 22 millones de habitantes.","og_url":"https:\/\/expressometro.mx\/index.php\/2022\/09\/27\/va-pri-por-una-mejor-gestion-metropolitana-entre-el-edomex-cdmx-e-hidalgo\/","og_site_name":"Expresso Metropolitano","article_published_time":"2022-09-28T03:15:08+00:00","article_modified_time":"2022-10-03T22:08:32+00:00","og_image":[{"width":853,"height":1280,"url":"http:\/\/expressometro.mx\/wp-content\/uploads\/2022\/09\/Alfredo-Quiroz-270922-1.jpg","type":"image\/jpeg"}],"author":"Expresso Metropolitano","twitter_misc":{"Escrito por":"Expresso Metropolitano","Tiempo de lectura":"2 minutos"},"schema":{"@context":"https:\/\/schema.org","@graph":[{"@type":"Article","@id":"https:\/\/expressometro.mx\/index.php\/2022\/09\/27\/va-pri-por-una-mejor-gestion-metropolitana-entre-el-edomex-cdmx-e-hidalgo\/#article","isPartOf":{"@id":"https:\/\/expressometro.mx\/index.php\/2022\/09\/27\/va-pri-por-una-mejor-gestion-metropolitana-entre-el-edomex-cdmx-e-hidalgo\/"},"author":{"name":"Expresso Metropolitano","@id":"https:\/\/expressometro.mx\/#\/schema\/person\/efa971b4a0664db8ed5c22b1b0dd2f5d"},"headline":"VA PRI POR UNA MEJOR GESTI\u00d3N METROPOLITANA ENTRE EL EDOM\u00c9X, CDMX E HIDALGO","datePublished":"2022-09-28T03:15:08+00:00","dateModified":"2022-10-03T22:08:32+00:00","mainEntityOfPage":{"@id":"https:\/\/expressometro.mx\/index.php\/2022\/09\/27\/va-pri-por-una-mejor-gestion-metropolitana-entre-el-edomex-cdmx-e-hidalgo\/"},"wordCount":377,"commentCount":0,"publisher":{"@id":"https:\/\/expressometro.mx\/#organization"},"image":{"@id":"https:\/\/expressometro.mx\/index.php\/2022\/09\/27\/va-pri-por-una-mejor-gestion-metropolitana-entre-el-edomex-cdmx-e-hidalgo\/#primaryimage"},"thumbnailUrl":"https:\/\/expressometro.mx\/wp-content\/uploads\/2022\/09\/Alfredo-Quiroz-270922-1.jpg","keywords":["Alfredo Quiroz","Edomex","PRI"],"articleSection":["Finanzas","Gobierno","Otros","Pol\u00edtica"],"inLanguage":"es","potentialAction":[{"@type":"CommentAction","name":"Comment","target":["https:\/\/expressometro.mx\/index.php\/2022\/09\/27\/va-pri-por-una-mejor-gestion-metropolitana-entre-el-edomex-cdmx-e-hidalgo\/#respond"]}]},{"@type":"WebPage","@id":"https:\/\/expressometro.mx\/index.php\/2022\/09\/27\/va-pri-por-una-mejor-gestion-metropolitana-entre-el-edomex-cdmx-e-hidalgo\/","url":"https:\/\/expressometro.mx\/index.php\/2022\/09\/27\/va-pri-por-una-mejor-gestion-metropolitana-entre-el-edomex-cdmx-e-hidalgo\/","name":"VA PRI POR UNA MEJOR GESTI\u00d3N METROPOLITANA ENTRE EL EDOM\u00c9X, CDMX E HIDALGO - Expresso Metropolitano","isPartOf":{"@id":"https:\/\/expressometro.mx\/#website"},"primaryImageOfPage":{"@id":"https:\/\/expressometro.mx\/index.php\/2022\/09\/27\/va-pri-por-una-mejor-gestion-metropolitana-entre-el-edomex-cdmx-e-hidalgo\/#primaryimage"},"image":{"@id":"https:\/\/expressometro.mx\/index.php\/2022\/09\/27\/va-pri-por-una-mejor-gestion-metropolitana-entre-el-edomex-cdmx-e-hidalgo\/#primaryimage"},"thumbnailUrl":"https:\/\/expressometro.mx\/wp-content\/uploads\/2022\/09\/Alfredo-Quiroz-270922-1.jpg","datePublished":"2022-09-28T03:15:08+00:00","dateModified":"2022-10-03T22:08:32+00:00","breadcrumb":{"@id":"https:\/\/expressometro.mx\/index.php\/2022\/09\/27\/va-pri-por-una-mejor-gestion-metropolitana-entre-el-edomex-cdmx-e-hidalgo\/#breadcrumb"},"inLanguage":"es","potentialAction":[{"@type":"ReadAction","target":["https:\/\/expressometro.mx\/index.php\/2022\/09\/27\/va-pri-por-una-mejor-gestion-metropolitana-entre-el-edomex-cdmx-e-hidalgo\/"]}]},{"@type":"ImageObject","inLanguage":"es","@id":"https:\/\/expressometro.mx\/index.php\/2022\/09\/27\/va-pri-por-una-mejor-gestion-metropolitana-entre-el-edomex-cdmx-e-hidalgo\/#primaryimage","url":"https:\/\/expressometro.mx\/wp-content\/uploads\/2022\/09\/Alfredo-Quiroz-270922-1.jpg","contentUrl":"https:\/\/expressometro.mx\/wp-content\/uploads\/2022\/09\/Alfredo-Quiroz-270922-1.jpg","width":853,"height":1280},{"@type":"BreadcrumbList","@id":"https:\/\/expressometro.mx\/index.php\/2022\/09\/27\/va-pri-por-una-mejor-gestion-metropolitana-entre-el-edomex-cdmx-e-hidalgo\/#breadcrumb","itemListElement":[{"@type":"ListItem","position":1,"name":"Inicio","item":"https:\/\/expressometro.mx\/"},{"@type":"ListItem","position":2,"name":"VA PRI POR UNA MEJOR GESTI\u00d3N METROPOLITANA ENTRE EL EDOM\u00c9X, CDMX E HIDALGO"}]},{"@type":"WebSite","@id":"https:\/\/expressometro.mx\/#website","url":"https:\/\/expressometro.mx\/","name":"Expresso Metropolitano","description":"Periodismo comprometido, informaci\u00f3n, investigaci\u00f3n y an\u00e1lisis","publisher":{"@id":"https:\/\/expressometro.mx\/#organization"},"potentialAction":[{"@type":"SearchAction","target":{"@type":"EntryPoint","urlTemplate":"https:\/\/expressometro.mx\/?s={search_term_string}"},"query-input":{"@type":"PropertyValueSpecification","valueRequired":true,"valueName":"search_term_string"}}],"inLanguage":"es"},{"@type":"Organization","@id":"https:\/\/expressometro.mx\/#organization","name":"Expresso Metropolitano","url":"https:\/\/expressometro.mx\/","logo":{"@type":"ImageObject","inLanguage":"es","@id":"https:\/\/expressometro.mx\/#\/schema\/logo\/image\/","url":"https:\/\/expressometro.mx\/wp-content\/uploads\/2019\/07\/cropped-Logo-Expresso-Metropolitano-1-1.jpeg","contentUrl":"https:\/\/expressometro.mx\/wp-content\/uploads\/2019\/07\/cropped-Logo-Expresso-Metropolitano-1-1.jpeg","width":290,"height":73,"caption":"Expresso Metropolitano"},"image":{"@id":"https:\/\/expressometro.mx\/#\/schema\/logo\/image\/"}},{"@type":"Person","@id":"https:\/\/expressometro.mx\/#\/schema\/person\/efa971b4a0664db8ed5c22b1b0dd2f5d","name":"Expresso Metropolitano","image":{"@type":"ImageObject","inLanguage":"es","@id":"https:\/\/secure.gravatar.com\/avatar\/a89f802b8de18c6952f223c88d3d106e9e3679839f4e25a02f4a6cc2ae6ba3b3?s=96&d=mm&r=g","url":"https:\/\/secure.gravatar.com\/avatar\/a89f802b8de18c6952f223c88d3d106e9e3679839f4e25a02f4a6cc2ae6ba3b3?s=96&d=mm&r=g","contentUrl":"https:\/\/secure.gravatar.com\/avatar\/a89f802b8de18c6952f223c88d3d106e9e3679839f4e25a02f4a6cc2ae6ba3b3?s=96&d=mm&r=g","caption":"Expresso Metropolitano"},"url":"https:\/\/expressometro.mx\/index.php\/author\/diego\/"}]}},"amp_enabled":true,"_links":{"self":[{"href":"https:\/\/expressometro.mx\/index.php\/wp-json\/wp\/v2\/posts\/6516","targetHints":{"allow":["GET"]}}],"collection":[{"href":"https:\/\/expressometro.mx\/index.php\/wp-json\/wp\/v2\/posts"}],"about":[{"href":"https:\/\/expressometro.mx\/index.php\/wp-json\/wp\/v2\/types\/post"}],"author":[{"embeddable":true,"href":"https:\/\/expressometro.mx\/index.php\/wp-json\/wp\/v2\/users\/1"}],"replies":[{"embeddable":true,"href":"https:\/\/expressometro.mx\/index.php\/wp-json\/wp\/v2\/comments?post=6516"}],"version-history":[{"count":1,"href":"https:\/\/expressometro.mx\/index.php\/wp-json\/wp\/v2\/posts\/6516\/revisions"}],"predecessor-version":[{"id":6519,"href":"https:\/\/expressometro.mx\/index.php\/wp-json\/wp\/v2\/posts\/6516\/revisions\/6519"}],"wp:featuredmedia":[{"embeddable":true,"href":"https:\/\/expressometro.mx\/index.php\/wp-json\/wp\/v2\/media\/6518"}],"wp:attachment":[{"href":"https:\/\/expressometro.mx\/index.php\/wp-json\/wp\/v2\/media?parent=6516"}],"wp:term":[{"taxonomy":"category","embeddable":true,"href":"https:\/\/expressometro.mx\/index.php\/wp-json\/wp\/v2\/categories?post=6516"},{"taxonomy":"post_tag","embeddable":true,"href":"https:\/\/expressometro.mx\/index.php\/wp-json\/wp\/v2\/tags?post=6516"}],"curies":[{"name":"wp","href":"https:\/\/api.w.org\/{rel}","templated":true}]}}