{"id":6511,"date":"2022-09-27T21:54:51","date_gmt":"2022-09-28T02:54:51","guid":{"rendered":"https:\/\/expressometro.mx\/?p=6511"},"modified":"2022-09-27T21:54:51","modified_gmt":"2022-09-28T02:54:51","slug":"pide-pri-al-ejecutivo-federal-declarar-presa-madin-como-area-natural-protegida","status":"publish","type":"post","link":"https:\/\/expressometro.mx\/index.php\/2022\/09\/27\/pide-pri-al-ejecutivo-federal-declarar-presa-madin-como-area-natural-protegida\/","title":{"rendered":"PIDE PRI AL EJECUTIVO FEDERAL DECLARAR PRESA MAD\u00cdN COMO \u00c1REA NATURAL PROTEGIDA"},"content":{"rendered":"\n<p><\/p>\n\n\n\n<p>Con el prop\u00f3sito de cuidar el agua y los ecosistemas del Estado de M\u00e9xico, el pleno de la LXI Legislatura aprob\u00f3 la propuesta del diputado priista David Parra, para exhortar al Ejecutivo Federal a realizar la declaratoria de la Presa Mad\u00edn como \u00e1rea natural protegida, con la categor\u00eda de santuario.<\/p>\n\n\n\n<p>En nombre del Grupo Parlamentario del PRI, que encabeza El\u00edas Rescala, el legislador priista subi\u00f3 a tribuna y explic\u00f3 que el exhorto tambi\u00e9n va dirigido a los alcaldes de Atizap\u00e1n de Zaragoza, Jilotzingo, Naucalpan y Xonacatl\u00e1n, para que mejoren los procesos de tratamiento de descargas de aguas residuales.<\/p>\n\n\n\n<p>Luego de agradecer el respaldo de ambientalistas y vecinos de la zona, Parra S\u00e1nchez dio a conocer que la degradaci\u00f3n ambiental ha generado delicadas consecuencias y ha producido emergencias ambientales que afectan a 30 mil habitantes del \u00e1rea de la Presa Mad\u00edn, por lo que consider\u00f3 que el Gobierno federal y los ayuntamientos deben emprender acciones para detener el da\u00f1o.<\/p>\n\n\n\n<p>Lo anterior, explic\u00f3, debido a que la Presa Mad\u00edn es una zona federal a cargo del Consejo de Cuencas del Valle de M\u00e9xico, instancia de coordinaci\u00f3n, concertaci\u00f3n, consulta y asesor\u00eda con la Comisi\u00f3n Nacional del Agua (Conagua), incluyendo el organismo de cuenca correspondiente a las dependencias de las instancias federal, estatal y municipal, as\u00ed como representantes de usuarios del agua y organizaciones de la sociedad de la respectiva cueca hidrol\u00f3gica.<\/p>\n\n\n\n<p>Asimismo, el legislador record\u00f3 que esta propuesta fue analizada y dictaminada por los integrantes de las Comisiones Legislativas de Protecci\u00f3n Ambiental y Cambio Clim\u00e1tico y la de Recursos Hidr\u00e1ulicos.<\/p>\n","protected":false},"excerpt":{"rendered":"<p>Con el prop\u00f3sito de cuidar el agua y los ecosistemas del Estado de M\u00e9xico, el pleno de la LXI Legislatura aprob\u00f3 la propuesta del diputado priista David Parra, para exhortar al Ejecutivo Federal a realizar la declaratoria de la Presa Mad\u00edn como \u00e1rea natural protegida, con la categor\u00eda de santuario.<\/p>\n","protected":false},"author":1,"featured_media":6513,"comment_status":"open","ping_status":"open","sticky":false,"template":"","format":"standard","meta":{"footnotes":""},"categories":[3,8,231],"tags":[683,1982,158],"class_list":["post-6511","post","type-post","status-publish","format-standard","has-post-thumbnail","hentry","category-gobierno","category-medio-ambiente","category-politica","tag-david-parra","tag-edomex","tag-pri"],"yoast_head":"<!-- This site is optimized with the Yoast SEO plugin v27.4 - https:\/\/yoast.com\/product\/yoast-seo-wordpress\/ -->\n<title>PIDE PRI AL EJECUTIVO FEDERAL DECLARAR PRESA MAD\u00cdN COMO \u00c1REA NATURAL PROTEGIDA - Expresso Metropolitano<\/title>\n<meta name=\"robots\" content=\"index, follow, max-snippet:-1, max-image-preview:large, max-video-preview:-1\" \/>\n<link rel=\"canonical\" href=\"https:\/\/expressometro.mx\/index.php\/2022\/09\/27\/pide-pri-al-ejecutivo-federal-declarar-presa-madin-como-area-natural-protegida\/\" \/>\n<meta property=\"og:locale\" content=\"es_MX\" \/>\n<meta property=\"og:type\" content=\"article\" \/>\n<meta property=\"og:title\" content=\"PIDE PRI AL EJECUTIVO FEDERAL DECLARAR PRESA MAD\u00cdN COMO \u00c1REA NATURAL PROTEGIDA - Expresso Metropolitano\" \/>\n<meta property=\"og:description\" content=\"Con el prop\u00f3sito de cuidar el agua y los ecosistemas del Estado de M\u00e9xico, el pleno de la LXI Legislatura aprob\u00f3 la propuesta del diputado priista David Parra, para exhortar al Ejecutivo Federal a realizar la declaratoria de la Presa Mad\u00edn como \u00e1rea natural protegida, con la categor\u00eda de santuario.\" \/>\n<meta property=\"og:url\" content=\"https:\/\/expressometro.mx\/index.php\/2022\/09\/27\/pide-pri-al-ejecutivo-federal-declarar-presa-madin-como-area-natural-protegida\/\" \/>\n<meta property=\"og:site_name\" content=\"Expresso Metropolitano\" \/>\n<meta property=\"article:published_time\" content=\"2022-09-28T02:54:51+00:00\" \/>\n<meta property=\"og:image\" content=\"http:\/\/expressometro.mx\/wp-content\/uploads\/2022\/09\/David-Parra-270922-1.jpg\" \/>\n\t<meta property=\"og:image:width\" content=\"1024\" \/>\n\t<meta property=\"og:image:height\" content=\"682\" \/>\n\t<meta property=\"og:image:type\" content=\"image\/jpeg\" \/>\n<meta name=\"author\" content=\"Expresso Metropolitano\" \/>\n<meta name=\"twitter:label1\" content=\"Escrito por\" \/>\n\t<meta name=\"twitter:data1\" content=\"Expresso Metropolitano\" \/>\n\t<meta name=\"twitter:label2\" content=\"Tiempo de lectura\" \/>\n\t<meta name=\"twitter:data2\" content=\"2 minutos\" \/>\n<script type=\"application\/ld+json\" class=\"yoast-schema-graph\">{\"@context\":\"https:\\\/\\\/schema.org\",\"@graph\":[{\"@type\":\"Article\",\"@id\":\"https:\\\/\\\/expressometro.mx\\\/index.php\\\/2022\\\/09\\\/27\\\/pide-pri-al-ejecutivo-federal-declarar-presa-madin-como-area-natural-protegida\\\/#article\",\"isPartOf\":{\"@id\":\"https:\\\/\\\/expressometro.mx\\\/index.php\\\/2022\\\/09\\\/27\\\/pide-pri-al-ejecutivo-federal-declarar-presa-madin-como-area-natural-protegida\\\/\"},\"author\":{\"name\":\"Expresso Metropolitano\",\"@id\":\"https:\\\/\\\/expressometro.mx\\\/#\\\/schema\\\/person\\\/efa971b4a0664db8ed5c22b1b0dd2f5d\"},\"headline\":\"PIDE PRI AL EJECUTIVO FEDERAL DECLARAR PRESA MAD\u00cdN COMO \u00c1REA NATURAL PROTEGIDA\",\"datePublished\":\"2022-09-28T02:54:51+00:00\",\"mainEntityOfPage\":{\"@id\":\"https:\\\/\\\/expressometro.mx\\\/index.php\\\/2022\\\/09\\\/27\\\/pide-pri-al-ejecutivo-federal-declarar-presa-madin-como-area-natural-protegida\\\/\"},\"wordCount\":291,\"commentCount\":0,\"publisher\":{\"@id\":\"https:\\\/\\\/expressometro.mx\\\/#organization\"},\"image\":{\"@id\":\"https:\\\/\\\/expressometro.mx\\\/index.php\\\/2022\\\/09\\\/27\\\/pide-pri-al-ejecutivo-federal-declarar-presa-madin-como-area-natural-protegida\\\/#primaryimage\"},\"thumbnailUrl\":\"https:\\\/\\\/expressometro.mx\\\/wp-content\\\/uploads\\\/2022\\\/09\\\/David-Parra-270922-1.jpg\",\"keywords\":[\"David Parra\",\"Edomex\",\"PRI\"],\"articleSection\":[\"Gobierno\",\"Medio ambiente\",\"Pol\u00edtica\"],\"inLanguage\":\"es\",\"potentialAction\":[{\"@type\":\"CommentAction\",\"name\":\"Comment\",\"target\":[\"https:\\\/\\\/expressometro.mx\\\/index.php\\\/2022\\\/09\\\/27\\\/pide-pri-al-ejecutivo-federal-declarar-presa-madin-como-area-natural-protegida\\\/#respond\"]}]},{\"@type\":\"WebPage\",\"@id\":\"https:\\\/\\\/expressometro.mx\\\/index.php\\\/2022\\\/09\\\/27\\\/pide-pri-al-ejecutivo-federal-declarar-presa-madin-como-area-natural-protegida\\\/\",\"url\":\"https:\\\/\\\/expressometro.mx\\\/index.php\\\/2022\\\/09\\\/27\\\/pide-pri-al-ejecutivo-federal-declarar-presa-madin-como-area-natural-protegida\\\/\",\"name\":\"PIDE PRI AL EJECUTIVO FEDERAL DECLARAR PRESA MAD\u00cdN COMO \u00c1REA NATURAL PROTEGIDA - Expresso Metropolitano\",\"isPartOf\":{\"@id\":\"https:\\\/\\\/expressometro.mx\\\/#website\"},\"primaryImageOfPage\":{\"@id\":\"https:\\\/\\\/expressometro.mx\\\/index.php\\\/2022\\\/09\\\/27\\\/pide-pri-al-ejecutivo-federal-declarar-presa-madin-como-area-natural-protegida\\\/#primaryimage\"},\"image\":{\"@id\":\"https:\\\/\\\/expressometro.mx\\\/index.php\\\/2022\\\/09\\\/27\\\/pide-pri-al-ejecutivo-federal-declarar-presa-madin-como-area-natural-protegida\\\/#primaryimage\"},\"thumbnailUrl\":\"https:\\\/\\\/expressometro.mx\\\/wp-content\\\/uploads\\\/2022\\\/09\\\/David-Parra-270922-1.jpg\",\"datePublished\":\"2022-09-28T02:54:51+00:00\",\"breadcrumb\":{\"@id\":\"https:\\\/\\\/expressometro.mx\\\/index.php\\\/2022\\\/09\\\/27\\\/pide-pri-al-ejecutivo-federal-declarar-presa-madin-como-area-natural-protegida\\\/#breadcrumb\"},\"inLanguage\":\"es\",\"potentialAction\":[{\"@type\":\"ReadAction\",\"target\":[\"https:\\\/\\\/expressometro.mx\\\/index.php\\\/2022\\\/09\\\/27\\\/pide-pri-al-ejecutivo-federal-declarar-presa-madin-como-area-natural-protegida\\\/\"]}]},{\"@type\":\"ImageObject\",\"inLanguage\":\"es\",\"@id\":\"https:\\\/\\\/expressometro.mx\\\/index.php\\\/2022\\\/09\\\/27\\\/pide-pri-al-ejecutivo-federal-declarar-presa-madin-como-area-natural-protegida\\\/#primaryimage\",\"url\":\"https:\\\/\\\/expressometro.mx\\\/wp-content\\\/uploads\\\/2022\\\/09\\\/David-Parra-270922-1.jpg\",\"contentUrl\":\"https:\\\/\\\/expressometro.mx\\\/wp-content\\\/uploads\\\/2022\\\/09\\\/David-Parra-270922-1.jpg\",\"width\":1024,\"height\":682},{\"@type\":\"BreadcrumbList\",\"@id\":\"https:\\\/\\\/expressometro.mx\\\/index.php\\\/2022\\\/09\\\/27\\\/pide-pri-al-ejecutivo-federal-declarar-presa-madin-como-area-natural-protegida\\\/#breadcrumb\",\"itemListElement\":[{\"@type\":\"ListItem\",\"position\":1,\"name\":\"Inicio\",\"item\":\"https:\\\/\\\/expressometro.mx\\\/\"},{\"@type\":\"ListItem\",\"position\":2,\"name\":\"PIDE PRI AL EJECUTIVO FEDERAL DECLARAR PRESA MAD\u00cdN COMO \u00c1REA NATURAL PROTEGIDA\"}]},{\"@type\":\"WebSite\",\"@id\":\"https:\\\/\\\/expressometro.mx\\\/#website\",\"url\":\"https:\\\/\\\/expressometro.mx\\\/\",\"name\":\"Expresso Metropolitano\",\"description\":\"Periodismo comprometido, informaci\u00f3n, investigaci\u00f3n y an\u00e1lisis\",\"publisher\":{\"@id\":\"https:\\\/\\\/expressometro.mx\\\/#organization\"},\"potentialAction\":[{\"@type\":\"SearchAction\",\"target\":{\"@type\":\"EntryPoint\",\"urlTemplate\":\"https:\\\/\\\/expressometro.mx\\\/?s={search_term_string}\"},\"query-input\":{\"@type\":\"PropertyValueSpecification\",\"valueRequired\":true,\"valueName\":\"search_term_string\"}}],\"inLanguage\":\"es\"},{\"@type\":\"Organization\",\"@id\":\"https:\\\/\\\/expressometro.mx\\\/#organization\",\"name\":\"Expresso Metropolitano\",\"url\":\"https:\\\/\\\/expressometro.mx\\\/\",\"logo\":{\"@type\":\"ImageObject\",\"inLanguage\":\"es\",\"@id\":\"https:\\\/\\\/expressometro.mx\\\/#\\\/schema\\\/logo\\\/image\\\/\",\"url\":\"https:\\\/\\\/expressometro.mx\\\/wp-content\\\/uploads\\\/2019\\\/07\\\/cropped-Logo-Expresso-Metropolitano-1-1.jpeg\",\"contentUrl\":\"https:\\\/\\\/expressometro.mx\\\/wp-content\\\/uploads\\\/2019\\\/07\\\/cropped-Logo-Expresso-Metropolitano-1-1.jpeg\",\"width\":290,\"height\":73,\"caption\":\"Expresso Metropolitano\"},\"image\":{\"@id\":\"https:\\\/\\\/expressometro.mx\\\/#\\\/schema\\\/logo\\\/image\\\/\"}},{\"@type\":\"Person\",\"@id\":\"https:\\\/\\\/expressometro.mx\\\/#\\\/schema\\\/person\\\/efa971b4a0664db8ed5c22b1b0dd2f5d\",\"name\":\"Expresso Metropolitano\",\"image\":{\"@type\":\"ImageObject\",\"inLanguage\":\"es\",\"@id\":\"https:\\\/\\\/secure.gravatar.com\\\/avatar\\\/a89f802b8de18c6952f223c88d3d106e9e3679839f4e25a02f4a6cc2ae6ba3b3?s=96&d=mm&r=g\",\"url\":\"https:\\\/\\\/secure.gravatar.com\\\/avatar\\\/a89f802b8de18c6952f223c88d3d106e9e3679839f4e25a02f4a6cc2ae6ba3b3?s=96&d=mm&r=g\",\"contentUrl\":\"https:\\\/\\\/secure.gravatar.com\\\/avatar\\\/a89f802b8de18c6952f223c88d3d106e9e3679839f4e25a02f4a6cc2ae6ba3b3?s=96&d=mm&r=g\",\"caption\":\"Expresso Metropolitano\"},\"url\":\"https:\\\/\\\/expressometro.mx\\\/index.php\\\/author\\\/diego\\\/\"}]}<\/script>\n<!-- \/ Yoast SEO plugin. -->","yoast_head_json":{"title":"PIDE PRI AL EJECUTIVO FEDERAL DECLARAR PRESA MAD\u00cdN COMO \u00c1REA NATURAL PROTEGIDA - Expresso Metropolitano","robots":{"index":"index","follow":"follow","max-snippet":"max-snippet:-1","max-image-preview":"max-image-preview:large","max-video-preview":"max-video-preview:-1"},"canonical":"https:\/\/expressometro.mx\/index.php\/2022\/09\/27\/pide-pri-al-ejecutivo-federal-declarar-presa-madin-como-area-natural-protegida\/","og_locale":"es_MX","og_type":"article","og_title":"PIDE PRI AL EJECUTIVO FEDERAL DECLARAR PRESA MAD\u00cdN COMO \u00c1REA NATURAL PROTEGIDA - Expresso Metropolitano","og_description":"Con el prop\u00f3sito de cuidar el agua y los ecosistemas del Estado de M\u00e9xico, el pleno de la LXI Legislatura aprob\u00f3 la propuesta del diputado priista David Parra, para exhortar al Ejecutivo Federal a realizar la declaratoria de la Presa Mad\u00edn como \u00e1rea natural protegida, con la categor\u00eda de santuario.","og_url":"https:\/\/expressometro.mx\/index.php\/2022\/09\/27\/pide-pri-al-ejecutivo-federal-declarar-presa-madin-como-area-natural-protegida\/","og_site_name":"Expresso Metropolitano","article_published_time":"2022-09-28T02:54:51+00:00","og_image":[{"width":1024,"height":682,"url":"http:\/\/expressometro.mx\/wp-content\/uploads\/2022\/09\/David-Parra-270922-1.jpg","type":"image\/jpeg"}],"author":"Expresso Metropolitano","twitter_misc":{"Escrito por":"Expresso Metropolitano","Tiempo de lectura":"2 minutos"},"schema":{"@context":"https:\/\/schema.org","@graph":[{"@type":"Article","@id":"https:\/\/expressometro.mx\/index.php\/2022\/09\/27\/pide-pri-al-ejecutivo-federal-declarar-presa-madin-como-area-natural-protegida\/#article","isPartOf":{"@id":"https:\/\/expressometro.mx\/index.php\/2022\/09\/27\/pide-pri-al-ejecutivo-federal-declarar-presa-madin-como-area-natural-protegida\/"},"author":{"name":"Expresso Metropolitano","@id":"https:\/\/expressometro.mx\/#\/schema\/person\/efa971b4a0664db8ed5c22b1b0dd2f5d"},"headline":"PIDE PRI AL EJECUTIVO FEDERAL DECLARAR PRESA MAD\u00cdN COMO \u00c1REA NATURAL PROTEGIDA","datePublished":"2022-09-28T02:54:51+00:00","mainEntityOfPage":{"@id":"https:\/\/expressometro.mx\/index.php\/2022\/09\/27\/pide-pri-al-ejecutivo-federal-declarar-presa-madin-como-area-natural-protegida\/"},"wordCount":291,"commentCount":0,"publisher":{"@id":"https:\/\/expressometro.mx\/#organization"},"image":{"@id":"https:\/\/expressometro.mx\/index.php\/2022\/09\/27\/pide-pri-al-ejecutivo-federal-declarar-presa-madin-como-area-natural-protegida\/#primaryimage"},"thumbnailUrl":"https:\/\/expressometro.mx\/wp-content\/uploads\/2022\/09\/David-Parra-270922-1.jpg","keywords":["David Parra","Edomex","PRI"],"articleSection":["Gobierno","Medio ambiente","Pol\u00edtica"],"inLanguage":"es","potentialAction":[{"@type":"CommentAction","name":"Comment","target":["https:\/\/expressometro.mx\/index.php\/2022\/09\/27\/pide-pri-al-ejecutivo-federal-declarar-presa-madin-como-area-natural-protegida\/#respond"]}]},{"@type":"WebPage","@id":"https:\/\/expressometro.mx\/index.php\/2022\/09\/27\/pide-pri-al-ejecutivo-federal-declarar-presa-madin-como-area-natural-protegida\/","url":"https:\/\/expressometro.mx\/index.php\/2022\/09\/27\/pide-pri-al-ejecutivo-federal-declarar-presa-madin-como-area-natural-protegida\/","name":"PIDE PRI AL EJECUTIVO FEDERAL DECLARAR PRESA MAD\u00cdN COMO \u00c1REA NATURAL PROTEGIDA - Expresso Metropolitano","isPartOf":{"@id":"https:\/\/expressometro.mx\/#website"},"primaryImageOfPage":{"@id":"https:\/\/expressometro.mx\/index.php\/2022\/09\/27\/pide-pri-al-ejecutivo-federal-declarar-presa-madin-como-area-natural-protegida\/#primaryimage"},"image":{"@id":"https:\/\/expressometro.mx\/index.php\/2022\/09\/27\/pide-pri-al-ejecutivo-federal-declarar-presa-madin-como-area-natural-protegida\/#primaryimage"},"thumbnailUrl":"https:\/\/expressometro.mx\/wp-content\/uploads\/2022\/09\/David-Parra-270922-1.jpg","datePublished":"2022-09-28T02:54:51+00:00","breadcrumb":{"@id":"https:\/\/expressometro.mx\/index.php\/2022\/09\/27\/pide-pri-al-ejecutivo-federal-declarar-presa-madin-como-area-natural-protegida\/#breadcrumb"},"inLanguage":"es","potentialAction":[{"@type":"ReadAction","target":["https:\/\/expressometro.mx\/index.php\/2022\/09\/27\/pide-pri-al-ejecutivo-federal-declarar-presa-madin-como-area-natural-protegida\/"]}]},{"@type":"ImageObject","inLanguage":"es","@id":"https:\/\/expressometro.mx\/index.php\/2022\/09\/27\/pide-pri-al-ejecutivo-federal-declarar-presa-madin-como-area-natural-protegida\/#primaryimage","url":"https:\/\/expressometro.mx\/wp-content\/uploads\/2022\/09\/David-Parra-270922-1.jpg","contentUrl":"https:\/\/expressometro.mx\/wp-content\/uploads\/2022\/09\/David-Parra-270922-1.jpg","width":1024,"height":682},{"@type":"BreadcrumbList","@id":"https:\/\/expressometro.mx\/index.php\/2022\/09\/27\/pide-pri-al-ejecutivo-federal-declarar-presa-madin-como-area-natural-protegida\/#breadcrumb","itemListElement":[{"@type":"ListItem","position":1,"name":"Inicio","item":"https:\/\/expressometro.mx\/"},{"@type":"ListItem","position":2,"name":"PIDE PRI AL EJECUTIVO FEDERAL DECLARAR PRESA MAD\u00cdN COMO \u00c1REA NATURAL PROTEGIDA"}]},{"@type":"WebSite","@id":"https:\/\/expressometro.mx\/#website","url":"https:\/\/expressometro.mx\/","name":"Expresso Metropolitano","description":"Periodismo comprometido, informaci\u00f3n, investigaci\u00f3n y an\u00e1lisis","publisher":{"@id":"https:\/\/expressometro.mx\/#organization"},"potentialAction":[{"@type":"SearchAction","target":{"@type":"EntryPoint","urlTemplate":"https:\/\/expressometro.mx\/?s={search_term_string}"},"query-input":{"@type":"PropertyValueSpecification","valueRequired":true,"valueName":"search_term_string"}}],"inLanguage":"es"},{"@type":"Organization","@id":"https:\/\/expressometro.mx\/#organization","name":"Expresso Metropolitano","url":"https:\/\/expressometro.mx\/","logo":{"@type":"ImageObject","inLanguage":"es","@id":"https:\/\/expressometro.mx\/#\/schema\/logo\/image\/","url":"https:\/\/expressometro.mx\/wp-content\/uploads\/2019\/07\/cropped-Logo-Expresso-Metropolitano-1-1.jpeg","contentUrl":"https:\/\/expressometro.mx\/wp-content\/uploads\/2019\/07\/cropped-Logo-Expresso-Metropolitano-1-1.jpeg","width":290,"height":73,"caption":"Expresso Metropolitano"},"image":{"@id":"https:\/\/expressometro.mx\/#\/schema\/logo\/image\/"}},{"@type":"Person","@id":"https:\/\/expressometro.mx\/#\/schema\/person\/efa971b4a0664db8ed5c22b1b0dd2f5d","name":"Expresso Metropolitano","image":{"@type":"ImageObject","inLanguage":"es","@id":"https:\/\/secure.gravatar.com\/avatar\/a89f802b8de18c6952f223c88d3d106e9e3679839f4e25a02f4a6cc2ae6ba3b3?s=96&d=mm&r=g","url":"https:\/\/secure.gravatar.com\/avatar\/a89f802b8de18c6952f223c88d3d106e9e3679839f4e25a02f4a6cc2ae6ba3b3?s=96&d=mm&r=g","contentUrl":"https:\/\/secure.gravatar.com\/avatar\/a89f802b8de18c6952f223c88d3d106e9e3679839f4e25a02f4a6cc2ae6ba3b3?s=96&d=mm&r=g","caption":"Expresso Metropolitano"},"url":"https:\/\/expressometro.mx\/index.php\/author\/diego\/"}]}},"amp_enabled":true,"_links":{"self":[{"href":"https:\/\/expressometro.mx\/index.php\/wp-json\/wp\/v2\/posts\/6511","targetHints":{"allow":["GET"]}}],"collection":[{"href":"https:\/\/expressometro.mx\/index.php\/wp-json\/wp\/v2\/posts"}],"about":[{"href":"https:\/\/expressometro.mx\/index.php\/wp-json\/wp\/v2\/types\/post"}],"author":[{"embeddable":true,"href":"https:\/\/expressometro.mx\/index.php\/wp-json\/wp\/v2\/users\/1"}],"replies":[{"embeddable":true,"href":"https:\/\/expressometro.mx\/index.php\/wp-json\/wp\/v2\/comments?post=6511"}],"version-history":[{"count":1,"href":"https:\/\/expressometro.mx\/index.php\/wp-json\/wp\/v2\/posts\/6511\/revisions"}],"predecessor-version":[{"id":6514,"href":"https:\/\/expressometro.mx\/index.php\/wp-json\/wp\/v2\/posts\/6511\/revisions\/6514"}],"wp:featuredmedia":[{"embeddable":true,"href":"https:\/\/expressometro.mx\/index.php\/wp-json\/wp\/v2\/media\/6513"}],"wp:attachment":[{"href":"https:\/\/expressometro.mx\/index.php\/wp-json\/wp\/v2\/media?parent=6511"}],"wp:term":[{"taxonomy":"category","embeddable":true,"href":"https:\/\/expressometro.mx\/index.php\/wp-json\/wp\/v2\/categories?post=6511"},{"taxonomy":"post_tag","embeddable":true,"href":"https:\/\/expressometro.mx\/index.php\/wp-json\/wp\/v2\/tags?post=6511"}],"curies":[{"name":"wp","href":"https:\/\/api.w.org\/{rel}","templated":true}]}}