{"id":6506,"date":"2022-09-27T19:31:22","date_gmt":"2022-09-28T00:31:22","guid":{"rendered":"https:\/\/expressometro.mx\/?p=6506"},"modified":"2022-09-27T19:31:24","modified_gmt":"2022-09-28T00:31:24","slug":"octavio-garcia-el-payo-y-diego-silveti-presentes-en-la-tradicional-corrida-de-toros-aculco-2022","status":"publish","type":"post","link":"https:\/\/expressometro.mx\/index.php\/2022\/09\/27\/octavio-garcia-el-payo-y-diego-silveti-presentes-en-la-tradicional-corrida-de-toros-aculco-2022\/","title":{"rendered":"OCTAVIO GARC\u00cdA &#8220;EL PAYO&#8221; Y DIEGO SILVETI PRESENTES EN LA TRADICIONAL CORRIDA DE TOROS, ACULCO 2022"},"content":{"rendered":"\n<p><\/p>\n\n\n\n<p>Se realiz\u00f3 la rueda de prensa para presentar el Cartel de la Tradicional Corrida de Toros Aculco 2022, la cual se llevar\u00e1 a cabo el 30 de septiembre. Se cont\u00f3 con la presencia del Presidente Municipal, Jorge Osornio Victoria; la Presidenta Honor\u00edfica del DIF Aculco, Rosa Yareth Andrade Quezada; el Torero, Octavio Garc\u00eda \u201cEl Payo\u201d; el Tercer Regidor, Lic. Alejandro Becerril; la Cuarta Regidora, Mayra Morales; el Secretario de Ayuntamiento, Lic. Marcos Sosa.<\/p>\n\n\n\n<p>El Presidente Osornio le dio la bienvenida al torero \u201cPayo\u201d, ya que con motivo de 500 a\u00f1os de la fundaci\u00f3n de Aculco, el \u201cPayo\u201d estar\u00e1 en el Cartel del Lienzo Charro \u201cGarrido y Varela\u201d, junto a Diego Silveti y el torero aculquense, Emiliano Osornio. Aculco se caracteriza por la tradicional fiesta taurina, y esta vez contar\u00e1 con el respaldo del ganadero Santiago P\u00e9rez Salazar, quien proporcionar\u00e1 grandes toros de reconocida ganader\u00eda de Arroyo Zarco.<\/p>\n\n\n\n<p>Al mediod\u00eda del 30 de septiembre, se llevar\u00e1 a cabo la primera Aculcada, que ser\u00e1 la prueba piloto, y que se har\u00e1 con vacas, para que no sea tan peligroso. Se contar\u00e1 con vallas y con personal de seguridad que asegurar\u00e1n el bienestar de los asistentes. Desde el 2016, Aculco hace de la corrida de toros, las charreadas, las carreras de caballos y los gallos, Patrimonio Cultural de la Humanidad.<\/p>\n\n\n\n<p>Ese d\u00eda se iniciar\u00e1 con una ceremonia c\u00edvica a las 10 am, posteriormente se llevar\u00e1 a cabo la primera Aculcada, a las 12; a las 4 pm ser\u00e1 la Corrida de Toros y finalmente el tradicional castillo y baile.<\/p>\n\n\n\n<p>\u201cEl Payo\u201d explic\u00f3 que tener un Cartel as\u00ed, no es f\u00e1cil; este es un Cartel que siempre encontrar\u00e1s en la Plaza de Toros de M\u00e9xico. Pero debido al cari\u00f1o que se le tiene a Aculco, los grandes toreros participantes, pusieron de su parte para que se lograra este Cartel. La Aculcada era un proyecto que se ven\u00eda madurando desde hace a\u00f1os, y que finalmente se concretar\u00e1 este a\u00f1o. El objetivo principal es que se convierta en una tradici\u00f3n que sea atractivo para los turistas y para los aficionados de la fiesta taurina.<\/p>\n\n\n\n<p>Finalmente, el Presidente dio las recomendaciones para la seguridad de los aculquenses y de las calles que se cerrar\u00e1n para que tomen sus precauciones.<\/p>\n","protected":false},"excerpt":{"rendered":"<p>Se realiz\u00f3 la rueda de prensa para presentar el Cartel de la Tradicional Corrida de Toros Aculco 2022, la cual se llevar\u00e1 a cabo el 30 de septiembre.<\/p>\n","protected":false},"author":1,"featured_media":6508,"comment_status":"open","ping_status":"open","sticky":false,"template":"","format":"standard","meta":{"footnotes":""},"categories":[11,3,1,231],"tags":[955,2062,1982,2061,954],"class_list":["post-6506","post","type-post","status-publish","format-standard","has-post-thumbnail","hentry","category-cultura","category-gobierno","category-otros","category-politica","tag-aculco","tag-david-silveti","tag-edomex","tag-el-payo","tag-jorge-osornio"],"yoast_head":"<!-- This site is optimized with the Yoast SEO plugin v27.4 - https:\/\/yoast.com\/product\/yoast-seo-wordpress\/ -->\n<title>OCTAVIO GARC\u00cdA &quot;EL PAYO&quot; Y DIEGO SILVETI PRESENTES EN LA TRADICIONAL CORRIDA DE TOROS, ACULCO 2022 - Expresso Metropolitano<\/title>\n<meta name=\"robots\" content=\"index, follow, max-snippet:-1, max-image-preview:large, max-video-preview:-1\" \/>\n<link rel=\"canonical\" href=\"https:\/\/expressometro.mx\/index.php\/2022\/09\/27\/octavio-garcia-el-payo-y-diego-silveti-presentes-en-la-tradicional-corrida-de-toros-aculco-2022\/\" \/>\n<meta property=\"og:locale\" content=\"es_MX\" \/>\n<meta property=\"og:type\" content=\"article\" \/>\n<meta property=\"og:title\" content=\"OCTAVIO GARC\u00cdA &quot;EL PAYO&quot; Y DIEGO SILVETI PRESENTES EN LA TRADICIONAL CORRIDA DE TOROS, ACULCO 2022 - Expresso Metropolitano\" \/>\n<meta property=\"og:description\" content=\"Se realiz\u00f3 la rueda de prensa para presentar el Cartel de la Tradicional Corrida de Toros Aculco 2022, la cual se llevar\u00e1 a cabo el 30 de septiembre.\" \/>\n<meta property=\"og:url\" content=\"https:\/\/expressometro.mx\/index.php\/2022\/09\/27\/octavio-garcia-el-payo-y-diego-silveti-presentes-en-la-tradicional-corrida-de-toros-aculco-2022\/\" \/>\n<meta property=\"og:site_name\" content=\"Expresso Metropolitano\" \/>\n<meta property=\"article:published_time\" content=\"2022-09-28T00:31:22+00:00\" \/>\n<meta property=\"article:modified_time\" content=\"2022-09-28T00:31:24+00:00\" \/>\n<meta property=\"og:image\" content=\"http:\/\/expressometro.mx\/wp-content\/uploads\/2022\/09\/Aculco-Corrida-de-Toros-260922-3.jpg\" \/>\n\t<meta property=\"og:image:width\" content=\"762\" \/>\n\t<meta property=\"og:image:height\" content=\"541\" \/>\n\t<meta property=\"og:image:type\" content=\"image\/jpeg\" \/>\n<meta name=\"author\" content=\"Expresso Metropolitano\" \/>\n<meta name=\"twitter:label1\" content=\"Escrito por\" \/>\n\t<meta name=\"twitter:data1\" content=\"Expresso Metropolitano\" \/>\n\t<meta name=\"twitter:label2\" content=\"Tiempo de lectura\" \/>\n\t<meta name=\"twitter:data2\" content=\"2 minutos\" \/>\n<script type=\"application\/ld+json\" class=\"yoast-schema-graph\">{\"@context\":\"https:\\\/\\\/schema.org\",\"@graph\":[{\"@type\":\"Article\",\"@id\":\"https:\\\/\\\/expressometro.mx\\\/index.php\\\/2022\\\/09\\\/27\\\/octavio-garcia-el-payo-y-diego-silveti-presentes-en-la-tradicional-corrida-de-toros-aculco-2022\\\/#article\",\"isPartOf\":{\"@id\":\"https:\\\/\\\/expressometro.mx\\\/index.php\\\/2022\\\/09\\\/27\\\/octavio-garcia-el-payo-y-diego-silveti-presentes-en-la-tradicional-corrida-de-toros-aculco-2022\\\/\"},\"author\":{\"name\":\"Expresso Metropolitano\",\"@id\":\"https:\\\/\\\/expressometro.mx\\\/#\\\/schema\\\/person\\\/efa971b4a0664db8ed5c22b1b0dd2f5d\"},\"headline\":\"OCTAVIO GARC\u00cdA &#8220;EL PAYO&#8221; Y DIEGO SILVETI PRESENTES EN LA TRADICIONAL CORRIDA DE TOROS, ACULCO 2022\",\"datePublished\":\"2022-09-28T00:31:22+00:00\",\"dateModified\":\"2022-09-28T00:31:24+00:00\",\"mainEntityOfPage\":{\"@id\":\"https:\\\/\\\/expressometro.mx\\\/index.php\\\/2022\\\/09\\\/27\\\/octavio-garcia-el-payo-y-diego-silveti-presentes-en-la-tradicional-corrida-de-toros-aculco-2022\\\/\"},\"wordCount\":399,\"commentCount\":0,\"publisher\":{\"@id\":\"https:\\\/\\\/expressometro.mx\\\/#organization\"},\"image\":{\"@id\":\"https:\\\/\\\/expressometro.mx\\\/index.php\\\/2022\\\/09\\\/27\\\/octavio-garcia-el-payo-y-diego-silveti-presentes-en-la-tradicional-corrida-de-toros-aculco-2022\\\/#primaryimage\"},\"thumbnailUrl\":\"https:\\\/\\\/expressometro.mx\\\/wp-content\\\/uploads\\\/2022\\\/09\\\/Aculco-Corrida-de-Toros-260922-3.jpg\",\"keywords\":[\"Aculco\",\"David Silveti\",\"Edomex\",\"El Payo\",\"Jorge Osornio\"],\"articleSection\":[\"Cultura\",\"Gobierno\",\"Otros\",\"Pol\u00edtica\"],\"inLanguage\":\"es\",\"potentialAction\":[{\"@type\":\"CommentAction\",\"name\":\"Comment\",\"target\":[\"https:\\\/\\\/expressometro.mx\\\/index.php\\\/2022\\\/09\\\/27\\\/octavio-garcia-el-payo-y-diego-silveti-presentes-en-la-tradicional-corrida-de-toros-aculco-2022\\\/#respond\"]}]},{\"@type\":\"WebPage\",\"@id\":\"https:\\\/\\\/expressometro.mx\\\/index.php\\\/2022\\\/09\\\/27\\\/octavio-garcia-el-payo-y-diego-silveti-presentes-en-la-tradicional-corrida-de-toros-aculco-2022\\\/\",\"url\":\"https:\\\/\\\/expressometro.mx\\\/index.php\\\/2022\\\/09\\\/27\\\/octavio-garcia-el-payo-y-diego-silveti-presentes-en-la-tradicional-corrida-de-toros-aculco-2022\\\/\",\"name\":\"OCTAVIO GARC\u00cdA \\\"EL PAYO\\\" Y DIEGO SILVETI PRESENTES EN LA TRADICIONAL CORRIDA DE TOROS, ACULCO 2022 - Expresso Metropolitano\",\"isPartOf\":{\"@id\":\"https:\\\/\\\/expressometro.mx\\\/#website\"},\"primaryImageOfPage\":{\"@id\":\"https:\\\/\\\/expressometro.mx\\\/index.php\\\/2022\\\/09\\\/27\\\/octavio-garcia-el-payo-y-diego-silveti-presentes-en-la-tradicional-corrida-de-toros-aculco-2022\\\/#primaryimage\"},\"image\":{\"@id\":\"https:\\\/\\\/expressometro.mx\\\/index.php\\\/2022\\\/09\\\/27\\\/octavio-garcia-el-payo-y-diego-silveti-presentes-en-la-tradicional-corrida-de-toros-aculco-2022\\\/#primaryimage\"},\"thumbnailUrl\":\"https:\\\/\\\/expressometro.mx\\\/wp-content\\\/uploads\\\/2022\\\/09\\\/Aculco-Corrida-de-Toros-260922-3.jpg\",\"datePublished\":\"2022-09-28T00:31:22+00:00\",\"dateModified\":\"2022-09-28T00:31:24+00:00\",\"breadcrumb\":{\"@id\":\"https:\\\/\\\/expressometro.mx\\\/index.php\\\/2022\\\/09\\\/27\\\/octavio-garcia-el-payo-y-diego-silveti-presentes-en-la-tradicional-corrida-de-toros-aculco-2022\\\/#breadcrumb\"},\"inLanguage\":\"es\",\"potentialAction\":[{\"@type\":\"ReadAction\",\"target\":[\"https:\\\/\\\/expressometro.mx\\\/index.php\\\/2022\\\/09\\\/27\\\/octavio-garcia-el-payo-y-diego-silveti-presentes-en-la-tradicional-corrida-de-toros-aculco-2022\\\/\"]}]},{\"@type\":\"ImageObject\",\"inLanguage\":\"es\",\"@id\":\"https:\\\/\\\/expressometro.mx\\\/index.php\\\/2022\\\/09\\\/27\\\/octavio-garcia-el-payo-y-diego-silveti-presentes-en-la-tradicional-corrida-de-toros-aculco-2022\\\/#primaryimage\",\"url\":\"https:\\\/\\\/expressometro.mx\\\/wp-content\\\/uploads\\\/2022\\\/09\\\/Aculco-Corrida-de-Toros-260922-3.jpg\",\"contentUrl\":\"https:\\\/\\\/expressometro.mx\\\/wp-content\\\/uploads\\\/2022\\\/09\\\/Aculco-Corrida-de-Toros-260922-3.jpg\",\"width\":762,\"height\":541},{\"@type\":\"BreadcrumbList\",\"@id\":\"https:\\\/\\\/expressometro.mx\\\/index.php\\\/2022\\\/09\\\/27\\\/octavio-garcia-el-payo-y-diego-silveti-presentes-en-la-tradicional-corrida-de-toros-aculco-2022\\\/#breadcrumb\",\"itemListElement\":[{\"@type\":\"ListItem\",\"position\":1,\"name\":\"Inicio\",\"item\":\"https:\\\/\\\/expressometro.mx\\\/\"},{\"@type\":\"ListItem\",\"position\":2,\"name\":\"OCTAVIO GARC\u00cdA &#8220;EL PAYO&#8221; Y DIEGO SILVETI PRESENTES EN LA TRADICIONAL CORRIDA DE TOROS, ACULCO 2022\"}]},{\"@type\":\"WebSite\",\"@id\":\"https:\\\/\\\/expressometro.mx\\\/#website\",\"url\":\"https:\\\/\\\/expressometro.mx\\\/\",\"name\":\"Expresso Metropolitano\",\"description\":\"Periodismo comprometido, informaci\u00f3n, investigaci\u00f3n y an\u00e1lisis\",\"publisher\":{\"@id\":\"https:\\\/\\\/expressometro.mx\\\/#organization\"},\"potentialAction\":[{\"@type\":\"SearchAction\",\"target\":{\"@type\":\"EntryPoint\",\"urlTemplate\":\"https:\\\/\\\/expressometro.mx\\\/?s={search_term_string}\"},\"query-input\":{\"@type\":\"PropertyValueSpecification\",\"valueRequired\":true,\"valueName\":\"search_term_string\"}}],\"inLanguage\":\"es\"},{\"@type\":\"Organization\",\"@id\":\"https:\\\/\\\/expressometro.mx\\\/#organization\",\"name\":\"Expresso Metropolitano\",\"url\":\"https:\\\/\\\/expressometro.mx\\\/\",\"logo\":{\"@type\":\"ImageObject\",\"inLanguage\":\"es\",\"@id\":\"https:\\\/\\\/expressometro.mx\\\/#\\\/schema\\\/logo\\\/image\\\/\",\"url\":\"https:\\\/\\\/expressometro.mx\\\/wp-content\\\/uploads\\\/2019\\\/07\\\/cropped-Logo-Expresso-Metropolitano-1-1.jpeg\",\"contentUrl\":\"https:\\\/\\\/expressometro.mx\\\/wp-content\\\/uploads\\\/2019\\\/07\\\/cropped-Logo-Expresso-Metropolitano-1-1.jpeg\",\"width\":290,\"height\":73,\"caption\":\"Expresso Metropolitano\"},\"image\":{\"@id\":\"https:\\\/\\\/expressometro.mx\\\/#\\\/schema\\\/logo\\\/image\\\/\"}},{\"@type\":\"Person\",\"@id\":\"https:\\\/\\\/expressometro.mx\\\/#\\\/schema\\\/person\\\/efa971b4a0664db8ed5c22b1b0dd2f5d\",\"name\":\"Expresso Metropolitano\",\"image\":{\"@type\":\"ImageObject\",\"inLanguage\":\"es\",\"@id\":\"https:\\\/\\\/secure.gravatar.com\\\/avatar\\\/a89f802b8de18c6952f223c88d3d106e9e3679839f4e25a02f4a6cc2ae6ba3b3?s=96&d=mm&r=g\",\"url\":\"https:\\\/\\\/secure.gravatar.com\\\/avatar\\\/a89f802b8de18c6952f223c88d3d106e9e3679839f4e25a02f4a6cc2ae6ba3b3?s=96&d=mm&r=g\",\"contentUrl\":\"https:\\\/\\\/secure.gravatar.com\\\/avatar\\\/a89f802b8de18c6952f223c88d3d106e9e3679839f4e25a02f4a6cc2ae6ba3b3?s=96&d=mm&r=g\",\"caption\":\"Expresso Metropolitano\"},\"url\":\"https:\\\/\\\/expressometro.mx\\\/index.php\\\/author\\\/diego\\\/\"}]}<\/script>\n<!-- \/ Yoast SEO plugin. -->","yoast_head_json":{"title":"OCTAVIO GARC\u00cdA \"EL PAYO\" Y DIEGO SILVETI PRESENTES EN LA TRADICIONAL CORRIDA DE TOROS, ACULCO 2022 - Expresso Metropolitano","robots":{"index":"index","follow":"follow","max-snippet":"max-snippet:-1","max-image-preview":"max-image-preview:large","max-video-preview":"max-video-preview:-1"},"canonical":"https:\/\/expressometro.mx\/index.php\/2022\/09\/27\/octavio-garcia-el-payo-y-diego-silveti-presentes-en-la-tradicional-corrida-de-toros-aculco-2022\/","og_locale":"es_MX","og_type":"article","og_title":"OCTAVIO GARC\u00cdA \"EL PAYO\" Y DIEGO SILVETI PRESENTES EN LA TRADICIONAL CORRIDA DE TOROS, ACULCO 2022 - Expresso Metropolitano","og_description":"Se realiz\u00f3 la rueda de prensa para presentar el Cartel de la Tradicional Corrida de Toros Aculco 2022, la cual se llevar\u00e1 a cabo el 30 de septiembre.","og_url":"https:\/\/expressometro.mx\/index.php\/2022\/09\/27\/octavio-garcia-el-payo-y-diego-silveti-presentes-en-la-tradicional-corrida-de-toros-aculco-2022\/","og_site_name":"Expresso Metropolitano","article_published_time":"2022-09-28T00:31:22+00:00","article_modified_time":"2022-09-28T00:31:24+00:00","og_image":[{"width":762,"height":541,"url":"http:\/\/expressometro.mx\/wp-content\/uploads\/2022\/09\/Aculco-Corrida-de-Toros-260922-3.jpg","type":"image\/jpeg"}],"author":"Expresso Metropolitano","twitter_misc":{"Escrito por":"Expresso Metropolitano","Tiempo de lectura":"2 minutos"},"schema":{"@context":"https:\/\/schema.org","@graph":[{"@type":"Article","@id":"https:\/\/expressometro.mx\/index.php\/2022\/09\/27\/octavio-garcia-el-payo-y-diego-silveti-presentes-en-la-tradicional-corrida-de-toros-aculco-2022\/#article","isPartOf":{"@id":"https:\/\/expressometro.mx\/index.php\/2022\/09\/27\/octavio-garcia-el-payo-y-diego-silveti-presentes-en-la-tradicional-corrida-de-toros-aculco-2022\/"},"author":{"name":"Expresso Metropolitano","@id":"https:\/\/expressometro.mx\/#\/schema\/person\/efa971b4a0664db8ed5c22b1b0dd2f5d"},"headline":"OCTAVIO GARC\u00cdA &#8220;EL PAYO&#8221; Y DIEGO SILVETI PRESENTES EN LA TRADICIONAL CORRIDA DE TOROS, ACULCO 2022","datePublished":"2022-09-28T00:31:22+00:00","dateModified":"2022-09-28T00:31:24+00:00","mainEntityOfPage":{"@id":"https:\/\/expressometro.mx\/index.php\/2022\/09\/27\/octavio-garcia-el-payo-y-diego-silveti-presentes-en-la-tradicional-corrida-de-toros-aculco-2022\/"},"wordCount":399,"commentCount":0,"publisher":{"@id":"https:\/\/expressometro.mx\/#organization"},"image":{"@id":"https:\/\/expressometro.mx\/index.php\/2022\/09\/27\/octavio-garcia-el-payo-y-diego-silveti-presentes-en-la-tradicional-corrida-de-toros-aculco-2022\/#primaryimage"},"thumbnailUrl":"https:\/\/expressometro.mx\/wp-content\/uploads\/2022\/09\/Aculco-Corrida-de-Toros-260922-3.jpg","keywords":["Aculco","David Silveti","Edomex","El Payo","Jorge Osornio"],"articleSection":["Cultura","Gobierno","Otros","Pol\u00edtica"],"inLanguage":"es","potentialAction":[{"@type":"CommentAction","name":"Comment","target":["https:\/\/expressometro.mx\/index.php\/2022\/09\/27\/octavio-garcia-el-payo-y-diego-silveti-presentes-en-la-tradicional-corrida-de-toros-aculco-2022\/#respond"]}]},{"@type":"WebPage","@id":"https:\/\/expressometro.mx\/index.php\/2022\/09\/27\/octavio-garcia-el-payo-y-diego-silveti-presentes-en-la-tradicional-corrida-de-toros-aculco-2022\/","url":"https:\/\/expressometro.mx\/index.php\/2022\/09\/27\/octavio-garcia-el-payo-y-diego-silveti-presentes-en-la-tradicional-corrida-de-toros-aculco-2022\/","name":"OCTAVIO GARC\u00cdA \"EL PAYO\" Y DIEGO SILVETI PRESENTES EN LA TRADICIONAL CORRIDA DE TOROS, ACULCO 2022 - Expresso Metropolitano","isPartOf":{"@id":"https:\/\/expressometro.mx\/#website"},"primaryImageOfPage":{"@id":"https:\/\/expressometro.mx\/index.php\/2022\/09\/27\/octavio-garcia-el-payo-y-diego-silveti-presentes-en-la-tradicional-corrida-de-toros-aculco-2022\/#primaryimage"},"image":{"@id":"https:\/\/expressometro.mx\/index.php\/2022\/09\/27\/octavio-garcia-el-payo-y-diego-silveti-presentes-en-la-tradicional-corrida-de-toros-aculco-2022\/#primaryimage"},"thumbnailUrl":"https:\/\/expressometro.mx\/wp-content\/uploads\/2022\/09\/Aculco-Corrida-de-Toros-260922-3.jpg","datePublished":"2022-09-28T00:31:22+00:00","dateModified":"2022-09-28T00:31:24+00:00","breadcrumb":{"@id":"https:\/\/expressometro.mx\/index.php\/2022\/09\/27\/octavio-garcia-el-payo-y-diego-silveti-presentes-en-la-tradicional-corrida-de-toros-aculco-2022\/#breadcrumb"},"inLanguage":"es","potentialAction":[{"@type":"ReadAction","target":["https:\/\/expressometro.mx\/index.php\/2022\/09\/27\/octavio-garcia-el-payo-y-diego-silveti-presentes-en-la-tradicional-corrida-de-toros-aculco-2022\/"]}]},{"@type":"ImageObject","inLanguage":"es","@id":"https:\/\/expressometro.mx\/index.php\/2022\/09\/27\/octavio-garcia-el-payo-y-diego-silveti-presentes-en-la-tradicional-corrida-de-toros-aculco-2022\/#primaryimage","url":"https:\/\/expressometro.mx\/wp-content\/uploads\/2022\/09\/Aculco-Corrida-de-Toros-260922-3.jpg","contentUrl":"https:\/\/expressometro.mx\/wp-content\/uploads\/2022\/09\/Aculco-Corrida-de-Toros-260922-3.jpg","width":762,"height":541},{"@type":"BreadcrumbList","@id":"https:\/\/expressometro.mx\/index.php\/2022\/09\/27\/octavio-garcia-el-payo-y-diego-silveti-presentes-en-la-tradicional-corrida-de-toros-aculco-2022\/#breadcrumb","itemListElement":[{"@type":"ListItem","position":1,"name":"Inicio","item":"https:\/\/expressometro.mx\/"},{"@type":"ListItem","position":2,"name":"OCTAVIO GARC\u00cdA &#8220;EL PAYO&#8221; Y DIEGO SILVETI PRESENTES EN LA TRADICIONAL CORRIDA DE TOROS, ACULCO 2022"}]},{"@type":"WebSite","@id":"https:\/\/expressometro.mx\/#website","url":"https:\/\/expressometro.mx\/","name":"Expresso Metropolitano","description":"Periodismo comprometido, informaci\u00f3n, investigaci\u00f3n y an\u00e1lisis","publisher":{"@id":"https:\/\/expressometro.mx\/#organization"},"potentialAction":[{"@type":"SearchAction","target":{"@type":"EntryPoint","urlTemplate":"https:\/\/expressometro.mx\/?s={search_term_string}"},"query-input":{"@type":"PropertyValueSpecification","valueRequired":true,"valueName":"search_term_string"}}],"inLanguage":"es"},{"@type":"Organization","@id":"https:\/\/expressometro.mx\/#organization","name":"Expresso Metropolitano","url":"https:\/\/expressometro.mx\/","logo":{"@type":"ImageObject","inLanguage":"es","@id":"https:\/\/expressometro.mx\/#\/schema\/logo\/image\/","url":"https:\/\/expressometro.mx\/wp-content\/uploads\/2019\/07\/cropped-Logo-Expresso-Metropolitano-1-1.jpeg","contentUrl":"https:\/\/expressometro.mx\/wp-content\/uploads\/2019\/07\/cropped-Logo-Expresso-Metropolitano-1-1.jpeg","width":290,"height":73,"caption":"Expresso Metropolitano"},"image":{"@id":"https:\/\/expressometro.mx\/#\/schema\/logo\/image\/"}},{"@type":"Person","@id":"https:\/\/expressometro.mx\/#\/schema\/person\/efa971b4a0664db8ed5c22b1b0dd2f5d","name":"Expresso Metropolitano","image":{"@type":"ImageObject","inLanguage":"es","@id":"https:\/\/secure.gravatar.com\/avatar\/a89f802b8de18c6952f223c88d3d106e9e3679839f4e25a02f4a6cc2ae6ba3b3?s=96&d=mm&r=g","url":"https:\/\/secure.gravatar.com\/avatar\/a89f802b8de18c6952f223c88d3d106e9e3679839f4e25a02f4a6cc2ae6ba3b3?s=96&d=mm&r=g","contentUrl":"https:\/\/secure.gravatar.com\/avatar\/a89f802b8de18c6952f223c88d3d106e9e3679839f4e25a02f4a6cc2ae6ba3b3?s=96&d=mm&r=g","caption":"Expresso Metropolitano"},"url":"https:\/\/expressometro.mx\/index.php\/author\/diego\/"}]}},"amp_enabled":true,"_links":{"self":[{"href":"https:\/\/expressometro.mx\/index.php\/wp-json\/wp\/v2\/posts\/6506","targetHints":{"allow":["GET"]}}],"collection":[{"href":"https:\/\/expressometro.mx\/index.php\/wp-json\/wp\/v2\/posts"}],"about":[{"href":"https:\/\/expressometro.mx\/index.php\/wp-json\/wp\/v2\/types\/post"}],"author":[{"embeddable":true,"href":"https:\/\/expressometro.mx\/index.php\/wp-json\/wp\/v2\/users\/1"}],"replies":[{"embeddable":true,"href":"https:\/\/expressometro.mx\/index.php\/wp-json\/wp\/v2\/comments?post=6506"}],"version-history":[{"count":1,"href":"https:\/\/expressometro.mx\/index.php\/wp-json\/wp\/v2\/posts\/6506\/revisions"}],"predecessor-version":[{"id":6509,"href":"https:\/\/expressometro.mx\/index.php\/wp-json\/wp\/v2\/posts\/6506\/revisions\/6509"}],"wp:featuredmedia":[{"embeddable":true,"href":"https:\/\/expressometro.mx\/index.php\/wp-json\/wp\/v2\/media\/6508"}],"wp:attachment":[{"href":"https:\/\/expressometro.mx\/index.php\/wp-json\/wp\/v2\/media?parent=6506"}],"wp:term":[{"taxonomy":"category","embeddable":true,"href":"https:\/\/expressometro.mx\/index.php\/wp-json\/wp\/v2\/categories?post=6506"},{"taxonomy":"post_tag","embeddable":true,"href":"https:\/\/expressometro.mx\/index.php\/wp-json\/wp\/v2\/tags?post=6506"}],"curies":[{"name":"wp","href":"https:\/\/api.w.org\/{rel}","templated":true}]}}