{"id":6483,"date":"2022-09-01T10:10:00","date_gmt":"2022-09-01T15:10:00","guid":{"rendered":"https:\/\/expressometro.mx\/?p=6483"},"modified":"2022-09-23T10:42:07","modified_gmt":"2022-09-23T15:42:07","slug":"toman-protesta-los-nuevos-integrantes-del-comprobides-en-jocotitlan","status":"publish","type":"post","link":"https:\/\/expressometro.mx\/index.php\/2022\/09\/01\/toman-protesta-los-nuevos-integrantes-del-comprobides-en-jocotitlan\/","title":{"rendered":"TOMAN PROTESTA LOS NUEVOS INTEGRANTES DEL COMPROBIDES EN JOCOTITL\u00c1N"},"content":{"rendered":"\n<p><\/p>\n\n\n\n<p>Con el fin de incentivar la participaci\u00f3n social en el cuidado del Medio Ambiente, la Direcci\u00f3n Concertaci\u00f3n y Participaci\u00f3n Ciudadana de la Secretar\u00eda del Medio Ambiente del Estado de M\u00e9xico y el H. Ayuntamiento de Jocotitl\u00e1n, llevaron a cabo la toma de protesta del COMPROBIDES, en presencia de Jes\u00fas Cedillo, Presidente Municipal; y del Director de Concertaci\u00f3n y Participaci\u00f3n Ciudadana de la Secretar\u00eda del Medio Ambiente del Gobierno del Estado Lic. Abraham Nemer Vel\u00e1zquez.<\/p>\n\n\n\n<p>Los Consejos Municipales de Protecci\u00f3n a la Biodiversidad y Desarrollo Sostenible (COMPROBIDES) son comit\u00e9s de participaci\u00f3n; consulta; opini\u00f3n; asesor\u00eda; orientaci\u00f3n; estudio; que coordina acciones con los ayuntamientos.<\/p>\n\n\n\n<p>Con el objeto de alentar la participaci\u00f3n social, para la conservaci\u00f3n, preservaci\u00f3n, remediaci\u00f3n, rehabilitaci\u00f3n y restauraci\u00f3n del medio ambiente local, se seleccion\u00f3 de la ciudadan\u00eda a los nuevos miembros del COMPROBIDES Jocotitl\u00e1n. Como Presidenta qued\u00f3 la C. Gabriela Robledo L\u00f3pez; Secretario T\u00e9cnico, C. Jos\u00e9 Eduardo Tafolla Alvarado; Primera Vocal, C. Luz Mar\u00eda Garc\u00eda Valdez; Segunda Vocal, J. Magaly Mart\u00ednez Flores; Tercer Vocal, C. Benito de Jes\u00fas Moreno.<\/p>\n\n\n\n<p>Los integrantes de este Consejo, son ciudadanos comprometidos con el medio ambiente, que trabajar\u00e1n en pro del medio ambiente con la realizaci\u00f3n de actividades como talleres y pl\u00e1ticas en l\u00ednea, adopci\u00f3n canina, reforestaci\u00f3n urbana y forestal, entre otras actividades.<\/p>\n\n\n\n<p>El Presidente Municipal, Jes\u00fas Cedillo, los exhort\u00f3 a trabajar con determinaci\u00f3n para aprovechar cada oportunidad de hacer todo a favor de la naturaleza, en el que es indispensable que se restaure, hasta donde sea posible, las condiciones que hemos deteriorado entre todos. Tambi\u00e9n reiter\u00f3 la voluntad de este gobierno municipal para tomar con mucha seriedad este esfuerzo.<\/p>\n","protected":false},"excerpt":{"rendered":"<p>Con el fin de incentivar la participaci\u00f3n social en el cuidado del Medio Ambiente, la Direcci\u00f3n Concertaci\u00f3n y Participaci\u00f3n Ciudadana de la Secretar\u00eda del Medio Ambiente del Estado de M\u00e9xico y el H. Ayuntamiento de Jocotitl\u00e1n, llevaron a cabo la toma de protesta del COMPROBIDES, en presencia de Jes\u00fas Cedillo, Presidente Municipal; y del Director de Concertaci\u00f3n y Participaci\u00f3n Ciudadana de la Secretar\u00eda del Medio Ambiente del Gobierno del Estado Lic. Abraham Nemer Vel\u00e1zquez.<\/p>\n","protected":false},"author":1,"featured_media":6484,"comment_status":"open","ping_status":"open","sticky":false,"template":"","format":"standard","meta":{"footnotes":""},"categories":[3,8,231],"tags":[2052,1982,616,324],"class_list":["post-6483","post","type-post","status-publish","format-standard","has-post-thumbnail","hentry","category-gobierno","category-medio-ambiente","category-politica","tag-comprobides","tag-edomex","tag-jesus-cedillo","tag-jocotitlan"],"yoast_head":"<!-- This site is optimized with the Yoast SEO plugin v27.4 - https:\/\/yoast.com\/product\/yoast-seo-wordpress\/ -->\n<title>TOMAN PROTESTA LOS NUEVOS INTEGRANTES DEL COMPROBIDES EN JOCOTITL\u00c1N - Expresso Metropolitano<\/title>\n<meta name=\"robots\" content=\"index, follow, max-snippet:-1, max-image-preview:large, max-video-preview:-1\" \/>\n<link rel=\"canonical\" href=\"https:\/\/expressometro.mx\/index.php\/2022\/09\/01\/toman-protesta-los-nuevos-integrantes-del-comprobides-en-jocotitlan\/\" \/>\n<meta property=\"og:locale\" content=\"es_MX\" \/>\n<meta property=\"og:type\" content=\"article\" \/>\n<meta property=\"og:title\" content=\"TOMAN PROTESTA LOS NUEVOS INTEGRANTES DEL COMPROBIDES EN JOCOTITL\u00c1N - Expresso Metropolitano\" \/>\n<meta property=\"og:description\" content=\"Con el fin de incentivar la participaci\u00f3n social en el cuidado del Medio Ambiente, la Direcci\u00f3n Concertaci\u00f3n y Participaci\u00f3n Ciudadana de la Secretar\u00eda del Medio Ambiente del Estado de M\u00e9xico y el H. Ayuntamiento de Jocotitl\u00e1n, llevaron a cabo la toma de protesta del COMPROBIDES, en presencia de Jes\u00fas Cedillo, Presidente Municipal; y del Director de Concertaci\u00f3n y Participaci\u00f3n Ciudadana de la Secretar\u00eda del Medio Ambiente del Gobierno del Estado Lic. Abraham Nemer Vel\u00e1zquez.\" \/>\n<meta property=\"og:url\" content=\"https:\/\/expressometro.mx\/index.php\/2022\/09\/01\/toman-protesta-los-nuevos-integrantes-del-comprobides-en-jocotitlan\/\" \/>\n<meta property=\"og:site_name\" content=\"Expresso Metropolitano\" \/>\n<meta property=\"article:published_time\" content=\"2022-09-01T15:10:00+00:00\" \/>\n<meta property=\"article:modified_time\" content=\"2022-09-23T15:42:07+00:00\" \/>\n<meta property=\"og:image\" content=\"http:\/\/expressometro.mx\/wp-content\/uploads\/2022\/09\/Jocotitlan-COMPROBIDES-010922-1.jpg\" \/>\n\t<meta property=\"og:image:width\" content=\"2048\" \/>\n\t<meta property=\"og:image:height\" content=\"1118\" \/>\n\t<meta property=\"og:image:type\" content=\"image\/jpeg\" \/>\n<meta name=\"author\" content=\"Expresso Metropolitano\" \/>\n<meta name=\"twitter:label1\" content=\"Escrito por\" \/>\n\t<meta name=\"twitter:data1\" content=\"Expresso Metropolitano\" \/>\n\t<meta name=\"twitter:label2\" content=\"Tiempo de lectura\" \/>\n\t<meta name=\"twitter:data2\" content=\"2 minutos\" \/>\n<script type=\"application\/ld+json\" class=\"yoast-schema-graph\">{\"@context\":\"https:\\\/\\\/schema.org\",\"@graph\":[{\"@type\":\"Article\",\"@id\":\"https:\\\/\\\/expressometro.mx\\\/index.php\\\/2022\\\/09\\\/01\\\/toman-protesta-los-nuevos-integrantes-del-comprobides-en-jocotitlan\\\/#article\",\"isPartOf\":{\"@id\":\"https:\\\/\\\/expressometro.mx\\\/index.php\\\/2022\\\/09\\\/01\\\/toman-protesta-los-nuevos-integrantes-del-comprobides-en-jocotitlan\\\/\"},\"author\":{\"name\":\"Expresso Metropolitano\",\"@id\":\"https:\\\/\\\/expressometro.mx\\\/#\\\/schema\\\/person\\\/efa971b4a0664db8ed5c22b1b0dd2f5d\"},\"headline\":\"TOMAN PROTESTA LOS NUEVOS INTEGRANTES DEL COMPROBIDES EN JOCOTITL\u00c1N\",\"datePublished\":\"2022-09-01T15:10:00+00:00\",\"dateModified\":\"2022-09-23T15:42:07+00:00\",\"mainEntityOfPage\":{\"@id\":\"https:\\\/\\\/expressometro.mx\\\/index.php\\\/2022\\\/09\\\/01\\\/toman-protesta-los-nuevos-integrantes-del-comprobides-en-jocotitlan\\\/\"},\"wordCount\":315,\"commentCount\":0,\"publisher\":{\"@id\":\"https:\\\/\\\/expressometro.mx\\\/#organization\"},\"image\":{\"@id\":\"https:\\\/\\\/expressometro.mx\\\/index.php\\\/2022\\\/09\\\/01\\\/toman-protesta-los-nuevos-integrantes-del-comprobides-en-jocotitlan\\\/#primaryimage\"},\"thumbnailUrl\":\"https:\\\/\\\/expressometro.mx\\\/wp-content\\\/uploads\\\/2022\\\/09\\\/Jocotitlan-COMPROBIDES-010922-1.jpg\",\"keywords\":[\"COMPROBIDES\",\"Edomex\",\"Jes\u00fas Cedillo\",\"Jocotitl\u00e1n\"],\"articleSection\":[\"Gobierno\",\"Medio ambiente\",\"Pol\u00edtica\"],\"inLanguage\":\"es\",\"potentialAction\":[{\"@type\":\"CommentAction\",\"name\":\"Comment\",\"target\":[\"https:\\\/\\\/expressometro.mx\\\/index.php\\\/2022\\\/09\\\/01\\\/toman-protesta-los-nuevos-integrantes-del-comprobides-en-jocotitlan\\\/#respond\"]}]},{\"@type\":\"WebPage\",\"@id\":\"https:\\\/\\\/expressometro.mx\\\/index.php\\\/2022\\\/09\\\/01\\\/toman-protesta-los-nuevos-integrantes-del-comprobides-en-jocotitlan\\\/\",\"url\":\"https:\\\/\\\/expressometro.mx\\\/index.php\\\/2022\\\/09\\\/01\\\/toman-protesta-los-nuevos-integrantes-del-comprobides-en-jocotitlan\\\/\",\"name\":\"TOMAN PROTESTA LOS NUEVOS INTEGRANTES DEL COMPROBIDES EN JOCOTITL\u00c1N - Expresso Metropolitano\",\"isPartOf\":{\"@id\":\"https:\\\/\\\/expressometro.mx\\\/#website\"},\"primaryImageOfPage\":{\"@id\":\"https:\\\/\\\/expressometro.mx\\\/index.php\\\/2022\\\/09\\\/01\\\/toman-protesta-los-nuevos-integrantes-del-comprobides-en-jocotitlan\\\/#primaryimage\"},\"image\":{\"@id\":\"https:\\\/\\\/expressometro.mx\\\/index.php\\\/2022\\\/09\\\/01\\\/toman-protesta-los-nuevos-integrantes-del-comprobides-en-jocotitlan\\\/#primaryimage\"},\"thumbnailUrl\":\"https:\\\/\\\/expressometro.mx\\\/wp-content\\\/uploads\\\/2022\\\/09\\\/Jocotitlan-COMPROBIDES-010922-1.jpg\",\"datePublished\":\"2022-09-01T15:10:00+00:00\",\"dateModified\":\"2022-09-23T15:42:07+00:00\",\"breadcrumb\":{\"@id\":\"https:\\\/\\\/expressometro.mx\\\/index.php\\\/2022\\\/09\\\/01\\\/toman-protesta-los-nuevos-integrantes-del-comprobides-en-jocotitlan\\\/#breadcrumb\"},\"inLanguage\":\"es\",\"potentialAction\":[{\"@type\":\"ReadAction\",\"target\":[\"https:\\\/\\\/expressometro.mx\\\/index.php\\\/2022\\\/09\\\/01\\\/toman-protesta-los-nuevos-integrantes-del-comprobides-en-jocotitlan\\\/\"]}]},{\"@type\":\"ImageObject\",\"inLanguage\":\"es\",\"@id\":\"https:\\\/\\\/expressometro.mx\\\/index.php\\\/2022\\\/09\\\/01\\\/toman-protesta-los-nuevos-integrantes-del-comprobides-en-jocotitlan\\\/#primaryimage\",\"url\":\"https:\\\/\\\/expressometro.mx\\\/wp-content\\\/uploads\\\/2022\\\/09\\\/Jocotitlan-COMPROBIDES-010922-1.jpg\",\"contentUrl\":\"https:\\\/\\\/expressometro.mx\\\/wp-content\\\/uploads\\\/2022\\\/09\\\/Jocotitlan-COMPROBIDES-010922-1.jpg\",\"width\":2048,\"height\":1118},{\"@type\":\"BreadcrumbList\",\"@id\":\"https:\\\/\\\/expressometro.mx\\\/index.php\\\/2022\\\/09\\\/01\\\/toman-protesta-los-nuevos-integrantes-del-comprobides-en-jocotitlan\\\/#breadcrumb\",\"itemListElement\":[{\"@type\":\"ListItem\",\"position\":1,\"name\":\"Inicio\",\"item\":\"https:\\\/\\\/expressometro.mx\\\/\"},{\"@type\":\"ListItem\",\"position\":2,\"name\":\"TOMAN PROTESTA LOS NUEVOS INTEGRANTES DEL COMPROBIDES EN JOCOTITL\u00c1N\"}]},{\"@type\":\"WebSite\",\"@id\":\"https:\\\/\\\/expressometro.mx\\\/#website\",\"url\":\"https:\\\/\\\/expressometro.mx\\\/\",\"name\":\"Expresso Metropolitano\",\"description\":\"Periodismo comprometido, informaci\u00f3n, investigaci\u00f3n y an\u00e1lisis\",\"publisher\":{\"@id\":\"https:\\\/\\\/expressometro.mx\\\/#organization\"},\"potentialAction\":[{\"@type\":\"SearchAction\",\"target\":{\"@type\":\"EntryPoint\",\"urlTemplate\":\"https:\\\/\\\/expressometro.mx\\\/?s={search_term_string}\"},\"query-input\":{\"@type\":\"PropertyValueSpecification\",\"valueRequired\":true,\"valueName\":\"search_term_string\"}}],\"inLanguage\":\"es\"},{\"@type\":\"Organization\",\"@id\":\"https:\\\/\\\/expressometro.mx\\\/#organization\",\"name\":\"Expresso Metropolitano\",\"url\":\"https:\\\/\\\/expressometro.mx\\\/\",\"logo\":{\"@type\":\"ImageObject\",\"inLanguage\":\"es\",\"@id\":\"https:\\\/\\\/expressometro.mx\\\/#\\\/schema\\\/logo\\\/image\\\/\",\"url\":\"https:\\\/\\\/expressometro.mx\\\/wp-content\\\/uploads\\\/2019\\\/07\\\/cropped-Logo-Expresso-Metropolitano-1-1.jpeg\",\"contentUrl\":\"https:\\\/\\\/expressometro.mx\\\/wp-content\\\/uploads\\\/2019\\\/07\\\/cropped-Logo-Expresso-Metropolitano-1-1.jpeg\",\"width\":290,\"height\":73,\"caption\":\"Expresso Metropolitano\"},\"image\":{\"@id\":\"https:\\\/\\\/expressometro.mx\\\/#\\\/schema\\\/logo\\\/image\\\/\"}},{\"@type\":\"Person\",\"@id\":\"https:\\\/\\\/expressometro.mx\\\/#\\\/schema\\\/person\\\/efa971b4a0664db8ed5c22b1b0dd2f5d\",\"name\":\"Expresso Metropolitano\",\"image\":{\"@type\":\"ImageObject\",\"inLanguage\":\"es\",\"@id\":\"https:\\\/\\\/secure.gravatar.com\\\/avatar\\\/a89f802b8de18c6952f223c88d3d106e9e3679839f4e25a02f4a6cc2ae6ba3b3?s=96&d=mm&r=g\",\"url\":\"https:\\\/\\\/secure.gravatar.com\\\/avatar\\\/a89f802b8de18c6952f223c88d3d106e9e3679839f4e25a02f4a6cc2ae6ba3b3?s=96&d=mm&r=g\",\"contentUrl\":\"https:\\\/\\\/secure.gravatar.com\\\/avatar\\\/a89f802b8de18c6952f223c88d3d106e9e3679839f4e25a02f4a6cc2ae6ba3b3?s=96&d=mm&r=g\",\"caption\":\"Expresso Metropolitano\"},\"url\":\"https:\\\/\\\/expressometro.mx\\\/index.php\\\/author\\\/diego\\\/\"}]}<\/script>\n<!-- \/ Yoast SEO plugin. -->","yoast_head_json":{"title":"TOMAN PROTESTA LOS NUEVOS INTEGRANTES DEL COMPROBIDES EN JOCOTITL\u00c1N - Expresso Metropolitano","robots":{"index":"index","follow":"follow","max-snippet":"max-snippet:-1","max-image-preview":"max-image-preview:large","max-video-preview":"max-video-preview:-1"},"canonical":"https:\/\/expressometro.mx\/index.php\/2022\/09\/01\/toman-protesta-los-nuevos-integrantes-del-comprobides-en-jocotitlan\/","og_locale":"es_MX","og_type":"article","og_title":"TOMAN PROTESTA LOS NUEVOS INTEGRANTES DEL COMPROBIDES EN JOCOTITL\u00c1N - Expresso Metropolitano","og_description":"Con el fin de incentivar la participaci\u00f3n social en el cuidado del Medio Ambiente, la Direcci\u00f3n Concertaci\u00f3n y Participaci\u00f3n Ciudadana de la Secretar\u00eda del Medio Ambiente del Estado de M\u00e9xico y el H. Ayuntamiento de Jocotitl\u00e1n, llevaron a cabo la toma de protesta del COMPROBIDES, en presencia de Jes\u00fas Cedillo, Presidente Municipal; y del Director de Concertaci\u00f3n y Participaci\u00f3n Ciudadana de la Secretar\u00eda del Medio Ambiente del Gobierno del Estado Lic. Abraham Nemer Vel\u00e1zquez.","og_url":"https:\/\/expressometro.mx\/index.php\/2022\/09\/01\/toman-protesta-los-nuevos-integrantes-del-comprobides-en-jocotitlan\/","og_site_name":"Expresso Metropolitano","article_published_time":"2022-09-01T15:10:00+00:00","article_modified_time":"2022-09-23T15:42:07+00:00","og_image":[{"width":2048,"height":1118,"url":"http:\/\/expressometro.mx\/wp-content\/uploads\/2022\/09\/Jocotitlan-COMPROBIDES-010922-1.jpg","type":"image\/jpeg"}],"author":"Expresso Metropolitano","twitter_misc":{"Escrito por":"Expresso Metropolitano","Tiempo de lectura":"2 minutos"},"schema":{"@context":"https:\/\/schema.org","@graph":[{"@type":"Article","@id":"https:\/\/expressometro.mx\/index.php\/2022\/09\/01\/toman-protesta-los-nuevos-integrantes-del-comprobides-en-jocotitlan\/#article","isPartOf":{"@id":"https:\/\/expressometro.mx\/index.php\/2022\/09\/01\/toman-protesta-los-nuevos-integrantes-del-comprobides-en-jocotitlan\/"},"author":{"name":"Expresso Metropolitano","@id":"https:\/\/expressometro.mx\/#\/schema\/person\/efa971b4a0664db8ed5c22b1b0dd2f5d"},"headline":"TOMAN PROTESTA LOS NUEVOS INTEGRANTES DEL COMPROBIDES EN JOCOTITL\u00c1N","datePublished":"2022-09-01T15:10:00+00:00","dateModified":"2022-09-23T15:42:07+00:00","mainEntityOfPage":{"@id":"https:\/\/expressometro.mx\/index.php\/2022\/09\/01\/toman-protesta-los-nuevos-integrantes-del-comprobides-en-jocotitlan\/"},"wordCount":315,"commentCount":0,"publisher":{"@id":"https:\/\/expressometro.mx\/#organization"},"image":{"@id":"https:\/\/expressometro.mx\/index.php\/2022\/09\/01\/toman-protesta-los-nuevos-integrantes-del-comprobides-en-jocotitlan\/#primaryimage"},"thumbnailUrl":"https:\/\/expressometro.mx\/wp-content\/uploads\/2022\/09\/Jocotitlan-COMPROBIDES-010922-1.jpg","keywords":["COMPROBIDES","Edomex","Jes\u00fas Cedillo","Jocotitl\u00e1n"],"articleSection":["Gobierno","Medio ambiente","Pol\u00edtica"],"inLanguage":"es","potentialAction":[{"@type":"CommentAction","name":"Comment","target":["https:\/\/expressometro.mx\/index.php\/2022\/09\/01\/toman-protesta-los-nuevos-integrantes-del-comprobides-en-jocotitlan\/#respond"]}]},{"@type":"WebPage","@id":"https:\/\/expressometro.mx\/index.php\/2022\/09\/01\/toman-protesta-los-nuevos-integrantes-del-comprobides-en-jocotitlan\/","url":"https:\/\/expressometro.mx\/index.php\/2022\/09\/01\/toman-protesta-los-nuevos-integrantes-del-comprobides-en-jocotitlan\/","name":"TOMAN PROTESTA LOS NUEVOS INTEGRANTES DEL COMPROBIDES EN JOCOTITL\u00c1N - Expresso Metropolitano","isPartOf":{"@id":"https:\/\/expressometro.mx\/#website"},"primaryImageOfPage":{"@id":"https:\/\/expressometro.mx\/index.php\/2022\/09\/01\/toman-protesta-los-nuevos-integrantes-del-comprobides-en-jocotitlan\/#primaryimage"},"image":{"@id":"https:\/\/expressometro.mx\/index.php\/2022\/09\/01\/toman-protesta-los-nuevos-integrantes-del-comprobides-en-jocotitlan\/#primaryimage"},"thumbnailUrl":"https:\/\/expressometro.mx\/wp-content\/uploads\/2022\/09\/Jocotitlan-COMPROBIDES-010922-1.jpg","datePublished":"2022-09-01T15:10:00+00:00","dateModified":"2022-09-23T15:42:07+00:00","breadcrumb":{"@id":"https:\/\/expressometro.mx\/index.php\/2022\/09\/01\/toman-protesta-los-nuevos-integrantes-del-comprobides-en-jocotitlan\/#breadcrumb"},"inLanguage":"es","potentialAction":[{"@type":"ReadAction","target":["https:\/\/expressometro.mx\/index.php\/2022\/09\/01\/toman-protesta-los-nuevos-integrantes-del-comprobides-en-jocotitlan\/"]}]},{"@type":"ImageObject","inLanguage":"es","@id":"https:\/\/expressometro.mx\/index.php\/2022\/09\/01\/toman-protesta-los-nuevos-integrantes-del-comprobides-en-jocotitlan\/#primaryimage","url":"https:\/\/expressometro.mx\/wp-content\/uploads\/2022\/09\/Jocotitlan-COMPROBIDES-010922-1.jpg","contentUrl":"https:\/\/expressometro.mx\/wp-content\/uploads\/2022\/09\/Jocotitlan-COMPROBIDES-010922-1.jpg","width":2048,"height":1118},{"@type":"BreadcrumbList","@id":"https:\/\/expressometro.mx\/index.php\/2022\/09\/01\/toman-protesta-los-nuevos-integrantes-del-comprobides-en-jocotitlan\/#breadcrumb","itemListElement":[{"@type":"ListItem","position":1,"name":"Inicio","item":"https:\/\/expressometro.mx\/"},{"@type":"ListItem","position":2,"name":"TOMAN PROTESTA LOS NUEVOS INTEGRANTES DEL COMPROBIDES EN JOCOTITL\u00c1N"}]},{"@type":"WebSite","@id":"https:\/\/expressometro.mx\/#website","url":"https:\/\/expressometro.mx\/","name":"Expresso Metropolitano","description":"Periodismo comprometido, informaci\u00f3n, investigaci\u00f3n y an\u00e1lisis","publisher":{"@id":"https:\/\/expressometro.mx\/#organization"},"potentialAction":[{"@type":"SearchAction","target":{"@type":"EntryPoint","urlTemplate":"https:\/\/expressometro.mx\/?s={search_term_string}"},"query-input":{"@type":"PropertyValueSpecification","valueRequired":true,"valueName":"search_term_string"}}],"inLanguage":"es"},{"@type":"Organization","@id":"https:\/\/expressometro.mx\/#organization","name":"Expresso Metropolitano","url":"https:\/\/expressometro.mx\/","logo":{"@type":"ImageObject","inLanguage":"es","@id":"https:\/\/expressometro.mx\/#\/schema\/logo\/image\/","url":"https:\/\/expressometro.mx\/wp-content\/uploads\/2019\/07\/cropped-Logo-Expresso-Metropolitano-1-1.jpeg","contentUrl":"https:\/\/expressometro.mx\/wp-content\/uploads\/2019\/07\/cropped-Logo-Expresso-Metropolitano-1-1.jpeg","width":290,"height":73,"caption":"Expresso Metropolitano"},"image":{"@id":"https:\/\/expressometro.mx\/#\/schema\/logo\/image\/"}},{"@type":"Person","@id":"https:\/\/expressometro.mx\/#\/schema\/person\/efa971b4a0664db8ed5c22b1b0dd2f5d","name":"Expresso Metropolitano","image":{"@type":"ImageObject","inLanguage":"es","@id":"https:\/\/secure.gravatar.com\/avatar\/a89f802b8de18c6952f223c88d3d106e9e3679839f4e25a02f4a6cc2ae6ba3b3?s=96&d=mm&r=g","url":"https:\/\/secure.gravatar.com\/avatar\/a89f802b8de18c6952f223c88d3d106e9e3679839f4e25a02f4a6cc2ae6ba3b3?s=96&d=mm&r=g","contentUrl":"https:\/\/secure.gravatar.com\/avatar\/a89f802b8de18c6952f223c88d3d106e9e3679839f4e25a02f4a6cc2ae6ba3b3?s=96&d=mm&r=g","caption":"Expresso Metropolitano"},"url":"https:\/\/expressometro.mx\/index.php\/author\/diego\/"}]}},"amp_enabled":true,"_links":{"self":[{"href":"https:\/\/expressometro.mx\/index.php\/wp-json\/wp\/v2\/posts\/6483","targetHints":{"allow":["GET"]}}],"collection":[{"href":"https:\/\/expressometro.mx\/index.php\/wp-json\/wp\/v2\/posts"}],"about":[{"href":"https:\/\/expressometro.mx\/index.php\/wp-json\/wp\/v2\/types\/post"}],"author":[{"embeddable":true,"href":"https:\/\/expressometro.mx\/index.php\/wp-json\/wp\/v2\/users\/1"}],"replies":[{"embeddable":true,"href":"https:\/\/expressometro.mx\/index.php\/wp-json\/wp\/v2\/comments?post=6483"}],"version-history":[{"count":1,"href":"https:\/\/expressometro.mx\/index.php\/wp-json\/wp\/v2\/posts\/6483\/revisions"}],"predecessor-version":[{"id":6485,"href":"https:\/\/expressometro.mx\/index.php\/wp-json\/wp\/v2\/posts\/6483\/revisions\/6485"}],"wp:featuredmedia":[{"embeddable":true,"href":"https:\/\/expressometro.mx\/index.php\/wp-json\/wp\/v2\/media\/6484"}],"wp:attachment":[{"href":"https:\/\/expressometro.mx\/index.php\/wp-json\/wp\/v2\/media?parent=6483"}],"wp:term":[{"taxonomy":"category","embeddable":true,"href":"https:\/\/expressometro.mx\/index.php\/wp-json\/wp\/v2\/categories?post=6483"},{"taxonomy":"post_tag","embeddable":true,"href":"https:\/\/expressometro.mx\/index.php\/wp-json\/wp\/v2\/tags?post=6483"}],"curies":[{"name":"wp","href":"https:\/\/api.w.org\/{rel}","templated":true}]}}