{"id":6479,"date":"2022-09-22T13:14:20","date_gmt":"2022-09-22T18:14:20","guid":{"rendered":"https:\/\/expressometro.mx\/?p=6479"},"modified":"2022-09-22T13:14:21","modified_gmt":"2022-09-22T18:14:21","slug":"con-decision-y-en-unidad-vamos-a-ganar-la-gubernatura-eric-sevilla","status":"publish","type":"post","link":"https:\/\/expressometro.mx\/index.php\/2022\/09\/22\/con-decision-y-en-unidad-vamos-a-ganar-la-gubernatura-eric-sevilla\/","title":{"rendered":"CON DECISI\u00d3N Y EN UNIDAD VAMOS A GANAR LA GUBERNATURA: ERIC SEVILLA"},"content":{"rendered":"\n<p><\/p>\n\n\n\n<p>\u2022 Sostuvo que el PRI est\u00e1 preparado para construir una alianza electoral o para contender en cualquier condici\u00f3n que se presente el 2023.<\/p>\n\n\n\n<p>\u2022 La Senadora Beatriz Paredes Rangel manifest\u00f3 que las decisiones del priismo mexiquense se toman en Toluca y no en otras avenidas.<\/p>\n\n\n\n<p>\u2022 La Secretaria de Organizaci\u00f3n del CEN priista, Graciela Ortiz Gonz\u00e1lez, tom\u00f3 protesta al nuevo Consejo Pol\u00edtico Estatal para el per\u00edodo 2022-2025.<\/p>\n\n\n\n<p>El llamado del PRI es para competir en unidad y con decisi\u00f3n, afirm\u00f3 el presidente del Comit\u00e9 Directivo Estatal (CDE), Eric Sevilla, al destacar que la militancia llegar\u00e1 preparada a la contienda electoral del 2023 y no habr\u00e1 obst\u00e1culo que impida ganarla.<\/p>\n\n\n\n<p>En la toma de protesta e instalaci\u00f3n del Consejo Pol\u00edtico Estatal para el periodo estatutario 2022-2025, el l\u00edder priista manifest\u00f3 que \u00e9sta lucha electoral tendr\u00e1 eco en el futuro del Estado de M\u00e9xico y de la patria, por eso \u201clleg\u00f3 la hora de que todos pongamos a prueba el tama\u00f1o de nuestro oficio y nuestra lealtad\u201d.<\/p>\n\n\n\n<p>Ante la Secretaria de Organizaci\u00f3n del CEN del PRI, Graciela Ortiz Gonz\u00e1lez, la Senadora Beatriz Paredes Rangel y los 579 integrantes del Consejo Pol\u00edtico Estatal, dijo estar plenamente comprometido, a toda hora y en todo momento, en defender al priismo.<\/p>\n\n\n\n<p>Con la presencia de los ex gobernadores Arturo Montiel Rojas y Alfredo Baranda Garc\u00eda, y ex presidentes del PRI mexiquense, destac\u00f3 el trabajo y los resultados que ha dado el Gobernador Alfredo del Mazo, \u201cun l\u00edder que nos prestigia y que es el mejor activo para nuestro partido\u201d.<\/p>\n\n\n\n<p>Eric Sevilla reiter\u00f3 el respeto y respaldo del PRI a las mujeres y hombres que han expresado abiertamente su aspiraci\u00f3n pol\u00edtica, a quienes se les ha prodigado piso parejo para que expresen sus ideas, pero tambi\u00e9n enfatiz\u00f3 que existen reglas, tiempos y momentos para las definiciones.<\/p>\n\n\n\n<p>Despu\u00e9s del informe de la presidenta de la Comisi\u00f3n Estatal de Procesos Internos, Marcela Velasco Gonz\u00e1lez, el l\u00edder partidista se\u00f1al\u00f3 que la coalici\u00f3n electoral ha dado resultados y se buscar\u00e1 con decisi\u00f3n y sapiencia que continue, \u201canteponiendo como l\u00edmite la dignidad y \u00e9tica que caracterizan al priismo mexiquense\u201d.<\/p>\n\n\n\n<p>\u201cLa coalici\u00f3n electoral ha dado resultados, pero tambi\u00e9n se\u00f1alamos que el priismo se prepara para pelear esta contienda en las condiciones en las que se presenten el pr\u00f3ximo a\u00f1o\u201d, a\u00f1adi\u00f3.<\/p>\n\n\n\n<p>Dijo que en breve solicitar\u00e1n a la dirigencia nacional del PRI que se autorice con base a sus atribuciones, \u201cretomar los trabajos para construir con otras fuerzas pol\u00edticas una alianza estatal innovadora, respetuosa y transparente\u201d.<\/p>\n\n\n\n<p>En este momento de la historia, Eric Sevilla dijo que al PRI le toca defender la casa que con tanto esfuerzo hemos edificado y dej\u00f3 en claro que \u201cse equivocan quienes, con pretensiones ligeras y calificativos vanos, buscan minimizar la fuerza de nuestro partido\u201d.<\/p>\n\n\n\n<p>Sostuvo que al priismo mexiquense \u201cnadie lo va a dividir y nadie puede insinuar derrotas adelantadas, vamos a pelear palmo a palmo, secci\u00f3n por secci\u00f3n en todo el territorio estatal para volver a ganar\u201d.<\/p>\n\n\n\n<p>Al clausurar el Consejo Pol\u00edtico, la senadora Beatriz Paredes Rangel dijo estar segura que el PRI del Estado de M\u00e9xico cuenta con la mejor organizaci\u00f3n para ganar las elecciones del pr\u00f3ximo a\u00f1o. \u201cVamos a ganar porque los priistas nunca han perdido el Estado de M\u00e9xico\u201d, agreg\u00f3.<\/p>\n\n\n\n<p>\u201cNo pensamos que las decisiones de Toluca se tomen en otras avenidas, las decisiones de Toluca se toman en Toluca, esa ha sido la caracter\u00edstica de la fortaleza del priismo del Estado de M\u00e9xico por eso vamos a llegar a la victoria, vamos a ganar\u201d, sentenci\u00f3.<\/p>\n","protected":false},"excerpt":{"rendered":"<p>El llamado del PRI es para competir en unidad y con decisi\u00f3n, afirm\u00f3 el presidente del Comit\u00e9 Directivo Estatal (CDE), Eric Sevilla, al destacar que la militancia llegar\u00e1 preparada a la contienda electoral del 2023 y no habr\u00e1 obst\u00e1culo que impida ganarla.<\/p>\n","protected":false},"author":1,"featured_media":6481,"comment_status":"open","ping_status":"open","sticky":false,"template":"","format":"standard","meta":{"footnotes":""},"categories":[3,231],"tags":[1982,1461,158],"class_list":["post-6479","post","type-post","status-publish","format-standard","has-post-thumbnail","hentry","category-gobierno","category-politica","tag-edomex","tag-eric-sevilla","tag-pri"],"yoast_head":"<!-- This site is optimized with the Yoast SEO plugin v27.4 - https:\/\/yoast.com\/product\/yoast-seo-wordpress\/ -->\n<title>CON DECISI\u00d3N Y EN UNIDAD VAMOS A GANAR LA GUBERNATURA: ERIC SEVILLA - Expresso Metropolitano<\/title>\n<meta name=\"robots\" content=\"index, follow, max-snippet:-1, max-image-preview:large, max-video-preview:-1\" \/>\n<link rel=\"canonical\" href=\"https:\/\/expressometro.mx\/index.php\/2022\/09\/22\/con-decision-y-en-unidad-vamos-a-ganar-la-gubernatura-eric-sevilla\/\" \/>\n<meta property=\"og:locale\" content=\"es_MX\" \/>\n<meta property=\"og:type\" content=\"article\" \/>\n<meta property=\"og:title\" content=\"CON DECISI\u00d3N Y EN UNIDAD VAMOS A GANAR LA GUBERNATURA: ERIC SEVILLA - Expresso Metropolitano\" \/>\n<meta property=\"og:description\" content=\"El llamado del PRI es para competir en unidad y con decisi\u00f3n, afirm\u00f3 el presidente del Comit\u00e9 Directivo Estatal (CDE), Eric Sevilla, al destacar que la militancia llegar\u00e1 preparada a la contienda electoral del 2023 y no habr\u00e1 obst\u00e1culo que impida ganarla.\" \/>\n<meta property=\"og:url\" content=\"https:\/\/expressometro.mx\/index.php\/2022\/09\/22\/con-decision-y-en-unidad-vamos-a-ganar-la-gubernatura-eric-sevilla\/\" \/>\n<meta property=\"og:site_name\" content=\"Expresso Metropolitano\" \/>\n<meta property=\"article:published_time\" content=\"2022-09-22T18:14:20+00:00\" \/>\n<meta property=\"article:modified_time\" content=\"2022-09-22T18:14:21+00:00\" \/>\n<meta property=\"og:image\" content=\"http:\/\/expressometro.mx\/wp-content\/uploads\/2022\/09\/Eric-Sevilla-220922-2.jpg\" \/>\n\t<meta property=\"og:image:width\" content=\"1280\" \/>\n\t<meta property=\"og:image:height\" content=\"853\" \/>\n\t<meta property=\"og:image:type\" content=\"image\/jpeg\" \/>\n<meta name=\"author\" content=\"Expresso Metropolitano\" \/>\n<meta name=\"twitter:label1\" content=\"Escrito por\" \/>\n\t<meta name=\"twitter:data1\" content=\"Expresso Metropolitano\" \/>\n\t<meta name=\"twitter:label2\" content=\"Tiempo de lectura\" \/>\n\t<meta name=\"twitter:data2\" content=\"3 minutos\" \/>\n<script type=\"application\/ld+json\" class=\"yoast-schema-graph\">{\"@context\":\"https:\\\/\\\/schema.org\",\"@graph\":[{\"@type\":\"Article\",\"@id\":\"https:\\\/\\\/expressometro.mx\\\/index.php\\\/2022\\\/09\\\/22\\\/con-decision-y-en-unidad-vamos-a-ganar-la-gubernatura-eric-sevilla\\\/#article\",\"isPartOf\":{\"@id\":\"https:\\\/\\\/expressometro.mx\\\/index.php\\\/2022\\\/09\\\/22\\\/con-decision-y-en-unidad-vamos-a-ganar-la-gubernatura-eric-sevilla\\\/\"},\"author\":{\"name\":\"Expresso Metropolitano\",\"@id\":\"https:\\\/\\\/expressometro.mx\\\/#\\\/schema\\\/person\\\/efa971b4a0664db8ed5c22b1b0dd2f5d\"},\"headline\":\"CON DECISI\u00d3N Y EN UNIDAD VAMOS A GANAR LA GUBERNATURA: ERIC SEVILLA\",\"datePublished\":\"2022-09-22T18:14:20+00:00\",\"dateModified\":\"2022-09-22T18:14:21+00:00\",\"mainEntityOfPage\":{\"@id\":\"https:\\\/\\\/expressometro.mx\\\/index.php\\\/2022\\\/09\\\/22\\\/con-decision-y-en-unidad-vamos-a-ganar-la-gubernatura-eric-sevilla\\\/\"},\"wordCount\":635,\"commentCount\":0,\"publisher\":{\"@id\":\"https:\\\/\\\/expressometro.mx\\\/#organization\"},\"image\":{\"@id\":\"https:\\\/\\\/expressometro.mx\\\/index.php\\\/2022\\\/09\\\/22\\\/con-decision-y-en-unidad-vamos-a-ganar-la-gubernatura-eric-sevilla\\\/#primaryimage\"},\"thumbnailUrl\":\"https:\\\/\\\/expressometro.mx\\\/wp-content\\\/uploads\\\/2022\\\/09\\\/Eric-Sevilla-220922-2.jpg\",\"keywords\":[\"Edomex\",\"Eric Sevilla\",\"PRI\"],\"articleSection\":[\"Gobierno\",\"Pol\u00edtica\"],\"inLanguage\":\"es\",\"potentialAction\":[{\"@type\":\"CommentAction\",\"name\":\"Comment\",\"target\":[\"https:\\\/\\\/expressometro.mx\\\/index.php\\\/2022\\\/09\\\/22\\\/con-decision-y-en-unidad-vamos-a-ganar-la-gubernatura-eric-sevilla\\\/#respond\"]}]},{\"@type\":\"WebPage\",\"@id\":\"https:\\\/\\\/expressometro.mx\\\/index.php\\\/2022\\\/09\\\/22\\\/con-decision-y-en-unidad-vamos-a-ganar-la-gubernatura-eric-sevilla\\\/\",\"url\":\"https:\\\/\\\/expressometro.mx\\\/index.php\\\/2022\\\/09\\\/22\\\/con-decision-y-en-unidad-vamos-a-ganar-la-gubernatura-eric-sevilla\\\/\",\"name\":\"CON DECISI\u00d3N Y EN UNIDAD VAMOS A GANAR LA GUBERNATURA: ERIC SEVILLA - Expresso Metropolitano\",\"isPartOf\":{\"@id\":\"https:\\\/\\\/expressometro.mx\\\/#website\"},\"primaryImageOfPage\":{\"@id\":\"https:\\\/\\\/expressometro.mx\\\/index.php\\\/2022\\\/09\\\/22\\\/con-decision-y-en-unidad-vamos-a-ganar-la-gubernatura-eric-sevilla\\\/#primaryimage\"},\"image\":{\"@id\":\"https:\\\/\\\/expressometro.mx\\\/index.php\\\/2022\\\/09\\\/22\\\/con-decision-y-en-unidad-vamos-a-ganar-la-gubernatura-eric-sevilla\\\/#primaryimage\"},\"thumbnailUrl\":\"https:\\\/\\\/expressometro.mx\\\/wp-content\\\/uploads\\\/2022\\\/09\\\/Eric-Sevilla-220922-2.jpg\",\"datePublished\":\"2022-09-22T18:14:20+00:00\",\"dateModified\":\"2022-09-22T18:14:21+00:00\",\"breadcrumb\":{\"@id\":\"https:\\\/\\\/expressometro.mx\\\/index.php\\\/2022\\\/09\\\/22\\\/con-decision-y-en-unidad-vamos-a-ganar-la-gubernatura-eric-sevilla\\\/#breadcrumb\"},\"inLanguage\":\"es\",\"potentialAction\":[{\"@type\":\"ReadAction\",\"target\":[\"https:\\\/\\\/expressometro.mx\\\/index.php\\\/2022\\\/09\\\/22\\\/con-decision-y-en-unidad-vamos-a-ganar-la-gubernatura-eric-sevilla\\\/\"]}]},{\"@type\":\"ImageObject\",\"inLanguage\":\"es\",\"@id\":\"https:\\\/\\\/expressometro.mx\\\/index.php\\\/2022\\\/09\\\/22\\\/con-decision-y-en-unidad-vamos-a-ganar-la-gubernatura-eric-sevilla\\\/#primaryimage\",\"url\":\"https:\\\/\\\/expressometro.mx\\\/wp-content\\\/uploads\\\/2022\\\/09\\\/Eric-Sevilla-220922-2.jpg\",\"contentUrl\":\"https:\\\/\\\/expressometro.mx\\\/wp-content\\\/uploads\\\/2022\\\/09\\\/Eric-Sevilla-220922-2.jpg\",\"width\":1280,\"height\":853},{\"@type\":\"BreadcrumbList\",\"@id\":\"https:\\\/\\\/expressometro.mx\\\/index.php\\\/2022\\\/09\\\/22\\\/con-decision-y-en-unidad-vamos-a-ganar-la-gubernatura-eric-sevilla\\\/#breadcrumb\",\"itemListElement\":[{\"@type\":\"ListItem\",\"position\":1,\"name\":\"Inicio\",\"item\":\"https:\\\/\\\/expressometro.mx\\\/\"},{\"@type\":\"ListItem\",\"position\":2,\"name\":\"CON DECISI\u00d3N Y EN UNIDAD VAMOS A GANAR LA GUBERNATURA: ERIC SEVILLA\"}]},{\"@type\":\"WebSite\",\"@id\":\"https:\\\/\\\/expressometro.mx\\\/#website\",\"url\":\"https:\\\/\\\/expressometro.mx\\\/\",\"name\":\"Expresso Metropolitano\",\"description\":\"Periodismo comprometido, informaci\u00f3n, investigaci\u00f3n y an\u00e1lisis\",\"publisher\":{\"@id\":\"https:\\\/\\\/expressometro.mx\\\/#organization\"},\"potentialAction\":[{\"@type\":\"SearchAction\",\"target\":{\"@type\":\"EntryPoint\",\"urlTemplate\":\"https:\\\/\\\/expressometro.mx\\\/?s={search_term_string}\"},\"query-input\":{\"@type\":\"PropertyValueSpecification\",\"valueRequired\":true,\"valueName\":\"search_term_string\"}}],\"inLanguage\":\"es\"},{\"@type\":\"Organization\",\"@id\":\"https:\\\/\\\/expressometro.mx\\\/#organization\",\"name\":\"Expresso Metropolitano\",\"url\":\"https:\\\/\\\/expressometro.mx\\\/\",\"logo\":{\"@type\":\"ImageObject\",\"inLanguage\":\"es\",\"@id\":\"https:\\\/\\\/expressometro.mx\\\/#\\\/schema\\\/logo\\\/image\\\/\",\"url\":\"https:\\\/\\\/expressometro.mx\\\/wp-content\\\/uploads\\\/2019\\\/07\\\/cropped-Logo-Expresso-Metropolitano-1-1.jpeg\",\"contentUrl\":\"https:\\\/\\\/expressometro.mx\\\/wp-content\\\/uploads\\\/2019\\\/07\\\/cropped-Logo-Expresso-Metropolitano-1-1.jpeg\",\"width\":290,\"height\":73,\"caption\":\"Expresso Metropolitano\"},\"image\":{\"@id\":\"https:\\\/\\\/expressometro.mx\\\/#\\\/schema\\\/logo\\\/image\\\/\"}},{\"@type\":\"Person\",\"@id\":\"https:\\\/\\\/expressometro.mx\\\/#\\\/schema\\\/person\\\/efa971b4a0664db8ed5c22b1b0dd2f5d\",\"name\":\"Expresso Metropolitano\",\"image\":{\"@type\":\"ImageObject\",\"inLanguage\":\"es\",\"@id\":\"https:\\\/\\\/secure.gravatar.com\\\/avatar\\\/a89f802b8de18c6952f223c88d3d106e9e3679839f4e25a02f4a6cc2ae6ba3b3?s=96&d=mm&r=g\",\"url\":\"https:\\\/\\\/secure.gravatar.com\\\/avatar\\\/a89f802b8de18c6952f223c88d3d106e9e3679839f4e25a02f4a6cc2ae6ba3b3?s=96&d=mm&r=g\",\"contentUrl\":\"https:\\\/\\\/secure.gravatar.com\\\/avatar\\\/a89f802b8de18c6952f223c88d3d106e9e3679839f4e25a02f4a6cc2ae6ba3b3?s=96&d=mm&r=g\",\"caption\":\"Expresso Metropolitano\"},\"url\":\"https:\\\/\\\/expressometro.mx\\\/index.php\\\/author\\\/diego\\\/\"}]}<\/script>\n<!-- \/ Yoast SEO plugin. -->","yoast_head_json":{"title":"CON DECISI\u00d3N Y EN UNIDAD VAMOS A GANAR LA GUBERNATURA: ERIC SEVILLA - Expresso Metropolitano","robots":{"index":"index","follow":"follow","max-snippet":"max-snippet:-1","max-image-preview":"max-image-preview:large","max-video-preview":"max-video-preview:-1"},"canonical":"https:\/\/expressometro.mx\/index.php\/2022\/09\/22\/con-decision-y-en-unidad-vamos-a-ganar-la-gubernatura-eric-sevilla\/","og_locale":"es_MX","og_type":"article","og_title":"CON DECISI\u00d3N Y EN UNIDAD VAMOS A GANAR LA GUBERNATURA: ERIC SEVILLA - Expresso Metropolitano","og_description":"El llamado del PRI es para competir en unidad y con decisi\u00f3n, afirm\u00f3 el presidente del Comit\u00e9 Directivo Estatal (CDE), Eric Sevilla, al destacar que la militancia llegar\u00e1 preparada a la contienda electoral del 2023 y no habr\u00e1 obst\u00e1culo que impida ganarla.","og_url":"https:\/\/expressometro.mx\/index.php\/2022\/09\/22\/con-decision-y-en-unidad-vamos-a-ganar-la-gubernatura-eric-sevilla\/","og_site_name":"Expresso Metropolitano","article_published_time":"2022-09-22T18:14:20+00:00","article_modified_time":"2022-09-22T18:14:21+00:00","og_image":[{"width":1280,"height":853,"url":"http:\/\/expressometro.mx\/wp-content\/uploads\/2022\/09\/Eric-Sevilla-220922-2.jpg","type":"image\/jpeg"}],"author":"Expresso Metropolitano","twitter_misc":{"Escrito por":"Expresso Metropolitano","Tiempo de lectura":"3 minutos"},"schema":{"@context":"https:\/\/schema.org","@graph":[{"@type":"Article","@id":"https:\/\/expressometro.mx\/index.php\/2022\/09\/22\/con-decision-y-en-unidad-vamos-a-ganar-la-gubernatura-eric-sevilla\/#article","isPartOf":{"@id":"https:\/\/expressometro.mx\/index.php\/2022\/09\/22\/con-decision-y-en-unidad-vamos-a-ganar-la-gubernatura-eric-sevilla\/"},"author":{"name":"Expresso Metropolitano","@id":"https:\/\/expressometro.mx\/#\/schema\/person\/efa971b4a0664db8ed5c22b1b0dd2f5d"},"headline":"CON DECISI\u00d3N Y EN UNIDAD VAMOS A GANAR LA GUBERNATURA: ERIC SEVILLA","datePublished":"2022-09-22T18:14:20+00:00","dateModified":"2022-09-22T18:14:21+00:00","mainEntityOfPage":{"@id":"https:\/\/expressometro.mx\/index.php\/2022\/09\/22\/con-decision-y-en-unidad-vamos-a-ganar-la-gubernatura-eric-sevilla\/"},"wordCount":635,"commentCount":0,"publisher":{"@id":"https:\/\/expressometro.mx\/#organization"},"image":{"@id":"https:\/\/expressometro.mx\/index.php\/2022\/09\/22\/con-decision-y-en-unidad-vamos-a-ganar-la-gubernatura-eric-sevilla\/#primaryimage"},"thumbnailUrl":"https:\/\/expressometro.mx\/wp-content\/uploads\/2022\/09\/Eric-Sevilla-220922-2.jpg","keywords":["Edomex","Eric Sevilla","PRI"],"articleSection":["Gobierno","Pol\u00edtica"],"inLanguage":"es","potentialAction":[{"@type":"CommentAction","name":"Comment","target":["https:\/\/expressometro.mx\/index.php\/2022\/09\/22\/con-decision-y-en-unidad-vamos-a-ganar-la-gubernatura-eric-sevilla\/#respond"]}]},{"@type":"WebPage","@id":"https:\/\/expressometro.mx\/index.php\/2022\/09\/22\/con-decision-y-en-unidad-vamos-a-ganar-la-gubernatura-eric-sevilla\/","url":"https:\/\/expressometro.mx\/index.php\/2022\/09\/22\/con-decision-y-en-unidad-vamos-a-ganar-la-gubernatura-eric-sevilla\/","name":"CON DECISI\u00d3N Y EN UNIDAD VAMOS A GANAR LA GUBERNATURA: ERIC SEVILLA - Expresso Metropolitano","isPartOf":{"@id":"https:\/\/expressometro.mx\/#website"},"primaryImageOfPage":{"@id":"https:\/\/expressometro.mx\/index.php\/2022\/09\/22\/con-decision-y-en-unidad-vamos-a-ganar-la-gubernatura-eric-sevilla\/#primaryimage"},"image":{"@id":"https:\/\/expressometro.mx\/index.php\/2022\/09\/22\/con-decision-y-en-unidad-vamos-a-ganar-la-gubernatura-eric-sevilla\/#primaryimage"},"thumbnailUrl":"https:\/\/expressometro.mx\/wp-content\/uploads\/2022\/09\/Eric-Sevilla-220922-2.jpg","datePublished":"2022-09-22T18:14:20+00:00","dateModified":"2022-09-22T18:14:21+00:00","breadcrumb":{"@id":"https:\/\/expressometro.mx\/index.php\/2022\/09\/22\/con-decision-y-en-unidad-vamos-a-ganar-la-gubernatura-eric-sevilla\/#breadcrumb"},"inLanguage":"es","potentialAction":[{"@type":"ReadAction","target":["https:\/\/expressometro.mx\/index.php\/2022\/09\/22\/con-decision-y-en-unidad-vamos-a-ganar-la-gubernatura-eric-sevilla\/"]}]},{"@type":"ImageObject","inLanguage":"es","@id":"https:\/\/expressometro.mx\/index.php\/2022\/09\/22\/con-decision-y-en-unidad-vamos-a-ganar-la-gubernatura-eric-sevilla\/#primaryimage","url":"https:\/\/expressometro.mx\/wp-content\/uploads\/2022\/09\/Eric-Sevilla-220922-2.jpg","contentUrl":"https:\/\/expressometro.mx\/wp-content\/uploads\/2022\/09\/Eric-Sevilla-220922-2.jpg","width":1280,"height":853},{"@type":"BreadcrumbList","@id":"https:\/\/expressometro.mx\/index.php\/2022\/09\/22\/con-decision-y-en-unidad-vamos-a-ganar-la-gubernatura-eric-sevilla\/#breadcrumb","itemListElement":[{"@type":"ListItem","position":1,"name":"Inicio","item":"https:\/\/expressometro.mx\/"},{"@type":"ListItem","position":2,"name":"CON DECISI\u00d3N Y EN UNIDAD VAMOS A GANAR LA GUBERNATURA: ERIC SEVILLA"}]},{"@type":"WebSite","@id":"https:\/\/expressometro.mx\/#website","url":"https:\/\/expressometro.mx\/","name":"Expresso Metropolitano","description":"Periodismo comprometido, informaci\u00f3n, investigaci\u00f3n y an\u00e1lisis","publisher":{"@id":"https:\/\/expressometro.mx\/#organization"},"potentialAction":[{"@type":"SearchAction","target":{"@type":"EntryPoint","urlTemplate":"https:\/\/expressometro.mx\/?s={search_term_string}"},"query-input":{"@type":"PropertyValueSpecification","valueRequired":true,"valueName":"search_term_string"}}],"inLanguage":"es"},{"@type":"Organization","@id":"https:\/\/expressometro.mx\/#organization","name":"Expresso Metropolitano","url":"https:\/\/expressometro.mx\/","logo":{"@type":"ImageObject","inLanguage":"es","@id":"https:\/\/expressometro.mx\/#\/schema\/logo\/image\/","url":"https:\/\/expressometro.mx\/wp-content\/uploads\/2019\/07\/cropped-Logo-Expresso-Metropolitano-1-1.jpeg","contentUrl":"https:\/\/expressometro.mx\/wp-content\/uploads\/2019\/07\/cropped-Logo-Expresso-Metropolitano-1-1.jpeg","width":290,"height":73,"caption":"Expresso Metropolitano"},"image":{"@id":"https:\/\/expressometro.mx\/#\/schema\/logo\/image\/"}},{"@type":"Person","@id":"https:\/\/expressometro.mx\/#\/schema\/person\/efa971b4a0664db8ed5c22b1b0dd2f5d","name":"Expresso Metropolitano","image":{"@type":"ImageObject","inLanguage":"es","@id":"https:\/\/secure.gravatar.com\/avatar\/a89f802b8de18c6952f223c88d3d106e9e3679839f4e25a02f4a6cc2ae6ba3b3?s=96&d=mm&r=g","url":"https:\/\/secure.gravatar.com\/avatar\/a89f802b8de18c6952f223c88d3d106e9e3679839f4e25a02f4a6cc2ae6ba3b3?s=96&d=mm&r=g","contentUrl":"https:\/\/secure.gravatar.com\/avatar\/a89f802b8de18c6952f223c88d3d106e9e3679839f4e25a02f4a6cc2ae6ba3b3?s=96&d=mm&r=g","caption":"Expresso Metropolitano"},"url":"https:\/\/expressometro.mx\/index.php\/author\/diego\/"}]}},"amp_enabled":true,"_links":{"self":[{"href":"https:\/\/expressometro.mx\/index.php\/wp-json\/wp\/v2\/posts\/6479","targetHints":{"allow":["GET"]}}],"collection":[{"href":"https:\/\/expressometro.mx\/index.php\/wp-json\/wp\/v2\/posts"}],"about":[{"href":"https:\/\/expressometro.mx\/index.php\/wp-json\/wp\/v2\/types\/post"}],"author":[{"embeddable":true,"href":"https:\/\/expressometro.mx\/index.php\/wp-json\/wp\/v2\/users\/1"}],"replies":[{"embeddable":true,"href":"https:\/\/expressometro.mx\/index.php\/wp-json\/wp\/v2\/comments?post=6479"}],"version-history":[{"count":1,"href":"https:\/\/expressometro.mx\/index.php\/wp-json\/wp\/v2\/posts\/6479\/revisions"}],"predecessor-version":[{"id":6482,"href":"https:\/\/expressometro.mx\/index.php\/wp-json\/wp\/v2\/posts\/6479\/revisions\/6482"}],"wp:featuredmedia":[{"embeddable":true,"href":"https:\/\/expressometro.mx\/index.php\/wp-json\/wp\/v2\/media\/6481"}],"wp:attachment":[{"href":"https:\/\/expressometro.mx\/index.php\/wp-json\/wp\/v2\/media?parent=6479"}],"wp:term":[{"taxonomy":"category","embeddable":true,"href":"https:\/\/expressometro.mx\/index.php\/wp-json\/wp\/v2\/categories?post=6479"},{"taxonomy":"post_tag","embeddable":true,"href":"https:\/\/expressometro.mx\/index.php\/wp-json\/wp\/v2\/tags?post=6479"}],"curies":[{"name":"wp","href":"https:\/\/api.w.org\/{rel}","templated":true}]}}