{"id":6448,"date":"2022-09-07T22:27:38","date_gmt":"2022-09-08T03:27:38","guid":{"rendered":"https:\/\/expressometro.mx\/?p=6448"},"modified":"2022-09-07T22:27:39","modified_gmt":"2022-09-08T03:27:39","slug":"inaugura-alfredo-del-mazo-la-restauracion-historica-de-la-plaza-de-los-martires-en-toluca-que-devuelve-a-los-mexiquenses-un-sitio-para-la-convivencia-y-la-recreacion","status":"publish","type":"post","link":"https:\/\/expressometro.mx\/index.php\/2022\/09\/07\/inaugura-alfredo-del-mazo-la-restauracion-historica-de-la-plaza-de-los-martires-en-toluca-que-devuelve-a-los-mexiquenses-un-sitio-para-la-convivencia-y-la-recreacion\/","title":{"rendered":"INAUGURA ALFREDO DEL MAZO LA RESTAURACI\u00d3N HIST\u00d3RICA DE LA PLAZA DE LOS M\u00c1RTIRES EN TOLUCA, QUE DEVUELVE A LOS MEXIQUENSES UN SITIO PARA LA CONVIVENCIA Y LA RECREACI\u00d3N"},"content":{"rendered":"\n<p><\/p>\n\n\n\n<p>\u2022 Recalca Gobernador mexiquense que la renovaci\u00f3n de este espacio mejora la imagen urbana del coraz\u00f3n de la capital estatal y, junto al Parque Fundadores, el Centro Hist\u00f3rico recupera su condici\u00f3n como espacio de cultura, unidad y convivencia.<\/p>\n\n\n\n<p>\u2022 Enfatiza Del Mazo Maza que esta obra tiene un simbolismo especial, ya que convoca a la unidad de los tres Poderes del estado y de los Ayuntamientos, para trabajar con el prop\u00f3sito com\u00fan de propiciar m\u00e1s bienestar al pueblo mexiquense.<\/p>\n\n\n\n<p>\u2022 Aportan el Parque Fundadores y la Plaza de los M\u00e1rtires m\u00e1s de 38 mil metros cuadrados de \u00e1reas verdes.<\/p>\n\n\n\n<p>El Gobernador Alfredo Del Mazo Maza entreg\u00f3 la restauraci\u00f3n hist\u00f3rica de la Plaza de los M\u00e1rtires de Toluca, y recalc\u00f3 que esta intervenci\u00f3n moderniza el rostro del Centro Hist\u00f3rico de la capital del estado, al tiempo de brindar a las familias un espacio recuperado para su convivencia y esparcimiento.<\/p>\n\n\n\n<p>Acompa\u00f1ado por su esposa Fernanda Castillo de Del Mazo, el Gobernador estatal asegur\u00f3 que, gracias a este proyecto de ordenamiento urbano, el primer cuadro de Toluca conforma un corredor tur\u00edstico y cultural muy atractivo, adem\u00e1s de que fue recuperado el dise\u00f1o que la plaza tuvo en el siglo XIX, dot\u00e1ndola de elementos urbanos modernos.<\/p>\n\n\n\n<p>Asimismo, Alfredo Del Mazo recorri\u00f3 la Plaza de los M\u00e1rtires, donde devel\u00f3 una placa alusiva a esta intervenci\u00f3n y conoci\u00f3 el Monumento a los M\u00e1rtires, conformado por seis relieves que conmemoran el martirio de los 100 ind\u00edgenas insurgentes fusilados en este lugar, y que fue creado por j\u00f3venes egresados de instituciones como la UAEM, el Colegio de Bachilleres y la Escuela de Bellas Artes de Toluca.<\/p>\n\n\n\n<p>En la apertura de esta remodelaci\u00f3n, el dirigente mexiquense puntualiz\u00f3 que el dise\u00f1o de la nueva plaza tiene el s\u00edmbolo de unidad, ya que ah\u00ed convergen los Poderes Ejecutivo, Legislativo y Judicial, a quienes invit\u00f3 a que, cada vez que vean este sitio, piensen en el bienestar de la sociedad y en mejorar las oportunidades de todas las familias.<\/p>\n\n\n\n<figure class=\"wp-block-image size-large\"><img decoding=\"async\" width=\"712\" height=\"480\" src=\"https:\/\/expressometro.mx\/wp-content\/uploads\/2022\/09\/Edomex-Plaza-de-los-Martires-070922-1-712x480.jpg\" alt=\"\" class=\"wp-image-6451\" srcset=\"https:\/\/expressometro.mx\/wp-content\/uploads\/2022\/09\/Edomex-Plaza-de-los-Martires-070922-1-712x480.jpg 712w, https:\/\/expressometro.mx\/wp-content\/uploads\/2022\/09\/Edomex-Plaza-de-los-Martires-070922-1-541x365.jpg 541w, https:\/\/expressometro.mx\/wp-content\/uploads\/2022\/09\/Edomex-Plaza-de-los-Martires-070922-1-768x518.jpg 768w, https:\/\/expressometro.mx\/wp-content\/uploads\/2022\/09\/Edomex-Plaza-de-los-Martires-070922-1-1536x1036.jpg 1536w, https:\/\/expressometro.mx\/wp-content\/uploads\/2022\/09\/Edomex-Plaza-de-los-Martires-070922-1.jpg 2000w\" sizes=\"(max-width: 712px) 100vw, 712px\" \/><\/figure>\n\n\n\n<p>En el mensaje que dirigi\u00f3 en este lugar, Del Mazo Maza destac\u00f3 que la Plaza de los M\u00e1rtires se constituy\u00f3 originalmente como un \u00e1rea de convivencia y de esparcimiento para las familias, como eran tradicionalmente las plazas mexicanas en 1866, donde representaban un punto de uni\u00f3n entre culturas y un espacio que representa las libertades.<\/p>\n\n\n\n<p>Explic\u00f3 que este sitio es un s\u00edmbolo para toda la entidad, y que a lo largo de los a\u00f1os ha tenido distintas etapas y a partir de 1960, se convirti\u00f3 en una amplia plancha que cambi\u00f3 su vocaci\u00f3n inicial.<\/p>\n\n\n\n<p>Por ello, recalc\u00f3 que hoy este sitio regresa a su esencia original y est\u00e1 listo para que las familias lo visiten y conozcan, ya que, junto al Parque de la Ciencia Fundadores aporta cerca de 38 mil metros de \u00e1reas verdes, que dan un rostro renovado al coraz\u00f3n de la capital estatal.<\/p>\n\n\n\n<p>Asimismo, acentu\u00f3 otras obras de restauraci\u00f3n de importantes sitios del primer cuadro de la ciudad, entre ellas, la apertura del Parque de la Ciencia Fundadores, la remodelaci\u00f3n del Museo de Bellas Artes, el Museo Luis Nishizawa, la Casona 1920, el Museo Jos\u00e9 Mar\u00eda Velasco o el Felipe Santiago Guti\u00e9rrez, que en conjunto mejoran la imagen del centro de Toluca y conforman un recorrido cultural, hist\u00f3rico y art\u00edstico para los visitantes<\/p>\n\n\n\n<p>Las mejoras de este sitio incluyen nuevas rampas de acceso para personas discapacitadas, rehabilitaci\u00f3n de las fuentes, estampado con los nombres de los 125 municipios mexiquenses, la sustituci\u00f3n del asta bandera, bandera nacional nueva, la renovaci\u00f3n del monumento a Miguel Hidalgo, bancas de concreto, \u00e1reas verdes, 140 postes con m\u00e1s de 500 puntos de luz, jardineras y se\u00f1alizaci\u00f3n biling\u00fce y braille, as\u00ed como la siembra de 250 \u00e1rboles.<\/p>\n\n\n\n<p>A esta inauguraci\u00f3n asistieron el Alcalde de Toluca, Raymundo Mart\u00ednez Carbajal, el Secretario de Desarrollo Urbano y Obra, Rafael D\u00edaz Leal Barrueta, la Secretaria de Cultura y Turismo, Marcela Gonz\u00e1lez Salas y la Secretaria de las Mujeres, Martha Hilda Gonz\u00e1lez Calder\u00f3n.<\/p>\n\n\n\n<p>Adem\u00e1s de Enrique Jacob Rocha, Presidente de la Mesa Directiva de la LXI Legislatura local, Ricardo Sodi Cuellar, Presidente del Tribunal Superior de Justicia y del Consejo de la Judicatura, as\u00ed como Maurilio Hern\u00e1ndez Gonz\u00e1lez, Presidente de la Junta de Coordinaci\u00f3n Pol\u00edtica de la LXI Legislatura estatal.<\/p>\n","protected":false},"excerpt":{"rendered":"<p>El Gobernador Alfredo Del Mazo Maza entreg\u00f3 la restauraci\u00f3n hist\u00f3rica de la Plaza de los M\u00e1rtires de Toluca, y recalc\u00f3 que esta intervenci\u00f3n moderniza el rostro del Centro Hist\u00f3rico de la capital del estado, al tiempo de brindar a las familias un espacio recuperado para su convivencia y esparcimiento.<\/p>\n","protected":false},"author":1,"featured_media":6450,"comment_status":"open","ping_status":"open","sticky":false,"template":"","format":"standard","meta":{"footnotes":""},"categories":[11,4,3,231],"tags":[87,86,158],"class_list":["post-6448","post","type-post","status-publish","format-standard","has-post-thumbnail","hentry","category-cultura","category-finanzas","category-gobierno","category-politica","tag-alfredo-del-mazo","tag-gem","tag-pri"],"yoast_head":"<!-- This site is optimized with the Yoast SEO plugin v27.4 - https:\/\/yoast.com\/product\/yoast-seo-wordpress\/ -->\n<title>INAUGURA ALFREDO DEL MAZO LA RESTAURACI\u00d3N HIST\u00d3RICA DE LA PLAZA DE LOS M\u00c1RTIRES EN TOLUCA, QUE DEVUELVE A LOS MEXIQUENSES UN SITIO PARA LA CONVIVENCIA Y LA RECREACI\u00d3N - Expresso Metropolitano<\/title>\n<meta name=\"robots\" content=\"index, follow, max-snippet:-1, max-image-preview:large, max-video-preview:-1\" \/>\n<link rel=\"canonical\" href=\"https:\/\/expressometro.mx\/index.php\/2022\/09\/07\/inaugura-alfredo-del-mazo-la-restauracion-historica-de-la-plaza-de-los-martires-en-toluca-que-devuelve-a-los-mexiquenses-un-sitio-para-la-convivencia-y-la-recreacion\/\" \/>\n<meta property=\"og:locale\" content=\"es_MX\" \/>\n<meta property=\"og:type\" content=\"article\" \/>\n<meta property=\"og:title\" content=\"INAUGURA ALFREDO DEL MAZO LA RESTAURACI\u00d3N HIST\u00d3RICA DE LA PLAZA DE LOS M\u00c1RTIRES EN TOLUCA, QUE DEVUELVE A LOS MEXIQUENSES UN SITIO PARA LA CONVIVENCIA Y LA RECREACI\u00d3N - Expresso Metropolitano\" \/>\n<meta property=\"og:description\" content=\"El Gobernador Alfredo Del Mazo Maza entreg\u00f3 la restauraci\u00f3n hist\u00f3rica de la Plaza de los M\u00e1rtires de Toluca, y recalc\u00f3 que esta intervenci\u00f3n moderniza el rostro del Centro Hist\u00f3rico de la capital del estado, al tiempo de brindar a las familias un espacio recuperado para su convivencia y esparcimiento.\" \/>\n<meta property=\"og:url\" content=\"https:\/\/expressometro.mx\/index.php\/2022\/09\/07\/inaugura-alfredo-del-mazo-la-restauracion-historica-de-la-plaza-de-los-martires-en-toluca-que-devuelve-a-los-mexiquenses-un-sitio-para-la-convivencia-y-la-recreacion\/\" \/>\n<meta property=\"og:site_name\" content=\"Expresso Metropolitano\" \/>\n<meta property=\"article:published_time\" content=\"2022-09-08T03:27:38+00:00\" \/>\n<meta property=\"article:modified_time\" content=\"2022-09-08T03:27:39+00:00\" \/>\n<meta property=\"og:image\" content=\"http:\/\/expressometro.mx\/wp-content\/uploads\/2022\/09\/Edomex-Plaza-de-los-Martires-070922-2.jpg\" \/>\n\t<meta property=\"og:image:width\" content=\"2000\" \/>\n\t<meta property=\"og:image:height\" content=\"1330\" \/>\n\t<meta property=\"og:image:type\" content=\"image\/jpeg\" \/>\n<meta name=\"author\" content=\"Expresso Metropolitano\" \/>\n<meta name=\"twitter:label1\" content=\"Escrito por\" \/>\n\t<meta name=\"twitter:data1\" content=\"Expresso Metropolitano\" \/>\n\t<meta name=\"twitter:label2\" content=\"Tiempo de lectura\" \/>\n\t<meta name=\"twitter:data2\" content=\"4 minutos\" \/>\n<script type=\"application\/ld+json\" class=\"yoast-schema-graph\">{\"@context\":\"https:\\\/\\\/schema.org\",\"@graph\":[{\"@type\":\"Article\",\"@id\":\"https:\\\/\\\/expressometro.mx\\\/index.php\\\/2022\\\/09\\\/07\\\/inaugura-alfredo-del-mazo-la-restauracion-historica-de-la-plaza-de-los-martires-en-toluca-que-devuelve-a-los-mexiquenses-un-sitio-para-la-convivencia-y-la-recreacion\\\/#article\",\"isPartOf\":{\"@id\":\"https:\\\/\\\/expressometro.mx\\\/index.php\\\/2022\\\/09\\\/07\\\/inaugura-alfredo-del-mazo-la-restauracion-historica-de-la-plaza-de-los-martires-en-toluca-que-devuelve-a-los-mexiquenses-un-sitio-para-la-convivencia-y-la-recreacion\\\/\"},\"author\":{\"name\":\"Expresso Metropolitano\",\"@id\":\"https:\\\/\\\/expressometro.mx\\\/#\\\/schema\\\/person\\\/efa971b4a0664db8ed5c22b1b0dd2f5d\"},\"headline\":\"INAUGURA ALFREDO DEL MAZO LA RESTAURACI\u00d3N HIST\u00d3RICA DE LA PLAZA DE LOS M\u00c1RTIRES EN TOLUCA, QUE DEVUELVE A LOS MEXIQUENSES UN SITIO PARA LA CONVIVENCIA Y LA RECREACI\u00d3N\",\"datePublished\":\"2022-09-08T03:27:38+00:00\",\"dateModified\":\"2022-09-08T03:27:39+00:00\",\"mainEntityOfPage\":{\"@id\":\"https:\\\/\\\/expressometro.mx\\\/index.php\\\/2022\\\/09\\\/07\\\/inaugura-alfredo-del-mazo-la-restauracion-historica-de-la-plaza-de-los-martires-en-toluca-que-devuelve-a-los-mexiquenses-un-sitio-para-la-convivencia-y-la-recreacion\\\/\"},\"wordCount\":775,\"commentCount\":0,\"publisher\":{\"@id\":\"https:\\\/\\\/expressometro.mx\\\/#organization\"},\"image\":{\"@id\":\"https:\\\/\\\/expressometro.mx\\\/index.php\\\/2022\\\/09\\\/07\\\/inaugura-alfredo-del-mazo-la-restauracion-historica-de-la-plaza-de-los-martires-en-toluca-que-devuelve-a-los-mexiquenses-un-sitio-para-la-convivencia-y-la-recreacion\\\/#primaryimage\"},\"thumbnailUrl\":\"https:\\\/\\\/expressometro.mx\\\/wp-content\\\/uploads\\\/2022\\\/09\\\/Edomex-Plaza-de-los-Martires-070922-2.jpg\",\"keywords\":[\"Alfredo del Mazo\",\"GEM\",\"PRI\"],\"articleSection\":[\"Cultura\",\"Finanzas\",\"Gobierno\",\"Pol\u00edtica\"],\"inLanguage\":\"es\",\"potentialAction\":[{\"@type\":\"CommentAction\",\"name\":\"Comment\",\"target\":[\"https:\\\/\\\/expressometro.mx\\\/index.php\\\/2022\\\/09\\\/07\\\/inaugura-alfredo-del-mazo-la-restauracion-historica-de-la-plaza-de-los-martires-en-toluca-que-devuelve-a-los-mexiquenses-un-sitio-para-la-convivencia-y-la-recreacion\\\/#respond\"]}]},{\"@type\":\"WebPage\",\"@id\":\"https:\\\/\\\/expressometro.mx\\\/index.php\\\/2022\\\/09\\\/07\\\/inaugura-alfredo-del-mazo-la-restauracion-historica-de-la-plaza-de-los-martires-en-toluca-que-devuelve-a-los-mexiquenses-un-sitio-para-la-convivencia-y-la-recreacion\\\/\",\"url\":\"https:\\\/\\\/expressometro.mx\\\/index.php\\\/2022\\\/09\\\/07\\\/inaugura-alfredo-del-mazo-la-restauracion-historica-de-la-plaza-de-los-martires-en-toluca-que-devuelve-a-los-mexiquenses-un-sitio-para-la-convivencia-y-la-recreacion\\\/\",\"name\":\"INAUGURA ALFREDO DEL MAZO LA RESTAURACI\u00d3N HIST\u00d3RICA DE LA PLAZA DE LOS M\u00c1RTIRES EN TOLUCA, QUE DEVUELVE A LOS MEXIQUENSES UN SITIO PARA LA CONVIVENCIA Y LA RECREACI\u00d3N - Expresso Metropolitano\",\"isPartOf\":{\"@id\":\"https:\\\/\\\/expressometro.mx\\\/#website\"},\"primaryImageOfPage\":{\"@id\":\"https:\\\/\\\/expressometro.mx\\\/index.php\\\/2022\\\/09\\\/07\\\/inaugura-alfredo-del-mazo-la-restauracion-historica-de-la-plaza-de-los-martires-en-toluca-que-devuelve-a-los-mexiquenses-un-sitio-para-la-convivencia-y-la-recreacion\\\/#primaryimage\"},\"image\":{\"@id\":\"https:\\\/\\\/expressometro.mx\\\/index.php\\\/2022\\\/09\\\/07\\\/inaugura-alfredo-del-mazo-la-restauracion-historica-de-la-plaza-de-los-martires-en-toluca-que-devuelve-a-los-mexiquenses-un-sitio-para-la-convivencia-y-la-recreacion\\\/#primaryimage\"},\"thumbnailUrl\":\"https:\\\/\\\/expressometro.mx\\\/wp-content\\\/uploads\\\/2022\\\/09\\\/Edomex-Plaza-de-los-Martires-070922-2.jpg\",\"datePublished\":\"2022-09-08T03:27:38+00:00\",\"dateModified\":\"2022-09-08T03:27:39+00:00\",\"breadcrumb\":{\"@id\":\"https:\\\/\\\/expressometro.mx\\\/index.php\\\/2022\\\/09\\\/07\\\/inaugura-alfredo-del-mazo-la-restauracion-historica-de-la-plaza-de-los-martires-en-toluca-que-devuelve-a-los-mexiquenses-un-sitio-para-la-convivencia-y-la-recreacion\\\/#breadcrumb\"},\"inLanguage\":\"es\",\"potentialAction\":[{\"@type\":\"ReadAction\",\"target\":[\"https:\\\/\\\/expressometro.mx\\\/index.php\\\/2022\\\/09\\\/07\\\/inaugura-alfredo-del-mazo-la-restauracion-historica-de-la-plaza-de-los-martires-en-toluca-que-devuelve-a-los-mexiquenses-un-sitio-para-la-convivencia-y-la-recreacion\\\/\"]}]},{\"@type\":\"ImageObject\",\"inLanguage\":\"es\",\"@id\":\"https:\\\/\\\/expressometro.mx\\\/index.php\\\/2022\\\/09\\\/07\\\/inaugura-alfredo-del-mazo-la-restauracion-historica-de-la-plaza-de-los-martires-en-toluca-que-devuelve-a-los-mexiquenses-un-sitio-para-la-convivencia-y-la-recreacion\\\/#primaryimage\",\"url\":\"https:\\\/\\\/expressometro.mx\\\/wp-content\\\/uploads\\\/2022\\\/09\\\/Edomex-Plaza-de-los-Martires-070922-2.jpg\",\"contentUrl\":\"https:\\\/\\\/expressometro.mx\\\/wp-content\\\/uploads\\\/2022\\\/09\\\/Edomex-Plaza-de-los-Martires-070922-2.jpg\",\"width\":2000,\"height\":1330},{\"@type\":\"BreadcrumbList\",\"@id\":\"https:\\\/\\\/expressometro.mx\\\/index.php\\\/2022\\\/09\\\/07\\\/inaugura-alfredo-del-mazo-la-restauracion-historica-de-la-plaza-de-los-martires-en-toluca-que-devuelve-a-los-mexiquenses-un-sitio-para-la-convivencia-y-la-recreacion\\\/#breadcrumb\",\"itemListElement\":[{\"@type\":\"ListItem\",\"position\":1,\"name\":\"Inicio\",\"item\":\"https:\\\/\\\/expressometro.mx\\\/\"},{\"@type\":\"ListItem\",\"position\":2,\"name\":\"INAUGURA ALFREDO DEL MAZO LA RESTAURACI\u00d3N HIST\u00d3RICA DE LA PLAZA DE LOS M\u00c1RTIRES EN TOLUCA, QUE DEVUELVE A LOS MEXIQUENSES UN SITIO PARA LA CONVIVENCIA Y LA RECREACI\u00d3N\"}]},{\"@type\":\"WebSite\",\"@id\":\"https:\\\/\\\/expressometro.mx\\\/#website\",\"url\":\"https:\\\/\\\/expressometro.mx\\\/\",\"name\":\"Expresso Metropolitano\",\"description\":\"Periodismo comprometido, informaci\u00f3n, investigaci\u00f3n y an\u00e1lisis\",\"publisher\":{\"@id\":\"https:\\\/\\\/expressometro.mx\\\/#organization\"},\"potentialAction\":[{\"@type\":\"SearchAction\",\"target\":{\"@type\":\"EntryPoint\",\"urlTemplate\":\"https:\\\/\\\/expressometro.mx\\\/?s={search_term_string}\"},\"query-input\":{\"@type\":\"PropertyValueSpecification\",\"valueRequired\":true,\"valueName\":\"search_term_string\"}}],\"inLanguage\":\"es\"},{\"@type\":\"Organization\",\"@id\":\"https:\\\/\\\/expressometro.mx\\\/#organization\",\"name\":\"Expresso Metropolitano\",\"url\":\"https:\\\/\\\/expressometro.mx\\\/\",\"logo\":{\"@type\":\"ImageObject\",\"inLanguage\":\"es\",\"@id\":\"https:\\\/\\\/expressometro.mx\\\/#\\\/schema\\\/logo\\\/image\\\/\",\"url\":\"https:\\\/\\\/expressometro.mx\\\/wp-content\\\/uploads\\\/2019\\\/07\\\/cropped-Logo-Expresso-Metropolitano-1-1.jpeg\",\"contentUrl\":\"https:\\\/\\\/expressometro.mx\\\/wp-content\\\/uploads\\\/2019\\\/07\\\/cropped-Logo-Expresso-Metropolitano-1-1.jpeg\",\"width\":290,\"height\":73,\"caption\":\"Expresso Metropolitano\"},\"image\":{\"@id\":\"https:\\\/\\\/expressometro.mx\\\/#\\\/schema\\\/logo\\\/image\\\/\"}},{\"@type\":\"Person\",\"@id\":\"https:\\\/\\\/expressometro.mx\\\/#\\\/schema\\\/person\\\/efa971b4a0664db8ed5c22b1b0dd2f5d\",\"name\":\"Expresso Metropolitano\",\"image\":{\"@type\":\"ImageObject\",\"inLanguage\":\"es\",\"@id\":\"https:\\\/\\\/secure.gravatar.com\\\/avatar\\\/a89f802b8de18c6952f223c88d3d106e9e3679839f4e25a02f4a6cc2ae6ba3b3?s=96&d=mm&r=g\",\"url\":\"https:\\\/\\\/secure.gravatar.com\\\/avatar\\\/a89f802b8de18c6952f223c88d3d106e9e3679839f4e25a02f4a6cc2ae6ba3b3?s=96&d=mm&r=g\",\"contentUrl\":\"https:\\\/\\\/secure.gravatar.com\\\/avatar\\\/a89f802b8de18c6952f223c88d3d106e9e3679839f4e25a02f4a6cc2ae6ba3b3?s=96&d=mm&r=g\",\"caption\":\"Expresso Metropolitano\"},\"url\":\"https:\\\/\\\/expressometro.mx\\\/index.php\\\/author\\\/diego\\\/\"}]}<\/script>\n<!-- \/ Yoast SEO plugin. -->","yoast_head_json":{"title":"INAUGURA ALFREDO DEL MAZO LA RESTAURACI\u00d3N HIST\u00d3RICA DE LA PLAZA DE LOS M\u00c1RTIRES EN TOLUCA, QUE DEVUELVE A LOS MEXIQUENSES UN SITIO PARA LA CONVIVENCIA Y LA RECREACI\u00d3N - Expresso Metropolitano","robots":{"index":"index","follow":"follow","max-snippet":"max-snippet:-1","max-image-preview":"max-image-preview:large","max-video-preview":"max-video-preview:-1"},"canonical":"https:\/\/expressometro.mx\/index.php\/2022\/09\/07\/inaugura-alfredo-del-mazo-la-restauracion-historica-de-la-plaza-de-los-martires-en-toluca-que-devuelve-a-los-mexiquenses-un-sitio-para-la-convivencia-y-la-recreacion\/","og_locale":"es_MX","og_type":"article","og_title":"INAUGURA ALFREDO DEL MAZO LA RESTAURACI\u00d3N HIST\u00d3RICA DE LA PLAZA DE LOS M\u00c1RTIRES EN TOLUCA, QUE DEVUELVE A LOS MEXIQUENSES UN SITIO PARA LA CONVIVENCIA Y LA RECREACI\u00d3N - Expresso Metropolitano","og_description":"El Gobernador Alfredo Del Mazo Maza entreg\u00f3 la restauraci\u00f3n hist\u00f3rica de la Plaza de los M\u00e1rtires de Toluca, y recalc\u00f3 que esta intervenci\u00f3n moderniza el rostro del Centro Hist\u00f3rico de la capital del estado, al tiempo de brindar a las familias un espacio recuperado para su convivencia y esparcimiento.","og_url":"https:\/\/expressometro.mx\/index.php\/2022\/09\/07\/inaugura-alfredo-del-mazo-la-restauracion-historica-de-la-plaza-de-los-martires-en-toluca-que-devuelve-a-los-mexiquenses-un-sitio-para-la-convivencia-y-la-recreacion\/","og_site_name":"Expresso Metropolitano","article_published_time":"2022-09-08T03:27:38+00:00","article_modified_time":"2022-09-08T03:27:39+00:00","og_image":[{"width":2000,"height":1330,"url":"http:\/\/expressometro.mx\/wp-content\/uploads\/2022\/09\/Edomex-Plaza-de-los-Martires-070922-2.jpg","type":"image\/jpeg"}],"author":"Expresso Metropolitano","twitter_misc":{"Escrito por":"Expresso Metropolitano","Tiempo de lectura":"4 minutos"},"schema":{"@context":"https:\/\/schema.org","@graph":[{"@type":"Article","@id":"https:\/\/expressometro.mx\/index.php\/2022\/09\/07\/inaugura-alfredo-del-mazo-la-restauracion-historica-de-la-plaza-de-los-martires-en-toluca-que-devuelve-a-los-mexiquenses-un-sitio-para-la-convivencia-y-la-recreacion\/#article","isPartOf":{"@id":"https:\/\/expressometro.mx\/index.php\/2022\/09\/07\/inaugura-alfredo-del-mazo-la-restauracion-historica-de-la-plaza-de-los-martires-en-toluca-que-devuelve-a-los-mexiquenses-un-sitio-para-la-convivencia-y-la-recreacion\/"},"author":{"name":"Expresso Metropolitano","@id":"https:\/\/expressometro.mx\/#\/schema\/person\/efa971b4a0664db8ed5c22b1b0dd2f5d"},"headline":"INAUGURA ALFREDO DEL MAZO LA RESTAURACI\u00d3N HIST\u00d3RICA DE LA PLAZA DE LOS M\u00c1RTIRES EN TOLUCA, QUE DEVUELVE A LOS MEXIQUENSES UN SITIO PARA LA CONVIVENCIA Y LA RECREACI\u00d3N","datePublished":"2022-09-08T03:27:38+00:00","dateModified":"2022-09-08T03:27:39+00:00","mainEntityOfPage":{"@id":"https:\/\/expressometro.mx\/index.php\/2022\/09\/07\/inaugura-alfredo-del-mazo-la-restauracion-historica-de-la-plaza-de-los-martires-en-toluca-que-devuelve-a-los-mexiquenses-un-sitio-para-la-convivencia-y-la-recreacion\/"},"wordCount":775,"commentCount":0,"publisher":{"@id":"https:\/\/expressometro.mx\/#organization"},"image":{"@id":"https:\/\/expressometro.mx\/index.php\/2022\/09\/07\/inaugura-alfredo-del-mazo-la-restauracion-historica-de-la-plaza-de-los-martires-en-toluca-que-devuelve-a-los-mexiquenses-un-sitio-para-la-convivencia-y-la-recreacion\/#primaryimage"},"thumbnailUrl":"https:\/\/expressometro.mx\/wp-content\/uploads\/2022\/09\/Edomex-Plaza-de-los-Martires-070922-2.jpg","keywords":["Alfredo del Mazo","GEM","PRI"],"articleSection":["Cultura","Finanzas","Gobierno","Pol\u00edtica"],"inLanguage":"es","potentialAction":[{"@type":"CommentAction","name":"Comment","target":["https:\/\/expressometro.mx\/index.php\/2022\/09\/07\/inaugura-alfredo-del-mazo-la-restauracion-historica-de-la-plaza-de-los-martires-en-toluca-que-devuelve-a-los-mexiquenses-un-sitio-para-la-convivencia-y-la-recreacion\/#respond"]}]},{"@type":"WebPage","@id":"https:\/\/expressometro.mx\/index.php\/2022\/09\/07\/inaugura-alfredo-del-mazo-la-restauracion-historica-de-la-plaza-de-los-martires-en-toluca-que-devuelve-a-los-mexiquenses-un-sitio-para-la-convivencia-y-la-recreacion\/","url":"https:\/\/expressometro.mx\/index.php\/2022\/09\/07\/inaugura-alfredo-del-mazo-la-restauracion-historica-de-la-plaza-de-los-martires-en-toluca-que-devuelve-a-los-mexiquenses-un-sitio-para-la-convivencia-y-la-recreacion\/","name":"INAUGURA ALFREDO DEL MAZO LA RESTAURACI\u00d3N HIST\u00d3RICA DE LA PLAZA DE LOS M\u00c1RTIRES EN TOLUCA, QUE DEVUELVE A LOS MEXIQUENSES UN SITIO PARA LA CONVIVENCIA Y LA RECREACI\u00d3N - Expresso Metropolitano","isPartOf":{"@id":"https:\/\/expressometro.mx\/#website"},"primaryImageOfPage":{"@id":"https:\/\/expressometro.mx\/index.php\/2022\/09\/07\/inaugura-alfredo-del-mazo-la-restauracion-historica-de-la-plaza-de-los-martires-en-toluca-que-devuelve-a-los-mexiquenses-un-sitio-para-la-convivencia-y-la-recreacion\/#primaryimage"},"image":{"@id":"https:\/\/expressometro.mx\/index.php\/2022\/09\/07\/inaugura-alfredo-del-mazo-la-restauracion-historica-de-la-plaza-de-los-martires-en-toluca-que-devuelve-a-los-mexiquenses-un-sitio-para-la-convivencia-y-la-recreacion\/#primaryimage"},"thumbnailUrl":"https:\/\/expressometro.mx\/wp-content\/uploads\/2022\/09\/Edomex-Plaza-de-los-Martires-070922-2.jpg","datePublished":"2022-09-08T03:27:38+00:00","dateModified":"2022-09-08T03:27:39+00:00","breadcrumb":{"@id":"https:\/\/expressometro.mx\/index.php\/2022\/09\/07\/inaugura-alfredo-del-mazo-la-restauracion-historica-de-la-plaza-de-los-martires-en-toluca-que-devuelve-a-los-mexiquenses-un-sitio-para-la-convivencia-y-la-recreacion\/#breadcrumb"},"inLanguage":"es","potentialAction":[{"@type":"ReadAction","target":["https:\/\/expressometro.mx\/index.php\/2022\/09\/07\/inaugura-alfredo-del-mazo-la-restauracion-historica-de-la-plaza-de-los-martires-en-toluca-que-devuelve-a-los-mexiquenses-un-sitio-para-la-convivencia-y-la-recreacion\/"]}]},{"@type":"ImageObject","inLanguage":"es","@id":"https:\/\/expressometro.mx\/index.php\/2022\/09\/07\/inaugura-alfredo-del-mazo-la-restauracion-historica-de-la-plaza-de-los-martires-en-toluca-que-devuelve-a-los-mexiquenses-un-sitio-para-la-convivencia-y-la-recreacion\/#primaryimage","url":"https:\/\/expressometro.mx\/wp-content\/uploads\/2022\/09\/Edomex-Plaza-de-los-Martires-070922-2.jpg","contentUrl":"https:\/\/expressometro.mx\/wp-content\/uploads\/2022\/09\/Edomex-Plaza-de-los-Martires-070922-2.jpg","width":2000,"height":1330},{"@type":"BreadcrumbList","@id":"https:\/\/expressometro.mx\/index.php\/2022\/09\/07\/inaugura-alfredo-del-mazo-la-restauracion-historica-de-la-plaza-de-los-martires-en-toluca-que-devuelve-a-los-mexiquenses-un-sitio-para-la-convivencia-y-la-recreacion\/#breadcrumb","itemListElement":[{"@type":"ListItem","position":1,"name":"Inicio","item":"https:\/\/expressometro.mx\/"},{"@type":"ListItem","position":2,"name":"INAUGURA ALFREDO DEL MAZO LA RESTAURACI\u00d3N HIST\u00d3RICA DE LA PLAZA DE LOS M\u00c1RTIRES EN TOLUCA, QUE DEVUELVE A LOS MEXIQUENSES UN SITIO PARA LA CONVIVENCIA Y LA RECREACI\u00d3N"}]},{"@type":"WebSite","@id":"https:\/\/expressometro.mx\/#website","url":"https:\/\/expressometro.mx\/","name":"Expresso Metropolitano","description":"Periodismo comprometido, informaci\u00f3n, investigaci\u00f3n y an\u00e1lisis","publisher":{"@id":"https:\/\/expressometro.mx\/#organization"},"potentialAction":[{"@type":"SearchAction","target":{"@type":"EntryPoint","urlTemplate":"https:\/\/expressometro.mx\/?s={search_term_string}"},"query-input":{"@type":"PropertyValueSpecification","valueRequired":true,"valueName":"search_term_string"}}],"inLanguage":"es"},{"@type":"Organization","@id":"https:\/\/expressometro.mx\/#organization","name":"Expresso Metropolitano","url":"https:\/\/expressometro.mx\/","logo":{"@type":"ImageObject","inLanguage":"es","@id":"https:\/\/expressometro.mx\/#\/schema\/logo\/image\/","url":"https:\/\/expressometro.mx\/wp-content\/uploads\/2019\/07\/cropped-Logo-Expresso-Metropolitano-1-1.jpeg","contentUrl":"https:\/\/expressometro.mx\/wp-content\/uploads\/2019\/07\/cropped-Logo-Expresso-Metropolitano-1-1.jpeg","width":290,"height":73,"caption":"Expresso Metropolitano"},"image":{"@id":"https:\/\/expressometro.mx\/#\/schema\/logo\/image\/"}},{"@type":"Person","@id":"https:\/\/expressometro.mx\/#\/schema\/person\/efa971b4a0664db8ed5c22b1b0dd2f5d","name":"Expresso Metropolitano","image":{"@type":"ImageObject","inLanguage":"es","@id":"https:\/\/secure.gravatar.com\/avatar\/a89f802b8de18c6952f223c88d3d106e9e3679839f4e25a02f4a6cc2ae6ba3b3?s=96&d=mm&r=g","url":"https:\/\/secure.gravatar.com\/avatar\/a89f802b8de18c6952f223c88d3d106e9e3679839f4e25a02f4a6cc2ae6ba3b3?s=96&d=mm&r=g","contentUrl":"https:\/\/secure.gravatar.com\/avatar\/a89f802b8de18c6952f223c88d3d106e9e3679839f4e25a02f4a6cc2ae6ba3b3?s=96&d=mm&r=g","caption":"Expresso Metropolitano"},"url":"https:\/\/expressometro.mx\/index.php\/author\/diego\/"}]}},"amp_enabled":true,"_links":{"self":[{"href":"https:\/\/expressometro.mx\/index.php\/wp-json\/wp\/v2\/posts\/6448","targetHints":{"allow":["GET"]}}],"collection":[{"href":"https:\/\/expressometro.mx\/index.php\/wp-json\/wp\/v2\/posts"}],"about":[{"href":"https:\/\/expressometro.mx\/index.php\/wp-json\/wp\/v2\/types\/post"}],"author":[{"embeddable":true,"href":"https:\/\/expressometro.mx\/index.php\/wp-json\/wp\/v2\/users\/1"}],"replies":[{"embeddable":true,"href":"https:\/\/expressometro.mx\/index.php\/wp-json\/wp\/v2\/comments?post=6448"}],"version-history":[{"count":1,"href":"https:\/\/expressometro.mx\/index.php\/wp-json\/wp\/v2\/posts\/6448\/revisions"}],"predecessor-version":[{"id":6452,"href":"https:\/\/expressometro.mx\/index.php\/wp-json\/wp\/v2\/posts\/6448\/revisions\/6452"}],"wp:featuredmedia":[{"embeddable":true,"href":"https:\/\/expressometro.mx\/index.php\/wp-json\/wp\/v2\/media\/6450"}],"wp:attachment":[{"href":"https:\/\/expressometro.mx\/index.php\/wp-json\/wp\/v2\/media?parent=6448"}],"wp:term":[{"taxonomy":"category","embeddable":true,"href":"https:\/\/expressometro.mx\/index.php\/wp-json\/wp\/v2\/categories?post=6448"},{"taxonomy":"post_tag","embeddable":true,"href":"https:\/\/expressometro.mx\/index.php\/wp-json\/wp\/v2\/tags?post=6448"}],"curies":[{"name":"wp","href":"https:\/\/api.w.org\/{rel}","templated":true}]}}