{"id":6443,"date":"2022-09-06T16:11:00","date_gmt":"2022-09-06T21:11:00","guid":{"rendered":"https:\/\/expressometro.mx\/?p=6443"},"modified":"2022-09-07T16:48:44","modified_gmt":"2022-09-07T21:48:44","slug":"gustavo-cardenas-monroy-participo-en-la-mesa-de-fortalecimiento-region-iii-atlacomulco","status":"publish","type":"post","link":"https:\/\/expressometro.mx\/index.php\/2022\/09\/06\/gustavo-cardenas-monroy-participo-en-la-mesa-de-fortalecimiento-region-iii-atlacomulco\/","title":{"rendered":"GUSTAVO C\u00c1RDENAS MONROY PARTICIP\u00d3 EN LA MESA DE FORTALECIMIENTO REGI\u00d3N III ATLACOMULCO"},"content":{"rendered":"\n<p><\/p>\n\n\n\n<p>La Mesa de Fortalecimiento Regi\u00f3n III Atlacomulco se realiz\u00f3 contando con la presencia del Diputado Local, Gustavo C\u00e1rdenas Monroy; la Secretaria del Campo, Leticia Mej\u00eda Garc\u00eda; el Presidente Municipal de Jocotitl\u00e1n, Jes\u00fas Cedillo Gonz\u00e1lez. El Diputado agradeci\u00f3 a Jes\u00fas Cedillo por permitir llevar a cabo esta reuni\u00f3n en su municipio.<\/p>\n\n\n\n<p>C\u00e1rdenas Monroy coment\u00f3 que se viven tiempos muy importantes en funci\u00f3n de lo que realizan representando a la sociedad; ya que la eficacia y eficiencia son cualidades muy importantes en los Servidores P\u00fablicos para solventar las demandas de la sociedad, siendo esto el prop\u00f3sito fundamental de estas mesas de trabajo que se realizan.<\/p>\n\n\n\n<p>En materia de seguridad, el congresista destac\u00f3 la importancia de que todos los servidores p\u00fablicos deben de realizar un excelente trabajo en su \u00e1rea. Tanto la Secretar\u00eda de Seguridad Ciudadana, Seguridad P\u00fablica y a la Fiscal\u00eda, quienes deben de estar articulados para la construcci\u00f3n de la paz, para que existan acciones y as\u00ed poder evitar acontecimientos como los ocurridos en San Jos\u00e9 del Rinc\u00f3n, Temascalcingo, San Felipe del Progreso e Ixtlahuaca.<\/p>\n\n\n\n<p>Esto sali\u00f3 a colaci\u00f3n, debido a lo ocurrido en d\u00edas pasados, en donde se present\u00f3 un tema en una Mesa de Seguridad en donde el Secretario de Seguridad Ciudadana coment\u00f3 que capacitar\u00eda a la Polic\u00eda Municipal para llevarse a los estatales a otro lado. Esto dejar\u00eda vulnerables a los Presidentes Municipales, lo cual se considerar\u00eda inaudito, y se considerar\u00eda un tema para reflexionar y actuar para salvaguardar la integridad de la sociedad. Tambi\u00e9n pidi\u00f3 el apoyo de todos para respaldar a la Secretaria del Campo, porque ella realiza su tarea y trabajo para entregar resultados.<\/p>\n\n\n\n<p>En el tema del campo el legislador detall\u00f3 que \u00e9ste ser\u00e1 un tema muy por importante en la C\u00e1mara Federal, esperando que lo que se dice en las mesas de trabajo tenga eco con la mayor\u00eda en la C\u00e1mara de Diputados, ya que no ha habido m\u00e1s apoyos en los \u00faltimos cuatros a\u00f1os.<\/p>\n\n\n\n<p>Finalmente, Gustavo C\u00e1rdenas dijo que \u00e9l ha presentado diversas iniciativas que tienen que ver con el campo pero que la mayor\u00eda predominante en el congreso no las quieren entender, no entiende que el programa especial concurrente que est\u00e1 en la ley de desarrollo sustentable tiene que ser modificado para garantizar los apoyos al campo.<\/p>\n","protected":false},"excerpt":{"rendered":"<p>La Mesa de Fortalecimiento Regi\u00f3n III Atlacomulco se realiz\u00f3 contando con la presencia del Diputado Local, Gustavo C\u00e1rdenas Monroy; la Secretaria del Campo, Leticia Mej\u00eda Garc\u00eda; el Presidente Municipal de Jocotitl\u00e1n, Jes\u00fas Cedillo Gonz\u00e1lez. El Diputado agradeci\u00f3 a Jes\u00fas Cedillo por permitir llevar a cabo esta reuni\u00f3n en su municipio.<\/p>\n","protected":false},"author":1,"featured_media":6445,"comment_status":"open","ping_status":"open","sticky":false,"template":"","format":"standard","meta":{"footnotes":""},"categories":[4,3,231],"tags":[891,324,158],"class_list":["post-6443","post","type-post","status-publish","format-standard","has-post-thumbnail","hentry","category-finanzas","category-gobierno","category-politica","tag-gustavo-cardenas-2","tag-jocotitlan","tag-pri"],"yoast_head":"<!-- This site is optimized with the Yoast SEO plugin v27.4 - https:\/\/yoast.com\/product\/yoast-seo-wordpress\/ -->\n<title>GUSTAVO C\u00c1RDENAS MONROY PARTICIP\u00d3 EN LA MESA DE FORTALECIMIENTO REGI\u00d3N III ATLACOMULCO - Expresso Metropolitano<\/title>\n<meta name=\"robots\" content=\"index, follow, max-snippet:-1, max-image-preview:large, max-video-preview:-1\" \/>\n<link rel=\"canonical\" href=\"https:\/\/expressometro.mx\/index.php\/2022\/09\/06\/gustavo-cardenas-monroy-participo-en-la-mesa-de-fortalecimiento-region-iii-atlacomulco\/\" \/>\n<meta property=\"og:locale\" content=\"es_MX\" \/>\n<meta property=\"og:type\" content=\"article\" \/>\n<meta property=\"og:title\" content=\"GUSTAVO C\u00c1RDENAS MONROY PARTICIP\u00d3 EN LA MESA DE FORTALECIMIENTO REGI\u00d3N III ATLACOMULCO - Expresso Metropolitano\" \/>\n<meta property=\"og:description\" content=\"La Mesa de Fortalecimiento Regi\u00f3n III Atlacomulco se realiz\u00f3 contando con la presencia del Diputado Local, Gustavo C\u00e1rdenas Monroy; la Secretaria del Campo, Leticia Mej\u00eda Garc\u00eda; el Presidente Municipal de Jocotitl\u00e1n, Jes\u00fas Cedillo Gonz\u00e1lez. El Diputado agradeci\u00f3 a Jes\u00fas Cedillo por permitir llevar a cabo esta reuni\u00f3n en su municipio.\" \/>\n<meta property=\"og:url\" content=\"https:\/\/expressometro.mx\/index.php\/2022\/09\/06\/gustavo-cardenas-monroy-participo-en-la-mesa-de-fortalecimiento-region-iii-atlacomulco\/\" \/>\n<meta property=\"og:site_name\" content=\"Expresso Metropolitano\" \/>\n<meta property=\"article:published_time\" content=\"2022-09-06T21:11:00+00:00\" \/>\n<meta property=\"article:modified_time\" content=\"2022-09-07T21:48:44+00:00\" \/>\n<meta property=\"og:image\" content=\"http:\/\/expressometro.mx\/wp-content\/uploads\/2022\/09\/Gustavo-Cardenas-060922-1.jpg\" \/>\n\t<meta property=\"og:image:width\" content=\"960\" \/>\n\t<meta property=\"og:image:height\" content=\"640\" \/>\n\t<meta property=\"og:image:type\" content=\"image\/jpeg\" \/>\n<meta name=\"author\" content=\"Expresso Metropolitano\" \/>\n<meta name=\"twitter:label1\" content=\"Escrito por\" \/>\n\t<meta name=\"twitter:data1\" content=\"Expresso Metropolitano\" \/>\n\t<meta name=\"twitter:label2\" content=\"Tiempo de lectura\" \/>\n\t<meta name=\"twitter:data2\" content=\"2 minutos\" \/>\n<script type=\"application\/ld+json\" class=\"yoast-schema-graph\">{\"@context\":\"https:\\\/\\\/schema.org\",\"@graph\":[{\"@type\":\"Article\",\"@id\":\"https:\\\/\\\/expressometro.mx\\\/index.php\\\/2022\\\/09\\\/06\\\/gustavo-cardenas-monroy-participo-en-la-mesa-de-fortalecimiento-region-iii-atlacomulco\\\/#article\",\"isPartOf\":{\"@id\":\"https:\\\/\\\/expressometro.mx\\\/index.php\\\/2022\\\/09\\\/06\\\/gustavo-cardenas-monroy-participo-en-la-mesa-de-fortalecimiento-region-iii-atlacomulco\\\/\"},\"author\":{\"name\":\"Expresso Metropolitano\",\"@id\":\"https:\\\/\\\/expressometro.mx\\\/#\\\/schema\\\/person\\\/efa971b4a0664db8ed5c22b1b0dd2f5d\"},\"headline\":\"GUSTAVO C\u00c1RDENAS MONROY PARTICIP\u00d3 EN LA MESA DE FORTALECIMIENTO REGI\u00d3N III ATLACOMULCO\",\"datePublished\":\"2022-09-06T21:11:00+00:00\",\"dateModified\":\"2022-09-07T21:48:44+00:00\",\"mainEntityOfPage\":{\"@id\":\"https:\\\/\\\/expressometro.mx\\\/index.php\\\/2022\\\/09\\\/06\\\/gustavo-cardenas-monroy-participo-en-la-mesa-de-fortalecimiento-region-iii-atlacomulco\\\/\"},\"wordCount\":424,\"commentCount\":0,\"publisher\":{\"@id\":\"https:\\\/\\\/expressometro.mx\\\/#organization\"},\"image\":{\"@id\":\"https:\\\/\\\/expressometro.mx\\\/index.php\\\/2022\\\/09\\\/06\\\/gustavo-cardenas-monroy-participo-en-la-mesa-de-fortalecimiento-region-iii-atlacomulco\\\/#primaryimage\"},\"thumbnailUrl\":\"https:\\\/\\\/expressometro.mx\\\/wp-content\\\/uploads\\\/2022\\\/09\\\/Gustavo-Cardenas-060922-1.jpg\",\"keywords\":[\"Gustavo C\u00e1rdenas\",\"Jocotitl\u00e1n\",\"PRI\"],\"articleSection\":[\"Finanzas\",\"Gobierno\",\"Pol\u00edtica\"],\"inLanguage\":\"es\",\"potentialAction\":[{\"@type\":\"CommentAction\",\"name\":\"Comment\",\"target\":[\"https:\\\/\\\/expressometro.mx\\\/index.php\\\/2022\\\/09\\\/06\\\/gustavo-cardenas-monroy-participo-en-la-mesa-de-fortalecimiento-region-iii-atlacomulco\\\/#respond\"]}]},{\"@type\":\"WebPage\",\"@id\":\"https:\\\/\\\/expressometro.mx\\\/index.php\\\/2022\\\/09\\\/06\\\/gustavo-cardenas-monroy-participo-en-la-mesa-de-fortalecimiento-region-iii-atlacomulco\\\/\",\"url\":\"https:\\\/\\\/expressometro.mx\\\/index.php\\\/2022\\\/09\\\/06\\\/gustavo-cardenas-monroy-participo-en-la-mesa-de-fortalecimiento-region-iii-atlacomulco\\\/\",\"name\":\"GUSTAVO C\u00c1RDENAS MONROY PARTICIP\u00d3 EN LA MESA DE FORTALECIMIENTO REGI\u00d3N III ATLACOMULCO - Expresso Metropolitano\",\"isPartOf\":{\"@id\":\"https:\\\/\\\/expressometro.mx\\\/#website\"},\"primaryImageOfPage\":{\"@id\":\"https:\\\/\\\/expressometro.mx\\\/index.php\\\/2022\\\/09\\\/06\\\/gustavo-cardenas-monroy-participo-en-la-mesa-de-fortalecimiento-region-iii-atlacomulco\\\/#primaryimage\"},\"image\":{\"@id\":\"https:\\\/\\\/expressometro.mx\\\/index.php\\\/2022\\\/09\\\/06\\\/gustavo-cardenas-monroy-participo-en-la-mesa-de-fortalecimiento-region-iii-atlacomulco\\\/#primaryimage\"},\"thumbnailUrl\":\"https:\\\/\\\/expressometro.mx\\\/wp-content\\\/uploads\\\/2022\\\/09\\\/Gustavo-Cardenas-060922-1.jpg\",\"datePublished\":\"2022-09-06T21:11:00+00:00\",\"dateModified\":\"2022-09-07T21:48:44+00:00\",\"breadcrumb\":{\"@id\":\"https:\\\/\\\/expressometro.mx\\\/index.php\\\/2022\\\/09\\\/06\\\/gustavo-cardenas-monroy-participo-en-la-mesa-de-fortalecimiento-region-iii-atlacomulco\\\/#breadcrumb\"},\"inLanguage\":\"es\",\"potentialAction\":[{\"@type\":\"ReadAction\",\"target\":[\"https:\\\/\\\/expressometro.mx\\\/index.php\\\/2022\\\/09\\\/06\\\/gustavo-cardenas-monroy-participo-en-la-mesa-de-fortalecimiento-region-iii-atlacomulco\\\/\"]}]},{\"@type\":\"ImageObject\",\"inLanguage\":\"es\",\"@id\":\"https:\\\/\\\/expressometro.mx\\\/index.php\\\/2022\\\/09\\\/06\\\/gustavo-cardenas-monroy-participo-en-la-mesa-de-fortalecimiento-region-iii-atlacomulco\\\/#primaryimage\",\"url\":\"https:\\\/\\\/expressometro.mx\\\/wp-content\\\/uploads\\\/2022\\\/09\\\/Gustavo-Cardenas-060922-1.jpg\",\"contentUrl\":\"https:\\\/\\\/expressometro.mx\\\/wp-content\\\/uploads\\\/2022\\\/09\\\/Gustavo-Cardenas-060922-1.jpg\",\"width\":960,\"height\":640},{\"@type\":\"BreadcrumbList\",\"@id\":\"https:\\\/\\\/expressometro.mx\\\/index.php\\\/2022\\\/09\\\/06\\\/gustavo-cardenas-monroy-participo-en-la-mesa-de-fortalecimiento-region-iii-atlacomulco\\\/#breadcrumb\",\"itemListElement\":[{\"@type\":\"ListItem\",\"position\":1,\"name\":\"Inicio\",\"item\":\"https:\\\/\\\/expressometro.mx\\\/\"},{\"@type\":\"ListItem\",\"position\":2,\"name\":\"GUSTAVO C\u00c1RDENAS MONROY PARTICIP\u00d3 EN LA MESA DE FORTALECIMIENTO REGI\u00d3N III ATLACOMULCO\"}]},{\"@type\":\"WebSite\",\"@id\":\"https:\\\/\\\/expressometro.mx\\\/#website\",\"url\":\"https:\\\/\\\/expressometro.mx\\\/\",\"name\":\"Expresso Metropolitano\",\"description\":\"Periodismo comprometido, informaci\u00f3n, investigaci\u00f3n y an\u00e1lisis\",\"publisher\":{\"@id\":\"https:\\\/\\\/expressometro.mx\\\/#organization\"},\"potentialAction\":[{\"@type\":\"SearchAction\",\"target\":{\"@type\":\"EntryPoint\",\"urlTemplate\":\"https:\\\/\\\/expressometro.mx\\\/?s={search_term_string}\"},\"query-input\":{\"@type\":\"PropertyValueSpecification\",\"valueRequired\":true,\"valueName\":\"search_term_string\"}}],\"inLanguage\":\"es\"},{\"@type\":\"Organization\",\"@id\":\"https:\\\/\\\/expressometro.mx\\\/#organization\",\"name\":\"Expresso Metropolitano\",\"url\":\"https:\\\/\\\/expressometro.mx\\\/\",\"logo\":{\"@type\":\"ImageObject\",\"inLanguage\":\"es\",\"@id\":\"https:\\\/\\\/expressometro.mx\\\/#\\\/schema\\\/logo\\\/image\\\/\",\"url\":\"https:\\\/\\\/expressometro.mx\\\/wp-content\\\/uploads\\\/2019\\\/07\\\/cropped-Logo-Expresso-Metropolitano-1-1.jpeg\",\"contentUrl\":\"https:\\\/\\\/expressometro.mx\\\/wp-content\\\/uploads\\\/2019\\\/07\\\/cropped-Logo-Expresso-Metropolitano-1-1.jpeg\",\"width\":290,\"height\":73,\"caption\":\"Expresso Metropolitano\"},\"image\":{\"@id\":\"https:\\\/\\\/expressometro.mx\\\/#\\\/schema\\\/logo\\\/image\\\/\"}},{\"@type\":\"Person\",\"@id\":\"https:\\\/\\\/expressometro.mx\\\/#\\\/schema\\\/person\\\/efa971b4a0664db8ed5c22b1b0dd2f5d\",\"name\":\"Expresso Metropolitano\",\"image\":{\"@type\":\"ImageObject\",\"inLanguage\":\"es\",\"@id\":\"https:\\\/\\\/secure.gravatar.com\\\/avatar\\\/a89f802b8de18c6952f223c88d3d106e9e3679839f4e25a02f4a6cc2ae6ba3b3?s=96&d=mm&r=g\",\"url\":\"https:\\\/\\\/secure.gravatar.com\\\/avatar\\\/a89f802b8de18c6952f223c88d3d106e9e3679839f4e25a02f4a6cc2ae6ba3b3?s=96&d=mm&r=g\",\"contentUrl\":\"https:\\\/\\\/secure.gravatar.com\\\/avatar\\\/a89f802b8de18c6952f223c88d3d106e9e3679839f4e25a02f4a6cc2ae6ba3b3?s=96&d=mm&r=g\",\"caption\":\"Expresso Metropolitano\"},\"url\":\"https:\\\/\\\/expressometro.mx\\\/index.php\\\/author\\\/diego\\\/\"}]}<\/script>\n<!-- \/ Yoast SEO plugin. -->","yoast_head_json":{"title":"GUSTAVO C\u00c1RDENAS MONROY PARTICIP\u00d3 EN LA MESA DE FORTALECIMIENTO REGI\u00d3N III ATLACOMULCO - Expresso Metropolitano","robots":{"index":"index","follow":"follow","max-snippet":"max-snippet:-1","max-image-preview":"max-image-preview:large","max-video-preview":"max-video-preview:-1"},"canonical":"https:\/\/expressometro.mx\/index.php\/2022\/09\/06\/gustavo-cardenas-monroy-participo-en-la-mesa-de-fortalecimiento-region-iii-atlacomulco\/","og_locale":"es_MX","og_type":"article","og_title":"GUSTAVO C\u00c1RDENAS MONROY PARTICIP\u00d3 EN LA MESA DE FORTALECIMIENTO REGI\u00d3N III ATLACOMULCO - Expresso Metropolitano","og_description":"La Mesa de Fortalecimiento Regi\u00f3n III Atlacomulco se realiz\u00f3 contando con la presencia del Diputado Local, Gustavo C\u00e1rdenas Monroy; la Secretaria del Campo, Leticia Mej\u00eda Garc\u00eda; el Presidente Municipal de Jocotitl\u00e1n, Jes\u00fas Cedillo Gonz\u00e1lez. El Diputado agradeci\u00f3 a Jes\u00fas Cedillo por permitir llevar a cabo esta reuni\u00f3n en su municipio.","og_url":"https:\/\/expressometro.mx\/index.php\/2022\/09\/06\/gustavo-cardenas-monroy-participo-en-la-mesa-de-fortalecimiento-region-iii-atlacomulco\/","og_site_name":"Expresso Metropolitano","article_published_time":"2022-09-06T21:11:00+00:00","article_modified_time":"2022-09-07T21:48:44+00:00","og_image":[{"width":960,"height":640,"url":"http:\/\/expressometro.mx\/wp-content\/uploads\/2022\/09\/Gustavo-Cardenas-060922-1.jpg","type":"image\/jpeg"}],"author":"Expresso Metropolitano","twitter_misc":{"Escrito por":"Expresso Metropolitano","Tiempo de lectura":"2 minutos"},"schema":{"@context":"https:\/\/schema.org","@graph":[{"@type":"Article","@id":"https:\/\/expressometro.mx\/index.php\/2022\/09\/06\/gustavo-cardenas-monroy-participo-en-la-mesa-de-fortalecimiento-region-iii-atlacomulco\/#article","isPartOf":{"@id":"https:\/\/expressometro.mx\/index.php\/2022\/09\/06\/gustavo-cardenas-monroy-participo-en-la-mesa-de-fortalecimiento-region-iii-atlacomulco\/"},"author":{"name":"Expresso Metropolitano","@id":"https:\/\/expressometro.mx\/#\/schema\/person\/efa971b4a0664db8ed5c22b1b0dd2f5d"},"headline":"GUSTAVO C\u00c1RDENAS MONROY PARTICIP\u00d3 EN LA MESA DE FORTALECIMIENTO REGI\u00d3N III ATLACOMULCO","datePublished":"2022-09-06T21:11:00+00:00","dateModified":"2022-09-07T21:48:44+00:00","mainEntityOfPage":{"@id":"https:\/\/expressometro.mx\/index.php\/2022\/09\/06\/gustavo-cardenas-monroy-participo-en-la-mesa-de-fortalecimiento-region-iii-atlacomulco\/"},"wordCount":424,"commentCount":0,"publisher":{"@id":"https:\/\/expressometro.mx\/#organization"},"image":{"@id":"https:\/\/expressometro.mx\/index.php\/2022\/09\/06\/gustavo-cardenas-monroy-participo-en-la-mesa-de-fortalecimiento-region-iii-atlacomulco\/#primaryimage"},"thumbnailUrl":"https:\/\/expressometro.mx\/wp-content\/uploads\/2022\/09\/Gustavo-Cardenas-060922-1.jpg","keywords":["Gustavo C\u00e1rdenas","Jocotitl\u00e1n","PRI"],"articleSection":["Finanzas","Gobierno","Pol\u00edtica"],"inLanguage":"es","potentialAction":[{"@type":"CommentAction","name":"Comment","target":["https:\/\/expressometro.mx\/index.php\/2022\/09\/06\/gustavo-cardenas-monroy-participo-en-la-mesa-de-fortalecimiento-region-iii-atlacomulco\/#respond"]}]},{"@type":"WebPage","@id":"https:\/\/expressometro.mx\/index.php\/2022\/09\/06\/gustavo-cardenas-monroy-participo-en-la-mesa-de-fortalecimiento-region-iii-atlacomulco\/","url":"https:\/\/expressometro.mx\/index.php\/2022\/09\/06\/gustavo-cardenas-monroy-participo-en-la-mesa-de-fortalecimiento-region-iii-atlacomulco\/","name":"GUSTAVO C\u00c1RDENAS MONROY PARTICIP\u00d3 EN LA MESA DE FORTALECIMIENTO REGI\u00d3N III ATLACOMULCO - Expresso Metropolitano","isPartOf":{"@id":"https:\/\/expressometro.mx\/#website"},"primaryImageOfPage":{"@id":"https:\/\/expressometro.mx\/index.php\/2022\/09\/06\/gustavo-cardenas-monroy-participo-en-la-mesa-de-fortalecimiento-region-iii-atlacomulco\/#primaryimage"},"image":{"@id":"https:\/\/expressometro.mx\/index.php\/2022\/09\/06\/gustavo-cardenas-monroy-participo-en-la-mesa-de-fortalecimiento-region-iii-atlacomulco\/#primaryimage"},"thumbnailUrl":"https:\/\/expressometro.mx\/wp-content\/uploads\/2022\/09\/Gustavo-Cardenas-060922-1.jpg","datePublished":"2022-09-06T21:11:00+00:00","dateModified":"2022-09-07T21:48:44+00:00","breadcrumb":{"@id":"https:\/\/expressometro.mx\/index.php\/2022\/09\/06\/gustavo-cardenas-monroy-participo-en-la-mesa-de-fortalecimiento-region-iii-atlacomulco\/#breadcrumb"},"inLanguage":"es","potentialAction":[{"@type":"ReadAction","target":["https:\/\/expressometro.mx\/index.php\/2022\/09\/06\/gustavo-cardenas-monroy-participo-en-la-mesa-de-fortalecimiento-region-iii-atlacomulco\/"]}]},{"@type":"ImageObject","inLanguage":"es","@id":"https:\/\/expressometro.mx\/index.php\/2022\/09\/06\/gustavo-cardenas-monroy-participo-en-la-mesa-de-fortalecimiento-region-iii-atlacomulco\/#primaryimage","url":"https:\/\/expressometro.mx\/wp-content\/uploads\/2022\/09\/Gustavo-Cardenas-060922-1.jpg","contentUrl":"https:\/\/expressometro.mx\/wp-content\/uploads\/2022\/09\/Gustavo-Cardenas-060922-1.jpg","width":960,"height":640},{"@type":"BreadcrumbList","@id":"https:\/\/expressometro.mx\/index.php\/2022\/09\/06\/gustavo-cardenas-monroy-participo-en-la-mesa-de-fortalecimiento-region-iii-atlacomulco\/#breadcrumb","itemListElement":[{"@type":"ListItem","position":1,"name":"Inicio","item":"https:\/\/expressometro.mx\/"},{"@type":"ListItem","position":2,"name":"GUSTAVO C\u00c1RDENAS MONROY PARTICIP\u00d3 EN LA MESA DE FORTALECIMIENTO REGI\u00d3N III ATLACOMULCO"}]},{"@type":"WebSite","@id":"https:\/\/expressometro.mx\/#website","url":"https:\/\/expressometro.mx\/","name":"Expresso Metropolitano","description":"Periodismo comprometido, informaci\u00f3n, investigaci\u00f3n y an\u00e1lisis","publisher":{"@id":"https:\/\/expressometro.mx\/#organization"},"potentialAction":[{"@type":"SearchAction","target":{"@type":"EntryPoint","urlTemplate":"https:\/\/expressometro.mx\/?s={search_term_string}"},"query-input":{"@type":"PropertyValueSpecification","valueRequired":true,"valueName":"search_term_string"}}],"inLanguage":"es"},{"@type":"Organization","@id":"https:\/\/expressometro.mx\/#organization","name":"Expresso Metropolitano","url":"https:\/\/expressometro.mx\/","logo":{"@type":"ImageObject","inLanguage":"es","@id":"https:\/\/expressometro.mx\/#\/schema\/logo\/image\/","url":"https:\/\/expressometro.mx\/wp-content\/uploads\/2019\/07\/cropped-Logo-Expresso-Metropolitano-1-1.jpeg","contentUrl":"https:\/\/expressometro.mx\/wp-content\/uploads\/2019\/07\/cropped-Logo-Expresso-Metropolitano-1-1.jpeg","width":290,"height":73,"caption":"Expresso Metropolitano"},"image":{"@id":"https:\/\/expressometro.mx\/#\/schema\/logo\/image\/"}},{"@type":"Person","@id":"https:\/\/expressometro.mx\/#\/schema\/person\/efa971b4a0664db8ed5c22b1b0dd2f5d","name":"Expresso Metropolitano","image":{"@type":"ImageObject","inLanguage":"es","@id":"https:\/\/secure.gravatar.com\/avatar\/a89f802b8de18c6952f223c88d3d106e9e3679839f4e25a02f4a6cc2ae6ba3b3?s=96&d=mm&r=g","url":"https:\/\/secure.gravatar.com\/avatar\/a89f802b8de18c6952f223c88d3d106e9e3679839f4e25a02f4a6cc2ae6ba3b3?s=96&d=mm&r=g","contentUrl":"https:\/\/secure.gravatar.com\/avatar\/a89f802b8de18c6952f223c88d3d106e9e3679839f4e25a02f4a6cc2ae6ba3b3?s=96&d=mm&r=g","caption":"Expresso Metropolitano"},"url":"https:\/\/expressometro.mx\/index.php\/author\/diego\/"}]}},"amp_enabled":true,"_links":{"self":[{"href":"https:\/\/expressometro.mx\/index.php\/wp-json\/wp\/v2\/posts\/6443","targetHints":{"allow":["GET"]}}],"collection":[{"href":"https:\/\/expressometro.mx\/index.php\/wp-json\/wp\/v2\/posts"}],"about":[{"href":"https:\/\/expressometro.mx\/index.php\/wp-json\/wp\/v2\/types\/post"}],"author":[{"embeddable":true,"href":"https:\/\/expressometro.mx\/index.php\/wp-json\/wp\/v2\/users\/1"}],"replies":[{"embeddable":true,"href":"https:\/\/expressometro.mx\/index.php\/wp-json\/wp\/v2\/comments?post=6443"}],"version-history":[{"count":1,"href":"https:\/\/expressometro.mx\/index.php\/wp-json\/wp\/v2\/posts\/6443\/revisions"}],"predecessor-version":[{"id":6446,"href":"https:\/\/expressometro.mx\/index.php\/wp-json\/wp\/v2\/posts\/6443\/revisions\/6446"}],"wp:featuredmedia":[{"embeddable":true,"href":"https:\/\/expressometro.mx\/index.php\/wp-json\/wp\/v2\/media\/6445"}],"wp:attachment":[{"href":"https:\/\/expressometro.mx\/index.php\/wp-json\/wp\/v2\/media?parent=6443"}],"wp:term":[{"taxonomy":"category","embeddable":true,"href":"https:\/\/expressometro.mx\/index.php\/wp-json\/wp\/v2\/categories?post=6443"},{"taxonomy":"post_tag","embeddable":true,"href":"https:\/\/expressometro.mx\/index.php\/wp-json\/wp\/v2\/tags?post=6443"}],"curies":[{"name":"wp","href":"https:\/\/api.w.org\/{rel}","templated":true}]}}