{"id":6427,"date":"2022-09-05T13:49:32","date_gmt":"2022-09-05T18:49:32","guid":{"rendered":"https:\/\/expressometro.mx\/?p=6427"},"modified":"2022-09-05T13:49:33","modified_gmt":"2022-09-05T18:49:33","slug":"se-impone-mexiquenses-de-corazon-y-gana-dirigencia-de-morena-edomex","status":"publish","type":"post","link":"https:\/\/expressometro.mx\/index.php\/2022\/09\/05\/se-impone-mexiquenses-de-corazon-y-gana-dirigencia-de-morena-edomex\/","title":{"rendered":"SE IMPONE MEXIQUENSES DE CORAZ\u00d3N Y GANA DIRIGENCIA DE MORENA EDOMEX"},"content":{"rendered":"\n<p><\/p>\n\n\n\n<p>\u2022 Martha Guerrero presidir\u00e1 Comit\u00e9 Ejecutivo; Nazario Guti\u00e9rrez es electo secretario general y Nancy N\u00e1poles, l\u00edder del Consejo Pol\u00edtico de Morena<\/p>\n\n\n\n<p>\u2022 Demuestran triunfos que equipo del senador Higinio Mart\u00ednez tiene la mayor\u00eda del partido<\/p>\n\n\n\n<p>\u2022 Equipo de la maestra Delfina G\u00f3mez deber\u00e1 mostrar voluntad para lograr el apoyo de la nueva dirigencia local<\/p>\n\n\n\n<p>La senadora Martha Guerrero fue electa como presidenta del Comit\u00e9 Ejecutivo Estatal de Morena en el Estado de M\u00e9xico, mientras que el diputado Nazario Guti\u00e9rrez ser\u00e1 secretario general y la ex diputada local, Nancy N\u00e1poles Pacheco, presidenta del Consejo Pol\u00edtico local.<\/p>\n\n\n\n<p>Durante el Consejo estatal del partido, al que acudieron 409 consejeras y consejeros de toda la entidad, el movimiento Mexiquenses de Coraz\u00f3n arras\u00f3 en la votaci\u00f3n para la presidencia del partido, con 217 votos para la senadora y 153 a favor del texcocano Nazario quien ocupar\u00e1 la secretar\u00eda general, ambos cercanos colaboradores del senador Higinio Mart\u00ednez.<\/p>\n\n\n\n<p>Mientras que la diputada Nelly Carrasco, del grupo de los Obradoristas, solo consigui\u00f3 el respaldo de 7 votos.<\/p>\n\n\n\n<p>En sus redes sociales, Higinio Mart\u00ednez destac\u00f3 que los tres principales cargos de Morena en el Estado de M\u00e9xico \u201cson integrantes del movimiento Mexiquenses de Coraz\u00f3n que me han apoyado en todo \u00a1Felicidades! Decidimos apoyarlos y lo lograron. \u00a1Se ratifica con este triunfo la mayor\u00eda que somos en el #Edomex!\u201d<\/p>\n\n\n\n<p>Dijo que tanto la senadora como el diputado Nazario tienen la experiencia, el compromiso y la lealtad con el movimiento en el #EstadoDeM\u00e9xico y fueron electos libremente.<\/p>\n\n\n\n<p>\u201cPrimer paso de este esfuerzo unitario. M\u00e1s adelante veremos c\u00f3mo podemos cerrar filas para el proceso del #2023\u201d.<\/p>\n\n\n\n<p>El Movimiento Mexiquenses de Coraz\u00f3n obtuvo en las asambleas distritales, el respaldo de unos 400 mil votantes, de los casi 600 mil que participaron, con el triunfo de unos 230 consejeras y consejeros.<\/p>\n\n\n\n<p>Martha Guerrero es senadora por el Estado de M\u00e9xico y originaria de Los Reyes La Paz; el legislador de Texcoco, Nazario Guti\u00e9rrez gan\u00f3 el primer lugar en la asamblea del Distrito 38 federal, con un total de dos mil 582 votos.<\/p>\n\n\n\n<p>N\u00e1poles Pacheco, consigui\u00f3 212 votos para ocupar la presidencia del Consejo Pol\u00edtico, contra 197 que obtuvo el ex alcalde de Tlalnepantla Raciel P\u00e9rez; es originaria de Tenancingo y fue diputada local en la 60 Legislatura local, ocupar\u00e1 el cargo que deja el l\u00edder parlamentario de Morena, Maurilio Hern\u00e1ndez Gonz\u00e1lez.<\/p>\n","protected":false},"excerpt":{"rendered":"<p>La senadora Martha Guerrero fue electa como presidenta del Comit\u00e9 Ejecutivo Estatal de Morena en el Estado de M\u00e9xico, mientras que el diputado Nazario Guti\u00e9rrez ser\u00e1 secretario general y la ex diputada local, Nancy N\u00e1poles Pacheco, presidenta del Consejo Pol\u00edtico local.<\/p>\n","protected":false},"author":1,"featured_media":6429,"comment_status":"open","ping_status":"open","sticky":false,"template":"","format":"standard","meta":{"footnotes":""},"categories":[3,231],"tags":[1314,499,84],"class_list":["post-6427","post","type-post","status-publish","format-standard","has-post-thumbnail","hentry","category-gobierno","category-politica","tag-delfina-gomez","tag-higinio-martinez","tag-morena"],"yoast_head":"<!-- This site is optimized with the Yoast SEO plugin v27.4 - https:\/\/yoast.com\/product\/yoast-seo-wordpress\/ -->\n<title>SE IMPONE MEXIQUENSES DE CORAZ\u00d3N Y GANA DIRIGENCIA DE MORENA EDOMEX - Expresso Metropolitano<\/title>\n<meta name=\"robots\" content=\"index, follow, max-snippet:-1, max-image-preview:large, max-video-preview:-1\" \/>\n<link rel=\"canonical\" href=\"https:\/\/expressometro.mx\/index.php\/2022\/09\/05\/se-impone-mexiquenses-de-corazon-y-gana-dirigencia-de-morena-edomex\/\" \/>\n<meta property=\"og:locale\" content=\"es_MX\" \/>\n<meta property=\"og:type\" content=\"article\" \/>\n<meta property=\"og:title\" content=\"SE IMPONE MEXIQUENSES DE CORAZ\u00d3N Y GANA DIRIGENCIA DE MORENA EDOMEX - Expresso Metropolitano\" \/>\n<meta property=\"og:description\" content=\"La senadora Martha Guerrero fue electa como presidenta del Comit\u00e9 Ejecutivo Estatal de Morena en el Estado de M\u00e9xico, mientras que el diputado Nazario Guti\u00e9rrez ser\u00e1 secretario general y la ex diputada local, Nancy N\u00e1poles Pacheco, presidenta del Consejo Pol\u00edtico local.\" \/>\n<meta property=\"og:url\" content=\"https:\/\/expressometro.mx\/index.php\/2022\/09\/05\/se-impone-mexiquenses-de-corazon-y-gana-dirigencia-de-morena-edomex\/\" \/>\n<meta property=\"og:site_name\" content=\"Expresso Metropolitano\" \/>\n<meta property=\"article:published_time\" content=\"2022-09-05T18:49:32+00:00\" \/>\n<meta property=\"article:modified_time\" content=\"2022-09-05T18:49:33+00:00\" \/>\n<meta property=\"og:image\" content=\"http:\/\/expressometro.mx\/wp-content\/uploads\/2022\/09\/Mexiquenses-de-Corazon-040922.jpg\" \/>\n\t<meta property=\"og:image:width\" content=\"727\" \/>\n\t<meta property=\"og:image:height\" content=\"496\" \/>\n\t<meta property=\"og:image:type\" content=\"image\/jpeg\" \/>\n<meta name=\"author\" content=\"Expresso Metropolitano\" \/>\n<meta name=\"twitter:label1\" content=\"Escrito por\" \/>\n\t<meta name=\"twitter:data1\" content=\"Expresso Metropolitano\" \/>\n\t<meta name=\"twitter:label2\" content=\"Tiempo de lectura\" \/>\n\t<meta name=\"twitter:data2\" content=\"2 minutos\" \/>\n<script type=\"application\/ld+json\" class=\"yoast-schema-graph\">{\"@context\":\"https:\\\/\\\/schema.org\",\"@graph\":[{\"@type\":\"Article\",\"@id\":\"https:\\\/\\\/expressometro.mx\\\/index.php\\\/2022\\\/09\\\/05\\\/se-impone-mexiquenses-de-corazon-y-gana-dirigencia-de-morena-edomex\\\/#article\",\"isPartOf\":{\"@id\":\"https:\\\/\\\/expressometro.mx\\\/index.php\\\/2022\\\/09\\\/05\\\/se-impone-mexiquenses-de-corazon-y-gana-dirigencia-de-morena-edomex\\\/\"},\"author\":{\"name\":\"Expresso Metropolitano\",\"@id\":\"https:\\\/\\\/expressometro.mx\\\/#\\\/schema\\\/person\\\/efa971b4a0664db8ed5c22b1b0dd2f5d\"},\"headline\":\"SE IMPONE MEXIQUENSES DE CORAZ\u00d3N Y GANA DIRIGENCIA DE MORENA EDOMEX\",\"datePublished\":\"2022-09-05T18:49:32+00:00\",\"dateModified\":\"2022-09-05T18:49:33+00:00\",\"mainEntityOfPage\":{\"@id\":\"https:\\\/\\\/expressometro.mx\\\/index.php\\\/2022\\\/09\\\/05\\\/se-impone-mexiquenses-de-corazon-y-gana-dirigencia-de-morena-edomex\\\/\"},\"wordCount\":414,\"commentCount\":0,\"publisher\":{\"@id\":\"https:\\\/\\\/expressometro.mx\\\/#organization\"},\"image\":{\"@id\":\"https:\\\/\\\/expressometro.mx\\\/index.php\\\/2022\\\/09\\\/05\\\/se-impone-mexiquenses-de-corazon-y-gana-dirigencia-de-morena-edomex\\\/#primaryimage\"},\"thumbnailUrl\":\"https:\\\/\\\/expressometro.mx\\\/wp-content\\\/uploads\\\/2022\\\/09\\\/Mexiquenses-de-Corazon-040922.jpg\",\"keywords\":[\"Delfina G\u00f3mez\",\"Higinio Mart\u00ednez\",\"Morena\"],\"articleSection\":[\"Gobierno\",\"Pol\u00edtica\"],\"inLanguage\":\"es\",\"potentialAction\":[{\"@type\":\"CommentAction\",\"name\":\"Comment\",\"target\":[\"https:\\\/\\\/expressometro.mx\\\/index.php\\\/2022\\\/09\\\/05\\\/se-impone-mexiquenses-de-corazon-y-gana-dirigencia-de-morena-edomex\\\/#respond\"]}]},{\"@type\":\"WebPage\",\"@id\":\"https:\\\/\\\/expressometro.mx\\\/index.php\\\/2022\\\/09\\\/05\\\/se-impone-mexiquenses-de-corazon-y-gana-dirigencia-de-morena-edomex\\\/\",\"url\":\"https:\\\/\\\/expressometro.mx\\\/index.php\\\/2022\\\/09\\\/05\\\/se-impone-mexiquenses-de-corazon-y-gana-dirigencia-de-morena-edomex\\\/\",\"name\":\"SE IMPONE MEXIQUENSES DE CORAZ\u00d3N Y GANA DIRIGENCIA DE MORENA EDOMEX - Expresso Metropolitano\",\"isPartOf\":{\"@id\":\"https:\\\/\\\/expressometro.mx\\\/#website\"},\"primaryImageOfPage\":{\"@id\":\"https:\\\/\\\/expressometro.mx\\\/index.php\\\/2022\\\/09\\\/05\\\/se-impone-mexiquenses-de-corazon-y-gana-dirigencia-de-morena-edomex\\\/#primaryimage\"},\"image\":{\"@id\":\"https:\\\/\\\/expressometro.mx\\\/index.php\\\/2022\\\/09\\\/05\\\/se-impone-mexiquenses-de-corazon-y-gana-dirigencia-de-morena-edomex\\\/#primaryimage\"},\"thumbnailUrl\":\"https:\\\/\\\/expressometro.mx\\\/wp-content\\\/uploads\\\/2022\\\/09\\\/Mexiquenses-de-Corazon-040922.jpg\",\"datePublished\":\"2022-09-05T18:49:32+00:00\",\"dateModified\":\"2022-09-05T18:49:33+00:00\",\"breadcrumb\":{\"@id\":\"https:\\\/\\\/expressometro.mx\\\/index.php\\\/2022\\\/09\\\/05\\\/se-impone-mexiquenses-de-corazon-y-gana-dirigencia-de-morena-edomex\\\/#breadcrumb\"},\"inLanguage\":\"es\",\"potentialAction\":[{\"@type\":\"ReadAction\",\"target\":[\"https:\\\/\\\/expressometro.mx\\\/index.php\\\/2022\\\/09\\\/05\\\/se-impone-mexiquenses-de-corazon-y-gana-dirigencia-de-morena-edomex\\\/\"]}]},{\"@type\":\"ImageObject\",\"inLanguage\":\"es\",\"@id\":\"https:\\\/\\\/expressometro.mx\\\/index.php\\\/2022\\\/09\\\/05\\\/se-impone-mexiquenses-de-corazon-y-gana-dirigencia-de-morena-edomex\\\/#primaryimage\",\"url\":\"https:\\\/\\\/expressometro.mx\\\/wp-content\\\/uploads\\\/2022\\\/09\\\/Mexiquenses-de-Corazon-040922.jpg\",\"contentUrl\":\"https:\\\/\\\/expressometro.mx\\\/wp-content\\\/uploads\\\/2022\\\/09\\\/Mexiquenses-de-Corazon-040922.jpg\",\"width\":727,\"height\":496},{\"@type\":\"BreadcrumbList\",\"@id\":\"https:\\\/\\\/expressometro.mx\\\/index.php\\\/2022\\\/09\\\/05\\\/se-impone-mexiquenses-de-corazon-y-gana-dirigencia-de-morena-edomex\\\/#breadcrumb\",\"itemListElement\":[{\"@type\":\"ListItem\",\"position\":1,\"name\":\"Inicio\",\"item\":\"https:\\\/\\\/expressometro.mx\\\/\"},{\"@type\":\"ListItem\",\"position\":2,\"name\":\"SE IMPONE MEXIQUENSES DE CORAZ\u00d3N Y GANA DIRIGENCIA DE MORENA EDOMEX\"}]},{\"@type\":\"WebSite\",\"@id\":\"https:\\\/\\\/expressometro.mx\\\/#website\",\"url\":\"https:\\\/\\\/expressometro.mx\\\/\",\"name\":\"Expresso Metropolitano\",\"description\":\"Periodismo comprometido, informaci\u00f3n, investigaci\u00f3n y an\u00e1lisis\",\"publisher\":{\"@id\":\"https:\\\/\\\/expressometro.mx\\\/#organization\"},\"potentialAction\":[{\"@type\":\"SearchAction\",\"target\":{\"@type\":\"EntryPoint\",\"urlTemplate\":\"https:\\\/\\\/expressometro.mx\\\/?s={search_term_string}\"},\"query-input\":{\"@type\":\"PropertyValueSpecification\",\"valueRequired\":true,\"valueName\":\"search_term_string\"}}],\"inLanguage\":\"es\"},{\"@type\":\"Organization\",\"@id\":\"https:\\\/\\\/expressometro.mx\\\/#organization\",\"name\":\"Expresso Metropolitano\",\"url\":\"https:\\\/\\\/expressometro.mx\\\/\",\"logo\":{\"@type\":\"ImageObject\",\"inLanguage\":\"es\",\"@id\":\"https:\\\/\\\/expressometro.mx\\\/#\\\/schema\\\/logo\\\/image\\\/\",\"url\":\"https:\\\/\\\/expressometro.mx\\\/wp-content\\\/uploads\\\/2019\\\/07\\\/cropped-Logo-Expresso-Metropolitano-1-1.jpeg\",\"contentUrl\":\"https:\\\/\\\/expressometro.mx\\\/wp-content\\\/uploads\\\/2019\\\/07\\\/cropped-Logo-Expresso-Metropolitano-1-1.jpeg\",\"width\":290,\"height\":73,\"caption\":\"Expresso Metropolitano\"},\"image\":{\"@id\":\"https:\\\/\\\/expressometro.mx\\\/#\\\/schema\\\/logo\\\/image\\\/\"}},{\"@type\":\"Person\",\"@id\":\"https:\\\/\\\/expressometro.mx\\\/#\\\/schema\\\/person\\\/efa971b4a0664db8ed5c22b1b0dd2f5d\",\"name\":\"Expresso Metropolitano\",\"image\":{\"@type\":\"ImageObject\",\"inLanguage\":\"es\",\"@id\":\"https:\\\/\\\/secure.gravatar.com\\\/avatar\\\/a89f802b8de18c6952f223c88d3d106e9e3679839f4e25a02f4a6cc2ae6ba3b3?s=96&d=mm&r=g\",\"url\":\"https:\\\/\\\/secure.gravatar.com\\\/avatar\\\/a89f802b8de18c6952f223c88d3d106e9e3679839f4e25a02f4a6cc2ae6ba3b3?s=96&d=mm&r=g\",\"contentUrl\":\"https:\\\/\\\/secure.gravatar.com\\\/avatar\\\/a89f802b8de18c6952f223c88d3d106e9e3679839f4e25a02f4a6cc2ae6ba3b3?s=96&d=mm&r=g\",\"caption\":\"Expresso Metropolitano\"},\"url\":\"https:\\\/\\\/expressometro.mx\\\/index.php\\\/author\\\/diego\\\/\"}]}<\/script>\n<!-- \/ Yoast SEO plugin. -->","yoast_head_json":{"title":"SE IMPONE MEXIQUENSES DE CORAZ\u00d3N Y GANA DIRIGENCIA DE MORENA EDOMEX - Expresso Metropolitano","robots":{"index":"index","follow":"follow","max-snippet":"max-snippet:-1","max-image-preview":"max-image-preview:large","max-video-preview":"max-video-preview:-1"},"canonical":"https:\/\/expressometro.mx\/index.php\/2022\/09\/05\/se-impone-mexiquenses-de-corazon-y-gana-dirigencia-de-morena-edomex\/","og_locale":"es_MX","og_type":"article","og_title":"SE IMPONE MEXIQUENSES DE CORAZ\u00d3N Y GANA DIRIGENCIA DE MORENA EDOMEX - Expresso Metropolitano","og_description":"La senadora Martha Guerrero fue electa como presidenta del Comit\u00e9 Ejecutivo Estatal de Morena en el Estado de M\u00e9xico, mientras que el diputado Nazario Guti\u00e9rrez ser\u00e1 secretario general y la ex diputada local, Nancy N\u00e1poles Pacheco, presidenta del Consejo Pol\u00edtico local.","og_url":"https:\/\/expressometro.mx\/index.php\/2022\/09\/05\/se-impone-mexiquenses-de-corazon-y-gana-dirigencia-de-morena-edomex\/","og_site_name":"Expresso Metropolitano","article_published_time":"2022-09-05T18:49:32+00:00","article_modified_time":"2022-09-05T18:49:33+00:00","og_image":[{"width":727,"height":496,"url":"http:\/\/expressometro.mx\/wp-content\/uploads\/2022\/09\/Mexiquenses-de-Corazon-040922.jpg","type":"image\/jpeg"}],"author":"Expresso Metropolitano","twitter_misc":{"Escrito por":"Expresso Metropolitano","Tiempo de lectura":"2 minutos"},"schema":{"@context":"https:\/\/schema.org","@graph":[{"@type":"Article","@id":"https:\/\/expressometro.mx\/index.php\/2022\/09\/05\/se-impone-mexiquenses-de-corazon-y-gana-dirigencia-de-morena-edomex\/#article","isPartOf":{"@id":"https:\/\/expressometro.mx\/index.php\/2022\/09\/05\/se-impone-mexiquenses-de-corazon-y-gana-dirigencia-de-morena-edomex\/"},"author":{"name":"Expresso Metropolitano","@id":"https:\/\/expressometro.mx\/#\/schema\/person\/efa971b4a0664db8ed5c22b1b0dd2f5d"},"headline":"SE IMPONE MEXIQUENSES DE CORAZ\u00d3N Y GANA DIRIGENCIA DE MORENA EDOMEX","datePublished":"2022-09-05T18:49:32+00:00","dateModified":"2022-09-05T18:49:33+00:00","mainEntityOfPage":{"@id":"https:\/\/expressometro.mx\/index.php\/2022\/09\/05\/se-impone-mexiquenses-de-corazon-y-gana-dirigencia-de-morena-edomex\/"},"wordCount":414,"commentCount":0,"publisher":{"@id":"https:\/\/expressometro.mx\/#organization"},"image":{"@id":"https:\/\/expressometro.mx\/index.php\/2022\/09\/05\/se-impone-mexiquenses-de-corazon-y-gana-dirigencia-de-morena-edomex\/#primaryimage"},"thumbnailUrl":"https:\/\/expressometro.mx\/wp-content\/uploads\/2022\/09\/Mexiquenses-de-Corazon-040922.jpg","keywords":["Delfina G\u00f3mez","Higinio Mart\u00ednez","Morena"],"articleSection":["Gobierno","Pol\u00edtica"],"inLanguage":"es","potentialAction":[{"@type":"CommentAction","name":"Comment","target":["https:\/\/expressometro.mx\/index.php\/2022\/09\/05\/se-impone-mexiquenses-de-corazon-y-gana-dirigencia-de-morena-edomex\/#respond"]}]},{"@type":"WebPage","@id":"https:\/\/expressometro.mx\/index.php\/2022\/09\/05\/se-impone-mexiquenses-de-corazon-y-gana-dirigencia-de-morena-edomex\/","url":"https:\/\/expressometro.mx\/index.php\/2022\/09\/05\/se-impone-mexiquenses-de-corazon-y-gana-dirigencia-de-morena-edomex\/","name":"SE IMPONE MEXIQUENSES DE CORAZ\u00d3N Y GANA DIRIGENCIA DE MORENA EDOMEX - Expresso Metropolitano","isPartOf":{"@id":"https:\/\/expressometro.mx\/#website"},"primaryImageOfPage":{"@id":"https:\/\/expressometro.mx\/index.php\/2022\/09\/05\/se-impone-mexiquenses-de-corazon-y-gana-dirigencia-de-morena-edomex\/#primaryimage"},"image":{"@id":"https:\/\/expressometro.mx\/index.php\/2022\/09\/05\/se-impone-mexiquenses-de-corazon-y-gana-dirigencia-de-morena-edomex\/#primaryimage"},"thumbnailUrl":"https:\/\/expressometro.mx\/wp-content\/uploads\/2022\/09\/Mexiquenses-de-Corazon-040922.jpg","datePublished":"2022-09-05T18:49:32+00:00","dateModified":"2022-09-05T18:49:33+00:00","breadcrumb":{"@id":"https:\/\/expressometro.mx\/index.php\/2022\/09\/05\/se-impone-mexiquenses-de-corazon-y-gana-dirigencia-de-morena-edomex\/#breadcrumb"},"inLanguage":"es","potentialAction":[{"@type":"ReadAction","target":["https:\/\/expressometro.mx\/index.php\/2022\/09\/05\/se-impone-mexiquenses-de-corazon-y-gana-dirigencia-de-morena-edomex\/"]}]},{"@type":"ImageObject","inLanguage":"es","@id":"https:\/\/expressometro.mx\/index.php\/2022\/09\/05\/se-impone-mexiquenses-de-corazon-y-gana-dirigencia-de-morena-edomex\/#primaryimage","url":"https:\/\/expressometro.mx\/wp-content\/uploads\/2022\/09\/Mexiquenses-de-Corazon-040922.jpg","contentUrl":"https:\/\/expressometro.mx\/wp-content\/uploads\/2022\/09\/Mexiquenses-de-Corazon-040922.jpg","width":727,"height":496},{"@type":"BreadcrumbList","@id":"https:\/\/expressometro.mx\/index.php\/2022\/09\/05\/se-impone-mexiquenses-de-corazon-y-gana-dirigencia-de-morena-edomex\/#breadcrumb","itemListElement":[{"@type":"ListItem","position":1,"name":"Inicio","item":"https:\/\/expressometro.mx\/"},{"@type":"ListItem","position":2,"name":"SE IMPONE MEXIQUENSES DE CORAZ\u00d3N Y GANA DIRIGENCIA DE MORENA EDOMEX"}]},{"@type":"WebSite","@id":"https:\/\/expressometro.mx\/#website","url":"https:\/\/expressometro.mx\/","name":"Expresso Metropolitano","description":"Periodismo comprometido, informaci\u00f3n, investigaci\u00f3n y an\u00e1lisis","publisher":{"@id":"https:\/\/expressometro.mx\/#organization"},"potentialAction":[{"@type":"SearchAction","target":{"@type":"EntryPoint","urlTemplate":"https:\/\/expressometro.mx\/?s={search_term_string}"},"query-input":{"@type":"PropertyValueSpecification","valueRequired":true,"valueName":"search_term_string"}}],"inLanguage":"es"},{"@type":"Organization","@id":"https:\/\/expressometro.mx\/#organization","name":"Expresso Metropolitano","url":"https:\/\/expressometro.mx\/","logo":{"@type":"ImageObject","inLanguage":"es","@id":"https:\/\/expressometro.mx\/#\/schema\/logo\/image\/","url":"https:\/\/expressometro.mx\/wp-content\/uploads\/2019\/07\/cropped-Logo-Expresso-Metropolitano-1-1.jpeg","contentUrl":"https:\/\/expressometro.mx\/wp-content\/uploads\/2019\/07\/cropped-Logo-Expresso-Metropolitano-1-1.jpeg","width":290,"height":73,"caption":"Expresso Metropolitano"},"image":{"@id":"https:\/\/expressometro.mx\/#\/schema\/logo\/image\/"}},{"@type":"Person","@id":"https:\/\/expressometro.mx\/#\/schema\/person\/efa971b4a0664db8ed5c22b1b0dd2f5d","name":"Expresso Metropolitano","image":{"@type":"ImageObject","inLanguage":"es","@id":"https:\/\/secure.gravatar.com\/avatar\/a89f802b8de18c6952f223c88d3d106e9e3679839f4e25a02f4a6cc2ae6ba3b3?s=96&d=mm&r=g","url":"https:\/\/secure.gravatar.com\/avatar\/a89f802b8de18c6952f223c88d3d106e9e3679839f4e25a02f4a6cc2ae6ba3b3?s=96&d=mm&r=g","contentUrl":"https:\/\/secure.gravatar.com\/avatar\/a89f802b8de18c6952f223c88d3d106e9e3679839f4e25a02f4a6cc2ae6ba3b3?s=96&d=mm&r=g","caption":"Expresso Metropolitano"},"url":"https:\/\/expressometro.mx\/index.php\/author\/diego\/"}]}},"amp_enabled":true,"_links":{"self":[{"href":"https:\/\/expressometro.mx\/index.php\/wp-json\/wp\/v2\/posts\/6427","targetHints":{"allow":["GET"]}}],"collection":[{"href":"https:\/\/expressometro.mx\/index.php\/wp-json\/wp\/v2\/posts"}],"about":[{"href":"https:\/\/expressometro.mx\/index.php\/wp-json\/wp\/v2\/types\/post"}],"author":[{"embeddable":true,"href":"https:\/\/expressometro.mx\/index.php\/wp-json\/wp\/v2\/users\/1"}],"replies":[{"embeddable":true,"href":"https:\/\/expressometro.mx\/index.php\/wp-json\/wp\/v2\/comments?post=6427"}],"version-history":[{"count":1,"href":"https:\/\/expressometro.mx\/index.php\/wp-json\/wp\/v2\/posts\/6427\/revisions"}],"predecessor-version":[{"id":6430,"href":"https:\/\/expressometro.mx\/index.php\/wp-json\/wp\/v2\/posts\/6427\/revisions\/6430"}],"wp:featuredmedia":[{"embeddable":true,"href":"https:\/\/expressometro.mx\/index.php\/wp-json\/wp\/v2\/media\/6429"}],"wp:attachment":[{"href":"https:\/\/expressometro.mx\/index.php\/wp-json\/wp\/v2\/media?parent=6427"}],"wp:term":[{"taxonomy":"category","embeddable":true,"href":"https:\/\/expressometro.mx\/index.php\/wp-json\/wp\/v2\/categories?post=6427"},{"taxonomy":"post_tag","embeddable":true,"href":"https:\/\/expressometro.mx\/index.php\/wp-json\/wp\/v2\/tags?post=6427"}],"curies":[{"name":"wp","href":"https:\/\/api.w.org\/{rel}","templated":true}]}}