{"id":6398,"date":"2022-08-31T14:01:50","date_gmt":"2022-08-31T19:01:50","guid":{"rendered":"https:\/\/expressometro.mx\/?p=6398"},"modified":"2022-08-31T14:01:51","modified_gmt":"2022-08-31T19:01:51","slug":"su-bicentenario-esta-cerca-y-jiquipilco-lo-celebra-entregando-obras-en-beneficio-de-su-poblacion","status":"publish","type":"post","link":"https:\/\/expressometro.mx\/index.php\/2022\/08\/31\/su-bicentenario-esta-cerca-y-jiquipilco-lo-celebra-entregando-obras-en-beneficio-de-su-poblacion\/","title":{"rendered":"SU BICENTENARIO EST\u00c1 CERCA, Y JIQUIPILCO LO CELEBRA ENTREGANDO OBRAS EN BENEFICIO DE SU POBLACI\u00d3N"},"content":{"rendered":"\n<p><\/p>\n\n\n\n<p>Jiquipilco celebrar\u00e1 en grande su Bicentenario, este 27 de septiembre, por lo que se han venido entregando obras con esta denominaci\u00f3n. Actualmente est\u00e1n en proceso de construcci\u00f3n, 36 obras p\u00fablicas que cerrar\u00e1n con broche de oro este a\u00f1o conmemorativo. La administraci\u00f3n vigente, encabezada por el Presidente Municipal, Felipe S\u00e1nchez D\u00e1vila, ha hecho su mayor esfuerzo en equipo, para lograr concretar estas obras en beneficio de los jiquilpenses.<\/p>\n\n\n\n<p>Las veinti\u00fan obras terminadas que se han venido entregando a la poblaci\u00f3n, est\u00e1n enfocadas en servicios b\u00e1sicos que facilitar\u00e1n la vida cotidiana de sus habitantes. Tales como: drenajes, dep\u00f3sitos de agua, encementados, electrificaciones, guarniciones y banquetas, aulas escolares entre otras obras m\u00e1s.<\/p>\n\n\n\n<p>Es conocido que la infraestructura de estas obras p\u00fablicas representa un papel clave en el desarrollo y crecimiento de una comunidad. Por este motivo, la inversi\u00f3n que se haga en lo relativo a la infraestructura de las comunidades, ser\u00e1 clave para elevar la competitividad de la econom\u00eda local y de esta forma, satisfacer las condiciones b\u00e1sicas en aras del desarrollo de las actividades productivas de su gente.<\/p>\n\n\n\n<p>Para el Presidente Felipe S\u00e1nchez es muy importante seguir trabajando en aquello que la poblaci\u00f3n considera prioridad para su comunidad. Es por esto que reconoci\u00f3 el trabajo y apoyo de sus compa\u00f1eros de Cabildo para trabajar por el municipio, as\u00ed como la solidaridad de la poblaci\u00f3n para sumarse en las faenas comunitarias convocadas por la administraci\u00f3n, y que por iniciativa propia han llevado a cabo.<\/p>\n\n\n\n<p>\u201cPara progresar se necesitan las manos de todos, y juntos podemos hacer mucho por esta tierra, pero s\u00f3lo cuando decididamente se participa\u201d, concluy\u00f3.<\/p>\n","protected":false},"excerpt":{"rendered":"<p>Jiquipilco celebrar\u00e1 en grande su Bicentenario, este 27 de septiembre, por lo que se han venido entregando obras con esta denominaci\u00f3n. Actualmente est\u00e1n en proceso de construcci\u00f3n, 36 obras p\u00fablicas que cerrar\u00e1n con broche de oro este a\u00f1o conmemorativo.<\/p>\n","protected":false},"author":1,"featured_media":6400,"comment_status":"open","ping_status":"open","sticky":false,"template":"","format":"standard","meta":{"footnotes":""},"categories":[4,3,231],"tags":[474,196,158],"class_list":["post-6398","post","type-post","status-publish","format-standard","has-post-thumbnail","hentry","category-finanzas","category-gobierno","category-politica","tag-felipe-sanchez","tag-jiquipilco","tag-pri"],"yoast_head":"<!-- This site is optimized with the Yoast SEO plugin v27.5 - https:\/\/yoast.com\/product\/yoast-seo-wordpress\/ -->\n<title>SU BICENTENARIO EST\u00c1 CERCA, Y JIQUIPILCO LO CELEBRA ENTREGANDO OBRAS EN BENEFICIO DE SU POBLACI\u00d3N - Expresso Metropolitano<\/title>\n<meta name=\"robots\" content=\"index, follow, max-snippet:-1, max-image-preview:large, max-video-preview:-1\" \/>\n<link rel=\"canonical\" href=\"https:\/\/expressometro.mx\/index.php\/2022\/08\/31\/su-bicentenario-esta-cerca-y-jiquipilco-lo-celebra-entregando-obras-en-beneficio-de-su-poblacion\/\" \/>\n<meta property=\"og:locale\" content=\"es_MX\" \/>\n<meta property=\"og:type\" content=\"article\" \/>\n<meta property=\"og:title\" content=\"SU BICENTENARIO EST\u00c1 CERCA, Y JIQUIPILCO LO CELEBRA ENTREGANDO OBRAS EN BENEFICIO DE SU POBLACI\u00d3N - Expresso Metropolitano\" \/>\n<meta property=\"og:description\" content=\"Jiquipilco celebrar\u00e1 en grande su Bicentenario, este 27 de septiembre, por lo que se han venido entregando obras con esta denominaci\u00f3n. Actualmente est\u00e1n en proceso de construcci\u00f3n, 36 obras p\u00fablicas que cerrar\u00e1n con broche de oro este a\u00f1o conmemorativo.\" \/>\n<meta property=\"og:url\" content=\"https:\/\/expressometro.mx\/index.php\/2022\/08\/31\/su-bicentenario-esta-cerca-y-jiquipilco-lo-celebra-entregando-obras-en-beneficio-de-su-poblacion\/\" \/>\n<meta property=\"og:site_name\" content=\"Expresso Metropolitano\" \/>\n<meta property=\"article:published_time\" content=\"2022-08-31T19:01:50+00:00\" \/>\n<meta property=\"article:modified_time\" content=\"2022-08-31T19:01:51+00:00\" \/>\n<meta property=\"og:image\" content=\"http:\/\/expressometro.mx\/wp-content\/uploads\/2022\/08\/Jiquipilco-Bicentenario-310822-1.jpg\" \/>\n\t<meta property=\"og:image:width\" content=\"1280\" \/>\n\t<meta property=\"og:image:height\" content=\"853\" \/>\n\t<meta property=\"og:image:type\" content=\"image\/jpeg\" \/>\n<meta name=\"author\" content=\"Expresso Metropolitano\" \/>\n<meta name=\"twitter:label1\" content=\"Escrito por\" \/>\n\t<meta name=\"twitter:data1\" content=\"Expresso Metropolitano\" \/>\n\t<meta name=\"twitter:label2\" content=\"Tiempo de lectura\" \/>\n\t<meta name=\"twitter:data2\" content=\"2 minutos\" \/>\n<script type=\"application\/ld+json\" class=\"yoast-schema-graph\">{\"@context\":\"https:\\\/\\\/schema.org\",\"@graph\":[{\"@type\":\"Article\",\"@id\":\"https:\\\/\\\/expressometro.mx\\\/index.php\\\/2022\\\/08\\\/31\\\/su-bicentenario-esta-cerca-y-jiquipilco-lo-celebra-entregando-obras-en-beneficio-de-su-poblacion\\\/#article\",\"isPartOf\":{\"@id\":\"https:\\\/\\\/expressometro.mx\\\/index.php\\\/2022\\\/08\\\/31\\\/su-bicentenario-esta-cerca-y-jiquipilco-lo-celebra-entregando-obras-en-beneficio-de-su-poblacion\\\/\"},\"author\":{\"name\":\"Expresso Metropolitano\",\"@id\":\"https:\\\/\\\/expressometro.mx\\\/#\\\/schema\\\/person\\\/efa971b4a0664db8ed5c22b1b0dd2f5d\"},\"headline\":\"SU BICENTENARIO EST\u00c1 CERCA, Y JIQUIPILCO LO CELEBRA ENTREGANDO OBRAS EN BENEFICIO DE SU POBLACI\u00d3N\",\"datePublished\":\"2022-08-31T19:01:50+00:00\",\"dateModified\":\"2022-08-31T19:01:51+00:00\",\"mainEntityOfPage\":{\"@id\":\"https:\\\/\\\/expressometro.mx\\\/index.php\\\/2022\\\/08\\\/31\\\/su-bicentenario-esta-cerca-y-jiquipilco-lo-celebra-entregando-obras-en-beneficio-de-su-poblacion\\\/\"},\"wordCount\":304,\"commentCount\":0,\"publisher\":{\"@id\":\"https:\\\/\\\/expressometro.mx\\\/#organization\"},\"image\":{\"@id\":\"https:\\\/\\\/expressometro.mx\\\/index.php\\\/2022\\\/08\\\/31\\\/su-bicentenario-esta-cerca-y-jiquipilco-lo-celebra-entregando-obras-en-beneficio-de-su-poblacion\\\/#primaryimage\"},\"thumbnailUrl\":\"https:\\\/\\\/expressometro.mx\\\/wp-content\\\/uploads\\\/2022\\\/08\\\/Jiquipilco-Bicentenario-310822-1.jpg\",\"keywords\":[\"Felipe S\u00e1nchez\",\"Jiquipilco\",\"PRI\"],\"articleSection\":[\"Finanzas\",\"Gobierno\",\"Pol\u00edtica\"],\"inLanguage\":\"es\",\"potentialAction\":[{\"@type\":\"CommentAction\",\"name\":\"Comment\",\"target\":[\"https:\\\/\\\/expressometro.mx\\\/index.php\\\/2022\\\/08\\\/31\\\/su-bicentenario-esta-cerca-y-jiquipilco-lo-celebra-entregando-obras-en-beneficio-de-su-poblacion\\\/#respond\"]}]},{\"@type\":\"WebPage\",\"@id\":\"https:\\\/\\\/expressometro.mx\\\/index.php\\\/2022\\\/08\\\/31\\\/su-bicentenario-esta-cerca-y-jiquipilco-lo-celebra-entregando-obras-en-beneficio-de-su-poblacion\\\/\",\"url\":\"https:\\\/\\\/expressometro.mx\\\/index.php\\\/2022\\\/08\\\/31\\\/su-bicentenario-esta-cerca-y-jiquipilco-lo-celebra-entregando-obras-en-beneficio-de-su-poblacion\\\/\",\"name\":\"SU BICENTENARIO EST\u00c1 CERCA, Y JIQUIPILCO LO CELEBRA ENTREGANDO OBRAS EN BENEFICIO DE SU POBLACI\u00d3N - Expresso Metropolitano\",\"isPartOf\":{\"@id\":\"https:\\\/\\\/expressometro.mx\\\/#website\"},\"primaryImageOfPage\":{\"@id\":\"https:\\\/\\\/expressometro.mx\\\/index.php\\\/2022\\\/08\\\/31\\\/su-bicentenario-esta-cerca-y-jiquipilco-lo-celebra-entregando-obras-en-beneficio-de-su-poblacion\\\/#primaryimage\"},\"image\":{\"@id\":\"https:\\\/\\\/expressometro.mx\\\/index.php\\\/2022\\\/08\\\/31\\\/su-bicentenario-esta-cerca-y-jiquipilco-lo-celebra-entregando-obras-en-beneficio-de-su-poblacion\\\/#primaryimage\"},\"thumbnailUrl\":\"https:\\\/\\\/expressometro.mx\\\/wp-content\\\/uploads\\\/2022\\\/08\\\/Jiquipilco-Bicentenario-310822-1.jpg\",\"datePublished\":\"2022-08-31T19:01:50+00:00\",\"dateModified\":\"2022-08-31T19:01:51+00:00\",\"breadcrumb\":{\"@id\":\"https:\\\/\\\/expressometro.mx\\\/index.php\\\/2022\\\/08\\\/31\\\/su-bicentenario-esta-cerca-y-jiquipilco-lo-celebra-entregando-obras-en-beneficio-de-su-poblacion\\\/#breadcrumb\"},\"inLanguage\":\"es\",\"potentialAction\":[{\"@type\":\"ReadAction\",\"target\":[\"https:\\\/\\\/expressometro.mx\\\/index.php\\\/2022\\\/08\\\/31\\\/su-bicentenario-esta-cerca-y-jiquipilco-lo-celebra-entregando-obras-en-beneficio-de-su-poblacion\\\/\"]}]},{\"@type\":\"ImageObject\",\"inLanguage\":\"es\",\"@id\":\"https:\\\/\\\/expressometro.mx\\\/index.php\\\/2022\\\/08\\\/31\\\/su-bicentenario-esta-cerca-y-jiquipilco-lo-celebra-entregando-obras-en-beneficio-de-su-poblacion\\\/#primaryimage\",\"url\":\"https:\\\/\\\/expressometro.mx\\\/wp-content\\\/uploads\\\/2022\\\/08\\\/Jiquipilco-Bicentenario-310822-1.jpg\",\"contentUrl\":\"https:\\\/\\\/expressometro.mx\\\/wp-content\\\/uploads\\\/2022\\\/08\\\/Jiquipilco-Bicentenario-310822-1.jpg\",\"width\":1280,\"height\":853},{\"@type\":\"BreadcrumbList\",\"@id\":\"https:\\\/\\\/expressometro.mx\\\/index.php\\\/2022\\\/08\\\/31\\\/su-bicentenario-esta-cerca-y-jiquipilco-lo-celebra-entregando-obras-en-beneficio-de-su-poblacion\\\/#breadcrumb\",\"itemListElement\":[{\"@type\":\"ListItem\",\"position\":1,\"name\":\"Inicio\",\"item\":\"https:\\\/\\\/expressometro.mx\\\/\"},{\"@type\":\"ListItem\",\"position\":2,\"name\":\"SU BICENTENARIO EST\u00c1 CERCA, Y JIQUIPILCO LO CELEBRA ENTREGANDO OBRAS EN BENEFICIO DE SU POBLACI\u00d3N\"}]},{\"@type\":\"WebSite\",\"@id\":\"https:\\\/\\\/expressometro.mx\\\/#website\",\"url\":\"https:\\\/\\\/expressometro.mx\\\/\",\"name\":\"Expresso Metropolitano\",\"description\":\"Periodismo comprometido, informaci\u00f3n, investigaci\u00f3n y an\u00e1lisis\",\"publisher\":{\"@id\":\"https:\\\/\\\/expressometro.mx\\\/#organization\"},\"potentialAction\":[{\"@type\":\"SearchAction\",\"target\":{\"@type\":\"EntryPoint\",\"urlTemplate\":\"https:\\\/\\\/expressometro.mx\\\/?s={search_term_string}\"},\"query-input\":{\"@type\":\"PropertyValueSpecification\",\"valueRequired\":true,\"valueName\":\"search_term_string\"}}],\"inLanguage\":\"es\"},{\"@type\":\"Organization\",\"@id\":\"https:\\\/\\\/expressometro.mx\\\/#organization\",\"name\":\"Expresso Metropolitano\",\"url\":\"https:\\\/\\\/expressometro.mx\\\/\",\"logo\":{\"@type\":\"ImageObject\",\"inLanguage\":\"es\",\"@id\":\"https:\\\/\\\/expressometro.mx\\\/#\\\/schema\\\/logo\\\/image\\\/\",\"url\":\"https:\\\/\\\/expressometro.mx\\\/wp-content\\\/uploads\\\/2019\\\/07\\\/cropped-Logo-Expresso-Metropolitano-1-1.jpeg\",\"contentUrl\":\"https:\\\/\\\/expressometro.mx\\\/wp-content\\\/uploads\\\/2019\\\/07\\\/cropped-Logo-Expresso-Metropolitano-1-1.jpeg\",\"width\":290,\"height\":73,\"caption\":\"Expresso Metropolitano\"},\"image\":{\"@id\":\"https:\\\/\\\/expressometro.mx\\\/#\\\/schema\\\/logo\\\/image\\\/\"}},{\"@type\":\"Person\",\"@id\":\"https:\\\/\\\/expressometro.mx\\\/#\\\/schema\\\/person\\\/efa971b4a0664db8ed5c22b1b0dd2f5d\",\"name\":\"Expresso Metropolitano\",\"image\":{\"@type\":\"ImageObject\",\"inLanguage\":\"es\",\"@id\":\"https:\\\/\\\/secure.gravatar.com\\\/avatar\\\/a89f802b8de18c6952f223c88d3d106e9e3679839f4e25a02f4a6cc2ae6ba3b3?s=96&d=mm&r=g\",\"url\":\"https:\\\/\\\/secure.gravatar.com\\\/avatar\\\/a89f802b8de18c6952f223c88d3d106e9e3679839f4e25a02f4a6cc2ae6ba3b3?s=96&d=mm&r=g\",\"contentUrl\":\"https:\\\/\\\/secure.gravatar.com\\\/avatar\\\/a89f802b8de18c6952f223c88d3d106e9e3679839f4e25a02f4a6cc2ae6ba3b3?s=96&d=mm&r=g\",\"caption\":\"Expresso Metropolitano\"},\"url\":\"https:\\\/\\\/expressometro.mx\\\/index.php\\\/author\\\/diego\\\/\"}]}<\/script>\n<!-- \/ Yoast SEO plugin. -->","yoast_head_json":{"title":"SU BICENTENARIO EST\u00c1 CERCA, Y JIQUIPILCO LO CELEBRA ENTREGANDO OBRAS EN BENEFICIO DE SU POBLACI\u00d3N - Expresso Metropolitano","robots":{"index":"index","follow":"follow","max-snippet":"max-snippet:-1","max-image-preview":"max-image-preview:large","max-video-preview":"max-video-preview:-1"},"canonical":"https:\/\/expressometro.mx\/index.php\/2022\/08\/31\/su-bicentenario-esta-cerca-y-jiquipilco-lo-celebra-entregando-obras-en-beneficio-de-su-poblacion\/","og_locale":"es_MX","og_type":"article","og_title":"SU BICENTENARIO EST\u00c1 CERCA, Y JIQUIPILCO LO CELEBRA ENTREGANDO OBRAS EN BENEFICIO DE SU POBLACI\u00d3N - Expresso Metropolitano","og_description":"Jiquipilco celebrar\u00e1 en grande su Bicentenario, este 27 de septiembre, por lo que se han venido entregando obras con esta denominaci\u00f3n. Actualmente est\u00e1n en proceso de construcci\u00f3n, 36 obras p\u00fablicas que cerrar\u00e1n con broche de oro este a\u00f1o conmemorativo.","og_url":"https:\/\/expressometro.mx\/index.php\/2022\/08\/31\/su-bicentenario-esta-cerca-y-jiquipilco-lo-celebra-entregando-obras-en-beneficio-de-su-poblacion\/","og_site_name":"Expresso Metropolitano","article_published_time":"2022-08-31T19:01:50+00:00","article_modified_time":"2022-08-31T19:01:51+00:00","og_image":[{"width":1280,"height":853,"url":"http:\/\/expressometro.mx\/wp-content\/uploads\/2022\/08\/Jiquipilco-Bicentenario-310822-1.jpg","type":"image\/jpeg"}],"author":"Expresso Metropolitano","twitter_misc":{"Escrito por":"Expresso Metropolitano","Tiempo de lectura":"2 minutos"},"schema":{"@context":"https:\/\/schema.org","@graph":[{"@type":"Article","@id":"https:\/\/expressometro.mx\/index.php\/2022\/08\/31\/su-bicentenario-esta-cerca-y-jiquipilco-lo-celebra-entregando-obras-en-beneficio-de-su-poblacion\/#article","isPartOf":{"@id":"https:\/\/expressometro.mx\/index.php\/2022\/08\/31\/su-bicentenario-esta-cerca-y-jiquipilco-lo-celebra-entregando-obras-en-beneficio-de-su-poblacion\/"},"author":{"name":"Expresso Metropolitano","@id":"https:\/\/expressometro.mx\/#\/schema\/person\/efa971b4a0664db8ed5c22b1b0dd2f5d"},"headline":"SU BICENTENARIO EST\u00c1 CERCA, Y JIQUIPILCO LO CELEBRA ENTREGANDO OBRAS EN BENEFICIO DE SU POBLACI\u00d3N","datePublished":"2022-08-31T19:01:50+00:00","dateModified":"2022-08-31T19:01:51+00:00","mainEntityOfPage":{"@id":"https:\/\/expressometro.mx\/index.php\/2022\/08\/31\/su-bicentenario-esta-cerca-y-jiquipilco-lo-celebra-entregando-obras-en-beneficio-de-su-poblacion\/"},"wordCount":304,"commentCount":0,"publisher":{"@id":"https:\/\/expressometro.mx\/#organization"},"image":{"@id":"https:\/\/expressometro.mx\/index.php\/2022\/08\/31\/su-bicentenario-esta-cerca-y-jiquipilco-lo-celebra-entregando-obras-en-beneficio-de-su-poblacion\/#primaryimage"},"thumbnailUrl":"https:\/\/expressometro.mx\/wp-content\/uploads\/2022\/08\/Jiquipilco-Bicentenario-310822-1.jpg","keywords":["Felipe S\u00e1nchez","Jiquipilco","PRI"],"articleSection":["Finanzas","Gobierno","Pol\u00edtica"],"inLanguage":"es","potentialAction":[{"@type":"CommentAction","name":"Comment","target":["https:\/\/expressometro.mx\/index.php\/2022\/08\/31\/su-bicentenario-esta-cerca-y-jiquipilco-lo-celebra-entregando-obras-en-beneficio-de-su-poblacion\/#respond"]}]},{"@type":"WebPage","@id":"https:\/\/expressometro.mx\/index.php\/2022\/08\/31\/su-bicentenario-esta-cerca-y-jiquipilco-lo-celebra-entregando-obras-en-beneficio-de-su-poblacion\/","url":"https:\/\/expressometro.mx\/index.php\/2022\/08\/31\/su-bicentenario-esta-cerca-y-jiquipilco-lo-celebra-entregando-obras-en-beneficio-de-su-poblacion\/","name":"SU BICENTENARIO EST\u00c1 CERCA, Y JIQUIPILCO LO CELEBRA ENTREGANDO OBRAS EN BENEFICIO DE SU POBLACI\u00d3N - Expresso Metropolitano","isPartOf":{"@id":"https:\/\/expressometro.mx\/#website"},"primaryImageOfPage":{"@id":"https:\/\/expressometro.mx\/index.php\/2022\/08\/31\/su-bicentenario-esta-cerca-y-jiquipilco-lo-celebra-entregando-obras-en-beneficio-de-su-poblacion\/#primaryimage"},"image":{"@id":"https:\/\/expressometro.mx\/index.php\/2022\/08\/31\/su-bicentenario-esta-cerca-y-jiquipilco-lo-celebra-entregando-obras-en-beneficio-de-su-poblacion\/#primaryimage"},"thumbnailUrl":"https:\/\/expressometro.mx\/wp-content\/uploads\/2022\/08\/Jiquipilco-Bicentenario-310822-1.jpg","datePublished":"2022-08-31T19:01:50+00:00","dateModified":"2022-08-31T19:01:51+00:00","breadcrumb":{"@id":"https:\/\/expressometro.mx\/index.php\/2022\/08\/31\/su-bicentenario-esta-cerca-y-jiquipilco-lo-celebra-entregando-obras-en-beneficio-de-su-poblacion\/#breadcrumb"},"inLanguage":"es","potentialAction":[{"@type":"ReadAction","target":["https:\/\/expressometro.mx\/index.php\/2022\/08\/31\/su-bicentenario-esta-cerca-y-jiquipilco-lo-celebra-entregando-obras-en-beneficio-de-su-poblacion\/"]}]},{"@type":"ImageObject","inLanguage":"es","@id":"https:\/\/expressometro.mx\/index.php\/2022\/08\/31\/su-bicentenario-esta-cerca-y-jiquipilco-lo-celebra-entregando-obras-en-beneficio-de-su-poblacion\/#primaryimage","url":"https:\/\/expressometro.mx\/wp-content\/uploads\/2022\/08\/Jiquipilco-Bicentenario-310822-1.jpg","contentUrl":"https:\/\/expressometro.mx\/wp-content\/uploads\/2022\/08\/Jiquipilco-Bicentenario-310822-1.jpg","width":1280,"height":853},{"@type":"BreadcrumbList","@id":"https:\/\/expressometro.mx\/index.php\/2022\/08\/31\/su-bicentenario-esta-cerca-y-jiquipilco-lo-celebra-entregando-obras-en-beneficio-de-su-poblacion\/#breadcrumb","itemListElement":[{"@type":"ListItem","position":1,"name":"Inicio","item":"https:\/\/expressometro.mx\/"},{"@type":"ListItem","position":2,"name":"SU BICENTENARIO EST\u00c1 CERCA, Y JIQUIPILCO LO CELEBRA ENTREGANDO OBRAS EN BENEFICIO DE SU POBLACI\u00d3N"}]},{"@type":"WebSite","@id":"https:\/\/expressometro.mx\/#website","url":"https:\/\/expressometro.mx\/","name":"Expresso Metropolitano","description":"Periodismo comprometido, informaci\u00f3n, investigaci\u00f3n y an\u00e1lisis","publisher":{"@id":"https:\/\/expressometro.mx\/#organization"},"potentialAction":[{"@type":"SearchAction","target":{"@type":"EntryPoint","urlTemplate":"https:\/\/expressometro.mx\/?s={search_term_string}"},"query-input":{"@type":"PropertyValueSpecification","valueRequired":true,"valueName":"search_term_string"}}],"inLanguage":"es"},{"@type":"Organization","@id":"https:\/\/expressometro.mx\/#organization","name":"Expresso Metropolitano","url":"https:\/\/expressometro.mx\/","logo":{"@type":"ImageObject","inLanguage":"es","@id":"https:\/\/expressometro.mx\/#\/schema\/logo\/image\/","url":"https:\/\/expressometro.mx\/wp-content\/uploads\/2019\/07\/cropped-Logo-Expresso-Metropolitano-1-1.jpeg","contentUrl":"https:\/\/expressometro.mx\/wp-content\/uploads\/2019\/07\/cropped-Logo-Expresso-Metropolitano-1-1.jpeg","width":290,"height":73,"caption":"Expresso Metropolitano"},"image":{"@id":"https:\/\/expressometro.mx\/#\/schema\/logo\/image\/"}},{"@type":"Person","@id":"https:\/\/expressometro.mx\/#\/schema\/person\/efa971b4a0664db8ed5c22b1b0dd2f5d","name":"Expresso Metropolitano","image":{"@type":"ImageObject","inLanguage":"es","@id":"https:\/\/secure.gravatar.com\/avatar\/a89f802b8de18c6952f223c88d3d106e9e3679839f4e25a02f4a6cc2ae6ba3b3?s=96&d=mm&r=g","url":"https:\/\/secure.gravatar.com\/avatar\/a89f802b8de18c6952f223c88d3d106e9e3679839f4e25a02f4a6cc2ae6ba3b3?s=96&d=mm&r=g","contentUrl":"https:\/\/secure.gravatar.com\/avatar\/a89f802b8de18c6952f223c88d3d106e9e3679839f4e25a02f4a6cc2ae6ba3b3?s=96&d=mm&r=g","caption":"Expresso Metropolitano"},"url":"https:\/\/expressometro.mx\/index.php\/author\/diego\/"}]}},"amp_enabled":true,"_links":{"self":[{"href":"https:\/\/expressometro.mx\/index.php\/wp-json\/wp\/v2\/posts\/6398","targetHints":{"allow":["GET"]}}],"collection":[{"href":"https:\/\/expressometro.mx\/index.php\/wp-json\/wp\/v2\/posts"}],"about":[{"href":"https:\/\/expressometro.mx\/index.php\/wp-json\/wp\/v2\/types\/post"}],"author":[{"embeddable":true,"href":"https:\/\/expressometro.mx\/index.php\/wp-json\/wp\/v2\/users\/1"}],"replies":[{"embeddable":true,"href":"https:\/\/expressometro.mx\/index.php\/wp-json\/wp\/v2\/comments?post=6398"}],"version-history":[{"count":1,"href":"https:\/\/expressometro.mx\/index.php\/wp-json\/wp\/v2\/posts\/6398\/revisions"}],"predecessor-version":[{"id":6401,"href":"https:\/\/expressometro.mx\/index.php\/wp-json\/wp\/v2\/posts\/6398\/revisions\/6401"}],"wp:featuredmedia":[{"embeddable":true,"href":"https:\/\/expressometro.mx\/index.php\/wp-json\/wp\/v2\/media\/6400"}],"wp:attachment":[{"href":"https:\/\/expressometro.mx\/index.php\/wp-json\/wp\/v2\/media?parent=6398"}],"wp:term":[{"taxonomy":"category","embeddable":true,"href":"https:\/\/expressometro.mx\/index.php\/wp-json\/wp\/v2\/categories?post=6398"},{"taxonomy":"post_tag","embeddable":true,"href":"https:\/\/expressometro.mx\/index.php\/wp-json\/wp\/v2\/tags?post=6398"}],"curies":[{"name":"wp","href":"https:\/\/api.w.org\/{rel}","templated":true}]}}