{"id":6388,"date":"2022-08-31T10:27:30","date_gmt":"2022-08-31T15:27:30","guid":{"rendered":"https:\/\/expressometro.mx\/?p=6388"},"modified":"2022-08-31T10:27:31","modified_gmt":"2022-08-31T15:27:31","slug":"presentan-alfredo-del-mazo-y-claudia-sheinbaum-el-plan-integral-de-abastecimiento-de-agua-potable-al-valle-de-mexico","status":"publish","type":"post","link":"https:\/\/expressometro.mx\/index.php\/2022\/08\/31\/presentan-alfredo-del-mazo-y-claudia-sheinbaum-el-plan-integral-de-abastecimiento-de-agua-potable-al-valle-de-mexico\/","title":{"rendered":"PRESENTAN ALFREDO DEL MAZO Y CLAUDIA SHEINBAUM EL PLAN INTEGRAL DE ABASTECIMIENTO DE AGUA POTABLE AL VALLE DE M\u00c9XICO"},"content":{"rendered":"\n<p><\/p>\n\n\n\n<p>\u2022 Informa Gobernador del Edom\u00e9x que a trav\u00e9s de este proyecto conjunto, se pretende incrementar el caudal disponible en la Zona Metropolitana del Valle de M\u00e9xico, al pasar de 63 a 74 metros c\u00fabicos de agua por segundo.<\/p>\n\n\n\n<p>\u2022 Subraya Alfredo Del Mazo que en Edom\u00e9x se fortalece la infraestructura h\u00eddrica, con acciones como la construcci\u00f3n de la Planta Potabilizadora de Los Berros, el saneamiento de la Presa Colorines, y la de Villa Victoria, que forman parte del Sistema Cutzamala, entre otras acciones.<\/p>\n\n\n\n<p>\u2022 Informa que para impulsar este trascendente proyecto se destinar\u00e1n 19 mil millones de pesos del Fideicomiso 1928, y que el proyecto concluir\u00eda en el a\u00f1o 2030.<\/p>\n\n\n\n<p>\u2022 Explica la Jefa de Gobierno Claudia Sheinbaum Pardo que este proyecto integral tiene 40 por ciento de avance, y que plantea la preservaci\u00f3n de cuencas y garantiza el abasto de agua en las poblaciones aleda\u00f1as a los sistemas de distribuci\u00f3n.<\/p>\n\n\n\n<p>El Gobernador Alfredo Del Mazo Maza y la Jefa de Gobierno de la capital del pa\u00eds, Claudia Sheinbaum Pardo, presentaron el Plan Integral de Abastecimiento de Agua Potable al Valle de M\u00e9xico que, mediante diversas acciones, como el mejoramiento de los sistemas de abasto como el Cutzamala, tiene el objetivo de incrementar el caudal de agua disponible en esta zona, al pasar de 63 hasta 74 metros c\u00fabicos de agua por segundo.<\/p>\n\n\n\n<p>&#8220;Con una inversi\u00f3n superior a los 19 mil millones de pesos para poder traer m\u00e1s agua a esta zona, que hoy en d\u00eda cuenta con un caudal de cerca de 64 metros c\u00fabicos por segundo y con todas estas obras que se anunciaron hace un momento, poder llegar a 73, 74 metros c\u00fabicos por segundo&#8221;, especific\u00f3 el Gobernador.<\/p>\n\n\n\n<p>&nbsp;El mandatario estatal se\u00f1al\u00f3 que la regi\u00f3n del Valle de M\u00e9xico dispone de una de las dotaciones de agua por habitante m\u00e1s bajas del pa\u00eds, por ello, consider\u00f3 necesario fortalecer la infraestructura de distribuci\u00f3n, y explic\u00f3 que para superar los retos en esta regi\u00f3n, su administraci\u00f3n, junto a la Conagua y el Gobierno de la Ciudad de M\u00e9xico emprenden acciones como un Convenio para tecnificar la zona de riego del canal \u201cEl Bosque-Colorines\u201d, que tambi\u00e9n sign\u00f3 el Gobierno de Michoac\u00e1n, buscando administrar el abasto y disminuir el sub aprovechamiento en labores agr\u00edcolas.<\/p>\n\n\n\n<p>En la presentaci\u00f3n de este proyecto, al que acudieron alcaldes de la Ciudad de M\u00e9xico, Presidentes municipales mexiquenses, diputados, senadores, empresarios y acad\u00e9micos, Del Mazo Maza mencion\u00f3 que para fortalecer el almacenamiento en las presas mexiquenses, que se encuentran en un nivel de almacenamiento inferior a 48 por ciento, fue construida la Planta Potabilizadora de Los Berros, mientras que tambi\u00e9n se avanza en las labores de saneamiento de la Presa Colorines, y la de Villa Victoria, que se encuentra en un 37 por ciento de su capacidad.<\/p>\n\n\n\n<p>Asimismo, especific\u00f3 que, con la intenci\u00f3n de incrementar la disponibilidad de agua en el norte del Valle de M\u00e9xico, se fortalecen los cuerpos de agua de Zumpango, hoy convertido en una reserva acu\u00edfera estrat\u00e9gica para el Aeropuerto Internacional Felipe \u00c1ngeles.<\/p>\n\n\n\n<p>&nbsp;Adem\u00e1s de las obras incluidas en este proyecto, el mandatario mexiquense inform\u00f3 que en su administraci\u00f3n se han invertido m\u00e1s de 2 mil 200 millones de pesos en infraestructura h\u00eddrica, para aportar un caudal adicional de 2.9 metros c\u00fabicos por segundo al Valle de M\u00e9xico, entre otras acciones, como la renovaci\u00f3n de m\u00e1s de 200 kil\u00f3metros de la red de agua potable de Nezahualc\u00f3yotl.<\/p>\n\n\n\n<p>&#8220;Adicionalmente a estas obras que se mencionaron, en estos cinco a\u00f1os hemos invertido m\u00e1s de 2 mil 200 millones de pesos en infraestructura, para aportar al Valle de M\u00e9xico un caudal adicional de 2.9 metros c\u00fabicos por segundo. &nbsp;<\/p>\n\n\n\n<p>Alfredo Del Mazo tambi\u00e9n hizo \u00e9nfasis en la importancia del cuidado del agua, ya que de acuerdo con el Monitor de Sequ\u00eda hay estr\u00e9s h\u00eddrico en el 70 por ciento del pa\u00eds, la mitad del territorio nacional presenta alg\u00fan grado de sequ\u00eda y durante julio, el n\u00famero de municipios afectados pas\u00f3 de 571 a 764.<\/p>\n\n\n\n<figure class=\"wp-block-image size-large\"><img decoding=\"async\" width=\"714\" height=\"480\" src=\"https:\/\/expressometro.mx\/wp-content\/uploads\/2022\/08\/Edomex-Del-Mazo-y-Sheinbaum-290822-3-714x480.jpg\" alt=\"\" class=\"wp-image-6391\" srcset=\"https:\/\/expressometro.mx\/wp-content\/uploads\/2022\/08\/Edomex-Del-Mazo-y-Sheinbaum-290822-3-714x480.jpg 714w, https:\/\/expressometro.mx\/wp-content\/uploads\/2022\/08\/Edomex-Del-Mazo-y-Sheinbaum-290822-3-543x365.jpg 543w, https:\/\/expressometro.mx\/wp-content\/uploads\/2022\/08\/Edomex-Del-Mazo-y-Sheinbaum-290822-3-768x516.jpg 768w, https:\/\/expressometro.mx\/wp-content\/uploads\/2022\/08\/Edomex-Del-Mazo-y-Sheinbaum-290822-3.jpg 1280w\" sizes=\"(max-width: 714px) 100vw, 714px\" \/><\/figure>\n\n\n\n<p>Del mismo modo, apunt\u00f3 que, en el Sistema Lerma, una de las mayores fuentes de abastecimiento del poniente del Valle de M\u00e9xico, se est\u00e1n reponiendo y rehabilitando m\u00e1s de 100 pozos y l\u00edneas el\u00e9ctricas, se instalaron 34 sistemas de rebombeo para comunidades marginadas, y se construy\u00f3 una planta de bombeo en Ixtlahuaca, y que en conjunto estas acciones permitir\u00e1n alcanzar un caudal de 2 mil 200 litros por segundo.<\/p>\n\n\n\n<p>El Gobernador tambi\u00e9n coment\u00f3 que en la Presa Mad\u00edn, la Comisi\u00f3n del Agua del Estado de M\u00e9xico (CAEM) y la Conagua avanzan en la rehabilitaci\u00f3n de infraestructura e interconexiones, adem\u00e1s de que la construcci\u00f3n de la L\u00ednea Metropolitana del Valle de M\u00e9xico, llevar\u00e1 agua desde Cuautitl\u00e1n Izcalli hasta Tultepec, Valle de Chalco e Iztapalapa.<\/p>\n\n\n\n<p>Adicional a estas obras, el Gobierno de la Ciudad de M\u00e9xico, del Estado de M\u00e9xico y la Conagua, iniciar\u00e1n el rescate integral de las Lagunas de Tl\u00e1huac y Xico, as\u00ed como el aprovechamiento de las aguas pluviales de la Laguna de Zumpango.<\/p>\n\n\n\n<p>En el discurso que dirigi\u00f3 en el Museo Interactivo de Econom\u00eda (MIDE), donde tuvo lugar este evento, Del Mazo Maza reconoci\u00f3 a la Jefa de Gobierno de la Ciudad de M\u00e9xico por la voluntad de construir acuerdos, y por el compromiso con un futuro sustentable para esta regi\u00f3n con una alta densidad demogr\u00e1fica.<\/p>\n\n\n\n<p>&#8220;Hemos trabajado en temas de desarrollo urbano, de medio ambiente, de salud, de seguridad; temas econ\u00f3micos, temas de manejo de residuos s\u00f3lidos, que son temas que tenemos que ver de manera conjunta, porque nuestras entidades est\u00e1n literalmente divididas solamente, en muchos de los lados, por una calle, de un lado incluso, la Ciudad del otro el Estado de M\u00e9xico, y esto nos lleva a trabajar de la mano por las familias de esta regi\u00f3n de nuestro pa\u00eds&#8221;, sostuvo.<\/p>\n\n\n\n<p>La Jefa de Gobierno, Claudia Sheinbaum, agreg\u00f3 que las obras de este plan registran un avance actual de 40 por ciento, y las cuales tienen el objetivo de optimizar el funcionamiento de los sistemas actuales de distribuci\u00f3n de agua, para lo cual se sustituir\u00e1n tuber\u00edas, reparar\u00e1n fugas y se preservar\u00e1n ecosistemas en las fuentes que los abastecen, al tiempo de garantizar el abasto en las poblaciones aleda\u00f1as.<\/p>\n\n\n\n<p>Adem\u00e1s, destac\u00f3 que este proyecto es producto de la hist\u00f3rica colaboraci\u00f3n con la Conagua y con el Gobierno del Edom\u00e9x, y dijo que juntos han hecho un solo equipo para atender las necesidades h\u00eddricas de los m\u00e1s de 22 millones de habitantes que tiene el Valle de M\u00e9xico.<\/p>\n\n\n\n<p>&#8220;Quiero aqu\u00ed agradecer al Gobernador del Estado de M\u00e9xico porque creo que hist\u00f3ricamente no hab\u00eda habido una coordinaci\u00f3n que tenemos hoy con el Estado de M\u00e9xico, la verdad muchas gracias Gobernador por esta coordinaci\u00f3n, realmente es un solo equipo en el que trabaja la Comisi\u00f3n Nacional del Agua, el Gobierno del Estado de M\u00e9xico, el Sistema de Aguas de la Ciudad de M\u00e9xico, las Secretarias del Medio Ambiente&#8221;, indic\u00f3 la Jefa de Gobierno capitalina.<\/p>\n\n\n\n<p>La presentaci\u00f3n de este plan tambi\u00e9n cont\u00f3 con la presencia de Marina Robles Garc\u00eda, Secretaria del Medio Ambiente de la CDMX, Rafael Carmona Paredes, Coordinador General del Sistema de Aguas de la CDMX, Carlos Barrera D\u00edaz, Rector de la UAEM y los Secretarios de Medio Ambiente y de Desarrollo Urbano y Obra estatales, Jorge Rescala P\u00e9rez y Rafael D\u00edaz Leal Barrueta, respectivamente, adem\u00e1s del Vocal Ejecutivo de la CAEM, Jorge Joaqu\u00edn Gonz\u00e1lez Bezares, y rectores de diferentes universidades.<\/p>\n","protected":false},"excerpt":{"rendered":"<p>El Gobernador Alfredo Del Mazo Maza y la Jefa de Gobierno de la capital del pa\u00eds, Claudia Sheinbaum Pardo, presentaron el Plan Integral de Abastecimiento de Agua Potable al Valle de M\u00e9xico que, mediante diversas acciones, como el mejoramiento de los sistemas de abasto como el Cutzamala, tiene el objetivo de incrementar el caudal de agua disponible en esta zona.<\/p>\n","protected":false},"author":1,"featured_media":6390,"comment_status":"open","ping_status":"open","sticky":false,"template":"","format":"standard","meta":{"footnotes":""},"categories":[4,3,231],"tags":[87,2018,794,1982,158],"class_list":["post-6388","post","type-post","status-publish","format-standard","has-post-thumbnail","hentry","category-finanzas","category-gobierno","category-politica","tag-alfredo-del-mazo","tag-cdmx","tag-claudia-sheinbaum","tag-edomex","tag-pri"],"yoast_head":"<!-- This site is optimized with the Yoast SEO plugin v27.5 - https:\/\/yoast.com\/product\/yoast-seo-wordpress\/ -->\n<title>PRESENTAN ALFREDO DEL MAZO Y CLAUDIA SHEINBAUM EL PLAN INTEGRAL DE ABASTECIMIENTO DE AGUA POTABLE AL VALLE DE M\u00c9XICO - Expresso Metropolitano<\/title>\n<meta name=\"robots\" content=\"index, follow, max-snippet:-1, max-image-preview:large, max-video-preview:-1\" \/>\n<link rel=\"canonical\" href=\"https:\/\/expressometro.mx\/index.php\/2022\/08\/31\/presentan-alfredo-del-mazo-y-claudia-sheinbaum-el-plan-integral-de-abastecimiento-de-agua-potable-al-valle-de-mexico\/\" \/>\n<meta property=\"og:locale\" content=\"es_MX\" \/>\n<meta property=\"og:type\" content=\"article\" \/>\n<meta property=\"og:title\" content=\"PRESENTAN ALFREDO DEL MAZO Y CLAUDIA SHEINBAUM EL PLAN INTEGRAL DE ABASTECIMIENTO DE AGUA POTABLE AL VALLE DE M\u00c9XICO - Expresso Metropolitano\" \/>\n<meta property=\"og:description\" content=\"El Gobernador Alfredo Del Mazo Maza y la Jefa de Gobierno de la capital del pa\u00eds, Claudia Sheinbaum Pardo, presentaron el Plan Integral de Abastecimiento de Agua Potable al Valle de M\u00e9xico que, mediante diversas acciones, como el mejoramiento de los sistemas de abasto como el Cutzamala, tiene el objetivo de incrementar el caudal de agua disponible en esta zona.\" \/>\n<meta property=\"og:url\" content=\"https:\/\/expressometro.mx\/index.php\/2022\/08\/31\/presentan-alfredo-del-mazo-y-claudia-sheinbaum-el-plan-integral-de-abastecimiento-de-agua-potable-al-valle-de-mexico\/\" \/>\n<meta property=\"og:site_name\" content=\"Expresso Metropolitano\" \/>\n<meta property=\"article:published_time\" content=\"2022-08-31T15:27:30+00:00\" \/>\n<meta property=\"article:modified_time\" content=\"2022-08-31T15:27:31+00:00\" \/>\n<meta property=\"og:image\" content=\"http:\/\/expressometro.mx\/wp-content\/uploads\/2022\/08\/Edomex-Del-Mazo-y-Sheinbaum-290822-2.jpg\" \/>\n\t<meta property=\"og:image:width\" content=\"1280\" \/>\n\t<meta property=\"og:image:height\" content=\"944\" \/>\n\t<meta property=\"og:image:type\" content=\"image\/jpeg\" \/>\n<meta name=\"author\" content=\"Expresso Metropolitano\" \/>\n<meta name=\"twitter:label1\" content=\"Escrito por\" \/>\n\t<meta name=\"twitter:data1\" content=\"Expresso Metropolitano\" \/>\n\t<meta name=\"twitter:label2\" content=\"Tiempo de lectura\" \/>\n\t<meta name=\"twitter:data2\" content=\"6 minutos\" \/>\n<script type=\"application\/ld+json\" class=\"yoast-schema-graph\">{\"@context\":\"https:\\\/\\\/schema.org\",\"@graph\":[{\"@type\":\"Article\",\"@id\":\"https:\\\/\\\/expressometro.mx\\\/index.php\\\/2022\\\/08\\\/31\\\/presentan-alfredo-del-mazo-y-claudia-sheinbaum-el-plan-integral-de-abastecimiento-de-agua-potable-al-valle-de-mexico\\\/#article\",\"isPartOf\":{\"@id\":\"https:\\\/\\\/expressometro.mx\\\/index.php\\\/2022\\\/08\\\/31\\\/presentan-alfredo-del-mazo-y-claudia-sheinbaum-el-plan-integral-de-abastecimiento-de-agua-potable-al-valle-de-mexico\\\/\"},\"author\":{\"name\":\"Expresso Metropolitano\",\"@id\":\"https:\\\/\\\/expressometro.mx\\\/#\\\/schema\\\/person\\\/efa971b4a0664db8ed5c22b1b0dd2f5d\"},\"headline\":\"PRESENTAN ALFREDO DEL MAZO Y CLAUDIA SHEINBAUM EL PLAN INTEGRAL DE ABASTECIMIENTO DE AGUA POTABLE AL VALLE DE M\u00c9XICO\",\"datePublished\":\"2022-08-31T15:27:30+00:00\",\"dateModified\":\"2022-08-31T15:27:31+00:00\",\"mainEntityOfPage\":{\"@id\":\"https:\\\/\\\/expressometro.mx\\\/index.php\\\/2022\\\/08\\\/31\\\/presentan-alfredo-del-mazo-y-claudia-sheinbaum-el-plan-integral-de-abastecimiento-de-agua-potable-al-valle-de-mexico\\\/\"},\"wordCount\":1333,\"commentCount\":0,\"publisher\":{\"@id\":\"https:\\\/\\\/expressometro.mx\\\/#organization\"},\"image\":{\"@id\":\"https:\\\/\\\/expressometro.mx\\\/index.php\\\/2022\\\/08\\\/31\\\/presentan-alfredo-del-mazo-y-claudia-sheinbaum-el-plan-integral-de-abastecimiento-de-agua-potable-al-valle-de-mexico\\\/#primaryimage\"},\"thumbnailUrl\":\"https:\\\/\\\/expressometro.mx\\\/wp-content\\\/uploads\\\/2022\\\/08\\\/Edomex-Del-Mazo-y-Sheinbaum-290822-2.jpg\",\"keywords\":[\"Alfredo del Mazo\",\"CDMX\",\"Claudia Sheinbaum\",\"Edomex\",\"PRI\"],\"articleSection\":[\"Finanzas\",\"Gobierno\",\"Pol\u00edtica\"],\"inLanguage\":\"es\",\"potentialAction\":[{\"@type\":\"CommentAction\",\"name\":\"Comment\",\"target\":[\"https:\\\/\\\/expressometro.mx\\\/index.php\\\/2022\\\/08\\\/31\\\/presentan-alfredo-del-mazo-y-claudia-sheinbaum-el-plan-integral-de-abastecimiento-de-agua-potable-al-valle-de-mexico\\\/#respond\"]}]},{\"@type\":\"WebPage\",\"@id\":\"https:\\\/\\\/expressometro.mx\\\/index.php\\\/2022\\\/08\\\/31\\\/presentan-alfredo-del-mazo-y-claudia-sheinbaum-el-plan-integral-de-abastecimiento-de-agua-potable-al-valle-de-mexico\\\/\",\"url\":\"https:\\\/\\\/expressometro.mx\\\/index.php\\\/2022\\\/08\\\/31\\\/presentan-alfredo-del-mazo-y-claudia-sheinbaum-el-plan-integral-de-abastecimiento-de-agua-potable-al-valle-de-mexico\\\/\",\"name\":\"PRESENTAN ALFREDO DEL MAZO Y CLAUDIA SHEINBAUM EL PLAN INTEGRAL DE ABASTECIMIENTO DE AGUA POTABLE AL VALLE DE M\u00c9XICO - Expresso Metropolitano\",\"isPartOf\":{\"@id\":\"https:\\\/\\\/expressometro.mx\\\/#website\"},\"primaryImageOfPage\":{\"@id\":\"https:\\\/\\\/expressometro.mx\\\/index.php\\\/2022\\\/08\\\/31\\\/presentan-alfredo-del-mazo-y-claudia-sheinbaum-el-plan-integral-de-abastecimiento-de-agua-potable-al-valle-de-mexico\\\/#primaryimage\"},\"image\":{\"@id\":\"https:\\\/\\\/expressometro.mx\\\/index.php\\\/2022\\\/08\\\/31\\\/presentan-alfredo-del-mazo-y-claudia-sheinbaum-el-plan-integral-de-abastecimiento-de-agua-potable-al-valle-de-mexico\\\/#primaryimage\"},\"thumbnailUrl\":\"https:\\\/\\\/expressometro.mx\\\/wp-content\\\/uploads\\\/2022\\\/08\\\/Edomex-Del-Mazo-y-Sheinbaum-290822-2.jpg\",\"datePublished\":\"2022-08-31T15:27:30+00:00\",\"dateModified\":\"2022-08-31T15:27:31+00:00\",\"breadcrumb\":{\"@id\":\"https:\\\/\\\/expressometro.mx\\\/index.php\\\/2022\\\/08\\\/31\\\/presentan-alfredo-del-mazo-y-claudia-sheinbaum-el-plan-integral-de-abastecimiento-de-agua-potable-al-valle-de-mexico\\\/#breadcrumb\"},\"inLanguage\":\"es\",\"potentialAction\":[{\"@type\":\"ReadAction\",\"target\":[\"https:\\\/\\\/expressometro.mx\\\/index.php\\\/2022\\\/08\\\/31\\\/presentan-alfredo-del-mazo-y-claudia-sheinbaum-el-plan-integral-de-abastecimiento-de-agua-potable-al-valle-de-mexico\\\/\"]}]},{\"@type\":\"ImageObject\",\"inLanguage\":\"es\",\"@id\":\"https:\\\/\\\/expressometro.mx\\\/index.php\\\/2022\\\/08\\\/31\\\/presentan-alfredo-del-mazo-y-claudia-sheinbaum-el-plan-integral-de-abastecimiento-de-agua-potable-al-valle-de-mexico\\\/#primaryimage\",\"url\":\"https:\\\/\\\/expressometro.mx\\\/wp-content\\\/uploads\\\/2022\\\/08\\\/Edomex-Del-Mazo-y-Sheinbaum-290822-2.jpg\",\"contentUrl\":\"https:\\\/\\\/expressometro.mx\\\/wp-content\\\/uploads\\\/2022\\\/08\\\/Edomex-Del-Mazo-y-Sheinbaum-290822-2.jpg\",\"width\":1280,\"height\":944},{\"@type\":\"BreadcrumbList\",\"@id\":\"https:\\\/\\\/expressometro.mx\\\/index.php\\\/2022\\\/08\\\/31\\\/presentan-alfredo-del-mazo-y-claudia-sheinbaum-el-plan-integral-de-abastecimiento-de-agua-potable-al-valle-de-mexico\\\/#breadcrumb\",\"itemListElement\":[{\"@type\":\"ListItem\",\"position\":1,\"name\":\"Inicio\",\"item\":\"https:\\\/\\\/expressometro.mx\\\/\"},{\"@type\":\"ListItem\",\"position\":2,\"name\":\"PRESENTAN ALFREDO DEL MAZO Y CLAUDIA SHEINBAUM EL PLAN INTEGRAL DE ABASTECIMIENTO DE AGUA POTABLE AL VALLE DE M\u00c9XICO\"}]},{\"@type\":\"WebSite\",\"@id\":\"https:\\\/\\\/expressometro.mx\\\/#website\",\"url\":\"https:\\\/\\\/expressometro.mx\\\/\",\"name\":\"Expresso Metropolitano\",\"description\":\"Periodismo comprometido, informaci\u00f3n, investigaci\u00f3n y an\u00e1lisis\",\"publisher\":{\"@id\":\"https:\\\/\\\/expressometro.mx\\\/#organization\"},\"potentialAction\":[{\"@type\":\"SearchAction\",\"target\":{\"@type\":\"EntryPoint\",\"urlTemplate\":\"https:\\\/\\\/expressometro.mx\\\/?s={search_term_string}\"},\"query-input\":{\"@type\":\"PropertyValueSpecification\",\"valueRequired\":true,\"valueName\":\"search_term_string\"}}],\"inLanguage\":\"es\"},{\"@type\":\"Organization\",\"@id\":\"https:\\\/\\\/expressometro.mx\\\/#organization\",\"name\":\"Expresso Metropolitano\",\"url\":\"https:\\\/\\\/expressometro.mx\\\/\",\"logo\":{\"@type\":\"ImageObject\",\"inLanguage\":\"es\",\"@id\":\"https:\\\/\\\/expressometro.mx\\\/#\\\/schema\\\/logo\\\/image\\\/\",\"url\":\"https:\\\/\\\/expressometro.mx\\\/wp-content\\\/uploads\\\/2019\\\/07\\\/cropped-Logo-Expresso-Metropolitano-1-1.jpeg\",\"contentUrl\":\"https:\\\/\\\/expressometro.mx\\\/wp-content\\\/uploads\\\/2019\\\/07\\\/cropped-Logo-Expresso-Metropolitano-1-1.jpeg\",\"width\":290,\"height\":73,\"caption\":\"Expresso Metropolitano\"},\"image\":{\"@id\":\"https:\\\/\\\/expressometro.mx\\\/#\\\/schema\\\/logo\\\/image\\\/\"}},{\"@type\":\"Person\",\"@id\":\"https:\\\/\\\/expressometro.mx\\\/#\\\/schema\\\/person\\\/efa971b4a0664db8ed5c22b1b0dd2f5d\",\"name\":\"Expresso Metropolitano\",\"image\":{\"@type\":\"ImageObject\",\"inLanguage\":\"es\",\"@id\":\"https:\\\/\\\/secure.gravatar.com\\\/avatar\\\/a89f802b8de18c6952f223c88d3d106e9e3679839f4e25a02f4a6cc2ae6ba3b3?s=96&d=mm&r=g\",\"url\":\"https:\\\/\\\/secure.gravatar.com\\\/avatar\\\/a89f802b8de18c6952f223c88d3d106e9e3679839f4e25a02f4a6cc2ae6ba3b3?s=96&d=mm&r=g\",\"contentUrl\":\"https:\\\/\\\/secure.gravatar.com\\\/avatar\\\/a89f802b8de18c6952f223c88d3d106e9e3679839f4e25a02f4a6cc2ae6ba3b3?s=96&d=mm&r=g\",\"caption\":\"Expresso Metropolitano\"},\"url\":\"https:\\\/\\\/expressometro.mx\\\/index.php\\\/author\\\/diego\\\/\"}]}<\/script>\n<!-- \/ Yoast SEO plugin. -->","yoast_head_json":{"title":"PRESENTAN ALFREDO DEL MAZO Y CLAUDIA SHEINBAUM EL PLAN INTEGRAL DE ABASTECIMIENTO DE AGUA POTABLE AL VALLE DE M\u00c9XICO - Expresso Metropolitano","robots":{"index":"index","follow":"follow","max-snippet":"max-snippet:-1","max-image-preview":"max-image-preview:large","max-video-preview":"max-video-preview:-1"},"canonical":"https:\/\/expressometro.mx\/index.php\/2022\/08\/31\/presentan-alfredo-del-mazo-y-claudia-sheinbaum-el-plan-integral-de-abastecimiento-de-agua-potable-al-valle-de-mexico\/","og_locale":"es_MX","og_type":"article","og_title":"PRESENTAN ALFREDO DEL MAZO Y CLAUDIA SHEINBAUM EL PLAN INTEGRAL DE ABASTECIMIENTO DE AGUA POTABLE AL VALLE DE M\u00c9XICO - Expresso Metropolitano","og_description":"El Gobernador Alfredo Del Mazo Maza y la Jefa de Gobierno de la capital del pa\u00eds, Claudia Sheinbaum Pardo, presentaron el Plan Integral de Abastecimiento de Agua Potable al Valle de M\u00e9xico que, mediante diversas acciones, como el mejoramiento de los sistemas de abasto como el Cutzamala, tiene el objetivo de incrementar el caudal de agua disponible en esta zona.","og_url":"https:\/\/expressometro.mx\/index.php\/2022\/08\/31\/presentan-alfredo-del-mazo-y-claudia-sheinbaum-el-plan-integral-de-abastecimiento-de-agua-potable-al-valle-de-mexico\/","og_site_name":"Expresso Metropolitano","article_published_time":"2022-08-31T15:27:30+00:00","article_modified_time":"2022-08-31T15:27:31+00:00","og_image":[{"width":1280,"height":944,"url":"http:\/\/expressometro.mx\/wp-content\/uploads\/2022\/08\/Edomex-Del-Mazo-y-Sheinbaum-290822-2.jpg","type":"image\/jpeg"}],"author":"Expresso Metropolitano","twitter_misc":{"Escrito por":"Expresso Metropolitano","Tiempo de lectura":"6 minutos"},"schema":{"@context":"https:\/\/schema.org","@graph":[{"@type":"Article","@id":"https:\/\/expressometro.mx\/index.php\/2022\/08\/31\/presentan-alfredo-del-mazo-y-claudia-sheinbaum-el-plan-integral-de-abastecimiento-de-agua-potable-al-valle-de-mexico\/#article","isPartOf":{"@id":"https:\/\/expressometro.mx\/index.php\/2022\/08\/31\/presentan-alfredo-del-mazo-y-claudia-sheinbaum-el-plan-integral-de-abastecimiento-de-agua-potable-al-valle-de-mexico\/"},"author":{"name":"Expresso Metropolitano","@id":"https:\/\/expressometro.mx\/#\/schema\/person\/efa971b4a0664db8ed5c22b1b0dd2f5d"},"headline":"PRESENTAN ALFREDO DEL MAZO Y CLAUDIA SHEINBAUM EL PLAN INTEGRAL DE ABASTECIMIENTO DE AGUA POTABLE AL VALLE DE M\u00c9XICO","datePublished":"2022-08-31T15:27:30+00:00","dateModified":"2022-08-31T15:27:31+00:00","mainEntityOfPage":{"@id":"https:\/\/expressometro.mx\/index.php\/2022\/08\/31\/presentan-alfredo-del-mazo-y-claudia-sheinbaum-el-plan-integral-de-abastecimiento-de-agua-potable-al-valle-de-mexico\/"},"wordCount":1333,"commentCount":0,"publisher":{"@id":"https:\/\/expressometro.mx\/#organization"},"image":{"@id":"https:\/\/expressometro.mx\/index.php\/2022\/08\/31\/presentan-alfredo-del-mazo-y-claudia-sheinbaum-el-plan-integral-de-abastecimiento-de-agua-potable-al-valle-de-mexico\/#primaryimage"},"thumbnailUrl":"https:\/\/expressometro.mx\/wp-content\/uploads\/2022\/08\/Edomex-Del-Mazo-y-Sheinbaum-290822-2.jpg","keywords":["Alfredo del Mazo","CDMX","Claudia Sheinbaum","Edomex","PRI"],"articleSection":["Finanzas","Gobierno","Pol\u00edtica"],"inLanguage":"es","potentialAction":[{"@type":"CommentAction","name":"Comment","target":["https:\/\/expressometro.mx\/index.php\/2022\/08\/31\/presentan-alfredo-del-mazo-y-claudia-sheinbaum-el-plan-integral-de-abastecimiento-de-agua-potable-al-valle-de-mexico\/#respond"]}]},{"@type":"WebPage","@id":"https:\/\/expressometro.mx\/index.php\/2022\/08\/31\/presentan-alfredo-del-mazo-y-claudia-sheinbaum-el-plan-integral-de-abastecimiento-de-agua-potable-al-valle-de-mexico\/","url":"https:\/\/expressometro.mx\/index.php\/2022\/08\/31\/presentan-alfredo-del-mazo-y-claudia-sheinbaum-el-plan-integral-de-abastecimiento-de-agua-potable-al-valle-de-mexico\/","name":"PRESENTAN ALFREDO DEL MAZO Y CLAUDIA SHEINBAUM EL PLAN INTEGRAL DE ABASTECIMIENTO DE AGUA POTABLE AL VALLE DE M\u00c9XICO - Expresso Metropolitano","isPartOf":{"@id":"https:\/\/expressometro.mx\/#website"},"primaryImageOfPage":{"@id":"https:\/\/expressometro.mx\/index.php\/2022\/08\/31\/presentan-alfredo-del-mazo-y-claudia-sheinbaum-el-plan-integral-de-abastecimiento-de-agua-potable-al-valle-de-mexico\/#primaryimage"},"image":{"@id":"https:\/\/expressometro.mx\/index.php\/2022\/08\/31\/presentan-alfredo-del-mazo-y-claudia-sheinbaum-el-plan-integral-de-abastecimiento-de-agua-potable-al-valle-de-mexico\/#primaryimage"},"thumbnailUrl":"https:\/\/expressometro.mx\/wp-content\/uploads\/2022\/08\/Edomex-Del-Mazo-y-Sheinbaum-290822-2.jpg","datePublished":"2022-08-31T15:27:30+00:00","dateModified":"2022-08-31T15:27:31+00:00","breadcrumb":{"@id":"https:\/\/expressometro.mx\/index.php\/2022\/08\/31\/presentan-alfredo-del-mazo-y-claudia-sheinbaum-el-plan-integral-de-abastecimiento-de-agua-potable-al-valle-de-mexico\/#breadcrumb"},"inLanguage":"es","potentialAction":[{"@type":"ReadAction","target":["https:\/\/expressometro.mx\/index.php\/2022\/08\/31\/presentan-alfredo-del-mazo-y-claudia-sheinbaum-el-plan-integral-de-abastecimiento-de-agua-potable-al-valle-de-mexico\/"]}]},{"@type":"ImageObject","inLanguage":"es","@id":"https:\/\/expressometro.mx\/index.php\/2022\/08\/31\/presentan-alfredo-del-mazo-y-claudia-sheinbaum-el-plan-integral-de-abastecimiento-de-agua-potable-al-valle-de-mexico\/#primaryimage","url":"https:\/\/expressometro.mx\/wp-content\/uploads\/2022\/08\/Edomex-Del-Mazo-y-Sheinbaum-290822-2.jpg","contentUrl":"https:\/\/expressometro.mx\/wp-content\/uploads\/2022\/08\/Edomex-Del-Mazo-y-Sheinbaum-290822-2.jpg","width":1280,"height":944},{"@type":"BreadcrumbList","@id":"https:\/\/expressometro.mx\/index.php\/2022\/08\/31\/presentan-alfredo-del-mazo-y-claudia-sheinbaum-el-plan-integral-de-abastecimiento-de-agua-potable-al-valle-de-mexico\/#breadcrumb","itemListElement":[{"@type":"ListItem","position":1,"name":"Inicio","item":"https:\/\/expressometro.mx\/"},{"@type":"ListItem","position":2,"name":"PRESENTAN ALFREDO DEL MAZO Y CLAUDIA SHEINBAUM EL PLAN INTEGRAL DE ABASTECIMIENTO DE AGUA POTABLE AL VALLE DE M\u00c9XICO"}]},{"@type":"WebSite","@id":"https:\/\/expressometro.mx\/#website","url":"https:\/\/expressometro.mx\/","name":"Expresso Metropolitano","description":"Periodismo comprometido, informaci\u00f3n, investigaci\u00f3n y an\u00e1lisis","publisher":{"@id":"https:\/\/expressometro.mx\/#organization"},"potentialAction":[{"@type":"SearchAction","target":{"@type":"EntryPoint","urlTemplate":"https:\/\/expressometro.mx\/?s={search_term_string}"},"query-input":{"@type":"PropertyValueSpecification","valueRequired":true,"valueName":"search_term_string"}}],"inLanguage":"es"},{"@type":"Organization","@id":"https:\/\/expressometro.mx\/#organization","name":"Expresso Metropolitano","url":"https:\/\/expressometro.mx\/","logo":{"@type":"ImageObject","inLanguage":"es","@id":"https:\/\/expressometro.mx\/#\/schema\/logo\/image\/","url":"https:\/\/expressometro.mx\/wp-content\/uploads\/2019\/07\/cropped-Logo-Expresso-Metropolitano-1-1.jpeg","contentUrl":"https:\/\/expressometro.mx\/wp-content\/uploads\/2019\/07\/cropped-Logo-Expresso-Metropolitano-1-1.jpeg","width":290,"height":73,"caption":"Expresso Metropolitano"},"image":{"@id":"https:\/\/expressometro.mx\/#\/schema\/logo\/image\/"}},{"@type":"Person","@id":"https:\/\/expressometro.mx\/#\/schema\/person\/efa971b4a0664db8ed5c22b1b0dd2f5d","name":"Expresso Metropolitano","image":{"@type":"ImageObject","inLanguage":"es","@id":"https:\/\/secure.gravatar.com\/avatar\/a89f802b8de18c6952f223c88d3d106e9e3679839f4e25a02f4a6cc2ae6ba3b3?s=96&d=mm&r=g","url":"https:\/\/secure.gravatar.com\/avatar\/a89f802b8de18c6952f223c88d3d106e9e3679839f4e25a02f4a6cc2ae6ba3b3?s=96&d=mm&r=g","contentUrl":"https:\/\/secure.gravatar.com\/avatar\/a89f802b8de18c6952f223c88d3d106e9e3679839f4e25a02f4a6cc2ae6ba3b3?s=96&d=mm&r=g","caption":"Expresso Metropolitano"},"url":"https:\/\/expressometro.mx\/index.php\/author\/diego\/"}]}},"amp_enabled":true,"_links":{"self":[{"href":"https:\/\/expressometro.mx\/index.php\/wp-json\/wp\/v2\/posts\/6388","targetHints":{"allow":["GET"]}}],"collection":[{"href":"https:\/\/expressometro.mx\/index.php\/wp-json\/wp\/v2\/posts"}],"about":[{"href":"https:\/\/expressometro.mx\/index.php\/wp-json\/wp\/v2\/types\/post"}],"author":[{"embeddable":true,"href":"https:\/\/expressometro.mx\/index.php\/wp-json\/wp\/v2\/users\/1"}],"replies":[{"embeddable":true,"href":"https:\/\/expressometro.mx\/index.php\/wp-json\/wp\/v2\/comments?post=6388"}],"version-history":[{"count":1,"href":"https:\/\/expressometro.mx\/index.php\/wp-json\/wp\/v2\/posts\/6388\/revisions"}],"predecessor-version":[{"id":6392,"href":"https:\/\/expressometro.mx\/index.php\/wp-json\/wp\/v2\/posts\/6388\/revisions\/6392"}],"wp:featuredmedia":[{"embeddable":true,"href":"https:\/\/expressometro.mx\/index.php\/wp-json\/wp\/v2\/media\/6390"}],"wp:attachment":[{"href":"https:\/\/expressometro.mx\/index.php\/wp-json\/wp\/v2\/media?parent=6388"}],"wp:term":[{"taxonomy":"category","embeddable":true,"href":"https:\/\/expressometro.mx\/index.php\/wp-json\/wp\/v2\/categories?post=6388"},{"taxonomy":"post_tag","embeddable":true,"href":"https:\/\/expressometro.mx\/index.php\/wp-json\/wp\/v2\/tags?post=6388"}],"curies":[{"name":"wp","href":"https:\/\/api.w.org\/{rel}","templated":true}]}}