{"id":6328,"date":"2022-08-18T21:17:00","date_gmt":"2022-08-19T02:17:00","guid":{"rendered":"https:\/\/expressometro.mx\/?p=6328"},"modified":"2022-08-21T22:47:35","modified_gmt":"2022-08-22T03:47:35","slug":"programa-mejoramiento-a-la-vivienda-un-apoyo-mas-para-los-aculquenses","status":"publish","type":"post","link":"https:\/\/expressometro.mx\/index.php\/2022\/08\/18\/programa-mejoramiento-a-la-vivienda-un-apoyo-mas-para-los-aculquenses\/","title":{"rendered":"PROGRAMA \u201cMEJORAMIENTO A LA VIVIENDA\u201d, UN APOYO M\u00c1S PARA LOS ACULQUENSES"},"content":{"rendered":"\n<p><\/p>\n\n\n\n<p>El Presidente Municipal, Jorge Osornio Victoria dio el arranque al Programa \u201cMejoramiento a la Vivienda\u201d, e inici\u00f3 con la construcci\u00f3n de techo firme, en La Concepci\u00f3n Pueblo. En compa\u00f1\u00eda de, el Ing. Javier Venancio Ram\u00edrez, expresidente municipal; Dami\u00e1n Victoriano Mart\u00ednez, Delegado de la comunidad; Alejandra Albino Mendoza, una de las beneficiarias de este Programa; s\u00edndico y regidores, se hizo entrega de los vales correspondientes.<\/p>\n\n\n\n<p>El Presidente Municipal recalc\u00f3 a los presentes, que siempre tiene en consideraci\u00f3n las necesidades de las comunidades de Aculco, es por esto que ahora se concreta la entrega de estos vales para la construcci\u00f3n del techo firme de diez viviendas en La Concepci\u00f3n. Ser\u00e1n 16 m2 por vivienda, con una inversi\u00f3n aproximada de 243 mil pesos.<\/p>\n\n\n\n<p>Anteriormente se les entregaba los materiales, y los beneficiarios pon\u00edan la aplicaci\u00f3n, pero esto no dio los resultados esperados, ya que el material entregado sol\u00eda ser vendido u ocupado en otras necesidades. Esta vez cambio la din\u00e1mica, ahora se entregar\u00e1n los materiales y la mano de obra, de esta manera se plasmar\u00e1n realmente, los beneficios de los apoyos entregados.<\/p>\n\n\n\n<p>En el segundo punto, El Mogote, se hizo entrega de piso firme a una de las beneficiarias, Rosa Isela Peralta Basilio. El edil le dio las gracias a su equipo de trabajo por poder hacer un excelente trabajo y poder entregar estas obras de primera necesidad para los aculquenses. En el municipio ser\u00e1n beneficiadas 80 viviendas con piso firme, cada una de 16 m2, con una inversi\u00f3n aproximada de 700 mil pesos. En El Mogote ser\u00e1n cuatro las familias beneficiadas con el apoyo de piso firme.<\/p>\n\n\n\n<p>En el tercer punto, Ba\u00f1e 1ra Manzana, se hizo el equipamiento de vivienda con calentador solar. En el Municipio ser\u00e1n 118 los favorecidos con este apoyo, en los que se les entregar\u00e1 el equipo completo de calentador solar. Con un financiamiento aproximado de un mill\u00f3n y medio de pesos, se espera cubrir una gran parte del municipio, y que los aculquenses puedan tener acceso a los servicios primarios.<\/p>\n","protected":false},"excerpt":{"rendered":"<p>El Presidente Municipal, Jorge Osornio Victoria dio el arranque al Programa \u201cMejoramiento a la Vivienda\u201d, e inici\u00f3 con la construcci\u00f3n de techo firme, en La Concepci\u00f3n Pueblo.<\/p>\n","protected":false},"author":1,"featured_media":6330,"comment_status":"open","ping_status":"open","sticky":false,"template":"","format":"standard","meta":{"footnotes":""},"categories":[4,3,231],"tags":[955,954],"class_list":["post-6328","post","type-post","status-publish","format-standard","has-post-thumbnail","hentry","category-finanzas","category-gobierno","category-politica","tag-aculco","tag-jorge-osornio"],"yoast_head":"<!-- This site is optimized with the Yoast SEO plugin v27.5 - https:\/\/yoast.com\/product\/yoast-seo-wordpress\/ -->\n<title>PROGRAMA \u201cMEJORAMIENTO A LA VIVIENDA\u201d, UN APOYO M\u00c1S PARA LOS ACULQUENSES - Expresso Metropolitano<\/title>\n<meta name=\"robots\" content=\"index, follow, max-snippet:-1, max-image-preview:large, max-video-preview:-1\" \/>\n<link rel=\"canonical\" href=\"https:\/\/expressometro.mx\/index.php\/2022\/08\/18\/programa-mejoramiento-a-la-vivienda-un-apoyo-mas-para-los-aculquenses\/\" \/>\n<meta property=\"og:locale\" content=\"es_MX\" \/>\n<meta property=\"og:type\" content=\"article\" \/>\n<meta property=\"og:title\" content=\"PROGRAMA \u201cMEJORAMIENTO A LA VIVIENDA\u201d, UN APOYO M\u00c1S PARA LOS ACULQUENSES - Expresso Metropolitano\" \/>\n<meta property=\"og:description\" content=\"El Presidente Municipal, Jorge Osornio Victoria dio el arranque al Programa \u201cMejoramiento a la Vivienda\u201d, e inici\u00f3 con la construcci\u00f3n de techo firme, en La Concepci\u00f3n Pueblo.\" \/>\n<meta property=\"og:url\" content=\"https:\/\/expressometro.mx\/index.php\/2022\/08\/18\/programa-mejoramiento-a-la-vivienda-un-apoyo-mas-para-los-aculquenses\/\" \/>\n<meta property=\"og:site_name\" content=\"Expresso Metropolitano\" \/>\n<meta property=\"article:published_time\" content=\"2022-08-19T02:17:00+00:00\" \/>\n<meta property=\"article:modified_time\" content=\"2022-08-22T03:47:35+00:00\" \/>\n<meta property=\"og:image\" content=\"http:\/\/expressometro.mx\/wp-content\/uploads\/2022\/08\/Untitled-design-16.png\" \/>\n\t<meta property=\"og:image:width\" content=\"940\" \/>\n\t<meta property=\"og:image:height\" content=\"788\" \/>\n\t<meta property=\"og:image:type\" content=\"image\/png\" \/>\n<meta name=\"author\" content=\"Expresso Metropolitano\" \/>\n<meta name=\"twitter:label1\" content=\"Escrito por\" \/>\n\t<meta name=\"twitter:data1\" content=\"Expresso Metropolitano\" \/>\n\t<meta name=\"twitter:label2\" content=\"Tiempo de lectura\" \/>\n\t<meta name=\"twitter:data2\" content=\"2 minutos\" \/>\n<script type=\"application\/ld+json\" class=\"yoast-schema-graph\">{\"@context\":\"https:\\\/\\\/schema.org\",\"@graph\":[{\"@type\":\"Article\",\"@id\":\"https:\\\/\\\/expressometro.mx\\\/index.php\\\/2022\\\/08\\\/18\\\/programa-mejoramiento-a-la-vivienda-un-apoyo-mas-para-los-aculquenses\\\/#article\",\"isPartOf\":{\"@id\":\"https:\\\/\\\/expressometro.mx\\\/index.php\\\/2022\\\/08\\\/18\\\/programa-mejoramiento-a-la-vivienda-un-apoyo-mas-para-los-aculquenses\\\/\"},\"author\":{\"name\":\"Expresso Metropolitano\",\"@id\":\"https:\\\/\\\/expressometro.mx\\\/#\\\/schema\\\/person\\\/efa971b4a0664db8ed5c22b1b0dd2f5d\"},\"headline\":\"PROGRAMA \u201cMEJORAMIENTO A LA VIVIENDA\u201d, UN APOYO M\u00c1S PARA LOS ACULQUENSES\",\"datePublished\":\"2022-08-19T02:17:00+00:00\",\"dateModified\":\"2022-08-22T03:47:35+00:00\",\"mainEntityOfPage\":{\"@id\":\"https:\\\/\\\/expressometro.mx\\\/index.php\\\/2022\\\/08\\\/18\\\/programa-mejoramiento-a-la-vivienda-un-apoyo-mas-para-los-aculquenses\\\/\"},\"wordCount\":363,\"commentCount\":0,\"publisher\":{\"@id\":\"https:\\\/\\\/expressometro.mx\\\/#organization\"},\"image\":{\"@id\":\"https:\\\/\\\/expressometro.mx\\\/index.php\\\/2022\\\/08\\\/18\\\/programa-mejoramiento-a-la-vivienda-un-apoyo-mas-para-los-aculquenses\\\/#primaryimage\"},\"thumbnailUrl\":\"https:\\\/\\\/expressometro.mx\\\/wp-content\\\/uploads\\\/2022\\\/08\\\/Untitled-design-16.png\",\"keywords\":[\"Aculco\",\"Jorge Osornio\"],\"articleSection\":[\"Finanzas\",\"Gobierno\",\"Pol\u00edtica\"],\"inLanguage\":\"es\",\"potentialAction\":[{\"@type\":\"CommentAction\",\"name\":\"Comment\",\"target\":[\"https:\\\/\\\/expressometro.mx\\\/index.php\\\/2022\\\/08\\\/18\\\/programa-mejoramiento-a-la-vivienda-un-apoyo-mas-para-los-aculquenses\\\/#respond\"]}]},{\"@type\":\"WebPage\",\"@id\":\"https:\\\/\\\/expressometro.mx\\\/index.php\\\/2022\\\/08\\\/18\\\/programa-mejoramiento-a-la-vivienda-un-apoyo-mas-para-los-aculquenses\\\/\",\"url\":\"https:\\\/\\\/expressometro.mx\\\/index.php\\\/2022\\\/08\\\/18\\\/programa-mejoramiento-a-la-vivienda-un-apoyo-mas-para-los-aculquenses\\\/\",\"name\":\"PROGRAMA \u201cMEJORAMIENTO A LA VIVIENDA\u201d, UN APOYO M\u00c1S PARA LOS ACULQUENSES - Expresso Metropolitano\",\"isPartOf\":{\"@id\":\"https:\\\/\\\/expressometro.mx\\\/#website\"},\"primaryImageOfPage\":{\"@id\":\"https:\\\/\\\/expressometro.mx\\\/index.php\\\/2022\\\/08\\\/18\\\/programa-mejoramiento-a-la-vivienda-un-apoyo-mas-para-los-aculquenses\\\/#primaryimage\"},\"image\":{\"@id\":\"https:\\\/\\\/expressometro.mx\\\/index.php\\\/2022\\\/08\\\/18\\\/programa-mejoramiento-a-la-vivienda-un-apoyo-mas-para-los-aculquenses\\\/#primaryimage\"},\"thumbnailUrl\":\"https:\\\/\\\/expressometro.mx\\\/wp-content\\\/uploads\\\/2022\\\/08\\\/Untitled-design-16.png\",\"datePublished\":\"2022-08-19T02:17:00+00:00\",\"dateModified\":\"2022-08-22T03:47:35+00:00\",\"breadcrumb\":{\"@id\":\"https:\\\/\\\/expressometro.mx\\\/index.php\\\/2022\\\/08\\\/18\\\/programa-mejoramiento-a-la-vivienda-un-apoyo-mas-para-los-aculquenses\\\/#breadcrumb\"},\"inLanguage\":\"es\",\"potentialAction\":[{\"@type\":\"ReadAction\",\"target\":[\"https:\\\/\\\/expressometro.mx\\\/index.php\\\/2022\\\/08\\\/18\\\/programa-mejoramiento-a-la-vivienda-un-apoyo-mas-para-los-aculquenses\\\/\"]}]},{\"@type\":\"ImageObject\",\"inLanguage\":\"es\",\"@id\":\"https:\\\/\\\/expressometro.mx\\\/index.php\\\/2022\\\/08\\\/18\\\/programa-mejoramiento-a-la-vivienda-un-apoyo-mas-para-los-aculquenses\\\/#primaryimage\",\"url\":\"https:\\\/\\\/expressometro.mx\\\/wp-content\\\/uploads\\\/2022\\\/08\\\/Untitled-design-16.png\",\"contentUrl\":\"https:\\\/\\\/expressometro.mx\\\/wp-content\\\/uploads\\\/2022\\\/08\\\/Untitled-design-16.png\",\"width\":940,\"height\":788},{\"@type\":\"BreadcrumbList\",\"@id\":\"https:\\\/\\\/expressometro.mx\\\/index.php\\\/2022\\\/08\\\/18\\\/programa-mejoramiento-a-la-vivienda-un-apoyo-mas-para-los-aculquenses\\\/#breadcrumb\",\"itemListElement\":[{\"@type\":\"ListItem\",\"position\":1,\"name\":\"Inicio\",\"item\":\"https:\\\/\\\/expressometro.mx\\\/\"},{\"@type\":\"ListItem\",\"position\":2,\"name\":\"PROGRAMA \u201cMEJORAMIENTO A LA VIVIENDA\u201d, UN APOYO M\u00c1S PARA LOS ACULQUENSES\"}]},{\"@type\":\"WebSite\",\"@id\":\"https:\\\/\\\/expressometro.mx\\\/#website\",\"url\":\"https:\\\/\\\/expressometro.mx\\\/\",\"name\":\"Expresso Metropolitano\",\"description\":\"Periodismo comprometido, informaci\u00f3n, investigaci\u00f3n y an\u00e1lisis\",\"publisher\":{\"@id\":\"https:\\\/\\\/expressometro.mx\\\/#organization\"},\"potentialAction\":[{\"@type\":\"SearchAction\",\"target\":{\"@type\":\"EntryPoint\",\"urlTemplate\":\"https:\\\/\\\/expressometro.mx\\\/?s={search_term_string}\"},\"query-input\":{\"@type\":\"PropertyValueSpecification\",\"valueRequired\":true,\"valueName\":\"search_term_string\"}}],\"inLanguage\":\"es\"},{\"@type\":\"Organization\",\"@id\":\"https:\\\/\\\/expressometro.mx\\\/#organization\",\"name\":\"Expresso Metropolitano\",\"url\":\"https:\\\/\\\/expressometro.mx\\\/\",\"logo\":{\"@type\":\"ImageObject\",\"inLanguage\":\"es\",\"@id\":\"https:\\\/\\\/expressometro.mx\\\/#\\\/schema\\\/logo\\\/image\\\/\",\"url\":\"https:\\\/\\\/expressometro.mx\\\/wp-content\\\/uploads\\\/2019\\\/07\\\/cropped-Logo-Expresso-Metropolitano-1-1.jpeg\",\"contentUrl\":\"https:\\\/\\\/expressometro.mx\\\/wp-content\\\/uploads\\\/2019\\\/07\\\/cropped-Logo-Expresso-Metropolitano-1-1.jpeg\",\"width\":290,\"height\":73,\"caption\":\"Expresso Metropolitano\"},\"image\":{\"@id\":\"https:\\\/\\\/expressometro.mx\\\/#\\\/schema\\\/logo\\\/image\\\/\"}},{\"@type\":\"Person\",\"@id\":\"https:\\\/\\\/expressometro.mx\\\/#\\\/schema\\\/person\\\/efa971b4a0664db8ed5c22b1b0dd2f5d\",\"name\":\"Expresso Metropolitano\",\"image\":{\"@type\":\"ImageObject\",\"inLanguage\":\"es\",\"@id\":\"https:\\\/\\\/secure.gravatar.com\\\/avatar\\\/a89f802b8de18c6952f223c88d3d106e9e3679839f4e25a02f4a6cc2ae6ba3b3?s=96&d=mm&r=g\",\"url\":\"https:\\\/\\\/secure.gravatar.com\\\/avatar\\\/a89f802b8de18c6952f223c88d3d106e9e3679839f4e25a02f4a6cc2ae6ba3b3?s=96&d=mm&r=g\",\"contentUrl\":\"https:\\\/\\\/secure.gravatar.com\\\/avatar\\\/a89f802b8de18c6952f223c88d3d106e9e3679839f4e25a02f4a6cc2ae6ba3b3?s=96&d=mm&r=g\",\"caption\":\"Expresso Metropolitano\"},\"url\":\"https:\\\/\\\/expressometro.mx\\\/index.php\\\/author\\\/diego\\\/\"}]}<\/script>\n<!-- \/ Yoast SEO plugin. -->","yoast_head_json":{"title":"PROGRAMA \u201cMEJORAMIENTO A LA VIVIENDA\u201d, UN APOYO M\u00c1S PARA LOS ACULQUENSES - Expresso Metropolitano","robots":{"index":"index","follow":"follow","max-snippet":"max-snippet:-1","max-image-preview":"max-image-preview:large","max-video-preview":"max-video-preview:-1"},"canonical":"https:\/\/expressometro.mx\/index.php\/2022\/08\/18\/programa-mejoramiento-a-la-vivienda-un-apoyo-mas-para-los-aculquenses\/","og_locale":"es_MX","og_type":"article","og_title":"PROGRAMA \u201cMEJORAMIENTO A LA VIVIENDA\u201d, UN APOYO M\u00c1S PARA LOS ACULQUENSES - Expresso Metropolitano","og_description":"El Presidente Municipal, Jorge Osornio Victoria dio el arranque al Programa \u201cMejoramiento a la Vivienda\u201d, e inici\u00f3 con la construcci\u00f3n de techo firme, en La Concepci\u00f3n Pueblo.","og_url":"https:\/\/expressometro.mx\/index.php\/2022\/08\/18\/programa-mejoramiento-a-la-vivienda-un-apoyo-mas-para-los-aculquenses\/","og_site_name":"Expresso Metropolitano","article_published_time":"2022-08-19T02:17:00+00:00","article_modified_time":"2022-08-22T03:47:35+00:00","og_image":[{"width":940,"height":788,"url":"http:\/\/expressometro.mx\/wp-content\/uploads\/2022\/08\/Untitled-design-16.png","type":"image\/png"}],"author":"Expresso Metropolitano","twitter_misc":{"Escrito por":"Expresso Metropolitano","Tiempo de lectura":"2 minutos"},"schema":{"@context":"https:\/\/schema.org","@graph":[{"@type":"Article","@id":"https:\/\/expressometro.mx\/index.php\/2022\/08\/18\/programa-mejoramiento-a-la-vivienda-un-apoyo-mas-para-los-aculquenses\/#article","isPartOf":{"@id":"https:\/\/expressometro.mx\/index.php\/2022\/08\/18\/programa-mejoramiento-a-la-vivienda-un-apoyo-mas-para-los-aculquenses\/"},"author":{"name":"Expresso Metropolitano","@id":"https:\/\/expressometro.mx\/#\/schema\/person\/efa971b4a0664db8ed5c22b1b0dd2f5d"},"headline":"PROGRAMA \u201cMEJORAMIENTO A LA VIVIENDA\u201d, UN APOYO M\u00c1S PARA LOS ACULQUENSES","datePublished":"2022-08-19T02:17:00+00:00","dateModified":"2022-08-22T03:47:35+00:00","mainEntityOfPage":{"@id":"https:\/\/expressometro.mx\/index.php\/2022\/08\/18\/programa-mejoramiento-a-la-vivienda-un-apoyo-mas-para-los-aculquenses\/"},"wordCount":363,"commentCount":0,"publisher":{"@id":"https:\/\/expressometro.mx\/#organization"},"image":{"@id":"https:\/\/expressometro.mx\/index.php\/2022\/08\/18\/programa-mejoramiento-a-la-vivienda-un-apoyo-mas-para-los-aculquenses\/#primaryimage"},"thumbnailUrl":"https:\/\/expressometro.mx\/wp-content\/uploads\/2022\/08\/Untitled-design-16.png","keywords":["Aculco","Jorge Osornio"],"articleSection":["Finanzas","Gobierno","Pol\u00edtica"],"inLanguage":"es","potentialAction":[{"@type":"CommentAction","name":"Comment","target":["https:\/\/expressometro.mx\/index.php\/2022\/08\/18\/programa-mejoramiento-a-la-vivienda-un-apoyo-mas-para-los-aculquenses\/#respond"]}]},{"@type":"WebPage","@id":"https:\/\/expressometro.mx\/index.php\/2022\/08\/18\/programa-mejoramiento-a-la-vivienda-un-apoyo-mas-para-los-aculquenses\/","url":"https:\/\/expressometro.mx\/index.php\/2022\/08\/18\/programa-mejoramiento-a-la-vivienda-un-apoyo-mas-para-los-aculquenses\/","name":"PROGRAMA \u201cMEJORAMIENTO A LA VIVIENDA\u201d, UN APOYO M\u00c1S PARA LOS ACULQUENSES - Expresso Metropolitano","isPartOf":{"@id":"https:\/\/expressometro.mx\/#website"},"primaryImageOfPage":{"@id":"https:\/\/expressometro.mx\/index.php\/2022\/08\/18\/programa-mejoramiento-a-la-vivienda-un-apoyo-mas-para-los-aculquenses\/#primaryimage"},"image":{"@id":"https:\/\/expressometro.mx\/index.php\/2022\/08\/18\/programa-mejoramiento-a-la-vivienda-un-apoyo-mas-para-los-aculquenses\/#primaryimage"},"thumbnailUrl":"https:\/\/expressometro.mx\/wp-content\/uploads\/2022\/08\/Untitled-design-16.png","datePublished":"2022-08-19T02:17:00+00:00","dateModified":"2022-08-22T03:47:35+00:00","breadcrumb":{"@id":"https:\/\/expressometro.mx\/index.php\/2022\/08\/18\/programa-mejoramiento-a-la-vivienda-un-apoyo-mas-para-los-aculquenses\/#breadcrumb"},"inLanguage":"es","potentialAction":[{"@type":"ReadAction","target":["https:\/\/expressometro.mx\/index.php\/2022\/08\/18\/programa-mejoramiento-a-la-vivienda-un-apoyo-mas-para-los-aculquenses\/"]}]},{"@type":"ImageObject","inLanguage":"es","@id":"https:\/\/expressometro.mx\/index.php\/2022\/08\/18\/programa-mejoramiento-a-la-vivienda-un-apoyo-mas-para-los-aculquenses\/#primaryimage","url":"https:\/\/expressometro.mx\/wp-content\/uploads\/2022\/08\/Untitled-design-16.png","contentUrl":"https:\/\/expressometro.mx\/wp-content\/uploads\/2022\/08\/Untitled-design-16.png","width":940,"height":788},{"@type":"BreadcrumbList","@id":"https:\/\/expressometro.mx\/index.php\/2022\/08\/18\/programa-mejoramiento-a-la-vivienda-un-apoyo-mas-para-los-aculquenses\/#breadcrumb","itemListElement":[{"@type":"ListItem","position":1,"name":"Inicio","item":"https:\/\/expressometro.mx\/"},{"@type":"ListItem","position":2,"name":"PROGRAMA \u201cMEJORAMIENTO A LA VIVIENDA\u201d, UN APOYO M\u00c1S PARA LOS ACULQUENSES"}]},{"@type":"WebSite","@id":"https:\/\/expressometro.mx\/#website","url":"https:\/\/expressometro.mx\/","name":"Expresso Metropolitano","description":"Periodismo comprometido, informaci\u00f3n, investigaci\u00f3n y an\u00e1lisis","publisher":{"@id":"https:\/\/expressometro.mx\/#organization"},"potentialAction":[{"@type":"SearchAction","target":{"@type":"EntryPoint","urlTemplate":"https:\/\/expressometro.mx\/?s={search_term_string}"},"query-input":{"@type":"PropertyValueSpecification","valueRequired":true,"valueName":"search_term_string"}}],"inLanguage":"es"},{"@type":"Organization","@id":"https:\/\/expressometro.mx\/#organization","name":"Expresso Metropolitano","url":"https:\/\/expressometro.mx\/","logo":{"@type":"ImageObject","inLanguage":"es","@id":"https:\/\/expressometro.mx\/#\/schema\/logo\/image\/","url":"https:\/\/expressometro.mx\/wp-content\/uploads\/2019\/07\/cropped-Logo-Expresso-Metropolitano-1-1.jpeg","contentUrl":"https:\/\/expressometro.mx\/wp-content\/uploads\/2019\/07\/cropped-Logo-Expresso-Metropolitano-1-1.jpeg","width":290,"height":73,"caption":"Expresso Metropolitano"},"image":{"@id":"https:\/\/expressometro.mx\/#\/schema\/logo\/image\/"}},{"@type":"Person","@id":"https:\/\/expressometro.mx\/#\/schema\/person\/efa971b4a0664db8ed5c22b1b0dd2f5d","name":"Expresso Metropolitano","image":{"@type":"ImageObject","inLanguage":"es","@id":"https:\/\/secure.gravatar.com\/avatar\/a89f802b8de18c6952f223c88d3d106e9e3679839f4e25a02f4a6cc2ae6ba3b3?s=96&d=mm&r=g","url":"https:\/\/secure.gravatar.com\/avatar\/a89f802b8de18c6952f223c88d3d106e9e3679839f4e25a02f4a6cc2ae6ba3b3?s=96&d=mm&r=g","contentUrl":"https:\/\/secure.gravatar.com\/avatar\/a89f802b8de18c6952f223c88d3d106e9e3679839f4e25a02f4a6cc2ae6ba3b3?s=96&d=mm&r=g","caption":"Expresso Metropolitano"},"url":"https:\/\/expressometro.mx\/index.php\/author\/diego\/"}]}},"amp_enabled":true,"_links":{"self":[{"href":"https:\/\/expressometro.mx\/index.php\/wp-json\/wp\/v2\/posts\/6328","targetHints":{"allow":["GET"]}}],"collection":[{"href":"https:\/\/expressometro.mx\/index.php\/wp-json\/wp\/v2\/posts"}],"about":[{"href":"https:\/\/expressometro.mx\/index.php\/wp-json\/wp\/v2\/types\/post"}],"author":[{"embeddable":true,"href":"https:\/\/expressometro.mx\/index.php\/wp-json\/wp\/v2\/users\/1"}],"replies":[{"embeddable":true,"href":"https:\/\/expressometro.mx\/index.php\/wp-json\/wp\/v2\/comments?post=6328"}],"version-history":[{"count":1,"href":"https:\/\/expressometro.mx\/index.php\/wp-json\/wp\/v2\/posts\/6328\/revisions"}],"predecessor-version":[{"id":6331,"href":"https:\/\/expressometro.mx\/index.php\/wp-json\/wp\/v2\/posts\/6328\/revisions\/6331"}],"wp:featuredmedia":[{"embeddable":true,"href":"https:\/\/expressometro.mx\/index.php\/wp-json\/wp\/v2\/media\/6330"}],"wp:attachment":[{"href":"https:\/\/expressometro.mx\/index.php\/wp-json\/wp\/v2\/media?parent=6328"}],"wp:term":[{"taxonomy":"category","embeddable":true,"href":"https:\/\/expressometro.mx\/index.php\/wp-json\/wp\/v2\/categories?post=6328"},{"taxonomy":"post_tag","embeddable":true,"href":"https:\/\/expressometro.mx\/index.php\/wp-json\/wp\/v2\/tags?post=6328"}],"curies":[{"name":"wp","href":"https:\/\/api.w.org\/{rel}","templated":true}]}}