{"id":6323,"date":"2022-08-14T21:07:00","date_gmt":"2022-08-15T02:07:00","guid":{"rendered":"https:\/\/expressometro.mx\/?p=6323"},"modified":"2022-08-21T21:13:04","modified_gmt":"2022-08-22T02:13:04","slug":"las-causas-de-las-etnias-son-las-del-pri-gustavo-cardenas","status":"publish","type":"post","link":"https:\/\/expressometro.mx\/index.php\/2022\/08\/14\/las-causas-de-las-etnias-son-las-del-pri-gustavo-cardenas\/","title":{"rendered":"LAS CAUSAS DE LAS ETNIAS SON LAS DEL PRI: GUSTAVO C\u00c1RDENAS"},"content":{"rendered":"\n<p><\/p>\n\n\n\n<p>Las causas de las etnias que habitan en el Estado de M\u00e9xico son las del PRI que preside Eric Sevilla, manifest\u00f3 el diputado federal Gustavo C\u00e1rdenas Monroy al participar en el Conversatorio con los 5 Pueblos Originarios de la entidad.\u00a0 El Estado de M\u00e9xico est\u00e1 lleno de riqueza cultural y tradiciones, aqu\u00ed es la casa de 417 mil ind\u00edgenas. Hoy, se refrend\u00f3 su compromiso con los pobladores de Jiquipilco para seguir trabajando en favor de sus causas.<\/p>\n\n\n\n<p>En el acto que se llev\u00f3 a cabo en el municipio de Jiquipilco, el legislador se\u00f1al\u00f3 que las etnias mazahua y otom\u00ed son pueblos constructores del desarrollo.&nbsp;<\/p>\n\n\n\n<p>Reunidos para conmemorar el D\u00eda Internacional de los Pueblos Ind\u00edgenas, se tiene que lograr que sea mucho m\u00e1s que eso, y esta vez, los grupos ind\u00edgenas reunidos en este recinto, lo han logrado al expresar sus inquietudes y necesidades. El PRI har\u00e1 eco de todas estas solicitudes que han plasmado claramente, en este conversatorio, donde se han expresado de manera sucinta se han expresado ideas y conceptos sobre las necesidades, prop\u00f3sitos y alcances que debe de tener el indigenismo en el Estado de M\u00e9xico.<\/p>\n\n\n\n<p>Gustavo C\u00e1rdenas, destac\u00f3 que el PRI fue el primero en postular en sus documentos b\u00e1sicos la atenci\u00f3n a los grupos \u00e9tnicos que saben perfectamente qu\u00e9 quieren, sobre todo, \u00e9xito y progreso.<\/p>\n\n\n\n<p>Ante el alcalde Felipe S\u00e1nchez D\u00e1vila dijo que el 3 de 3 que se gan\u00f3 con las dos diputaciones y la presidencia municipal se puede trabajar y responder a las inquietudes de la sociedad.<\/p>\n","protected":false},"excerpt":{"rendered":"<p>Las causas de las etnias que habitan en el Estado de M\u00e9xico son las del PRI que preside Eric Sevilla, manifest\u00f3 el diputado federal Gustavo C\u00e1rdenas Monroy al participar en el Conversatorio con los 5 Pueblos Originarios de la entidad.\u00a0 El Estado de M\u00e9xico est\u00e1 lleno de riqueza cultural y tradiciones, aqu\u00ed es la casa de 417 mil ind\u00edgenas. Hoy, se refrend\u00f3 su compromiso con los pobladores de Jiquipilco para seguir trabajando en favor de sus causas.<\/p>\n","protected":false},"author":1,"featured_media":6325,"comment_status":"open","ping_status":"open","sticky":false,"template":"","format":"standard","meta":{"footnotes":""},"categories":[4,3,231],"tags":[1991,845,158],"class_list":["post-6323","post","type-post","status-publish","format-standard","has-post-thumbnail","hentry","category-finanzas","category-gobierno","category-politica","tag-etnia","tag-gustavo-cardenas-monroy","tag-pri"],"yoast_head":"<!-- This site is optimized with the Yoast SEO plugin v27.5 - https:\/\/yoast.com\/product\/yoast-seo-wordpress\/ -->\n<title>LAS CAUSAS DE LAS ETNIAS SON LAS DEL PRI: GUSTAVO C\u00c1RDENAS - Expresso Metropolitano<\/title>\n<meta name=\"robots\" content=\"index, follow, max-snippet:-1, max-image-preview:large, max-video-preview:-1\" \/>\n<link rel=\"canonical\" href=\"https:\/\/expressometro.mx\/index.php\/2022\/08\/14\/las-causas-de-las-etnias-son-las-del-pri-gustavo-cardenas\/\" \/>\n<meta property=\"og:locale\" content=\"es_MX\" \/>\n<meta property=\"og:type\" content=\"article\" \/>\n<meta property=\"og:title\" content=\"LAS CAUSAS DE LAS ETNIAS SON LAS DEL PRI: GUSTAVO C\u00c1RDENAS - Expresso Metropolitano\" \/>\n<meta property=\"og:description\" content=\"Las causas de las etnias que habitan en el Estado de M\u00e9xico son las del PRI que preside Eric Sevilla, manifest\u00f3 el diputado federal Gustavo C\u00e1rdenas Monroy al participar en el Conversatorio con los 5 Pueblos Originarios de la entidad.\u00a0 El Estado de M\u00e9xico est\u00e1 lleno de riqueza cultural y tradiciones, aqu\u00ed es la casa de 417 mil ind\u00edgenas. Hoy, se refrend\u00f3 su compromiso con los pobladores de Jiquipilco para seguir trabajando en favor de sus causas.\" \/>\n<meta property=\"og:url\" content=\"https:\/\/expressometro.mx\/index.php\/2022\/08\/14\/las-causas-de-las-etnias-son-las-del-pri-gustavo-cardenas\/\" \/>\n<meta property=\"og:site_name\" content=\"Expresso Metropolitano\" \/>\n<meta property=\"article:published_time\" content=\"2022-08-15T02:07:00+00:00\" \/>\n<meta property=\"article:modified_time\" content=\"2022-08-22T02:13:04+00:00\" \/>\n<meta property=\"og:image\" content=\"http:\/\/expressometro.mx\/wp-content\/uploads\/2022\/08\/Gustavo-Cardenas-Etnias-140822-5.jpg\" \/>\n\t<meta property=\"og:image:width\" content=\"808\" \/>\n\t<meta property=\"og:image:height\" content=\"502\" \/>\n\t<meta property=\"og:image:type\" content=\"image\/jpeg\" \/>\n<meta name=\"author\" content=\"Expresso Metropolitano\" \/>\n<meta name=\"twitter:label1\" content=\"Escrito por\" \/>\n\t<meta name=\"twitter:data1\" content=\"Expresso Metropolitano\" \/>\n\t<meta name=\"twitter:label2\" content=\"Tiempo de lectura\" \/>\n\t<meta name=\"twitter:data2\" content=\"2 minutos\" \/>\n<script type=\"application\/ld+json\" class=\"yoast-schema-graph\">{\"@context\":\"https:\\\/\\\/schema.org\",\"@graph\":[{\"@type\":\"Article\",\"@id\":\"https:\\\/\\\/expressometro.mx\\\/index.php\\\/2022\\\/08\\\/14\\\/las-causas-de-las-etnias-son-las-del-pri-gustavo-cardenas\\\/#article\",\"isPartOf\":{\"@id\":\"https:\\\/\\\/expressometro.mx\\\/index.php\\\/2022\\\/08\\\/14\\\/las-causas-de-las-etnias-son-las-del-pri-gustavo-cardenas\\\/\"},\"author\":{\"name\":\"Expresso Metropolitano\",\"@id\":\"https:\\\/\\\/expressometro.mx\\\/#\\\/schema\\\/person\\\/efa971b4a0664db8ed5c22b1b0dd2f5d\"},\"headline\":\"LAS CAUSAS DE LAS ETNIAS SON LAS DEL PRI: GUSTAVO C\u00c1RDENAS\",\"datePublished\":\"2022-08-15T02:07:00+00:00\",\"dateModified\":\"2022-08-22T02:13:04+00:00\",\"mainEntityOfPage\":{\"@id\":\"https:\\\/\\\/expressometro.mx\\\/index.php\\\/2022\\\/08\\\/14\\\/las-causas-de-las-etnias-son-las-del-pri-gustavo-cardenas\\\/\"},\"wordCount\":278,\"commentCount\":0,\"publisher\":{\"@id\":\"https:\\\/\\\/expressometro.mx\\\/#organization\"},\"image\":{\"@id\":\"https:\\\/\\\/expressometro.mx\\\/index.php\\\/2022\\\/08\\\/14\\\/las-causas-de-las-etnias-son-las-del-pri-gustavo-cardenas\\\/#primaryimage\"},\"thumbnailUrl\":\"https:\\\/\\\/expressometro.mx\\\/wp-content\\\/uploads\\\/2022\\\/08\\\/Gustavo-Cardenas-Etnias-140822-5.jpg\",\"keywords\":[\"etnia\",\"Gustavo C\u00e1rdenas Monroy\",\"PRI\"],\"articleSection\":[\"Finanzas\",\"Gobierno\",\"Pol\u00edtica\"],\"inLanguage\":\"es\",\"potentialAction\":[{\"@type\":\"CommentAction\",\"name\":\"Comment\",\"target\":[\"https:\\\/\\\/expressometro.mx\\\/index.php\\\/2022\\\/08\\\/14\\\/las-causas-de-las-etnias-son-las-del-pri-gustavo-cardenas\\\/#respond\"]}]},{\"@type\":\"WebPage\",\"@id\":\"https:\\\/\\\/expressometro.mx\\\/index.php\\\/2022\\\/08\\\/14\\\/las-causas-de-las-etnias-son-las-del-pri-gustavo-cardenas\\\/\",\"url\":\"https:\\\/\\\/expressometro.mx\\\/index.php\\\/2022\\\/08\\\/14\\\/las-causas-de-las-etnias-son-las-del-pri-gustavo-cardenas\\\/\",\"name\":\"LAS CAUSAS DE LAS ETNIAS SON LAS DEL PRI: GUSTAVO C\u00c1RDENAS - Expresso Metropolitano\",\"isPartOf\":{\"@id\":\"https:\\\/\\\/expressometro.mx\\\/#website\"},\"primaryImageOfPage\":{\"@id\":\"https:\\\/\\\/expressometro.mx\\\/index.php\\\/2022\\\/08\\\/14\\\/las-causas-de-las-etnias-son-las-del-pri-gustavo-cardenas\\\/#primaryimage\"},\"image\":{\"@id\":\"https:\\\/\\\/expressometro.mx\\\/index.php\\\/2022\\\/08\\\/14\\\/las-causas-de-las-etnias-son-las-del-pri-gustavo-cardenas\\\/#primaryimage\"},\"thumbnailUrl\":\"https:\\\/\\\/expressometro.mx\\\/wp-content\\\/uploads\\\/2022\\\/08\\\/Gustavo-Cardenas-Etnias-140822-5.jpg\",\"datePublished\":\"2022-08-15T02:07:00+00:00\",\"dateModified\":\"2022-08-22T02:13:04+00:00\",\"breadcrumb\":{\"@id\":\"https:\\\/\\\/expressometro.mx\\\/index.php\\\/2022\\\/08\\\/14\\\/las-causas-de-las-etnias-son-las-del-pri-gustavo-cardenas\\\/#breadcrumb\"},\"inLanguage\":\"es\",\"potentialAction\":[{\"@type\":\"ReadAction\",\"target\":[\"https:\\\/\\\/expressometro.mx\\\/index.php\\\/2022\\\/08\\\/14\\\/las-causas-de-las-etnias-son-las-del-pri-gustavo-cardenas\\\/\"]}]},{\"@type\":\"ImageObject\",\"inLanguage\":\"es\",\"@id\":\"https:\\\/\\\/expressometro.mx\\\/index.php\\\/2022\\\/08\\\/14\\\/las-causas-de-las-etnias-son-las-del-pri-gustavo-cardenas\\\/#primaryimage\",\"url\":\"https:\\\/\\\/expressometro.mx\\\/wp-content\\\/uploads\\\/2022\\\/08\\\/Gustavo-Cardenas-Etnias-140822-5.jpg\",\"contentUrl\":\"https:\\\/\\\/expressometro.mx\\\/wp-content\\\/uploads\\\/2022\\\/08\\\/Gustavo-Cardenas-Etnias-140822-5.jpg\",\"width\":808,\"height\":502},{\"@type\":\"BreadcrumbList\",\"@id\":\"https:\\\/\\\/expressometro.mx\\\/index.php\\\/2022\\\/08\\\/14\\\/las-causas-de-las-etnias-son-las-del-pri-gustavo-cardenas\\\/#breadcrumb\",\"itemListElement\":[{\"@type\":\"ListItem\",\"position\":1,\"name\":\"Inicio\",\"item\":\"https:\\\/\\\/expressometro.mx\\\/\"},{\"@type\":\"ListItem\",\"position\":2,\"name\":\"LAS CAUSAS DE LAS ETNIAS SON LAS DEL PRI: GUSTAVO C\u00c1RDENAS\"}]},{\"@type\":\"WebSite\",\"@id\":\"https:\\\/\\\/expressometro.mx\\\/#website\",\"url\":\"https:\\\/\\\/expressometro.mx\\\/\",\"name\":\"Expresso Metropolitano\",\"description\":\"Periodismo comprometido, informaci\u00f3n, investigaci\u00f3n y an\u00e1lisis\",\"publisher\":{\"@id\":\"https:\\\/\\\/expressometro.mx\\\/#organization\"},\"potentialAction\":[{\"@type\":\"SearchAction\",\"target\":{\"@type\":\"EntryPoint\",\"urlTemplate\":\"https:\\\/\\\/expressometro.mx\\\/?s={search_term_string}\"},\"query-input\":{\"@type\":\"PropertyValueSpecification\",\"valueRequired\":true,\"valueName\":\"search_term_string\"}}],\"inLanguage\":\"es\"},{\"@type\":\"Organization\",\"@id\":\"https:\\\/\\\/expressometro.mx\\\/#organization\",\"name\":\"Expresso Metropolitano\",\"url\":\"https:\\\/\\\/expressometro.mx\\\/\",\"logo\":{\"@type\":\"ImageObject\",\"inLanguage\":\"es\",\"@id\":\"https:\\\/\\\/expressometro.mx\\\/#\\\/schema\\\/logo\\\/image\\\/\",\"url\":\"https:\\\/\\\/expressometro.mx\\\/wp-content\\\/uploads\\\/2019\\\/07\\\/cropped-Logo-Expresso-Metropolitano-1-1.jpeg\",\"contentUrl\":\"https:\\\/\\\/expressometro.mx\\\/wp-content\\\/uploads\\\/2019\\\/07\\\/cropped-Logo-Expresso-Metropolitano-1-1.jpeg\",\"width\":290,\"height\":73,\"caption\":\"Expresso Metropolitano\"},\"image\":{\"@id\":\"https:\\\/\\\/expressometro.mx\\\/#\\\/schema\\\/logo\\\/image\\\/\"}},{\"@type\":\"Person\",\"@id\":\"https:\\\/\\\/expressometro.mx\\\/#\\\/schema\\\/person\\\/efa971b4a0664db8ed5c22b1b0dd2f5d\",\"name\":\"Expresso Metropolitano\",\"image\":{\"@type\":\"ImageObject\",\"inLanguage\":\"es\",\"@id\":\"https:\\\/\\\/secure.gravatar.com\\\/avatar\\\/a89f802b8de18c6952f223c88d3d106e9e3679839f4e25a02f4a6cc2ae6ba3b3?s=96&d=mm&r=g\",\"url\":\"https:\\\/\\\/secure.gravatar.com\\\/avatar\\\/a89f802b8de18c6952f223c88d3d106e9e3679839f4e25a02f4a6cc2ae6ba3b3?s=96&d=mm&r=g\",\"contentUrl\":\"https:\\\/\\\/secure.gravatar.com\\\/avatar\\\/a89f802b8de18c6952f223c88d3d106e9e3679839f4e25a02f4a6cc2ae6ba3b3?s=96&d=mm&r=g\",\"caption\":\"Expresso Metropolitano\"},\"url\":\"https:\\\/\\\/expressometro.mx\\\/index.php\\\/author\\\/diego\\\/\"}]}<\/script>\n<!-- \/ Yoast SEO plugin. -->","yoast_head_json":{"title":"LAS CAUSAS DE LAS ETNIAS SON LAS DEL PRI: GUSTAVO C\u00c1RDENAS - Expresso Metropolitano","robots":{"index":"index","follow":"follow","max-snippet":"max-snippet:-1","max-image-preview":"max-image-preview:large","max-video-preview":"max-video-preview:-1"},"canonical":"https:\/\/expressometro.mx\/index.php\/2022\/08\/14\/las-causas-de-las-etnias-son-las-del-pri-gustavo-cardenas\/","og_locale":"es_MX","og_type":"article","og_title":"LAS CAUSAS DE LAS ETNIAS SON LAS DEL PRI: GUSTAVO C\u00c1RDENAS - Expresso Metropolitano","og_description":"Las causas de las etnias que habitan en el Estado de M\u00e9xico son las del PRI que preside Eric Sevilla, manifest\u00f3 el diputado federal Gustavo C\u00e1rdenas Monroy al participar en el Conversatorio con los 5 Pueblos Originarios de la entidad.\u00a0 El Estado de M\u00e9xico est\u00e1 lleno de riqueza cultural y tradiciones, aqu\u00ed es la casa de 417 mil ind\u00edgenas. Hoy, se refrend\u00f3 su compromiso con los pobladores de Jiquipilco para seguir trabajando en favor de sus causas.","og_url":"https:\/\/expressometro.mx\/index.php\/2022\/08\/14\/las-causas-de-las-etnias-son-las-del-pri-gustavo-cardenas\/","og_site_name":"Expresso Metropolitano","article_published_time":"2022-08-15T02:07:00+00:00","article_modified_time":"2022-08-22T02:13:04+00:00","og_image":[{"width":808,"height":502,"url":"http:\/\/expressometro.mx\/wp-content\/uploads\/2022\/08\/Gustavo-Cardenas-Etnias-140822-5.jpg","type":"image\/jpeg"}],"author":"Expresso Metropolitano","twitter_misc":{"Escrito por":"Expresso Metropolitano","Tiempo de lectura":"2 minutos"},"schema":{"@context":"https:\/\/schema.org","@graph":[{"@type":"Article","@id":"https:\/\/expressometro.mx\/index.php\/2022\/08\/14\/las-causas-de-las-etnias-son-las-del-pri-gustavo-cardenas\/#article","isPartOf":{"@id":"https:\/\/expressometro.mx\/index.php\/2022\/08\/14\/las-causas-de-las-etnias-son-las-del-pri-gustavo-cardenas\/"},"author":{"name":"Expresso Metropolitano","@id":"https:\/\/expressometro.mx\/#\/schema\/person\/efa971b4a0664db8ed5c22b1b0dd2f5d"},"headline":"LAS CAUSAS DE LAS ETNIAS SON LAS DEL PRI: GUSTAVO C\u00c1RDENAS","datePublished":"2022-08-15T02:07:00+00:00","dateModified":"2022-08-22T02:13:04+00:00","mainEntityOfPage":{"@id":"https:\/\/expressometro.mx\/index.php\/2022\/08\/14\/las-causas-de-las-etnias-son-las-del-pri-gustavo-cardenas\/"},"wordCount":278,"commentCount":0,"publisher":{"@id":"https:\/\/expressometro.mx\/#organization"},"image":{"@id":"https:\/\/expressometro.mx\/index.php\/2022\/08\/14\/las-causas-de-las-etnias-son-las-del-pri-gustavo-cardenas\/#primaryimage"},"thumbnailUrl":"https:\/\/expressometro.mx\/wp-content\/uploads\/2022\/08\/Gustavo-Cardenas-Etnias-140822-5.jpg","keywords":["etnia","Gustavo C\u00e1rdenas Monroy","PRI"],"articleSection":["Finanzas","Gobierno","Pol\u00edtica"],"inLanguage":"es","potentialAction":[{"@type":"CommentAction","name":"Comment","target":["https:\/\/expressometro.mx\/index.php\/2022\/08\/14\/las-causas-de-las-etnias-son-las-del-pri-gustavo-cardenas\/#respond"]}]},{"@type":"WebPage","@id":"https:\/\/expressometro.mx\/index.php\/2022\/08\/14\/las-causas-de-las-etnias-son-las-del-pri-gustavo-cardenas\/","url":"https:\/\/expressometro.mx\/index.php\/2022\/08\/14\/las-causas-de-las-etnias-son-las-del-pri-gustavo-cardenas\/","name":"LAS CAUSAS DE LAS ETNIAS SON LAS DEL PRI: GUSTAVO C\u00c1RDENAS - Expresso Metropolitano","isPartOf":{"@id":"https:\/\/expressometro.mx\/#website"},"primaryImageOfPage":{"@id":"https:\/\/expressometro.mx\/index.php\/2022\/08\/14\/las-causas-de-las-etnias-son-las-del-pri-gustavo-cardenas\/#primaryimage"},"image":{"@id":"https:\/\/expressometro.mx\/index.php\/2022\/08\/14\/las-causas-de-las-etnias-son-las-del-pri-gustavo-cardenas\/#primaryimage"},"thumbnailUrl":"https:\/\/expressometro.mx\/wp-content\/uploads\/2022\/08\/Gustavo-Cardenas-Etnias-140822-5.jpg","datePublished":"2022-08-15T02:07:00+00:00","dateModified":"2022-08-22T02:13:04+00:00","breadcrumb":{"@id":"https:\/\/expressometro.mx\/index.php\/2022\/08\/14\/las-causas-de-las-etnias-son-las-del-pri-gustavo-cardenas\/#breadcrumb"},"inLanguage":"es","potentialAction":[{"@type":"ReadAction","target":["https:\/\/expressometro.mx\/index.php\/2022\/08\/14\/las-causas-de-las-etnias-son-las-del-pri-gustavo-cardenas\/"]}]},{"@type":"ImageObject","inLanguage":"es","@id":"https:\/\/expressometro.mx\/index.php\/2022\/08\/14\/las-causas-de-las-etnias-son-las-del-pri-gustavo-cardenas\/#primaryimage","url":"https:\/\/expressometro.mx\/wp-content\/uploads\/2022\/08\/Gustavo-Cardenas-Etnias-140822-5.jpg","contentUrl":"https:\/\/expressometro.mx\/wp-content\/uploads\/2022\/08\/Gustavo-Cardenas-Etnias-140822-5.jpg","width":808,"height":502},{"@type":"BreadcrumbList","@id":"https:\/\/expressometro.mx\/index.php\/2022\/08\/14\/las-causas-de-las-etnias-son-las-del-pri-gustavo-cardenas\/#breadcrumb","itemListElement":[{"@type":"ListItem","position":1,"name":"Inicio","item":"https:\/\/expressometro.mx\/"},{"@type":"ListItem","position":2,"name":"LAS CAUSAS DE LAS ETNIAS SON LAS DEL PRI: GUSTAVO C\u00c1RDENAS"}]},{"@type":"WebSite","@id":"https:\/\/expressometro.mx\/#website","url":"https:\/\/expressometro.mx\/","name":"Expresso Metropolitano","description":"Periodismo comprometido, informaci\u00f3n, investigaci\u00f3n y an\u00e1lisis","publisher":{"@id":"https:\/\/expressometro.mx\/#organization"},"potentialAction":[{"@type":"SearchAction","target":{"@type":"EntryPoint","urlTemplate":"https:\/\/expressometro.mx\/?s={search_term_string}"},"query-input":{"@type":"PropertyValueSpecification","valueRequired":true,"valueName":"search_term_string"}}],"inLanguage":"es"},{"@type":"Organization","@id":"https:\/\/expressometro.mx\/#organization","name":"Expresso Metropolitano","url":"https:\/\/expressometro.mx\/","logo":{"@type":"ImageObject","inLanguage":"es","@id":"https:\/\/expressometro.mx\/#\/schema\/logo\/image\/","url":"https:\/\/expressometro.mx\/wp-content\/uploads\/2019\/07\/cropped-Logo-Expresso-Metropolitano-1-1.jpeg","contentUrl":"https:\/\/expressometro.mx\/wp-content\/uploads\/2019\/07\/cropped-Logo-Expresso-Metropolitano-1-1.jpeg","width":290,"height":73,"caption":"Expresso Metropolitano"},"image":{"@id":"https:\/\/expressometro.mx\/#\/schema\/logo\/image\/"}},{"@type":"Person","@id":"https:\/\/expressometro.mx\/#\/schema\/person\/efa971b4a0664db8ed5c22b1b0dd2f5d","name":"Expresso Metropolitano","image":{"@type":"ImageObject","inLanguage":"es","@id":"https:\/\/secure.gravatar.com\/avatar\/a89f802b8de18c6952f223c88d3d106e9e3679839f4e25a02f4a6cc2ae6ba3b3?s=96&d=mm&r=g","url":"https:\/\/secure.gravatar.com\/avatar\/a89f802b8de18c6952f223c88d3d106e9e3679839f4e25a02f4a6cc2ae6ba3b3?s=96&d=mm&r=g","contentUrl":"https:\/\/secure.gravatar.com\/avatar\/a89f802b8de18c6952f223c88d3d106e9e3679839f4e25a02f4a6cc2ae6ba3b3?s=96&d=mm&r=g","caption":"Expresso Metropolitano"},"url":"https:\/\/expressometro.mx\/index.php\/author\/diego\/"}]}},"amp_enabled":true,"_links":{"self":[{"href":"https:\/\/expressometro.mx\/index.php\/wp-json\/wp\/v2\/posts\/6323","targetHints":{"allow":["GET"]}}],"collection":[{"href":"https:\/\/expressometro.mx\/index.php\/wp-json\/wp\/v2\/posts"}],"about":[{"href":"https:\/\/expressometro.mx\/index.php\/wp-json\/wp\/v2\/types\/post"}],"author":[{"embeddable":true,"href":"https:\/\/expressometro.mx\/index.php\/wp-json\/wp\/v2\/users\/1"}],"replies":[{"embeddable":true,"href":"https:\/\/expressometro.mx\/index.php\/wp-json\/wp\/v2\/comments?post=6323"}],"version-history":[{"count":1,"href":"https:\/\/expressometro.mx\/index.php\/wp-json\/wp\/v2\/posts\/6323\/revisions"}],"predecessor-version":[{"id":6326,"href":"https:\/\/expressometro.mx\/index.php\/wp-json\/wp\/v2\/posts\/6323\/revisions\/6326"}],"wp:featuredmedia":[{"embeddable":true,"href":"https:\/\/expressometro.mx\/index.php\/wp-json\/wp\/v2\/media\/6325"}],"wp:attachment":[{"href":"https:\/\/expressometro.mx\/index.php\/wp-json\/wp\/v2\/media?parent=6323"}],"wp:term":[{"taxonomy":"category","embeddable":true,"href":"https:\/\/expressometro.mx\/index.php\/wp-json\/wp\/v2\/categories?post=6323"},{"taxonomy":"post_tag","embeddable":true,"href":"https:\/\/expressometro.mx\/index.php\/wp-json\/wp\/v2\/tags?post=6323"}],"curies":[{"name":"wp","href":"https:\/\/api.w.org\/{rel}","templated":true}]}}