{"id":6319,"date":"2022-08-13T21:02:00","date_gmt":"2022-08-14T02:02:00","guid":{"rendered":"https:\/\/expressometro.mx\/?p=6319"},"modified":"2022-08-21T21:06:17","modified_gmt":"2022-08-22T02:06:17","slug":"gustavo-cardenas-presente-en-la-entrega-de-premios-a-la-juventud-de-jocotitlan-2022","status":"publish","type":"post","link":"https:\/\/expressometro.mx\/index.php\/2022\/08\/13\/gustavo-cardenas-presente-en-la-entrega-de-premios-a-la-juventud-de-jocotitlan-2022\/","title":{"rendered":"GUSTAVO C\u00c1RDENAS PRESENTE EN LA ENTREGA DE PREMIOS A LA JUVENTUD DE JOCOTITL\u00c1N 2022"},"content":{"rendered":"\n<p><\/p>\n\n\n\n<p>El Diputado Federal Gustavo C\u00e1rdenas Monroy asisti\u00f3 a la entrega del Premio Municipal de la Juventud 2022 en Jocotitl\u00e1n, en donde primeramente agradeci\u00f3 la invitaci\u00f3n del Presidente Municipal Jes\u00fas Cedillo as\u00ed como al director del Instituto de la Juventud de Jocotitl\u00e1n, Joel Mart\u00ednez por hacerlo part\u00edcipe en \u00e9ste importante evento.<\/p>\n\n\n\n<p>El legislador coment\u00f3 que la importancia de este evento radica en la gran labor que desempe\u00f1an los encargados de designar a los galardonados. En esta ocasi\u00f3n hay cinco premiados, de 20 que participaron. La difusi\u00f3n de este evento es necesaria, para que la sociedad tenga conocimiento de los valores y lo que significa el talento de los j\u00f3venes de Jocotitl\u00e1n. Cada a\u00f1o se debe estimular a los j\u00f3venes a que participen activamente en su entorno, para que se pueda reconocer a los j\u00f3venes sobresalientes y que puedan ser identificados y promovidos, para que sean un ejemplo en la sociedad, sobre todo en la edad temprana en la que est\u00e1n participando.<\/p>\n\n\n\n<p>C\u00e1rdenas Monroy felicit\u00f3 a qui\u00e9nes recibieron los reconocimientos: Azucena, Ivette, Vanessa, S\u00eddney y Michelle. Destac\u00f3 que fueron mujeres, eso es una muestra muy clara del avance de las mujeres, adem\u00e1s detall\u00f3 que le dio mucho gusto que fueran solamente mujeres y eso debe ser motivo de que los hombres tienen que reaccionar. &nbsp;Los hombres y las mujeres trabajando en equipo son muy importantes, as\u00ed mismo coment\u00f3 que todos los galardonados hacen un esfuerzo acad\u00e9micamente muy importante, ya que todos tienen un perfil y son profesionistas muy reconocidos en cada uno de ellos y que seguramente no fue sencillo para quienes fueron parte del jurado ya que seleccionar a 5 entre 20 no es sencillo.<\/p>\n\n\n\n<p>Por esta raz\u00f3n, el diputado coment\u00f3 que si pudieran ampliar el n\u00famero de galardonados, siendo esto muy importante para que m\u00e1s gente sea reconocida, para que esto pueda estimular y pueda motivar a muchos m\u00e1s j\u00f3venes de todas las comunidades y de la cabecera municipal para que vayan integr\u00e1ndose y siendo una gran fortaleza del municipio que pueda dar la satisfacci\u00f3n tanto a sus familias y a la sociedad Jocotitlense, siendo esto motivo de uni\u00f3n, pero sobre todo de una gran convivencia de \u00e9sta sociedad que cada d\u00eda ser\u00e1 mejor.<\/p>\n","protected":false},"excerpt":{"rendered":"<p>El Diputado Federal Gustavo C\u00e1rdenas Monroy asisti\u00f3 a la entrega del Premio Municipal de la Juventud 2022 en Jocotitl\u00e1n, en donde primeramente agradeci\u00f3 la invitaci\u00f3n del Presidente Municipal Jes\u00fas Cedillo as\u00ed como al director del Instituto de la Juventud de Jocotitl\u00e1n, Joel Mart\u00ednez por hacerlo part\u00edcipe en \u00e9ste importante evento.<\/p>\n","protected":false},"author":1,"featured_media":6321,"comment_status":"open","ping_status":"open","sticky":false,"template":"","format":"standard","meta":{"footnotes":""},"categories":[4,3,231],"tags":[485,845],"class_list":["post-6319","post","type-post","status-publish","format-standard","has-post-thumbnail","hentry","category-finanzas","category-gobierno","category-politica","tag-el-oro","tag-gustavo-cardenas-monroy"],"yoast_head":"<!-- This site is optimized with the Yoast SEO plugin v27.5 - https:\/\/yoast.com\/product\/yoast-seo-wordpress\/ -->\n<title>GUSTAVO C\u00c1RDENAS PRESENTE EN LA ENTREGA DE PREMIOS A LA JUVENTUD DE JOCOTITL\u00c1N 2022 - Expresso Metropolitano<\/title>\n<meta name=\"robots\" content=\"index, follow, max-snippet:-1, max-image-preview:large, max-video-preview:-1\" \/>\n<link rel=\"canonical\" href=\"https:\/\/expressometro.mx\/index.php\/2022\/08\/13\/gustavo-cardenas-presente-en-la-entrega-de-premios-a-la-juventud-de-jocotitlan-2022\/\" \/>\n<meta property=\"og:locale\" content=\"es_MX\" \/>\n<meta property=\"og:type\" content=\"article\" \/>\n<meta property=\"og:title\" content=\"GUSTAVO C\u00c1RDENAS PRESENTE EN LA ENTREGA DE PREMIOS A LA JUVENTUD DE JOCOTITL\u00c1N 2022 - Expresso Metropolitano\" \/>\n<meta property=\"og:description\" content=\"El Diputado Federal Gustavo C\u00e1rdenas Monroy asisti\u00f3 a la entrega del Premio Municipal de la Juventud 2022 en Jocotitl\u00e1n, en donde primeramente agradeci\u00f3 la invitaci\u00f3n del Presidente Municipal Jes\u00fas Cedillo as\u00ed como al director del Instituto de la Juventud de Jocotitl\u00e1n, Joel Mart\u00ednez por hacerlo part\u00edcipe en \u00e9ste importante evento.\" \/>\n<meta property=\"og:url\" content=\"https:\/\/expressometro.mx\/index.php\/2022\/08\/13\/gustavo-cardenas-presente-en-la-entrega-de-premios-a-la-juventud-de-jocotitlan-2022\/\" \/>\n<meta property=\"og:site_name\" content=\"Expresso Metropolitano\" \/>\n<meta property=\"article:published_time\" content=\"2022-08-14T02:02:00+00:00\" \/>\n<meta property=\"article:modified_time\" content=\"2022-08-22T02:06:17+00:00\" \/>\n<meta property=\"og:image\" content=\"http:\/\/expressometro.mx\/wp-content\/uploads\/2022\/08\/Gustavo-Cardenas-130822-2.jpg\" \/>\n\t<meta property=\"og:image:width\" content=\"960\" \/>\n\t<meta property=\"og:image:height\" content=\"540\" \/>\n\t<meta property=\"og:image:type\" content=\"image\/jpeg\" \/>\n<meta name=\"author\" content=\"Expresso Metropolitano\" \/>\n<meta name=\"twitter:label1\" content=\"Escrito por\" \/>\n\t<meta name=\"twitter:data1\" content=\"Expresso Metropolitano\" \/>\n\t<meta name=\"twitter:label2\" content=\"Tiempo de lectura\" \/>\n\t<meta name=\"twitter:data2\" content=\"2 minutos\" \/>\n<script type=\"application\/ld+json\" class=\"yoast-schema-graph\">{\"@context\":\"https:\\\/\\\/schema.org\",\"@graph\":[{\"@type\":\"Article\",\"@id\":\"https:\\\/\\\/expressometro.mx\\\/index.php\\\/2022\\\/08\\\/13\\\/gustavo-cardenas-presente-en-la-entrega-de-premios-a-la-juventud-de-jocotitlan-2022\\\/#article\",\"isPartOf\":{\"@id\":\"https:\\\/\\\/expressometro.mx\\\/index.php\\\/2022\\\/08\\\/13\\\/gustavo-cardenas-presente-en-la-entrega-de-premios-a-la-juventud-de-jocotitlan-2022\\\/\"},\"author\":{\"name\":\"Expresso Metropolitano\",\"@id\":\"https:\\\/\\\/expressometro.mx\\\/#\\\/schema\\\/person\\\/efa971b4a0664db8ed5c22b1b0dd2f5d\"},\"headline\":\"GUSTAVO C\u00c1RDENAS PRESENTE EN LA ENTREGA DE PREMIOS A LA JUVENTUD DE JOCOTITL\u00c1N 2022\",\"datePublished\":\"2022-08-14T02:02:00+00:00\",\"dateModified\":\"2022-08-22T02:06:17+00:00\",\"mainEntityOfPage\":{\"@id\":\"https:\\\/\\\/expressometro.mx\\\/index.php\\\/2022\\\/08\\\/13\\\/gustavo-cardenas-presente-en-la-entrega-de-premios-a-la-juventud-de-jocotitlan-2022\\\/\"},\"wordCount\":406,\"commentCount\":0,\"publisher\":{\"@id\":\"https:\\\/\\\/expressometro.mx\\\/#organization\"},\"image\":{\"@id\":\"https:\\\/\\\/expressometro.mx\\\/index.php\\\/2022\\\/08\\\/13\\\/gustavo-cardenas-presente-en-la-entrega-de-premios-a-la-juventud-de-jocotitlan-2022\\\/#primaryimage\"},\"thumbnailUrl\":\"https:\\\/\\\/expressometro.mx\\\/wp-content\\\/uploads\\\/2022\\\/08\\\/Gustavo-Cardenas-130822-2.jpg\",\"keywords\":[\"El Oro\",\"Gustavo C\u00e1rdenas Monroy\"],\"articleSection\":[\"Finanzas\",\"Gobierno\",\"Pol\u00edtica\"],\"inLanguage\":\"es\",\"potentialAction\":[{\"@type\":\"CommentAction\",\"name\":\"Comment\",\"target\":[\"https:\\\/\\\/expressometro.mx\\\/index.php\\\/2022\\\/08\\\/13\\\/gustavo-cardenas-presente-en-la-entrega-de-premios-a-la-juventud-de-jocotitlan-2022\\\/#respond\"]}]},{\"@type\":\"WebPage\",\"@id\":\"https:\\\/\\\/expressometro.mx\\\/index.php\\\/2022\\\/08\\\/13\\\/gustavo-cardenas-presente-en-la-entrega-de-premios-a-la-juventud-de-jocotitlan-2022\\\/\",\"url\":\"https:\\\/\\\/expressometro.mx\\\/index.php\\\/2022\\\/08\\\/13\\\/gustavo-cardenas-presente-en-la-entrega-de-premios-a-la-juventud-de-jocotitlan-2022\\\/\",\"name\":\"GUSTAVO C\u00c1RDENAS PRESENTE EN LA ENTREGA DE PREMIOS A LA JUVENTUD DE JOCOTITL\u00c1N 2022 - Expresso Metropolitano\",\"isPartOf\":{\"@id\":\"https:\\\/\\\/expressometro.mx\\\/#website\"},\"primaryImageOfPage\":{\"@id\":\"https:\\\/\\\/expressometro.mx\\\/index.php\\\/2022\\\/08\\\/13\\\/gustavo-cardenas-presente-en-la-entrega-de-premios-a-la-juventud-de-jocotitlan-2022\\\/#primaryimage\"},\"image\":{\"@id\":\"https:\\\/\\\/expressometro.mx\\\/index.php\\\/2022\\\/08\\\/13\\\/gustavo-cardenas-presente-en-la-entrega-de-premios-a-la-juventud-de-jocotitlan-2022\\\/#primaryimage\"},\"thumbnailUrl\":\"https:\\\/\\\/expressometro.mx\\\/wp-content\\\/uploads\\\/2022\\\/08\\\/Gustavo-Cardenas-130822-2.jpg\",\"datePublished\":\"2022-08-14T02:02:00+00:00\",\"dateModified\":\"2022-08-22T02:06:17+00:00\",\"breadcrumb\":{\"@id\":\"https:\\\/\\\/expressometro.mx\\\/index.php\\\/2022\\\/08\\\/13\\\/gustavo-cardenas-presente-en-la-entrega-de-premios-a-la-juventud-de-jocotitlan-2022\\\/#breadcrumb\"},\"inLanguage\":\"es\",\"potentialAction\":[{\"@type\":\"ReadAction\",\"target\":[\"https:\\\/\\\/expressometro.mx\\\/index.php\\\/2022\\\/08\\\/13\\\/gustavo-cardenas-presente-en-la-entrega-de-premios-a-la-juventud-de-jocotitlan-2022\\\/\"]}]},{\"@type\":\"ImageObject\",\"inLanguage\":\"es\",\"@id\":\"https:\\\/\\\/expressometro.mx\\\/index.php\\\/2022\\\/08\\\/13\\\/gustavo-cardenas-presente-en-la-entrega-de-premios-a-la-juventud-de-jocotitlan-2022\\\/#primaryimage\",\"url\":\"https:\\\/\\\/expressometro.mx\\\/wp-content\\\/uploads\\\/2022\\\/08\\\/Gustavo-Cardenas-130822-2.jpg\",\"contentUrl\":\"https:\\\/\\\/expressometro.mx\\\/wp-content\\\/uploads\\\/2022\\\/08\\\/Gustavo-Cardenas-130822-2.jpg\",\"width\":960,\"height\":540},{\"@type\":\"BreadcrumbList\",\"@id\":\"https:\\\/\\\/expressometro.mx\\\/index.php\\\/2022\\\/08\\\/13\\\/gustavo-cardenas-presente-en-la-entrega-de-premios-a-la-juventud-de-jocotitlan-2022\\\/#breadcrumb\",\"itemListElement\":[{\"@type\":\"ListItem\",\"position\":1,\"name\":\"Inicio\",\"item\":\"https:\\\/\\\/expressometro.mx\\\/\"},{\"@type\":\"ListItem\",\"position\":2,\"name\":\"GUSTAVO C\u00c1RDENAS PRESENTE EN LA ENTREGA DE PREMIOS A LA JUVENTUD DE JOCOTITL\u00c1N 2022\"}]},{\"@type\":\"WebSite\",\"@id\":\"https:\\\/\\\/expressometro.mx\\\/#website\",\"url\":\"https:\\\/\\\/expressometro.mx\\\/\",\"name\":\"Expresso Metropolitano\",\"description\":\"Periodismo comprometido, informaci\u00f3n, investigaci\u00f3n y an\u00e1lisis\",\"publisher\":{\"@id\":\"https:\\\/\\\/expressometro.mx\\\/#organization\"},\"potentialAction\":[{\"@type\":\"SearchAction\",\"target\":{\"@type\":\"EntryPoint\",\"urlTemplate\":\"https:\\\/\\\/expressometro.mx\\\/?s={search_term_string}\"},\"query-input\":{\"@type\":\"PropertyValueSpecification\",\"valueRequired\":true,\"valueName\":\"search_term_string\"}}],\"inLanguage\":\"es\"},{\"@type\":\"Organization\",\"@id\":\"https:\\\/\\\/expressometro.mx\\\/#organization\",\"name\":\"Expresso Metropolitano\",\"url\":\"https:\\\/\\\/expressometro.mx\\\/\",\"logo\":{\"@type\":\"ImageObject\",\"inLanguage\":\"es\",\"@id\":\"https:\\\/\\\/expressometro.mx\\\/#\\\/schema\\\/logo\\\/image\\\/\",\"url\":\"https:\\\/\\\/expressometro.mx\\\/wp-content\\\/uploads\\\/2019\\\/07\\\/cropped-Logo-Expresso-Metropolitano-1-1.jpeg\",\"contentUrl\":\"https:\\\/\\\/expressometro.mx\\\/wp-content\\\/uploads\\\/2019\\\/07\\\/cropped-Logo-Expresso-Metropolitano-1-1.jpeg\",\"width\":290,\"height\":73,\"caption\":\"Expresso Metropolitano\"},\"image\":{\"@id\":\"https:\\\/\\\/expressometro.mx\\\/#\\\/schema\\\/logo\\\/image\\\/\"}},{\"@type\":\"Person\",\"@id\":\"https:\\\/\\\/expressometro.mx\\\/#\\\/schema\\\/person\\\/efa971b4a0664db8ed5c22b1b0dd2f5d\",\"name\":\"Expresso Metropolitano\",\"image\":{\"@type\":\"ImageObject\",\"inLanguage\":\"es\",\"@id\":\"https:\\\/\\\/secure.gravatar.com\\\/avatar\\\/a89f802b8de18c6952f223c88d3d106e9e3679839f4e25a02f4a6cc2ae6ba3b3?s=96&d=mm&r=g\",\"url\":\"https:\\\/\\\/secure.gravatar.com\\\/avatar\\\/a89f802b8de18c6952f223c88d3d106e9e3679839f4e25a02f4a6cc2ae6ba3b3?s=96&d=mm&r=g\",\"contentUrl\":\"https:\\\/\\\/secure.gravatar.com\\\/avatar\\\/a89f802b8de18c6952f223c88d3d106e9e3679839f4e25a02f4a6cc2ae6ba3b3?s=96&d=mm&r=g\",\"caption\":\"Expresso Metropolitano\"},\"url\":\"https:\\\/\\\/expressometro.mx\\\/index.php\\\/author\\\/diego\\\/\"}]}<\/script>\n<!-- \/ Yoast SEO plugin. -->","yoast_head_json":{"title":"GUSTAVO C\u00c1RDENAS PRESENTE EN LA ENTREGA DE PREMIOS A LA JUVENTUD DE JOCOTITL\u00c1N 2022 - Expresso Metropolitano","robots":{"index":"index","follow":"follow","max-snippet":"max-snippet:-1","max-image-preview":"max-image-preview:large","max-video-preview":"max-video-preview:-1"},"canonical":"https:\/\/expressometro.mx\/index.php\/2022\/08\/13\/gustavo-cardenas-presente-en-la-entrega-de-premios-a-la-juventud-de-jocotitlan-2022\/","og_locale":"es_MX","og_type":"article","og_title":"GUSTAVO C\u00c1RDENAS PRESENTE EN LA ENTREGA DE PREMIOS A LA JUVENTUD DE JOCOTITL\u00c1N 2022 - Expresso Metropolitano","og_description":"El Diputado Federal Gustavo C\u00e1rdenas Monroy asisti\u00f3 a la entrega del Premio Municipal de la Juventud 2022 en Jocotitl\u00e1n, en donde primeramente agradeci\u00f3 la invitaci\u00f3n del Presidente Municipal Jes\u00fas Cedillo as\u00ed como al director del Instituto de la Juventud de Jocotitl\u00e1n, Joel Mart\u00ednez por hacerlo part\u00edcipe en \u00e9ste importante evento.","og_url":"https:\/\/expressometro.mx\/index.php\/2022\/08\/13\/gustavo-cardenas-presente-en-la-entrega-de-premios-a-la-juventud-de-jocotitlan-2022\/","og_site_name":"Expresso Metropolitano","article_published_time":"2022-08-14T02:02:00+00:00","article_modified_time":"2022-08-22T02:06:17+00:00","og_image":[{"width":960,"height":540,"url":"http:\/\/expressometro.mx\/wp-content\/uploads\/2022\/08\/Gustavo-Cardenas-130822-2.jpg","type":"image\/jpeg"}],"author":"Expresso Metropolitano","twitter_misc":{"Escrito por":"Expresso Metropolitano","Tiempo de lectura":"2 minutos"},"schema":{"@context":"https:\/\/schema.org","@graph":[{"@type":"Article","@id":"https:\/\/expressometro.mx\/index.php\/2022\/08\/13\/gustavo-cardenas-presente-en-la-entrega-de-premios-a-la-juventud-de-jocotitlan-2022\/#article","isPartOf":{"@id":"https:\/\/expressometro.mx\/index.php\/2022\/08\/13\/gustavo-cardenas-presente-en-la-entrega-de-premios-a-la-juventud-de-jocotitlan-2022\/"},"author":{"name":"Expresso Metropolitano","@id":"https:\/\/expressometro.mx\/#\/schema\/person\/efa971b4a0664db8ed5c22b1b0dd2f5d"},"headline":"GUSTAVO C\u00c1RDENAS PRESENTE EN LA ENTREGA DE PREMIOS A LA JUVENTUD DE JOCOTITL\u00c1N 2022","datePublished":"2022-08-14T02:02:00+00:00","dateModified":"2022-08-22T02:06:17+00:00","mainEntityOfPage":{"@id":"https:\/\/expressometro.mx\/index.php\/2022\/08\/13\/gustavo-cardenas-presente-en-la-entrega-de-premios-a-la-juventud-de-jocotitlan-2022\/"},"wordCount":406,"commentCount":0,"publisher":{"@id":"https:\/\/expressometro.mx\/#organization"},"image":{"@id":"https:\/\/expressometro.mx\/index.php\/2022\/08\/13\/gustavo-cardenas-presente-en-la-entrega-de-premios-a-la-juventud-de-jocotitlan-2022\/#primaryimage"},"thumbnailUrl":"https:\/\/expressometro.mx\/wp-content\/uploads\/2022\/08\/Gustavo-Cardenas-130822-2.jpg","keywords":["El Oro","Gustavo C\u00e1rdenas Monroy"],"articleSection":["Finanzas","Gobierno","Pol\u00edtica"],"inLanguage":"es","potentialAction":[{"@type":"CommentAction","name":"Comment","target":["https:\/\/expressometro.mx\/index.php\/2022\/08\/13\/gustavo-cardenas-presente-en-la-entrega-de-premios-a-la-juventud-de-jocotitlan-2022\/#respond"]}]},{"@type":"WebPage","@id":"https:\/\/expressometro.mx\/index.php\/2022\/08\/13\/gustavo-cardenas-presente-en-la-entrega-de-premios-a-la-juventud-de-jocotitlan-2022\/","url":"https:\/\/expressometro.mx\/index.php\/2022\/08\/13\/gustavo-cardenas-presente-en-la-entrega-de-premios-a-la-juventud-de-jocotitlan-2022\/","name":"GUSTAVO C\u00c1RDENAS PRESENTE EN LA ENTREGA DE PREMIOS A LA JUVENTUD DE JOCOTITL\u00c1N 2022 - Expresso Metropolitano","isPartOf":{"@id":"https:\/\/expressometro.mx\/#website"},"primaryImageOfPage":{"@id":"https:\/\/expressometro.mx\/index.php\/2022\/08\/13\/gustavo-cardenas-presente-en-la-entrega-de-premios-a-la-juventud-de-jocotitlan-2022\/#primaryimage"},"image":{"@id":"https:\/\/expressometro.mx\/index.php\/2022\/08\/13\/gustavo-cardenas-presente-en-la-entrega-de-premios-a-la-juventud-de-jocotitlan-2022\/#primaryimage"},"thumbnailUrl":"https:\/\/expressometro.mx\/wp-content\/uploads\/2022\/08\/Gustavo-Cardenas-130822-2.jpg","datePublished":"2022-08-14T02:02:00+00:00","dateModified":"2022-08-22T02:06:17+00:00","breadcrumb":{"@id":"https:\/\/expressometro.mx\/index.php\/2022\/08\/13\/gustavo-cardenas-presente-en-la-entrega-de-premios-a-la-juventud-de-jocotitlan-2022\/#breadcrumb"},"inLanguage":"es","potentialAction":[{"@type":"ReadAction","target":["https:\/\/expressometro.mx\/index.php\/2022\/08\/13\/gustavo-cardenas-presente-en-la-entrega-de-premios-a-la-juventud-de-jocotitlan-2022\/"]}]},{"@type":"ImageObject","inLanguage":"es","@id":"https:\/\/expressometro.mx\/index.php\/2022\/08\/13\/gustavo-cardenas-presente-en-la-entrega-de-premios-a-la-juventud-de-jocotitlan-2022\/#primaryimage","url":"https:\/\/expressometro.mx\/wp-content\/uploads\/2022\/08\/Gustavo-Cardenas-130822-2.jpg","contentUrl":"https:\/\/expressometro.mx\/wp-content\/uploads\/2022\/08\/Gustavo-Cardenas-130822-2.jpg","width":960,"height":540},{"@type":"BreadcrumbList","@id":"https:\/\/expressometro.mx\/index.php\/2022\/08\/13\/gustavo-cardenas-presente-en-la-entrega-de-premios-a-la-juventud-de-jocotitlan-2022\/#breadcrumb","itemListElement":[{"@type":"ListItem","position":1,"name":"Inicio","item":"https:\/\/expressometro.mx\/"},{"@type":"ListItem","position":2,"name":"GUSTAVO C\u00c1RDENAS PRESENTE EN LA ENTREGA DE PREMIOS A LA JUVENTUD DE JOCOTITL\u00c1N 2022"}]},{"@type":"WebSite","@id":"https:\/\/expressometro.mx\/#website","url":"https:\/\/expressometro.mx\/","name":"Expresso Metropolitano","description":"Periodismo comprometido, informaci\u00f3n, investigaci\u00f3n y an\u00e1lisis","publisher":{"@id":"https:\/\/expressometro.mx\/#organization"},"potentialAction":[{"@type":"SearchAction","target":{"@type":"EntryPoint","urlTemplate":"https:\/\/expressometro.mx\/?s={search_term_string}"},"query-input":{"@type":"PropertyValueSpecification","valueRequired":true,"valueName":"search_term_string"}}],"inLanguage":"es"},{"@type":"Organization","@id":"https:\/\/expressometro.mx\/#organization","name":"Expresso Metropolitano","url":"https:\/\/expressometro.mx\/","logo":{"@type":"ImageObject","inLanguage":"es","@id":"https:\/\/expressometro.mx\/#\/schema\/logo\/image\/","url":"https:\/\/expressometro.mx\/wp-content\/uploads\/2019\/07\/cropped-Logo-Expresso-Metropolitano-1-1.jpeg","contentUrl":"https:\/\/expressometro.mx\/wp-content\/uploads\/2019\/07\/cropped-Logo-Expresso-Metropolitano-1-1.jpeg","width":290,"height":73,"caption":"Expresso Metropolitano"},"image":{"@id":"https:\/\/expressometro.mx\/#\/schema\/logo\/image\/"}},{"@type":"Person","@id":"https:\/\/expressometro.mx\/#\/schema\/person\/efa971b4a0664db8ed5c22b1b0dd2f5d","name":"Expresso Metropolitano","image":{"@type":"ImageObject","inLanguage":"es","@id":"https:\/\/secure.gravatar.com\/avatar\/a89f802b8de18c6952f223c88d3d106e9e3679839f4e25a02f4a6cc2ae6ba3b3?s=96&d=mm&r=g","url":"https:\/\/secure.gravatar.com\/avatar\/a89f802b8de18c6952f223c88d3d106e9e3679839f4e25a02f4a6cc2ae6ba3b3?s=96&d=mm&r=g","contentUrl":"https:\/\/secure.gravatar.com\/avatar\/a89f802b8de18c6952f223c88d3d106e9e3679839f4e25a02f4a6cc2ae6ba3b3?s=96&d=mm&r=g","caption":"Expresso Metropolitano"},"url":"https:\/\/expressometro.mx\/index.php\/author\/diego\/"}]}},"amp_enabled":true,"_links":{"self":[{"href":"https:\/\/expressometro.mx\/index.php\/wp-json\/wp\/v2\/posts\/6319","targetHints":{"allow":["GET"]}}],"collection":[{"href":"https:\/\/expressometro.mx\/index.php\/wp-json\/wp\/v2\/posts"}],"about":[{"href":"https:\/\/expressometro.mx\/index.php\/wp-json\/wp\/v2\/types\/post"}],"author":[{"embeddable":true,"href":"https:\/\/expressometro.mx\/index.php\/wp-json\/wp\/v2\/users\/1"}],"replies":[{"embeddable":true,"href":"https:\/\/expressometro.mx\/index.php\/wp-json\/wp\/v2\/comments?post=6319"}],"version-history":[{"count":1,"href":"https:\/\/expressometro.mx\/index.php\/wp-json\/wp\/v2\/posts\/6319\/revisions"}],"predecessor-version":[{"id":6322,"href":"https:\/\/expressometro.mx\/index.php\/wp-json\/wp\/v2\/posts\/6319\/revisions\/6322"}],"wp:featuredmedia":[{"embeddable":true,"href":"https:\/\/expressometro.mx\/index.php\/wp-json\/wp\/v2\/media\/6321"}],"wp:attachment":[{"href":"https:\/\/expressometro.mx\/index.php\/wp-json\/wp\/v2\/media?parent=6319"}],"wp:term":[{"taxonomy":"category","embeddable":true,"href":"https:\/\/expressometro.mx\/index.php\/wp-json\/wp\/v2\/categories?post=6319"},{"taxonomy":"post_tag","embeddable":true,"href":"https:\/\/expressometro.mx\/index.php\/wp-json\/wp\/v2\/tags?post=6319"}],"curies":[{"name":"wp","href":"https:\/\/api.w.org\/{rel}","templated":true}]}}