{"id":6291,"date":"2022-08-15T08:23:09","date_gmt":"2022-08-15T13:23:09","guid":{"rendered":"https:\/\/expressometro.mx\/?p=6291"},"modified":"2022-08-15T08:23:10","modified_gmt":"2022-08-15T13:23:10","slug":"inaugura-alfredo-del-mazo-refugio-para-mujeres-sus-hijas-e-hijos-en-situacion-de-violencia","status":"publish","type":"post","link":"https:\/\/expressometro.mx\/index.php\/2022\/08\/15\/inaugura-alfredo-del-mazo-refugio-para-mujeres-sus-hijas-e-hijos-en-situacion-de-violencia\/","title":{"rendered":"INAUGURA ALFREDO DEL MAZO REFUGIO PARA MUJERES, SUS HIJAS E HIJOS, EN SITUACI\u00d3N DE VIOLENCIA"},"content":{"rendered":"\n<p><\/p>\n\n\n\n<p>\u2022Brinda este espacio la oportunidad de que las v\u00edctimas de agresiones retomen su vida, al contar con servicios gratuitos de hospedaje, alimentaci\u00f3n, educativos, psicol\u00f3gicos, legales, de trabajo social y atenci\u00f3n m\u00e9dica.<\/p>\n\n\n\n<p>\u2022Informa Gobernador que, al finalizar este a\u00f1o, la entidad contar\u00e1 con 15 refugios, lo que coloca al estado como el que m\u00e1s espacios de este tipo tendr\u00e1 a nivel nacional.<\/p>\n\n\n\n<p>\u2022Atender\u00e1 este Refugio en Amecameca a la poblaci\u00f3n de 13 municipios de la Regi\u00f3n de los Volcanes.<\/p>\n\n\n\n<p>Con la finalidad de que las mujeres que han sufrido alguna agresi\u00f3n tengan a su alcance un espacio seguro donde puedan retomar sus vidas, el Gobernador Alfredo Del Mazo Maza inaugur\u00f3 un Refugio para Mujeres, sus hijas e hijos, en situaci\u00f3n de violencia, el cual proporciona hospedaje, alimentaci\u00f3n, vestido, servicios m\u00e9dicos, educativos, psicol\u00f3gicos, legales y de trabajo social, de manera gratuita.<\/p>\n\n\n\n<p>&#8220;Es un espacio muy importante para atender a las mujeres que han sido violentadas, que han sufrido violencia, acoso, hostigamiento, a sus familias, a sus hijos y que muchas veces tienen que salir de casa, precisamente por los actos de violencia, y aqu\u00ed en este espacio se les recibe.\u201d<\/p>\n\n\n\n<p>&#8220;Son espacios que operan las 24 horas del d\u00eda y que brindan varios servicios; primero que nada, de apoyo, de atenci\u00f3n m\u00e9dica, de apoyo psicol\u00f3gico, acompa\u00f1amiento legal y tambi\u00e9n se les da un espacio donde puedan estar viviendo, para que, a trav\u00e9s de estos espacios, se les pueda ir acompa\u00f1ado en esos momentos tan dif\u00edciles&#8221;, explic\u00f3 el Gobernador.<\/p>\n\n\n\n<figure class=\"wp-block-image size-large\"><img loading=\"lazy\" decoding=\"async\" width=\"690\" height=\"480\" src=\"https:\/\/expressometro.mx\/wp-content\/uploads\/2022\/08\/Edomex-Inaugura-Alfredo-del-Mazo-Refugio-para-Mujeres-120822-2-690x480.jpg\" alt=\"\" class=\"wp-image-6294\" srcset=\"https:\/\/expressometro.mx\/wp-content\/uploads\/2022\/08\/Edomex-Inaugura-Alfredo-del-Mazo-Refugio-para-Mujeres-120822-2-690x480.jpg 690w, https:\/\/expressometro.mx\/wp-content\/uploads\/2022\/08\/Edomex-Inaugura-Alfredo-del-Mazo-Refugio-para-Mujeres-120822-2-525x365.jpg 525w, https:\/\/expressometro.mx\/wp-content\/uploads\/2022\/08\/Edomex-Inaugura-Alfredo-del-Mazo-Refugio-para-Mujeres-120822-2-768x534.jpg 768w, https:\/\/expressometro.mx\/wp-content\/uploads\/2022\/08\/Edomex-Inaugura-Alfredo-del-Mazo-Refugio-para-Mujeres-120822-2.jpg 1280w\" sizes=\"auto, (max-width: 690px) 100vw, 690px\" \/><\/figure>\n\n\n\n<p>En la visita que hizo a este espacio, el mandatario estatal aprovech\u00f3 para reiterar que su administraci\u00f3n tiene el firme compromiso de prevenir, combatir y erradicar este tipo de agresiones contra las mujeres, y que este espacio, ubicado en Amecameca, tambi\u00e9n atender\u00e1 a la poblaci\u00f3n de 13 municipios de la Regi\u00f3n de los Volcanes.<\/p>\n\n\n\n<p>Del Mazo Maza anticip\u00f3 que, al finalizar este a\u00f1o, el Edom\u00e9x llegar\u00e1 a 15 refugios para mujeres violentadas, lo que colocar\u00e1 a la entidad como la que m\u00e1s sitios de este tipo tiene en el pa\u00eds. Adem\u00e1s de ofrecer diversos servicios y acompa\u00f1amiento a las mujeres, este refugio tambi\u00e9n dispone de \u00e1reas y actividades recreativas y educativas dirigidas a las hijas e hijos de las usuarias, dada la importancia de que los peque\u00f1os contin\u00faen con sus estudios y para que, durante su estancia, se impulse el restablecimiento de su autoestima y se acelere su egreso con miras a que se reincorporen sin temor a la sociedad.<\/p>\n\n\n\n<p>Tambi\u00e9n refiri\u00f3 que, como parte de las acciones que desarrolla la presente administraci\u00f3n para combatir este problema, los refugios estatales han atendido a m\u00e1s de 2 mil personas, adem\u00e1s que el Gobierno estatal brinda orientaci\u00f3n y atenci\u00f3n mediante la L\u00ednea Contra la Trata, la L\u00ednea Sin Violencia o los Espacios Naranja.<\/p>\n\n\n\n<p>El nuevo Refugio cuenta con habitaciones, un sal\u00f3n de multigrado donde se impartir\u00e1n talleres, asesor\u00edas y diversos servicios; un comedor, \u00e1reas de trabajo social, enfermer\u00eda, psicolog\u00eda cl\u00ednica adulta e infantil, y \u00e1reas verdes.<\/p>\n","protected":false},"excerpt":{"rendered":"<p>\u2022Brinda este espacio la oportunidad de que las v\u00edctimas de agresiones retomen su vida, al contar con servicios gratuitos de hospedaje, alimentaci\u00f3n, educativos, psicol\u00f3gicos, legales, de trabajo social y atenci\u00f3n m\u00e9dica.<\/p>\n","protected":false},"author":1,"featured_media":6293,"comment_status":"open","ping_status":"open","sticky":false,"template":"","format":"standard","meta":{"footnotes":""},"categories":[3,231,5,6],"tags":[87,86],"class_list":["post-6291","post","type-post","status-publish","format-standard","has-post-thumbnail","hentry","category-gobierno","category-politica","category-salud","category-seguridad","tag-alfredo-del-mazo","tag-gem"],"yoast_head":"<!-- This site is optimized with the Yoast SEO plugin v27.5 - https:\/\/yoast.com\/product\/yoast-seo-wordpress\/ -->\n<title>INAUGURA ALFREDO DEL MAZO REFUGIO PARA MUJERES, SUS HIJAS E HIJOS, EN SITUACI\u00d3N DE VIOLENCIA - Expresso Metropolitano<\/title>\n<meta name=\"robots\" content=\"index, follow, max-snippet:-1, max-image-preview:large, max-video-preview:-1\" \/>\n<link rel=\"canonical\" href=\"https:\/\/expressometro.mx\/index.php\/2022\/08\/15\/inaugura-alfredo-del-mazo-refugio-para-mujeres-sus-hijas-e-hijos-en-situacion-de-violencia\/\" \/>\n<meta property=\"og:locale\" content=\"es_MX\" \/>\n<meta property=\"og:type\" content=\"article\" \/>\n<meta property=\"og:title\" content=\"INAUGURA ALFREDO DEL MAZO REFUGIO PARA MUJERES, SUS HIJAS E HIJOS, EN SITUACI\u00d3N DE VIOLENCIA - Expresso Metropolitano\" \/>\n<meta property=\"og:description\" content=\"\u2022Brinda este espacio la oportunidad de que las v\u00edctimas de agresiones retomen su vida, al contar con servicios gratuitos de hospedaje, alimentaci\u00f3n, educativos, psicol\u00f3gicos, legales, de trabajo social y atenci\u00f3n m\u00e9dica.\" \/>\n<meta property=\"og:url\" content=\"https:\/\/expressometro.mx\/index.php\/2022\/08\/15\/inaugura-alfredo-del-mazo-refugio-para-mujeres-sus-hijas-e-hijos-en-situacion-de-violencia\/\" \/>\n<meta property=\"og:site_name\" content=\"Expresso Metropolitano\" \/>\n<meta property=\"article:published_time\" content=\"2022-08-15T13:23:09+00:00\" \/>\n<meta property=\"article:modified_time\" content=\"2022-08-15T13:23:10+00:00\" \/>\n<meta property=\"og:image\" content=\"http:\/\/expressometro.mx\/wp-content\/uploads\/2022\/08\/Edomex-Inaugura-Alfredo-del-Mazo-Refugio-para-Mujeres-120822-5.jpg\" \/>\n\t<meta property=\"og:image:width\" content=\"1600\" \/>\n\t<meta property=\"og:image:height\" content=\"1076\" \/>\n\t<meta property=\"og:image:type\" content=\"image\/jpeg\" \/>\n<meta name=\"author\" content=\"Expresso Metropolitano\" \/>\n<meta name=\"twitter:label1\" content=\"Escrito por\" \/>\n\t<meta name=\"twitter:data1\" content=\"Expresso Metropolitano\" \/>\n\t<meta name=\"twitter:label2\" content=\"Tiempo de lectura\" \/>\n\t<meta name=\"twitter:data2\" content=\"3 minutos\" \/>\n<script type=\"application\/ld+json\" class=\"yoast-schema-graph\">{\"@context\":\"https:\\\/\\\/schema.org\",\"@graph\":[{\"@type\":\"Article\",\"@id\":\"https:\\\/\\\/expressometro.mx\\\/index.php\\\/2022\\\/08\\\/15\\\/inaugura-alfredo-del-mazo-refugio-para-mujeres-sus-hijas-e-hijos-en-situacion-de-violencia\\\/#article\",\"isPartOf\":{\"@id\":\"https:\\\/\\\/expressometro.mx\\\/index.php\\\/2022\\\/08\\\/15\\\/inaugura-alfredo-del-mazo-refugio-para-mujeres-sus-hijas-e-hijos-en-situacion-de-violencia\\\/\"},\"author\":{\"name\":\"Expresso Metropolitano\",\"@id\":\"https:\\\/\\\/expressometro.mx\\\/#\\\/schema\\\/person\\\/efa971b4a0664db8ed5c22b1b0dd2f5d\"},\"headline\":\"INAUGURA ALFREDO DEL MAZO REFUGIO PARA MUJERES, SUS HIJAS E HIJOS, EN SITUACI\u00d3N DE VIOLENCIA\",\"datePublished\":\"2022-08-15T13:23:09+00:00\",\"dateModified\":\"2022-08-15T13:23:10+00:00\",\"mainEntityOfPage\":{\"@id\":\"https:\\\/\\\/expressometro.mx\\\/index.php\\\/2022\\\/08\\\/15\\\/inaugura-alfredo-del-mazo-refugio-para-mujeres-sus-hijas-e-hijos-en-situacion-de-violencia\\\/\"},\"wordCount\":550,\"commentCount\":0,\"publisher\":{\"@id\":\"https:\\\/\\\/expressometro.mx\\\/#organization\"},\"image\":{\"@id\":\"https:\\\/\\\/expressometro.mx\\\/index.php\\\/2022\\\/08\\\/15\\\/inaugura-alfredo-del-mazo-refugio-para-mujeres-sus-hijas-e-hijos-en-situacion-de-violencia\\\/#primaryimage\"},\"thumbnailUrl\":\"https:\\\/\\\/expressometro.mx\\\/wp-content\\\/uploads\\\/2022\\\/08\\\/Edomex-Inaugura-Alfredo-del-Mazo-Refugio-para-Mujeres-120822-5.jpg\",\"keywords\":[\"Alfredo del Mazo\",\"GEM\"],\"articleSection\":[\"Gobierno\",\"Pol\u00edtica\",\"Salud\",\"Seguridad\"],\"inLanguage\":\"es\",\"potentialAction\":[{\"@type\":\"CommentAction\",\"name\":\"Comment\",\"target\":[\"https:\\\/\\\/expressometro.mx\\\/index.php\\\/2022\\\/08\\\/15\\\/inaugura-alfredo-del-mazo-refugio-para-mujeres-sus-hijas-e-hijos-en-situacion-de-violencia\\\/#respond\"]}]},{\"@type\":\"WebPage\",\"@id\":\"https:\\\/\\\/expressometro.mx\\\/index.php\\\/2022\\\/08\\\/15\\\/inaugura-alfredo-del-mazo-refugio-para-mujeres-sus-hijas-e-hijos-en-situacion-de-violencia\\\/\",\"url\":\"https:\\\/\\\/expressometro.mx\\\/index.php\\\/2022\\\/08\\\/15\\\/inaugura-alfredo-del-mazo-refugio-para-mujeres-sus-hijas-e-hijos-en-situacion-de-violencia\\\/\",\"name\":\"INAUGURA ALFREDO DEL MAZO REFUGIO PARA MUJERES, SUS HIJAS E HIJOS, EN SITUACI\u00d3N DE VIOLENCIA - Expresso Metropolitano\",\"isPartOf\":{\"@id\":\"https:\\\/\\\/expressometro.mx\\\/#website\"},\"primaryImageOfPage\":{\"@id\":\"https:\\\/\\\/expressometro.mx\\\/index.php\\\/2022\\\/08\\\/15\\\/inaugura-alfredo-del-mazo-refugio-para-mujeres-sus-hijas-e-hijos-en-situacion-de-violencia\\\/#primaryimage\"},\"image\":{\"@id\":\"https:\\\/\\\/expressometro.mx\\\/index.php\\\/2022\\\/08\\\/15\\\/inaugura-alfredo-del-mazo-refugio-para-mujeres-sus-hijas-e-hijos-en-situacion-de-violencia\\\/#primaryimage\"},\"thumbnailUrl\":\"https:\\\/\\\/expressometro.mx\\\/wp-content\\\/uploads\\\/2022\\\/08\\\/Edomex-Inaugura-Alfredo-del-Mazo-Refugio-para-Mujeres-120822-5.jpg\",\"datePublished\":\"2022-08-15T13:23:09+00:00\",\"dateModified\":\"2022-08-15T13:23:10+00:00\",\"breadcrumb\":{\"@id\":\"https:\\\/\\\/expressometro.mx\\\/index.php\\\/2022\\\/08\\\/15\\\/inaugura-alfredo-del-mazo-refugio-para-mujeres-sus-hijas-e-hijos-en-situacion-de-violencia\\\/#breadcrumb\"},\"inLanguage\":\"es\",\"potentialAction\":[{\"@type\":\"ReadAction\",\"target\":[\"https:\\\/\\\/expressometro.mx\\\/index.php\\\/2022\\\/08\\\/15\\\/inaugura-alfredo-del-mazo-refugio-para-mujeres-sus-hijas-e-hijos-en-situacion-de-violencia\\\/\"]}]},{\"@type\":\"ImageObject\",\"inLanguage\":\"es\",\"@id\":\"https:\\\/\\\/expressometro.mx\\\/index.php\\\/2022\\\/08\\\/15\\\/inaugura-alfredo-del-mazo-refugio-para-mujeres-sus-hijas-e-hijos-en-situacion-de-violencia\\\/#primaryimage\",\"url\":\"https:\\\/\\\/expressometro.mx\\\/wp-content\\\/uploads\\\/2022\\\/08\\\/Edomex-Inaugura-Alfredo-del-Mazo-Refugio-para-Mujeres-120822-5.jpg\",\"contentUrl\":\"https:\\\/\\\/expressometro.mx\\\/wp-content\\\/uploads\\\/2022\\\/08\\\/Edomex-Inaugura-Alfredo-del-Mazo-Refugio-para-Mujeres-120822-5.jpg\",\"width\":1600,\"height\":1076},{\"@type\":\"BreadcrumbList\",\"@id\":\"https:\\\/\\\/expressometro.mx\\\/index.php\\\/2022\\\/08\\\/15\\\/inaugura-alfredo-del-mazo-refugio-para-mujeres-sus-hijas-e-hijos-en-situacion-de-violencia\\\/#breadcrumb\",\"itemListElement\":[{\"@type\":\"ListItem\",\"position\":1,\"name\":\"Inicio\",\"item\":\"https:\\\/\\\/expressometro.mx\\\/\"},{\"@type\":\"ListItem\",\"position\":2,\"name\":\"INAUGURA ALFREDO DEL MAZO REFUGIO PARA MUJERES, SUS HIJAS E HIJOS, EN SITUACI\u00d3N DE VIOLENCIA\"}]},{\"@type\":\"WebSite\",\"@id\":\"https:\\\/\\\/expressometro.mx\\\/#website\",\"url\":\"https:\\\/\\\/expressometro.mx\\\/\",\"name\":\"Expresso Metropolitano\",\"description\":\"Periodismo comprometido, informaci\u00f3n, investigaci\u00f3n y an\u00e1lisis\",\"publisher\":{\"@id\":\"https:\\\/\\\/expressometro.mx\\\/#organization\"},\"potentialAction\":[{\"@type\":\"SearchAction\",\"target\":{\"@type\":\"EntryPoint\",\"urlTemplate\":\"https:\\\/\\\/expressometro.mx\\\/?s={search_term_string}\"},\"query-input\":{\"@type\":\"PropertyValueSpecification\",\"valueRequired\":true,\"valueName\":\"search_term_string\"}}],\"inLanguage\":\"es\"},{\"@type\":\"Organization\",\"@id\":\"https:\\\/\\\/expressometro.mx\\\/#organization\",\"name\":\"Expresso Metropolitano\",\"url\":\"https:\\\/\\\/expressometro.mx\\\/\",\"logo\":{\"@type\":\"ImageObject\",\"inLanguage\":\"es\",\"@id\":\"https:\\\/\\\/expressometro.mx\\\/#\\\/schema\\\/logo\\\/image\\\/\",\"url\":\"https:\\\/\\\/expressometro.mx\\\/wp-content\\\/uploads\\\/2019\\\/07\\\/cropped-Logo-Expresso-Metropolitano-1-1.jpeg\",\"contentUrl\":\"https:\\\/\\\/expressometro.mx\\\/wp-content\\\/uploads\\\/2019\\\/07\\\/cropped-Logo-Expresso-Metropolitano-1-1.jpeg\",\"width\":290,\"height\":73,\"caption\":\"Expresso Metropolitano\"},\"image\":{\"@id\":\"https:\\\/\\\/expressometro.mx\\\/#\\\/schema\\\/logo\\\/image\\\/\"}},{\"@type\":\"Person\",\"@id\":\"https:\\\/\\\/expressometro.mx\\\/#\\\/schema\\\/person\\\/efa971b4a0664db8ed5c22b1b0dd2f5d\",\"name\":\"Expresso Metropolitano\",\"image\":{\"@type\":\"ImageObject\",\"inLanguage\":\"es\",\"@id\":\"https:\\\/\\\/secure.gravatar.com\\\/avatar\\\/a89f802b8de18c6952f223c88d3d106e9e3679839f4e25a02f4a6cc2ae6ba3b3?s=96&d=mm&r=g\",\"url\":\"https:\\\/\\\/secure.gravatar.com\\\/avatar\\\/a89f802b8de18c6952f223c88d3d106e9e3679839f4e25a02f4a6cc2ae6ba3b3?s=96&d=mm&r=g\",\"contentUrl\":\"https:\\\/\\\/secure.gravatar.com\\\/avatar\\\/a89f802b8de18c6952f223c88d3d106e9e3679839f4e25a02f4a6cc2ae6ba3b3?s=96&d=mm&r=g\",\"caption\":\"Expresso Metropolitano\"},\"url\":\"https:\\\/\\\/expressometro.mx\\\/index.php\\\/author\\\/diego\\\/\"}]}<\/script>\n<!-- \/ Yoast SEO plugin. -->","yoast_head_json":{"title":"INAUGURA ALFREDO DEL MAZO REFUGIO PARA MUJERES, SUS HIJAS E HIJOS, EN SITUACI\u00d3N DE VIOLENCIA - Expresso Metropolitano","robots":{"index":"index","follow":"follow","max-snippet":"max-snippet:-1","max-image-preview":"max-image-preview:large","max-video-preview":"max-video-preview:-1"},"canonical":"https:\/\/expressometro.mx\/index.php\/2022\/08\/15\/inaugura-alfredo-del-mazo-refugio-para-mujeres-sus-hijas-e-hijos-en-situacion-de-violencia\/","og_locale":"es_MX","og_type":"article","og_title":"INAUGURA ALFREDO DEL MAZO REFUGIO PARA MUJERES, SUS HIJAS E HIJOS, EN SITUACI\u00d3N DE VIOLENCIA - Expresso Metropolitano","og_description":"\u2022Brinda este espacio la oportunidad de que las v\u00edctimas de agresiones retomen su vida, al contar con servicios gratuitos de hospedaje, alimentaci\u00f3n, educativos, psicol\u00f3gicos, legales, de trabajo social y atenci\u00f3n m\u00e9dica.","og_url":"https:\/\/expressometro.mx\/index.php\/2022\/08\/15\/inaugura-alfredo-del-mazo-refugio-para-mujeres-sus-hijas-e-hijos-en-situacion-de-violencia\/","og_site_name":"Expresso Metropolitano","article_published_time":"2022-08-15T13:23:09+00:00","article_modified_time":"2022-08-15T13:23:10+00:00","og_image":[{"width":1600,"height":1076,"url":"http:\/\/expressometro.mx\/wp-content\/uploads\/2022\/08\/Edomex-Inaugura-Alfredo-del-Mazo-Refugio-para-Mujeres-120822-5.jpg","type":"image\/jpeg"}],"author":"Expresso Metropolitano","twitter_misc":{"Escrito por":"Expresso Metropolitano","Tiempo de lectura":"3 minutos"},"schema":{"@context":"https:\/\/schema.org","@graph":[{"@type":"Article","@id":"https:\/\/expressometro.mx\/index.php\/2022\/08\/15\/inaugura-alfredo-del-mazo-refugio-para-mujeres-sus-hijas-e-hijos-en-situacion-de-violencia\/#article","isPartOf":{"@id":"https:\/\/expressometro.mx\/index.php\/2022\/08\/15\/inaugura-alfredo-del-mazo-refugio-para-mujeres-sus-hijas-e-hijos-en-situacion-de-violencia\/"},"author":{"name":"Expresso Metropolitano","@id":"https:\/\/expressometro.mx\/#\/schema\/person\/efa971b4a0664db8ed5c22b1b0dd2f5d"},"headline":"INAUGURA ALFREDO DEL MAZO REFUGIO PARA MUJERES, SUS HIJAS E HIJOS, EN SITUACI\u00d3N DE VIOLENCIA","datePublished":"2022-08-15T13:23:09+00:00","dateModified":"2022-08-15T13:23:10+00:00","mainEntityOfPage":{"@id":"https:\/\/expressometro.mx\/index.php\/2022\/08\/15\/inaugura-alfredo-del-mazo-refugio-para-mujeres-sus-hijas-e-hijos-en-situacion-de-violencia\/"},"wordCount":550,"commentCount":0,"publisher":{"@id":"https:\/\/expressometro.mx\/#organization"},"image":{"@id":"https:\/\/expressometro.mx\/index.php\/2022\/08\/15\/inaugura-alfredo-del-mazo-refugio-para-mujeres-sus-hijas-e-hijos-en-situacion-de-violencia\/#primaryimage"},"thumbnailUrl":"https:\/\/expressometro.mx\/wp-content\/uploads\/2022\/08\/Edomex-Inaugura-Alfredo-del-Mazo-Refugio-para-Mujeres-120822-5.jpg","keywords":["Alfredo del Mazo","GEM"],"articleSection":["Gobierno","Pol\u00edtica","Salud","Seguridad"],"inLanguage":"es","potentialAction":[{"@type":"CommentAction","name":"Comment","target":["https:\/\/expressometro.mx\/index.php\/2022\/08\/15\/inaugura-alfredo-del-mazo-refugio-para-mujeres-sus-hijas-e-hijos-en-situacion-de-violencia\/#respond"]}]},{"@type":"WebPage","@id":"https:\/\/expressometro.mx\/index.php\/2022\/08\/15\/inaugura-alfredo-del-mazo-refugio-para-mujeres-sus-hijas-e-hijos-en-situacion-de-violencia\/","url":"https:\/\/expressometro.mx\/index.php\/2022\/08\/15\/inaugura-alfredo-del-mazo-refugio-para-mujeres-sus-hijas-e-hijos-en-situacion-de-violencia\/","name":"INAUGURA ALFREDO DEL MAZO REFUGIO PARA MUJERES, SUS HIJAS E HIJOS, EN SITUACI\u00d3N DE VIOLENCIA - Expresso Metropolitano","isPartOf":{"@id":"https:\/\/expressometro.mx\/#website"},"primaryImageOfPage":{"@id":"https:\/\/expressometro.mx\/index.php\/2022\/08\/15\/inaugura-alfredo-del-mazo-refugio-para-mujeres-sus-hijas-e-hijos-en-situacion-de-violencia\/#primaryimage"},"image":{"@id":"https:\/\/expressometro.mx\/index.php\/2022\/08\/15\/inaugura-alfredo-del-mazo-refugio-para-mujeres-sus-hijas-e-hijos-en-situacion-de-violencia\/#primaryimage"},"thumbnailUrl":"https:\/\/expressometro.mx\/wp-content\/uploads\/2022\/08\/Edomex-Inaugura-Alfredo-del-Mazo-Refugio-para-Mujeres-120822-5.jpg","datePublished":"2022-08-15T13:23:09+00:00","dateModified":"2022-08-15T13:23:10+00:00","breadcrumb":{"@id":"https:\/\/expressometro.mx\/index.php\/2022\/08\/15\/inaugura-alfredo-del-mazo-refugio-para-mujeres-sus-hijas-e-hijos-en-situacion-de-violencia\/#breadcrumb"},"inLanguage":"es","potentialAction":[{"@type":"ReadAction","target":["https:\/\/expressometro.mx\/index.php\/2022\/08\/15\/inaugura-alfredo-del-mazo-refugio-para-mujeres-sus-hijas-e-hijos-en-situacion-de-violencia\/"]}]},{"@type":"ImageObject","inLanguage":"es","@id":"https:\/\/expressometro.mx\/index.php\/2022\/08\/15\/inaugura-alfredo-del-mazo-refugio-para-mujeres-sus-hijas-e-hijos-en-situacion-de-violencia\/#primaryimage","url":"https:\/\/expressometro.mx\/wp-content\/uploads\/2022\/08\/Edomex-Inaugura-Alfredo-del-Mazo-Refugio-para-Mujeres-120822-5.jpg","contentUrl":"https:\/\/expressometro.mx\/wp-content\/uploads\/2022\/08\/Edomex-Inaugura-Alfredo-del-Mazo-Refugio-para-Mujeres-120822-5.jpg","width":1600,"height":1076},{"@type":"BreadcrumbList","@id":"https:\/\/expressometro.mx\/index.php\/2022\/08\/15\/inaugura-alfredo-del-mazo-refugio-para-mujeres-sus-hijas-e-hijos-en-situacion-de-violencia\/#breadcrumb","itemListElement":[{"@type":"ListItem","position":1,"name":"Inicio","item":"https:\/\/expressometro.mx\/"},{"@type":"ListItem","position":2,"name":"INAUGURA ALFREDO DEL MAZO REFUGIO PARA MUJERES, SUS HIJAS E HIJOS, EN SITUACI\u00d3N DE VIOLENCIA"}]},{"@type":"WebSite","@id":"https:\/\/expressometro.mx\/#website","url":"https:\/\/expressometro.mx\/","name":"Expresso Metropolitano","description":"Periodismo comprometido, informaci\u00f3n, investigaci\u00f3n y an\u00e1lisis","publisher":{"@id":"https:\/\/expressometro.mx\/#organization"},"potentialAction":[{"@type":"SearchAction","target":{"@type":"EntryPoint","urlTemplate":"https:\/\/expressometro.mx\/?s={search_term_string}"},"query-input":{"@type":"PropertyValueSpecification","valueRequired":true,"valueName":"search_term_string"}}],"inLanguage":"es"},{"@type":"Organization","@id":"https:\/\/expressometro.mx\/#organization","name":"Expresso Metropolitano","url":"https:\/\/expressometro.mx\/","logo":{"@type":"ImageObject","inLanguage":"es","@id":"https:\/\/expressometro.mx\/#\/schema\/logo\/image\/","url":"https:\/\/expressometro.mx\/wp-content\/uploads\/2019\/07\/cropped-Logo-Expresso-Metropolitano-1-1.jpeg","contentUrl":"https:\/\/expressometro.mx\/wp-content\/uploads\/2019\/07\/cropped-Logo-Expresso-Metropolitano-1-1.jpeg","width":290,"height":73,"caption":"Expresso Metropolitano"},"image":{"@id":"https:\/\/expressometro.mx\/#\/schema\/logo\/image\/"}},{"@type":"Person","@id":"https:\/\/expressometro.mx\/#\/schema\/person\/efa971b4a0664db8ed5c22b1b0dd2f5d","name":"Expresso Metropolitano","image":{"@type":"ImageObject","inLanguage":"es","@id":"https:\/\/secure.gravatar.com\/avatar\/a89f802b8de18c6952f223c88d3d106e9e3679839f4e25a02f4a6cc2ae6ba3b3?s=96&d=mm&r=g","url":"https:\/\/secure.gravatar.com\/avatar\/a89f802b8de18c6952f223c88d3d106e9e3679839f4e25a02f4a6cc2ae6ba3b3?s=96&d=mm&r=g","contentUrl":"https:\/\/secure.gravatar.com\/avatar\/a89f802b8de18c6952f223c88d3d106e9e3679839f4e25a02f4a6cc2ae6ba3b3?s=96&d=mm&r=g","caption":"Expresso Metropolitano"},"url":"https:\/\/expressometro.mx\/index.php\/author\/diego\/"}]}},"amp_enabled":true,"_links":{"self":[{"href":"https:\/\/expressometro.mx\/index.php\/wp-json\/wp\/v2\/posts\/6291","targetHints":{"allow":["GET"]}}],"collection":[{"href":"https:\/\/expressometro.mx\/index.php\/wp-json\/wp\/v2\/posts"}],"about":[{"href":"https:\/\/expressometro.mx\/index.php\/wp-json\/wp\/v2\/types\/post"}],"author":[{"embeddable":true,"href":"https:\/\/expressometro.mx\/index.php\/wp-json\/wp\/v2\/users\/1"}],"replies":[{"embeddable":true,"href":"https:\/\/expressometro.mx\/index.php\/wp-json\/wp\/v2\/comments?post=6291"}],"version-history":[{"count":1,"href":"https:\/\/expressometro.mx\/index.php\/wp-json\/wp\/v2\/posts\/6291\/revisions"}],"predecessor-version":[{"id":6295,"href":"https:\/\/expressometro.mx\/index.php\/wp-json\/wp\/v2\/posts\/6291\/revisions\/6295"}],"wp:featuredmedia":[{"embeddable":true,"href":"https:\/\/expressometro.mx\/index.php\/wp-json\/wp\/v2\/media\/6293"}],"wp:attachment":[{"href":"https:\/\/expressometro.mx\/index.php\/wp-json\/wp\/v2\/media?parent=6291"}],"wp:term":[{"taxonomy":"category","embeddable":true,"href":"https:\/\/expressometro.mx\/index.php\/wp-json\/wp\/v2\/categories?post=6291"},{"taxonomy":"post_tag","embeddable":true,"href":"https:\/\/expressometro.mx\/index.php\/wp-json\/wp\/v2\/tags?post=6291"}],"curies":[{"name":"wp","href":"https:\/\/api.w.org\/{rel}","templated":true}]}}