{"id":6282,"date":"2022-08-02T22:04:00","date_gmt":"2022-08-03T03:04:00","guid":{"rendered":"https:\/\/expressometro.mx\/?p=6282"},"modified":"2022-08-18T19:34:36","modified_gmt":"2022-08-19T00:34:36","slug":"el-diputado-gustavo-cardenas-dio-inicio-la-feria-con-encanto-en-jocotitlan","status":"publish","type":"post","link":"https:\/\/expressometro.mx\/index.php\/2022\/08\/02\/el-diputado-gustavo-cardenas-dio-inicio-la-feria-con-encanto-en-jocotitlan\/","title":{"rendered":"EL DIPUTADO GUSTAVO C\u00c1RDENAS DIO INICIO LA FERIA CON ENCANTO EN JOCOTITL\u00c1N"},"content":{"rendered":"\n<p><\/p>\n\n\n\n<p>La inauguraci\u00f3n del la Feria con Encanto en Jocotitl\u00e1n tuvo un invitado distinguido, el Diputado Federal Gustavo C\u00e1rdenas Monroy. El Presidente Municipal, Jes\u00fas Cedillo Gonz\u00e1lez, en conjunto con las autoridades pertinentes y la ciudadan\u00eda en general armaron el Programa de esta Feria, lo que permite que las actividades planeadas sean del gusto en general y as\u00ed obtener una mayor concurrencia.<\/p>\n\n\n\n<p>Se podr\u00e1 disfrutar de una serie de eventos diversos hasta el 14 de agosto, se tiene contemplado que se convierta en un punto de reuni\u00f3n y convivencia sana, donde prime el respeto, para que el p\u00fablico pueda entretenerse sin inconvenientes.<\/p>\n\n\n\n<p>Esta feria es una de las m\u00e1s importantes de la regi\u00f3n, por lo tanto, tambi\u00e9n se tendr\u00e1 visitas de los municipios aleda\u00f1os, siendo las atracciones feriales las que impulsar\u00e1n el movimiento tur\u00edstico y el econ\u00f3mico. Jocotitl\u00e1n es reconocido por la cordialidad de sus habitantes, su gastronom\u00eda deliciosa y su semillero art\u00edstico. Es por esto que los artistas que se presentar\u00e1n en los escenarios, en su mayor\u00eda, son originarios de esta localidad.<\/p>\n\n\n\n<p>El Diputado Gustavo C\u00e1rdenas resalt\u00f3 la importancia de seguir con los protocolos de sanidad, como se ha venido haciendo hasta ahora, el uso del cubrebocas seguir\u00e1 siendo un requisito para poder ingresar a la Feria.<\/p>\n\n\n\n<p>La organizaci\u00f3n de este tipo de eventos implica la participaci\u00f3n de un gran n\u00famero de personas, para que salga a la perfecci\u00f3n. La programaci\u00f3n de las presentaciones de esta Feria con Encanto, es fundamental para que se logre la fluidez del evento, es por esto que el Diputado C\u00e1rdenas agradeci\u00f3 a todos los organizadores de la Feria con Encanto, ya que reconoce las dificultades a las que se enfrentan en un evento de tal magnitud.<\/p>\n\n\n\n<p>Es por esto que se le pide al p\u00fablico asistente que sean puntuales a la hora de acudir a las presentaciones, para no entorpecer el desarrollo de \u00e9stas. Al final, todos los eventos, exposiciones, presentaciones art\u00edsticas, se realizan para que el p\u00fablico pueda pasar un tiempo agradable con los amigos o con la familia.<\/p>\n","protected":false},"excerpt":{"rendered":"<p>La inauguraci\u00f3n del la Feria con Encanto en Jocotitl\u00e1n tuvo un invitado distinguido, el Diputado Federal Gustavo C\u00e1rdenas Monroy. El Presidente Municipal, Jes\u00fas Cedillo Gonz\u00e1lez, en conjunto con las autoridades pertinentes y la ciudadan\u00eda en general armaron el Programa de esta Feria, lo que permite que las actividades planeadas sean del gusto en general y as\u00ed obtener una mayor concurrencia.<\/p>\n","protected":false},"author":1,"featured_media":6284,"comment_status":"open","ping_status":"open","sticky":false,"template":"","format":"standard","meta":{"footnotes":""},"categories":[11,4,3,231],"tags":[845,324],"class_list":["post-6282","post","type-post","status-publish","format-standard","has-post-thumbnail","hentry","category-cultura","category-finanzas","category-gobierno","category-politica","tag-gustavo-cardenas-monroy","tag-jocotitlan"],"yoast_head":"<!-- This site is optimized with the Yoast SEO plugin v27.5 - https:\/\/yoast.com\/product\/yoast-seo-wordpress\/ -->\n<title>EL DIPUTADO GUSTAVO C\u00c1RDENAS DIO INICIO LA FERIA CON ENCANTO EN JOCOTITL\u00c1N - Expresso Metropolitano<\/title>\n<meta name=\"robots\" content=\"index, follow, max-snippet:-1, max-image-preview:large, max-video-preview:-1\" \/>\n<link rel=\"canonical\" href=\"https:\/\/expressometro.mx\/index.php\/2022\/08\/02\/el-diputado-gustavo-cardenas-dio-inicio-la-feria-con-encanto-en-jocotitlan\/\" \/>\n<meta property=\"og:locale\" content=\"es_MX\" \/>\n<meta property=\"og:type\" content=\"article\" \/>\n<meta property=\"og:title\" content=\"EL DIPUTADO GUSTAVO C\u00c1RDENAS DIO INICIO LA FERIA CON ENCANTO EN JOCOTITL\u00c1N - Expresso Metropolitano\" \/>\n<meta property=\"og:description\" content=\"La inauguraci\u00f3n del la Feria con Encanto en Jocotitl\u00e1n tuvo un invitado distinguido, el Diputado Federal Gustavo C\u00e1rdenas Monroy. El Presidente Municipal, Jes\u00fas Cedillo Gonz\u00e1lez, en conjunto con las autoridades pertinentes y la ciudadan\u00eda en general armaron el Programa de esta Feria, lo que permite que las actividades planeadas sean del gusto en general y as\u00ed obtener una mayor concurrencia.\" \/>\n<meta property=\"og:url\" content=\"https:\/\/expressometro.mx\/index.php\/2022\/08\/02\/el-diputado-gustavo-cardenas-dio-inicio-la-feria-con-encanto-en-jocotitlan\/\" \/>\n<meta property=\"og:site_name\" content=\"Expresso Metropolitano\" \/>\n<meta property=\"article:published_time\" content=\"2022-08-03T03:04:00+00:00\" \/>\n<meta property=\"article:modified_time\" content=\"2022-08-19T00:34:36+00:00\" \/>\n<meta property=\"og:image\" content=\"http:\/\/expressometro.mx\/wp-content\/uploads\/2022\/08\/Gustavo-Cardenas-Feria-con-Encanto-Joco-020822-1.jpg\" \/>\n\t<meta property=\"og:image:width\" content=\"960\" \/>\n\t<meta property=\"og:image:height\" content=\"640\" \/>\n\t<meta property=\"og:image:type\" content=\"image\/jpeg\" \/>\n<meta name=\"author\" content=\"Expresso Metropolitano\" \/>\n<meta name=\"twitter:label1\" content=\"Escrito por\" \/>\n\t<meta name=\"twitter:data1\" content=\"Expresso Metropolitano\" \/>\n\t<meta name=\"twitter:label2\" content=\"Tiempo de lectura\" \/>\n\t<meta name=\"twitter:data2\" content=\"2 minutos\" \/>\n<script type=\"application\/ld+json\" class=\"yoast-schema-graph\">{\"@context\":\"https:\\\/\\\/schema.org\",\"@graph\":[{\"@type\":\"Article\",\"@id\":\"https:\\\/\\\/expressometro.mx\\\/index.php\\\/2022\\\/08\\\/02\\\/el-diputado-gustavo-cardenas-dio-inicio-la-feria-con-encanto-en-jocotitlan\\\/#article\",\"isPartOf\":{\"@id\":\"https:\\\/\\\/expressometro.mx\\\/index.php\\\/2022\\\/08\\\/02\\\/el-diputado-gustavo-cardenas-dio-inicio-la-feria-con-encanto-en-jocotitlan\\\/\"},\"author\":{\"name\":\"Expresso Metropolitano\",\"@id\":\"https:\\\/\\\/expressometro.mx\\\/#\\\/schema\\\/person\\\/efa971b4a0664db8ed5c22b1b0dd2f5d\"},\"headline\":\"EL DIPUTADO GUSTAVO C\u00c1RDENAS DIO INICIO LA FERIA CON ENCANTO EN JOCOTITL\u00c1N\",\"datePublished\":\"2022-08-03T03:04:00+00:00\",\"dateModified\":\"2022-08-19T00:34:36+00:00\",\"mainEntityOfPage\":{\"@id\":\"https:\\\/\\\/expressometro.mx\\\/index.php\\\/2022\\\/08\\\/02\\\/el-diputado-gustavo-cardenas-dio-inicio-la-feria-con-encanto-en-jocotitlan\\\/\"},\"wordCount\":378,\"commentCount\":0,\"publisher\":{\"@id\":\"https:\\\/\\\/expressometro.mx\\\/#organization\"},\"image\":{\"@id\":\"https:\\\/\\\/expressometro.mx\\\/index.php\\\/2022\\\/08\\\/02\\\/el-diputado-gustavo-cardenas-dio-inicio-la-feria-con-encanto-en-jocotitlan\\\/#primaryimage\"},\"thumbnailUrl\":\"https:\\\/\\\/expressometro.mx\\\/wp-content\\\/uploads\\\/2022\\\/08\\\/Gustavo-Cardenas-Feria-con-Encanto-Joco-020822-1.jpg\",\"keywords\":[\"Gustavo C\u00e1rdenas Monroy\",\"Jocotitl\u00e1n\"],\"articleSection\":[\"Cultura\",\"Finanzas\",\"Gobierno\",\"Pol\u00edtica\"],\"inLanguage\":\"es\",\"potentialAction\":[{\"@type\":\"CommentAction\",\"name\":\"Comment\",\"target\":[\"https:\\\/\\\/expressometro.mx\\\/index.php\\\/2022\\\/08\\\/02\\\/el-diputado-gustavo-cardenas-dio-inicio-la-feria-con-encanto-en-jocotitlan\\\/#respond\"]}]},{\"@type\":\"WebPage\",\"@id\":\"https:\\\/\\\/expressometro.mx\\\/index.php\\\/2022\\\/08\\\/02\\\/el-diputado-gustavo-cardenas-dio-inicio-la-feria-con-encanto-en-jocotitlan\\\/\",\"url\":\"https:\\\/\\\/expressometro.mx\\\/index.php\\\/2022\\\/08\\\/02\\\/el-diputado-gustavo-cardenas-dio-inicio-la-feria-con-encanto-en-jocotitlan\\\/\",\"name\":\"EL DIPUTADO GUSTAVO C\u00c1RDENAS DIO INICIO LA FERIA CON ENCANTO EN JOCOTITL\u00c1N - Expresso Metropolitano\",\"isPartOf\":{\"@id\":\"https:\\\/\\\/expressometro.mx\\\/#website\"},\"primaryImageOfPage\":{\"@id\":\"https:\\\/\\\/expressometro.mx\\\/index.php\\\/2022\\\/08\\\/02\\\/el-diputado-gustavo-cardenas-dio-inicio-la-feria-con-encanto-en-jocotitlan\\\/#primaryimage\"},\"image\":{\"@id\":\"https:\\\/\\\/expressometro.mx\\\/index.php\\\/2022\\\/08\\\/02\\\/el-diputado-gustavo-cardenas-dio-inicio-la-feria-con-encanto-en-jocotitlan\\\/#primaryimage\"},\"thumbnailUrl\":\"https:\\\/\\\/expressometro.mx\\\/wp-content\\\/uploads\\\/2022\\\/08\\\/Gustavo-Cardenas-Feria-con-Encanto-Joco-020822-1.jpg\",\"datePublished\":\"2022-08-03T03:04:00+00:00\",\"dateModified\":\"2022-08-19T00:34:36+00:00\",\"breadcrumb\":{\"@id\":\"https:\\\/\\\/expressometro.mx\\\/index.php\\\/2022\\\/08\\\/02\\\/el-diputado-gustavo-cardenas-dio-inicio-la-feria-con-encanto-en-jocotitlan\\\/#breadcrumb\"},\"inLanguage\":\"es\",\"potentialAction\":[{\"@type\":\"ReadAction\",\"target\":[\"https:\\\/\\\/expressometro.mx\\\/index.php\\\/2022\\\/08\\\/02\\\/el-diputado-gustavo-cardenas-dio-inicio-la-feria-con-encanto-en-jocotitlan\\\/\"]}]},{\"@type\":\"ImageObject\",\"inLanguage\":\"es\",\"@id\":\"https:\\\/\\\/expressometro.mx\\\/index.php\\\/2022\\\/08\\\/02\\\/el-diputado-gustavo-cardenas-dio-inicio-la-feria-con-encanto-en-jocotitlan\\\/#primaryimage\",\"url\":\"https:\\\/\\\/expressometro.mx\\\/wp-content\\\/uploads\\\/2022\\\/08\\\/Gustavo-Cardenas-Feria-con-Encanto-Joco-020822-1.jpg\",\"contentUrl\":\"https:\\\/\\\/expressometro.mx\\\/wp-content\\\/uploads\\\/2022\\\/08\\\/Gustavo-Cardenas-Feria-con-Encanto-Joco-020822-1.jpg\",\"width\":960,\"height\":640},{\"@type\":\"BreadcrumbList\",\"@id\":\"https:\\\/\\\/expressometro.mx\\\/index.php\\\/2022\\\/08\\\/02\\\/el-diputado-gustavo-cardenas-dio-inicio-la-feria-con-encanto-en-jocotitlan\\\/#breadcrumb\",\"itemListElement\":[{\"@type\":\"ListItem\",\"position\":1,\"name\":\"Inicio\",\"item\":\"https:\\\/\\\/expressometro.mx\\\/\"},{\"@type\":\"ListItem\",\"position\":2,\"name\":\"EL DIPUTADO GUSTAVO C\u00c1RDENAS DIO INICIO LA FERIA CON ENCANTO EN JOCOTITL\u00c1N\"}]},{\"@type\":\"WebSite\",\"@id\":\"https:\\\/\\\/expressometro.mx\\\/#website\",\"url\":\"https:\\\/\\\/expressometro.mx\\\/\",\"name\":\"Expresso Metropolitano\",\"description\":\"Periodismo comprometido, informaci\u00f3n, investigaci\u00f3n y an\u00e1lisis\",\"publisher\":{\"@id\":\"https:\\\/\\\/expressometro.mx\\\/#organization\"},\"potentialAction\":[{\"@type\":\"SearchAction\",\"target\":{\"@type\":\"EntryPoint\",\"urlTemplate\":\"https:\\\/\\\/expressometro.mx\\\/?s={search_term_string}\"},\"query-input\":{\"@type\":\"PropertyValueSpecification\",\"valueRequired\":true,\"valueName\":\"search_term_string\"}}],\"inLanguage\":\"es\"},{\"@type\":\"Organization\",\"@id\":\"https:\\\/\\\/expressometro.mx\\\/#organization\",\"name\":\"Expresso Metropolitano\",\"url\":\"https:\\\/\\\/expressometro.mx\\\/\",\"logo\":{\"@type\":\"ImageObject\",\"inLanguage\":\"es\",\"@id\":\"https:\\\/\\\/expressometro.mx\\\/#\\\/schema\\\/logo\\\/image\\\/\",\"url\":\"https:\\\/\\\/expressometro.mx\\\/wp-content\\\/uploads\\\/2019\\\/07\\\/cropped-Logo-Expresso-Metropolitano-1-1.jpeg\",\"contentUrl\":\"https:\\\/\\\/expressometro.mx\\\/wp-content\\\/uploads\\\/2019\\\/07\\\/cropped-Logo-Expresso-Metropolitano-1-1.jpeg\",\"width\":290,\"height\":73,\"caption\":\"Expresso Metropolitano\"},\"image\":{\"@id\":\"https:\\\/\\\/expressometro.mx\\\/#\\\/schema\\\/logo\\\/image\\\/\"}},{\"@type\":\"Person\",\"@id\":\"https:\\\/\\\/expressometro.mx\\\/#\\\/schema\\\/person\\\/efa971b4a0664db8ed5c22b1b0dd2f5d\",\"name\":\"Expresso Metropolitano\",\"image\":{\"@type\":\"ImageObject\",\"inLanguage\":\"es\",\"@id\":\"https:\\\/\\\/secure.gravatar.com\\\/avatar\\\/a89f802b8de18c6952f223c88d3d106e9e3679839f4e25a02f4a6cc2ae6ba3b3?s=96&d=mm&r=g\",\"url\":\"https:\\\/\\\/secure.gravatar.com\\\/avatar\\\/a89f802b8de18c6952f223c88d3d106e9e3679839f4e25a02f4a6cc2ae6ba3b3?s=96&d=mm&r=g\",\"contentUrl\":\"https:\\\/\\\/secure.gravatar.com\\\/avatar\\\/a89f802b8de18c6952f223c88d3d106e9e3679839f4e25a02f4a6cc2ae6ba3b3?s=96&d=mm&r=g\",\"caption\":\"Expresso Metropolitano\"},\"url\":\"https:\\\/\\\/expressometro.mx\\\/index.php\\\/author\\\/diego\\\/\"}]}<\/script>\n<!-- \/ Yoast SEO plugin. -->","yoast_head_json":{"title":"EL DIPUTADO GUSTAVO C\u00c1RDENAS DIO INICIO LA FERIA CON ENCANTO EN JOCOTITL\u00c1N - Expresso Metropolitano","robots":{"index":"index","follow":"follow","max-snippet":"max-snippet:-1","max-image-preview":"max-image-preview:large","max-video-preview":"max-video-preview:-1"},"canonical":"https:\/\/expressometro.mx\/index.php\/2022\/08\/02\/el-diputado-gustavo-cardenas-dio-inicio-la-feria-con-encanto-en-jocotitlan\/","og_locale":"es_MX","og_type":"article","og_title":"EL DIPUTADO GUSTAVO C\u00c1RDENAS DIO INICIO LA FERIA CON ENCANTO EN JOCOTITL\u00c1N - Expresso Metropolitano","og_description":"La inauguraci\u00f3n del la Feria con Encanto en Jocotitl\u00e1n tuvo un invitado distinguido, el Diputado Federal Gustavo C\u00e1rdenas Monroy. El Presidente Municipal, Jes\u00fas Cedillo Gonz\u00e1lez, en conjunto con las autoridades pertinentes y la ciudadan\u00eda en general armaron el Programa de esta Feria, lo que permite que las actividades planeadas sean del gusto en general y as\u00ed obtener una mayor concurrencia.","og_url":"https:\/\/expressometro.mx\/index.php\/2022\/08\/02\/el-diputado-gustavo-cardenas-dio-inicio-la-feria-con-encanto-en-jocotitlan\/","og_site_name":"Expresso Metropolitano","article_published_time":"2022-08-03T03:04:00+00:00","article_modified_time":"2022-08-19T00:34:36+00:00","og_image":[{"width":960,"height":640,"url":"http:\/\/expressometro.mx\/wp-content\/uploads\/2022\/08\/Gustavo-Cardenas-Feria-con-Encanto-Joco-020822-1.jpg","type":"image\/jpeg"}],"author":"Expresso Metropolitano","twitter_misc":{"Escrito por":"Expresso Metropolitano","Tiempo de lectura":"2 minutos"},"schema":{"@context":"https:\/\/schema.org","@graph":[{"@type":"Article","@id":"https:\/\/expressometro.mx\/index.php\/2022\/08\/02\/el-diputado-gustavo-cardenas-dio-inicio-la-feria-con-encanto-en-jocotitlan\/#article","isPartOf":{"@id":"https:\/\/expressometro.mx\/index.php\/2022\/08\/02\/el-diputado-gustavo-cardenas-dio-inicio-la-feria-con-encanto-en-jocotitlan\/"},"author":{"name":"Expresso Metropolitano","@id":"https:\/\/expressometro.mx\/#\/schema\/person\/efa971b4a0664db8ed5c22b1b0dd2f5d"},"headline":"EL DIPUTADO GUSTAVO C\u00c1RDENAS DIO INICIO LA FERIA CON ENCANTO EN JOCOTITL\u00c1N","datePublished":"2022-08-03T03:04:00+00:00","dateModified":"2022-08-19T00:34:36+00:00","mainEntityOfPage":{"@id":"https:\/\/expressometro.mx\/index.php\/2022\/08\/02\/el-diputado-gustavo-cardenas-dio-inicio-la-feria-con-encanto-en-jocotitlan\/"},"wordCount":378,"commentCount":0,"publisher":{"@id":"https:\/\/expressometro.mx\/#organization"},"image":{"@id":"https:\/\/expressometro.mx\/index.php\/2022\/08\/02\/el-diputado-gustavo-cardenas-dio-inicio-la-feria-con-encanto-en-jocotitlan\/#primaryimage"},"thumbnailUrl":"https:\/\/expressometro.mx\/wp-content\/uploads\/2022\/08\/Gustavo-Cardenas-Feria-con-Encanto-Joco-020822-1.jpg","keywords":["Gustavo C\u00e1rdenas Monroy","Jocotitl\u00e1n"],"articleSection":["Cultura","Finanzas","Gobierno","Pol\u00edtica"],"inLanguage":"es","potentialAction":[{"@type":"CommentAction","name":"Comment","target":["https:\/\/expressometro.mx\/index.php\/2022\/08\/02\/el-diputado-gustavo-cardenas-dio-inicio-la-feria-con-encanto-en-jocotitlan\/#respond"]}]},{"@type":"WebPage","@id":"https:\/\/expressometro.mx\/index.php\/2022\/08\/02\/el-diputado-gustavo-cardenas-dio-inicio-la-feria-con-encanto-en-jocotitlan\/","url":"https:\/\/expressometro.mx\/index.php\/2022\/08\/02\/el-diputado-gustavo-cardenas-dio-inicio-la-feria-con-encanto-en-jocotitlan\/","name":"EL DIPUTADO GUSTAVO C\u00c1RDENAS DIO INICIO LA FERIA CON ENCANTO EN JOCOTITL\u00c1N - Expresso Metropolitano","isPartOf":{"@id":"https:\/\/expressometro.mx\/#website"},"primaryImageOfPage":{"@id":"https:\/\/expressometro.mx\/index.php\/2022\/08\/02\/el-diputado-gustavo-cardenas-dio-inicio-la-feria-con-encanto-en-jocotitlan\/#primaryimage"},"image":{"@id":"https:\/\/expressometro.mx\/index.php\/2022\/08\/02\/el-diputado-gustavo-cardenas-dio-inicio-la-feria-con-encanto-en-jocotitlan\/#primaryimage"},"thumbnailUrl":"https:\/\/expressometro.mx\/wp-content\/uploads\/2022\/08\/Gustavo-Cardenas-Feria-con-Encanto-Joco-020822-1.jpg","datePublished":"2022-08-03T03:04:00+00:00","dateModified":"2022-08-19T00:34:36+00:00","breadcrumb":{"@id":"https:\/\/expressometro.mx\/index.php\/2022\/08\/02\/el-diputado-gustavo-cardenas-dio-inicio-la-feria-con-encanto-en-jocotitlan\/#breadcrumb"},"inLanguage":"es","potentialAction":[{"@type":"ReadAction","target":["https:\/\/expressometro.mx\/index.php\/2022\/08\/02\/el-diputado-gustavo-cardenas-dio-inicio-la-feria-con-encanto-en-jocotitlan\/"]}]},{"@type":"ImageObject","inLanguage":"es","@id":"https:\/\/expressometro.mx\/index.php\/2022\/08\/02\/el-diputado-gustavo-cardenas-dio-inicio-la-feria-con-encanto-en-jocotitlan\/#primaryimage","url":"https:\/\/expressometro.mx\/wp-content\/uploads\/2022\/08\/Gustavo-Cardenas-Feria-con-Encanto-Joco-020822-1.jpg","contentUrl":"https:\/\/expressometro.mx\/wp-content\/uploads\/2022\/08\/Gustavo-Cardenas-Feria-con-Encanto-Joco-020822-1.jpg","width":960,"height":640},{"@type":"BreadcrumbList","@id":"https:\/\/expressometro.mx\/index.php\/2022\/08\/02\/el-diputado-gustavo-cardenas-dio-inicio-la-feria-con-encanto-en-jocotitlan\/#breadcrumb","itemListElement":[{"@type":"ListItem","position":1,"name":"Inicio","item":"https:\/\/expressometro.mx\/"},{"@type":"ListItem","position":2,"name":"EL DIPUTADO GUSTAVO C\u00c1RDENAS DIO INICIO LA FERIA CON ENCANTO EN JOCOTITL\u00c1N"}]},{"@type":"WebSite","@id":"https:\/\/expressometro.mx\/#website","url":"https:\/\/expressometro.mx\/","name":"Expresso Metropolitano","description":"Periodismo comprometido, informaci\u00f3n, investigaci\u00f3n y an\u00e1lisis","publisher":{"@id":"https:\/\/expressometro.mx\/#organization"},"potentialAction":[{"@type":"SearchAction","target":{"@type":"EntryPoint","urlTemplate":"https:\/\/expressometro.mx\/?s={search_term_string}"},"query-input":{"@type":"PropertyValueSpecification","valueRequired":true,"valueName":"search_term_string"}}],"inLanguage":"es"},{"@type":"Organization","@id":"https:\/\/expressometro.mx\/#organization","name":"Expresso Metropolitano","url":"https:\/\/expressometro.mx\/","logo":{"@type":"ImageObject","inLanguage":"es","@id":"https:\/\/expressometro.mx\/#\/schema\/logo\/image\/","url":"https:\/\/expressometro.mx\/wp-content\/uploads\/2019\/07\/cropped-Logo-Expresso-Metropolitano-1-1.jpeg","contentUrl":"https:\/\/expressometro.mx\/wp-content\/uploads\/2019\/07\/cropped-Logo-Expresso-Metropolitano-1-1.jpeg","width":290,"height":73,"caption":"Expresso Metropolitano"},"image":{"@id":"https:\/\/expressometro.mx\/#\/schema\/logo\/image\/"}},{"@type":"Person","@id":"https:\/\/expressometro.mx\/#\/schema\/person\/efa971b4a0664db8ed5c22b1b0dd2f5d","name":"Expresso Metropolitano","image":{"@type":"ImageObject","inLanguage":"es","@id":"https:\/\/secure.gravatar.com\/avatar\/a89f802b8de18c6952f223c88d3d106e9e3679839f4e25a02f4a6cc2ae6ba3b3?s=96&d=mm&r=g","url":"https:\/\/secure.gravatar.com\/avatar\/a89f802b8de18c6952f223c88d3d106e9e3679839f4e25a02f4a6cc2ae6ba3b3?s=96&d=mm&r=g","contentUrl":"https:\/\/secure.gravatar.com\/avatar\/a89f802b8de18c6952f223c88d3d106e9e3679839f4e25a02f4a6cc2ae6ba3b3?s=96&d=mm&r=g","caption":"Expresso Metropolitano"},"url":"https:\/\/expressometro.mx\/index.php\/author\/diego\/"}]}},"amp_enabled":true,"_links":{"self":[{"href":"https:\/\/expressometro.mx\/index.php\/wp-json\/wp\/v2\/posts\/6282","targetHints":{"allow":["GET"]}}],"collection":[{"href":"https:\/\/expressometro.mx\/index.php\/wp-json\/wp\/v2\/posts"}],"about":[{"href":"https:\/\/expressometro.mx\/index.php\/wp-json\/wp\/v2\/types\/post"}],"author":[{"embeddable":true,"href":"https:\/\/expressometro.mx\/index.php\/wp-json\/wp\/v2\/users\/1"}],"replies":[{"embeddable":true,"href":"https:\/\/expressometro.mx\/index.php\/wp-json\/wp\/v2\/comments?post=6282"}],"version-history":[{"count":1,"href":"https:\/\/expressometro.mx\/index.php\/wp-json\/wp\/v2\/posts\/6282\/revisions"}],"predecessor-version":[{"id":6285,"href":"https:\/\/expressometro.mx\/index.php\/wp-json\/wp\/v2\/posts\/6282\/revisions\/6285"}],"wp:featuredmedia":[{"embeddable":true,"href":"https:\/\/expressometro.mx\/index.php\/wp-json\/wp\/v2\/media\/6284"}],"wp:attachment":[{"href":"https:\/\/expressometro.mx\/index.php\/wp-json\/wp\/v2\/media?parent=6282"}],"wp:term":[{"taxonomy":"category","embeddable":true,"href":"https:\/\/expressometro.mx\/index.php\/wp-json\/wp\/v2\/categories?post=6282"},{"taxonomy":"post_tag","embeddable":true,"href":"https:\/\/expressometro.mx\/index.php\/wp-json\/wp\/v2\/tags?post=6282"}],"curies":[{"name":"wp","href":"https:\/\/api.w.org\/{rel}","templated":true}]}}