{"id":6273,"date":"2022-08-03T20:52:00","date_gmt":"2022-08-04T01:52:00","guid":{"rendered":"https:\/\/expressometro.mx\/?p=6273"},"modified":"2022-08-18T19:36:14","modified_gmt":"2022-08-19T00:36:14","slug":"protesta-e-instalacion-del-consejo-politico-municipal-de-jocotitlan","status":"publish","type":"post","link":"https:\/\/expressometro.mx\/index.php\/2022\/08\/03\/protesta-e-instalacion-del-consejo-politico-municipal-de-jocotitlan\/","title":{"rendered":"PROTESTA E INSTALACI\u00d3N DEL CONSEJO POL\u00cdTICO MUNICIPAL DE JOCOTITL\u00c1N"},"content":{"rendered":"\n<p><\/p>\n\n\n\n<p>El Diputado Federal Gustavo C\u00e1rdenas Monroy acudi\u00f3 a la toma de Protesta e Instalaci\u00f3n del Consejo Pol\u00edtico Municipal de Jocotitl\u00e1n. En compa\u00f1\u00eda del Presidente Municipal, Jes\u00fas Cedillo y del Diputado Local Iv\u00e1n Esquer, agradeci\u00f3 la presencia de los integrantes de la dirigencia del Comit\u00e9 Municipal del PRI en Jocotitl\u00e1n y de todos los que conforman la estructura del comit\u00e9, dirigentes de los sectores y de las organizaciones.<\/p>\n\n\n\n<p>Hoy por hoy, la renovaci\u00f3n de la conformaci\u00f3n del Consejo Pol\u00edtico Municipal de Jocotitl\u00e1n, est\u00e1 recobrando la importancia necesaria para seguir en pie de lucha con las actividades pol\u00edticas del Partido. La pol\u00edtica con objetividad, la pol\u00edtica con propuesta, la pol\u00edtica seria, son factores que conducen al objetivo fundamental: el bienestar de la sociedad. Estas son las bases imprescindibles del Partido en este Municipio.<\/p>\n\n\n\n<p>El pri\u00edsmo en Jocotitl\u00e1n ha estado presente en los resultados de los procesos electorales, la sociedad refleja su preferencia con estos resultados. El \u00e9xito del Partido se debe al gran trabajo realizado por las autoridades que militan en el PRI, y que han cumplido en gran medida con las acciones necesarias para mejorar la vida de los jocotitlenses. Siempre actuando con responsabilidad y respeto, puesto que esto solo conducir\u00e1 a ganar la confianza de la comunidad y a continuar con los proyectos de los predecesores.<\/p>\n\n\n\n<p>Los resultados contundentes est\u00e1n ah\u00ed, puestos sobre la mesa, esto solo reafirma el gran compromiso que las futuras generaciones deben abrazar para continuar con la permanencia del partido en la vida pol\u00edtica del pa\u00eds. Cumplir con las demandas de la ciudadan\u00eda es una responsabilidad ineludible, siempre con transparencia y apegados a la ley. Solo as\u00ed, se podr\u00e1 lograr el desarrollo ansiado por los jocotitlenses.<\/p>\n\n\n\n<p>El diputado Gustavo C\u00e1rdenas resalt\u00f3 la importancia de formar parte del Consejo Pol\u00edtico Municipal del PRI en Jocotitl\u00e1n. Ser incluyentes, ser de absoluta confianza, y comprometidos, son cualidades importantes para formar parte de un partido, pero sobre todo el partido m\u00e1s importante este pa\u00eds, qu\u00e9 es el Partido Revoluci\u00f3n Institucional.<\/p>\n","protected":false},"excerpt":{"rendered":"<p>El Diputado Federal Gustavo C\u00e1rdenas Monroy acudi\u00f3 a la toma de Protesta e Instalaci\u00f3n del Consejo Pol\u00edtico Municipal de Jocotitl\u00e1n. En compa\u00f1\u00eda del Presidente Municipal, Jes\u00fas Cedillo y del Diputado Local Iv\u00e1n Esquer, agradeci\u00f3 la presencia de los integrantes de la dirigencia del Comit\u00e9 Municipal del PRI en Jocotitl\u00e1n y de todos los que conforman la estructura del comit\u00e9, dirigentes de los sectores y de las organizaciones.<\/p>\n","protected":false},"author":1,"featured_media":6275,"comment_status":"open","ping_status":"open","sticky":false,"template":"","format":"standard","meta":{"footnotes":""},"categories":[3,231,6],"tags":[845,1790,324],"class_list":["post-6273","post","type-post","status-publish","format-standard","has-post-thumbnail","hentry","category-gobierno","category-politica","category-seguridad","tag-gustavo-cardenas-monroy","tag-jesus-cedillo-gonzalez","tag-jocotitlan"],"yoast_head":"<!-- This site is optimized with the Yoast SEO plugin v27.5 - https:\/\/yoast.com\/product\/yoast-seo-wordpress\/ -->\n<title>PROTESTA E INSTALACI\u00d3N DEL CONSEJO POL\u00cdTICO MUNICIPAL DE JOCOTITL\u00c1N - Expresso Metropolitano<\/title>\n<meta name=\"robots\" content=\"index, follow, max-snippet:-1, max-image-preview:large, max-video-preview:-1\" \/>\n<link rel=\"canonical\" href=\"https:\/\/expressometro.mx\/index.php\/2022\/08\/03\/protesta-e-instalacion-del-consejo-politico-municipal-de-jocotitlan\/\" \/>\n<meta property=\"og:locale\" content=\"es_MX\" \/>\n<meta property=\"og:type\" content=\"article\" \/>\n<meta property=\"og:title\" content=\"PROTESTA E INSTALACI\u00d3N DEL CONSEJO POL\u00cdTICO MUNICIPAL DE JOCOTITL\u00c1N - Expresso Metropolitano\" \/>\n<meta property=\"og:description\" content=\"El Diputado Federal Gustavo C\u00e1rdenas Monroy acudi\u00f3 a la toma de Protesta e Instalaci\u00f3n del Consejo Pol\u00edtico Municipal de Jocotitl\u00e1n. En compa\u00f1\u00eda del Presidente Municipal, Jes\u00fas Cedillo y del Diputado Local Iv\u00e1n Esquer, agradeci\u00f3 la presencia de los integrantes de la dirigencia del Comit\u00e9 Municipal del PRI en Jocotitl\u00e1n y de todos los que conforman la estructura del comit\u00e9, dirigentes de los sectores y de las organizaciones.\" \/>\n<meta property=\"og:url\" content=\"https:\/\/expressometro.mx\/index.php\/2022\/08\/03\/protesta-e-instalacion-del-consejo-politico-municipal-de-jocotitlan\/\" \/>\n<meta property=\"og:site_name\" content=\"Expresso Metropolitano\" \/>\n<meta property=\"article:published_time\" content=\"2022-08-04T01:52:00+00:00\" \/>\n<meta property=\"article:modified_time\" content=\"2022-08-19T00:36:14+00:00\" \/>\n<meta property=\"og:image\" content=\"http:\/\/expressometro.mx\/wp-content\/uploads\/2022\/08\/Jocotitlan-Toma-de-Protesta-030822-1.jpg\" \/>\n\t<meta property=\"og:image:width\" content=\"2048\" \/>\n\t<meta property=\"og:image:height\" content=\"1364\" \/>\n\t<meta property=\"og:image:type\" content=\"image\/jpeg\" \/>\n<meta name=\"author\" content=\"Expresso Metropolitano\" \/>\n<meta name=\"twitter:label1\" content=\"Escrito por\" \/>\n\t<meta name=\"twitter:data1\" content=\"Expresso Metropolitano\" \/>\n\t<meta name=\"twitter:label2\" content=\"Tiempo de lectura\" \/>\n\t<meta name=\"twitter:data2\" content=\"2 minutos\" \/>\n<script type=\"application\/ld+json\" class=\"yoast-schema-graph\">{\"@context\":\"https:\\\/\\\/schema.org\",\"@graph\":[{\"@type\":\"Article\",\"@id\":\"https:\\\/\\\/expressometro.mx\\\/index.php\\\/2022\\\/08\\\/03\\\/protesta-e-instalacion-del-consejo-politico-municipal-de-jocotitlan\\\/#article\",\"isPartOf\":{\"@id\":\"https:\\\/\\\/expressometro.mx\\\/index.php\\\/2022\\\/08\\\/03\\\/protesta-e-instalacion-del-consejo-politico-municipal-de-jocotitlan\\\/\"},\"author\":{\"name\":\"Expresso Metropolitano\",\"@id\":\"https:\\\/\\\/expressometro.mx\\\/#\\\/schema\\\/person\\\/efa971b4a0664db8ed5c22b1b0dd2f5d\"},\"headline\":\"PROTESTA E INSTALACI\u00d3N DEL CONSEJO POL\u00cdTICO MUNICIPAL DE JOCOTITL\u00c1N\",\"datePublished\":\"2022-08-04T01:52:00+00:00\",\"dateModified\":\"2022-08-19T00:36:14+00:00\",\"mainEntityOfPage\":{\"@id\":\"https:\\\/\\\/expressometro.mx\\\/index.php\\\/2022\\\/08\\\/03\\\/protesta-e-instalacion-del-consejo-politico-municipal-de-jocotitlan\\\/\"},\"wordCount\":370,\"commentCount\":0,\"publisher\":{\"@id\":\"https:\\\/\\\/expressometro.mx\\\/#organization\"},\"image\":{\"@id\":\"https:\\\/\\\/expressometro.mx\\\/index.php\\\/2022\\\/08\\\/03\\\/protesta-e-instalacion-del-consejo-politico-municipal-de-jocotitlan\\\/#primaryimage\"},\"thumbnailUrl\":\"https:\\\/\\\/expressometro.mx\\\/wp-content\\\/uploads\\\/2022\\\/08\\\/Jocotitlan-Toma-de-Protesta-030822-1.jpg\",\"keywords\":[\"Gustavo C\u00e1rdenas Monroy\",\"Jes\u00fas Cedillo Gonz\u00e1lez\",\"Jocotitl\u00e1n\"],\"articleSection\":[\"Gobierno\",\"Pol\u00edtica\",\"Seguridad\"],\"inLanguage\":\"es\",\"potentialAction\":[{\"@type\":\"CommentAction\",\"name\":\"Comment\",\"target\":[\"https:\\\/\\\/expressometro.mx\\\/index.php\\\/2022\\\/08\\\/03\\\/protesta-e-instalacion-del-consejo-politico-municipal-de-jocotitlan\\\/#respond\"]}]},{\"@type\":\"WebPage\",\"@id\":\"https:\\\/\\\/expressometro.mx\\\/index.php\\\/2022\\\/08\\\/03\\\/protesta-e-instalacion-del-consejo-politico-municipal-de-jocotitlan\\\/\",\"url\":\"https:\\\/\\\/expressometro.mx\\\/index.php\\\/2022\\\/08\\\/03\\\/protesta-e-instalacion-del-consejo-politico-municipal-de-jocotitlan\\\/\",\"name\":\"PROTESTA E INSTALACI\u00d3N DEL CONSEJO POL\u00cdTICO MUNICIPAL DE JOCOTITL\u00c1N - Expresso Metropolitano\",\"isPartOf\":{\"@id\":\"https:\\\/\\\/expressometro.mx\\\/#website\"},\"primaryImageOfPage\":{\"@id\":\"https:\\\/\\\/expressometro.mx\\\/index.php\\\/2022\\\/08\\\/03\\\/protesta-e-instalacion-del-consejo-politico-municipal-de-jocotitlan\\\/#primaryimage\"},\"image\":{\"@id\":\"https:\\\/\\\/expressometro.mx\\\/index.php\\\/2022\\\/08\\\/03\\\/protesta-e-instalacion-del-consejo-politico-municipal-de-jocotitlan\\\/#primaryimage\"},\"thumbnailUrl\":\"https:\\\/\\\/expressometro.mx\\\/wp-content\\\/uploads\\\/2022\\\/08\\\/Jocotitlan-Toma-de-Protesta-030822-1.jpg\",\"datePublished\":\"2022-08-04T01:52:00+00:00\",\"dateModified\":\"2022-08-19T00:36:14+00:00\",\"breadcrumb\":{\"@id\":\"https:\\\/\\\/expressometro.mx\\\/index.php\\\/2022\\\/08\\\/03\\\/protesta-e-instalacion-del-consejo-politico-municipal-de-jocotitlan\\\/#breadcrumb\"},\"inLanguage\":\"es\",\"potentialAction\":[{\"@type\":\"ReadAction\",\"target\":[\"https:\\\/\\\/expressometro.mx\\\/index.php\\\/2022\\\/08\\\/03\\\/protesta-e-instalacion-del-consejo-politico-municipal-de-jocotitlan\\\/\"]}]},{\"@type\":\"ImageObject\",\"inLanguage\":\"es\",\"@id\":\"https:\\\/\\\/expressometro.mx\\\/index.php\\\/2022\\\/08\\\/03\\\/protesta-e-instalacion-del-consejo-politico-municipal-de-jocotitlan\\\/#primaryimage\",\"url\":\"https:\\\/\\\/expressometro.mx\\\/wp-content\\\/uploads\\\/2022\\\/08\\\/Jocotitlan-Toma-de-Protesta-030822-1.jpg\",\"contentUrl\":\"https:\\\/\\\/expressometro.mx\\\/wp-content\\\/uploads\\\/2022\\\/08\\\/Jocotitlan-Toma-de-Protesta-030822-1.jpg\",\"width\":2048,\"height\":1364},{\"@type\":\"BreadcrumbList\",\"@id\":\"https:\\\/\\\/expressometro.mx\\\/index.php\\\/2022\\\/08\\\/03\\\/protesta-e-instalacion-del-consejo-politico-municipal-de-jocotitlan\\\/#breadcrumb\",\"itemListElement\":[{\"@type\":\"ListItem\",\"position\":1,\"name\":\"Inicio\",\"item\":\"https:\\\/\\\/expressometro.mx\\\/\"},{\"@type\":\"ListItem\",\"position\":2,\"name\":\"PROTESTA E INSTALACI\u00d3N DEL CONSEJO POL\u00cdTICO MUNICIPAL DE JOCOTITL\u00c1N\"}]},{\"@type\":\"WebSite\",\"@id\":\"https:\\\/\\\/expressometro.mx\\\/#website\",\"url\":\"https:\\\/\\\/expressometro.mx\\\/\",\"name\":\"Expresso Metropolitano\",\"description\":\"Periodismo comprometido, informaci\u00f3n, investigaci\u00f3n y an\u00e1lisis\",\"publisher\":{\"@id\":\"https:\\\/\\\/expressometro.mx\\\/#organization\"},\"potentialAction\":[{\"@type\":\"SearchAction\",\"target\":{\"@type\":\"EntryPoint\",\"urlTemplate\":\"https:\\\/\\\/expressometro.mx\\\/?s={search_term_string}\"},\"query-input\":{\"@type\":\"PropertyValueSpecification\",\"valueRequired\":true,\"valueName\":\"search_term_string\"}}],\"inLanguage\":\"es\"},{\"@type\":\"Organization\",\"@id\":\"https:\\\/\\\/expressometro.mx\\\/#organization\",\"name\":\"Expresso Metropolitano\",\"url\":\"https:\\\/\\\/expressometro.mx\\\/\",\"logo\":{\"@type\":\"ImageObject\",\"inLanguage\":\"es\",\"@id\":\"https:\\\/\\\/expressometro.mx\\\/#\\\/schema\\\/logo\\\/image\\\/\",\"url\":\"https:\\\/\\\/expressometro.mx\\\/wp-content\\\/uploads\\\/2019\\\/07\\\/cropped-Logo-Expresso-Metropolitano-1-1.jpeg\",\"contentUrl\":\"https:\\\/\\\/expressometro.mx\\\/wp-content\\\/uploads\\\/2019\\\/07\\\/cropped-Logo-Expresso-Metropolitano-1-1.jpeg\",\"width\":290,\"height\":73,\"caption\":\"Expresso Metropolitano\"},\"image\":{\"@id\":\"https:\\\/\\\/expressometro.mx\\\/#\\\/schema\\\/logo\\\/image\\\/\"}},{\"@type\":\"Person\",\"@id\":\"https:\\\/\\\/expressometro.mx\\\/#\\\/schema\\\/person\\\/efa971b4a0664db8ed5c22b1b0dd2f5d\",\"name\":\"Expresso Metropolitano\",\"image\":{\"@type\":\"ImageObject\",\"inLanguage\":\"es\",\"@id\":\"https:\\\/\\\/secure.gravatar.com\\\/avatar\\\/a89f802b8de18c6952f223c88d3d106e9e3679839f4e25a02f4a6cc2ae6ba3b3?s=96&d=mm&r=g\",\"url\":\"https:\\\/\\\/secure.gravatar.com\\\/avatar\\\/a89f802b8de18c6952f223c88d3d106e9e3679839f4e25a02f4a6cc2ae6ba3b3?s=96&d=mm&r=g\",\"contentUrl\":\"https:\\\/\\\/secure.gravatar.com\\\/avatar\\\/a89f802b8de18c6952f223c88d3d106e9e3679839f4e25a02f4a6cc2ae6ba3b3?s=96&d=mm&r=g\",\"caption\":\"Expresso Metropolitano\"},\"url\":\"https:\\\/\\\/expressometro.mx\\\/index.php\\\/author\\\/diego\\\/\"}]}<\/script>\n<!-- \/ Yoast SEO plugin. -->","yoast_head_json":{"title":"PROTESTA E INSTALACI\u00d3N DEL CONSEJO POL\u00cdTICO MUNICIPAL DE JOCOTITL\u00c1N - Expresso Metropolitano","robots":{"index":"index","follow":"follow","max-snippet":"max-snippet:-1","max-image-preview":"max-image-preview:large","max-video-preview":"max-video-preview:-1"},"canonical":"https:\/\/expressometro.mx\/index.php\/2022\/08\/03\/protesta-e-instalacion-del-consejo-politico-municipal-de-jocotitlan\/","og_locale":"es_MX","og_type":"article","og_title":"PROTESTA E INSTALACI\u00d3N DEL CONSEJO POL\u00cdTICO MUNICIPAL DE JOCOTITL\u00c1N - Expresso Metropolitano","og_description":"El Diputado Federal Gustavo C\u00e1rdenas Monroy acudi\u00f3 a la toma de Protesta e Instalaci\u00f3n del Consejo Pol\u00edtico Municipal de Jocotitl\u00e1n. En compa\u00f1\u00eda del Presidente Municipal, Jes\u00fas Cedillo y del Diputado Local Iv\u00e1n Esquer, agradeci\u00f3 la presencia de los integrantes de la dirigencia del Comit\u00e9 Municipal del PRI en Jocotitl\u00e1n y de todos los que conforman la estructura del comit\u00e9, dirigentes de los sectores y de las organizaciones.","og_url":"https:\/\/expressometro.mx\/index.php\/2022\/08\/03\/protesta-e-instalacion-del-consejo-politico-municipal-de-jocotitlan\/","og_site_name":"Expresso Metropolitano","article_published_time":"2022-08-04T01:52:00+00:00","article_modified_time":"2022-08-19T00:36:14+00:00","og_image":[{"width":2048,"height":1364,"url":"http:\/\/expressometro.mx\/wp-content\/uploads\/2022\/08\/Jocotitlan-Toma-de-Protesta-030822-1.jpg","type":"image\/jpeg"}],"author":"Expresso Metropolitano","twitter_misc":{"Escrito por":"Expresso Metropolitano","Tiempo de lectura":"2 minutos"},"schema":{"@context":"https:\/\/schema.org","@graph":[{"@type":"Article","@id":"https:\/\/expressometro.mx\/index.php\/2022\/08\/03\/protesta-e-instalacion-del-consejo-politico-municipal-de-jocotitlan\/#article","isPartOf":{"@id":"https:\/\/expressometro.mx\/index.php\/2022\/08\/03\/protesta-e-instalacion-del-consejo-politico-municipal-de-jocotitlan\/"},"author":{"name":"Expresso Metropolitano","@id":"https:\/\/expressometro.mx\/#\/schema\/person\/efa971b4a0664db8ed5c22b1b0dd2f5d"},"headline":"PROTESTA E INSTALACI\u00d3N DEL CONSEJO POL\u00cdTICO MUNICIPAL DE JOCOTITL\u00c1N","datePublished":"2022-08-04T01:52:00+00:00","dateModified":"2022-08-19T00:36:14+00:00","mainEntityOfPage":{"@id":"https:\/\/expressometro.mx\/index.php\/2022\/08\/03\/protesta-e-instalacion-del-consejo-politico-municipal-de-jocotitlan\/"},"wordCount":370,"commentCount":0,"publisher":{"@id":"https:\/\/expressometro.mx\/#organization"},"image":{"@id":"https:\/\/expressometro.mx\/index.php\/2022\/08\/03\/protesta-e-instalacion-del-consejo-politico-municipal-de-jocotitlan\/#primaryimage"},"thumbnailUrl":"https:\/\/expressometro.mx\/wp-content\/uploads\/2022\/08\/Jocotitlan-Toma-de-Protesta-030822-1.jpg","keywords":["Gustavo C\u00e1rdenas Monroy","Jes\u00fas Cedillo Gonz\u00e1lez","Jocotitl\u00e1n"],"articleSection":["Gobierno","Pol\u00edtica","Seguridad"],"inLanguage":"es","potentialAction":[{"@type":"CommentAction","name":"Comment","target":["https:\/\/expressometro.mx\/index.php\/2022\/08\/03\/protesta-e-instalacion-del-consejo-politico-municipal-de-jocotitlan\/#respond"]}]},{"@type":"WebPage","@id":"https:\/\/expressometro.mx\/index.php\/2022\/08\/03\/protesta-e-instalacion-del-consejo-politico-municipal-de-jocotitlan\/","url":"https:\/\/expressometro.mx\/index.php\/2022\/08\/03\/protesta-e-instalacion-del-consejo-politico-municipal-de-jocotitlan\/","name":"PROTESTA E INSTALACI\u00d3N DEL CONSEJO POL\u00cdTICO MUNICIPAL DE JOCOTITL\u00c1N - Expresso Metropolitano","isPartOf":{"@id":"https:\/\/expressometro.mx\/#website"},"primaryImageOfPage":{"@id":"https:\/\/expressometro.mx\/index.php\/2022\/08\/03\/protesta-e-instalacion-del-consejo-politico-municipal-de-jocotitlan\/#primaryimage"},"image":{"@id":"https:\/\/expressometro.mx\/index.php\/2022\/08\/03\/protesta-e-instalacion-del-consejo-politico-municipal-de-jocotitlan\/#primaryimage"},"thumbnailUrl":"https:\/\/expressometro.mx\/wp-content\/uploads\/2022\/08\/Jocotitlan-Toma-de-Protesta-030822-1.jpg","datePublished":"2022-08-04T01:52:00+00:00","dateModified":"2022-08-19T00:36:14+00:00","breadcrumb":{"@id":"https:\/\/expressometro.mx\/index.php\/2022\/08\/03\/protesta-e-instalacion-del-consejo-politico-municipal-de-jocotitlan\/#breadcrumb"},"inLanguage":"es","potentialAction":[{"@type":"ReadAction","target":["https:\/\/expressometro.mx\/index.php\/2022\/08\/03\/protesta-e-instalacion-del-consejo-politico-municipal-de-jocotitlan\/"]}]},{"@type":"ImageObject","inLanguage":"es","@id":"https:\/\/expressometro.mx\/index.php\/2022\/08\/03\/protesta-e-instalacion-del-consejo-politico-municipal-de-jocotitlan\/#primaryimage","url":"https:\/\/expressometro.mx\/wp-content\/uploads\/2022\/08\/Jocotitlan-Toma-de-Protesta-030822-1.jpg","contentUrl":"https:\/\/expressometro.mx\/wp-content\/uploads\/2022\/08\/Jocotitlan-Toma-de-Protesta-030822-1.jpg","width":2048,"height":1364},{"@type":"BreadcrumbList","@id":"https:\/\/expressometro.mx\/index.php\/2022\/08\/03\/protesta-e-instalacion-del-consejo-politico-municipal-de-jocotitlan\/#breadcrumb","itemListElement":[{"@type":"ListItem","position":1,"name":"Inicio","item":"https:\/\/expressometro.mx\/"},{"@type":"ListItem","position":2,"name":"PROTESTA E INSTALACI\u00d3N DEL CONSEJO POL\u00cdTICO MUNICIPAL DE JOCOTITL\u00c1N"}]},{"@type":"WebSite","@id":"https:\/\/expressometro.mx\/#website","url":"https:\/\/expressometro.mx\/","name":"Expresso Metropolitano","description":"Periodismo comprometido, informaci\u00f3n, investigaci\u00f3n y an\u00e1lisis","publisher":{"@id":"https:\/\/expressometro.mx\/#organization"},"potentialAction":[{"@type":"SearchAction","target":{"@type":"EntryPoint","urlTemplate":"https:\/\/expressometro.mx\/?s={search_term_string}"},"query-input":{"@type":"PropertyValueSpecification","valueRequired":true,"valueName":"search_term_string"}}],"inLanguage":"es"},{"@type":"Organization","@id":"https:\/\/expressometro.mx\/#organization","name":"Expresso Metropolitano","url":"https:\/\/expressometro.mx\/","logo":{"@type":"ImageObject","inLanguage":"es","@id":"https:\/\/expressometro.mx\/#\/schema\/logo\/image\/","url":"https:\/\/expressometro.mx\/wp-content\/uploads\/2019\/07\/cropped-Logo-Expresso-Metropolitano-1-1.jpeg","contentUrl":"https:\/\/expressometro.mx\/wp-content\/uploads\/2019\/07\/cropped-Logo-Expresso-Metropolitano-1-1.jpeg","width":290,"height":73,"caption":"Expresso Metropolitano"},"image":{"@id":"https:\/\/expressometro.mx\/#\/schema\/logo\/image\/"}},{"@type":"Person","@id":"https:\/\/expressometro.mx\/#\/schema\/person\/efa971b4a0664db8ed5c22b1b0dd2f5d","name":"Expresso Metropolitano","image":{"@type":"ImageObject","inLanguage":"es","@id":"https:\/\/secure.gravatar.com\/avatar\/a89f802b8de18c6952f223c88d3d106e9e3679839f4e25a02f4a6cc2ae6ba3b3?s=96&d=mm&r=g","url":"https:\/\/secure.gravatar.com\/avatar\/a89f802b8de18c6952f223c88d3d106e9e3679839f4e25a02f4a6cc2ae6ba3b3?s=96&d=mm&r=g","contentUrl":"https:\/\/secure.gravatar.com\/avatar\/a89f802b8de18c6952f223c88d3d106e9e3679839f4e25a02f4a6cc2ae6ba3b3?s=96&d=mm&r=g","caption":"Expresso Metropolitano"},"url":"https:\/\/expressometro.mx\/index.php\/author\/diego\/"}]}},"amp_enabled":true,"_links":{"self":[{"href":"https:\/\/expressometro.mx\/index.php\/wp-json\/wp\/v2\/posts\/6273","targetHints":{"allow":["GET"]}}],"collection":[{"href":"https:\/\/expressometro.mx\/index.php\/wp-json\/wp\/v2\/posts"}],"about":[{"href":"https:\/\/expressometro.mx\/index.php\/wp-json\/wp\/v2\/types\/post"}],"author":[{"embeddable":true,"href":"https:\/\/expressometro.mx\/index.php\/wp-json\/wp\/v2\/users\/1"}],"replies":[{"embeddable":true,"href":"https:\/\/expressometro.mx\/index.php\/wp-json\/wp\/v2\/comments?post=6273"}],"version-history":[{"count":1,"href":"https:\/\/expressometro.mx\/index.php\/wp-json\/wp\/v2\/posts\/6273\/revisions"}],"predecessor-version":[{"id":6276,"href":"https:\/\/expressometro.mx\/index.php\/wp-json\/wp\/v2\/posts\/6273\/revisions\/6276"}],"wp:featuredmedia":[{"embeddable":true,"href":"https:\/\/expressometro.mx\/index.php\/wp-json\/wp\/v2\/media\/6275"}],"wp:attachment":[{"href":"https:\/\/expressometro.mx\/index.php\/wp-json\/wp\/v2\/media?parent=6273"}],"wp:term":[{"taxonomy":"category","embeddable":true,"href":"https:\/\/expressometro.mx\/index.php\/wp-json\/wp\/v2\/categories?post=6273"},{"taxonomy":"post_tag","embeddable":true,"href":"https:\/\/expressometro.mx\/index.php\/wp-json\/wp\/v2\/tags?post=6273"}],"curies":[{"name":"wp","href":"https:\/\/api.w.org\/{rel}","templated":true}]}}