{"id":6254,"date":"2022-08-11T21:01:48","date_gmt":"2022-08-12T02:01:48","guid":{"rendered":"https:\/\/expressometro.mx\/?p=6254"},"modified":"2022-08-25T13:18:14","modified_gmt":"2022-08-25T18:18:14","slug":"aumentan-obras-para-las-comunidades-mas-necesitadas-de-jiquipilco","status":"publish","type":"post","link":"https:\/\/expressometro.mx\/index.php\/2022\/08\/11\/aumentan-obras-para-las-comunidades-mas-necesitadas-de-jiquipilco\/","title":{"rendered":"AUMENTAN OBRAS PARA LAS COMUNIDADES M\u00c1S NECESITADAS DE JIQUIPILCO"},"content":{"rendered":"\n<p><\/p>\n\n\n\n<p>La construcci\u00f3n de infraestructura es uno de los objetivos m\u00e1s importantes en cualquier gobierno, y en Jiquipilco no es la excepci\u00f3n. Es por esto que el Presidente Municipal, Felipe de Jes\u00fas S\u00e1nchez D\u00e1vila; en compa\u00f1\u00eda de la representante del DIF Municipal, Susy \u00c1vila S\u00e1nchez; la presencia de regidoras y regidores; y el Delegado de Rancho Colorado, Porfirio Hern\u00e1ndez D\u00e1vila; hicieron la entrega de la Pavimentaci\u00f3n con Concreto Hidr\u00e1ulico en Rancho Colorado.<\/p>\n\n\n\n<p>Esta obra estar\u00e1 beneficiando a 200 habitantes, con las metas realizadas de 499.45 metros lineales por seis metros de ancho de desarrollo. Esta Pavimentaci\u00f3n se realiz\u00f3 del Fondo de Aportaciones Para la Infraestructura Social Municipal del ejercicio Fiscal 2022 con un monto de inversi\u00f3n de 2\u2019991,290.93 pesos.<\/p>\n\n\n\n<p>El Presidente Municipal, Felipe S\u00e1nchez agradeci\u00f3 a los presentes por poder compartir este logro que se pudo concretar, gracias a la colaboraci\u00f3n en equipo, entre ciudadanos y gobierno. Exhort\u00f3 a los habitantes de esta localidad a cuidar y procurar mantener este pavimento, todo dentro de lo que est\u00e9 en manos de los usuarios y qu\u00e9 puedan hacer.<\/p>\n\n\n\n<p>Tambi\u00e9n se dio inicio a la obra, Introducci\u00f3n de Drenaje Sanitario en Mzna. 3ra de San Bartolo Oxtotitl\u00e1n. Esta construcci\u00f3n beneficiar\u00e1 aproximadamente a 200 habitantes, siendo las metas programadas: cuatro ramales, en su totalidad con 574.64 metros lineales de tuber\u00eda de concreto simple de 30 cm, as\u00ed como trece pozos de visita y disparos para las tomas domiciliarias. La obra tambi\u00e9n se llevar\u00e1 a cabo mediante el Fondo de Aportaciones Para la Infraestructura Social Municipal del ejercicio Fiscal 2022, con una inversi\u00f3n de 799,188.29 pesos.<\/p>\n\n\n\n<p>Finalmente, se dio banderazo a la colocaci\u00f3n de postes para la nueva Red de Energ\u00eda El\u00e9ctrica en la poblaci\u00f3n de Loma Hermosa. Esta obra beneficiar\u00e1 a m\u00e1s de 250 habitantes, con las metas programadas de proyecto de tres transformadores de 25 kva, as\u00ed como 29 postes de 13.60 metros de altura y dos postes de 9.40 metros de altura, 40 muretes para cometidas, dos suministros de torres met\u00e1licas. El monto de inversi\u00f3n de esta obra ser\u00e1 de 3\u2019150,488.19 pesos y un tiempo aproximado para terminarlo de dos meses.<\/p>\n","protected":false},"excerpt":{"rendered":"<p>La construcci\u00f3n de infraestructura es uno de los objetivos m\u00e1s importantes en cualquier gobierno, y en Jiquipilco no es la excepci\u00f3n. Es por esto que el Presidente Municipal, Felipe de Jes\u00fas S\u00e1nchez D\u00e1vila; en compa\u00f1\u00eda de la representante del DIF Municipal, Susy \u00c1vila S\u00e1nchez; la presencia de regidoras y regidores; y el Delegado de Rancho Colorado, Porfirio Hern\u00e1ndez D\u00e1vila; hicieron la entrega de la Pavimentaci\u00f3n con Concreto Hidr\u00e1ulico en Rancho Colorado.<\/p>\n","protected":false},"author":1,"featured_media":6256,"comment_status":"open","ping_status":"open","sticky":false,"template":"","format":"standard","meta":{"footnotes":""},"categories":[4,3,231,6],"tags":[474,196],"class_list":["post-6254","post","type-post","status-publish","format-standard","has-post-thumbnail","hentry","category-finanzas","category-gobierno","category-politica","category-seguridad","tag-felipe-sanchez","tag-jiquipilco"],"yoast_head":"<!-- This site is optimized with the Yoast SEO plugin v27.4 - https:\/\/yoast.com\/product\/yoast-seo-wordpress\/ -->\n<title>AUMENTAN OBRAS PARA LAS COMUNIDADES M\u00c1S NECESITADAS DE JIQUIPILCO - Expresso Metropolitano<\/title>\n<meta name=\"robots\" content=\"index, follow, max-snippet:-1, max-image-preview:large, max-video-preview:-1\" \/>\n<link rel=\"canonical\" href=\"https:\/\/expressometro.mx\/index.php\/2022\/08\/11\/aumentan-obras-para-las-comunidades-mas-necesitadas-de-jiquipilco\/\" \/>\n<meta property=\"og:locale\" content=\"es_MX\" \/>\n<meta property=\"og:type\" content=\"article\" \/>\n<meta property=\"og:title\" content=\"AUMENTAN OBRAS PARA LAS COMUNIDADES M\u00c1S NECESITADAS DE JIQUIPILCO - Expresso Metropolitano\" \/>\n<meta property=\"og:description\" content=\"La construcci\u00f3n de infraestructura es uno de los objetivos m\u00e1s importantes en cualquier gobierno, y en Jiquipilco no es la excepci\u00f3n. Es por esto que el Presidente Municipal, Felipe de Jes\u00fas S\u00e1nchez D\u00e1vila; en compa\u00f1\u00eda de la representante del DIF Municipal, Susy \u00c1vila S\u00e1nchez; la presencia de regidoras y regidores; y el Delegado de Rancho Colorado, Porfirio Hern\u00e1ndez D\u00e1vila; hicieron la entrega de la Pavimentaci\u00f3n con Concreto Hidr\u00e1ulico en Rancho Colorado.\" \/>\n<meta property=\"og:url\" content=\"https:\/\/expressometro.mx\/index.php\/2022\/08\/11\/aumentan-obras-para-las-comunidades-mas-necesitadas-de-jiquipilco\/\" \/>\n<meta property=\"og:site_name\" content=\"Expresso Metropolitano\" \/>\n<meta property=\"article:published_time\" content=\"2022-08-12T02:01:48+00:00\" \/>\n<meta property=\"article:modified_time\" content=\"2022-08-25T18:18:14+00:00\" \/>\n<meta property=\"og:image\" content=\"http:\/\/expressometro.mx\/wp-content\/uploads\/2022\/08\/Untitled-design-4.png\" \/>\n\t<meta property=\"og:image:width\" content=\"940\" \/>\n\t<meta property=\"og:image:height\" content=\"788\" \/>\n\t<meta property=\"og:image:type\" content=\"image\/png\" \/>\n<meta name=\"author\" content=\"Expresso Metropolitano\" \/>\n<meta name=\"twitter:label1\" content=\"Escrito por\" \/>\n\t<meta name=\"twitter:data1\" content=\"Expresso Metropolitano\" \/>\n\t<meta name=\"twitter:label2\" content=\"Tiempo de lectura\" \/>\n\t<meta name=\"twitter:data2\" content=\"2 minutos\" \/>\n<script type=\"application\/ld+json\" class=\"yoast-schema-graph\">{\"@context\":\"https:\\\/\\\/schema.org\",\"@graph\":[{\"@type\":\"Article\",\"@id\":\"https:\\\/\\\/expressometro.mx\\\/index.php\\\/2022\\\/08\\\/11\\\/aumentan-obras-para-las-comunidades-mas-necesitadas-de-jiquipilco\\\/#article\",\"isPartOf\":{\"@id\":\"https:\\\/\\\/expressometro.mx\\\/index.php\\\/2022\\\/08\\\/11\\\/aumentan-obras-para-las-comunidades-mas-necesitadas-de-jiquipilco\\\/\"},\"author\":{\"name\":\"Expresso Metropolitano\",\"@id\":\"https:\\\/\\\/expressometro.mx\\\/#\\\/schema\\\/person\\\/efa971b4a0664db8ed5c22b1b0dd2f5d\"},\"headline\":\"AUMENTAN OBRAS PARA LAS COMUNIDADES M\u00c1S NECESITADAS DE JIQUIPILCO\",\"datePublished\":\"2022-08-12T02:01:48+00:00\",\"dateModified\":\"2022-08-25T18:18:14+00:00\",\"mainEntityOfPage\":{\"@id\":\"https:\\\/\\\/expressometro.mx\\\/index.php\\\/2022\\\/08\\\/11\\\/aumentan-obras-para-las-comunidades-mas-necesitadas-de-jiquipilco\\\/\"},\"wordCount\":372,\"commentCount\":0,\"publisher\":{\"@id\":\"https:\\\/\\\/expressometro.mx\\\/#organization\"},\"image\":{\"@id\":\"https:\\\/\\\/expressometro.mx\\\/index.php\\\/2022\\\/08\\\/11\\\/aumentan-obras-para-las-comunidades-mas-necesitadas-de-jiquipilco\\\/#primaryimage\"},\"thumbnailUrl\":\"https:\\\/\\\/expressometro.mx\\\/wp-content\\\/uploads\\\/2022\\\/08\\\/Untitled-design-4.png\",\"keywords\":[\"Felipe S\u00e1nchez\",\"Jiquipilco\"],\"articleSection\":[\"Finanzas\",\"Gobierno\",\"Pol\u00edtica\",\"Seguridad\"],\"inLanguage\":\"es\",\"potentialAction\":[{\"@type\":\"CommentAction\",\"name\":\"Comment\",\"target\":[\"https:\\\/\\\/expressometro.mx\\\/index.php\\\/2022\\\/08\\\/11\\\/aumentan-obras-para-las-comunidades-mas-necesitadas-de-jiquipilco\\\/#respond\"]}]},{\"@type\":\"WebPage\",\"@id\":\"https:\\\/\\\/expressometro.mx\\\/index.php\\\/2022\\\/08\\\/11\\\/aumentan-obras-para-las-comunidades-mas-necesitadas-de-jiquipilco\\\/\",\"url\":\"https:\\\/\\\/expressometro.mx\\\/index.php\\\/2022\\\/08\\\/11\\\/aumentan-obras-para-las-comunidades-mas-necesitadas-de-jiquipilco\\\/\",\"name\":\"AUMENTAN OBRAS PARA LAS COMUNIDADES M\u00c1S NECESITADAS DE JIQUIPILCO - Expresso Metropolitano\",\"isPartOf\":{\"@id\":\"https:\\\/\\\/expressometro.mx\\\/#website\"},\"primaryImageOfPage\":{\"@id\":\"https:\\\/\\\/expressometro.mx\\\/index.php\\\/2022\\\/08\\\/11\\\/aumentan-obras-para-las-comunidades-mas-necesitadas-de-jiquipilco\\\/#primaryimage\"},\"image\":{\"@id\":\"https:\\\/\\\/expressometro.mx\\\/index.php\\\/2022\\\/08\\\/11\\\/aumentan-obras-para-las-comunidades-mas-necesitadas-de-jiquipilco\\\/#primaryimage\"},\"thumbnailUrl\":\"https:\\\/\\\/expressometro.mx\\\/wp-content\\\/uploads\\\/2022\\\/08\\\/Untitled-design-4.png\",\"datePublished\":\"2022-08-12T02:01:48+00:00\",\"dateModified\":\"2022-08-25T18:18:14+00:00\",\"breadcrumb\":{\"@id\":\"https:\\\/\\\/expressometro.mx\\\/index.php\\\/2022\\\/08\\\/11\\\/aumentan-obras-para-las-comunidades-mas-necesitadas-de-jiquipilco\\\/#breadcrumb\"},\"inLanguage\":\"es\",\"potentialAction\":[{\"@type\":\"ReadAction\",\"target\":[\"https:\\\/\\\/expressometro.mx\\\/index.php\\\/2022\\\/08\\\/11\\\/aumentan-obras-para-las-comunidades-mas-necesitadas-de-jiquipilco\\\/\"]}]},{\"@type\":\"ImageObject\",\"inLanguage\":\"es\",\"@id\":\"https:\\\/\\\/expressometro.mx\\\/index.php\\\/2022\\\/08\\\/11\\\/aumentan-obras-para-las-comunidades-mas-necesitadas-de-jiquipilco\\\/#primaryimage\",\"url\":\"https:\\\/\\\/expressometro.mx\\\/wp-content\\\/uploads\\\/2022\\\/08\\\/Untitled-design-4.png\",\"contentUrl\":\"https:\\\/\\\/expressometro.mx\\\/wp-content\\\/uploads\\\/2022\\\/08\\\/Untitled-design-4.png\",\"width\":940,\"height\":788},{\"@type\":\"BreadcrumbList\",\"@id\":\"https:\\\/\\\/expressometro.mx\\\/index.php\\\/2022\\\/08\\\/11\\\/aumentan-obras-para-las-comunidades-mas-necesitadas-de-jiquipilco\\\/#breadcrumb\",\"itemListElement\":[{\"@type\":\"ListItem\",\"position\":1,\"name\":\"Inicio\",\"item\":\"https:\\\/\\\/expressometro.mx\\\/\"},{\"@type\":\"ListItem\",\"position\":2,\"name\":\"AUMENTAN OBRAS PARA LAS COMUNIDADES M\u00c1S NECESITADAS DE JIQUIPILCO\"}]},{\"@type\":\"WebSite\",\"@id\":\"https:\\\/\\\/expressometro.mx\\\/#website\",\"url\":\"https:\\\/\\\/expressometro.mx\\\/\",\"name\":\"Expresso Metropolitano\",\"description\":\"Periodismo comprometido, informaci\u00f3n, investigaci\u00f3n y an\u00e1lisis\",\"publisher\":{\"@id\":\"https:\\\/\\\/expressometro.mx\\\/#organization\"},\"potentialAction\":[{\"@type\":\"SearchAction\",\"target\":{\"@type\":\"EntryPoint\",\"urlTemplate\":\"https:\\\/\\\/expressometro.mx\\\/?s={search_term_string}\"},\"query-input\":{\"@type\":\"PropertyValueSpecification\",\"valueRequired\":true,\"valueName\":\"search_term_string\"}}],\"inLanguage\":\"es\"},{\"@type\":\"Organization\",\"@id\":\"https:\\\/\\\/expressometro.mx\\\/#organization\",\"name\":\"Expresso Metropolitano\",\"url\":\"https:\\\/\\\/expressometro.mx\\\/\",\"logo\":{\"@type\":\"ImageObject\",\"inLanguage\":\"es\",\"@id\":\"https:\\\/\\\/expressometro.mx\\\/#\\\/schema\\\/logo\\\/image\\\/\",\"url\":\"https:\\\/\\\/expressometro.mx\\\/wp-content\\\/uploads\\\/2019\\\/07\\\/cropped-Logo-Expresso-Metropolitano-1-1.jpeg\",\"contentUrl\":\"https:\\\/\\\/expressometro.mx\\\/wp-content\\\/uploads\\\/2019\\\/07\\\/cropped-Logo-Expresso-Metropolitano-1-1.jpeg\",\"width\":290,\"height\":73,\"caption\":\"Expresso Metropolitano\"},\"image\":{\"@id\":\"https:\\\/\\\/expressometro.mx\\\/#\\\/schema\\\/logo\\\/image\\\/\"}},{\"@type\":\"Person\",\"@id\":\"https:\\\/\\\/expressometro.mx\\\/#\\\/schema\\\/person\\\/efa971b4a0664db8ed5c22b1b0dd2f5d\",\"name\":\"Expresso Metropolitano\",\"image\":{\"@type\":\"ImageObject\",\"inLanguage\":\"es\",\"@id\":\"https:\\\/\\\/secure.gravatar.com\\\/avatar\\\/a89f802b8de18c6952f223c88d3d106e9e3679839f4e25a02f4a6cc2ae6ba3b3?s=96&d=mm&r=g\",\"url\":\"https:\\\/\\\/secure.gravatar.com\\\/avatar\\\/a89f802b8de18c6952f223c88d3d106e9e3679839f4e25a02f4a6cc2ae6ba3b3?s=96&d=mm&r=g\",\"contentUrl\":\"https:\\\/\\\/secure.gravatar.com\\\/avatar\\\/a89f802b8de18c6952f223c88d3d106e9e3679839f4e25a02f4a6cc2ae6ba3b3?s=96&d=mm&r=g\",\"caption\":\"Expresso Metropolitano\"},\"url\":\"https:\\\/\\\/expressometro.mx\\\/index.php\\\/author\\\/diego\\\/\"}]}<\/script>\n<!-- \/ Yoast SEO plugin. -->","yoast_head_json":{"title":"AUMENTAN OBRAS PARA LAS COMUNIDADES M\u00c1S NECESITADAS DE JIQUIPILCO - Expresso Metropolitano","robots":{"index":"index","follow":"follow","max-snippet":"max-snippet:-1","max-image-preview":"max-image-preview:large","max-video-preview":"max-video-preview:-1"},"canonical":"https:\/\/expressometro.mx\/index.php\/2022\/08\/11\/aumentan-obras-para-las-comunidades-mas-necesitadas-de-jiquipilco\/","og_locale":"es_MX","og_type":"article","og_title":"AUMENTAN OBRAS PARA LAS COMUNIDADES M\u00c1S NECESITADAS DE JIQUIPILCO - Expresso Metropolitano","og_description":"La construcci\u00f3n de infraestructura es uno de los objetivos m\u00e1s importantes en cualquier gobierno, y en Jiquipilco no es la excepci\u00f3n. Es por esto que el Presidente Municipal, Felipe de Jes\u00fas S\u00e1nchez D\u00e1vila; en compa\u00f1\u00eda de la representante del DIF Municipal, Susy \u00c1vila S\u00e1nchez; la presencia de regidoras y regidores; y el Delegado de Rancho Colorado, Porfirio Hern\u00e1ndez D\u00e1vila; hicieron la entrega de la Pavimentaci\u00f3n con Concreto Hidr\u00e1ulico en Rancho Colorado.","og_url":"https:\/\/expressometro.mx\/index.php\/2022\/08\/11\/aumentan-obras-para-las-comunidades-mas-necesitadas-de-jiquipilco\/","og_site_name":"Expresso Metropolitano","article_published_time":"2022-08-12T02:01:48+00:00","article_modified_time":"2022-08-25T18:18:14+00:00","og_image":[{"width":940,"height":788,"url":"http:\/\/expressometro.mx\/wp-content\/uploads\/2022\/08\/Untitled-design-4.png","type":"image\/png"}],"author":"Expresso Metropolitano","twitter_misc":{"Escrito por":"Expresso Metropolitano","Tiempo de lectura":"2 minutos"},"schema":{"@context":"https:\/\/schema.org","@graph":[{"@type":"Article","@id":"https:\/\/expressometro.mx\/index.php\/2022\/08\/11\/aumentan-obras-para-las-comunidades-mas-necesitadas-de-jiquipilco\/#article","isPartOf":{"@id":"https:\/\/expressometro.mx\/index.php\/2022\/08\/11\/aumentan-obras-para-las-comunidades-mas-necesitadas-de-jiquipilco\/"},"author":{"name":"Expresso Metropolitano","@id":"https:\/\/expressometro.mx\/#\/schema\/person\/efa971b4a0664db8ed5c22b1b0dd2f5d"},"headline":"AUMENTAN OBRAS PARA LAS COMUNIDADES M\u00c1S NECESITADAS DE JIQUIPILCO","datePublished":"2022-08-12T02:01:48+00:00","dateModified":"2022-08-25T18:18:14+00:00","mainEntityOfPage":{"@id":"https:\/\/expressometro.mx\/index.php\/2022\/08\/11\/aumentan-obras-para-las-comunidades-mas-necesitadas-de-jiquipilco\/"},"wordCount":372,"commentCount":0,"publisher":{"@id":"https:\/\/expressometro.mx\/#organization"},"image":{"@id":"https:\/\/expressometro.mx\/index.php\/2022\/08\/11\/aumentan-obras-para-las-comunidades-mas-necesitadas-de-jiquipilco\/#primaryimage"},"thumbnailUrl":"https:\/\/expressometro.mx\/wp-content\/uploads\/2022\/08\/Untitled-design-4.png","keywords":["Felipe S\u00e1nchez","Jiquipilco"],"articleSection":["Finanzas","Gobierno","Pol\u00edtica","Seguridad"],"inLanguage":"es","potentialAction":[{"@type":"CommentAction","name":"Comment","target":["https:\/\/expressometro.mx\/index.php\/2022\/08\/11\/aumentan-obras-para-las-comunidades-mas-necesitadas-de-jiquipilco\/#respond"]}]},{"@type":"WebPage","@id":"https:\/\/expressometro.mx\/index.php\/2022\/08\/11\/aumentan-obras-para-las-comunidades-mas-necesitadas-de-jiquipilco\/","url":"https:\/\/expressometro.mx\/index.php\/2022\/08\/11\/aumentan-obras-para-las-comunidades-mas-necesitadas-de-jiquipilco\/","name":"AUMENTAN OBRAS PARA LAS COMUNIDADES M\u00c1S NECESITADAS DE JIQUIPILCO - Expresso Metropolitano","isPartOf":{"@id":"https:\/\/expressometro.mx\/#website"},"primaryImageOfPage":{"@id":"https:\/\/expressometro.mx\/index.php\/2022\/08\/11\/aumentan-obras-para-las-comunidades-mas-necesitadas-de-jiquipilco\/#primaryimage"},"image":{"@id":"https:\/\/expressometro.mx\/index.php\/2022\/08\/11\/aumentan-obras-para-las-comunidades-mas-necesitadas-de-jiquipilco\/#primaryimage"},"thumbnailUrl":"https:\/\/expressometro.mx\/wp-content\/uploads\/2022\/08\/Untitled-design-4.png","datePublished":"2022-08-12T02:01:48+00:00","dateModified":"2022-08-25T18:18:14+00:00","breadcrumb":{"@id":"https:\/\/expressometro.mx\/index.php\/2022\/08\/11\/aumentan-obras-para-las-comunidades-mas-necesitadas-de-jiquipilco\/#breadcrumb"},"inLanguage":"es","potentialAction":[{"@type":"ReadAction","target":["https:\/\/expressometro.mx\/index.php\/2022\/08\/11\/aumentan-obras-para-las-comunidades-mas-necesitadas-de-jiquipilco\/"]}]},{"@type":"ImageObject","inLanguage":"es","@id":"https:\/\/expressometro.mx\/index.php\/2022\/08\/11\/aumentan-obras-para-las-comunidades-mas-necesitadas-de-jiquipilco\/#primaryimage","url":"https:\/\/expressometro.mx\/wp-content\/uploads\/2022\/08\/Untitled-design-4.png","contentUrl":"https:\/\/expressometro.mx\/wp-content\/uploads\/2022\/08\/Untitled-design-4.png","width":940,"height":788},{"@type":"BreadcrumbList","@id":"https:\/\/expressometro.mx\/index.php\/2022\/08\/11\/aumentan-obras-para-las-comunidades-mas-necesitadas-de-jiquipilco\/#breadcrumb","itemListElement":[{"@type":"ListItem","position":1,"name":"Inicio","item":"https:\/\/expressometro.mx\/"},{"@type":"ListItem","position":2,"name":"AUMENTAN OBRAS PARA LAS COMUNIDADES M\u00c1S NECESITADAS DE JIQUIPILCO"}]},{"@type":"WebSite","@id":"https:\/\/expressometro.mx\/#website","url":"https:\/\/expressometro.mx\/","name":"Expresso Metropolitano","description":"Periodismo comprometido, informaci\u00f3n, investigaci\u00f3n y an\u00e1lisis","publisher":{"@id":"https:\/\/expressometro.mx\/#organization"},"potentialAction":[{"@type":"SearchAction","target":{"@type":"EntryPoint","urlTemplate":"https:\/\/expressometro.mx\/?s={search_term_string}"},"query-input":{"@type":"PropertyValueSpecification","valueRequired":true,"valueName":"search_term_string"}}],"inLanguage":"es"},{"@type":"Organization","@id":"https:\/\/expressometro.mx\/#organization","name":"Expresso Metropolitano","url":"https:\/\/expressometro.mx\/","logo":{"@type":"ImageObject","inLanguage":"es","@id":"https:\/\/expressometro.mx\/#\/schema\/logo\/image\/","url":"https:\/\/expressometro.mx\/wp-content\/uploads\/2019\/07\/cropped-Logo-Expresso-Metropolitano-1-1.jpeg","contentUrl":"https:\/\/expressometro.mx\/wp-content\/uploads\/2019\/07\/cropped-Logo-Expresso-Metropolitano-1-1.jpeg","width":290,"height":73,"caption":"Expresso Metropolitano"},"image":{"@id":"https:\/\/expressometro.mx\/#\/schema\/logo\/image\/"}},{"@type":"Person","@id":"https:\/\/expressometro.mx\/#\/schema\/person\/efa971b4a0664db8ed5c22b1b0dd2f5d","name":"Expresso Metropolitano","image":{"@type":"ImageObject","inLanguage":"es","@id":"https:\/\/secure.gravatar.com\/avatar\/a89f802b8de18c6952f223c88d3d106e9e3679839f4e25a02f4a6cc2ae6ba3b3?s=96&d=mm&r=g","url":"https:\/\/secure.gravatar.com\/avatar\/a89f802b8de18c6952f223c88d3d106e9e3679839f4e25a02f4a6cc2ae6ba3b3?s=96&d=mm&r=g","contentUrl":"https:\/\/secure.gravatar.com\/avatar\/a89f802b8de18c6952f223c88d3d106e9e3679839f4e25a02f4a6cc2ae6ba3b3?s=96&d=mm&r=g","caption":"Expresso Metropolitano"},"url":"https:\/\/expressometro.mx\/index.php\/author\/diego\/"}]}},"amp_enabled":true,"_links":{"self":[{"href":"https:\/\/expressometro.mx\/index.php\/wp-json\/wp\/v2\/posts\/6254","targetHints":{"allow":["GET"]}}],"collection":[{"href":"https:\/\/expressometro.mx\/index.php\/wp-json\/wp\/v2\/posts"}],"about":[{"href":"https:\/\/expressometro.mx\/index.php\/wp-json\/wp\/v2\/types\/post"}],"author":[{"embeddable":true,"href":"https:\/\/expressometro.mx\/index.php\/wp-json\/wp\/v2\/users\/1"}],"replies":[{"embeddable":true,"href":"https:\/\/expressometro.mx\/index.php\/wp-json\/wp\/v2\/comments?post=6254"}],"version-history":[{"count":1,"href":"https:\/\/expressometro.mx\/index.php\/wp-json\/wp\/v2\/posts\/6254\/revisions"}],"predecessor-version":[{"id":6257,"href":"https:\/\/expressometro.mx\/index.php\/wp-json\/wp\/v2\/posts\/6254\/revisions\/6257"}],"wp:featuredmedia":[{"embeddable":true,"href":"https:\/\/expressometro.mx\/index.php\/wp-json\/wp\/v2\/media\/6256"}],"wp:attachment":[{"href":"https:\/\/expressometro.mx\/index.php\/wp-json\/wp\/v2\/media?parent=6254"}],"wp:term":[{"taxonomy":"category","embeddable":true,"href":"https:\/\/expressometro.mx\/index.php\/wp-json\/wp\/v2\/categories?post=6254"},{"taxonomy":"post_tag","embeddable":true,"href":"https:\/\/expressometro.mx\/index.php\/wp-json\/wp\/v2\/tags?post=6254"}],"curies":[{"name":"wp","href":"https:\/\/api.w.org\/{rel}","templated":true}]}}