{"id":6237,"date":"2022-08-09T18:41:11","date_gmt":"2022-08-09T23:41:11","guid":{"rendered":"https:\/\/expressometro.mx\/?p=6237"},"modified":"2022-08-09T18:41:11","modified_gmt":"2022-08-09T23:41:11","slug":"la-meta-100-mil-arboles-plantados-en-jiquipilco","status":"publish","type":"post","link":"https:\/\/expressometro.mx\/index.php\/2022\/08\/09\/la-meta-100-mil-arboles-plantados-en-jiquipilco\/","title":{"rendered":"LA META: 100 MIL \u00c1RBOLES PLANTADOS EN JIQUIPILCO"},"content":{"rendered":"\n<p><\/p>\n\n\n\n<p>En lo que va de la temporada de lluvias en Jiquipilco se han plantado 50 mil \u00e1rboles en diversas \u00e1reas boscosas de la geograf\u00eda del municipio con la participaci\u00f3n de la sociedad, autoridades auxiliares y del Gobierno local.<\/p>\n\n\n\n<p>El presidente municipal Felipe de Jes\u00fas S\u00e1nchez D\u00e1vila inform\u00f3 que la meta para este a\u00f1o 2022 en el que el Jiquipilco cumple 200 a\u00f1os de vida municipal es plantar 100 mil \u00e1rboles.<\/p>\n\n\n\n<p>\u201cNuestro planeta nos necesita, es responsabilidad de todos, el cuidado de nuestro medio ambiente, y Jiquipilco nuestra tierra tambi\u00e9n nos necesita, los invito no solo a plantar estos \u00e1rboles, los invito a cuidarlos\u201d destac\u00f3 el edil. &nbsp;<\/p>\n\n\n\n<p>Conmin\u00f3 a las autoridades auxiliares y la sociedad en general a solicitar los \u00e1rboles en la Direcci\u00f3n del Medio Ambiente de la Cabecera Municipal para sumarse a la reforestaci\u00f3n municipal.<\/p>\n\n\n\n<p>A la par -destac\u00f3- se llevan a cabo acciones como jornadas de limpieza en \u00e1reas verdes, cunetas, \u00e1reas escolares, deportivas y de uso com\u00fan donde el trabajo se hace de manera conjunta entre el Gobierno y sociedad. Acompa\u00f1ado de la sindico, regidoras, regidores, secretario del Ayuntamiento, autoridades auxiliares, y vecinos de la comunidad se llev\u00f3 a cabo el banderazo de inicio de la Reforestaci\u00f3n 2022 en Jiquipilco con una meta hist\u00f3rica de \u00e1rboles plantados de 100 mil.<\/p>\n","protected":false},"excerpt":{"rendered":"<p>En lo que va de la temporada de lluvias en Jiquipilco se han plantado 50 mil \u00e1rboles en diversas \u00e1reas boscosas de la geograf\u00eda del municipio con la participaci\u00f3n de la sociedad, autoridades auxiliares y del Gobierno local.<\/p>\n","protected":false},"author":1,"featured_media":6239,"comment_status":"open","ping_status":"open","sticky":false,"template":"","format":"standard","meta":{"footnotes":""},"categories":[11,3,8],"tags":[474,196,1959],"class_list":["post-6237","post","type-post","status-publish","format-standard","has-post-thumbnail","hentry","category-cultura","category-gobierno","category-medio-ambiente","tag-felipe-sanchez","tag-jiquipilco","tag-reforestacion"],"yoast_head":"<!-- This site is optimized with the Yoast SEO plugin v27.4 - https:\/\/yoast.com\/product\/yoast-seo-wordpress\/ -->\n<title>LA META: 100 MIL \u00c1RBOLES PLANTADOS EN JIQUIPILCO - Expresso Metropolitano<\/title>\n<meta name=\"robots\" content=\"index, follow, max-snippet:-1, max-image-preview:large, max-video-preview:-1\" \/>\n<link rel=\"canonical\" href=\"https:\/\/expressometro.mx\/index.php\/2022\/08\/09\/la-meta-100-mil-arboles-plantados-en-jiquipilco\/\" \/>\n<meta property=\"og:locale\" content=\"es_MX\" \/>\n<meta property=\"og:type\" content=\"article\" \/>\n<meta property=\"og:title\" content=\"LA META: 100 MIL \u00c1RBOLES PLANTADOS EN JIQUIPILCO - Expresso Metropolitano\" \/>\n<meta property=\"og:description\" content=\"En lo que va de la temporada de lluvias en Jiquipilco se han plantado 50 mil \u00e1rboles en diversas \u00e1reas boscosas de la geograf\u00eda del municipio con la participaci\u00f3n de la sociedad, autoridades auxiliares y del Gobierno local.\" \/>\n<meta property=\"og:url\" content=\"https:\/\/expressometro.mx\/index.php\/2022\/08\/09\/la-meta-100-mil-arboles-plantados-en-jiquipilco\/\" \/>\n<meta property=\"og:site_name\" content=\"Expresso Metropolitano\" \/>\n<meta property=\"article:published_time\" content=\"2022-08-09T23:41:11+00:00\" \/>\n<meta property=\"og:image\" content=\"http:\/\/expressometro.mx\/wp-content\/uploads\/2022\/08\/IMG_2528-scaled.jpg\" \/>\n\t<meta property=\"og:image:width\" content=\"2560\" \/>\n\t<meta property=\"og:image:height\" content=\"1707\" \/>\n\t<meta property=\"og:image:type\" content=\"image\/jpeg\" \/>\n<meta name=\"author\" content=\"Expresso Metropolitano\" \/>\n<meta name=\"twitter:label1\" content=\"Escrito por\" \/>\n\t<meta name=\"twitter:data1\" content=\"Expresso Metropolitano\" \/>\n\t<meta name=\"twitter:label2\" content=\"Tiempo de lectura\" \/>\n\t<meta name=\"twitter:data2\" content=\"1 minuto\" \/>\n<script type=\"application\/ld+json\" class=\"yoast-schema-graph\">{\"@context\":\"https:\\\/\\\/schema.org\",\"@graph\":[{\"@type\":\"Article\",\"@id\":\"https:\\\/\\\/expressometro.mx\\\/index.php\\\/2022\\\/08\\\/09\\\/la-meta-100-mil-arboles-plantados-en-jiquipilco\\\/#article\",\"isPartOf\":{\"@id\":\"https:\\\/\\\/expressometro.mx\\\/index.php\\\/2022\\\/08\\\/09\\\/la-meta-100-mil-arboles-plantados-en-jiquipilco\\\/\"},\"author\":{\"name\":\"Expresso Metropolitano\",\"@id\":\"https:\\\/\\\/expressometro.mx\\\/#\\\/schema\\\/person\\\/efa971b4a0664db8ed5c22b1b0dd2f5d\"},\"headline\":\"LA META: 100 MIL \u00c1RBOLES PLANTADOS EN JIQUIPILCO\",\"datePublished\":\"2022-08-09T23:41:11+00:00\",\"mainEntityOfPage\":{\"@id\":\"https:\\\/\\\/expressometro.mx\\\/index.php\\\/2022\\\/08\\\/09\\\/la-meta-100-mil-arboles-plantados-en-jiquipilco\\\/\"},\"wordCount\":230,\"commentCount\":0,\"publisher\":{\"@id\":\"https:\\\/\\\/expressometro.mx\\\/#organization\"},\"image\":{\"@id\":\"https:\\\/\\\/expressometro.mx\\\/index.php\\\/2022\\\/08\\\/09\\\/la-meta-100-mil-arboles-plantados-en-jiquipilco\\\/#primaryimage\"},\"thumbnailUrl\":\"https:\\\/\\\/expressometro.mx\\\/wp-content\\\/uploads\\\/2022\\\/08\\\/IMG_2528-scaled.jpg\",\"keywords\":[\"Felipe S\u00e1nchez\",\"Jiquipilco\",\"Reforestaci\u00f3n\"],\"articleSection\":[\"Cultura\",\"Gobierno\",\"Medio ambiente\"],\"inLanguage\":\"es\",\"potentialAction\":[{\"@type\":\"CommentAction\",\"name\":\"Comment\",\"target\":[\"https:\\\/\\\/expressometro.mx\\\/index.php\\\/2022\\\/08\\\/09\\\/la-meta-100-mil-arboles-plantados-en-jiquipilco\\\/#respond\"]}]},{\"@type\":\"WebPage\",\"@id\":\"https:\\\/\\\/expressometro.mx\\\/index.php\\\/2022\\\/08\\\/09\\\/la-meta-100-mil-arboles-plantados-en-jiquipilco\\\/\",\"url\":\"https:\\\/\\\/expressometro.mx\\\/index.php\\\/2022\\\/08\\\/09\\\/la-meta-100-mil-arboles-plantados-en-jiquipilco\\\/\",\"name\":\"LA META: 100 MIL \u00c1RBOLES PLANTADOS EN JIQUIPILCO - Expresso Metropolitano\",\"isPartOf\":{\"@id\":\"https:\\\/\\\/expressometro.mx\\\/#website\"},\"primaryImageOfPage\":{\"@id\":\"https:\\\/\\\/expressometro.mx\\\/index.php\\\/2022\\\/08\\\/09\\\/la-meta-100-mil-arboles-plantados-en-jiquipilco\\\/#primaryimage\"},\"image\":{\"@id\":\"https:\\\/\\\/expressometro.mx\\\/index.php\\\/2022\\\/08\\\/09\\\/la-meta-100-mil-arboles-plantados-en-jiquipilco\\\/#primaryimage\"},\"thumbnailUrl\":\"https:\\\/\\\/expressometro.mx\\\/wp-content\\\/uploads\\\/2022\\\/08\\\/IMG_2528-scaled.jpg\",\"datePublished\":\"2022-08-09T23:41:11+00:00\",\"breadcrumb\":{\"@id\":\"https:\\\/\\\/expressometro.mx\\\/index.php\\\/2022\\\/08\\\/09\\\/la-meta-100-mil-arboles-plantados-en-jiquipilco\\\/#breadcrumb\"},\"inLanguage\":\"es\",\"potentialAction\":[{\"@type\":\"ReadAction\",\"target\":[\"https:\\\/\\\/expressometro.mx\\\/index.php\\\/2022\\\/08\\\/09\\\/la-meta-100-mil-arboles-plantados-en-jiquipilco\\\/\"]}]},{\"@type\":\"ImageObject\",\"inLanguage\":\"es\",\"@id\":\"https:\\\/\\\/expressometro.mx\\\/index.php\\\/2022\\\/08\\\/09\\\/la-meta-100-mil-arboles-plantados-en-jiquipilco\\\/#primaryimage\",\"url\":\"https:\\\/\\\/expressometro.mx\\\/wp-content\\\/uploads\\\/2022\\\/08\\\/IMG_2528-scaled.jpg\",\"contentUrl\":\"https:\\\/\\\/expressometro.mx\\\/wp-content\\\/uploads\\\/2022\\\/08\\\/IMG_2528-scaled.jpg\",\"width\":2560,\"height\":1707},{\"@type\":\"BreadcrumbList\",\"@id\":\"https:\\\/\\\/expressometro.mx\\\/index.php\\\/2022\\\/08\\\/09\\\/la-meta-100-mil-arboles-plantados-en-jiquipilco\\\/#breadcrumb\",\"itemListElement\":[{\"@type\":\"ListItem\",\"position\":1,\"name\":\"Inicio\",\"item\":\"https:\\\/\\\/expressometro.mx\\\/\"},{\"@type\":\"ListItem\",\"position\":2,\"name\":\"LA META: 100 MIL \u00c1RBOLES PLANTADOS EN JIQUIPILCO\"}]},{\"@type\":\"WebSite\",\"@id\":\"https:\\\/\\\/expressometro.mx\\\/#website\",\"url\":\"https:\\\/\\\/expressometro.mx\\\/\",\"name\":\"Expresso Metropolitano\",\"description\":\"Periodismo comprometido, informaci\u00f3n, investigaci\u00f3n y an\u00e1lisis\",\"publisher\":{\"@id\":\"https:\\\/\\\/expressometro.mx\\\/#organization\"},\"potentialAction\":[{\"@type\":\"SearchAction\",\"target\":{\"@type\":\"EntryPoint\",\"urlTemplate\":\"https:\\\/\\\/expressometro.mx\\\/?s={search_term_string}\"},\"query-input\":{\"@type\":\"PropertyValueSpecification\",\"valueRequired\":true,\"valueName\":\"search_term_string\"}}],\"inLanguage\":\"es\"},{\"@type\":\"Organization\",\"@id\":\"https:\\\/\\\/expressometro.mx\\\/#organization\",\"name\":\"Expresso Metropolitano\",\"url\":\"https:\\\/\\\/expressometro.mx\\\/\",\"logo\":{\"@type\":\"ImageObject\",\"inLanguage\":\"es\",\"@id\":\"https:\\\/\\\/expressometro.mx\\\/#\\\/schema\\\/logo\\\/image\\\/\",\"url\":\"https:\\\/\\\/expressometro.mx\\\/wp-content\\\/uploads\\\/2019\\\/07\\\/cropped-Logo-Expresso-Metropolitano-1-1.jpeg\",\"contentUrl\":\"https:\\\/\\\/expressometro.mx\\\/wp-content\\\/uploads\\\/2019\\\/07\\\/cropped-Logo-Expresso-Metropolitano-1-1.jpeg\",\"width\":290,\"height\":73,\"caption\":\"Expresso Metropolitano\"},\"image\":{\"@id\":\"https:\\\/\\\/expressometro.mx\\\/#\\\/schema\\\/logo\\\/image\\\/\"}},{\"@type\":\"Person\",\"@id\":\"https:\\\/\\\/expressometro.mx\\\/#\\\/schema\\\/person\\\/efa971b4a0664db8ed5c22b1b0dd2f5d\",\"name\":\"Expresso Metropolitano\",\"image\":{\"@type\":\"ImageObject\",\"inLanguage\":\"es\",\"@id\":\"https:\\\/\\\/secure.gravatar.com\\\/avatar\\\/a89f802b8de18c6952f223c88d3d106e9e3679839f4e25a02f4a6cc2ae6ba3b3?s=96&d=mm&r=g\",\"url\":\"https:\\\/\\\/secure.gravatar.com\\\/avatar\\\/a89f802b8de18c6952f223c88d3d106e9e3679839f4e25a02f4a6cc2ae6ba3b3?s=96&d=mm&r=g\",\"contentUrl\":\"https:\\\/\\\/secure.gravatar.com\\\/avatar\\\/a89f802b8de18c6952f223c88d3d106e9e3679839f4e25a02f4a6cc2ae6ba3b3?s=96&d=mm&r=g\",\"caption\":\"Expresso Metropolitano\"},\"url\":\"https:\\\/\\\/expressometro.mx\\\/index.php\\\/author\\\/diego\\\/\"}]}<\/script>\n<!-- \/ Yoast SEO plugin. -->","yoast_head_json":{"title":"LA META: 100 MIL \u00c1RBOLES PLANTADOS EN JIQUIPILCO - Expresso Metropolitano","robots":{"index":"index","follow":"follow","max-snippet":"max-snippet:-1","max-image-preview":"max-image-preview:large","max-video-preview":"max-video-preview:-1"},"canonical":"https:\/\/expressometro.mx\/index.php\/2022\/08\/09\/la-meta-100-mil-arboles-plantados-en-jiquipilco\/","og_locale":"es_MX","og_type":"article","og_title":"LA META: 100 MIL \u00c1RBOLES PLANTADOS EN JIQUIPILCO - Expresso Metropolitano","og_description":"En lo que va de la temporada de lluvias en Jiquipilco se han plantado 50 mil \u00e1rboles en diversas \u00e1reas boscosas de la geograf\u00eda del municipio con la participaci\u00f3n de la sociedad, autoridades auxiliares y del Gobierno local.","og_url":"https:\/\/expressometro.mx\/index.php\/2022\/08\/09\/la-meta-100-mil-arboles-plantados-en-jiquipilco\/","og_site_name":"Expresso Metropolitano","article_published_time":"2022-08-09T23:41:11+00:00","og_image":[{"width":2560,"height":1707,"url":"http:\/\/expressometro.mx\/wp-content\/uploads\/2022\/08\/IMG_2528-scaled.jpg","type":"image\/jpeg"}],"author":"Expresso Metropolitano","twitter_misc":{"Escrito por":"Expresso Metropolitano","Tiempo de lectura":"1 minuto"},"schema":{"@context":"https:\/\/schema.org","@graph":[{"@type":"Article","@id":"https:\/\/expressometro.mx\/index.php\/2022\/08\/09\/la-meta-100-mil-arboles-plantados-en-jiquipilco\/#article","isPartOf":{"@id":"https:\/\/expressometro.mx\/index.php\/2022\/08\/09\/la-meta-100-mil-arboles-plantados-en-jiquipilco\/"},"author":{"name":"Expresso Metropolitano","@id":"https:\/\/expressometro.mx\/#\/schema\/person\/efa971b4a0664db8ed5c22b1b0dd2f5d"},"headline":"LA META: 100 MIL \u00c1RBOLES PLANTADOS EN JIQUIPILCO","datePublished":"2022-08-09T23:41:11+00:00","mainEntityOfPage":{"@id":"https:\/\/expressometro.mx\/index.php\/2022\/08\/09\/la-meta-100-mil-arboles-plantados-en-jiquipilco\/"},"wordCount":230,"commentCount":0,"publisher":{"@id":"https:\/\/expressometro.mx\/#organization"},"image":{"@id":"https:\/\/expressometro.mx\/index.php\/2022\/08\/09\/la-meta-100-mil-arboles-plantados-en-jiquipilco\/#primaryimage"},"thumbnailUrl":"https:\/\/expressometro.mx\/wp-content\/uploads\/2022\/08\/IMG_2528-scaled.jpg","keywords":["Felipe S\u00e1nchez","Jiquipilco","Reforestaci\u00f3n"],"articleSection":["Cultura","Gobierno","Medio ambiente"],"inLanguage":"es","potentialAction":[{"@type":"CommentAction","name":"Comment","target":["https:\/\/expressometro.mx\/index.php\/2022\/08\/09\/la-meta-100-mil-arboles-plantados-en-jiquipilco\/#respond"]}]},{"@type":"WebPage","@id":"https:\/\/expressometro.mx\/index.php\/2022\/08\/09\/la-meta-100-mil-arboles-plantados-en-jiquipilco\/","url":"https:\/\/expressometro.mx\/index.php\/2022\/08\/09\/la-meta-100-mil-arboles-plantados-en-jiquipilco\/","name":"LA META: 100 MIL \u00c1RBOLES PLANTADOS EN JIQUIPILCO - Expresso Metropolitano","isPartOf":{"@id":"https:\/\/expressometro.mx\/#website"},"primaryImageOfPage":{"@id":"https:\/\/expressometro.mx\/index.php\/2022\/08\/09\/la-meta-100-mil-arboles-plantados-en-jiquipilco\/#primaryimage"},"image":{"@id":"https:\/\/expressometro.mx\/index.php\/2022\/08\/09\/la-meta-100-mil-arboles-plantados-en-jiquipilco\/#primaryimage"},"thumbnailUrl":"https:\/\/expressometro.mx\/wp-content\/uploads\/2022\/08\/IMG_2528-scaled.jpg","datePublished":"2022-08-09T23:41:11+00:00","breadcrumb":{"@id":"https:\/\/expressometro.mx\/index.php\/2022\/08\/09\/la-meta-100-mil-arboles-plantados-en-jiquipilco\/#breadcrumb"},"inLanguage":"es","potentialAction":[{"@type":"ReadAction","target":["https:\/\/expressometro.mx\/index.php\/2022\/08\/09\/la-meta-100-mil-arboles-plantados-en-jiquipilco\/"]}]},{"@type":"ImageObject","inLanguage":"es","@id":"https:\/\/expressometro.mx\/index.php\/2022\/08\/09\/la-meta-100-mil-arboles-plantados-en-jiquipilco\/#primaryimage","url":"https:\/\/expressometro.mx\/wp-content\/uploads\/2022\/08\/IMG_2528-scaled.jpg","contentUrl":"https:\/\/expressometro.mx\/wp-content\/uploads\/2022\/08\/IMG_2528-scaled.jpg","width":2560,"height":1707},{"@type":"BreadcrumbList","@id":"https:\/\/expressometro.mx\/index.php\/2022\/08\/09\/la-meta-100-mil-arboles-plantados-en-jiquipilco\/#breadcrumb","itemListElement":[{"@type":"ListItem","position":1,"name":"Inicio","item":"https:\/\/expressometro.mx\/"},{"@type":"ListItem","position":2,"name":"LA META: 100 MIL \u00c1RBOLES PLANTADOS EN JIQUIPILCO"}]},{"@type":"WebSite","@id":"https:\/\/expressometro.mx\/#website","url":"https:\/\/expressometro.mx\/","name":"Expresso Metropolitano","description":"Periodismo comprometido, informaci\u00f3n, investigaci\u00f3n y an\u00e1lisis","publisher":{"@id":"https:\/\/expressometro.mx\/#organization"},"potentialAction":[{"@type":"SearchAction","target":{"@type":"EntryPoint","urlTemplate":"https:\/\/expressometro.mx\/?s={search_term_string}"},"query-input":{"@type":"PropertyValueSpecification","valueRequired":true,"valueName":"search_term_string"}}],"inLanguage":"es"},{"@type":"Organization","@id":"https:\/\/expressometro.mx\/#organization","name":"Expresso Metropolitano","url":"https:\/\/expressometro.mx\/","logo":{"@type":"ImageObject","inLanguage":"es","@id":"https:\/\/expressometro.mx\/#\/schema\/logo\/image\/","url":"https:\/\/expressometro.mx\/wp-content\/uploads\/2019\/07\/cropped-Logo-Expresso-Metropolitano-1-1.jpeg","contentUrl":"https:\/\/expressometro.mx\/wp-content\/uploads\/2019\/07\/cropped-Logo-Expresso-Metropolitano-1-1.jpeg","width":290,"height":73,"caption":"Expresso Metropolitano"},"image":{"@id":"https:\/\/expressometro.mx\/#\/schema\/logo\/image\/"}},{"@type":"Person","@id":"https:\/\/expressometro.mx\/#\/schema\/person\/efa971b4a0664db8ed5c22b1b0dd2f5d","name":"Expresso Metropolitano","image":{"@type":"ImageObject","inLanguage":"es","@id":"https:\/\/secure.gravatar.com\/avatar\/a89f802b8de18c6952f223c88d3d106e9e3679839f4e25a02f4a6cc2ae6ba3b3?s=96&d=mm&r=g","url":"https:\/\/secure.gravatar.com\/avatar\/a89f802b8de18c6952f223c88d3d106e9e3679839f4e25a02f4a6cc2ae6ba3b3?s=96&d=mm&r=g","contentUrl":"https:\/\/secure.gravatar.com\/avatar\/a89f802b8de18c6952f223c88d3d106e9e3679839f4e25a02f4a6cc2ae6ba3b3?s=96&d=mm&r=g","caption":"Expresso Metropolitano"},"url":"https:\/\/expressometro.mx\/index.php\/author\/diego\/"}]}},"amp_enabled":true,"_links":{"self":[{"href":"https:\/\/expressometro.mx\/index.php\/wp-json\/wp\/v2\/posts\/6237","targetHints":{"allow":["GET"]}}],"collection":[{"href":"https:\/\/expressometro.mx\/index.php\/wp-json\/wp\/v2\/posts"}],"about":[{"href":"https:\/\/expressometro.mx\/index.php\/wp-json\/wp\/v2\/types\/post"}],"author":[{"embeddable":true,"href":"https:\/\/expressometro.mx\/index.php\/wp-json\/wp\/v2\/users\/1"}],"replies":[{"embeddable":true,"href":"https:\/\/expressometro.mx\/index.php\/wp-json\/wp\/v2\/comments?post=6237"}],"version-history":[{"count":1,"href":"https:\/\/expressometro.mx\/index.php\/wp-json\/wp\/v2\/posts\/6237\/revisions"}],"predecessor-version":[{"id":6240,"href":"https:\/\/expressometro.mx\/index.php\/wp-json\/wp\/v2\/posts\/6237\/revisions\/6240"}],"wp:featuredmedia":[{"embeddable":true,"href":"https:\/\/expressometro.mx\/index.php\/wp-json\/wp\/v2\/media\/6239"}],"wp:attachment":[{"href":"https:\/\/expressometro.mx\/index.php\/wp-json\/wp\/v2\/media?parent=6237"}],"wp:term":[{"taxonomy":"category","embeddable":true,"href":"https:\/\/expressometro.mx\/index.php\/wp-json\/wp\/v2\/categories?post=6237"},{"taxonomy":"post_tag","embeddable":true,"href":"https:\/\/expressometro.mx\/index.php\/wp-json\/wp\/v2\/tags?post=6237"}],"curies":[{"name":"wp","href":"https:\/\/api.w.org\/{rel}","templated":true}]}}