{"id":6227,"date":"2022-08-09T16:52:50","date_gmt":"2022-08-09T21:52:50","guid":{"rendered":"https:\/\/expressometro.mx\/?p=6227"},"modified":"2022-08-09T16:52:51","modified_gmt":"2022-08-09T21:52:51","slug":"aculco-rinde-homenaje-a-los-pueblos-otomies-por-el-dia-internacional-de-los-pueblos-indigenas","status":"publish","type":"post","link":"https:\/\/expressometro.mx\/index.php\/2022\/08\/09\/aculco-rinde-homenaje-a-los-pueblos-otomies-por-el-dia-internacional-de-los-pueblos-indigenas\/","title":{"rendered":"ACULCO RINDE HOMENAJE A LOS PUEBLOS OTOM\u00cdES POR EL \u201cD\u00cdA INTERNACIONAL DE LOS PUEBLOS IND\u00cdGENAS\u201d"},"content":{"rendered":"\n<p><\/p>\n\n\n\n<p>En conmemoraci\u00f3n del &#8220;D\u00eda Internacional de los Pueblos Ind\u00edgenas&#8221; se llev\u00f3 a cabo la tradicional ceremonia Otom\u00ed, la expo-venta de artesan\u00edas y gastronom\u00eda; y clase de Otom\u00ed, con el objetivo de mantener vivas estas tradiciones.<\/p>\n\n\n\n<p>En Aculco, las mujeres otom\u00edes son los pilares de sus comunidades y juegan un papel crucial en la preservaci\u00f3n y transmisi\u00f3n de los conocimientos tradicionales. Tienen un rol colectivo y comunitario integral como guardianas de los recursos naturales y del conocimiento cient\u00edfico. Mujeres otom\u00edes tambi\u00e9n est\u00e1n tomando la iniciativa en la defensa de las tierras y territorios y abogando por los derechos colectivos de sus pueblos.<\/p>\n\n\n\n<p>En esta ocasi\u00f3n se mont\u00f3 una peque\u00f1a expo-venta en la que los expositores pusieron sus productos a la venta, hechos de manera artesanal. As\u00ed, se pudo degustar la exquisita gastronom\u00eda propia de la regi\u00f3n, se pudo apreciar los preciosos bordados en prendas de vestir y en prendas para el hogar, se pudo valorar las artesan\u00edas representativas de la comunidad. Todos los expositores recibieron un reconocimiento por parte del Presidente Municipal, Jorge Osornio Victoria, y les agradeci\u00f3 su entusiasta participaci\u00f3n.<\/p>\n\n\n\n<p>No s\u00f3lo se trata de preservar lo que ya exist\u00eda, sino de ponerlo en las generaciones m\u00e1s peque\u00f1as para que a trav\u00e9s de su identidad, lengua y costumbres florezca esa riqueza cultural, no solo en Aculco, sino en todo el pa\u00eds. Los otom\u00edes forman parte de los 56 pueblos ind\u00edgenas que residen en M\u00e9xico.<\/p>\n\n\n\n<p>Esos pueblos ind\u00edgenas son la mayor riqueza que tenemos, ya que promueven la vitalidad de la cultura, que por desgracia durante muchos a\u00f1os fueron abandonados. Debemos recordar que desde el 2020 el mundo esta enfrentando una crisis sanitaria que, obviamente, tambi\u00e9n ha afectado a los pueblos ind\u00edgenas de M\u00e9xico. Esta situaci\u00f3n provoc\u00f3 que los pueblos ind\u00edgenas comenzaran a tomar medidas y utilizaran los conocimientos y pr\u00e1cticas tradicionales, como el aislamiento voluntario y el cercamiento de sus territorios, as\u00ed como medidas preventivas, difundidas y abordadas en sus propias lenguas.<\/p>\n\n\n\n<p>Esto solo confirma las formas innovadoras en que los pueblos ind\u00edgenas contin\u00faan demostrando resistencia y fortaleza frente a la pandemia mientras se enfrentan a graves amenazas contra su supervivencia.<\/p>\n","protected":false},"excerpt":{"rendered":"<p>En conmemoraci\u00f3n del &#8220;D\u00eda Internacional de los Pueblos Ind\u00edgenas&#8221; se llev\u00f3 a cabo la tradicional ceremonia Otom\u00ed, la expo-venta de artesan\u00edas y gastronom\u00eda; y clase de Otom\u00ed, con el objetivo de mantener vivas estas tradiciones.<\/p>\n","protected":false},"author":1,"featured_media":6229,"comment_status":"open","ping_status":"open","sticky":false,"template":"","format":"standard","meta":{"footnotes":""},"categories":[11,3],"tags":[955,954,1954],"class_list":["post-6227","post","type-post","status-publish","format-standard","has-post-thumbnail","hentry","category-cultura","category-gobierno","tag-aculco","tag-jorge-osornio","tag-otomi"],"yoast_head":"<!-- This site is optimized with the Yoast SEO plugin v27.5 - https:\/\/yoast.com\/product\/yoast-seo-wordpress\/ -->\n<title>ACULCO RINDE HOMENAJE A LOS PUEBLOS OTOM\u00cdES POR EL \u201cD\u00cdA INTERNACIONAL DE LOS PUEBLOS IND\u00cdGENAS\u201d - Expresso Metropolitano<\/title>\n<meta name=\"robots\" content=\"index, follow, max-snippet:-1, max-image-preview:large, max-video-preview:-1\" \/>\n<link rel=\"canonical\" href=\"https:\/\/expressometro.mx\/index.php\/2022\/08\/09\/aculco-rinde-homenaje-a-los-pueblos-otomies-por-el-dia-internacional-de-los-pueblos-indigenas\/\" \/>\n<meta property=\"og:locale\" content=\"es_MX\" \/>\n<meta property=\"og:type\" content=\"article\" \/>\n<meta property=\"og:title\" content=\"ACULCO RINDE HOMENAJE A LOS PUEBLOS OTOM\u00cdES POR EL \u201cD\u00cdA INTERNACIONAL DE LOS PUEBLOS IND\u00cdGENAS\u201d - Expresso Metropolitano\" \/>\n<meta property=\"og:description\" content=\"En conmemoraci\u00f3n del &quot;D\u00eda Internacional de los Pueblos Ind\u00edgenas&quot; se llev\u00f3 a cabo la tradicional ceremonia Otom\u00ed, la expo-venta de artesan\u00edas y gastronom\u00eda; y clase de Otom\u00ed, con el objetivo de mantener vivas estas tradiciones.\" \/>\n<meta property=\"og:url\" content=\"https:\/\/expressometro.mx\/index.php\/2022\/08\/09\/aculco-rinde-homenaje-a-los-pueblos-otomies-por-el-dia-internacional-de-los-pueblos-indigenas\/\" \/>\n<meta property=\"og:site_name\" content=\"Expresso Metropolitano\" \/>\n<meta property=\"article:published_time\" content=\"2022-08-09T21:52:50+00:00\" \/>\n<meta property=\"article:modified_time\" content=\"2022-08-09T21:52:51+00:00\" \/>\n<meta property=\"og:image\" content=\"http:\/\/expressometro.mx\/wp-content\/uploads\/2022\/08\/Aculco-Dia-Internacional-de-los-Pueblos-Indigenas-090822-1.jpg\" \/>\n\t<meta property=\"og:image:width\" content=\"1000\" \/>\n\t<meta property=\"og:image:height\" content=\"592\" \/>\n\t<meta property=\"og:image:type\" content=\"image\/jpeg\" \/>\n<meta name=\"author\" content=\"Expresso Metropolitano\" \/>\n<meta name=\"twitter:label1\" content=\"Escrito por\" \/>\n\t<meta name=\"twitter:data1\" content=\"Expresso Metropolitano\" \/>\n\t<meta name=\"twitter:label2\" content=\"Tiempo de lectura\" \/>\n\t<meta name=\"twitter:data2\" content=\"2 minutos\" \/>\n<script type=\"application\/ld+json\" class=\"yoast-schema-graph\">{\"@context\":\"https:\\\/\\\/schema.org\",\"@graph\":[{\"@type\":\"Article\",\"@id\":\"https:\\\/\\\/expressometro.mx\\\/index.php\\\/2022\\\/08\\\/09\\\/aculco-rinde-homenaje-a-los-pueblos-otomies-por-el-dia-internacional-de-los-pueblos-indigenas\\\/#article\",\"isPartOf\":{\"@id\":\"https:\\\/\\\/expressometro.mx\\\/index.php\\\/2022\\\/08\\\/09\\\/aculco-rinde-homenaje-a-los-pueblos-otomies-por-el-dia-internacional-de-los-pueblos-indigenas\\\/\"},\"author\":{\"name\":\"Expresso Metropolitano\",\"@id\":\"https:\\\/\\\/expressometro.mx\\\/#\\\/schema\\\/person\\\/efa971b4a0664db8ed5c22b1b0dd2f5d\"},\"headline\":\"ACULCO RINDE HOMENAJE A LOS PUEBLOS OTOM\u00cdES POR EL \u201cD\u00cdA INTERNACIONAL DE LOS PUEBLOS IND\u00cdGENAS\u201d\",\"datePublished\":\"2022-08-09T21:52:50+00:00\",\"dateModified\":\"2022-08-09T21:52:51+00:00\",\"mainEntityOfPage\":{\"@id\":\"https:\\\/\\\/expressometro.mx\\\/index.php\\\/2022\\\/08\\\/09\\\/aculco-rinde-homenaje-a-los-pueblos-otomies-por-el-dia-internacional-de-los-pueblos-indigenas\\\/\"},\"wordCount\":404,\"commentCount\":0,\"publisher\":{\"@id\":\"https:\\\/\\\/expressometro.mx\\\/#organization\"},\"image\":{\"@id\":\"https:\\\/\\\/expressometro.mx\\\/index.php\\\/2022\\\/08\\\/09\\\/aculco-rinde-homenaje-a-los-pueblos-otomies-por-el-dia-internacional-de-los-pueblos-indigenas\\\/#primaryimage\"},\"thumbnailUrl\":\"https:\\\/\\\/expressometro.mx\\\/wp-content\\\/uploads\\\/2022\\\/08\\\/Aculco-Dia-Internacional-de-los-Pueblos-Indigenas-090822-1.jpg\",\"keywords\":[\"Aculco\",\"Jorge Osornio\",\"Otom\u00ed\"],\"articleSection\":[\"Cultura\",\"Gobierno\"],\"inLanguage\":\"es\",\"potentialAction\":[{\"@type\":\"CommentAction\",\"name\":\"Comment\",\"target\":[\"https:\\\/\\\/expressometro.mx\\\/index.php\\\/2022\\\/08\\\/09\\\/aculco-rinde-homenaje-a-los-pueblos-otomies-por-el-dia-internacional-de-los-pueblos-indigenas\\\/#respond\"]}]},{\"@type\":\"WebPage\",\"@id\":\"https:\\\/\\\/expressometro.mx\\\/index.php\\\/2022\\\/08\\\/09\\\/aculco-rinde-homenaje-a-los-pueblos-otomies-por-el-dia-internacional-de-los-pueblos-indigenas\\\/\",\"url\":\"https:\\\/\\\/expressometro.mx\\\/index.php\\\/2022\\\/08\\\/09\\\/aculco-rinde-homenaje-a-los-pueblos-otomies-por-el-dia-internacional-de-los-pueblos-indigenas\\\/\",\"name\":\"ACULCO RINDE HOMENAJE A LOS PUEBLOS OTOM\u00cdES POR EL \u201cD\u00cdA INTERNACIONAL DE LOS PUEBLOS IND\u00cdGENAS\u201d - Expresso Metropolitano\",\"isPartOf\":{\"@id\":\"https:\\\/\\\/expressometro.mx\\\/#website\"},\"primaryImageOfPage\":{\"@id\":\"https:\\\/\\\/expressometro.mx\\\/index.php\\\/2022\\\/08\\\/09\\\/aculco-rinde-homenaje-a-los-pueblos-otomies-por-el-dia-internacional-de-los-pueblos-indigenas\\\/#primaryimage\"},\"image\":{\"@id\":\"https:\\\/\\\/expressometro.mx\\\/index.php\\\/2022\\\/08\\\/09\\\/aculco-rinde-homenaje-a-los-pueblos-otomies-por-el-dia-internacional-de-los-pueblos-indigenas\\\/#primaryimage\"},\"thumbnailUrl\":\"https:\\\/\\\/expressometro.mx\\\/wp-content\\\/uploads\\\/2022\\\/08\\\/Aculco-Dia-Internacional-de-los-Pueblos-Indigenas-090822-1.jpg\",\"datePublished\":\"2022-08-09T21:52:50+00:00\",\"dateModified\":\"2022-08-09T21:52:51+00:00\",\"breadcrumb\":{\"@id\":\"https:\\\/\\\/expressometro.mx\\\/index.php\\\/2022\\\/08\\\/09\\\/aculco-rinde-homenaje-a-los-pueblos-otomies-por-el-dia-internacional-de-los-pueblos-indigenas\\\/#breadcrumb\"},\"inLanguage\":\"es\",\"potentialAction\":[{\"@type\":\"ReadAction\",\"target\":[\"https:\\\/\\\/expressometro.mx\\\/index.php\\\/2022\\\/08\\\/09\\\/aculco-rinde-homenaje-a-los-pueblos-otomies-por-el-dia-internacional-de-los-pueblos-indigenas\\\/\"]}]},{\"@type\":\"ImageObject\",\"inLanguage\":\"es\",\"@id\":\"https:\\\/\\\/expressometro.mx\\\/index.php\\\/2022\\\/08\\\/09\\\/aculco-rinde-homenaje-a-los-pueblos-otomies-por-el-dia-internacional-de-los-pueblos-indigenas\\\/#primaryimage\",\"url\":\"https:\\\/\\\/expressometro.mx\\\/wp-content\\\/uploads\\\/2022\\\/08\\\/Aculco-Dia-Internacional-de-los-Pueblos-Indigenas-090822-1.jpg\",\"contentUrl\":\"https:\\\/\\\/expressometro.mx\\\/wp-content\\\/uploads\\\/2022\\\/08\\\/Aculco-Dia-Internacional-de-los-Pueblos-Indigenas-090822-1.jpg\",\"width\":1000,\"height\":592},{\"@type\":\"BreadcrumbList\",\"@id\":\"https:\\\/\\\/expressometro.mx\\\/index.php\\\/2022\\\/08\\\/09\\\/aculco-rinde-homenaje-a-los-pueblos-otomies-por-el-dia-internacional-de-los-pueblos-indigenas\\\/#breadcrumb\",\"itemListElement\":[{\"@type\":\"ListItem\",\"position\":1,\"name\":\"Inicio\",\"item\":\"https:\\\/\\\/expressometro.mx\\\/\"},{\"@type\":\"ListItem\",\"position\":2,\"name\":\"ACULCO RINDE HOMENAJE A LOS PUEBLOS OTOM\u00cdES POR EL \u201cD\u00cdA INTERNACIONAL DE LOS PUEBLOS IND\u00cdGENAS\u201d\"}]},{\"@type\":\"WebSite\",\"@id\":\"https:\\\/\\\/expressometro.mx\\\/#website\",\"url\":\"https:\\\/\\\/expressometro.mx\\\/\",\"name\":\"Expresso Metropolitano\",\"description\":\"Periodismo comprometido, informaci\u00f3n, investigaci\u00f3n y an\u00e1lisis\",\"publisher\":{\"@id\":\"https:\\\/\\\/expressometro.mx\\\/#organization\"},\"potentialAction\":[{\"@type\":\"SearchAction\",\"target\":{\"@type\":\"EntryPoint\",\"urlTemplate\":\"https:\\\/\\\/expressometro.mx\\\/?s={search_term_string}\"},\"query-input\":{\"@type\":\"PropertyValueSpecification\",\"valueRequired\":true,\"valueName\":\"search_term_string\"}}],\"inLanguage\":\"es\"},{\"@type\":\"Organization\",\"@id\":\"https:\\\/\\\/expressometro.mx\\\/#organization\",\"name\":\"Expresso Metropolitano\",\"url\":\"https:\\\/\\\/expressometro.mx\\\/\",\"logo\":{\"@type\":\"ImageObject\",\"inLanguage\":\"es\",\"@id\":\"https:\\\/\\\/expressometro.mx\\\/#\\\/schema\\\/logo\\\/image\\\/\",\"url\":\"https:\\\/\\\/expressometro.mx\\\/wp-content\\\/uploads\\\/2019\\\/07\\\/cropped-Logo-Expresso-Metropolitano-1-1.jpeg\",\"contentUrl\":\"https:\\\/\\\/expressometro.mx\\\/wp-content\\\/uploads\\\/2019\\\/07\\\/cropped-Logo-Expresso-Metropolitano-1-1.jpeg\",\"width\":290,\"height\":73,\"caption\":\"Expresso Metropolitano\"},\"image\":{\"@id\":\"https:\\\/\\\/expressometro.mx\\\/#\\\/schema\\\/logo\\\/image\\\/\"}},{\"@type\":\"Person\",\"@id\":\"https:\\\/\\\/expressometro.mx\\\/#\\\/schema\\\/person\\\/efa971b4a0664db8ed5c22b1b0dd2f5d\",\"name\":\"Expresso Metropolitano\",\"image\":{\"@type\":\"ImageObject\",\"inLanguage\":\"es\",\"@id\":\"https:\\\/\\\/secure.gravatar.com\\\/avatar\\\/a89f802b8de18c6952f223c88d3d106e9e3679839f4e25a02f4a6cc2ae6ba3b3?s=96&d=mm&r=g\",\"url\":\"https:\\\/\\\/secure.gravatar.com\\\/avatar\\\/a89f802b8de18c6952f223c88d3d106e9e3679839f4e25a02f4a6cc2ae6ba3b3?s=96&d=mm&r=g\",\"contentUrl\":\"https:\\\/\\\/secure.gravatar.com\\\/avatar\\\/a89f802b8de18c6952f223c88d3d106e9e3679839f4e25a02f4a6cc2ae6ba3b3?s=96&d=mm&r=g\",\"caption\":\"Expresso Metropolitano\"},\"url\":\"https:\\\/\\\/expressometro.mx\\\/index.php\\\/author\\\/diego\\\/\"}]}<\/script>\n<!-- \/ Yoast SEO plugin. -->","yoast_head_json":{"title":"ACULCO RINDE HOMENAJE A LOS PUEBLOS OTOM\u00cdES POR EL \u201cD\u00cdA INTERNACIONAL DE LOS PUEBLOS IND\u00cdGENAS\u201d - Expresso Metropolitano","robots":{"index":"index","follow":"follow","max-snippet":"max-snippet:-1","max-image-preview":"max-image-preview:large","max-video-preview":"max-video-preview:-1"},"canonical":"https:\/\/expressometro.mx\/index.php\/2022\/08\/09\/aculco-rinde-homenaje-a-los-pueblos-otomies-por-el-dia-internacional-de-los-pueblos-indigenas\/","og_locale":"es_MX","og_type":"article","og_title":"ACULCO RINDE HOMENAJE A LOS PUEBLOS OTOM\u00cdES POR EL \u201cD\u00cdA INTERNACIONAL DE LOS PUEBLOS IND\u00cdGENAS\u201d - Expresso Metropolitano","og_description":"En conmemoraci\u00f3n del \"D\u00eda Internacional de los Pueblos Ind\u00edgenas\" se llev\u00f3 a cabo la tradicional ceremonia Otom\u00ed, la expo-venta de artesan\u00edas y gastronom\u00eda; y clase de Otom\u00ed, con el objetivo de mantener vivas estas tradiciones.","og_url":"https:\/\/expressometro.mx\/index.php\/2022\/08\/09\/aculco-rinde-homenaje-a-los-pueblos-otomies-por-el-dia-internacional-de-los-pueblos-indigenas\/","og_site_name":"Expresso Metropolitano","article_published_time":"2022-08-09T21:52:50+00:00","article_modified_time":"2022-08-09T21:52:51+00:00","og_image":[{"width":1000,"height":592,"url":"http:\/\/expressometro.mx\/wp-content\/uploads\/2022\/08\/Aculco-Dia-Internacional-de-los-Pueblos-Indigenas-090822-1.jpg","type":"image\/jpeg"}],"author":"Expresso Metropolitano","twitter_misc":{"Escrito por":"Expresso Metropolitano","Tiempo de lectura":"2 minutos"},"schema":{"@context":"https:\/\/schema.org","@graph":[{"@type":"Article","@id":"https:\/\/expressometro.mx\/index.php\/2022\/08\/09\/aculco-rinde-homenaje-a-los-pueblos-otomies-por-el-dia-internacional-de-los-pueblos-indigenas\/#article","isPartOf":{"@id":"https:\/\/expressometro.mx\/index.php\/2022\/08\/09\/aculco-rinde-homenaje-a-los-pueblos-otomies-por-el-dia-internacional-de-los-pueblos-indigenas\/"},"author":{"name":"Expresso Metropolitano","@id":"https:\/\/expressometro.mx\/#\/schema\/person\/efa971b4a0664db8ed5c22b1b0dd2f5d"},"headline":"ACULCO RINDE HOMENAJE A LOS PUEBLOS OTOM\u00cdES POR EL \u201cD\u00cdA INTERNACIONAL DE LOS PUEBLOS IND\u00cdGENAS\u201d","datePublished":"2022-08-09T21:52:50+00:00","dateModified":"2022-08-09T21:52:51+00:00","mainEntityOfPage":{"@id":"https:\/\/expressometro.mx\/index.php\/2022\/08\/09\/aculco-rinde-homenaje-a-los-pueblos-otomies-por-el-dia-internacional-de-los-pueblos-indigenas\/"},"wordCount":404,"commentCount":0,"publisher":{"@id":"https:\/\/expressometro.mx\/#organization"},"image":{"@id":"https:\/\/expressometro.mx\/index.php\/2022\/08\/09\/aculco-rinde-homenaje-a-los-pueblos-otomies-por-el-dia-internacional-de-los-pueblos-indigenas\/#primaryimage"},"thumbnailUrl":"https:\/\/expressometro.mx\/wp-content\/uploads\/2022\/08\/Aculco-Dia-Internacional-de-los-Pueblos-Indigenas-090822-1.jpg","keywords":["Aculco","Jorge Osornio","Otom\u00ed"],"articleSection":["Cultura","Gobierno"],"inLanguage":"es","potentialAction":[{"@type":"CommentAction","name":"Comment","target":["https:\/\/expressometro.mx\/index.php\/2022\/08\/09\/aculco-rinde-homenaje-a-los-pueblos-otomies-por-el-dia-internacional-de-los-pueblos-indigenas\/#respond"]}]},{"@type":"WebPage","@id":"https:\/\/expressometro.mx\/index.php\/2022\/08\/09\/aculco-rinde-homenaje-a-los-pueblos-otomies-por-el-dia-internacional-de-los-pueblos-indigenas\/","url":"https:\/\/expressometro.mx\/index.php\/2022\/08\/09\/aculco-rinde-homenaje-a-los-pueblos-otomies-por-el-dia-internacional-de-los-pueblos-indigenas\/","name":"ACULCO RINDE HOMENAJE A LOS PUEBLOS OTOM\u00cdES POR EL \u201cD\u00cdA INTERNACIONAL DE LOS PUEBLOS IND\u00cdGENAS\u201d - Expresso Metropolitano","isPartOf":{"@id":"https:\/\/expressometro.mx\/#website"},"primaryImageOfPage":{"@id":"https:\/\/expressometro.mx\/index.php\/2022\/08\/09\/aculco-rinde-homenaje-a-los-pueblos-otomies-por-el-dia-internacional-de-los-pueblos-indigenas\/#primaryimage"},"image":{"@id":"https:\/\/expressometro.mx\/index.php\/2022\/08\/09\/aculco-rinde-homenaje-a-los-pueblos-otomies-por-el-dia-internacional-de-los-pueblos-indigenas\/#primaryimage"},"thumbnailUrl":"https:\/\/expressometro.mx\/wp-content\/uploads\/2022\/08\/Aculco-Dia-Internacional-de-los-Pueblos-Indigenas-090822-1.jpg","datePublished":"2022-08-09T21:52:50+00:00","dateModified":"2022-08-09T21:52:51+00:00","breadcrumb":{"@id":"https:\/\/expressometro.mx\/index.php\/2022\/08\/09\/aculco-rinde-homenaje-a-los-pueblos-otomies-por-el-dia-internacional-de-los-pueblos-indigenas\/#breadcrumb"},"inLanguage":"es","potentialAction":[{"@type":"ReadAction","target":["https:\/\/expressometro.mx\/index.php\/2022\/08\/09\/aculco-rinde-homenaje-a-los-pueblos-otomies-por-el-dia-internacional-de-los-pueblos-indigenas\/"]}]},{"@type":"ImageObject","inLanguage":"es","@id":"https:\/\/expressometro.mx\/index.php\/2022\/08\/09\/aculco-rinde-homenaje-a-los-pueblos-otomies-por-el-dia-internacional-de-los-pueblos-indigenas\/#primaryimage","url":"https:\/\/expressometro.mx\/wp-content\/uploads\/2022\/08\/Aculco-Dia-Internacional-de-los-Pueblos-Indigenas-090822-1.jpg","contentUrl":"https:\/\/expressometro.mx\/wp-content\/uploads\/2022\/08\/Aculco-Dia-Internacional-de-los-Pueblos-Indigenas-090822-1.jpg","width":1000,"height":592},{"@type":"BreadcrumbList","@id":"https:\/\/expressometro.mx\/index.php\/2022\/08\/09\/aculco-rinde-homenaje-a-los-pueblos-otomies-por-el-dia-internacional-de-los-pueblos-indigenas\/#breadcrumb","itemListElement":[{"@type":"ListItem","position":1,"name":"Inicio","item":"https:\/\/expressometro.mx\/"},{"@type":"ListItem","position":2,"name":"ACULCO RINDE HOMENAJE A LOS PUEBLOS OTOM\u00cdES POR EL \u201cD\u00cdA INTERNACIONAL DE LOS PUEBLOS IND\u00cdGENAS\u201d"}]},{"@type":"WebSite","@id":"https:\/\/expressometro.mx\/#website","url":"https:\/\/expressometro.mx\/","name":"Expresso Metropolitano","description":"Periodismo comprometido, informaci\u00f3n, investigaci\u00f3n y an\u00e1lisis","publisher":{"@id":"https:\/\/expressometro.mx\/#organization"},"potentialAction":[{"@type":"SearchAction","target":{"@type":"EntryPoint","urlTemplate":"https:\/\/expressometro.mx\/?s={search_term_string}"},"query-input":{"@type":"PropertyValueSpecification","valueRequired":true,"valueName":"search_term_string"}}],"inLanguage":"es"},{"@type":"Organization","@id":"https:\/\/expressometro.mx\/#organization","name":"Expresso Metropolitano","url":"https:\/\/expressometro.mx\/","logo":{"@type":"ImageObject","inLanguage":"es","@id":"https:\/\/expressometro.mx\/#\/schema\/logo\/image\/","url":"https:\/\/expressometro.mx\/wp-content\/uploads\/2019\/07\/cropped-Logo-Expresso-Metropolitano-1-1.jpeg","contentUrl":"https:\/\/expressometro.mx\/wp-content\/uploads\/2019\/07\/cropped-Logo-Expresso-Metropolitano-1-1.jpeg","width":290,"height":73,"caption":"Expresso Metropolitano"},"image":{"@id":"https:\/\/expressometro.mx\/#\/schema\/logo\/image\/"}},{"@type":"Person","@id":"https:\/\/expressometro.mx\/#\/schema\/person\/efa971b4a0664db8ed5c22b1b0dd2f5d","name":"Expresso Metropolitano","image":{"@type":"ImageObject","inLanguage":"es","@id":"https:\/\/secure.gravatar.com\/avatar\/a89f802b8de18c6952f223c88d3d106e9e3679839f4e25a02f4a6cc2ae6ba3b3?s=96&d=mm&r=g","url":"https:\/\/secure.gravatar.com\/avatar\/a89f802b8de18c6952f223c88d3d106e9e3679839f4e25a02f4a6cc2ae6ba3b3?s=96&d=mm&r=g","contentUrl":"https:\/\/secure.gravatar.com\/avatar\/a89f802b8de18c6952f223c88d3d106e9e3679839f4e25a02f4a6cc2ae6ba3b3?s=96&d=mm&r=g","caption":"Expresso Metropolitano"},"url":"https:\/\/expressometro.mx\/index.php\/author\/diego\/"}]}},"amp_enabled":true,"_links":{"self":[{"href":"https:\/\/expressometro.mx\/index.php\/wp-json\/wp\/v2\/posts\/6227","targetHints":{"allow":["GET"]}}],"collection":[{"href":"https:\/\/expressometro.mx\/index.php\/wp-json\/wp\/v2\/posts"}],"about":[{"href":"https:\/\/expressometro.mx\/index.php\/wp-json\/wp\/v2\/types\/post"}],"author":[{"embeddable":true,"href":"https:\/\/expressometro.mx\/index.php\/wp-json\/wp\/v2\/users\/1"}],"replies":[{"embeddable":true,"href":"https:\/\/expressometro.mx\/index.php\/wp-json\/wp\/v2\/comments?post=6227"}],"version-history":[{"count":1,"href":"https:\/\/expressometro.mx\/index.php\/wp-json\/wp\/v2\/posts\/6227\/revisions"}],"predecessor-version":[{"id":6230,"href":"https:\/\/expressometro.mx\/index.php\/wp-json\/wp\/v2\/posts\/6227\/revisions\/6230"}],"wp:featuredmedia":[{"embeddable":true,"href":"https:\/\/expressometro.mx\/index.php\/wp-json\/wp\/v2\/media\/6229"}],"wp:attachment":[{"href":"https:\/\/expressometro.mx\/index.php\/wp-json\/wp\/v2\/media?parent=6227"}],"wp:term":[{"taxonomy":"category","embeddable":true,"href":"https:\/\/expressometro.mx\/index.php\/wp-json\/wp\/v2\/categories?post=6227"},{"taxonomy":"post_tag","embeddable":true,"href":"https:\/\/expressometro.mx\/index.php\/wp-json\/wp\/v2\/tags?post=6227"}],"curies":[{"name":"wp","href":"https:\/\/api.w.org\/{rel}","templated":true}]}}