{"id":6188,"date":"2022-07-14T15:39:00","date_gmt":"2022-07-14T20:39:00","guid":{"rendered":"https:\/\/expressometro.mx\/?p=6188"},"modified":"2022-08-04T15:55:25","modified_gmt":"2022-08-04T20:55:25","slug":"campana-universitaria-de-reforestacion-2022","status":"publish","type":"post","link":"https:\/\/expressometro.mx\/index.php\/2022\/07\/14\/campana-universitaria-de-reforestacion-2022\/","title":{"rendered":"CAMPA\u00d1A UNIVERSITARIA DE REFORESTACI\u00d3N 2022"},"content":{"rendered":"\n<p><\/p>\n\n\n\n<p>El rector de la Universidad Aut\u00f3noma del Estado de M\u00e9xico, Carlos Eduardo Barrera D\u00edaz, dirigi\u00f3 el inicio de la Campa\u00f1a Universitaria de Reforestaci\u00f3n 2022, en la cual la comunidad universitaria plantar\u00e1 un total de 30 mil \u00e1rboles.<\/p>\n\n\n\n<p>Las instalaciones de \u201cEl Cerrillo\u201d fueron el escenario del inicio de esta Campa\u00f1a, en donde tambi\u00e9n se firm\u00f3 un convenio de colaboraci\u00f3n con Alejandra Contreras Malv\u00e1ez, encargada del despacho de la Direcci\u00f3n General de Probosque del Estado de M\u00e9xico.<\/p>\n\n\n\n<p>Este convenio permitir\u00e1 establecer bases y mecanismos para sumar esfuerzos que coadyuven en la formaci\u00f3n y capacitaci\u00f3n de profesionistas con la visi\u00f3n sustentable que beneficia a \u00e9sta y las futuras generaciones. &nbsp;Estas acciones ayudar\u00e1n a llevar a cabo proyectos espec\u00edficos de investigaci\u00f3n cient\u00edfica y tecnol\u00f3gica, as\u00ed como divulgar y dar a conocer informaci\u00f3n de gran valor en materia agropecuaria y forestal que permita tomar decisiones estrat\u00e9gicas a favor de la entidad y el medio ambiente.<\/p>\n\n\n\n<p>El rector comenz\u00f3 esta jornada ecol\u00f3gica en las inmediaciones del Bordo \u201cLas Maravillas\u201d. En donde tambi\u00e9n destac\u00f3 que el cuidado de los recursos naturales es fundamental dentro y fuera de la universidad, para consolidar a la UAEM\u00e9x como una Universidad Verde.<\/p>\n\n\n\n<p>La M\u00e1xima Casa de Estudios, cuenta en su historia con un gran compromiso a favor del cuidado del medio ambiente y las jornadas anuales de reforestaci\u00f3n. Estas acciones se han convertido en uno de sus principales h\u00e1bitos, ya que, ahora el rector Barrera D\u00edaz se ha planteado como objetivo central hacer de la instituci\u00f3n una Universidad Verde, comprometida con el cumplimiento de los Objetivos de Desarrollo Sostenible (ODS).<\/p>\n\n\n\n<p>La plantaci\u00f3n de 30 mil \u00e1rboles forestales coadyuvar\u00e1 al cumplimiento de uno de los objetivos planteado en el Plan Rector de Desarrollo Institucional 2021-2025, relativo a generar la acci\u00f3n participativa y colaborativa de la comunidad universitaria en materia de cuidado responsable del medio ambiente.<\/p>\n","protected":false},"excerpt":{"rendered":"<p>El rector de la Universidad Aut\u00f3noma del Estado de M\u00e9xico, Carlos Eduardo Barrera D\u00edaz, dirigi\u00f3 el inicio de la Campa\u00f1a Universitaria de Reforestaci\u00f3n 2022, en la cual la comunidad universitaria plantar\u00e1 un total de 30 mil \u00e1rboles.<\/p>\n","protected":false},"author":1,"featured_media":6190,"comment_status":"open","ping_status":"open","sticky":false,"template":"","format":"standard","meta":{"footnotes":""},"categories":[108,3,8],"tags":[313,82],"class_list":["post-6188","post","type-post","status-publish","format-standard","has-post-thumbnail","hentry","category-educacion","category-gobierno","category-medio-ambiente","tag-carlos-eduardo-barrera-diaz","tag-uaemex"],"yoast_head":"<!-- This site is optimized with the Yoast SEO plugin v27.5 - https:\/\/yoast.com\/product\/yoast-seo-wordpress\/ -->\n<title>CAMPA\u00d1A UNIVERSITARIA DE REFORESTACI\u00d3N 2022 - Expresso Metropolitano<\/title>\n<meta name=\"robots\" content=\"index, follow, max-snippet:-1, max-image-preview:large, max-video-preview:-1\" \/>\n<link rel=\"canonical\" href=\"https:\/\/expressometro.mx\/index.php\/2022\/07\/14\/campana-universitaria-de-reforestacion-2022\/\" \/>\n<meta property=\"og:locale\" content=\"es_MX\" \/>\n<meta property=\"og:type\" content=\"article\" \/>\n<meta property=\"og:title\" content=\"CAMPA\u00d1A UNIVERSITARIA DE REFORESTACI\u00d3N 2022 - Expresso Metropolitano\" \/>\n<meta property=\"og:description\" content=\"El rector de la Universidad Aut\u00f3noma del Estado de M\u00e9xico, Carlos Eduardo Barrera D\u00edaz, dirigi\u00f3 el inicio de la Campa\u00f1a Universitaria de Reforestaci\u00f3n 2022, en la cual la comunidad universitaria plantar\u00e1 un total de 30 mil \u00e1rboles.\" \/>\n<meta property=\"og:url\" content=\"https:\/\/expressometro.mx\/index.php\/2022\/07\/14\/campana-universitaria-de-reforestacion-2022\/\" \/>\n<meta property=\"og:site_name\" content=\"Expresso Metropolitano\" \/>\n<meta property=\"article:published_time\" content=\"2022-07-14T20:39:00+00:00\" \/>\n<meta property=\"article:modified_time\" content=\"2022-08-04T20:55:25+00:00\" \/>\n<meta property=\"og:image\" content=\"http:\/\/expressometro.mx\/wp-content\/uploads\/2022\/08\/UAEMex-reforestacion-2022-140722-1.jpg\" \/>\n\t<meta property=\"og:image:width\" content=\"2048\" \/>\n\t<meta property=\"og:image:height\" content=\"1365\" \/>\n\t<meta property=\"og:image:type\" content=\"image\/jpeg\" \/>\n<meta name=\"author\" content=\"Expresso Metropolitano\" \/>\n<meta name=\"twitter:label1\" content=\"Escrito por\" \/>\n\t<meta name=\"twitter:data1\" content=\"Expresso Metropolitano\" \/>\n\t<meta name=\"twitter:label2\" content=\"Tiempo de lectura\" \/>\n\t<meta name=\"twitter:data2\" content=\"2 minutos\" \/>\n<script type=\"application\/ld+json\" class=\"yoast-schema-graph\">{\"@context\":\"https:\\\/\\\/schema.org\",\"@graph\":[{\"@type\":\"Article\",\"@id\":\"https:\\\/\\\/expressometro.mx\\\/index.php\\\/2022\\\/07\\\/14\\\/campana-universitaria-de-reforestacion-2022\\\/#article\",\"isPartOf\":{\"@id\":\"https:\\\/\\\/expressometro.mx\\\/index.php\\\/2022\\\/07\\\/14\\\/campana-universitaria-de-reforestacion-2022\\\/\"},\"author\":{\"name\":\"Expresso Metropolitano\",\"@id\":\"https:\\\/\\\/expressometro.mx\\\/#\\\/schema\\\/person\\\/efa971b4a0664db8ed5c22b1b0dd2f5d\"},\"headline\":\"CAMPA\u00d1A UNIVERSITARIA DE REFORESTACI\u00d3N 2022\",\"datePublished\":\"2022-07-14T20:39:00+00:00\",\"dateModified\":\"2022-08-04T20:55:25+00:00\",\"mainEntityOfPage\":{\"@id\":\"https:\\\/\\\/expressometro.mx\\\/index.php\\\/2022\\\/07\\\/14\\\/campana-universitaria-de-reforestacion-2022\\\/\"},\"wordCount\":339,\"commentCount\":0,\"publisher\":{\"@id\":\"https:\\\/\\\/expressometro.mx\\\/#organization\"},\"image\":{\"@id\":\"https:\\\/\\\/expressometro.mx\\\/index.php\\\/2022\\\/07\\\/14\\\/campana-universitaria-de-reforestacion-2022\\\/#primaryimage\"},\"thumbnailUrl\":\"https:\\\/\\\/expressometro.mx\\\/wp-content\\\/uploads\\\/2022\\\/08\\\/UAEMex-reforestacion-2022-140722-1.jpg\",\"keywords\":[\"Carlos Eduardo Barrera D\u00edaz\",\"UAEMex\"],\"articleSection\":[\"Educaci\u00f3n\",\"Gobierno\",\"Medio ambiente\"],\"inLanguage\":\"es\",\"potentialAction\":[{\"@type\":\"CommentAction\",\"name\":\"Comment\",\"target\":[\"https:\\\/\\\/expressometro.mx\\\/index.php\\\/2022\\\/07\\\/14\\\/campana-universitaria-de-reforestacion-2022\\\/#respond\"]}]},{\"@type\":\"WebPage\",\"@id\":\"https:\\\/\\\/expressometro.mx\\\/index.php\\\/2022\\\/07\\\/14\\\/campana-universitaria-de-reforestacion-2022\\\/\",\"url\":\"https:\\\/\\\/expressometro.mx\\\/index.php\\\/2022\\\/07\\\/14\\\/campana-universitaria-de-reforestacion-2022\\\/\",\"name\":\"CAMPA\u00d1A UNIVERSITARIA DE REFORESTACI\u00d3N 2022 - Expresso Metropolitano\",\"isPartOf\":{\"@id\":\"https:\\\/\\\/expressometro.mx\\\/#website\"},\"primaryImageOfPage\":{\"@id\":\"https:\\\/\\\/expressometro.mx\\\/index.php\\\/2022\\\/07\\\/14\\\/campana-universitaria-de-reforestacion-2022\\\/#primaryimage\"},\"image\":{\"@id\":\"https:\\\/\\\/expressometro.mx\\\/index.php\\\/2022\\\/07\\\/14\\\/campana-universitaria-de-reforestacion-2022\\\/#primaryimage\"},\"thumbnailUrl\":\"https:\\\/\\\/expressometro.mx\\\/wp-content\\\/uploads\\\/2022\\\/08\\\/UAEMex-reforestacion-2022-140722-1.jpg\",\"datePublished\":\"2022-07-14T20:39:00+00:00\",\"dateModified\":\"2022-08-04T20:55:25+00:00\",\"breadcrumb\":{\"@id\":\"https:\\\/\\\/expressometro.mx\\\/index.php\\\/2022\\\/07\\\/14\\\/campana-universitaria-de-reforestacion-2022\\\/#breadcrumb\"},\"inLanguage\":\"es\",\"potentialAction\":[{\"@type\":\"ReadAction\",\"target\":[\"https:\\\/\\\/expressometro.mx\\\/index.php\\\/2022\\\/07\\\/14\\\/campana-universitaria-de-reforestacion-2022\\\/\"]}]},{\"@type\":\"ImageObject\",\"inLanguage\":\"es\",\"@id\":\"https:\\\/\\\/expressometro.mx\\\/index.php\\\/2022\\\/07\\\/14\\\/campana-universitaria-de-reforestacion-2022\\\/#primaryimage\",\"url\":\"https:\\\/\\\/expressometro.mx\\\/wp-content\\\/uploads\\\/2022\\\/08\\\/UAEMex-reforestacion-2022-140722-1.jpg\",\"contentUrl\":\"https:\\\/\\\/expressometro.mx\\\/wp-content\\\/uploads\\\/2022\\\/08\\\/UAEMex-reforestacion-2022-140722-1.jpg\",\"width\":2048,\"height\":1365},{\"@type\":\"BreadcrumbList\",\"@id\":\"https:\\\/\\\/expressometro.mx\\\/index.php\\\/2022\\\/07\\\/14\\\/campana-universitaria-de-reforestacion-2022\\\/#breadcrumb\",\"itemListElement\":[{\"@type\":\"ListItem\",\"position\":1,\"name\":\"Inicio\",\"item\":\"https:\\\/\\\/expressometro.mx\\\/\"},{\"@type\":\"ListItem\",\"position\":2,\"name\":\"CAMPA\u00d1A UNIVERSITARIA DE REFORESTACI\u00d3N 2022\"}]},{\"@type\":\"WebSite\",\"@id\":\"https:\\\/\\\/expressometro.mx\\\/#website\",\"url\":\"https:\\\/\\\/expressometro.mx\\\/\",\"name\":\"Expresso Metropolitano\",\"description\":\"Periodismo comprometido, informaci\u00f3n, investigaci\u00f3n y an\u00e1lisis\",\"publisher\":{\"@id\":\"https:\\\/\\\/expressometro.mx\\\/#organization\"},\"potentialAction\":[{\"@type\":\"SearchAction\",\"target\":{\"@type\":\"EntryPoint\",\"urlTemplate\":\"https:\\\/\\\/expressometro.mx\\\/?s={search_term_string}\"},\"query-input\":{\"@type\":\"PropertyValueSpecification\",\"valueRequired\":true,\"valueName\":\"search_term_string\"}}],\"inLanguage\":\"es\"},{\"@type\":\"Organization\",\"@id\":\"https:\\\/\\\/expressometro.mx\\\/#organization\",\"name\":\"Expresso Metropolitano\",\"url\":\"https:\\\/\\\/expressometro.mx\\\/\",\"logo\":{\"@type\":\"ImageObject\",\"inLanguage\":\"es\",\"@id\":\"https:\\\/\\\/expressometro.mx\\\/#\\\/schema\\\/logo\\\/image\\\/\",\"url\":\"https:\\\/\\\/expressometro.mx\\\/wp-content\\\/uploads\\\/2019\\\/07\\\/cropped-Logo-Expresso-Metropolitano-1-1.jpeg\",\"contentUrl\":\"https:\\\/\\\/expressometro.mx\\\/wp-content\\\/uploads\\\/2019\\\/07\\\/cropped-Logo-Expresso-Metropolitano-1-1.jpeg\",\"width\":290,\"height\":73,\"caption\":\"Expresso Metropolitano\"},\"image\":{\"@id\":\"https:\\\/\\\/expressometro.mx\\\/#\\\/schema\\\/logo\\\/image\\\/\"}},{\"@type\":\"Person\",\"@id\":\"https:\\\/\\\/expressometro.mx\\\/#\\\/schema\\\/person\\\/efa971b4a0664db8ed5c22b1b0dd2f5d\",\"name\":\"Expresso Metropolitano\",\"image\":{\"@type\":\"ImageObject\",\"inLanguage\":\"es\",\"@id\":\"https:\\\/\\\/secure.gravatar.com\\\/avatar\\\/a89f802b8de18c6952f223c88d3d106e9e3679839f4e25a02f4a6cc2ae6ba3b3?s=96&d=mm&r=g\",\"url\":\"https:\\\/\\\/secure.gravatar.com\\\/avatar\\\/a89f802b8de18c6952f223c88d3d106e9e3679839f4e25a02f4a6cc2ae6ba3b3?s=96&d=mm&r=g\",\"contentUrl\":\"https:\\\/\\\/secure.gravatar.com\\\/avatar\\\/a89f802b8de18c6952f223c88d3d106e9e3679839f4e25a02f4a6cc2ae6ba3b3?s=96&d=mm&r=g\",\"caption\":\"Expresso Metropolitano\"},\"url\":\"https:\\\/\\\/expressometro.mx\\\/index.php\\\/author\\\/diego\\\/\"}]}<\/script>\n<!-- \/ Yoast SEO plugin. -->","yoast_head_json":{"title":"CAMPA\u00d1A UNIVERSITARIA DE REFORESTACI\u00d3N 2022 - Expresso Metropolitano","robots":{"index":"index","follow":"follow","max-snippet":"max-snippet:-1","max-image-preview":"max-image-preview:large","max-video-preview":"max-video-preview:-1"},"canonical":"https:\/\/expressometro.mx\/index.php\/2022\/07\/14\/campana-universitaria-de-reforestacion-2022\/","og_locale":"es_MX","og_type":"article","og_title":"CAMPA\u00d1A UNIVERSITARIA DE REFORESTACI\u00d3N 2022 - Expresso Metropolitano","og_description":"El rector de la Universidad Aut\u00f3noma del Estado de M\u00e9xico, Carlos Eduardo Barrera D\u00edaz, dirigi\u00f3 el inicio de la Campa\u00f1a Universitaria de Reforestaci\u00f3n 2022, en la cual la comunidad universitaria plantar\u00e1 un total de 30 mil \u00e1rboles.","og_url":"https:\/\/expressometro.mx\/index.php\/2022\/07\/14\/campana-universitaria-de-reforestacion-2022\/","og_site_name":"Expresso Metropolitano","article_published_time":"2022-07-14T20:39:00+00:00","article_modified_time":"2022-08-04T20:55:25+00:00","og_image":[{"width":2048,"height":1365,"url":"http:\/\/expressometro.mx\/wp-content\/uploads\/2022\/08\/UAEMex-reforestacion-2022-140722-1.jpg","type":"image\/jpeg"}],"author":"Expresso Metropolitano","twitter_misc":{"Escrito por":"Expresso Metropolitano","Tiempo de lectura":"2 minutos"},"schema":{"@context":"https:\/\/schema.org","@graph":[{"@type":"Article","@id":"https:\/\/expressometro.mx\/index.php\/2022\/07\/14\/campana-universitaria-de-reforestacion-2022\/#article","isPartOf":{"@id":"https:\/\/expressometro.mx\/index.php\/2022\/07\/14\/campana-universitaria-de-reforestacion-2022\/"},"author":{"name":"Expresso Metropolitano","@id":"https:\/\/expressometro.mx\/#\/schema\/person\/efa971b4a0664db8ed5c22b1b0dd2f5d"},"headline":"CAMPA\u00d1A UNIVERSITARIA DE REFORESTACI\u00d3N 2022","datePublished":"2022-07-14T20:39:00+00:00","dateModified":"2022-08-04T20:55:25+00:00","mainEntityOfPage":{"@id":"https:\/\/expressometro.mx\/index.php\/2022\/07\/14\/campana-universitaria-de-reforestacion-2022\/"},"wordCount":339,"commentCount":0,"publisher":{"@id":"https:\/\/expressometro.mx\/#organization"},"image":{"@id":"https:\/\/expressometro.mx\/index.php\/2022\/07\/14\/campana-universitaria-de-reforestacion-2022\/#primaryimage"},"thumbnailUrl":"https:\/\/expressometro.mx\/wp-content\/uploads\/2022\/08\/UAEMex-reforestacion-2022-140722-1.jpg","keywords":["Carlos Eduardo Barrera D\u00edaz","UAEMex"],"articleSection":["Educaci\u00f3n","Gobierno","Medio ambiente"],"inLanguage":"es","potentialAction":[{"@type":"CommentAction","name":"Comment","target":["https:\/\/expressometro.mx\/index.php\/2022\/07\/14\/campana-universitaria-de-reforestacion-2022\/#respond"]}]},{"@type":"WebPage","@id":"https:\/\/expressometro.mx\/index.php\/2022\/07\/14\/campana-universitaria-de-reforestacion-2022\/","url":"https:\/\/expressometro.mx\/index.php\/2022\/07\/14\/campana-universitaria-de-reforestacion-2022\/","name":"CAMPA\u00d1A UNIVERSITARIA DE REFORESTACI\u00d3N 2022 - Expresso Metropolitano","isPartOf":{"@id":"https:\/\/expressometro.mx\/#website"},"primaryImageOfPage":{"@id":"https:\/\/expressometro.mx\/index.php\/2022\/07\/14\/campana-universitaria-de-reforestacion-2022\/#primaryimage"},"image":{"@id":"https:\/\/expressometro.mx\/index.php\/2022\/07\/14\/campana-universitaria-de-reforestacion-2022\/#primaryimage"},"thumbnailUrl":"https:\/\/expressometro.mx\/wp-content\/uploads\/2022\/08\/UAEMex-reforestacion-2022-140722-1.jpg","datePublished":"2022-07-14T20:39:00+00:00","dateModified":"2022-08-04T20:55:25+00:00","breadcrumb":{"@id":"https:\/\/expressometro.mx\/index.php\/2022\/07\/14\/campana-universitaria-de-reforestacion-2022\/#breadcrumb"},"inLanguage":"es","potentialAction":[{"@type":"ReadAction","target":["https:\/\/expressometro.mx\/index.php\/2022\/07\/14\/campana-universitaria-de-reforestacion-2022\/"]}]},{"@type":"ImageObject","inLanguage":"es","@id":"https:\/\/expressometro.mx\/index.php\/2022\/07\/14\/campana-universitaria-de-reforestacion-2022\/#primaryimage","url":"https:\/\/expressometro.mx\/wp-content\/uploads\/2022\/08\/UAEMex-reforestacion-2022-140722-1.jpg","contentUrl":"https:\/\/expressometro.mx\/wp-content\/uploads\/2022\/08\/UAEMex-reforestacion-2022-140722-1.jpg","width":2048,"height":1365},{"@type":"BreadcrumbList","@id":"https:\/\/expressometro.mx\/index.php\/2022\/07\/14\/campana-universitaria-de-reforestacion-2022\/#breadcrumb","itemListElement":[{"@type":"ListItem","position":1,"name":"Inicio","item":"https:\/\/expressometro.mx\/"},{"@type":"ListItem","position":2,"name":"CAMPA\u00d1A UNIVERSITARIA DE REFORESTACI\u00d3N 2022"}]},{"@type":"WebSite","@id":"https:\/\/expressometro.mx\/#website","url":"https:\/\/expressometro.mx\/","name":"Expresso Metropolitano","description":"Periodismo comprometido, informaci\u00f3n, investigaci\u00f3n y an\u00e1lisis","publisher":{"@id":"https:\/\/expressometro.mx\/#organization"},"potentialAction":[{"@type":"SearchAction","target":{"@type":"EntryPoint","urlTemplate":"https:\/\/expressometro.mx\/?s={search_term_string}"},"query-input":{"@type":"PropertyValueSpecification","valueRequired":true,"valueName":"search_term_string"}}],"inLanguage":"es"},{"@type":"Organization","@id":"https:\/\/expressometro.mx\/#organization","name":"Expresso Metropolitano","url":"https:\/\/expressometro.mx\/","logo":{"@type":"ImageObject","inLanguage":"es","@id":"https:\/\/expressometro.mx\/#\/schema\/logo\/image\/","url":"https:\/\/expressometro.mx\/wp-content\/uploads\/2019\/07\/cropped-Logo-Expresso-Metropolitano-1-1.jpeg","contentUrl":"https:\/\/expressometro.mx\/wp-content\/uploads\/2019\/07\/cropped-Logo-Expresso-Metropolitano-1-1.jpeg","width":290,"height":73,"caption":"Expresso Metropolitano"},"image":{"@id":"https:\/\/expressometro.mx\/#\/schema\/logo\/image\/"}},{"@type":"Person","@id":"https:\/\/expressometro.mx\/#\/schema\/person\/efa971b4a0664db8ed5c22b1b0dd2f5d","name":"Expresso Metropolitano","image":{"@type":"ImageObject","inLanguage":"es","@id":"https:\/\/secure.gravatar.com\/avatar\/a89f802b8de18c6952f223c88d3d106e9e3679839f4e25a02f4a6cc2ae6ba3b3?s=96&d=mm&r=g","url":"https:\/\/secure.gravatar.com\/avatar\/a89f802b8de18c6952f223c88d3d106e9e3679839f4e25a02f4a6cc2ae6ba3b3?s=96&d=mm&r=g","contentUrl":"https:\/\/secure.gravatar.com\/avatar\/a89f802b8de18c6952f223c88d3d106e9e3679839f4e25a02f4a6cc2ae6ba3b3?s=96&d=mm&r=g","caption":"Expresso Metropolitano"},"url":"https:\/\/expressometro.mx\/index.php\/author\/diego\/"}]}},"amp_enabled":true,"_links":{"self":[{"href":"https:\/\/expressometro.mx\/index.php\/wp-json\/wp\/v2\/posts\/6188","targetHints":{"allow":["GET"]}}],"collection":[{"href":"https:\/\/expressometro.mx\/index.php\/wp-json\/wp\/v2\/posts"}],"about":[{"href":"https:\/\/expressometro.mx\/index.php\/wp-json\/wp\/v2\/types\/post"}],"author":[{"embeddable":true,"href":"https:\/\/expressometro.mx\/index.php\/wp-json\/wp\/v2\/users\/1"}],"replies":[{"embeddable":true,"href":"https:\/\/expressometro.mx\/index.php\/wp-json\/wp\/v2\/comments?post=6188"}],"version-history":[{"count":1,"href":"https:\/\/expressometro.mx\/index.php\/wp-json\/wp\/v2\/posts\/6188\/revisions"}],"predecessor-version":[{"id":6191,"href":"https:\/\/expressometro.mx\/index.php\/wp-json\/wp\/v2\/posts\/6188\/revisions\/6191"}],"wp:featuredmedia":[{"embeddable":true,"href":"https:\/\/expressometro.mx\/index.php\/wp-json\/wp\/v2\/media\/6190"}],"wp:attachment":[{"href":"https:\/\/expressometro.mx\/index.php\/wp-json\/wp\/v2\/media?parent=6188"}],"wp:term":[{"taxonomy":"category","embeddable":true,"href":"https:\/\/expressometro.mx\/index.php\/wp-json\/wp\/v2\/categories?post=6188"},{"taxonomy":"post_tag","embeddable":true,"href":"https:\/\/expressometro.mx\/index.php\/wp-json\/wp\/v2\/tags?post=6188"}],"curies":[{"name":"wp","href":"https:\/\/api.w.org\/{rel}","templated":true}]}}