{"id":6166,"date":"2022-07-14T21:05:00","date_gmt":"2022-07-15T02:05:00","guid":{"rendered":"https:\/\/expressometro.mx\/?p=6166"},"modified":"2022-08-01T21:09:39","modified_gmt":"2022-08-02T02:09:39","slug":"jorge-osornio-asistio-a-la-capacitacion-estrategias-de-apertura-y-gestion-de-las-auditorias-de-colmena","status":"publish","type":"post","link":"https:\/\/expressometro.mx\/index.php\/2022\/07\/14\/jorge-osornio-asistio-a-la-capacitacion-estrategias-de-apertura-y-gestion-de-las-auditorias-de-colmena\/","title":{"rendered":"JORGE OSORNIO ASISTI\u00d3 A LA CAPACITACI\u00d3N \u201cESTRATEGIAS DE APERTURA Y GESTI\u00d3N DE LAS AUDITOR\u00cdAS DE COLMENA\u201d"},"content":{"rendered":"\n<p><\/p>\n\n\n\n<p>La Secretar\u00eda de Finanzas en colaboraci\u00f3n con la Auditor\u00eda Superior de la Federaci\u00f3n presentaron a los municipios mexiquenses las &#8220;Estrategias de Apertura y Gesti\u00f3n de las Auditor\u00edas de Colmena (Participaciones Federales)&#8221;, informaci\u00f3n valiosa para el buen funcionamiento de las haciendas p\u00fablicas municipales.<\/p>\n\n\n\n<p>EL Presidente Municipal, Jorge Osornio Victoria asisti\u00f3 a este evento con la finalidad de seguir form\u00e1ndose en la instrucci\u00f3n de Finanzas y as\u00ed poder aplicar estos conocimientos en el desarrollo de su administraci\u00f3n.<\/p>\n\n\n\n<p>Con el objetivo de fortalecer la transparencia y rendici\u00f3n de cuentas en el ejercicio de los recursos p\u00fablicos, el Gobierno del Estado de M\u00e9xico impulsa la cobertura de fiscalizaci\u00f3n municipal, a trav\u00e9s de la Estrategia de Apertura y Gesti\u00f3n de las Auditor\u00edas de Colmena, realizada por personal especializado en el gasto federalizado, de la Auditor\u00eda Superior de la Federaci\u00f3n (ASF).<\/p>\n\n\n\n<p>Rodrigo Jarque, Secretario de Finanzas, asegur\u00f3 que con esta estrategia se incrementar\u00e1 la cobertura en la fiscalizaci\u00f3n de 40 municipios, en los que se focalizar\u00e1 la revisi\u00f3n de un bien o servicio, cuya fuente de recursos corresponda a participaciones federales.<\/p>\n\n\n\n<p>Con estas acciones se consolida la pol\u00edtica de Buen Gobierno como est\u00e1 establecido en el Plan de Desarrollo estatal de Alfredo Del Mazo, con incorporaci\u00f3n de los servidores p\u00fablicos desde su \u00e1mbito de responsabilidad.<\/p>\n\n\n\n<p>Durante su exposici\u00f3n, Emilio Barriga Delgado destac\u00f3 que la ASF tiene atribuciones para revisar los recursos federales transferidos a los municipios, el gasto federalizado programable y las participaciones federales.<\/p>\n\n\n\n<p>En su mensaje, el Subsecretario de Control y Evaluaci\u00f3n de la Secretar\u00eda de la Contralor\u00eda, Bruno Mart\u00ednez Villase\u00f1or, mencion\u00f3 que el nuevo modelo de auditor\u00eda, denominado \u201cColmena\u201d, constituye una evoluci\u00f3n en los actos de fiscalizaci\u00f3n realizados por la ASF, que se focaliza en la revisi\u00f3n de la gesti\u00f3n de los recursos de origen federal, respecto de un acto concreto, como lo es la adquisici\u00f3n de un bien o la contrataci\u00f3n de un servicio por parte del municipio, cuya fuente de recurso corresponda a participaciones federales, abarcando toda la gesti\u00f3n de la ejecuci\u00f3n del propio recurso.<\/p>\n\n\n\n<p>Como beneficio de este nuevo modelo, precis\u00f3 Mart\u00ednez Villase\u00f1or, se incrementa la cobertura de la fiscalizaci\u00f3n, se reduce el tiempo de ejecuci\u00f3n, en comparaci\u00f3n con la auditor\u00eda tradicional; adem\u00e1s, se aprovecha la utilizaci\u00f3n de sistemas electr\u00f3nicos para obtener informaci\u00f3n de proveedores y contratistas.<\/p>\n","protected":false},"excerpt":{"rendered":"<p>La Secretar\u00eda de Finanzas en colaboraci\u00f3n con la Auditor\u00eda Superior de la Federaci\u00f3n presentaron a los municipios mexiquenses las &#8220;Estrategias de Apertura y Gesti\u00f3n de las Auditor\u00edas de Colmena (Participaciones Federales)&#8221;, informaci\u00f3n valiosa para el buen funcionamiento de las haciendas p\u00fablicas municipales.<\/p>\n","protected":false},"author":1,"featured_media":6168,"comment_status":"open","ping_status":"open","sticky":false,"template":"","format":"standard","meta":{"footnotes":""},"categories":[3,231,6],"tags":[955,954],"class_list":["post-6166","post","type-post","status-publish","format-standard","has-post-thumbnail","hentry","category-gobierno","category-politica","category-seguridad","tag-aculco","tag-jorge-osornio"],"yoast_head":"<!-- This site is optimized with the Yoast SEO plugin v27.5 - https:\/\/yoast.com\/product\/yoast-seo-wordpress\/ -->\n<title>JORGE OSORNIO ASISTI\u00d3 A LA CAPACITACI\u00d3N \u201cESTRATEGIAS DE APERTURA Y GESTI\u00d3N DE LAS AUDITOR\u00cdAS DE COLMENA\u201d - Expresso Metropolitano<\/title>\n<meta name=\"robots\" content=\"index, follow, max-snippet:-1, max-image-preview:large, max-video-preview:-1\" \/>\n<link rel=\"canonical\" href=\"https:\/\/expressometro.mx\/index.php\/2022\/07\/14\/jorge-osornio-asistio-a-la-capacitacion-estrategias-de-apertura-y-gestion-de-las-auditorias-de-colmena\/\" \/>\n<meta property=\"og:locale\" content=\"es_MX\" \/>\n<meta property=\"og:type\" content=\"article\" \/>\n<meta property=\"og:title\" content=\"JORGE OSORNIO ASISTI\u00d3 A LA CAPACITACI\u00d3N \u201cESTRATEGIAS DE APERTURA Y GESTI\u00d3N DE LAS AUDITOR\u00cdAS DE COLMENA\u201d - Expresso Metropolitano\" \/>\n<meta property=\"og:description\" content=\"La Secretar\u00eda de Finanzas en colaboraci\u00f3n con la Auditor\u00eda Superior de la Federaci\u00f3n presentaron a los municipios mexiquenses las &quot;Estrategias de Apertura y Gesti\u00f3n de las Auditor\u00edas de Colmena (Participaciones Federales)&quot;, informaci\u00f3n valiosa para el buen funcionamiento de las haciendas p\u00fablicas municipales.\" \/>\n<meta property=\"og:url\" content=\"https:\/\/expressometro.mx\/index.php\/2022\/07\/14\/jorge-osornio-asistio-a-la-capacitacion-estrategias-de-apertura-y-gestion-de-las-auditorias-de-colmena\/\" \/>\n<meta property=\"og:site_name\" content=\"Expresso Metropolitano\" \/>\n<meta property=\"article:published_time\" content=\"2022-07-15T02:05:00+00:00\" \/>\n<meta property=\"article:modified_time\" content=\"2022-08-02T02:09:39+00:00\" \/>\n<meta property=\"og:image\" content=\"http:\/\/expressometro.mx\/wp-content\/uploads\/2022\/08\/Aculco-Colmena-140722-1.jpg\" \/>\n\t<meta property=\"og:image:width\" content=\"958\" \/>\n\t<meta property=\"og:image:height\" content=\"1280\" \/>\n\t<meta property=\"og:image:type\" content=\"image\/jpeg\" \/>\n<meta name=\"author\" content=\"Expresso Metropolitano\" \/>\n<meta name=\"twitter:label1\" content=\"Escrito por\" \/>\n\t<meta name=\"twitter:data1\" content=\"Expresso Metropolitano\" \/>\n\t<meta name=\"twitter:label2\" content=\"Tiempo de lectura\" \/>\n\t<meta name=\"twitter:data2\" content=\"2 minutos\" \/>\n<script type=\"application\/ld+json\" class=\"yoast-schema-graph\">{\"@context\":\"https:\\\/\\\/schema.org\",\"@graph\":[{\"@type\":\"Article\",\"@id\":\"https:\\\/\\\/expressometro.mx\\\/index.php\\\/2022\\\/07\\\/14\\\/jorge-osornio-asistio-a-la-capacitacion-estrategias-de-apertura-y-gestion-de-las-auditorias-de-colmena\\\/#article\",\"isPartOf\":{\"@id\":\"https:\\\/\\\/expressometro.mx\\\/index.php\\\/2022\\\/07\\\/14\\\/jorge-osornio-asistio-a-la-capacitacion-estrategias-de-apertura-y-gestion-de-las-auditorias-de-colmena\\\/\"},\"author\":{\"name\":\"Expresso Metropolitano\",\"@id\":\"https:\\\/\\\/expressometro.mx\\\/#\\\/schema\\\/person\\\/efa971b4a0664db8ed5c22b1b0dd2f5d\"},\"headline\":\"JORGE OSORNIO ASISTI\u00d3 A LA CAPACITACI\u00d3N \u201cESTRATEGIAS DE APERTURA Y GESTI\u00d3N DE LAS AUDITOR\u00cdAS DE COLMENA\u201d\",\"datePublished\":\"2022-07-15T02:05:00+00:00\",\"dateModified\":\"2022-08-02T02:09:39+00:00\",\"mainEntityOfPage\":{\"@id\":\"https:\\\/\\\/expressometro.mx\\\/index.php\\\/2022\\\/07\\\/14\\\/jorge-osornio-asistio-a-la-capacitacion-estrategias-de-apertura-y-gestion-de-las-auditorias-de-colmena\\\/\"},\"wordCount\":444,\"commentCount\":0,\"publisher\":{\"@id\":\"https:\\\/\\\/expressometro.mx\\\/#organization\"},\"image\":{\"@id\":\"https:\\\/\\\/expressometro.mx\\\/index.php\\\/2022\\\/07\\\/14\\\/jorge-osornio-asistio-a-la-capacitacion-estrategias-de-apertura-y-gestion-de-las-auditorias-de-colmena\\\/#primaryimage\"},\"thumbnailUrl\":\"https:\\\/\\\/expressometro.mx\\\/wp-content\\\/uploads\\\/2022\\\/08\\\/Aculco-Colmena-140722-1.jpg\",\"keywords\":[\"Aculco\",\"Jorge Osornio\"],\"articleSection\":[\"Gobierno\",\"Pol\u00edtica\",\"Seguridad\"],\"inLanguage\":\"es\",\"potentialAction\":[{\"@type\":\"CommentAction\",\"name\":\"Comment\",\"target\":[\"https:\\\/\\\/expressometro.mx\\\/index.php\\\/2022\\\/07\\\/14\\\/jorge-osornio-asistio-a-la-capacitacion-estrategias-de-apertura-y-gestion-de-las-auditorias-de-colmena\\\/#respond\"]}]},{\"@type\":\"WebPage\",\"@id\":\"https:\\\/\\\/expressometro.mx\\\/index.php\\\/2022\\\/07\\\/14\\\/jorge-osornio-asistio-a-la-capacitacion-estrategias-de-apertura-y-gestion-de-las-auditorias-de-colmena\\\/\",\"url\":\"https:\\\/\\\/expressometro.mx\\\/index.php\\\/2022\\\/07\\\/14\\\/jorge-osornio-asistio-a-la-capacitacion-estrategias-de-apertura-y-gestion-de-las-auditorias-de-colmena\\\/\",\"name\":\"JORGE OSORNIO ASISTI\u00d3 A LA CAPACITACI\u00d3N \u201cESTRATEGIAS DE APERTURA Y GESTI\u00d3N DE LAS AUDITOR\u00cdAS DE COLMENA\u201d - Expresso Metropolitano\",\"isPartOf\":{\"@id\":\"https:\\\/\\\/expressometro.mx\\\/#website\"},\"primaryImageOfPage\":{\"@id\":\"https:\\\/\\\/expressometro.mx\\\/index.php\\\/2022\\\/07\\\/14\\\/jorge-osornio-asistio-a-la-capacitacion-estrategias-de-apertura-y-gestion-de-las-auditorias-de-colmena\\\/#primaryimage\"},\"image\":{\"@id\":\"https:\\\/\\\/expressometro.mx\\\/index.php\\\/2022\\\/07\\\/14\\\/jorge-osornio-asistio-a-la-capacitacion-estrategias-de-apertura-y-gestion-de-las-auditorias-de-colmena\\\/#primaryimage\"},\"thumbnailUrl\":\"https:\\\/\\\/expressometro.mx\\\/wp-content\\\/uploads\\\/2022\\\/08\\\/Aculco-Colmena-140722-1.jpg\",\"datePublished\":\"2022-07-15T02:05:00+00:00\",\"dateModified\":\"2022-08-02T02:09:39+00:00\",\"breadcrumb\":{\"@id\":\"https:\\\/\\\/expressometro.mx\\\/index.php\\\/2022\\\/07\\\/14\\\/jorge-osornio-asistio-a-la-capacitacion-estrategias-de-apertura-y-gestion-de-las-auditorias-de-colmena\\\/#breadcrumb\"},\"inLanguage\":\"es\",\"potentialAction\":[{\"@type\":\"ReadAction\",\"target\":[\"https:\\\/\\\/expressometro.mx\\\/index.php\\\/2022\\\/07\\\/14\\\/jorge-osornio-asistio-a-la-capacitacion-estrategias-de-apertura-y-gestion-de-las-auditorias-de-colmena\\\/\"]}]},{\"@type\":\"ImageObject\",\"inLanguage\":\"es\",\"@id\":\"https:\\\/\\\/expressometro.mx\\\/index.php\\\/2022\\\/07\\\/14\\\/jorge-osornio-asistio-a-la-capacitacion-estrategias-de-apertura-y-gestion-de-las-auditorias-de-colmena\\\/#primaryimage\",\"url\":\"https:\\\/\\\/expressometro.mx\\\/wp-content\\\/uploads\\\/2022\\\/08\\\/Aculco-Colmena-140722-1.jpg\",\"contentUrl\":\"https:\\\/\\\/expressometro.mx\\\/wp-content\\\/uploads\\\/2022\\\/08\\\/Aculco-Colmena-140722-1.jpg\",\"width\":958,\"height\":1280},{\"@type\":\"BreadcrumbList\",\"@id\":\"https:\\\/\\\/expressometro.mx\\\/index.php\\\/2022\\\/07\\\/14\\\/jorge-osornio-asistio-a-la-capacitacion-estrategias-de-apertura-y-gestion-de-las-auditorias-de-colmena\\\/#breadcrumb\",\"itemListElement\":[{\"@type\":\"ListItem\",\"position\":1,\"name\":\"Inicio\",\"item\":\"https:\\\/\\\/expressometro.mx\\\/\"},{\"@type\":\"ListItem\",\"position\":2,\"name\":\"JORGE OSORNIO ASISTI\u00d3 A LA CAPACITACI\u00d3N \u201cESTRATEGIAS DE APERTURA Y GESTI\u00d3N DE LAS AUDITOR\u00cdAS DE COLMENA\u201d\"}]},{\"@type\":\"WebSite\",\"@id\":\"https:\\\/\\\/expressometro.mx\\\/#website\",\"url\":\"https:\\\/\\\/expressometro.mx\\\/\",\"name\":\"Expresso Metropolitano\",\"description\":\"Periodismo comprometido, informaci\u00f3n, investigaci\u00f3n y an\u00e1lisis\",\"publisher\":{\"@id\":\"https:\\\/\\\/expressometro.mx\\\/#organization\"},\"potentialAction\":[{\"@type\":\"SearchAction\",\"target\":{\"@type\":\"EntryPoint\",\"urlTemplate\":\"https:\\\/\\\/expressometro.mx\\\/?s={search_term_string}\"},\"query-input\":{\"@type\":\"PropertyValueSpecification\",\"valueRequired\":true,\"valueName\":\"search_term_string\"}}],\"inLanguage\":\"es\"},{\"@type\":\"Organization\",\"@id\":\"https:\\\/\\\/expressometro.mx\\\/#organization\",\"name\":\"Expresso Metropolitano\",\"url\":\"https:\\\/\\\/expressometro.mx\\\/\",\"logo\":{\"@type\":\"ImageObject\",\"inLanguage\":\"es\",\"@id\":\"https:\\\/\\\/expressometro.mx\\\/#\\\/schema\\\/logo\\\/image\\\/\",\"url\":\"https:\\\/\\\/expressometro.mx\\\/wp-content\\\/uploads\\\/2019\\\/07\\\/cropped-Logo-Expresso-Metropolitano-1-1.jpeg\",\"contentUrl\":\"https:\\\/\\\/expressometro.mx\\\/wp-content\\\/uploads\\\/2019\\\/07\\\/cropped-Logo-Expresso-Metropolitano-1-1.jpeg\",\"width\":290,\"height\":73,\"caption\":\"Expresso Metropolitano\"},\"image\":{\"@id\":\"https:\\\/\\\/expressometro.mx\\\/#\\\/schema\\\/logo\\\/image\\\/\"}},{\"@type\":\"Person\",\"@id\":\"https:\\\/\\\/expressometro.mx\\\/#\\\/schema\\\/person\\\/efa971b4a0664db8ed5c22b1b0dd2f5d\",\"name\":\"Expresso Metropolitano\",\"image\":{\"@type\":\"ImageObject\",\"inLanguage\":\"es\",\"@id\":\"https:\\\/\\\/secure.gravatar.com\\\/avatar\\\/a89f802b8de18c6952f223c88d3d106e9e3679839f4e25a02f4a6cc2ae6ba3b3?s=96&d=mm&r=g\",\"url\":\"https:\\\/\\\/secure.gravatar.com\\\/avatar\\\/a89f802b8de18c6952f223c88d3d106e9e3679839f4e25a02f4a6cc2ae6ba3b3?s=96&d=mm&r=g\",\"contentUrl\":\"https:\\\/\\\/secure.gravatar.com\\\/avatar\\\/a89f802b8de18c6952f223c88d3d106e9e3679839f4e25a02f4a6cc2ae6ba3b3?s=96&d=mm&r=g\",\"caption\":\"Expresso Metropolitano\"},\"url\":\"https:\\\/\\\/expressometro.mx\\\/index.php\\\/author\\\/diego\\\/\"}]}<\/script>\n<!-- \/ Yoast SEO plugin. -->","yoast_head_json":{"title":"JORGE OSORNIO ASISTI\u00d3 A LA CAPACITACI\u00d3N \u201cESTRATEGIAS DE APERTURA Y GESTI\u00d3N DE LAS AUDITOR\u00cdAS DE COLMENA\u201d - Expresso Metropolitano","robots":{"index":"index","follow":"follow","max-snippet":"max-snippet:-1","max-image-preview":"max-image-preview:large","max-video-preview":"max-video-preview:-1"},"canonical":"https:\/\/expressometro.mx\/index.php\/2022\/07\/14\/jorge-osornio-asistio-a-la-capacitacion-estrategias-de-apertura-y-gestion-de-las-auditorias-de-colmena\/","og_locale":"es_MX","og_type":"article","og_title":"JORGE OSORNIO ASISTI\u00d3 A LA CAPACITACI\u00d3N \u201cESTRATEGIAS DE APERTURA Y GESTI\u00d3N DE LAS AUDITOR\u00cdAS DE COLMENA\u201d - Expresso Metropolitano","og_description":"La Secretar\u00eda de Finanzas en colaboraci\u00f3n con la Auditor\u00eda Superior de la Federaci\u00f3n presentaron a los municipios mexiquenses las \"Estrategias de Apertura y Gesti\u00f3n de las Auditor\u00edas de Colmena (Participaciones Federales)\", informaci\u00f3n valiosa para el buen funcionamiento de las haciendas p\u00fablicas municipales.","og_url":"https:\/\/expressometro.mx\/index.php\/2022\/07\/14\/jorge-osornio-asistio-a-la-capacitacion-estrategias-de-apertura-y-gestion-de-las-auditorias-de-colmena\/","og_site_name":"Expresso Metropolitano","article_published_time":"2022-07-15T02:05:00+00:00","article_modified_time":"2022-08-02T02:09:39+00:00","og_image":[{"width":958,"height":1280,"url":"http:\/\/expressometro.mx\/wp-content\/uploads\/2022\/08\/Aculco-Colmena-140722-1.jpg","type":"image\/jpeg"}],"author":"Expresso Metropolitano","twitter_misc":{"Escrito por":"Expresso Metropolitano","Tiempo de lectura":"2 minutos"},"schema":{"@context":"https:\/\/schema.org","@graph":[{"@type":"Article","@id":"https:\/\/expressometro.mx\/index.php\/2022\/07\/14\/jorge-osornio-asistio-a-la-capacitacion-estrategias-de-apertura-y-gestion-de-las-auditorias-de-colmena\/#article","isPartOf":{"@id":"https:\/\/expressometro.mx\/index.php\/2022\/07\/14\/jorge-osornio-asistio-a-la-capacitacion-estrategias-de-apertura-y-gestion-de-las-auditorias-de-colmena\/"},"author":{"name":"Expresso Metropolitano","@id":"https:\/\/expressometro.mx\/#\/schema\/person\/efa971b4a0664db8ed5c22b1b0dd2f5d"},"headline":"JORGE OSORNIO ASISTI\u00d3 A LA CAPACITACI\u00d3N \u201cESTRATEGIAS DE APERTURA Y GESTI\u00d3N DE LAS AUDITOR\u00cdAS DE COLMENA\u201d","datePublished":"2022-07-15T02:05:00+00:00","dateModified":"2022-08-02T02:09:39+00:00","mainEntityOfPage":{"@id":"https:\/\/expressometro.mx\/index.php\/2022\/07\/14\/jorge-osornio-asistio-a-la-capacitacion-estrategias-de-apertura-y-gestion-de-las-auditorias-de-colmena\/"},"wordCount":444,"commentCount":0,"publisher":{"@id":"https:\/\/expressometro.mx\/#organization"},"image":{"@id":"https:\/\/expressometro.mx\/index.php\/2022\/07\/14\/jorge-osornio-asistio-a-la-capacitacion-estrategias-de-apertura-y-gestion-de-las-auditorias-de-colmena\/#primaryimage"},"thumbnailUrl":"https:\/\/expressometro.mx\/wp-content\/uploads\/2022\/08\/Aculco-Colmena-140722-1.jpg","keywords":["Aculco","Jorge Osornio"],"articleSection":["Gobierno","Pol\u00edtica","Seguridad"],"inLanguage":"es","potentialAction":[{"@type":"CommentAction","name":"Comment","target":["https:\/\/expressometro.mx\/index.php\/2022\/07\/14\/jorge-osornio-asistio-a-la-capacitacion-estrategias-de-apertura-y-gestion-de-las-auditorias-de-colmena\/#respond"]}]},{"@type":"WebPage","@id":"https:\/\/expressometro.mx\/index.php\/2022\/07\/14\/jorge-osornio-asistio-a-la-capacitacion-estrategias-de-apertura-y-gestion-de-las-auditorias-de-colmena\/","url":"https:\/\/expressometro.mx\/index.php\/2022\/07\/14\/jorge-osornio-asistio-a-la-capacitacion-estrategias-de-apertura-y-gestion-de-las-auditorias-de-colmena\/","name":"JORGE OSORNIO ASISTI\u00d3 A LA CAPACITACI\u00d3N \u201cESTRATEGIAS DE APERTURA Y GESTI\u00d3N DE LAS AUDITOR\u00cdAS DE COLMENA\u201d - Expresso Metropolitano","isPartOf":{"@id":"https:\/\/expressometro.mx\/#website"},"primaryImageOfPage":{"@id":"https:\/\/expressometro.mx\/index.php\/2022\/07\/14\/jorge-osornio-asistio-a-la-capacitacion-estrategias-de-apertura-y-gestion-de-las-auditorias-de-colmena\/#primaryimage"},"image":{"@id":"https:\/\/expressometro.mx\/index.php\/2022\/07\/14\/jorge-osornio-asistio-a-la-capacitacion-estrategias-de-apertura-y-gestion-de-las-auditorias-de-colmena\/#primaryimage"},"thumbnailUrl":"https:\/\/expressometro.mx\/wp-content\/uploads\/2022\/08\/Aculco-Colmena-140722-1.jpg","datePublished":"2022-07-15T02:05:00+00:00","dateModified":"2022-08-02T02:09:39+00:00","breadcrumb":{"@id":"https:\/\/expressometro.mx\/index.php\/2022\/07\/14\/jorge-osornio-asistio-a-la-capacitacion-estrategias-de-apertura-y-gestion-de-las-auditorias-de-colmena\/#breadcrumb"},"inLanguage":"es","potentialAction":[{"@type":"ReadAction","target":["https:\/\/expressometro.mx\/index.php\/2022\/07\/14\/jorge-osornio-asistio-a-la-capacitacion-estrategias-de-apertura-y-gestion-de-las-auditorias-de-colmena\/"]}]},{"@type":"ImageObject","inLanguage":"es","@id":"https:\/\/expressometro.mx\/index.php\/2022\/07\/14\/jorge-osornio-asistio-a-la-capacitacion-estrategias-de-apertura-y-gestion-de-las-auditorias-de-colmena\/#primaryimage","url":"https:\/\/expressometro.mx\/wp-content\/uploads\/2022\/08\/Aculco-Colmena-140722-1.jpg","contentUrl":"https:\/\/expressometro.mx\/wp-content\/uploads\/2022\/08\/Aculco-Colmena-140722-1.jpg","width":958,"height":1280},{"@type":"BreadcrumbList","@id":"https:\/\/expressometro.mx\/index.php\/2022\/07\/14\/jorge-osornio-asistio-a-la-capacitacion-estrategias-de-apertura-y-gestion-de-las-auditorias-de-colmena\/#breadcrumb","itemListElement":[{"@type":"ListItem","position":1,"name":"Inicio","item":"https:\/\/expressometro.mx\/"},{"@type":"ListItem","position":2,"name":"JORGE OSORNIO ASISTI\u00d3 A LA CAPACITACI\u00d3N \u201cESTRATEGIAS DE APERTURA Y GESTI\u00d3N DE LAS AUDITOR\u00cdAS DE COLMENA\u201d"}]},{"@type":"WebSite","@id":"https:\/\/expressometro.mx\/#website","url":"https:\/\/expressometro.mx\/","name":"Expresso Metropolitano","description":"Periodismo comprometido, informaci\u00f3n, investigaci\u00f3n y an\u00e1lisis","publisher":{"@id":"https:\/\/expressometro.mx\/#organization"},"potentialAction":[{"@type":"SearchAction","target":{"@type":"EntryPoint","urlTemplate":"https:\/\/expressometro.mx\/?s={search_term_string}"},"query-input":{"@type":"PropertyValueSpecification","valueRequired":true,"valueName":"search_term_string"}}],"inLanguage":"es"},{"@type":"Organization","@id":"https:\/\/expressometro.mx\/#organization","name":"Expresso Metropolitano","url":"https:\/\/expressometro.mx\/","logo":{"@type":"ImageObject","inLanguage":"es","@id":"https:\/\/expressometro.mx\/#\/schema\/logo\/image\/","url":"https:\/\/expressometro.mx\/wp-content\/uploads\/2019\/07\/cropped-Logo-Expresso-Metropolitano-1-1.jpeg","contentUrl":"https:\/\/expressometro.mx\/wp-content\/uploads\/2019\/07\/cropped-Logo-Expresso-Metropolitano-1-1.jpeg","width":290,"height":73,"caption":"Expresso Metropolitano"},"image":{"@id":"https:\/\/expressometro.mx\/#\/schema\/logo\/image\/"}},{"@type":"Person","@id":"https:\/\/expressometro.mx\/#\/schema\/person\/efa971b4a0664db8ed5c22b1b0dd2f5d","name":"Expresso Metropolitano","image":{"@type":"ImageObject","inLanguage":"es","@id":"https:\/\/secure.gravatar.com\/avatar\/a89f802b8de18c6952f223c88d3d106e9e3679839f4e25a02f4a6cc2ae6ba3b3?s=96&d=mm&r=g","url":"https:\/\/secure.gravatar.com\/avatar\/a89f802b8de18c6952f223c88d3d106e9e3679839f4e25a02f4a6cc2ae6ba3b3?s=96&d=mm&r=g","contentUrl":"https:\/\/secure.gravatar.com\/avatar\/a89f802b8de18c6952f223c88d3d106e9e3679839f4e25a02f4a6cc2ae6ba3b3?s=96&d=mm&r=g","caption":"Expresso Metropolitano"},"url":"https:\/\/expressometro.mx\/index.php\/author\/diego\/"}]}},"amp_enabled":true,"_links":{"self":[{"href":"https:\/\/expressometro.mx\/index.php\/wp-json\/wp\/v2\/posts\/6166","targetHints":{"allow":["GET"]}}],"collection":[{"href":"https:\/\/expressometro.mx\/index.php\/wp-json\/wp\/v2\/posts"}],"about":[{"href":"https:\/\/expressometro.mx\/index.php\/wp-json\/wp\/v2\/types\/post"}],"author":[{"embeddable":true,"href":"https:\/\/expressometro.mx\/index.php\/wp-json\/wp\/v2\/users\/1"}],"replies":[{"embeddable":true,"href":"https:\/\/expressometro.mx\/index.php\/wp-json\/wp\/v2\/comments?post=6166"}],"version-history":[{"count":1,"href":"https:\/\/expressometro.mx\/index.php\/wp-json\/wp\/v2\/posts\/6166\/revisions"}],"predecessor-version":[{"id":6169,"href":"https:\/\/expressometro.mx\/index.php\/wp-json\/wp\/v2\/posts\/6166\/revisions\/6169"}],"wp:featuredmedia":[{"embeddable":true,"href":"https:\/\/expressometro.mx\/index.php\/wp-json\/wp\/v2\/media\/6168"}],"wp:attachment":[{"href":"https:\/\/expressometro.mx\/index.php\/wp-json\/wp\/v2\/media?parent=6166"}],"wp:term":[{"taxonomy":"category","embeddable":true,"href":"https:\/\/expressometro.mx\/index.php\/wp-json\/wp\/v2\/categories?post=6166"},{"taxonomy":"post_tag","embeddable":true,"href":"https:\/\/expressometro.mx\/index.php\/wp-json\/wp\/v2\/tags?post=6166"}],"curies":[{"name":"wp","href":"https:\/\/api.w.org\/{rel}","templated":true}]}}