{"id":6137,"date":"2022-07-29T15:24:23","date_gmt":"2022-07-29T20:24:23","guid":{"rendered":"https:\/\/expressometro.mx\/?p=6137"},"modified":"2022-07-29T15:24:23","modified_gmt":"2022-07-29T20:24:23","slug":"acude-y-diviertete-en-la-segunda-cabalgata-turistica-jiquipilco","status":"publish","type":"post","link":"https:\/\/expressometro.mx\/index.php\/2022\/07\/29\/acude-y-diviertete-en-la-segunda-cabalgata-turistica-jiquipilco\/","title":{"rendered":"ACUDE Y DIVI\u00c9RTETE EN LA SEGUNDA CABALGATA TUR\u00cdSTICA JIQUIPILCO"},"content":{"rendered":"\n<p><\/p>\n\n\n\n<p>Con el objetivo de promover las tradiciones e impulsar la econom\u00eda de la zona rural, autoridades municipales en coordinaci\u00f3n con el Comit\u00e9 Organizador, dieron a conocer las actividades de la Segunda Cabalgata Tur\u00edstica Jiquipilco. Misma que se llevar\u00e1 a cabo el pr\u00f3ximo 30 de julio y que dar\u00e1 inicio a las 8:00 de la ma\u00f1ana.<\/p>\n\n\n\n<p>El recorrido iniciar\u00e1 en el predio donde se construye el vivero municipal muy cerca de &#8220;El Ojo de Agua&#8221; en el Jaral Manzana 6ta. colindando con Santa Isabel. Se incluir\u00e1n diversas comunidades, como Santa Isabel, El Jaral, Portezuelo, San Mart\u00edn, La Pastora, San Isidro, Manzana Cuarta; hasta llegar a la Presa Verde.<\/p>\n\n\n\n<p>Contar\u00e1 con el respaldo de agentes de Seguridad P\u00fablica, Polic\u00eda Preventiva y Tr\u00e1nsito Municipal, y Protecci\u00f3n Civil, para garantizar la seguridad de los ciudadanos. Ya que en este trayecto se podr\u00e1n apreciar el trabajo de los artesanos locales.<\/p>\n\n\n\n<p>El Presidente Municipal, Felipe S\u00e1nchez D\u00e1vila, est\u00e1 haciendo una sinergia encaminada a la organizaci\u00f3n de actividades en beneficio de la sociedad, donde unen esfuerzos la iniciativa privada e instituciones gubernamentales.<\/p>\n\n\n\n<p>Autoridades y ciudadan\u00eda coincidieron que uniendo esfuerzos se pueden realizar actividades con mayor \u00e9xito y consolidar las tradicionales y cultura jiquilpense.<\/p>\n","protected":false},"excerpt":{"rendered":"<p>Con el objetivo de promover las tradiciones e impulsar la econom\u00eda de la zona rural, autoridades municipales en coordinaci\u00f3n con el Comit\u00e9 Organizador, dieron a conocer las actividades de la Segunda Cabalgata Tur\u00edstica Jiquipilco. Misma que se llevar\u00e1 a cabo el pr\u00f3ximo 30 de julio y que dar\u00e1 inicio a las 8:00 de la ma\u00f1ana.<\/p>\n","protected":false},"author":1,"featured_media":6139,"comment_status":"open","ping_status":"open","sticky":false,"template":"","format":"standard","meta":{"footnotes":""},"categories":[11,3],"tags":[1846,474,196],"class_list":["post-6137","post","type-post","status-publish","format-standard","has-post-thumbnail","hentry","category-cultura","category-gobierno","tag-cabalgata","tag-felipe-sanchez","tag-jiquipilco"],"yoast_head":"<!-- This site is optimized with the Yoast SEO plugin v27.5 - https:\/\/yoast.com\/product\/yoast-seo-wordpress\/ -->\n<title>ACUDE Y DIVI\u00c9RTETE EN LA SEGUNDA CABALGATA TUR\u00cdSTICA JIQUIPILCO - Expresso Metropolitano<\/title>\n<meta name=\"robots\" content=\"index, follow, max-snippet:-1, max-image-preview:large, max-video-preview:-1\" \/>\n<link rel=\"canonical\" href=\"https:\/\/expressometro.mx\/index.php\/2022\/07\/29\/acude-y-diviertete-en-la-segunda-cabalgata-turistica-jiquipilco\/\" \/>\n<meta property=\"og:locale\" content=\"es_MX\" \/>\n<meta property=\"og:type\" content=\"article\" \/>\n<meta property=\"og:title\" content=\"ACUDE Y DIVI\u00c9RTETE EN LA SEGUNDA CABALGATA TUR\u00cdSTICA JIQUIPILCO - Expresso Metropolitano\" \/>\n<meta property=\"og:description\" content=\"Con el objetivo de promover las tradiciones e impulsar la econom\u00eda de la zona rural, autoridades municipales en coordinaci\u00f3n con el Comit\u00e9 Organizador, dieron a conocer las actividades de la Segunda Cabalgata Tur\u00edstica Jiquipilco. Misma que se llevar\u00e1 a cabo el pr\u00f3ximo 30 de julio y que dar\u00e1 inicio a las 8:00 de la ma\u00f1ana.\" \/>\n<meta property=\"og:url\" content=\"https:\/\/expressometro.mx\/index.php\/2022\/07\/29\/acude-y-diviertete-en-la-segunda-cabalgata-turistica-jiquipilco\/\" \/>\n<meta property=\"og:site_name\" content=\"Expresso Metropolitano\" \/>\n<meta property=\"article:published_time\" content=\"2022-07-29T20:24:23+00:00\" \/>\n<meta property=\"og:image\" content=\"http:\/\/expressometro.mx\/wp-content\/uploads\/2022\/07\/Jiquipilco-Cabalgata-290722.jpg\" \/>\n\t<meta property=\"og:image:width\" content=\"988\" \/>\n\t<meta property=\"og:image:height\" content=\"1280\" \/>\n\t<meta property=\"og:image:type\" content=\"image\/jpeg\" \/>\n<meta name=\"author\" content=\"Expresso Metropolitano\" \/>\n<meta name=\"twitter:label1\" content=\"Escrito por\" \/>\n\t<meta name=\"twitter:data1\" content=\"Expresso Metropolitano\" \/>\n\t<meta name=\"twitter:label2\" content=\"Tiempo de lectura\" \/>\n\t<meta name=\"twitter:data2\" content=\"1 minuto\" \/>\n<script type=\"application\/ld+json\" class=\"yoast-schema-graph\">{\"@context\":\"https:\\\/\\\/schema.org\",\"@graph\":[{\"@type\":\"Article\",\"@id\":\"https:\\\/\\\/expressometro.mx\\\/index.php\\\/2022\\\/07\\\/29\\\/acude-y-diviertete-en-la-segunda-cabalgata-turistica-jiquipilco\\\/#article\",\"isPartOf\":{\"@id\":\"https:\\\/\\\/expressometro.mx\\\/index.php\\\/2022\\\/07\\\/29\\\/acude-y-diviertete-en-la-segunda-cabalgata-turistica-jiquipilco\\\/\"},\"author\":{\"name\":\"Expresso Metropolitano\",\"@id\":\"https:\\\/\\\/expressometro.mx\\\/#\\\/schema\\\/person\\\/efa971b4a0664db8ed5c22b1b0dd2f5d\"},\"headline\":\"ACUDE Y DIVI\u00c9RTETE EN LA SEGUNDA CABALGATA TUR\u00cdSTICA JIQUIPILCO\",\"datePublished\":\"2022-07-29T20:24:23+00:00\",\"mainEntityOfPage\":{\"@id\":\"https:\\\/\\\/expressometro.mx\\\/index.php\\\/2022\\\/07\\\/29\\\/acude-y-diviertete-en-la-segunda-cabalgata-turistica-jiquipilco\\\/\"},\"wordCount\":221,\"commentCount\":0,\"publisher\":{\"@id\":\"https:\\\/\\\/expressometro.mx\\\/#organization\"},\"image\":{\"@id\":\"https:\\\/\\\/expressometro.mx\\\/index.php\\\/2022\\\/07\\\/29\\\/acude-y-diviertete-en-la-segunda-cabalgata-turistica-jiquipilco\\\/#primaryimage\"},\"thumbnailUrl\":\"https:\\\/\\\/expressometro.mx\\\/wp-content\\\/uploads\\\/2022\\\/07\\\/Jiquipilco-Cabalgata-290722.jpg\",\"keywords\":[\"Cabalgata\",\"Felipe S\u00e1nchez\",\"Jiquipilco\"],\"articleSection\":[\"Cultura\",\"Gobierno\"],\"inLanguage\":\"es\",\"potentialAction\":[{\"@type\":\"CommentAction\",\"name\":\"Comment\",\"target\":[\"https:\\\/\\\/expressometro.mx\\\/index.php\\\/2022\\\/07\\\/29\\\/acude-y-diviertete-en-la-segunda-cabalgata-turistica-jiquipilco\\\/#respond\"]}]},{\"@type\":\"WebPage\",\"@id\":\"https:\\\/\\\/expressometro.mx\\\/index.php\\\/2022\\\/07\\\/29\\\/acude-y-diviertete-en-la-segunda-cabalgata-turistica-jiquipilco\\\/\",\"url\":\"https:\\\/\\\/expressometro.mx\\\/index.php\\\/2022\\\/07\\\/29\\\/acude-y-diviertete-en-la-segunda-cabalgata-turistica-jiquipilco\\\/\",\"name\":\"ACUDE Y DIVI\u00c9RTETE EN LA SEGUNDA CABALGATA TUR\u00cdSTICA JIQUIPILCO - Expresso Metropolitano\",\"isPartOf\":{\"@id\":\"https:\\\/\\\/expressometro.mx\\\/#website\"},\"primaryImageOfPage\":{\"@id\":\"https:\\\/\\\/expressometro.mx\\\/index.php\\\/2022\\\/07\\\/29\\\/acude-y-diviertete-en-la-segunda-cabalgata-turistica-jiquipilco\\\/#primaryimage\"},\"image\":{\"@id\":\"https:\\\/\\\/expressometro.mx\\\/index.php\\\/2022\\\/07\\\/29\\\/acude-y-diviertete-en-la-segunda-cabalgata-turistica-jiquipilco\\\/#primaryimage\"},\"thumbnailUrl\":\"https:\\\/\\\/expressometro.mx\\\/wp-content\\\/uploads\\\/2022\\\/07\\\/Jiquipilco-Cabalgata-290722.jpg\",\"datePublished\":\"2022-07-29T20:24:23+00:00\",\"breadcrumb\":{\"@id\":\"https:\\\/\\\/expressometro.mx\\\/index.php\\\/2022\\\/07\\\/29\\\/acude-y-diviertete-en-la-segunda-cabalgata-turistica-jiquipilco\\\/#breadcrumb\"},\"inLanguage\":\"es\",\"potentialAction\":[{\"@type\":\"ReadAction\",\"target\":[\"https:\\\/\\\/expressometro.mx\\\/index.php\\\/2022\\\/07\\\/29\\\/acude-y-diviertete-en-la-segunda-cabalgata-turistica-jiquipilco\\\/\"]}]},{\"@type\":\"ImageObject\",\"inLanguage\":\"es\",\"@id\":\"https:\\\/\\\/expressometro.mx\\\/index.php\\\/2022\\\/07\\\/29\\\/acude-y-diviertete-en-la-segunda-cabalgata-turistica-jiquipilco\\\/#primaryimage\",\"url\":\"https:\\\/\\\/expressometro.mx\\\/wp-content\\\/uploads\\\/2022\\\/07\\\/Jiquipilco-Cabalgata-290722.jpg\",\"contentUrl\":\"https:\\\/\\\/expressometro.mx\\\/wp-content\\\/uploads\\\/2022\\\/07\\\/Jiquipilco-Cabalgata-290722.jpg\",\"width\":988,\"height\":1280},{\"@type\":\"BreadcrumbList\",\"@id\":\"https:\\\/\\\/expressometro.mx\\\/index.php\\\/2022\\\/07\\\/29\\\/acude-y-diviertete-en-la-segunda-cabalgata-turistica-jiquipilco\\\/#breadcrumb\",\"itemListElement\":[{\"@type\":\"ListItem\",\"position\":1,\"name\":\"Inicio\",\"item\":\"https:\\\/\\\/expressometro.mx\\\/\"},{\"@type\":\"ListItem\",\"position\":2,\"name\":\"ACUDE Y DIVI\u00c9RTETE EN LA SEGUNDA CABALGATA TUR\u00cdSTICA JIQUIPILCO\"}]},{\"@type\":\"WebSite\",\"@id\":\"https:\\\/\\\/expressometro.mx\\\/#website\",\"url\":\"https:\\\/\\\/expressometro.mx\\\/\",\"name\":\"Expresso Metropolitano\",\"description\":\"Periodismo comprometido, informaci\u00f3n, investigaci\u00f3n y an\u00e1lisis\",\"publisher\":{\"@id\":\"https:\\\/\\\/expressometro.mx\\\/#organization\"},\"potentialAction\":[{\"@type\":\"SearchAction\",\"target\":{\"@type\":\"EntryPoint\",\"urlTemplate\":\"https:\\\/\\\/expressometro.mx\\\/?s={search_term_string}\"},\"query-input\":{\"@type\":\"PropertyValueSpecification\",\"valueRequired\":true,\"valueName\":\"search_term_string\"}}],\"inLanguage\":\"es\"},{\"@type\":\"Organization\",\"@id\":\"https:\\\/\\\/expressometro.mx\\\/#organization\",\"name\":\"Expresso Metropolitano\",\"url\":\"https:\\\/\\\/expressometro.mx\\\/\",\"logo\":{\"@type\":\"ImageObject\",\"inLanguage\":\"es\",\"@id\":\"https:\\\/\\\/expressometro.mx\\\/#\\\/schema\\\/logo\\\/image\\\/\",\"url\":\"https:\\\/\\\/expressometro.mx\\\/wp-content\\\/uploads\\\/2019\\\/07\\\/cropped-Logo-Expresso-Metropolitano-1-1.jpeg\",\"contentUrl\":\"https:\\\/\\\/expressometro.mx\\\/wp-content\\\/uploads\\\/2019\\\/07\\\/cropped-Logo-Expresso-Metropolitano-1-1.jpeg\",\"width\":290,\"height\":73,\"caption\":\"Expresso Metropolitano\"},\"image\":{\"@id\":\"https:\\\/\\\/expressometro.mx\\\/#\\\/schema\\\/logo\\\/image\\\/\"}},{\"@type\":\"Person\",\"@id\":\"https:\\\/\\\/expressometro.mx\\\/#\\\/schema\\\/person\\\/efa971b4a0664db8ed5c22b1b0dd2f5d\",\"name\":\"Expresso Metropolitano\",\"image\":{\"@type\":\"ImageObject\",\"inLanguage\":\"es\",\"@id\":\"https:\\\/\\\/secure.gravatar.com\\\/avatar\\\/a89f802b8de18c6952f223c88d3d106e9e3679839f4e25a02f4a6cc2ae6ba3b3?s=96&d=mm&r=g\",\"url\":\"https:\\\/\\\/secure.gravatar.com\\\/avatar\\\/a89f802b8de18c6952f223c88d3d106e9e3679839f4e25a02f4a6cc2ae6ba3b3?s=96&d=mm&r=g\",\"contentUrl\":\"https:\\\/\\\/secure.gravatar.com\\\/avatar\\\/a89f802b8de18c6952f223c88d3d106e9e3679839f4e25a02f4a6cc2ae6ba3b3?s=96&d=mm&r=g\",\"caption\":\"Expresso Metropolitano\"},\"url\":\"https:\\\/\\\/expressometro.mx\\\/index.php\\\/author\\\/diego\\\/\"}]}<\/script>\n<!-- \/ Yoast SEO plugin. -->","yoast_head_json":{"title":"ACUDE Y DIVI\u00c9RTETE EN LA SEGUNDA CABALGATA TUR\u00cdSTICA JIQUIPILCO - Expresso Metropolitano","robots":{"index":"index","follow":"follow","max-snippet":"max-snippet:-1","max-image-preview":"max-image-preview:large","max-video-preview":"max-video-preview:-1"},"canonical":"https:\/\/expressometro.mx\/index.php\/2022\/07\/29\/acude-y-diviertete-en-la-segunda-cabalgata-turistica-jiquipilco\/","og_locale":"es_MX","og_type":"article","og_title":"ACUDE Y DIVI\u00c9RTETE EN LA SEGUNDA CABALGATA TUR\u00cdSTICA JIQUIPILCO - Expresso Metropolitano","og_description":"Con el objetivo de promover las tradiciones e impulsar la econom\u00eda de la zona rural, autoridades municipales en coordinaci\u00f3n con el Comit\u00e9 Organizador, dieron a conocer las actividades de la Segunda Cabalgata Tur\u00edstica Jiquipilco. Misma que se llevar\u00e1 a cabo el pr\u00f3ximo 30 de julio y que dar\u00e1 inicio a las 8:00 de la ma\u00f1ana.","og_url":"https:\/\/expressometro.mx\/index.php\/2022\/07\/29\/acude-y-diviertete-en-la-segunda-cabalgata-turistica-jiquipilco\/","og_site_name":"Expresso Metropolitano","article_published_time":"2022-07-29T20:24:23+00:00","og_image":[{"width":988,"height":1280,"url":"http:\/\/expressometro.mx\/wp-content\/uploads\/2022\/07\/Jiquipilco-Cabalgata-290722.jpg","type":"image\/jpeg"}],"author":"Expresso Metropolitano","twitter_misc":{"Escrito por":"Expresso Metropolitano","Tiempo de lectura":"1 minuto"},"schema":{"@context":"https:\/\/schema.org","@graph":[{"@type":"Article","@id":"https:\/\/expressometro.mx\/index.php\/2022\/07\/29\/acude-y-diviertete-en-la-segunda-cabalgata-turistica-jiquipilco\/#article","isPartOf":{"@id":"https:\/\/expressometro.mx\/index.php\/2022\/07\/29\/acude-y-diviertete-en-la-segunda-cabalgata-turistica-jiquipilco\/"},"author":{"name":"Expresso Metropolitano","@id":"https:\/\/expressometro.mx\/#\/schema\/person\/efa971b4a0664db8ed5c22b1b0dd2f5d"},"headline":"ACUDE Y DIVI\u00c9RTETE EN LA SEGUNDA CABALGATA TUR\u00cdSTICA JIQUIPILCO","datePublished":"2022-07-29T20:24:23+00:00","mainEntityOfPage":{"@id":"https:\/\/expressometro.mx\/index.php\/2022\/07\/29\/acude-y-diviertete-en-la-segunda-cabalgata-turistica-jiquipilco\/"},"wordCount":221,"commentCount":0,"publisher":{"@id":"https:\/\/expressometro.mx\/#organization"},"image":{"@id":"https:\/\/expressometro.mx\/index.php\/2022\/07\/29\/acude-y-diviertete-en-la-segunda-cabalgata-turistica-jiquipilco\/#primaryimage"},"thumbnailUrl":"https:\/\/expressometro.mx\/wp-content\/uploads\/2022\/07\/Jiquipilco-Cabalgata-290722.jpg","keywords":["Cabalgata","Felipe S\u00e1nchez","Jiquipilco"],"articleSection":["Cultura","Gobierno"],"inLanguage":"es","potentialAction":[{"@type":"CommentAction","name":"Comment","target":["https:\/\/expressometro.mx\/index.php\/2022\/07\/29\/acude-y-diviertete-en-la-segunda-cabalgata-turistica-jiquipilco\/#respond"]}]},{"@type":"WebPage","@id":"https:\/\/expressometro.mx\/index.php\/2022\/07\/29\/acude-y-diviertete-en-la-segunda-cabalgata-turistica-jiquipilco\/","url":"https:\/\/expressometro.mx\/index.php\/2022\/07\/29\/acude-y-diviertete-en-la-segunda-cabalgata-turistica-jiquipilco\/","name":"ACUDE Y DIVI\u00c9RTETE EN LA SEGUNDA CABALGATA TUR\u00cdSTICA JIQUIPILCO - Expresso Metropolitano","isPartOf":{"@id":"https:\/\/expressometro.mx\/#website"},"primaryImageOfPage":{"@id":"https:\/\/expressometro.mx\/index.php\/2022\/07\/29\/acude-y-diviertete-en-la-segunda-cabalgata-turistica-jiquipilco\/#primaryimage"},"image":{"@id":"https:\/\/expressometro.mx\/index.php\/2022\/07\/29\/acude-y-diviertete-en-la-segunda-cabalgata-turistica-jiquipilco\/#primaryimage"},"thumbnailUrl":"https:\/\/expressometro.mx\/wp-content\/uploads\/2022\/07\/Jiquipilco-Cabalgata-290722.jpg","datePublished":"2022-07-29T20:24:23+00:00","breadcrumb":{"@id":"https:\/\/expressometro.mx\/index.php\/2022\/07\/29\/acude-y-diviertete-en-la-segunda-cabalgata-turistica-jiquipilco\/#breadcrumb"},"inLanguage":"es","potentialAction":[{"@type":"ReadAction","target":["https:\/\/expressometro.mx\/index.php\/2022\/07\/29\/acude-y-diviertete-en-la-segunda-cabalgata-turistica-jiquipilco\/"]}]},{"@type":"ImageObject","inLanguage":"es","@id":"https:\/\/expressometro.mx\/index.php\/2022\/07\/29\/acude-y-diviertete-en-la-segunda-cabalgata-turistica-jiquipilco\/#primaryimage","url":"https:\/\/expressometro.mx\/wp-content\/uploads\/2022\/07\/Jiquipilco-Cabalgata-290722.jpg","contentUrl":"https:\/\/expressometro.mx\/wp-content\/uploads\/2022\/07\/Jiquipilco-Cabalgata-290722.jpg","width":988,"height":1280},{"@type":"BreadcrumbList","@id":"https:\/\/expressometro.mx\/index.php\/2022\/07\/29\/acude-y-diviertete-en-la-segunda-cabalgata-turistica-jiquipilco\/#breadcrumb","itemListElement":[{"@type":"ListItem","position":1,"name":"Inicio","item":"https:\/\/expressometro.mx\/"},{"@type":"ListItem","position":2,"name":"ACUDE Y DIVI\u00c9RTETE EN LA SEGUNDA CABALGATA TUR\u00cdSTICA JIQUIPILCO"}]},{"@type":"WebSite","@id":"https:\/\/expressometro.mx\/#website","url":"https:\/\/expressometro.mx\/","name":"Expresso Metropolitano","description":"Periodismo comprometido, informaci\u00f3n, investigaci\u00f3n y an\u00e1lisis","publisher":{"@id":"https:\/\/expressometro.mx\/#organization"},"potentialAction":[{"@type":"SearchAction","target":{"@type":"EntryPoint","urlTemplate":"https:\/\/expressometro.mx\/?s={search_term_string}"},"query-input":{"@type":"PropertyValueSpecification","valueRequired":true,"valueName":"search_term_string"}}],"inLanguage":"es"},{"@type":"Organization","@id":"https:\/\/expressometro.mx\/#organization","name":"Expresso Metropolitano","url":"https:\/\/expressometro.mx\/","logo":{"@type":"ImageObject","inLanguage":"es","@id":"https:\/\/expressometro.mx\/#\/schema\/logo\/image\/","url":"https:\/\/expressometro.mx\/wp-content\/uploads\/2019\/07\/cropped-Logo-Expresso-Metropolitano-1-1.jpeg","contentUrl":"https:\/\/expressometro.mx\/wp-content\/uploads\/2019\/07\/cropped-Logo-Expresso-Metropolitano-1-1.jpeg","width":290,"height":73,"caption":"Expresso Metropolitano"},"image":{"@id":"https:\/\/expressometro.mx\/#\/schema\/logo\/image\/"}},{"@type":"Person","@id":"https:\/\/expressometro.mx\/#\/schema\/person\/efa971b4a0664db8ed5c22b1b0dd2f5d","name":"Expresso Metropolitano","image":{"@type":"ImageObject","inLanguage":"es","@id":"https:\/\/secure.gravatar.com\/avatar\/a89f802b8de18c6952f223c88d3d106e9e3679839f4e25a02f4a6cc2ae6ba3b3?s=96&d=mm&r=g","url":"https:\/\/secure.gravatar.com\/avatar\/a89f802b8de18c6952f223c88d3d106e9e3679839f4e25a02f4a6cc2ae6ba3b3?s=96&d=mm&r=g","contentUrl":"https:\/\/secure.gravatar.com\/avatar\/a89f802b8de18c6952f223c88d3d106e9e3679839f4e25a02f4a6cc2ae6ba3b3?s=96&d=mm&r=g","caption":"Expresso Metropolitano"},"url":"https:\/\/expressometro.mx\/index.php\/author\/diego\/"}]}},"amp_enabled":true,"_links":{"self":[{"href":"https:\/\/expressometro.mx\/index.php\/wp-json\/wp\/v2\/posts\/6137","targetHints":{"allow":["GET"]}}],"collection":[{"href":"https:\/\/expressometro.mx\/index.php\/wp-json\/wp\/v2\/posts"}],"about":[{"href":"https:\/\/expressometro.mx\/index.php\/wp-json\/wp\/v2\/types\/post"}],"author":[{"embeddable":true,"href":"https:\/\/expressometro.mx\/index.php\/wp-json\/wp\/v2\/users\/1"}],"replies":[{"embeddable":true,"href":"https:\/\/expressometro.mx\/index.php\/wp-json\/wp\/v2\/comments?post=6137"}],"version-history":[{"count":1,"href":"https:\/\/expressometro.mx\/index.php\/wp-json\/wp\/v2\/posts\/6137\/revisions"}],"predecessor-version":[{"id":6140,"href":"https:\/\/expressometro.mx\/index.php\/wp-json\/wp\/v2\/posts\/6137\/revisions\/6140"}],"wp:featuredmedia":[{"embeddable":true,"href":"https:\/\/expressometro.mx\/index.php\/wp-json\/wp\/v2\/media\/6139"}],"wp:attachment":[{"href":"https:\/\/expressometro.mx\/index.php\/wp-json\/wp\/v2\/media?parent=6137"}],"wp:term":[{"taxonomy":"category","embeddable":true,"href":"https:\/\/expressometro.mx\/index.php\/wp-json\/wp\/v2\/categories?post=6137"},{"taxonomy":"post_tag","embeddable":true,"href":"https:\/\/expressometro.mx\/index.php\/wp-json\/wp\/v2\/tags?post=6137"}],"curies":[{"name":"wp","href":"https:\/\/api.w.org\/{rel}","templated":true}]}}