{"id":6125,"date":"2022-07-06T13:08:00","date_gmt":"2022-07-06T18:08:00","guid":{"rendered":"https:\/\/expressometro.mx\/?p=6125"},"modified":"2022-07-27T13:15:52","modified_gmt":"2022-07-27T18:15:52","slug":"cuidado-del-medio-ambiente-tarea-universal-firman-convenio-entre-la-secretaria-del-medio-ambiente-y-los-municipios-del-norte-del-estado-de-mexico","status":"publish","type":"post","link":"https:\/\/expressometro.mx\/index.php\/2022\/07\/06\/cuidado-del-medio-ambiente-tarea-universal-firman-convenio-entre-la-secretaria-del-medio-ambiente-y-los-municipios-del-norte-del-estado-de-mexico\/","title":{"rendered":"CUIDADO DEL MEDIO AMBIENTE, TAREA UNIVERSAL: FIRMAN CONVENIO ENTRE LA SECRETARIA DEL MEDIO AMBIENTE Y LOS MUNICIPIOS DEL NORTE DEL ESTADO DE M\u00c9XICO"},"content":{"rendered":"\n<p><\/p>\n\n\n\n<p>\u2022 Con el fin de preservar los recursos naturales y proteger los ecosistemas, se llev\u00f3 acab\u00f3 la \u201cfirma de convenios de colaboraci\u00f3n entre la secretar\u00eda del medio ambiente y municipios de las regiones ambientales VI y VII\u201d.<\/p>\n\n\n\n<p>El Ingeniero Jorge Rescala P\u00e9rez, Secretario del Medio Ambiente, actu\u00f3 como testigo de la firma de Convenio entre esta Secretar\u00eda y los municipios de Acambay, Aculco, Atlacomulco, El Oro, Ixtlahuaca, Jilotepec, Jocotitl\u00e1n, Jiquipilco, Polotitl\u00e1n, San Jos\u00e9 del Rinc\u00f3n, Soyaniquilpan y Temascalcingo el cual permitir\u00e1 impulsar acciones conjuntas en el manejo integral, aprovechamiento, tratamiento o disposici\u00f3n final de residuos, as\u00ed como para que, en el \u00e1mbito de sus atribuciones, se impulsen y desarrollen actividades de conservaci\u00f3n y protecci\u00f3n al medio ambiente.<\/p>\n\n\n\n<p>Siendo Atlacomulco la sede de este evento, los municipios que integran este Convenio, se comprometieron a realizar actividades que fomenten el desarrollo sostenible a trav\u00e9s de acciones como el manejo integral de residuos, mejoramiento de la calidad del aire y mitigar el impacto ambiental, con el apoyo y asesoramiento de la Secretar\u00eda del Medio Ambiente.<\/p>\n\n\n\n<p>Entre los presentes tambi\u00e9n estuvieron, Alejandra Peralta Directora de Manejo de Residuos del Estado de M\u00e9xico, los diputados Federales Gustavo C\u00e1rdenas, Eduardo Zarzosa, Diputado Local Iv\u00e1n de Jes\u00fas Esquer, presidentas y presidentes de la regi\u00f3n VI y VII.<\/p>\n\n\n\n<p>El Diputado Gustavo C\u00e1rdenas Monroy integrante de la Comisi\u00f3n de Comunicaciones y Transportes de la c\u00e1mara de diputados federal, se reuni\u00f3 con el Ing. Mauricio V\u00e1zquez Gonz\u00e1lez, Director de la Junta de Caminos, con el Diputado Local Iv\u00e1n Esquer Cruz, y con la Profesora Ruth Salazar Garc\u00eda Presidenta Municipal de El Oro, para trabajar de manera coordinada en gestiones que se traduzcan en beneficios para los habitantes de la Regi\u00f3n Norte del Estado.<\/p>\n\n\n\n<p>Finalmente, la Secretaria del Campo, Lety Mej\u00eda, asegur\u00f3 que trabajando en equipo se podr\u00e1 hacer m\u00e1s para la protecci\u00f3n del medio ambiente, impulsando el uso de energ\u00edas limpias.<\/p>\n","protected":false},"excerpt":{"rendered":"<p>Con el fin de preservar los recursos naturales y proteger los ecosistemas, se llev\u00f3 acab\u00f3 la \u201cfirma de convenios de colaboraci\u00f3n entre la secretar\u00eda del medio ambiente y municipios de las regiones ambientales VI y VII\u201d.<\/p>\n","protected":false},"author":1,"featured_media":6127,"comment_status":"open","ping_status":"open","sticky":false,"template":"","format":"standard","meta":{"footnotes":""},"categories":[3,8,231],"tags":[955,389,891,196],"class_list":["post-6125","post","type-post","status-publish","format-standard","has-post-thumbnail","hentry","category-gobierno","category-medio-ambiente","category-politica","tag-aculco","tag-atlacomulco","tag-gustavo-cardenas-2","tag-jiquipilco"],"yoast_head":"<!-- This site is optimized with the Yoast SEO plugin v27.5 - https:\/\/yoast.com\/product\/yoast-seo-wordpress\/ -->\n<title>CUIDADO DEL MEDIO AMBIENTE, TAREA UNIVERSAL: FIRMAN CONVENIO ENTRE LA SECRETARIA DEL MEDIO AMBIENTE Y LOS MUNICIPIOS DEL NORTE DEL ESTADO DE M\u00c9XICO - Expresso Metropolitano<\/title>\n<meta name=\"robots\" content=\"index, follow, max-snippet:-1, max-image-preview:large, max-video-preview:-1\" \/>\n<link rel=\"canonical\" href=\"https:\/\/expressometro.mx\/index.php\/2022\/07\/06\/cuidado-del-medio-ambiente-tarea-universal-firman-convenio-entre-la-secretaria-del-medio-ambiente-y-los-municipios-del-norte-del-estado-de-mexico\/\" \/>\n<meta property=\"og:locale\" content=\"es_MX\" \/>\n<meta property=\"og:type\" content=\"article\" \/>\n<meta property=\"og:title\" content=\"CUIDADO DEL MEDIO AMBIENTE, TAREA UNIVERSAL: FIRMAN CONVENIO ENTRE LA SECRETARIA DEL MEDIO AMBIENTE Y LOS MUNICIPIOS DEL NORTE DEL ESTADO DE M\u00c9XICO - Expresso Metropolitano\" \/>\n<meta property=\"og:description\" content=\"Con el fin de preservar los recursos naturales y proteger los ecosistemas, se llev\u00f3 acab\u00f3 la \u201cfirma de convenios de colaboraci\u00f3n entre la secretar\u00eda del medio ambiente y municipios de las regiones ambientales VI y VII\u201d.\" \/>\n<meta property=\"og:url\" content=\"https:\/\/expressometro.mx\/index.php\/2022\/07\/06\/cuidado-del-medio-ambiente-tarea-universal-firman-convenio-entre-la-secretaria-del-medio-ambiente-y-los-municipios-del-norte-del-estado-de-mexico\/\" \/>\n<meta property=\"og:site_name\" content=\"Expresso Metropolitano\" \/>\n<meta property=\"article:published_time\" content=\"2022-07-06T18:08:00+00:00\" \/>\n<meta property=\"article:modified_time\" content=\"2022-07-27T18:15:52+00:00\" \/>\n<meta property=\"og:image\" content=\"http:\/\/expressometro.mx\/wp-content\/uploads\/2022\/07\/Gustavo-Cardenas-050722.jpg\" \/>\n\t<meta property=\"og:image:width\" content=\"1280\" \/>\n\t<meta property=\"og:image:height\" content=\"1030\" \/>\n\t<meta property=\"og:image:type\" content=\"image\/jpeg\" \/>\n<meta name=\"author\" content=\"Expresso Metropolitano\" \/>\n<meta name=\"twitter:label1\" content=\"Escrito por\" \/>\n\t<meta name=\"twitter:data1\" content=\"Expresso Metropolitano\" \/>\n\t<meta name=\"twitter:label2\" content=\"Tiempo de lectura\" \/>\n\t<meta name=\"twitter:data2\" content=\"2 minutos\" \/>\n<script type=\"application\/ld+json\" class=\"yoast-schema-graph\">{\"@context\":\"https:\\\/\\\/schema.org\",\"@graph\":[{\"@type\":\"Article\",\"@id\":\"https:\\\/\\\/expressometro.mx\\\/index.php\\\/2022\\\/07\\\/06\\\/cuidado-del-medio-ambiente-tarea-universal-firman-convenio-entre-la-secretaria-del-medio-ambiente-y-los-municipios-del-norte-del-estado-de-mexico\\\/#article\",\"isPartOf\":{\"@id\":\"https:\\\/\\\/expressometro.mx\\\/index.php\\\/2022\\\/07\\\/06\\\/cuidado-del-medio-ambiente-tarea-universal-firman-convenio-entre-la-secretaria-del-medio-ambiente-y-los-municipios-del-norte-del-estado-de-mexico\\\/\"},\"author\":{\"name\":\"Expresso Metropolitano\",\"@id\":\"https:\\\/\\\/expressometro.mx\\\/#\\\/schema\\\/person\\\/efa971b4a0664db8ed5c22b1b0dd2f5d\"},\"headline\":\"CUIDADO DEL MEDIO AMBIENTE, TAREA UNIVERSAL: FIRMAN CONVENIO ENTRE LA SECRETARIA DEL MEDIO AMBIENTE Y LOS MUNICIPIOS DEL NORTE DEL ESTADO DE M\u00c9XICO\",\"datePublished\":\"2022-07-06T18:08:00+00:00\",\"dateModified\":\"2022-07-27T18:15:52+00:00\",\"mainEntityOfPage\":{\"@id\":\"https:\\\/\\\/expressometro.mx\\\/index.php\\\/2022\\\/07\\\/06\\\/cuidado-del-medio-ambiente-tarea-universal-firman-convenio-entre-la-secretaria-del-medio-ambiente-y-los-municipios-del-norte-del-estado-de-mexico\\\/\"},\"wordCount\":364,\"commentCount\":0,\"publisher\":{\"@id\":\"https:\\\/\\\/expressometro.mx\\\/#organization\"},\"image\":{\"@id\":\"https:\\\/\\\/expressometro.mx\\\/index.php\\\/2022\\\/07\\\/06\\\/cuidado-del-medio-ambiente-tarea-universal-firman-convenio-entre-la-secretaria-del-medio-ambiente-y-los-municipios-del-norte-del-estado-de-mexico\\\/#primaryimage\"},\"thumbnailUrl\":\"https:\\\/\\\/expressometro.mx\\\/wp-content\\\/uploads\\\/2022\\\/07\\\/Gustavo-Cardenas-050722.jpg\",\"keywords\":[\"Aculco\",\"Atlacomulco\",\"Gustavo C\u00e1rdenas\",\"Jiquipilco\"],\"articleSection\":[\"Gobierno\",\"Medio ambiente\",\"Pol\u00edtica\"],\"inLanguage\":\"es\",\"potentialAction\":[{\"@type\":\"CommentAction\",\"name\":\"Comment\",\"target\":[\"https:\\\/\\\/expressometro.mx\\\/index.php\\\/2022\\\/07\\\/06\\\/cuidado-del-medio-ambiente-tarea-universal-firman-convenio-entre-la-secretaria-del-medio-ambiente-y-los-municipios-del-norte-del-estado-de-mexico\\\/#respond\"]}]},{\"@type\":\"WebPage\",\"@id\":\"https:\\\/\\\/expressometro.mx\\\/index.php\\\/2022\\\/07\\\/06\\\/cuidado-del-medio-ambiente-tarea-universal-firman-convenio-entre-la-secretaria-del-medio-ambiente-y-los-municipios-del-norte-del-estado-de-mexico\\\/\",\"url\":\"https:\\\/\\\/expressometro.mx\\\/index.php\\\/2022\\\/07\\\/06\\\/cuidado-del-medio-ambiente-tarea-universal-firman-convenio-entre-la-secretaria-del-medio-ambiente-y-los-municipios-del-norte-del-estado-de-mexico\\\/\",\"name\":\"CUIDADO DEL MEDIO AMBIENTE, TAREA UNIVERSAL: FIRMAN CONVENIO ENTRE LA SECRETARIA DEL MEDIO AMBIENTE Y LOS MUNICIPIOS DEL NORTE DEL ESTADO DE M\u00c9XICO - Expresso Metropolitano\",\"isPartOf\":{\"@id\":\"https:\\\/\\\/expressometro.mx\\\/#website\"},\"primaryImageOfPage\":{\"@id\":\"https:\\\/\\\/expressometro.mx\\\/index.php\\\/2022\\\/07\\\/06\\\/cuidado-del-medio-ambiente-tarea-universal-firman-convenio-entre-la-secretaria-del-medio-ambiente-y-los-municipios-del-norte-del-estado-de-mexico\\\/#primaryimage\"},\"image\":{\"@id\":\"https:\\\/\\\/expressometro.mx\\\/index.php\\\/2022\\\/07\\\/06\\\/cuidado-del-medio-ambiente-tarea-universal-firman-convenio-entre-la-secretaria-del-medio-ambiente-y-los-municipios-del-norte-del-estado-de-mexico\\\/#primaryimage\"},\"thumbnailUrl\":\"https:\\\/\\\/expressometro.mx\\\/wp-content\\\/uploads\\\/2022\\\/07\\\/Gustavo-Cardenas-050722.jpg\",\"datePublished\":\"2022-07-06T18:08:00+00:00\",\"dateModified\":\"2022-07-27T18:15:52+00:00\",\"breadcrumb\":{\"@id\":\"https:\\\/\\\/expressometro.mx\\\/index.php\\\/2022\\\/07\\\/06\\\/cuidado-del-medio-ambiente-tarea-universal-firman-convenio-entre-la-secretaria-del-medio-ambiente-y-los-municipios-del-norte-del-estado-de-mexico\\\/#breadcrumb\"},\"inLanguage\":\"es\",\"potentialAction\":[{\"@type\":\"ReadAction\",\"target\":[\"https:\\\/\\\/expressometro.mx\\\/index.php\\\/2022\\\/07\\\/06\\\/cuidado-del-medio-ambiente-tarea-universal-firman-convenio-entre-la-secretaria-del-medio-ambiente-y-los-municipios-del-norte-del-estado-de-mexico\\\/\"]}]},{\"@type\":\"ImageObject\",\"inLanguage\":\"es\",\"@id\":\"https:\\\/\\\/expressometro.mx\\\/index.php\\\/2022\\\/07\\\/06\\\/cuidado-del-medio-ambiente-tarea-universal-firman-convenio-entre-la-secretaria-del-medio-ambiente-y-los-municipios-del-norte-del-estado-de-mexico\\\/#primaryimage\",\"url\":\"https:\\\/\\\/expressometro.mx\\\/wp-content\\\/uploads\\\/2022\\\/07\\\/Gustavo-Cardenas-050722.jpg\",\"contentUrl\":\"https:\\\/\\\/expressometro.mx\\\/wp-content\\\/uploads\\\/2022\\\/07\\\/Gustavo-Cardenas-050722.jpg\",\"width\":1280,\"height\":1030},{\"@type\":\"BreadcrumbList\",\"@id\":\"https:\\\/\\\/expressometro.mx\\\/index.php\\\/2022\\\/07\\\/06\\\/cuidado-del-medio-ambiente-tarea-universal-firman-convenio-entre-la-secretaria-del-medio-ambiente-y-los-municipios-del-norte-del-estado-de-mexico\\\/#breadcrumb\",\"itemListElement\":[{\"@type\":\"ListItem\",\"position\":1,\"name\":\"Inicio\",\"item\":\"https:\\\/\\\/expressometro.mx\\\/\"},{\"@type\":\"ListItem\",\"position\":2,\"name\":\"CUIDADO DEL MEDIO AMBIENTE, TAREA UNIVERSAL: FIRMAN CONVENIO ENTRE LA SECRETARIA DEL MEDIO AMBIENTE Y LOS MUNICIPIOS DEL NORTE DEL ESTADO DE M\u00c9XICO\"}]},{\"@type\":\"WebSite\",\"@id\":\"https:\\\/\\\/expressometro.mx\\\/#website\",\"url\":\"https:\\\/\\\/expressometro.mx\\\/\",\"name\":\"Expresso Metropolitano\",\"description\":\"Periodismo comprometido, informaci\u00f3n, investigaci\u00f3n y an\u00e1lisis\",\"publisher\":{\"@id\":\"https:\\\/\\\/expressometro.mx\\\/#organization\"},\"potentialAction\":[{\"@type\":\"SearchAction\",\"target\":{\"@type\":\"EntryPoint\",\"urlTemplate\":\"https:\\\/\\\/expressometro.mx\\\/?s={search_term_string}\"},\"query-input\":{\"@type\":\"PropertyValueSpecification\",\"valueRequired\":true,\"valueName\":\"search_term_string\"}}],\"inLanguage\":\"es\"},{\"@type\":\"Organization\",\"@id\":\"https:\\\/\\\/expressometro.mx\\\/#organization\",\"name\":\"Expresso Metropolitano\",\"url\":\"https:\\\/\\\/expressometro.mx\\\/\",\"logo\":{\"@type\":\"ImageObject\",\"inLanguage\":\"es\",\"@id\":\"https:\\\/\\\/expressometro.mx\\\/#\\\/schema\\\/logo\\\/image\\\/\",\"url\":\"https:\\\/\\\/expressometro.mx\\\/wp-content\\\/uploads\\\/2019\\\/07\\\/cropped-Logo-Expresso-Metropolitano-1-1.jpeg\",\"contentUrl\":\"https:\\\/\\\/expressometro.mx\\\/wp-content\\\/uploads\\\/2019\\\/07\\\/cropped-Logo-Expresso-Metropolitano-1-1.jpeg\",\"width\":290,\"height\":73,\"caption\":\"Expresso Metropolitano\"},\"image\":{\"@id\":\"https:\\\/\\\/expressometro.mx\\\/#\\\/schema\\\/logo\\\/image\\\/\"}},{\"@type\":\"Person\",\"@id\":\"https:\\\/\\\/expressometro.mx\\\/#\\\/schema\\\/person\\\/efa971b4a0664db8ed5c22b1b0dd2f5d\",\"name\":\"Expresso Metropolitano\",\"image\":{\"@type\":\"ImageObject\",\"inLanguage\":\"es\",\"@id\":\"https:\\\/\\\/secure.gravatar.com\\\/avatar\\\/a89f802b8de18c6952f223c88d3d106e9e3679839f4e25a02f4a6cc2ae6ba3b3?s=96&d=mm&r=g\",\"url\":\"https:\\\/\\\/secure.gravatar.com\\\/avatar\\\/a89f802b8de18c6952f223c88d3d106e9e3679839f4e25a02f4a6cc2ae6ba3b3?s=96&d=mm&r=g\",\"contentUrl\":\"https:\\\/\\\/secure.gravatar.com\\\/avatar\\\/a89f802b8de18c6952f223c88d3d106e9e3679839f4e25a02f4a6cc2ae6ba3b3?s=96&d=mm&r=g\",\"caption\":\"Expresso Metropolitano\"},\"url\":\"https:\\\/\\\/expressometro.mx\\\/index.php\\\/author\\\/diego\\\/\"}]}<\/script>\n<!-- \/ Yoast SEO plugin. -->","yoast_head_json":{"title":"CUIDADO DEL MEDIO AMBIENTE, TAREA UNIVERSAL: FIRMAN CONVENIO ENTRE LA SECRETARIA DEL MEDIO AMBIENTE Y LOS MUNICIPIOS DEL NORTE DEL ESTADO DE M\u00c9XICO - Expresso Metropolitano","robots":{"index":"index","follow":"follow","max-snippet":"max-snippet:-1","max-image-preview":"max-image-preview:large","max-video-preview":"max-video-preview:-1"},"canonical":"https:\/\/expressometro.mx\/index.php\/2022\/07\/06\/cuidado-del-medio-ambiente-tarea-universal-firman-convenio-entre-la-secretaria-del-medio-ambiente-y-los-municipios-del-norte-del-estado-de-mexico\/","og_locale":"es_MX","og_type":"article","og_title":"CUIDADO DEL MEDIO AMBIENTE, TAREA UNIVERSAL: FIRMAN CONVENIO ENTRE LA SECRETARIA DEL MEDIO AMBIENTE Y LOS MUNICIPIOS DEL NORTE DEL ESTADO DE M\u00c9XICO - Expresso Metropolitano","og_description":"Con el fin de preservar los recursos naturales y proteger los ecosistemas, se llev\u00f3 acab\u00f3 la \u201cfirma de convenios de colaboraci\u00f3n entre la secretar\u00eda del medio ambiente y municipios de las regiones ambientales VI y VII\u201d.","og_url":"https:\/\/expressometro.mx\/index.php\/2022\/07\/06\/cuidado-del-medio-ambiente-tarea-universal-firman-convenio-entre-la-secretaria-del-medio-ambiente-y-los-municipios-del-norte-del-estado-de-mexico\/","og_site_name":"Expresso Metropolitano","article_published_time":"2022-07-06T18:08:00+00:00","article_modified_time":"2022-07-27T18:15:52+00:00","og_image":[{"width":1280,"height":1030,"url":"http:\/\/expressometro.mx\/wp-content\/uploads\/2022\/07\/Gustavo-Cardenas-050722.jpg","type":"image\/jpeg"}],"author":"Expresso Metropolitano","twitter_misc":{"Escrito por":"Expresso Metropolitano","Tiempo de lectura":"2 minutos"},"schema":{"@context":"https:\/\/schema.org","@graph":[{"@type":"Article","@id":"https:\/\/expressometro.mx\/index.php\/2022\/07\/06\/cuidado-del-medio-ambiente-tarea-universal-firman-convenio-entre-la-secretaria-del-medio-ambiente-y-los-municipios-del-norte-del-estado-de-mexico\/#article","isPartOf":{"@id":"https:\/\/expressometro.mx\/index.php\/2022\/07\/06\/cuidado-del-medio-ambiente-tarea-universal-firman-convenio-entre-la-secretaria-del-medio-ambiente-y-los-municipios-del-norte-del-estado-de-mexico\/"},"author":{"name":"Expresso Metropolitano","@id":"https:\/\/expressometro.mx\/#\/schema\/person\/efa971b4a0664db8ed5c22b1b0dd2f5d"},"headline":"CUIDADO DEL MEDIO AMBIENTE, TAREA UNIVERSAL: FIRMAN CONVENIO ENTRE LA SECRETARIA DEL MEDIO AMBIENTE Y LOS MUNICIPIOS DEL NORTE DEL ESTADO DE M\u00c9XICO","datePublished":"2022-07-06T18:08:00+00:00","dateModified":"2022-07-27T18:15:52+00:00","mainEntityOfPage":{"@id":"https:\/\/expressometro.mx\/index.php\/2022\/07\/06\/cuidado-del-medio-ambiente-tarea-universal-firman-convenio-entre-la-secretaria-del-medio-ambiente-y-los-municipios-del-norte-del-estado-de-mexico\/"},"wordCount":364,"commentCount":0,"publisher":{"@id":"https:\/\/expressometro.mx\/#organization"},"image":{"@id":"https:\/\/expressometro.mx\/index.php\/2022\/07\/06\/cuidado-del-medio-ambiente-tarea-universal-firman-convenio-entre-la-secretaria-del-medio-ambiente-y-los-municipios-del-norte-del-estado-de-mexico\/#primaryimage"},"thumbnailUrl":"https:\/\/expressometro.mx\/wp-content\/uploads\/2022\/07\/Gustavo-Cardenas-050722.jpg","keywords":["Aculco","Atlacomulco","Gustavo C\u00e1rdenas","Jiquipilco"],"articleSection":["Gobierno","Medio ambiente","Pol\u00edtica"],"inLanguage":"es","potentialAction":[{"@type":"CommentAction","name":"Comment","target":["https:\/\/expressometro.mx\/index.php\/2022\/07\/06\/cuidado-del-medio-ambiente-tarea-universal-firman-convenio-entre-la-secretaria-del-medio-ambiente-y-los-municipios-del-norte-del-estado-de-mexico\/#respond"]}]},{"@type":"WebPage","@id":"https:\/\/expressometro.mx\/index.php\/2022\/07\/06\/cuidado-del-medio-ambiente-tarea-universal-firman-convenio-entre-la-secretaria-del-medio-ambiente-y-los-municipios-del-norte-del-estado-de-mexico\/","url":"https:\/\/expressometro.mx\/index.php\/2022\/07\/06\/cuidado-del-medio-ambiente-tarea-universal-firman-convenio-entre-la-secretaria-del-medio-ambiente-y-los-municipios-del-norte-del-estado-de-mexico\/","name":"CUIDADO DEL MEDIO AMBIENTE, TAREA UNIVERSAL: FIRMAN CONVENIO ENTRE LA SECRETARIA DEL MEDIO AMBIENTE Y LOS MUNICIPIOS DEL NORTE DEL ESTADO DE M\u00c9XICO - Expresso Metropolitano","isPartOf":{"@id":"https:\/\/expressometro.mx\/#website"},"primaryImageOfPage":{"@id":"https:\/\/expressometro.mx\/index.php\/2022\/07\/06\/cuidado-del-medio-ambiente-tarea-universal-firman-convenio-entre-la-secretaria-del-medio-ambiente-y-los-municipios-del-norte-del-estado-de-mexico\/#primaryimage"},"image":{"@id":"https:\/\/expressometro.mx\/index.php\/2022\/07\/06\/cuidado-del-medio-ambiente-tarea-universal-firman-convenio-entre-la-secretaria-del-medio-ambiente-y-los-municipios-del-norte-del-estado-de-mexico\/#primaryimage"},"thumbnailUrl":"https:\/\/expressometro.mx\/wp-content\/uploads\/2022\/07\/Gustavo-Cardenas-050722.jpg","datePublished":"2022-07-06T18:08:00+00:00","dateModified":"2022-07-27T18:15:52+00:00","breadcrumb":{"@id":"https:\/\/expressometro.mx\/index.php\/2022\/07\/06\/cuidado-del-medio-ambiente-tarea-universal-firman-convenio-entre-la-secretaria-del-medio-ambiente-y-los-municipios-del-norte-del-estado-de-mexico\/#breadcrumb"},"inLanguage":"es","potentialAction":[{"@type":"ReadAction","target":["https:\/\/expressometro.mx\/index.php\/2022\/07\/06\/cuidado-del-medio-ambiente-tarea-universal-firman-convenio-entre-la-secretaria-del-medio-ambiente-y-los-municipios-del-norte-del-estado-de-mexico\/"]}]},{"@type":"ImageObject","inLanguage":"es","@id":"https:\/\/expressometro.mx\/index.php\/2022\/07\/06\/cuidado-del-medio-ambiente-tarea-universal-firman-convenio-entre-la-secretaria-del-medio-ambiente-y-los-municipios-del-norte-del-estado-de-mexico\/#primaryimage","url":"https:\/\/expressometro.mx\/wp-content\/uploads\/2022\/07\/Gustavo-Cardenas-050722.jpg","contentUrl":"https:\/\/expressometro.mx\/wp-content\/uploads\/2022\/07\/Gustavo-Cardenas-050722.jpg","width":1280,"height":1030},{"@type":"BreadcrumbList","@id":"https:\/\/expressometro.mx\/index.php\/2022\/07\/06\/cuidado-del-medio-ambiente-tarea-universal-firman-convenio-entre-la-secretaria-del-medio-ambiente-y-los-municipios-del-norte-del-estado-de-mexico\/#breadcrumb","itemListElement":[{"@type":"ListItem","position":1,"name":"Inicio","item":"https:\/\/expressometro.mx\/"},{"@type":"ListItem","position":2,"name":"CUIDADO DEL MEDIO AMBIENTE, TAREA UNIVERSAL: FIRMAN CONVENIO ENTRE LA SECRETARIA DEL MEDIO AMBIENTE Y LOS MUNICIPIOS DEL NORTE DEL ESTADO DE M\u00c9XICO"}]},{"@type":"WebSite","@id":"https:\/\/expressometro.mx\/#website","url":"https:\/\/expressometro.mx\/","name":"Expresso Metropolitano","description":"Periodismo comprometido, informaci\u00f3n, investigaci\u00f3n y an\u00e1lisis","publisher":{"@id":"https:\/\/expressometro.mx\/#organization"},"potentialAction":[{"@type":"SearchAction","target":{"@type":"EntryPoint","urlTemplate":"https:\/\/expressometro.mx\/?s={search_term_string}"},"query-input":{"@type":"PropertyValueSpecification","valueRequired":true,"valueName":"search_term_string"}}],"inLanguage":"es"},{"@type":"Organization","@id":"https:\/\/expressometro.mx\/#organization","name":"Expresso Metropolitano","url":"https:\/\/expressometro.mx\/","logo":{"@type":"ImageObject","inLanguage":"es","@id":"https:\/\/expressometro.mx\/#\/schema\/logo\/image\/","url":"https:\/\/expressometro.mx\/wp-content\/uploads\/2019\/07\/cropped-Logo-Expresso-Metropolitano-1-1.jpeg","contentUrl":"https:\/\/expressometro.mx\/wp-content\/uploads\/2019\/07\/cropped-Logo-Expresso-Metropolitano-1-1.jpeg","width":290,"height":73,"caption":"Expresso Metropolitano"},"image":{"@id":"https:\/\/expressometro.mx\/#\/schema\/logo\/image\/"}},{"@type":"Person","@id":"https:\/\/expressometro.mx\/#\/schema\/person\/efa971b4a0664db8ed5c22b1b0dd2f5d","name":"Expresso Metropolitano","image":{"@type":"ImageObject","inLanguage":"es","@id":"https:\/\/secure.gravatar.com\/avatar\/a89f802b8de18c6952f223c88d3d106e9e3679839f4e25a02f4a6cc2ae6ba3b3?s=96&d=mm&r=g","url":"https:\/\/secure.gravatar.com\/avatar\/a89f802b8de18c6952f223c88d3d106e9e3679839f4e25a02f4a6cc2ae6ba3b3?s=96&d=mm&r=g","contentUrl":"https:\/\/secure.gravatar.com\/avatar\/a89f802b8de18c6952f223c88d3d106e9e3679839f4e25a02f4a6cc2ae6ba3b3?s=96&d=mm&r=g","caption":"Expresso Metropolitano"},"url":"https:\/\/expressometro.mx\/index.php\/author\/diego\/"}]}},"amp_enabled":true,"_links":{"self":[{"href":"https:\/\/expressometro.mx\/index.php\/wp-json\/wp\/v2\/posts\/6125","targetHints":{"allow":["GET"]}}],"collection":[{"href":"https:\/\/expressometro.mx\/index.php\/wp-json\/wp\/v2\/posts"}],"about":[{"href":"https:\/\/expressometro.mx\/index.php\/wp-json\/wp\/v2\/types\/post"}],"author":[{"embeddable":true,"href":"https:\/\/expressometro.mx\/index.php\/wp-json\/wp\/v2\/users\/1"}],"replies":[{"embeddable":true,"href":"https:\/\/expressometro.mx\/index.php\/wp-json\/wp\/v2\/comments?post=6125"}],"version-history":[{"count":1,"href":"https:\/\/expressometro.mx\/index.php\/wp-json\/wp\/v2\/posts\/6125\/revisions"}],"predecessor-version":[{"id":6128,"href":"https:\/\/expressometro.mx\/index.php\/wp-json\/wp\/v2\/posts\/6125\/revisions\/6128"}],"wp:featuredmedia":[{"embeddable":true,"href":"https:\/\/expressometro.mx\/index.php\/wp-json\/wp\/v2\/media\/6127"}],"wp:attachment":[{"href":"https:\/\/expressometro.mx\/index.php\/wp-json\/wp\/v2\/media?parent=6125"}],"wp:term":[{"taxonomy":"category","embeddable":true,"href":"https:\/\/expressometro.mx\/index.php\/wp-json\/wp\/v2\/categories?post=6125"},{"taxonomy":"post_tag","embeddable":true,"href":"https:\/\/expressometro.mx\/index.php\/wp-json\/wp\/v2\/tags?post=6125"}],"curies":[{"name":"wp","href":"https:\/\/api.w.org\/{rel}","templated":true}]}}