{"id":6092,"date":"2022-07-17T12:01:00","date_gmt":"2022-07-17T17:01:00","guid":{"rendered":"https:\/\/expressometro.mx\/?p=6092"},"modified":"2022-07-20T12:11:50","modified_gmt":"2022-07-20T17:11:50","slug":"jocotitlan-banderazo-a-obras-que-mejoraran-la-vida-diaria-de-sus-habitantes","status":"publish","type":"post","link":"https:\/\/expressometro.mx\/index.php\/2022\/07\/17\/jocotitlan-banderazo-a-obras-que-mejoraran-la-vida-diaria-de-sus-habitantes\/","title":{"rendered":"JOCOTITL\u00c1N, BANDERAZO A OBRAS QUE MEJORAR\u00c1N LA VIDA DIARIA DE SUS HABITANTES"},"content":{"rendered":"\n<p><\/p>\n\n\n\n<p>El Presidente Municipal Jes\u00fas Cedillo Gonz\u00e1lez dio inicio a la gira de trabajo en la Comunidad de Santa Mar\u00eda Citendeje, en donde hizo entrega de material de construcci\u00f3n para el muro de contenci\u00f3n de la EPO No. 365 Jos\u00e9 Mar\u00eda Morelos y Pav\u00f3n, con la finalidad de proteger la seguridad de la comunidad estudiantil y otorgarles mejores espacios que contribuyan a mejorar la calidad educativa.<\/p>\n\n\n\n<p>El inicio de obras p\u00fablicas continu\u00f3 en la zona poniente del Municipio de Jocotitl\u00e1n; el Edil Jes\u00fas Cedillo Gonz\u00e1lez en Citendeje dio banderazo a los trabajos de obra de la calle Sin Nombre que se localiza rumbo al dep\u00f3sito de agua potable de dicha Comunidad, de esta manera se contribuye a que los caminos sean m\u00e1s accesibles a la hora de que sus habitantes transiten por ellos.<\/p>\n\n\n\n<p>En el siguiente punto, Citendeje, el Presidente Municipal Jes\u00fas Cedillo entreg\u00f3 material para la obra del muro de contenci\u00f3n a base de mamposter\u00eda de la calle Sin Nombre que comunica hacia el pante\u00f3n de la Comunidad, lo que permitir\u00e1 que sus transe\u00fantes puedan circular con menos riesgos. El alcalde est\u00e1 interesado en cumplir con las necesidades b\u00e1sicas de sus ciudadanos, es por esto que promueve obras que benefician a la ciudadan\u00eda.<\/p>\n\n\n\n<p>En Jocotitl\u00e1n se trabaja en equipo sociedad y gobierno; continuando con la gira de trabajo del Alcalde Jes\u00fas Cedillo, en la Comunidad de Santiago Casandej\u00e9 entreg\u00f3 material de obra la continuaci\u00f3n del encementado de la calle Sin Nombre que conecta al nuevo pozo de agua potable. Gracias a las gestiones del Edil Jes\u00fas Cedillo Gonz\u00e1lez y en conjunto con la Poblaci\u00f3n, la reconstrucci\u00f3n de la calle Juan Allende ser\u00e1 una realidad en la Comunidad de San Miguel Tenochtitl\u00e1n; \u00e9sta tarde comenzaron los trabajos de obra del encementado que adem\u00e1s constar\u00e1 del drenaje y agua potable mismos que beneficiar\u00e1n a los vecinos.<\/p>\n","protected":false},"excerpt":{"rendered":"<p>El Presidente Municipal Jes\u00fas Cedillo Gonz\u00e1lez dio inicio a la gira de trabajo en la Comunidad de Santa Mar\u00eda Citendeje, en donde hizo entrega de material de construcci\u00f3n para el muro de contenci\u00f3n de la EPO No. 365 Jos\u00e9 Mar\u00eda Morelos y Pav\u00f3n<\/p>\n","protected":false},"author":1,"featured_media":6094,"comment_status":"open","ping_status":"open","sticky":false,"template":"","format":"standard","meta":{"footnotes":""},"categories":[3,231],"tags":[1790,324],"class_list":["post-6092","post","type-post","status-publish","format-standard","has-post-thumbnail","hentry","category-gobierno","category-politica","tag-jesus-cedillo-gonzalez","tag-jocotitlan"],"yoast_head":"<!-- This site is optimized with the Yoast SEO plugin v27.5 - https:\/\/yoast.com\/product\/yoast-seo-wordpress\/ -->\n<title>JOCOTITL\u00c1N, BANDERAZO A OBRAS QUE MEJORAR\u00c1N LA VIDA DIARIA DE SUS HABITANTES - Expresso Metropolitano<\/title>\n<meta name=\"robots\" content=\"index, follow, max-snippet:-1, max-image-preview:large, max-video-preview:-1\" \/>\n<link rel=\"canonical\" href=\"https:\/\/expressometro.mx\/index.php\/2022\/07\/17\/jocotitlan-banderazo-a-obras-que-mejoraran-la-vida-diaria-de-sus-habitantes\/\" \/>\n<meta property=\"og:locale\" content=\"es_MX\" \/>\n<meta property=\"og:type\" content=\"article\" \/>\n<meta property=\"og:title\" content=\"JOCOTITL\u00c1N, BANDERAZO A OBRAS QUE MEJORAR\u00c1N LA VIDA DIARIA DE SUS HABITANTES - Expresso Metropolitano\" \/>\n<meta property=\"og:description\" content=\"El Presidente Municipal Jes\u00fas Cedillo Gonz\u00e1lez dio inicio a la gira de trabajo en la Comunidad de Santa Mar\u00eda Citendeje, en donde hizo entrega de material de construcci\u00f3n para el muro de contenci\u00f3n de la EPO No. 365 Jos\u00e9 Mar\u00eda Morelos y Pav\u00f3n\" \/>\n<meta property=\"og:url\" content=\"https:\/\/expressometro.mx\/index.php\/2022\/07\/17\/jocotitlan-banderazo-a-obras-que-mejoraran-la-vida-diaria-de-sus-habitantes\/\" \/>\n<meta property=\"og:site_name\" content=\"Expresso Metropolitano\" \/>\n<meta property=\"article:published_time\" content=\"2022-07-17T17:01:00+00:00\" \/>\n<meta property=\"article:modified_time\" content=\"2022-07-20T17:11:50+00:00\" \/>\n<meta property=\"og:image\" content=\"http:\/\/expressometro.mx\/wp-content\/uploads\/2022\/07\/Jocotitlan-gira-160722-1.jpg\" \/>\n\t<meta property=\"og:image:width\" content=\"597\" \/>\n\t<meta property=\"og:image:height\" content=\"395\" \/>\n\t<meta property=\"og:image:type\" content=\"image\/jpeg\" \/>\n<meta name=\"author\" content=\"Expresso Metropolitano\" \/>\n<meta name=\"twitter:label1\" content=\"Escrito por\" \/>\n\t<meta name=\"twitter:data1\" content=\"Expresso Metropolitano\" \/>\n\t<meta name=\"twitter:label2\" content=\"Tiempo de lectura\" \/>\n\t<meta name=\"twitter:data2\" content=\"2 minutos\" \/>\n<script type=\"application\/ld+json\" class=\"yoast-schema-graph\">{\"@context\":\"https:\\\/\\\/schema.org\",\"@graph\":[{\"@type\":\"Article\",\"@id\":\"https:\\\/\\\/expressometro.mx\\\/index.php\\\/2022\\\/07\\\/17\\\/jocotitlan-banderazo-a-obras-que-mejoraran-la-vida-diaria-de-sus-habitantes\\\/#article\",\"isPartOf\":{\"@id\":\"https:\\\/\\\/expressometro.mx\\\/index.php\\\/2022\\\/07\\\/17\\\/jocotitlan-banderazo-a-obras-que-mejoraran-la-vida-diaria-de-sus-habitantes\\\/\"},\"author\":{\"name\":\"Expresso Metropolitano\",\"@id\":\"https:\\\/\\\/expressometro.mx\\\/#\\\/schema\\\/person\\\/efa971b4a0664db8ed5c22b1b0dd2f5d\"},\"headline\":\"JOCOTITL\u00c1N, BANDERAZO A OBRAS QUE MEJORAR\u00c1N LA VIDA DIARIA DE SUS HABITANTES\",\"datePublished\":\"2022-07-17T17:01:00+00:00\",\"dateModified\":\"2022-07-20T17:11:50+00:00\",\"mainEntityOfPage\":{\"@id\":\"https:\\\/\\\/expressometro.mx\\\/index.php\\\/2022\\\/07\\\/17\\\/jocotitlan-banderazo-a-obras-que-mejoraran-la-vida-diaria-de-sus-habitantes\\\/\"},\"wordCount\":347,\"commentCount\":0,\"publisher\":{\"@id\":\"https:\\\/\\\/expressometro.mx\\\/#organization\"},\"image\":{\"@id\":\"https:\\\/\\\/expressometro.mx\\\/index.php\\\/2022\\\/07\\\/17\\\/jocotitlan-banderazo-a-obras-que-mejoraran-la-vida-diaria-de-sus-habitantes\\\/#primaryimage\"},\"thumbnailUrl\":\"https:\\\/\\\/expressometro.mx\\\/wp-content\\\/uploads\\\/2022\\\/07\\\/Jocotitlan-gira-160722-1.jpg\",\"keywords\":[\"Jes\u00fas Cedillo Gonz\u00e1lez\",\"Jocotitl\u00e1n\"],\"articleSection\":[\"Gobierno\",\"Pol\u00edtica\"],\"inLanguage\":\"es\",\"potentialAction\":[{\"@type\":\"CommentAction\",\"name\":\"Comment\",\"target\":[\"https:\\\/\\\/expressometro.mx\\\/index.php\\\/2022\\\/07\\\/17\\\/jocotitlan-banderazo-a-obras-que-mejoraran-la-vida-diaria-de-sus-habitantes\\\/#respond\"]}]},{\"@type\":\"WebPage\",\"@id\":\"https:\\\/\\\/expressometro.mx\\\/index.php\\\/2022\\\/07\\\/17\\\/jocotitlan-banderazo-a-obras-que-mejoraran-la-vida-diaria-de-sus-habitantes\\\/\",\"url\":\"https:\\\/\\\/expressometro.mx\\\/index.php\\\/2022\\\/07\\\/17\\\/jocotitlan-banderazo-a-obras-que-mejoraran-la-vida-diaria-de-sus-habitantes\\\/\",\"name\":\"JOCOTITL\u00c1N, BANDERAZO A OBRAS QUE MEJORAR\u00c1N LA VIDA DIARIA DE SUS HABITANTES - Expresso Metropolitano\",\"isPartOf\":{\"@id\":\"https:\\\/\\\/expressometro.mx\\\/#website\"},\"primaryImageOfPage\":{\"@id\":\"https:\\\/\\\/expressometro.mx\\\/index.php\\\/2022\\\/07\\\/17\\\/jocotitlan-banderazo-a-obras-que-mejoraran-la-vida-diaria-de-sus-habitantes\\\/#primaryimage\"},\"image\":{\"@id\":\"https:\\\/\\\/expressometro.mx\\\/index.php\\\/2022\\\/07\\\/17\\\/jocotitlan-banderazo-a-obras-que-mejoraran-la-vida-diaria-de-sus-habitantes\\\/#primaryimage\"},\"thumbnailUrl\":\"https:\\\/\\\/expressometro.mx\\\/wp-content\\\/uploads\\\/2022\\\/07\\\/Jocotitlan-gira-160722-1.jpg\",\"datePublished\":\"2022-07-17T17:01:00+00:00\",\"dateModified\":\"2022-07-20T17:11:50+00:00\",\"breadcrumb\":{\"@id\":\"https:\\\/\\\/expressometro.mx\\\/index.php\\\/2022\\\/07\\\/17\\\/jocotitlan-banderazo-a-obras-que-mejoraran-la-vida-diaria-de-sus-habitantes\\\/#breadcrumb\"},\"inLanguage\":\"es\",\"potentialAction\":[{\"@type\":\"ReadAction\",\"target\":[\"https:\\\/\\\/expressometro.mx\\\/index.php\\\/2022\\\/07\\\/17\\\/jocotitlan-banderazo-a-obras-que-mejoraran-la-vida-diaria-de-sus-habitantes\\\/\"]}]},{\"@type\":\"ImageObject\",\"inLanguage\":\"es\",\"@id\":\"https:\\\/\\\/expressometro.mx\\\/index.php\\\/2022\\\/07\\\/17\\\/jocotitlan-banderazo-a-obras-que-mejoraran-la-vida-diaria-de-sus-habitantes\\\/#primaryimage\",\"url\":\"https:\\\/\\\/expressometro.mx\\\/wp-content\\\/uploads\\\/2022\\\/07\\\/Jocotitlan-gira-160722-1.jpg\",\"contentUrl\":\"https:\\\/\\\/expressometro.mx\\\/wp-content\\\/uploads\\\/2022\\\/07\\\/Jocotitlan-gira-160722-1.jpg\",\"width\":597,\"height\":395},{\"@type\":\"BreadcrumbList\",\"@id\":\"https:\\\/\\\/expressometro.mx\\\/index.php\\\/2022\\\/07\\\/17\\\/jocotitlan-banderazo-a-obras-que-mejoraran-la-vida-diaria-de-sus-habitantes\\\/#breadcrumb\",\"itemListElement\":[{\"@type\":\"ListItem\",\"position\":1,\"name\":\"Inicio\",\"item\":\"https:\\\/\\\/expressometro.mx\\\/\"},{\"@type\":\"ListItem\",\"position\":2,\"name\":\"JOCOTITL\u00c1N, BANDERAZO A OBRAS QUE MEJORAR\u00c1N LA VIDA DIARIA DE SUS HABITANTES\"}]},{\"@type\":\"WebSite\",\"@id\":\"https:\\\/\\\/expressometro.mx\\\/#website\",\"url\":\"https:\\\/\\\/expressometro.mx\\\/\",\"name\":\"Expresso Metropolitano\",\"description\":\"Periodismo comprometido, informaci\u00f3n, investigaci\u00f3n y an\u00e1lisis\",\"publisher\":{\"@id\":\"https:\\\/\\\/expressometro.mx\\\/#organization\"},\"potentialAction\":[{\"@type\":\"SearchAction\",\"target\":{\"@type\":\"EntryPoint\",\"urlTemplate\":\"https:\\\/\\\/expressometro.mx\\\/?s={search_term_string}\"},\"query-input\":{\"@type\":\"PropertyValueSpecification\",\"valueRequired\":true,\"valueName\":\"search_term_string\"}}],\"inLanguage\":\"es\"},{\"@type\":\"Organization\",\"@id\":\"https:\\\/\\\/expressometro.mx\\\/#organization\",\"name\":\"Expresso Metropolitano\",\"url\":\"https:\\\/\\\/expressometro.mx\\\/\",\"logo\":{\"@type\":\"ImageObject\",\"inLanguage\":\"es\",\"@id\":\"https:\\\/\\\/expressometro.mx\\\/#\\\/schema\\\/logo\\\/image\\\/\",\"url\":\"https:\\\/\\\/expressometro.mx\\\/wp-content\\\/uploads\\\/2019\\\/07\\\/cropped-Logo-Expresso-Metropolitano-1-1.jpeg\",\"contentUrl\":\"https:\\\/\\\/expressometro.mx\\\/wp-content\\\/uploads\\\/2019\\\/07\\\/cropped-Logo-Expresso-Metropolitano-1-1.jpeg\",\"width\":290,\"height\":73,\"caption\":\"Expresso Metropolitano\"},\"image\":{\"@id\":\"https:\\\/\\\/expressometro.mx\\\/#\\\/schema\\\/logo\\\/image\\\/\"}},{\"@type\":\"Person\",\"@id\":\"https:\\\/\\\/expressometro.mx\\\/#\\\/schema\\\/person\\\/efa971b4a0664db8ed5c22b1b0dd2f5d\",\"name\":\"Expresso Metropolitano\",\"image\":{\"@type\":\"ImageObject\",\"inLanguage\":\"es\",\"@id\":\"https:\\\/\\\/secure.gravatar.com\\\/avatar\\\/a89f802b8de18c6952f223c88d3d106e9e3679839f4e25a02f4a6cc2ae6ba3b3?s=96&d=mm&r=g\",\"url\":\"https:\\\/\\\/secure.gravatar.com\\\/avatar\\\/a89f802b8de18c6952f223c88d3d106e9e3679839f4e25a02f4a6cc2ae6ba3b3?s=96&d=mm&r=g\",\"contentUrl\":\"https:\\\/\\\/secure.gravatar.com\\\/avatar\\\/a89f802b8de18c6952f223c88d3d106e9e3679839f4e25a02f4a6cc2ae6ba3b3?s=96&d=mm&r=g\",\"caption\":\"Expresso Metropolitano\"},\"url\":\"https:\\\/\\\/expressometro.mx\\\/index.php\\\/author\\\/diego\\\/\"}]}<\/script>\n<!-- \/ Yoast SEO plugin. -->","yoast_head_json":{"title":"JOCOTITL\u00c1N, BANDERAZO A OBRAS QUE MEJORAR\u00c1N LA VIDA DIARIA DE SUS HABITANTES - Expresso Metropolitano","robots":{"index":"index","follow":"follow","max-snippet":"max-snippet:-1","max-image-preview":"max-image-preview:large","max-video-preview":"max-video-preview:-1"},"canonical":"https:\/\/expressometro.mx\/index.php\/2022\/07\/17\/jocotitlan-banderazo-a-obras-que-mejoraran-la-vida-diaria-de-sus-habitantes\/","og_locale":"es_MX","og_type":"article","og_title":"JOCOTITL\u00c1N, BANDERAZO A OBRAS QUE MEJORAR\u00c1N LA VIDA DIARIA DE SUS HABITANTES - Expresso Metropolitano","og_description":"El Presidente Municipal Jes\u00fas Cedillo Gonz\u00e1lez dio inicio a la gira de trabajo en la Comunidad de Santa Mar\u00eda Citendeje, en donde hizo entrega de material de construcci\u00f3n para el muro de contenci\u00f3n de la EPO No. 365 Jos\u00e9 Mar\u00eda Morelos y Pav\u00f3n","og_url":"https:\/\/expressometro.mx\/index.php\/2022\/07\/17\/jocotitlan-banderazo-a-obras-que-mejoraran-la-vida-diaria-de-sus-habitantes\/","og_site_name":"Expresso Metropolitano","article_published_time":"2022-07-17T17:01:00+00:00","article_modified_time":"2022-07-20T17:11:50+00:00","og_image":[{"width":597,"height":395,"url":"http:\/\/expressometro.mx\/wp-content\/uploads\/2022\/07\/Jocotitlan-gira-160722-1.jpg","type":"image\/jpeg"}],"author":"Expresso Metropolitano","twitter_misc":{"Escrito por":"Expresso Metropolitano","Tiempo de lectura":"2 minutos"},"schema":{"@context":"https:\/\/schema.org","@graph":[{"@type":"Article","@id":"https:\/\/expressometro.mx\/index.php\/2022\/07\/17\/jocotitlan-banderazo-a-obras-que-mejoraran-la-vida-diaria-de-sus-habitantes\/#article","isPartOf":{"@id":"https:\/\/expressometro.mx\/index.php\/2022\/07\/17\/jocotitlan-banderazo-a-obras-que-mejoraran-la-vida-diaria-de-sus-habitantes\/"},"author":{"name":"Expresso Metropolitano","@id":"https:\/\/expressometro.mx\/#\/schema\/person\/efa971b4a0664db8ed5c22b1b0dd2f5d"},"headline":"JOCOTITL\u00c1N, BANDERAZO A OBRAS QUE MEJORAR\u00c1N LA VIDA DIARIA DE SUS HABITANTES","datePublished":"2022-07-17T17:01:00+00:00","dateModified":"2022-07-20T17:11:50+00:00","mainEntityOfPage":{"@id":"https:\/\/expressometro.mx\/index.php\/2022\/07\/17\/jocotitlan-banderazo-a-obras-que-mejoraran-la-vida-diaria-de-sus-habitantes\/"},"wordCount":347,"commentCount":0,"publisher":{"@id":"https:\/\/expressometro.mx\/#organization"},"image":{"@id":"https:\/\/expressometro.mx\/index.php\/2022\/07\/17\/jocotitlan-banderazo-a-obras-que-mejoraran-la-vida-diaria-de-sus-habitantes\/#primaryimage"},"thumbnailUrl":"https:\/\/expressometro.mx\/wp-content\/uploads\/2022\/07\/Jocotitlan-gira-160722-1.jpg","keywords":["Jes\u00fas Cedillo Gonz\u00e1lez","Jocotitl\u00e1n"],"articleSection":["Gobierno","Pol\u00edtica"],"inLanguage":"es","potentialAction":[{"@type":"CommentAction","name":"Comment","target":["https:\/\/expressometro.mx\/index.php\/2022\/07\/17\/jocotitlan-banderazo-a-obras-que-mejoraran-la-vida-diaria-de-sus-habitantes\/#respond"]}]},{"@type":"WebPage","@id":"https:\/\/expressometro.mx\/index.php\/2022\/07\/17\/jocotitlan-banderazo-a-obras-que-mejoraran-la-vida-diaria-de-sus-habitantes\/","url":"https:\/\/expressometro.mx\/index.php\/2022\/07\/17\/jocotitlan-banderazo-a-obras-que-mejoraran-la-vida-diaria-de-sus-habitantes\/","name":"JOCOTITL\u00c1N, BANDERAZO A OBRAS QUE MEJORAR\u00c1N LA VIDA DIARIA DE SUS HABITANTES - Expresso Metropolitano","isPartOf":{"@id":"https:\/\/expressometro.mx\/#website"},"primaryImageOfPage":{"@id":"https:\/\/expressometro.mx\/index.php\/2022\/07\/17\/jocotitlan-banderazo-a-obras-que-mejoraran-la-vida-diaria-de-sus-habitantes\/#primaryimage"},"image":{"@id":"https:\/\/expressometro.mx\/index.php\/2022\/07\/17\/jocotitlan-banderazo-a-obras-que-mejoraran-la-vida-diaria-de-sus-habitantes\/#primaryimage"},"thumbnailUrl":"https:\/\/expressometro.mx\/wp-content\/uploads\/2022\/07\/Jocotitlan-gira-160722-1.jpg","datePublished":"2022-07-17T17:01:00+00:00","dateModified":"2022-07-20T17:11:50+00:00","breadcrumb":{"@id":"https:\/\/expressometro.mx\/index.php\/2022\/07\/17\/jocotitlan-banderazo-a-obras-que-mejoraran-la-vida-diaria-de-sus-habitantes\/#breadcrumb"},"inLanguage":"es","potentialAction":[{"@type":"ReadAction","target":["https:\/\/expressometro.mx\/index.php\/2022\/07\/17\/jocotitlan-banderazo-a-obras-que-mejoraran-la-vida-diaria-de-sus-habitantes\/"]}]},{"@type":"ImageObject","inLanguage":"es","@id":"https:\/\/expressometro.mx\/index.php\/2022\/07\/17\/jocotitlan-banderazo-a-obras-que-mejoraran-la-vida-diaria-de-sus-habitantes\/#primaryimage","url":"https:\/\/expressometro.mx\/wp-content\/uploads\/2022\/07\/Jocotitlan-gira-160722-1.jpg","contentUrl":"https:\/\/expressometro.mx\/wp-content\/uploads\/2022\/07\/Jocotitlan-gira-160722-1.jpg","width":597,"height":395},{"@type":"BreadcrumbList","@id":"https:\/\/expressometro.mx\/index.php\/2022\/07\/17\/jocotitlan-banderazo-a-obras-que-mejoraran-la-vida-diaria-de-sus-habitantes\/#breadcrumb","itemListElement":[{"@type":"ListItem","position":1,"name":"Inicio","item":"https:\/\/expressometro.mx\/"},{"@type":"ListItem","position":2,"name":"JOCOTITL\u00c1N, BANDERAZO A OBRAS QUE MEJORAR\u00c1N LA VIDA DIARIA DE SUS HABITANTES"}]},{"@type":"WebSite","@id":"https:\/\/expressometro.mx\/#website","url":"https:\/\/expressometro.mx\/","name":"Expresso Metropolitano","description":"Periodismo comprometido, informaci\u00f3n, investigaci\u00f3n y an\u00e1lisis","publisher":{"@id":"https:\/\/expressometro.mx\/#organization"},"potentialAction":[{"@type":"SearchAction","target":{"@type":"EntryPoint","urlTemplate":"https:\/\/expressometro.mx\/?s={search_term_string}"},"query-input":{"@type":"PropertyValueSpecification","valueRequired":true,"valueName":"search_term_string"}}],"inLanguage":"es"},{"@type":"Organization","@id":"https:\/\/expressometro.mx\/#organization","name":"Expresso Metropolitano","url":"https:\/\/expressometro.mx\/","logo":{"@type":"ImageObject","inLanguage":"es","@id":"https:\/\/expressometro.mx\/#\/schema\/logo\/image\/","url":"https:\/\/expressometro.mx\/wp-content\/uploads\/2019\/07\/cropped-Logo-Expresso-Metropolitano-1-1.jpeg","contentUrl":"https:\/\/expressometro.mx\/wp-content\/uploads\/2019\/07\/cropped-Logo-Expresso-Metropolitano-1-1.jpeg","width":290,"height":73,"caption":"Expresso Metropolitano"},"image":{"@id":"https:\/\/expressometro.mx\/#\/schema\/logo\/image\/"}},{"@type":"Person","@id":"https:\/\/expressometro.mx\/#\/schema\/person\/efa971b4a0664db8ed5c22b1b0dd2f5d","name":"Expresso Metropolitano","image":{"@type":"ImageObject","inLanguage":"es","@id":"https:\/\/secure.gravatar.com\/avatar\/a89f802b8de18c6952f223c88d3d106e9e3679839f4e25a02f4a6cc2ae6ba3b3?s=96&d=mm&r=g","url":"https:\/\/secure.gravatar.com\/avatar\/a89f802b8de18c6952f223c88d3d106e9e3679839f4e25a02f4a6cc2ae6ba3b3?s=96&d=mm&r=g","contentUrl":"https:\/\/secure.gravatar.com\/avatar\/a89f802b8de18c6952f223c88d3d106e9e3679839f4e25a02f4a6cc2ae6ba3b3?s=96&d=mm&r=g","caption":"Expresso Metropolitano"},"url":"https:\/\/expressometro.mx\/index.php\/author\/diego\/"}]}},"amp_enabled":true,"_links":{"self":[{"href":"https:\/\/expressometro.mx\/index.php\/wp-json\/wp\/v2\/posts\/6092","targetHints":{"allow":["GET"]}}],"collection":[{"href":"https:\/\/expressometro.mx\/index.php\/wp-json\/wp\/v2\/posts"}],"about":[{"href":"https:\/\/expressometro.mx\/index.php\/wp-json\/wp\/v2\/types\/post"}],"author":[{"embeddable":true,"href":"https:\/\/expressometro.mx\/index.php\/wp-json\/wp\/v2\/users\/1"}],"replies":[{"embeddable":true,"href":"https:\/\/expressometro.mx\/index.php\/wp-json\/wp\/v2\/comments?post=6092"}],"version-history":[{"count":1,"href":"https:\/\/expressometro.mx\/index.php\/wp-json\/wp\/v2\/posts\/6092\/revisions"}],"predecessor-version":[{"id":6095,"href":"https:\/\/expressometro.mx\/index.php\/wp-json\/wp\/v2\/posts\/6092\/revisions\/6095"}],"wp:featuredmedia":[{"embeddable":true,"href":"https:\/\/expressometro.mx\/index.php\/wp-json\/wp\/v2\/media\/6094"}],"wp:attachment":[{"href":"https:\/\/expressometro.mx\/index.php\/wp-json\/wp\/v2\/media?parent=6092"}],"wp:term":[{"taxonomy":"category","embeddable":true,"href":"https:\/\/expressometro.mx\/index.php\/wp-json\/wp\/v2\/categories?post=6092"},{"taxonomy":"post_tag","embeddable":true,"href":"https:\/\/expressometro.mx\/index.php\/wp-json\/wp\/v2\/tags?post=6092"}],"curies":[{"name":"wp","href":"https:\/\/api.w.org\/{rel}","templated":true}]}}