{"id":6087,"date":"2022-07-09T11:51:00","date_gmt":"2022-07-09T16:51:00","guid":{"rendered":"https:\/\/expressometro.mx\/?p=6087"},"modified":"2022-07-20T11:55:53","modified_gmt":"2022-07-20T16:55:53","slug":"se-dio-inicio-a-obras-que-facilitaran-la-vida-diaria-de-jocotitlenses-jesus-cedillo-gonzalez","status":"publish","type":"post","link":"https:\/\/expressometro.mx\/index.php\/2022\/07\/09\/se-dio-inicio-a-obras-que-facilitaran-la-vida-diaria-de-jocotitlenses-jesus-cedillo-gonzalez\/","title":{"rendered":"SE DIO INICIO A OBRAS QUE FACILITAR\u00c1N LA VIDA DIARIA DE JOCOTITLENSES: JES\u00daS CEDILLO G\u00d3NZALEZ"},"content":{"rendered":"\n<p><\/p>\n\n\n\n<p>El Presidente Municipal de Jocotitl\u00e1n, Jes\u00fas Cedillo Gonz\u00e1lez inici\u00f3 una gira de trabajo en las que dio inici\u00f3 a varias obras importantes, en diferentes comunidades y que servir\u00e1n para mejorar la calidad de vida de sus habitantes.<\/p>\n\n\n\n<p>En el primer punto, el Presidente Jes\u00fas Cedillo dio el banderazo a la ampliaci\u00f3n de la red de drenaje sanitario en la calle Vicente Guerrero de la Comunidad de los Reyes, acercando los servicios b\u00e1sicos a la ciudadan\u00eda. El alcalde confirm\u00f3 su compromiso de seguir escuchando las peticiones de los habitantes locales, con el fin de poder continuar mejorando estos servicios primarios.<\/p>\n\n\n\n<p>En el segundo punto de la gira, el Presidente Municipal entreg\u00f3 material para la construcci\u00f3n de la calle principal de la Venta Yeche, lo que traer\u00e1 un gran beneficio para todos los habitantes que transitan hacia sus hogares. El Alcalde afirm\u00f3 que su administraci\u00f3n trabaja para cumplir sus compromisos, por lo que exhort\u00f3 a sus colaboradores a no tardar en la entrega de obras que benefician a los jocotitlenses y lo hagan en el tiempo m\u00e1s corto posible.<\/p>\n\n\n\n<p>En las Fuentes Yeche, tercer punto, se realiz\u00f3 la entrega de material para la ampliaci\u00f3n del sistema de agua potable de esta Comunidad, por parte del Presidente Jes\u00fas Cedillo Gonz\u00e1lez, qui\u00e9n a trav\u00e9s del trabajo en conjunto ha logrado llevar est\u00e1s obras a las localidades de nuestro Municipio para que la ciudadan\u00eda pueda realizar sus actividades diarias de una manera m\u00e1s f\u00e1cil.<\/p>\n\n\n\n<p>Para concluir esta gira de trabajo el Alcalde Jes\u00fas Cedillo Gonz\u00e1lez entreg\u00f3 material para la ampliaci\u00f3n de la calle La Palma en Santa Mar\u00eda Endare, as\u00ed como para otras calles m\u00e1s, que se sumar\u00e1n a las dem\u00e1s v\u00edas de comunicaci\u00f3n en el Municipio, lo que permitir\u00e1 que los beneficiarios transiten por mejores espacios. Los vecinos agradecieron las nuevas obras y expresaron su apoyo al Presidente Municipal.<\/p>\n","protected":false},"excerpt":{"rendered":"<p>El Presidente Municipal de Jocotitl\u00e1n, Jes\u00fas Cedillo Gonz\u00e1lez inici\u00f3 una gira de trabajo en las que dio inici\u00f3 a varias obras importantes, en diferentes comunidades y que servir\u00e1n para mejorar la calidad de vida de sus habitantes.<\/p>\n","protected":false},"author":1,"featured_media":6089,"comment_status":"open","ping_status":"open","sticky":false,"template":"","format":"standard","meta":{"footnotes":""},"categories":[3,231],"tags":[616,324],"class_list":["post-6087","post","type-post","status-publish","format-standard","has-post-thumbnail","hentry","category-gobierno","category-politica","tag-jesus-cedillo","tag-jocotitlan"],"yoast_head":"<!-- This site is optimized with the Yoast SEO plugin v27.5 - https:\/\/yoast.com\/product\/yoast-seo-wordpress\/ -->\n<title>SE DIO INICIO A OBRAS QUE FACILITAR\u00c1N LA VIDA DIARIA DE JOCOTITLENSES: JES\u00daS CEDILLO G\u00d3NZALEZ - Expresso Metropolitano<\/title>\n<meta name=\"robots\" content=\"index, follow, max-snippet:-1, max-image-preview:large, max-video-preview:-1\" \/>\n<link rel=\"canonical\" href=\"https:\/\/expressometro.mx\/index.php\/2022\/07\/09\/se-dio-inicio-a-obras-que-facilitaran-la-vida-diaria-de-jocotitlenses-jesus-cedillo-gonzalez\/\" \/>\n<meta property=\"og:locale\" content=\"es_MX\" \/>\n<meta property=\"og:type\" content=\"article\" \/>\n<meta property=\"og:title\" content=\"SE DIO INICIO A OBRAS QUE FACILITAR\u00c1N LA VIDA DIARIA DE JOCOTITLENSES: JES\u00daS CEDILLO G\u00d3NZALEZ - Expresso Metropolitano\" \/>\n<meta property=\"og:description\" content=\"El Presidente Municipal de Jocotitl\u00e1n, Jes\u00fas Cedillo Gonz\u00e1lez inici\u00f3 una gira de trabajo en las que dio inici\u00f3 a varias obras importantes, en diferentes comunidades y que servir\u00e1n para mejorar la calidad de vida de sus habitantes.\" \/>\n<meta property=\"og:url\" content=\"https:\/\/expressometro.mx\/index.php\/2022\/07\/09\/se-dio-inicio-a-obras-que-facilitaran-la-vida-diaria-de-jocotitlenses-jesus-cedillo-gonzalez\/\" \/>\n<meta property=\"og:site_name\" content=\"Expresso Metropolitano\" \/>\n<meta property=\"article:published_time\" content=\"2022-07-09T16:51:00+00:00\" \/>\n<meta property=\"article:modified_time\" content=\"2022-07-20T16:55:53+00:00\" \/>\n<meta property=\"og:image\" content=\"http:\/\/expressometro.mx\/wp-content\/uploads\/2022\/07\/Untitled-design.png\" \/>\n\t<meta property=\"og:image:width\" content=\"940\" \/>\n\t<meta property=\"og:image:height\" content=\"788\" \/>\n\t<meta property=\"og:image:type\" content=\"image\/png\" \/>\n<meta name=\"author\" content=\"Expresso Metropolitano\" \/>\n<meta name=\"twitter:label1\" content=\"Escrito por\" \/>\n\t<meta name=\"twitter:data1\" content=\"Expresso Metropolitano\" \/>\n\t<meta name=\"twitter:label2\" content=\"Tiempo de lectura\" \/>\n\t<meta name=\"twitter:data2\" content=\"2 minutos\" \/>\n<script type=\"application\/ld+json\" class=\"yoast-schema-graph\">{\"@context\":\"https:\\\/\\\/schema.org\",\"@graph\":[{\"@type\":\"Article\",\"@id\":\"https:\\\/\\\/expressometro.mx\\\/index.php\\\/2022\\\/07\\\/09\\\/se-dio-inicio-a-obras-que-facilitaran-la-vida-diaria-de-jocotitlenses-jesus-cedillo-gonzalez\\\/#article\",\"isPartOf\":{\"@id\":\"https:\\\/\\\/expressometro.mx\\\/index.php\\\/2022\\\/07\\\/09\\\/se-dio-inicio-a-obras-que-facilitaran-la-vida-diaria-de-jocotitlenses-jesus-cedillo-gonzalez\\\/\"},\"author\":{\"name\":\"Expresso Metropolitano\",\"@id\":\"https:\\\/\\\/expressometro.mx\\\/#\\\/schema\\\/person\\\/efa971b4a0664db8ed5c22b1b0dd2f5d\"},\"headline\":\"SE DIO INICIO A OBRAS QUE FACILITAR\u00c1N LA VIDA DIARIA DE JOCOTITLENSES: JES\u00daS CEDILLO G\u00d3NZALEZ\",\"datePublished\":\"2022-07-09T16:51:00+00:00\",\"dateModified\":\"2022-07-20T16:55:53+00:00\",\"mainEntityOfPage\":{\"@id\":\"https:\\\/\\\/expressometro.mx\\\/index.php\\\/2022\\\/07\\\/09\\\/se-dio-inicio-a-obras-que-facilitaran-la-vida-diaria-de-jocotitlenses-jesus-cedillo-gonzalez\\\/\"},\"wordCount\":352,\"commentCount\":0,\"publisher\":{\"@id\":\"https:\\\/\\\/expressometro.mx\\\/#organization\"},\"image\":{\"@id\":\"https:\\\/\\\/expressometro.mx\\\/index.php\\\/2022\\\/07\\\/09\\\/se-dio-inicio-a-obras-que-facilitaran-la-vida-diaria-de-jocotitlenses-jesus-cedillo-gonzalez\\\/#primaryimage\"},\"thumbnailUrl\":\"https:\\\/\\\/expressometro.mx\\\/wp-content\\\/uploads\\\/2022\\\/07\\\/Untitled-design.png\",\"keywords\":[\"Jes\u00fas Cedillo\",\"Jocotitl\u00e1n\"],\"articleSection\":[\"Gobierno\",\"Pol\u00edtica\"],\"inLanguage\":\"es\",\"potentialAction\":[{\"@type\":\"CommentAction\",\"name\":\"Comment\",\"target\":[\"https:\\\/\\\/expressometro.mx\\\/index.php\\\/2022\\\/07\\\/09\\\/se-dio-inicio-a-obras-que-facilitaran-la-vida-diaria-de-jocotitlenses-jesus-cedillo-gonzalez\\\/#respond\"]}]},{\"@type\":\"WebPage\",\"@id\":\"https:\\\/\\\/expressometro.mx\\\/index.php\\\/2022\\\/07\\\/09\\\/se-dio-inicio-a-obras-que-facilitaran-la-vida-diaria-de-jocotitlenses-jesus-cedillo-gonzalez\\\/\",\"url\":\"https:\\\/\\\/expressometro.mx\\\/index.php\\\/2022\\\/07\\\/09\\\/se-dio-inicio-a-obras-que-facilitaran-la-vida-diaria-de-jocotitlenses-jesus-cedillo-gonzalez\\\/\",\"name\":\"SE DIO INICIO A OBRAS QUE FACILITAR\u00c1N LA VIDA DIARIA DE JOCOTITLENSES: JES\u00daS CEDILLO G\u00d3NZALEZ - Expresso Metropolitano\",\"isPartOf\":{\"@id\":\"https:\\\/\\\/expressometro.mx\\\/#website\"},\"primaryImageOfPage\":{\"@id\":\"https:\\\/\\\/expressometro.mx\\\/index.php\\\/2022\\\/07\\\/09\\\/se-dio-inicio-a-obras-que-facilitaran-la-vida-diaria-de-jocotitlenses-jesus-cedillo-gonzalez\\\/#primaryimage\"},\"image\":{\"@id\":\"https:\\\/\\\/expressometro.mx\\\/index.php\\\/2022\\\/07\\\/09\\\/se-dio-inicio-a-obras-que-facilitaran-la-vida-diaria-de-jocotitlenses-jesus-cedillo-gonzalez\\\/#primaryimage\"},\"thumbnailUrl\":\"https:\\\/\\\/expressometro.mx\\\/wp-content\\\/uploads\\\/2022\\\/07\\\/Untitled-design.png\",\"datePublished\":\"2022-07-09T16:51:00+00:00\",\"dateModified\":\"2022-07-20T16:55:53+00:00\",\"breadcrumb\":{\"@id\":\"https:\\\/\\\/expressometro.mx\\\/index.php\\\/2022\\\/07\\\/09\\\/se-dio-inicio-a-obras-que-facilitaran-la-vida-diaria-de-jocotitlenses-jesus-cedillo-gonzalez\\\/#breadcrumb\"},\"inLanguage\":\"es\",\"potentialAction\":[{\"@type\":\"ReadAction\",\"target\":[\"https:\\\/\\\/expressometro.mx\\\/index.php\\\/2022\\\/07\\\/09\\\/se-dio-inicio-a-obras-que-facilitaran-la-vida-diaria-de-jocotitlenses-jesus-cedillo-gonzalez\\\/\"]}]},{\"@type\":\"ImageObject\",\"inLanguage\":\"es\",\"@id\":\"https:\\\/\\\/expressometro.mx\\\/index.php\\\/2022\\\/07\\\/09\\\/se-dio-inicio-a-obras-que-facilitaran-la-vida-diaria-de-jocotitlenses-jesus-cedillo-gonzalez\\\/#primaryimage\",\"url\":\"https:\\\/\\\/expressometro.mx\\\/wp-content\\\/uploads\\\/2022\\\/07\\\/Untitled-design.png\",\"contentUrl\":\"https:\\\/\\\/expressometro.mx\\\/wp-content\\\/uploads\\\/2022\\\/07\\\/Untitled-design.png\",\"width\":940,\"height\":788},{\"@type\":\"BreadcrumbList\",\"@id\":\"https:\\\/\\\/expressometro.mx\\\/index.php\\\/2022\\\/07\\\/09\\\/se-dio-inicio-a-obras-que-facilitaran-la-vida-diaria-de-jocotitlenses-jesus-cedillo-gonzalez\\\/#breadcrumb\",\"itemListElement\":[{\"@type\":\"ListItem\",\"position\":1,\"name\":\"Inicio\",\"item\":\"https:\\\/\\\/expressometro.mx\\\/\"},{\"@type\":\"ListItem\",\"position\":2,\"name\":\"SE DIO INICIO A OBRAS QUE FACILITAR\u00c1N LA VIDA DIARIA DE JOCOTITLENSES: JES\u00daS CEDILLO G\u00d3NZALEZ\"}]},{\"@type\":\"WebSite\",\"@id\":\"https:\\\/\\\/expressometro.mx\\\/#website\",\"url\":\"https:\\\/\\\/expressometro.mx\\\/\",\"name\":\"Expresso Metropolitano\",\"description\":\"Periodismo comprometido, informaci\u00f3n, investigaci\u00f3n y an\u00e1lisis\",\"publisher\":{\"@id\":\"https:\\\/\\\/expressometro.mx\\\/#organization\"},\"potentialAction\":[{\"@type\":\"SearchAction\",\"target\":{\"@type\":\"EntryPoint\",\"urlTemplate\":\"https:\\\/\\\/expressometro.mx\\\/?s={search_term_string}\"},\"query-input\":{\"@type\":\"PropertyValueSpecification\",\"valueRequired\":true,\"valueName\":\"search_term_string\"}}],\"inLanguage\":\"es\"},{\"@type\":\"Organization\",\"@id\":\"https:\\\/\\\/expressometro.mx\\\/#organization\",\"name\":\"Expresso Metropolitano\",\"url\":\"https:\\\/\\\/expressometro.mx\\\/\",\"logo\":{\"@type\":\"ImageObject\",\"inLanguage\":\"es\",\"@id\":\"https:\\\/\\\/expressometro.mx\\\/#\\\/schema\\\/logo\\\/image\\\/\",\"url\":\"https:\\\/\\\/expressometro.mx\\\/wp-content\\\/uploads\\\/2019\\\/07\\\/cropped-Logo-Expresso-Metropolitano-1-1.jpeg\",\"contentUrl\":\"https:\\\/\\\/expressometro.mx\\\/wp-content\\\/uploads\\\/2019\\\/07\\\/cropped-Logo-Expresso-Metropolitano-1-1.jpeg\",\"width\":290,\"height\":73,\"caption\":\"Expresso Metropolitano\"},\"image\":{\"@id\":\"https:\\\/\\\/expressometro.mx\\\/#\\\/schema\\\/logo\\\/image\\\/\"}},{\"@type\":\"Person\",\"@id\":\"https:\\\/\\\/expressometro.mx\\\/#\\\/schema\\\/person\\\/efa971b4a0664db8ed5c22b1b0dd2f5d\",\"name\":\"Expresso Metropolitano\",\"image\":{\"@type\":\"ImageObject\",\"inLanguage\":\"es\",\"@id\":\"https:\\\/\\\/secure.gravatar.com\\\/avatar\\\/a89f802b8de18c6952f223c88d3d106e9e3679839f4e25a02f4a6cc2ae6ba3b3?s=96&d=mm&r=g\",\"url\":\"https:\\\/\\\/secure.gravatar.com\\\/avatar\\\/a89f802b8de18c6952f223c88d3d106e9e3679839f4e25a02f4a6cc2ae6ba3b3?s=96&d=mm&r=g\",\"contentUrl\":\"https:\\\/\\\/secure.gravatar.com\\\/avatar\\\/a89f802b8de18c6952f223c88d3d106e9e3679839f4e25a02f4a6cc2ae6ba3b3?s=96&d=mm&r=g\",\"caption\":\"Expresso Metropolitano\"},\"url\":\"https:\\\/\\\/expressometro.mx\\\/index.php\\\/author\\\/diego\\\/\"}]}<\/script>\n<!-- \/ Yoast SEO plugin. -->","yoast_head_json":{"title":"SE DIO INICIO A OBRAS QUE FACILITAR\u00c1N LA VIDA DIARIA DE JOCOTITLENSES: JES\u00daS CEDILLO G\u00d3NZALEZ - Expresso Metropolitano","robots":{"index":"index","follow":"follow","max-snippet":"max-snippet:-1","max-image-preview":"max-image-preview:large","max-video-preview":"max-video-preview:-1"},"canonical":"https:\/\/expressometro.mx\/index.php\/2022\/07\/09\/se-dio-inicio-a-obras-que-facilitaran-la-vida-diaria-de-jocotitlenses-jesus-cedillo-gonzalez\/","og_locale":"es_MX","og_type":"article","og_title":"SE DIO INICIO A OBRAS QUE FACILITAR\u00c1N LA VIDA DIARIA DE JOCOTITLENSES: JES\u00daS CEDILLO G\u00d3NZALEZ - Expresso Metropolitano","og_description":"El Presidente Municipal de Jocotitl\u00e1n, Jes\u00fas Cedillo Gonz\u00e1lez inici\u00f3 una gira de trabajo en las que dio inici\u00f3 a varias obras importantes, en diferentes comunidades y que servir\u00e1n para mejorar la calidad de vida de sus habitantes.","og_url":"https:\/\/expressometro.mx\/index.php\/2022\/07\/09\/se-dio-inicio-a-obras-que-facilitaran-la-vida-diaria-de-jocotitlenses-jesus-cedillo-gonzalez\/","og_site_name":"Expresso Metropolitano","article_published_time":"2022-07-09T16:51:00+00:00","article_modified_time":"2022-07-20T16:55:53+00:00","og_image":[{"width":940,"height":788,"url":"http:\/\/expressometro.mx\/wp-content\/uploads\/2022\/07\/Untitled-design.png","type":"image\/png"}],"author":"Expresso Metropolitano","twitter_misc":{"Escrito por":"Expresso Metropolitano","Tiempo de lectura":"2 minutos"},"schema":{"@context":"https:\/\/schema.org","@graph":[{"@type":"Article","@id":"https:\/\/expressometro.mx\/index.php\/2022\/07\/09\/se-dio-inicio-a-obras-que-facilitaran-la-vida-diaria-de-jocotitlenses-jesus-cedillo-gonzalez\/#article","isPartOf":{"@id":"https:\/\/expressometro.mx\/index.php\/2022\/07\/09\/se-dio-inicio-a-obras-que-facilitaran-la-vida-diaria-de-jocotitlenses-jesus-cedillo-gonzalez\/"},"author":{"name":"Expresso Metropolitano","@id":"https:\/\/expressometro.mx\/#\/schema\/person\/efa971b4a0664db8ed5c22b1b0dd2f5d"},"headline":"SE DIO INICIO A OBRAS QUE FACILITAR\u00c1N LA VIDA DIARIA DE JOCOTITLENSES: JES\u00daS CEDILLO G\u00d3NZALEZ","datePublished":"2022-07-09T16:51:00+00:00","dateModified":"2022-07-20T16:55:53+00:00","mainEntityOfPage":{"@id":"https:\/\/expressometro.mx\/index.php\/2022\/07\/09\/se-dio-inicio-a-obras-que-facilitaran-la-vida-diaria-de-jocotitlenses-jesus-cedillo-gonzalez\/"},"wordCount":352,"commentCount":0,"publisher":{"@id":"https:\/\/expressometro.mx\/#organization"},"image":{"@id":"https:\/\/expressometro.mx\/index.php\/2022\/07\/09\/se-dio-inicio-a-obras-que-facilitaran-la-vida-diaria-de-jocotitlenses-jesus-cedillo-gonzalez\/#primaryimage"},"thumbnailUrl":"https:\/\/expressometro.mx\/wp-content\/uploads\/2022\/07\/Untitled-design.png","keywords":["Jes\u00fas Cedillo","Jocotitl\u00e1n"],"articleSection":["Gobierno","Pol\u00edtica"],"inLanguage":"es","potentialAction":[{"@type":"CommentAction","name":"Comment","target":["https:\/\/expressometro.mx\/index.php\/2022\/07\/09\/se-dio-inicio-a-obras-que-facilitaran-la-vida-diaria-de-jocotitlenses-jesus-cedillo-gonzalez\/#respond"]}]},{"@type":"WebPage","@id":"https:\/\/expressometro.mx\/index.php\/2022\/07\/09\/se-dio-inicio-a-obras-que-facilitaran-la-vida-diaria-de-jocotitlenses-jesus-cedillo-gonzalez\/","url":"https:\/\/expressometro.mx\/index.php\/2022\/07\/09\/se-dio-inicio-a-obras-que-facilitaran-la-vida-diaria-de-jocotitlenses-jesus-cedillo-gonzalez\/","name":"SE DIO INICIO A OBRAS QUE FACILITAR\u00c1N LA VIDA DIARIA DE JOCOTITLENSES: JES\u00daS CEDILLO G\u00d3NZALEZ - Expresso Metropolitano","isPartOf":{"@id":"https:\/\/expressometro.mx\/#website"},"primaryImageOfPage":{"@id":"https:\/\/expressometro.mx\/index.php\/2022\/07\/09\/se-dio-inicio-a-obras-que-facilitaran-la-vida-diaria-de-jocotitlenses-jesus-cedillo-gonzalez\/#primaryimage"},"image":{"@id":"https:\/\/expressometro.mx\/index.php\/2022\/07\/09\/se-dio-inicio-a-obras-que-facilitaran-la-vida-diaria-de-jocotitlenses-jesus-cedillo-gonzalez\/#primaryimage"},"thumbnailUrl":"https:\/\/expressometro.mx\/wp-content\/uploads\/2022\/07\/Untitled-design.png","datePublished":"2022-07-09T16:51:00+00:00","dateModified":"2022-07-20T16:55:53+00:00","breadcrumb":{"@id":"https:\/\/expressometro.mx\/index.php\/2022\/07\/09\/se-dio-inicio-a-obras-que-facilitaran-la-vida-diaria-de-jocotitlenses-jesus-cedillo-gonzalez\/#breadcrumb"},"inLanguage":"es","potentialAction":[{"@type":"ReadAction","target":["https:\/\/expressometro.mx\/index.php\/2022\/07\/09\/se-dio-inicio-a-obras-que-facilitaran-la-vida-diaria-de-jocotitlenses-jesus-cedillo-gonzalez\/"]}]},{"@type":"ImageObject","inLanguage":"es","@id":"https:\/\/expressometro.mx\/index.php\/2022\/07\/09\/se-dio-inicio-a-obras-que-facilitaran-la-vida-diaria-de-jocotitlenses-jesus-cedillo-gonzalez\/#primaryimage","url":"https:\/\/expressometro.mx\/wp-content\/uploads\/2022\/07\/Untitled-design.png","contentUrl":"https:\/\/expressometro.mx\/wp-content\/uploads\/2022\/07\/Untitled-design.png","width":940,"height":788},{"@type":"BreadcrumbList","@id":"https:\/\/expressometro.mx\/index.php\/2022\/07\/09\/se-dio-inicio-a-obras-que-facilitaran-la-vida-diaria-de-jocotitlenses-jesus-cedillo-gonzalez\/#breadcrumb","itemListElement":[{"@type":"ListItem","position":1,"name":"Inicio","item":"https:\/\/expressometro.mx\/"},{"@type":"ListItem","position":2,"name":"SE DIO INICIO A OBRAS QUE FACILITAR\u00c1N LA VIDA DIARIA DE JOCOTITLENSES: JES\u00daS CEDILLO G\u00d3NZALEZ"}]},{"@type":"WebSite","@id":"https:\/\/expressometro.mx\/#website","url":"https:\/\/expressometro.mx\/","name":"Expresso Metropolitano","description":"Periodismo comprometido, informaci\u00f3n, investigaci\u00f3n y an\u00e1lisis","publisher":{"@id":"https:\/\/expressometro.mx\/#organization"},"potentialAction":[{"@type":"SearchAction","target":{"@type":"EntryPoint","urlTemplate":"https:\/\/expressometro.mx\/?s={search_term_string}"},"query-input":{"@type":"PropertyValueSpecification","valueRequired":true,"valueName":"search_term_string"}}],"inLanguage":"es"},{"@type":"Organization","@id":"https:\/\/expressometro.mx\/#organization","name":"Expresso Metropolitano","url":"https:\/\/expressometro.mx\/","logo":{"@type":"ImageObject","inLanguage":"es","@id":"https:\/\/expressometro.mx\/#\/schema\/logo\/image\/","url":"https:\/\/expressometro.mx\/wp-content\/uploads\/2019\/07\/cropped-Logo-Expresso-Metropolitano-1-1.jpeg","contentUrl":"https:\/\/expressometro.mx\/wp-content\/uploads\/2019\/07\/cropped-Logo-Expresso-Metropolitano-1-1.jpeg","width":290,"height":73,"caption":"Expresso Metropolitano"},"image":{"@id":"https:\/\/expressometro.mx\/#\/schema\/logo\/image\/"}},{"@type":"Person","@id":"https:\/\/expressometro.mx\/#\/schema\/person\/efa971b4a0664db8ed5c22b1b0dd2f5d","name":"Expresso Metropolitano","image":{"@type":"ImageObject","inLanguage":"es","@id":"https:\/\/secure.gravatar.com\/avatar\/a89f802b8de18c6952f223c88d3d106e9e3679839f4e25a02f4a6cc2ae6ba3b3?s=96&d=mm&r=g","url":"https:\/\/secure.gravatar.com\/avatar\/a89f802b8de18c6952f223c88d3d106e9e3679839f4e25a02f4a6cc2ae6ba3b3?s=96&d=mm&r=g","contentUrl":"https:\/\/secure.gravatar.com\/avatar\/a89f802b8de18c6952f223c88d3d106e9e3679839f4e25a02f4a6cc2ae6ba3b3?s=96&d=mm&r=g","caption":"Expresso Metropolitano"},"url":"https:\/\/expressometro.mx\/index.php\/author\/diego\/"}]}},"amp_enabled":true,"_links":{"self":[{"href":"https:\/\/expressometro.mx\/index.php\/wp-json\/wp\/v2\/posts\/6087","targetHints":{"allow":["GET"]}}],"collection":[{"href":"https:\/\/expressometro.mx\/index.php\/wp-json\/wp\/v2\/posts"}],"about":[{"href":"https:\/\/expressometro.mx\/index.php\/wp-json\/wp\/v2\/types\/post"}],"author":[{"embeddable":true,"href":"https:\/\/expressometro.mx\/index.php\/wp-json\/wp\/v2\/users\/1"}],"replies":[{"embeddable":true,"href":"https:\/\/expressometro.mx\/index.php\/wp-json\/wp\/v2\/comments?post=6087"}],"version-history":[{"count":1,"href":"https:\/\/expressometro.mx\/index.php\/wp-json\/wp\/v2\/posts\/6087\/revisions"}],"predecessor-version":[{"id":6090,"href":"https:\/\/expressometro.mx\/index.php\/wp-json\/wp\/v2\/posts\/6087\/revisions\/6090"}],"wp:featuredmedia":[{"embeddable":true,"href":"https:\/\/expressometro.mx\/index.php\/wp-json\/wp\/v2\/media\/6089"}],"wp:attachment":[{"href":"https:\/\/expressometro.mx\/index.php\/wp-json\/wp\/v2\/media?parent=6087"}],"wp:term":[{"taxonomy":"category","embeddable":true,"href":"https:\/\/expressometro.mx\/index.php\/wp-json\/wp\/v2\/categories?post=6087"},{"taxonomy":"post_tag","embeddable":true,"href":"https:\/\/expressometro.mx\/index.php\/wp-json\/wp\/v2\/tags?post=6087"}],"curies":[{"name":"wp","href":"https:\/\/api.w.org\/{rel}","templated":true}]}}