{"id":6080,"date":"2022-07-18T11:38:14","date_gmt":"2022-07-18T16:38:14","guid":{"rendered":"https:\/\/expressometro.mx\/?p=6080"},"modified":"2022-07-18T11:38:15","modified_gmt":"2022-07-18T16:38:15","slug":"ecatepec-cae-arbol-sobre-auto-dejando-un-muerto-y-tres-heridos","status":"publish","type":"post","link":"https:\/\/expressometro.mx\/index.php\/2022\/07\/18\/ecatepec-cae-arbol-sobre-auto-dejando-un-muerto-y-tres-heridos\/","title":{"rendered":"ECATEPEC: CAE \u00c1RBOL SOBRE AUTO, DEJANDO UN MUERTO Y TRES HERIDOS"},"content":{"rendered":"\n<p><\/p>\n\n\n\n<p>Debido a la fuerte lluvia e intenso viento que se registr\u00f3 este domingo en el Estado de M\u00e9xico, un \u00e1rbol de grandes dimensiones cay\u00f3 sobre un veh\u00edculo que circulaba sobre la V\u00eda Morelos, en el municipio de Ecatepec.<\/p>\n\n\n\n<p>El C5 del Estado de M\u00e9xico inform\u00f3 que el conductor del veh\u00edculo Nissan Tsuru con placas de circulaci\u00f3n NJW-3443, falleci\u00f3 por la ca\u00edda del enorme \u00e1rbol sobre su autom\u00f3vil. En tanto que una mujer y dos menores de edad resultaron lesionados.<\/p>\n\n\n\n<p>Al sitio arribaron servicios de emergencia del municipio, quienes atendieron a la mujer, que tuvo que ser trasladada en helic\u00f3ptero a un hospital debido a la gravedad de las lesiones, mientras que sus dos ni\u00f1as fueron atendidas por diversas lesiones.<\/p>\n\n\n\n<p>Los hechos ocurrieron a la altura de la colonia Cerro Gordo. Sitio hasta donde arribaron decenas de elementos de la Polic\u00eda Estatal y Municipal de Ecatepec, as\u00ed como bomberos que laboraron en retirar el tronco que qued\u00f3 sobre el veh\u00edculo verde.<\/p>\n\n\n\n<p>Finalmente se logr\u00f3 liberar el cuerpo sin vida del conductor, identificado como Juan Alberto \u201cN\u201d, en tanto que las personas heridas fueron identificadas como Mar\u00eda Guadalupe, de 37 a\u00f1os de edad, Valeria Noem\u00ed, de 10 a\u00f1os, y Daniela Alexandra, de 6. Peritos de la Fiscal\u00eda General de Justicia del Estado de M\u00e9xico (FGJEM) llevaron a cabo las investigaciones pertinentes. Por este hecho, la vialidad qued\u00f3 cerrada por poco m\u00e1s de un par de horas, mientras bomberos de Ecatepec laboraron para retirar los \u00e1rboles ca\u00eddos, y los peritos de la Fiscal\u00eda General de Justicia del Estado de M\u00e9xico realizaban las indagatorias por el percance.<\/p>\n","protected":false},"excerpt":{"rendered":"<p>Debido a la fuerte lluvia e intenso viento que se registr\u00f3 este domingo en el Estado de M\u00e9xico, un \u00e1rbol de grandes dimensiones cay\u00f3 sobre un veh\u00edculo que circulaba sobre la V\u00eda Morelos, en el municipio de Ecatepec.<\/p>\n","protected":false},"author":1,"featured_media":6082,"comment_status":"open","ping_status":"open","sticky":false,"template":"","format":"standard","meta":{"footnotes":""},"categories":[3,6],"tags":[495,100,1116],"class_list":["post-6080","post","type-post","status-publish","format-standard","has-post-thumbnail","hentry","category-gobierno","category-seguridad","tag-c5","tag-ecatepec","tag-estado-de-mexico"],"yoast_head":"<!-- This site is optimized with the Yoast SEO plugin v27.5 - https:\/\/yoast.com\/product\/yoast-seo-wordpress\/ -->\n<title>ECATEPEC: CAE \u00c1RBOL SOBRE AUTO, DEJANDO UN MUERTO Y TRES HERIDOS - Expresso Metropolitano<\/title>\n<meta name=\"robots\" content=\"index, follow, max-snippet:-1, max-image-preview:large, max-video-preview:-1\" \/>\n<link rel=\"canonical\" href=\"https:\/\/expressometro.mx\/index.php\/2022\/07\/18\/ecatepec-cae-arbol-sobre-auto-dejando-un-muerto-y-tres-heridos\/\" \/>\n<meta property=\"og:locale\" content=\"es_MX\" \/>\n<meta property=\"og:type\" content=\"article\" \/>\n<meta property=\"og:title\" content=\"ECATEPEC: CAE \u00c1RBOL SOBRE AUTO, DEJANDO UN MUERTO Y TRES HERIDOS - Expresso Metropolitano\" \/>\n<meta property=\"og:description\" content=\"Debido a la fuerte lluvia e intenso viento que se registr\u00f3 este domingo en el Estado de M\u00e9xico, un \u00e1rbol de grandes dimensiones cay\u00f3 sobre un veh\u00edculo que circulaba sobre la V\u00eda Morelos, en el municipio de Ecatepec.\" \/>\n<meta property=\"og:url\" content=\"https:\/\/expressometro.mx\/index.php\/2022\/07\/18\/ecatepec-cae-arbol-sobre-auto-dejando-un-muerto-y-tres-heridos\/\" \/>\n<meta property=\"og:site_name\" content=\"Expresso Metropolitano\" \/>\n<meta property=\"article:published_time\" content=\"2022-07-18T16:38:14+00:00\" \/>\n<meta property=\"article:modified_time\" content=\"2022-07-18T16:38:15+00:00\" \/>\n<meta property=\"og:image\" content=\"http:\/\/expressometro.mx\/wp-content\/uploads\/2022\/07\/Ecatepec-cae-arbol-180722-1.jpg\" \/>\n\t<meta property=\"og:image:width\" content=\"1151\" \/>\n\t<meta property=\"og:image:height\" content=\"639\" \/>\n\t<meta property=\"og:image:type\" content=\"image\/jpeg\" \/>\n<meta name=\"author\" content=\"Expresso Metropolitano\" \/>\n<meta name=\"twitter:label1\" content=\"Escrito por\" \/>\n\t<meta name=\"twitter:data1\" content=\"Expresso Metropolitano\" \/>\n\t<meta name=\"twitter:label2\" content=\"Tiempo de lectura\" \/>\n\t<meta name=\"twitter:data2\" content=\"2 minutos\" \/>\n<script type=\"application\/ld+json\" class=\"yoast-schema-graph\">{\"@context\":\"https:\\\/\\\/schema.org\",\"@graph\":[{\"@type\":\"Article\",\"@id\":\"https:\\\/\\\/expressometro.mx\\\/index.php\\\/2022\\\/07\\\/18\\\/ecatepec-cae-arbol-sobre-auto-dejando-un-muerto-y-tres-heridos\\\/#article\",\"isPartOf\":{\"@id\":\"https:\\\/\\\/expressometro.mx\\\/index.php\\\/2022\\\/07\\\/18\\\/ecatepec-cae-arbol-sobre-auto-dejando-un-muerto-y-tres-heridos\\\/\"},\"author\":{\"name\":\"Expresso Metropolitano\",\"@id\":\"https:\\\/\\\/expressometro.mx\\\/#\\\/schema\\\/person\\\/efa971b4a0664db8ed5c22b1b0dd2f5d\"},\"headline\":\"ECATEPEC: CAE \u00c1RBOL SOBRE AUTO, DEJANDO UN MUERTO Y TRES HERIDOS\",\"datePublished\":\"2022-07-18T16:38:14+00:00\",\"dateModified\":\"2022-07-18T16:38:15+00:00\",\"mainEntityOfPage\":{\"@id\":\"https:\\\/\\\/expressometro.mx\\\/index.php\\\/2022\\\/07\\\/18\\\/ecatepec-cae-arbol-sobre-auto-dejando-un-muerto-y-tres-heridos\\\/\"},\"wordCount\":292,\"commentCount\":0,\"publisher\":{\"@id\":\"https:\\\/\\\/expressometro.mx\\\/#organization\"},\"image\":{\"@id\":\"https:\\\/\\\/expressometro.mx\\\/index.php\\\/2022\\\/07\\\/18\\\/ecatepec-cae-arbol-sobre-auto-dejando-un-muerto-y-tres-heridos\\\/#primaryimage\"},\"thumbnailUrl\":\"https:\\\/\\\/expressometro.mx\\\/wp-content\\\/uploads\\\/2022\\\/07\\\/Ecatepec-cae-arbol-180722-1.jpg\",\"keywords\":[\"C5\",\"Ecatepec\",\"Estado de M\u00e9xico\"],\"articleSection\":[\"Gobierno\",\"Seguridad\"],\"inLanguage\":\"es\",\"potentialAction\":[{\"@type\":\"CommentAction\",\"name\":\"Comment\",\"target\":[\"https:\\\/\\\/expressometro.mx\\\/index.php\\\/2022\\\/07\\\/18\\\/ecatepec-cae-arbol-sobre-auto-dejando-un-muerto-y-tres-heridos\\\/#respond\"]}]},{\"@type\":\"WebPage\",\"@id\":\"https:\\\/\\\/expressometro.mx\\\/index.php\\\/2022\\\/07\\\/18\\\/ecatepec-cae-arbol-sobre-auto-dejando-un-muerto-y-tres-heridos\\\/\",\"url\":\"https:\\\/\\\/expressometro.mx\\\/index.php\\\/2022\\\/07\\\/18\\\/ecatepec-cae-arbol-sobre-auto-dejando-un-muerto-y-tres-heridos\\\/\",\"name\":\"ECATEPEC: CAE \u00c1RBOL SOBRE AUTO, DEJANDO UN MUERTO Y TRES HERIDOS - Expresso Metropolitano\",\"isPartOf\":{\"@id\":\"https:\\\/\\\/expressometro.mx\\\/#website\"},\"primaryImageOfPage\":{\"@id\":\"https:\\\/\\\/expressometro.mx\\\/index.php\\\/2022\\\/07\\\/18\\\/ecatepec-cae-arbol-sobre-auto-dejando-un-muerto-y-tres-heridos\\\/#primaryimage\"},\"image\":{\"@id\":\"https:\\\/\\\/expressometro.mx\\\/index.php\\\/2022\\\/07\\\/18\\\/ecatepec-cae-arbol-sobre-auto-dejando-un-muerto-y-tres-heridos\\\/#primaryimage\"},\"thumbnailUrl\":\"https:\\\/\\\/expressometro.mx\\\/wp-content\\\/uploads\\\/2022\\\/07\\\/Ecatepec-cae-arbol-180722-1.jpg\",\"datePublished\":\"2022-07-18T16:38:14+00:00\",\"dateModified\":\"2022-07-18T16:38:15+00:00\",\"breadcrumb\":{\"@id\":\"https:\\\/\\\/expressometro.mx\\\/index.php\\\/2022\\\/07\\\/18\\\/ecatepec-cae-arbol-sobre-auto-dejando-un-muerto-y-tres-heridos\\\/#breadcrumb\"},\"inLanguage\":\"es\",\"potentialAction\":[{\"@type\":\"ReadAction\",\"target\":[\"https:\\\/\\\/expressometro.mx\\\/index.php\\\/2022\\\/07\\\/18\\\/ecatepec-cae-arbol-sobre-auto-dejando-un-muerto-y-tres-heridos\\\/\"]}]},{\"@type\":\"ImageObject\",\"inLanguage\":\"es\",\"@id\":\"https:\\\/\\\/expressometro.mx\\\/index.php\\\/2022\\\/07\\\/18\\\/ecatepec-cae-arbol-sobre-auto-dejando-un-muerto-y-tres-heridos\\\/#primaryimage\",\"url\":\"https:\\\/\\\/expressometro.mx\\\/wp-content\\\/uploads\\\/2022\\\/07\\\/Ecatepec-cae-arbol-180722-1.jpg\",\"contentUrl\":\"https:\\\/\\\/expressometro.mx\\\/wp-content\\\/uploads\\\/2022\\\/07\\\/Ecatepec-cae-arbol-180722-1.jpg\",\"width\":1151,\"height\":639},{\"@type\":\"BreadcrumbList\",\"@id\":\"https:\\\/\\\/expressometro.mx\\\/index.php\\\/2022\\\/07\\\/18\\\/ecatepec-cae-arbol-sobre-auto-dejando-un-muerto-y-tres-heridos\\\/#breadcrumb\",\"itemListElement\":[{\"@type\":\"ListItem\",\"position\":1,\"name\":\"Inicio\",\"item\":\"https:\\\/\\\/expressometro.mx\\\/\"},{\"@type\":\"ListItem\",\"position\":2,\"name\":\"ECATEPEC: CAE \u00c1RBOL SOBRE AUTO, DEJANDO UN MUERTO Y TRES HERIDOS\"}]},{\"@type\":\"WebSite\",\"@id\":\"https:\\\/\\\/expressometro.mx\\\/#website\",\"url\":\"https:\\\/\\\/expressometro.mx\\\/\",\"name\":\"Expresso Metropolitano\",\"description\":\"Periodismo comprometido, informaci\u00f3n, investigaci\u00f3n y an\u00e1lisis\",\"publisher\":{\"@id\":\"https:\\\/\\\/expressometro.mx\\\/#organization\"},\"potentialAction\":[{\"@type\":\"SearchAction\",\"target\":{\"@type\":\"EntryPoint\",\"urlTemplate\":\"https:\\\/\\\/expressometro.mx\\\/?s={search_term_string}\"},\"query-input\":{\"@type\":\"PropertyValueSpecification\",\"valueRequired\":true,\"valueName\":\"search_term_string\"}}],\"inLanguage\":\"es\"},{\"@type\":\"Organization\",\"@id\":\"https:\\\/\\\/expressometro.mx\\\/#organization\",\"name\":\"Expresso Metropolitano\",\"url\":\"https:\\\/\\\/expressometro.mx\\\/\",\"logo\":{\"@type\":\"ImageObject\",\"inLanguage\":\"es\",\"@id\":\"https:\\\/\\\/expressometro.mx\\\/#\\\/schema\\\/logo\\\/image\\\/\",\"url\":\"https:\\\/\\\/expressometro.mx\\\/wp-content\\\/uploads\\\/2019\\\/07\\\/cropped-Logo-Expresso-Metropolitano-1-1.jpeg\",\"contentUrl\":\"https:\\\/\\\/expressometro.mx\\\/wp-content\\\/uploads\\\/2019\\\/07\\\/cropped-Logo-Expresso-Metropolitano-1-1.jpeg\",\"width\":290,\"height\":73,\"caption\":\"Expresso Metropolitano\"},\"image\":{\"@id\":\"https:\\\/\\\/expressometro.mx\\\/#\\\/schema\\\/logo\\\/image\\\/\"}},{\"@type\":\"Person\",\"@id\":\"https:\\\/\\\/expressometro.mx\\\/#\\\/schema\\\/person\\\/efa971b4a0664db8ed5c22b1b0dd2f5d\",\"name\":\"Expresso Metropolitano\",\"image\":{\"@type\":\"ImageObject\",\"inLanguage\":\"es\",\"@id\":\"https:\\\/\\\/secure.gravatar.com\\\/avatar\\\/a89f802b8de18c6952f223c88d3d106e9e3679839f4e25a02f4a6cc2ae6ba3b3?s=96&d=mm&r=g\",\"url\":\"https:\\\/\\\/secure.gravatar.com\\\/avatar\\\/a89f802b8de18c6952f223c88d3d106e9e3679839f4e25a02f4a6cc2ae6ba3b3?s=96&d=mm&r=g\",\"contentUrl\":\"https:\\\/\\\/secure.gravatar.com\\\/avatar\\\/a89f802b8de18c6952f223c88d3d106e9e3679839f4e25a02f4a6cc2ae6ba3b3?s=96&d=mm&r=g\",\"caption\":\"Expresso Metropolitano\"},\"url\":\"https:\\\/\\\/expressometro.mx\\\/index.php\\\/author\\\/diego\\\/\"}]}<\/script>\n<!-- \/ Yoast SEO plugin. -->","yoast_head_json":{"title":"ECATEPEC: CAE \u00c1RBOL SOBRE AUTO, DEJANDO UN MUERTO Y TRES HERIDOS - Expresso Metropolitano","robots":{"index":"index","follow":"follow","max-snippet":"max-snippet:-1","max-image-preview":"max-image-preview:large","max-video-preview":"max-video-preview:-1"},"canonical":"https:\/\/expressometro.mx\/index.php\/2022\/07\/18\/ecatepec-cae-arbol-sobre-auto-dejando-un-muerto-y-tres-heridos\/","og_locale":"es_MX","og_type":"article","og_title":"ECATEPEC: CAE \u00c1RBOL SOBRE AUTO, DEJANDO UN MUERTO Y TRES HERIDOS - Expresso Metropolitano","og_description":"Debido a la fuerte lluvia e intenso viento que se registr\u00f3 este domingo en el Estado de M\u00e9xico, un \u00e1rbol de grandes dimensiones cay\u00f3 sobre un veh\u00edculo que circulaba sobre la V\u00eda Morelos, en el municipio de Ecatepec.","og_url":"https:\/\/expressometro.mx\/index.php\/2022\/07\/18\/ecatepec-cae-arbol-sobre-auto-dejando-un-muerto-y-tres-heridos\/","og_site_name":"Expresso Metropolitano","article_published_time":"2022-07-18T16:38:14+00:00","article_modified_time":"2022-07-18T16:38:15+00:00","og_image":[{"width":1151,"height":639,"url":"http:\/\/expressometro.mx\/wp-content\/uploads\/2022\/07\/Ecatepec-cae-arbol-180722-1.jpg","type":"image\/jpeg"}],"author":"Expresso Metropolitano","twitter_misc":{"Escrito por":"Expresso Metropolitano","Tiempo de lectura":"2 minutos"},"schema":{"@context":"https:\/\/schema.org","@graph":[{"@type":"Article","@id":"https:\/\/expressometro.mx\/index.php\/2022\/07\/18\/ecatepec-cae-arbol-sobre-auto-dejando-un-muerto-y-tres-heridos\/#article","isPartOf":{"@id":"https:\/\/expressometro.mx\/index.php\/2022\/07\/18\/ecatepec-cae-arbol-sobre-auto-dejando-un-muerto-y-tres-heridos\/"},"author":{"name":"Expresso Metropolitano","@id":"https:\/\/expressometro.mx\/#\/schema\/person\/efa971b4a0664db8ed5c22b1b0dd2f5d"},"headline":"ECATEPEC: CAE \u00c1RBOL SOBRE AUTO, DEJANDO UN MUERTO Y TRES HERIDOS","datePublished":"2022-07-18T16:38:14+00:00","dateModified":"2022-07-18T16:38:15+00:00","mainEntityOfPage":{"@id":"https:\/\/expressometro.mx\/index.php\/2022\/07\/18\/ecatepec-cae-arbol-sobre-auto-dejando-un-muerto-y-tres-heridos\/"},"wordCount":292,"commentCount":0,"publisher":{"@id":"https:\/\/expressometro.mx\/#organization"},"image":{"@id":"https:\/\/expressometro.mx\/index.php\/2022\/07\/18\/ecatepec-cae-arbol-sobre-auto-dejando-un-muerto-y-tres-heridos\/#primaryimage"},"thumbnailUrl":"https:\/\/expressometro.mx\/wp-content\/uploads\/2022\/07\/Ecatepec-cae-arbol-180722-1.jpg","keywords":["C5","Ecatepec","Estado de M\u00e9xico"],"articleSection":["Gobierno","Seguridad"],"inLanguage":"es","potentialAction":[{"@type":"CommentAction","name":"Comment","target":["https:\/\/expressometro.mx\/index.php\/2022\/07\/18\/ecatepec-cae-arbol-sobre-auto-dejando-un-muerto-y-tres-heridos\/#respond"]}]},{"@type":"WebPage","@id":"https:\/\/expressometro.mx\/index.php\/2022\/07\/18\/ecatepec-cae-arbol-sobre-auto-dejando-un-muerto-y-tres-heridos\/","url":"https:\/\/expressometro.mx\/index.php\/2022\/07\/18\/ecatepec-cae-arbol-sobre-auto-dejando-un-muerto-y-tres-heridos\/","name":"ECATEPEC: CAE \u00c1RBOL SOBRE AUTO, DEJANDO UN MUERTO Y TRES HERIDOS - Expresso Metropolitano","isPartOf":{"@id":"https:\/\/expressometro.mx\/#website"},"primaryImageOfPage":{"@id":"https:\/\/expressometro.mx\/index.php\/2022\/07\/18\/ecatepec-cae-arbol-sobre-auto-dejando-un-muerto-y-tres-heridos\/#primaryimage"},"image":{"@id":"https:\/\/expressometro.mx\/index.php\/2022\/07\/18\/ecatepec-cae-arbol-sobre-auto-dejando-un-muerto-y-tres-heridos\/#primaryimage"},"thumbnailUrl":"https:\/\/expressometro.mx\/wp-content\/uploads\/2022\/07\/Ecatepec-cae-arbol-180722-1.jpg","datePublished":"2022-07-18T16:38:14+00:00","dateModified":"2022-07-18T16:38:15+00:00","breadcrumb":{"@id":"https:\/\/expressometro.mx\/index.php\/2022\/07\/18\/ecatepec-cae-arbol-sobre-auto-dejando-un-muerto-y-tres-heridos\/#breadcrumb"},"inLanguage":"es","potentialAction":[{"@type":"ReadAction","target":["https:\/\/expressometro.mx\/index.php\/2022\/07\/18\/ecatepec-cae-arbol-sobre-auto-dejando-un-muerto-y-tres-heridos\/"]}]},{"@type":"ImageObject","inLanguage":"es","@id":"https:\/\/expressometro.mx\/index.php\/2022\/07\/18\/ecatepec-cae-arbol-sobre-auto-dejando-un-muerto-y-tres-heridos\/#primaryimage","url":"https:\/\/expressometro.mx\/wp-content\/uploads\/2022\/07\/Ecatepec-cae-arbol-180722-1.jpg","contentUrl":"https:\/\/expressometro.mx\/wp-content\/uploads\/2022\/07\/Ecatepec-cae-arbol-180722-1.jpg","width":1151,"height":639},{"@type":"BreadcrumbList","@id":"https:\/\/expressometro.mx\/index.php\/2022\/07\/18\/ecatepec-cae-arbol-sobre-auto-dejando-un-muerto-y-tres-heridos\/#breadcrumb","itemListElement":[{"@type":"ListItem","position":1,"name":"Inicio","item":"https:\/\/expressometro.mx\/"},{"@type":"ListItem","position":2,"name":"ECATEPEC: CAE \u00c1RBOL SOBRE AUTO, DEJANDO UN MUERTO Y TRES HERIDOS"}]},{"@type":"WebSite","@id":"https:\/\/expressometro.mx\/#website","url":"https:\/\/expressometro.mx\/","name":"Expresso Metropolitano","description":"Periodismo comprometido, informaci\u00f3n, investigaci\u00f3n y an\u00e1lisis","publisher":{"@id":"https:\/\/expressometro.mx\/#organization"},"potentialAction":[{"@type":"SearchAction","target":{"@type":"EntryPoint","urlTemplate":"https:\/\/expressometro.mx\/?s={search_term_string}"},"query-input":{"@type":"PropertyValueSpecification","valueRequired":true,"valueName":"search_term_string"}}],"inLanguage":"es"},{"@type":"Organization","@id":"https:\/\/expressometro.mx\/#organization","name":"Expresso Metropolitano","url":"https:\/\/expressometro.mx\/","logo":{"@type":"ImageObject","inLanguage":"es","@id":"https:\/\/expressometro.mx\/#\/schema\/logo\/image\/","url":"https:\/\/expressometro.mx\/wp-content\/uploads\/2019\/07\/cropped-Logo-Expresso-Metropolitano-1-1.jpeg","contentUrl":"https:\/\/expressometro.mx\/wp-content\/uploads\/2019\/07\/cropped-Logo-Expresso-Metropolitano-1-1.jpeg","width":290,"height":73,"caption":"Expresso Metropolitano"},"image":{"@id":"https:\/\/expressometro.mx\/#\/schema\/logo\/image\/"}},{"@type":"Person","@id":"https:\/\/expressometro.mx\/#\/schema\/person\/efa971b4a0664db8ed5c22b1b0dd2f5d","name":"Expresso Metropolitano","image":{"@type":"ImageObject","inLanguage":"es","@id":"https:\/\/secure.gravatar.com\/avatar\/a89f802b8de18c6952f223c88d3d106e9e3679839f4e25a02f4a6cc2ae6ba3b3?s=96&d=mm&r=g","url":"https:\/\/secure.gravatar.com\/avatar\/a89f802b8de18c6952f223c88d3d106e9e3679839f4e25a02f4a6cc2ae6ba3b3?s=96&d=mm&r=g","contentUrl":"https:\/\/secure.gravatar.com\/avatar\/a89f802b8de18c6952f223c88d3d106e9e3679839f4e25a02f4a6cc2ae6ba3b3?s=96&d=mm&r=g","caption":"Expresso Metropolitano"},"url":"https:\/\/expressometro.mx\/index.php\/author\/diego\/"}]}},"amp_enabled":true,"_links":{"self":[{"href":"https:\/\/expressometro.mx\/index.php\/wp-json\/wp\/v2\/posts\/6080","targetHints":{"allow":["GET"]}}],"collection":[{"href":"https:\/\/expressometro.mx\/index.php\/wp-json\/wp\/v2\/posts"}],"about":[{"href":"https:\/\/expressometro.mx\/index.php\/wp-json\/wp\/v2\/types\/post"}],"author":[{"embeddable":true,"href":"https:\/\/expressometro.mx\/index.php\/wp-json\/wp\/v2\/users\/1"}],"replies":[{"embeddable":true,"href":"https:\/\/expressometro.mx\/index.php\/wp-json\/wp\/v2\/comments?post=6080"}],"version-history":[{"count":1,"href":"https:\/\/expressometro.mx\/index.php\/wp-json\/wp\/v2\/posts\/6080\/revisions"}],"predecessor-version":[{"id":6083,"href":"https:\/\/expressometro.mx\/index.php\/wp-json\/wp\/v2\/posts\/6080\/revisions\/6083"}],"wp:featuredmedia":[{"embeddable":true,"href":"https:\/\/expressometro.mx\/index.php\/wp-json\/wp\/v2\/media\/6082"}],"wp:attachment":[{"href":"https:\/\/expressometro.mx\/index.php\/wp-json\/wp\/v2\/media?parent=6080"}],"wp:term":[{"taxonomy":"category","embeddable":true,"href":"https:\/\/expressometro.mx\/index.php\/wp-json\/wp\/v2\/categories?post=6080"},{"taxonomy":"post_tag","embeddable":true,"href":"https:\/\/expressometro.mx\/index.php\/wp-json\/wp\/v2\/tags?post=6080"}],"curies":[{"name":"wp","href":"https:\/\/api.w.org\/{rel}","templated":true}]}}