{"id":6062,"date":"2022-07-18T08:23:04","date_gmt":"2022-07-18T13:23:04","guid":{"rendered":"https:\/\/expressometro.mx\/?p=6062"},"modified":"2022-07-18T08:23:05","modified_gmt":"2022-07-18T13:23:05","slug":"cayo-caro-quintero-uno-de-los-mas-buscados-por-los-gobiernos-de-mexico-y-estados-unidos","status":"publish","type":"post","link":"https:\/\/expressometro.mx\/index.php\/2022\/07\/18\/cayo-caro-quintero-uno-de-los-mas-buscados-por-los-gobiernos-de-mexico-y-estados-unidos\/","title":{"rendered":"CAY\u00d3 CARO QUINTERO, UNO DE LOS M\u00c1S BUSCADOS POR LOS GOBIERNOS DE M\u00c9XICO Y ESTADOS UNIDOS"},"content":{"rendered":"\n<p><\/p>\n\n\n\n<p>La Secretar\u00eda de Marina a trav\u00e9s de la Armada de M\u00e9xico informa que en un operativo realizado por la Fiscal\u00eda General de la Rep\u00fablica (FGR) en coordinaci\u00f3n con personal naval, se logr\u00f3 la detenci\u00f3n de un presunto transgresor de la ley, en el estado de Sinaloa, se\u00f1alado como un objetivo prioritario para el Gobierno de M\u00e9xico y de los Estados Unidos de Am\u00e9rica.<\/p>\n\n\n\n<p>Esta acci\u00f3n deriv\u00f3 de trabajos de campo y gabinete, realizados desde su liberaci\u00f3n en 2013, lo que permiti\u00f3 la ubicaci\u00f3n de citada persona en el municipio de San Sim\u00f3n (Choix), Sinaloa, quien era buscada por las autoridades de seguridad del gobierno mexicano, contando con dos \u00f3rdenes de aprehensi\u00f3n en su contra, as\u00ed como con una orden de extradici\u00f3n a Estados Unidos.<\/p>\n\n\n\n<p>En este contexto, se informa que citado objetivo fue localizado entre matorrales por un elemento canino de esta Instituci\u00f3n, de nombre \u201cMax\u201d, cuyo adiestramiento de b\u00fasqueda y rescate permiti\u00f3 su ubicaci\u00f3n, habiendo sido puesto a disposici\u00f3n de la FGR para la integraci\u00f3n de la carpeta de investigaci\u00f3n correspondiente.<\/p>\n\n\n\n<p>Cabe destacar que la Agencia Antidrogas de los Estados Unidos (DEA por sus siglas en ingl\u00e9s), reconoce a citado presunto narcotraficante como l\u00edder de un grupo delictivo en este pa\u00eds.<\/p>\n\n\n\n<p>Asimismo, se informa que hoy durante las actividades operativas que realiza esta Instituci\u00f3n, una aeronave de la Armada de M\u00e9xico se accident\u00f3 en Los Mochis, Sinaloa. Con base en la informaci\u00f3n con la que se cuenta al momento, un helic\u00f3ptero Black Hawk sufri\u00f3 un accidente, desconociendo al momento las causas del mismo. En mencionado helic\u00f3ptero se transportaban 15 personas, de las cuales, lamentablemente 14 perdieron la vida y una se encuentra recibiendo atenci\u00f3n m\u00e9dica.<\/p>\n\n\n\n<p>De igual manera, se llevar\u00e1n a cabo las investigaciones correspondientes para determinar las causas que pudieron provocar el accidente de dicha aeronave.<\/p>\n\n\n\n<p>La Secretar\u00eda de Marina-Armada de M\u00e9xico lamenta el deceso de quienes perdieron la vida en este accidente; personal naval, que en vida dio muestra de servicio y entrega a la naci\u00f3n. Asimismo, derivado de las versiones que se manejan en diversos medios de comunicaci\u00f3n, es importante aclarar que hasta este momento no se cuenta con informaci\u00f3n de que el accidente a\u00e9reo est\u00e9 relacionado con la detenci\u00f3n del presunto narcotraficante.<\/p>\n","protected":false},"excerpt":{"rendered":"<p>La Secretar\u00eda de Marina a trav\u00e9s de la Armada de M\u00e9xico informa que en un operativo realizado por la Fiscal\u00eda General de la Rep\u00fablica (FGR) en coordinaci\u00f3n con personal naval, se logr\u00f3 la detenci\u00f3n de un presunto transgresor de la ley, en el estado de Sinaloa, se\u00f1alado como un objetivo prioritario para el Gobierno de M\u00e9xico y de los Estados Unidos de Am\u00e9rica.<\/p>\n","protected":false},"author":1,"featured_media":6064,"comment_status":"open","ping_status":"open","sticky":false,"template":"","format":"standard","meta":{"footnotes":""},"categories":[3,231,6],"tags":[1804,1806,1805,1807],"class_list":["post-6062","post","type-post","status-publish","format-standard","has-post-thumbnail","hentry","category-gobierno","category-politica","category-seguridad","tag-caro-quintero","tag-fiscalia-general-de-la-republica","tag-secretaria-de-marina","tag-sinaloa"],"yoast_head":"<!-- This site is optimized with the Yoast SEO plugin v27.5 - https:\/\/yoast.com\/product\/yoast-seo-wordpress\/ -->\n<title>CAY\u00d3 CARO QUINTERO, UNO DE LOS M\u00c1S BUSCADOS POR LOS GOBIERNOS DE M\u00c9XICO Y ESTADOS UNIDOS - Expresso Metropolitano<\/title>\n<meta name=\"robots\" content=\"index, follow, max-snippet:-1, max-image-preview:large, max-video-preview:-1\" \/>\n<link rel=\"canonical\" href=\"https:\/\/expressometro.mx\/index.php\/2022\/07\/18\/cayo-caro-quintero-uno-de-los-mas-buscados-por-los-gobiernos-de-mexico-y-estados-unidos\/\" \/>\n<meta property=\"og:locale\" content=\"es_MX\" \/>\n<meta property=\"og:type\" content=\"article\" \/>\n<meta property=\"og:title\" content=\"CAY\u00d3 CARO QUINTERO, UNO DE LOS M\u00c1S BUSCADOS POR LOS GOBIERNOS DE M\u00c9XICO Y ESTADOS UNIDOS - Expresso Metropolitano\" \/>\n<meta property=\"og:description\" content=\"La Secretar\u00eda de Marina a trav\u00e9s de la Armada de M\u00e9xico informa que en un operativo realizado por la Fiscal\u00eda General de la Rep\u00fablica (FGR) en coordinaci\u00f3n con personal naval, se logr\u00f3 la detenci\u00f3n de un presunto transgresor de la ley, en el estado de Sinaloa, se\u00f1alado como un objetivo prioritario para el Gobierno de M\u00e9xico y de los Estados Unidos de Am\u00e9rica.\" \/>\n<meta property=\"og:url\" content=\"https:\/\/expressometro.mx\/index.php\/2022\/07\/18\/cayo-caro-quintero-uno-de-los-mas-buscados-por-los-gobiernos-de-mexico-y-estados-unidos\/\" \/>\n<meta property=\"og:site_name\" content=\"Expresso Metropolitano\" \/>\n<meta property=\"article:published_time\" content=\"2022-07-18T13:23:04+00:00\" \/>\n<meta property=\"article:modified_time\" content=\"2022-07-18T13:23:05+00:00\" \/>\n<meta property=\"og:image\" content=\"http:\/\/expressometro.mx\/wp-content\/uploads\/2022\/07\/Caro-Quintero-170722.jpg\" \/>\n\t<meta property=\"og:image:width\" content=\"1175\" \/>\n\t<meta property=\"og:image:height\" content=\"1556\" \/>\n\t<meta property=\"og:image:type\" content=\"image\/jpeg\" \/>\n<meta name=\"author\" content=\"Expresso Metropolitano\" \/>\n<meta name=\"twitter:label1\" content=\"Escrito por\" \/>\n\t<meta name=\"twitter:data1\" content=\"Expresso Metropolitano\" \/>\n\t<meta name=\"twitter:label2\" content=\"Tiempo de lectura\" \/>\n\t<meta name=\"twitter:data2\" content=\"2 minutos\" \/>\n<script type=\"application\/ld+json\" class=\"yoast-schema-graph\">{\"@context\":\"https:\\\/\\\/schema.org\",\"@graph\":[{\"@type\":\"Article\",\"@id\":\"https:\\\/\\\/expressometro.mx\\\/index.php\\\/2022\\\/07\\\/18\\\/cayo-caro-quintero-uno-de-los-mas-buscados-por-los-gobiernos-de-mexico-y-estados-unidos\\\/#article\",\"isPartOf\":{\"@id\":\"https:\\\/\\\/expressometro.mx\\\/index.php\\\/2022\\\/07\\\/18\\\/cayo-caro-quintero-uno-de-los-mas-buscados-por-los-gobiernos-de-mexico-y-estados-unidos\\\/\"},\"author\":{\"name\":\"Expresso Metropolitano\",\"@id\":\"https:\\\/\\\/expressometro.mx\\\/#\\\/schema\\\/person\\\/efa971b4a0664db8ed5c22b1b0dd2f5d\"},\"headline\":\"CAY\u00d3 CARO QUINTERO, UNO DE LOS M\u00c1S BUSCADOS POR LOS GOBIERNOS DE M\u00c9XICO Y ESTADOS UNIDOS\",\"datePublished\":\"2022-07-18T13:23:04+00:00\",\"dateModified\":\"2022-07-18T13:23:05+00:00\",\"mainEntityOfPage\":{\"@id\":\"https:\\\/\\\/expressometro.mx\\\/index.php\\\/2022\\\/07\\\/18\\\/cayo-caro-quintero-uno-de-los-mas-buscados-por-los-gobiernos-de-mexico-y-estados-unidos\\\/\"},\"wordCount\":422,\"commentCount\":0,\"publisher\":{\"@id\":\"https:\\\/\\\/expressometro.mx\\\/#organization\"},\"image\":{\"@id\":\"https:\\\/\\\/expressometro.mx\\\/index.php\\\/2022\\\/07\\\/18\\\/cayo-caro-quintero-uno-de-los-mas-buscados-por-los-gobiernos-de-mexico-y-estados-unidos\\\/#primaryimage\"},\"thumbnailUrl\":\"https:\\\/\\\/expressometro.mx\\\/wp-content\\\/uploads\\\/2022\\\/07\\\/Caro-Quintero-170722.jpg\",\"keywords\":[\"Caro Quintero\",\"Fiscal\u00eda General de la Rep\u00fablica\",\"Secretar\u00eda de Marina\",\"Sinaloa\"],\"articleSection\":[\"Gobierno\",\"Pol\u00edtica\",\"Seguridad\"],\"inLanguage\":\"es\",\"potentialAction\":[{\"@type\":\"CommentAction\",\"name\":\"Comment\",\"target\":[\"https:\\\/\\\/expressometro.mx\\\/index.php\\\/2022\\\/07\\\/18\\\/cayo-caro-quintero-uno-de-los-mas-buscados-por-los-gobiernos-de-mexico-y-estados-unidos\\\/#respond\"]}]},{\"@type\":\"WebPage\",\"@id\":\"https:\\\/\\\/expressometro.mx\\\/index.php\\\/2022\\\/07\\\/18\\\/cayo-caro-quintero-uno-de-los-mas-buscados-por-los-gobiernos-de-mexico-y-estados-unidos\\\/\",\"url\":\"https:\\\/\\\/expressometro.mx\\\/index.php\\\/2022\\\/07\\\/18\\\/cayo-caro-quintero-uno-de-los-mas-buscados-por-los-gobiernos-de-mexico-y-estados-unidos\\\/\",\"name\":\"CAY\u00d3 CARO QUINTERO, UNO DE LOS M\u00c1S BUSCADOS POR LOS GOBIERNOS DE M\u00c9XICO Y ESTADOS UNIDOS - Expresso Metropolitano\",\"isPartOf\":{\"@id\":\"https:\\\/\\\/expressometro.mx\\\/#website\"},\"primaryImageOfPage\":{\"@id\":\"https:\\\/\\\/expressometro.mx\\\/index.php\\\/2022\\\/07\\\/18\\\/cayo-caro-quintero-uno-de-los-mas-buscados-por-los-gobiernos-de-mexico-y-estados-unidos\\\/#primaryimage\"},\"image\":{\"@id\":\"https:\\\/\\\/expressometro.mx\\\/index.php\\\/2022\\\/07\\\/18\\\/cayo-caro-quintero-uno-de-los-mas-buscados-por-los-gobiernos-de-mexico-y-estados-unidos\\\/#primaryimage\"},\"thumbnailUrl\":\"https:\\\/\\\/expressometro.mx\\\/wp-content\\\/uploads\\\/2022\\\/07\\\/Caro-Quintero-170722.jpg\",\"datePublished\":\"2022-07-18T13:23:04+00:00\",\"dateModified\":\"2022-07-18T13:23:05+00:00\",\"breadcrumb\":{\"@id\":\"https:\\\/\\\/expressometro.mx\\\/index.php\\\/2022\\\/07\\\/18\\\/cayo-caro-quintero-uno-de-los-mas-buscados-por-los-gobiernos-de-mexico-y-estados-unidos\\\/#breadcrumb\"},\"inLanguage\":\"es\",\"potentialAction\":[{\"@type\":\"ReadAction\",\"target\":[\"https:\\\/\\\/expressometro.mx\\\/index.php\\\/2022\\\/07\\\/18\\\/cayo-caro-quintero-uno-de-los-mas-buscados-por-los-gobiernos-de-mexico-y-estados-unidos\\\/\"]}]},{\"@type\":\"ImageObject\",\"inLanguage\":\"es\",\"@id\":\"https:\\\/\\\/expressometro.mx\\\/index.php\\\/2022\\\/07\\\/18\\\/cayo-caro-quintero-uno-de-los-mas-buscados-por-los-gobiernos-de-mexico-y-estados-unidos\\\/#primaryimage\",\"url\":\"https:\\\/\\\/expressometro.mx\\\/wp-content\\\/uploads\\\/2022\\\/07\\\/Caro-Quintero-170722.jpg\",\"contentUrl\":\"https:\\\/\\\/expressometro.mx\\\/wp-content\\\/uploads\\\/2022\\\/07\\\/Caro-Quintero-170722.jpg\",\"width\":1175,\"height\":1556},{\"@type\":\"BreadcrumbList\",\"@id\":\"https:\\\/\\\/expressometro.mx\\\/index.php\\\/2022\\\/07\\\/18\\\/cayo-caro-quintero-uno-de-los-mas-buscados-por-los-gobiernos-de-mexico-y-estados-unidos\\\/#breadcrumb\",\"itemListElement\":[{\"@type\":\"ListItem\",\"position\":1,\"name\":\"Inicio\",\"item\":\"https:\\\/\\\/expressometro.mx\\\/\"},{\"@type\":\"ListItem\",\"position\":2,\"name\":\"CAY\u00d3 CARO QUINTERO, UNO DE LOS M\u00c1S BUSCADOS POR LOS GOBIERNOS DE M\u00c9XICO Y ESTADOS UNIDOS\"}]},{\"@type\":\"WebSite\",\"@id\":\"https:\\\/\\\/expressometro.mx\\\/#website\",\"url\":\"https:\\\/\\\/expressometro.mx\\\/\",\"name\":\"Expresso Metropolitano\",\"description\":\"Periodismo comprometido, informaci\u00f3n, investigaci\u00f3n y an\u00e1lisis\",\"publisher\":{\"@id\":\"https:\\\/\\\/expressometro.mx\\\/#organization\"},\"potentialAction\":[{\"@type\":\"SearchAction\",\"target\":{\"@type\":\"EntryPoint\",\"urlTemplate\":\"https:\\\/\\\/expressometro.mx\\\/?s={search_term_string}\"},\"query-input\":{\"@type\":\"PropertyValueSpecification\",\"valueRequired\":true,\"valueName\":\"search_term_string\"}}],\"inLanguage\":\"es\"},{\"@type\":\"Organization\",\"@id\":\"https:\\\/\\\/expressometro.mx\\\/#organization\",\"name\":\"Expresso Metropolitano\",\"url\":\"https:\\\/\\\/expressometro.mx\\\/\",\"logo\":{\"@type\":\"ImageObject\",\"inLanguage\":\"es\",\"@id\":\"https:\\\/\\\/expressometro.mx\\\/#\\\/schema\\\/logo\\\/image\\\/\",\"url\":\"https:\\\/\\\/expressometro.mx\\\/wp-content\\\/uploads\\\/2019\\\/07\\\/cropped-Logo-Expresso-Metropolitano-1-1.jpeg\",\"contentUrl\":\"https:\\\/\\\/expressometro.mx\\\/wp-content\\\/uploads\\\/2019\\\/07\\\/cropped-Logo-Expresso-Metropolitano-1-1.jpeg\",\"width\":290,\"height\":73,\"caption\":\"Expresso Metropolitano\"},\"image\":{\"@id\":\"https:\\\/\\\/expressometro.mx\\\/#\\\/schema\\\/logo\\\/image\\\/\"}},{\"@type\":\"Person\",\"@id\":\"https:\\\/\\\/expressometro.mx\\\/#\\\/schema\\\/person\\\/efa971b4a0664db8ed5c22b1b0dd2f5d\",\"name\":\"Expresso Metropolitano\",\"image\":{\"@type\":\"ImageObject\",\"inLanguage\":\"es\",\"@id\":\"https:\\\/\\\/secure.gravatar.com\\\/avatar\\\/a89f802b8de18c6952f223c88d3d106e9e3679839f4e25a02f4a6cc2ae6ba3b3?s=96&d=mm&r=g\",\"url\":\"https:\\\/\\\/secure.gravatar.com\\\/avatar\\\/a89f802b8de18c6952f223c88d3d106e9e3679839f4e25a02f4a6cc2ae6ba3b3?s=96&d=mm&r=g\",\"contentUrl\":\"https:\\\/\\\/secure.gravatar.com\\\/avatar\\\/a89f802b8de18c6952f223c88d3d106e9e3679839f4e25a02f4a6cc2ae6ba3b3?s=96&d=mm&r=g\",\"caption\":\"Expresso Metropolitano\"},\"url\":\"https:\\\/\\\/expressometro.mx\\\/index.php\\\/author\\\/diego\\\/\"}]}<\/script>\n<!-- \/ Yoast SEO plugin. -->","yoast_head_json":{"title":"CAY\u00d3 CARO QUINTERO, UNO DE LOS M\u00c1S BUSCADOS POR LOS GOBIERNOS DE M\u00c9XICO Y ESTADOS UNIDOS - Expresso Metropolitano","robots":{"index":"index","follow":"follow","max-snippet":"max-snippet:-1","max-image-preview":"max-image-preview:large","max-video-preview":"max-video-preview:-1"},"canonical":"https:\/\/expressometro.mx\/index.php\/2022\/07\/18\/cayo-caro-quintero-uno-de-los-mas-buscados-por-los-gobiernos-de-mexico-y-estados-unidos\/","og_locale":"es_MX","og_type":"article","og_title":"CAY\u00d3 CARO QUINTERO, UNO DE LOS M\u00c1S BUSCADOS POR LOS GOBIERNOS DE M\u00c9XICO Y ESTADOS UNIDOS - Expresso Metropolitano","og_description":"La Secretar\u00eda de Marina a trav\u00e9s de la Armada de M\u00e9xico informa que en un operativo realizado por la Fiscal\u00eda General de la Rep\u00fablica (FGR) en coordinaci\u00f3n con personal naval, se logr\u00f3 la detenci\u00f3n de un presunto transgresor de la ley, en el estado de Sinaloa, se\u00f1alado como un objetivo prioritario para el Gobierno de M\u00e9xico y de los Estados Unidos de Am\u00e9rica.","og_url":"https:\/\/expressometro.mx\/index.php\/2022\/07\/18\/cayo-caro-quintero-uno-de-los-mas-buscados-por-los-gobiernos-de-mexico-y-estados-unidos\/","og_site_name":"Expresso Metropolitano","article_published_time":"2022-07-18T13:23:04+00:00","article_modified_time":"2022-07-18T13:23:05+00:00","og_image":[{"width":1175,"height":1556,"url":"http:\/\/expressometro.mx\/wp-content\/uploads\/2022\/07\/Caro-Quintero-170722.jpg","type":"image\/jpeg"}],"author":"Expresso Metropolitano","twitter_misc":{"Escrito por":"Expresso Metropolitano","Tiempo de lectura":"2 minutos"},"schema":{"@context":"https:\/\/schema.org","@graph":[{"@type":"Article","@id":"https:\/\/expressometro.mx\/index.php\/2022\/07\/18\/cayo-caro-quintero-uno-de-los-mas-buscados-por-los-gobiernos-de-mexico-y-estados-unidos\/#article","isPartOf":{"@id":"https:\/\/expressometro.mx\/index.php\/2022\/07\/18\/cayo-caro-quintero-uno-de-los-mas-buscados-por-los-gobiernos-de-mexico-y-estados-unidos\/"},"author":{"name":"Expresso Metropolitano","@id":"https:\/\/expressometro.mx\/#\/schema\/person\/efa971b4a0664db8ed5c22b1b0dd2f5d"},"headline":"CAY\u00d3 CARO QUINTERO, UNO DE LOS M\u00c1S BUSCADOS POR LOS GOBIERNOS DE M\u00c9XICO Y ESTADOS UNIDOS","datePublished":"2022-07-18T13:23:04+00:00","dateModified":"2022-07-18T13:23:05+00:00","mainEntityOfPage":{"@id":"https:\/\/expressometro.mx\/index.php\/2022\/07\/18\/cayo-caro-quintero-uno-de-los-mas-buscados-por-los-gobiernos-de-mexico-y-estados-unidos\/"},"wordCount":422,"commentCount":0,"publisher":{"@id":"https:\/\/expressometro.mx\/#organization"},"image":{"@id":"https:\/\/expressometro.mx\/index.php\/2022\/07\/18\/cayo-caro-quintero-uno-de-los-mas-buscados-por-los-gobiernos-de-mexico-y-estados-unidos\/#primaryimage"},"thumbnailUrl":"https:\/\/expressometro.mx\/wp-content\/uploads\/2022\/07\/Caro-Quintero-170722.jpg","keywords":["Caro Quintero","Fiscal\u00eda General de la Rep\u00fablica","Secretar\u00eda de Marina","Sinaloa"],"articleSection":["Gobierno","Pol\u00edtica","Seguridad"],"inLanguage":"es","potentialAction":[{"@type":"CommentAction","name":"Comment","target":["https:\/\/expressometro.mx\/index.php\/2022\/07\/18\/cayo-caro-quintero-uno-de-los-mas-buscados-por-los-gobiernos-de-mexico-y-estados-unidos\/#respond"]}]},{"@type":"WebPage","@id":"https:\/\/expressometro.mx\/index.php\/2022\/07\/18\/cayo-caro-quintero-uno-de-los-mas-buscados-por-los-gobiernos-de-mexico-y-estados-unidos\/","url":"https:\/\/expressometro.mx\/index.php\/2022\/07\/18\/cayo-caro-quintero-uno-de-los-mas-buscados-por-los-gobiernos-de-mexico-y-estados-unidos\/","name":"CAY\u00d3 CARO QUINTERO, UNO DE LOS M\u00c1S BUSCADOS POR LOS GOBIERNOS DE M\u00c9XICO Y ESTADOS UNIDOS - Expresso Metropolitano","isPartOf":{"@id":"https:\/\/expressometro.mx\/#website"},"primaryImageOfPage":{"@id":"https:\/\/expressometro.mx\/index.php\/2022\/07\/18\/cayo-caro-quintero-uno-de-los-mas-buscados-por-los-gobiernos-de-mexico-y-estados-unidos\/#primaryimage"},"image":{"@id":"https:\/\/expressometro.mx\/index.php\/2022\/07\/18\/cayo-caro-quintero-uno-de-los-mas-buscados-por-los-gobiernos-de-mexico-y-estados-unidos\/#primaryimage"},"thumbnailUrl":"https:\/\/expressometro.mx\/wp-content\/uploads\/2022\/07\/Caro-Quintero-170722.jpg","datePublished":"2022-07-18T13:23:04+00:00","dateModified":"2022-07-18T13:23:05+00:00","breadcrumb":{"@id":"https:\/\/expressometro.mx\/index.php\/2022\/07\/18\/cayo-caro-quintero-uno-de-los-mas-buscados-por-los-gobiernos-de-mexico-y-estados-unidos\/#breadcrumb"},"inLanguage":"es","potentialAction":[{"@type":"ReadAction","target":["https:\/\/expressometro.mx\/index.php\/2022\/07\/18\/cayo-caro-quintero-uno-de-los-mas-buscados-por-los-gobiernos-de-mexico-y-estados-unidos\/"]}]},{"@type":"ImageObject","inLanguage":"es","@id":"https:\/\/expressometro.mx\/index.php\/2022\/07\/18\/cayo-caro-quintero-uno-de-los-mas-buscados-por-los-gobiernos-de-mexico-y-estados-unidos\/#primaryimage","url":"https:\/\/expressometro.mx\/wp-content\/uploads\/2022\/07\/Caro-Quintero-170722.jpg","contentUrl":"https:\/\/expressometro.mx\/wp-content\/uploads\/2022\/07\/Caro-Quintero-170722.jpg","width":1175,"height":1556},{"@type":"BreadcrumbList","@id":"https:\/\/expressometro.mx\/index.php\/2022\/07\/18\/cayo-caro-quintero-uno-de-los-mas-buscados-por-los-gobiernos-de-mexico-y-estados-unidos\/#breadcrumb","itemListElement":[{"@type":"ListItem","position":1,"name":"Inicio","item":"https:\/\/expressometro.mx\/"},{"@type":"ListItem","position":2,"name":"CAY\u00d3 CARO QUINTERO, UNO DE LOS M\u00c1S BUSCADOS POR LOS GOBIERNOS DE M\u00c9XICO Y ESTADOS UNIDOS"}]},{"@type":"WebSite","@id":"https:\/\/expressometro.mx\/#website","url":"https:\/\/expressometro.mx\/","name":"Expresso Metropolitano","description":"Periodismo comprometido, informaci\u00f3n, investigaci\u00f3n y an\u00e1lisis","publisher":{"@id":"https:\/\/expressometro.mx\/#organization"},"potentialAction":[{"@type":"SearchAction","target":{"@type":"EntryPoint","urlTemplate":"https:\/\/expressometro.mx\/?s={search_term_string}"},"query-input":{"@type":"PropertyValueSpecification","valueRequired":true,"valueName":"search_term_string"}}],"inLanguage":"es"},{"@type":"Organization","@id":"https:\/\/expressometro.mx\/#organization","name":"Expresso Metropolitano","url":"https:\/\/expressometro.mx\/","logo":{"@type":"ImageObject","inLanguage":"es","@id":"https:\/\/expressometro.mx\/#\/schema\/logo\/image\/","url":"https:\/\/expressometro.mx\/wp-content\/uploads\/2019\/07\/cropped-Logo-Expresso-Metropolitano-1-1.jpeg","contentUrl":"https:\/\/expressometro.mx\/wp-content\/uploads\/2019\/07\/cropped-Logo-Expresso-Metropolitano-1-1.jpeg","width":290,"height":73,"caption":"Expresso Metropolitano"},"image":{"@id":"https:\/\/expressometro.mx\/#\/schema\/logo\/image\/"}},{"@type":"Person","@id":"https:\/\/expressometro.mx\/#\/schema\/person\/efa971b4a0664db8ed5c22b1b0dd2f5d","name":"Expresso Metropolitano","image":{"@type":"ImageObject","inLanguage":"es","@id":"https:\/\/secure.gravatar.com\/avatar\/a89f802b8de18c6952f223c88d3d106e9e3679839f4e25a02f4a6cc2ae6ba3b3?s=96&d=mm&r=g","url":"https:\/\/secure.gravatar.com\/avatar\/a89f802b8de18c6952f223c88d3d106e9e3679839f4e25a02f4a6cc2ae6ba3b3?s=96&d=mm&r=g","contentUrl":"https:\/\/secure.gravatar.com\/avatar\/a89f802b8de18c6952f223c88d3d106e9e3679839f4e25a02f4a6cc2ae6ba3b3?s=96&d=mm&r=g","caption":"Expresso Metropolitano"},"url":"https:\/\/expressometro.mx\/index.php\/author\/diego\/"}]}},"amp_enabled":true,"_links":{"self":[{"href":"https:\/\/expressometro.mx\/index.php\/wp-json\/wp\/v2\/posts\/6062","targetHints":{"allow":["GET"]}}],"collection":[{"href":"https:\/\/expressometro.mx\/index.php\/wp-json\/wp\/v2\/posts"}],"about":[{"href":"https:\/\/expressometro.mx\/index.php\/wp-json\/wp\/v2\/types\/post"}],"author":[{"embeddable":true,"href":"https:\/\/expressometro.mx\/index.php\/wp-json\/wp\/v2\/users\/1"}],"replies":[{"embeddable":true,"href":"https:\/\/expressometro.mx\/index.php\/wp-json\/wp\/v2\/comments?post=6062"}],"version-history":[{"count":1,"href":"https:\/\/expressometro.mx\/index.php\/wp-json\/wp\/v2\/posts\/6062\/revisions"}],"predecessor-version":[{"id":6065,"href":"https:\/\/expressometro.mx\/index.php\/wp-json\/wp\/v2\/posts\/6062\/revisions\/6065"}],"wp:featuredmedia":[{"embeddable":true,"href":"https:\/\/expressometro.mx\/index.php\/wp-json\/wp\/v2\/media\/6064"}],"wp:attachment":[{"href":"https:\/\/expressometro.mx\/index.php\/wp-json\/wp\/v2\/media?parent=6062"}],"wp:term":[{"taxonomy":"category","embeddable":true,"href":"https:\/\/expressometro.mx\/index.php\/wp-json\/wp\/v2\/categories?post=6062"},{"taxonomy":"post_tag","embeddable":true,"href":"https:\/\/expressometro.mx\/index.php\/wp-json\/wp\/v2\/tags?post=6062"}],"curies":[{"name":"wp","href":"https:\/\/api.w.org\/{rel}","templated":true}]}}