{"id":6047,"date":"2022-07-15T11:44:33","date_gmt":"2022-07-15T16:44:33","guid":{"rendered":"https:\/\/expressometro.mx\/?p=6047"},"modified":"2022-08-01T13:00:05","modified_gmt":"2022-08-01T18:00:05","slug":"tercera-sesion-extraordinaria-del-consejo-estatal-de-seguridad-publica-del-estado-de-mexico-aculco-presente","status":"publish","type":"post","link":"https:\/\/expressometro.mx\/index.php\/2022\/07\/15\/tercera-sesion-extraordinaria-del-consejo-estatal-de-seguridad-publica-del-estado-de-mexico-aculco-presente\/","title":{"rendered":"TERCERA SESI\u00d3N EXTRAORDINARIA DEL CONSEJO ESTATAL DE SEGURIDAD P\u00daBLICA DEL ESTADO DE M\u00c9XICO: ACULCO PRESENTE"},"content":{"rendered":"\n<p><\/p>\n\n\n\n<p>El Presidente Municipal de Aculco, Jorge Osornio Victoria, asisti\u00f3 a la Tercera Sesi\u00f3n Extraordinaria del Consejo Estatal de Seguridad P\u00fablica, que se realiza con autoridades federales, estatales y municipales. El objetivo principal de esta Sesi\u00f3n es la de crear estrategias que permitan garantizar la paz de las y los mexiquenses.<\/p>\n\n\n\n<p>Encabezada por el titular de la Secretar\u00eda de Seguridad del Estado de M\u00e9xico, Mtro. Rodrigo Mart\u00ednez-Celis Wogau, se dio inicio a esta reuni\u00f3n, en donde se abord\u00f3 tres temas importantes: la homologaci\u00f3n de los n\u00fameros de emergencia nacional 9-1-1 y 089, medida que facilitar\u00e1 el actuar de las autoridades ante cualquier solicitud de la poblaci\u00f3n; la reorganizaci\u00f3n de las polic\u00edas de tr\u00e1nsito, quienes contar\u00e1n con c\u00e1maras de solapa que permitir\u00e1n vigilar su actuaci\u00f3n, proteger su integridad y garantizar el bienestar de la ciudadan\u00eda; y el trabajo coordinado con las Secretar\u00edas de Salud, Educaci\u00f3n y del Bienestar Federal, para combatir los delitos contra la salud, e implementar acciones para identificar los puntos rojos en la entidad.<\/p>\n\n\n\n<p>El Secretario de Seguridad tambi\u00e9n destac\u00f3 la importancia de atender las violencias de g\u00e9nero y unificar los protocolos de actuaci\u00f3n. Para lo cual, indic\u00f3 la existencia de un cat\u00e1logo que poseen las autoridades y que ser\u00e1 de gran utilidad para la construcci\u00f3n de los protocolos de actuaci\u00f3n.<\/p>\n\n\n\n<p>\u201cAhora nos toca a nosotros coordinarnos para que cada polic\u00eda de g\u00e9nero municipal o polic\u00eda en general y la polic\u00eda estatal atendamos estas medidas de protecci\u00f3n de la misma forma, hay un cat\u00e1logo que tiene tanto la Fiscal\u00eda como el Poder Judicial, construyamos estos protocolos de actuaci\u00f3n, ya lo estamos haciendo a trav\u00e9s de este Consejo y de las reuniones intermunicipales\u201d subray\u00f3. Tambi\u00e9n se llev\u00f3 a cabo la votaci\u00f3n para elegir a las y los representantes de la entidad mexiquense en la Conferencia Nacional de Seguridad P\u00fablica, siendo elegidos la Presidenta Municipal de #Temoaya, Nelly Br\u00edgida Rivera S\u00e1nchez y el Presidente Municipal de Tlalnepantla, Tony Rodr\u00edguez.<\/p>\n","protected":false},"excerpt":{"rendered":"<p>El Presidente Municipal de Aculco, Jorge Osornio Victoria, asisti\u00f3 a la Tercera Sesi\u00f3n Extraordinaria del Consejo Estatal de Seguridad P\u00fablica, que se realiza con autoridades federales, estatales y municipales. El objetivo principal de esta Sesi\u00f3n es la de crear estrategias que permitan garantizar la paz de las y los mexiquenses.<\/p>\n","protected":false},"author":1,"featured_media":6049,"comment_status":"open","ping_status":"open","sticky":false,"template":"","format":"standard","meta":{"footnotes":""},"categories":[4,3,231,6],"tags":[955,954,184,496],"class_list":["post-6047","post","type-post","status-publish","format-standard","has-post-thumbnail","hentry","category-finanzas","category-gobierno","category-politica","category-seguridad","tag-aculco","tag-jorge-osornio","tag-metepec","tag-secretaria-de-seguridad"],"yoast_head":"<!-- This site is optimized with the Yoast SEO plugin v27.5 - https:\/\/yoast.com\/product\/yoast-seo-wordpress\/ -->\n<title>TERCERA SESI\u00d3N EXTRAORDINARIA DEL CONSEJO ESTATAL DE SEGURIDAD P\u00daBLICA DEL ESTADO DE M\u00c9XICO: ACULCO PRESENTE - Expresso Metropolitano<\/title>\n<meta name=\"robots\" content=\"index, follow, max-snippet:-1, max-image-preview:large, max-video-preview:-1\" \/>\n<link rel=\"canonical\" href=\"https:\/\/expressometro.mx\/index.php\/2022\/07\/15\/tercera-sesion-extraordinaria-del-consejo-estatal-de-seguridad-publica-del-estado-de-mexico-aculco-presente\/\" \/>\n<meta property=\"og:locale\" content=\"es_MX\" \/>\n<meta property=\"og:type\" content=\"article\" \/>\n<meta property=\"og:title\" content=\"TERCERA SESI\u00d3N EXTRAORDINARIA DEL CONSEJO ESTATAL DE SEGURIDAD P\u00daBLICA DEL ESTADO DE M\u00c9XICO: ACULCO PRESENTE - Expresso Metropolitano\" \/>\n<meta property=\"og:description\" content=\"El Presidente Municipal de Aculco, Jorge Osornio Victoria, asisti\u00f3 a la Tercera Sesi\u00f3n Extraordinaria del Consejo Estatal de Seguridad P\u00fablica, que se realiza con autoridades federales, estatales y municipales. El objetivo principal de esta Sesi\u00f3n es la de crear estrategias que permitan garantizar la paz de las y los mexiquenses.\" \/>\n<meta property=\"og:url\" content=\"https:\/\/expressometro.mx\/index.php\/2022\/07\/15\/tercera-sesion-extraordinaria-del-consejo-estatal-de-seguridad-publica-del-estado-de-mexico-aculco-presente\/\" \/>\n<meta property=\"og:site_name\" content=\"Expresso Metropolitano\" \/>\n<meta property=\"article:published_time\" content=\"2022-07-15T16:44:33+00:00\" \/>\n<meta property=\"article:modified_time\" content=\"2022-08-01T18:00:05+00:00\" \/>\n<meta property=\"og:image\" content=\"http:\/\/expressometro.mx\/wp-content\/uploads\/2022\/07\/Aculco-3ra-Sesion-Secretaria-de-Seguridad-Publica-140722-3.jpg\" \/>\n\t<meta property=\"og:image:width\" content=\"1280\" \/>\n\t<meta property=\"og:image:height\" content=\"719\" \/>\n\t<meta property=\"og:image:type\" content=\"image\/jpeg\" \/>\n<meta name=\"author\" content=\"Expresso Metropolitano\" \/>\n<meta name=\"twitter:label1\" content=\"Escrito por\" \/>\n\t<meta name=\"twitter:data1\" content=\"Expresso Metropolitano\" \/>\n\t<meta name=\"twitter:label2\" content=\"Tiempo de lectura\" \/>\n\t<meta name=\"twitter:data2\" content=\"2 minutos\" \/>\n<script type=\"application\/ld+json\" class=\"yoast-schema-graph\">{\"@context\":\"https:\\\/\\\/schema.org\",\"@graph\":[{\"@type\":\"Article\",\"@id\":\"https:\\\/\\\/expressometro.mx\\\/index.php\\\/2022\\\/07\\\/15\\\/tercera-sesion-extraordinaria-del-consejo-estatal-de-seguridad-publica-del-estado-de-mexico-aculco-presente\\\/#article\",\"isPartOf\":{\"@id\":\"https:\\\/\\\/expressometro.mx\\\/index.php\\\/2022\\\/07\\\/15\\\/tercera-sesion-extraordinaria-del-consejo-estatal-de-seguridad-publica-del-estado-de-mexico-aculco-presente\\\/\"},\"author\":{\"name\":\"Expresso Metropolitano\",\"@id\":\"https:\\\/\\\/expressometro.mx\\\/#\\\/schema\\\/person\\\/efa971b4a0664db8ed5c22b1b0dd2f5d\"},\"headline\":\"TERCERA SESI\u00d3N EXTRAORDINARIA DEL CONSEJO ESTATAL DE SEGURIDAD P\u00daBLICA DEL ESTADO DE M\u00c9XICO: ACULCO PRESENTE\",\"datePublished\":\"2022-07-15T16:44:33+00:00\",\"dateModified\":\"2022-08-01T18:00:05+00:00\",\"mainEntityOfPage\":{\"@id\":\"https:\\\/\\\/expressometro.mx\\\/index.php\\\/2022\\\/07\\\/15\\\/tercera-sesion-extraordinaria-del-consejo-estatal-de-seguridad-publica-del-estado-de-mexico-aculco-presente\\\/\"},\"wordCount\":377,\"commentCount\":0,\"publisher\":{\"@id\":\"https:\\\/\\\/expressometro.mx\\\/#organization\"},\"image\":{\"@id\":\"https:\\\/\\\/expressometro.mx\\\/index.php\\\/2022\\\/07\\\/15\\\/tercera-sesion-extraordinaria-del-consejo-estatal-de-seguridad-publica-del-estado-de-mexico-aculco-presente\\\/#primaryimage\"},\"thumbnailUrl\":\"https:\\\/\\\/expressometro.mx\\\/wp-content\\\/uploads\\\/2022\\\/07\\\/Aculco-3ra-Sesion-Secretaria-de-Seguridad-Publica-140722-3.jpg\",\"keywords\":[\"Aculco\",\"Jorge Osornio\",\"Metepec\",\"Secretar\u00eda de Seguridad\"],\"articleSection\":[\"Finanzas\",\"Gobierno\",\"Pol\u00edtica\",\"Seguridad\"],\"inLanguage\":\"es\",\"potentialAction\":[{\"@type\":\"CommentAction\",\"name\":\"Comment\",\"target\":[\"https:\\\/\\\/expressometro.mx\\\/index.php\\\/2022\\\/07\\\/15\\\/tercera-sesion-extraordinaria-del-consejo-estatal-de-seguridad-publica-del-estado-de-mexico-aculco-presente\\\/#respond\"]}]},{\"@type\":\"WebPage\",\"@id\":\"https:\\\/\\\/expressometro.mx\\\/index.php\\\/2022\\\/07\\\/15\\\/tercera-sesion-extraordinaria-del-consejo-estatal-de-seguridad-publica-del-estado-de-mexico-aculco-presente\\\/\",\"url\":\"https:\\\/\\\/expressometro.mx\\\/index.php\\\/2022\\\/07\\\/15\\\/tercera-sesion-extraordinaria-del-consejo-estatal-de-seguridad-publica-del-estado-de-mexico-aculco-presente\\\/\",\"name\":\"TERCERA SESI\u00d3N EXTRAORDINARIA DEL CONSEJO ESTATAL DE SEGURIDAD P\u00daBLICA DEL ESTADO DE M\u00c9XICO: ACULCO PRESENTE - Expresso Metropolitano\",\"isPartOf\":{\"@id\":\"https:\\\/\\\/expressometro.mx\\\/#website\"},\"primaryImageOfPage\":{\"@id\":\"https:\\\/\\\/expressometro.mx\\\/index.php\\\/2022\\\/07\\\/15\\\/tercera-sesion-extraordinaria-del-consejo-estatal-de-seguridad-publica-del-estado-de-mexico-aculco-presente\\\/#primaryimage\"},\"image\":{\"@id\":\"https:\\\/\\\/expressometro.mx\\\/index.php\\\/2022\\\/07\\\/15\\\/tercera-sesion-extraordinaria-del-consejo-estatal-de-seguridad-publica-del-estado-de-mexico-aculco-presente\\\/#primaryimage\"},\"thumbnailUrl\":\"https:\\\/\\\/expressometro.mx\\\/wp-content\\\/uploads\\\/2022\\\/07\\\/Aculco-3ra-Sesion-Secretaria-de-Seguridad-Publica-140722-3.jpg\",\"datePublished\":\"2022-07-15T16:44:33+00:00\",\"dateModified\":\"2022-08-01T18:00:05+00:00\",\"breadcrumb\":{\"@id\":\"https:\\\/\\\/expressometro.mx\\\/index.php\\\/2022\\\/07\\\/15\\\/tercera-sesion-extraordinaria-del-consejo-estatal-de-seguridad-publica-del-estado-de-mexico-aculco-presente\\\/#breadcrumb\"},\"inLanguage\":\"es\",\"potentialAction\":[{\"@type\":\"ReadAction\",\"target\":[\"https:\\\/\\\/expressometro.mx\\\/index.php\\\/2022\\\/07\\\/15\\\/tercera-sesion-extraordinaria-del-consejo-estatal-de-seguridad-publica-del-estado-de-mexico-aculco-presente\\\/\"]}]},{\"@type\":\"ImageObject\",\"inLanguage\":\"es\",\"@id\":\"https:\\\/\\\/expressometro.mx\\\/index.php\\\/2022\\\/07\\\/15\\\/tercera-sesion-extraordinaria-del-consejo-estatal-de-seguridad-publica-del-estado-de-mexico-aculco-presente\\\/#primaryimage\",\"url\":\"https:\\\/\\\/expressometro.mx\\\/wp-content\\\/uploads\\\/2022\\\/07\\\/Aculco-3ra-Sesion-Secretaria-de-Seguridad-Publica-140722-3.jpg\",\"contentUrl\":\"https:\\\/\\\/expressometro.mx\\\/wp-content\\\/uploads\\\/2022\\\/07\\\/Aculco-3ra-Sesion-Secretaria-de-Seguridad-Publica-140722-3.jpg\",\"width\":1280,\"height\":719},{\"@type\":\"BreadcrumbList\",\"@id\":\"https:\\\/\\\/expressometro.mx\\\/index.php\\\/2022\\\/07\\\/15\\\/tercera-sesion-extraordinaria-del-consejo-estatal-de-seguridad-publica-del-estado-de-mexico-aculco-presente\\\/#breadcrumb\",\"itemListElement\":[{\"@type\":\"ListItem\",\"position\":1,\"name\":\"Inicio\",\"item\":\"https:\\\/\\\/expressometro.mx\\\/\"},{\"@type\":\"ListItem\",\"position\":2,\"name\":\"TERCERA SESI\u00d3N EXTRAORDINARIA DEL CONSEJO ESTATAL DE SEGURIDAD P\u00daBLICA DEL ESTADO DE M\u00c9XICO: ACULCO PRESENTE\"}]},{\"@type\":\"WebSite\",\"@id\":\"https:\\\/\\\/expressometro.mx\\\/#website\",\"url\":\"https:\\\/\\\/expressometro.mx\\\/\",\"name\":\"Expresso Metropolitano\",\"description\":\"Periodismo comprometido, informaci\u00f3n, investigaci\u00f3n y an\u00e1lisis\",\"publisher\":{\"@id\":\"https:\\\/\\\/expressometro.mx\\\/#organization\"},\"potentialAction\":[{\"@type\":\"SearchAction\",\"target\":{\"@type\":\"EntryPoint\",\"urlTemplate\":\"https:\\\/\\\/expressometro.mx\\\/?s={search_term_string}\"},\"query-input\":{\"@type\":\"PropertyValueSpecification\",\"valueRequired\":true,\"valueName\":\"search_term_string\"}}],\"inLanguage\":\"es\"},{\"@type\":\"Organization\",\"@id\":\"https:\\\/\\\/expressometro.mx\\\/#organization\",\"name\":\"Expresso Metropolitano\",\"url\":\"https:\\\/\\\/expressometro.mx\\\/\",\"logo\":{\"@type\":\"ImageObject\",\"inLanguage\":\"es\",\"@id\":\"https:\\\/\\\/expressometro.mx\\\/#\\\/schema\\\/logo\\\/image\\\/\",\"url\":\"https:\\\/\\\/expressometro.mx\\\/wp-content\\\/uploads\\\/2019\\\/07\\\/cropped-Logo-Expresso-Metropolitano-1-1.jpeg\",\"contentUrl\":\"https:\\\/\\\/expressometro.mx\\\/wp-content\\\/uploads\\\/2019\\\/07\\\/cropped-Logo-Expresso-Metropolitano-1-1.jpeg\",\"width\":290,\"height\":73,\"caption\":\"Expresso Metropolitano\"},\"image\":{\"@id\":\"https:\\\/\\\/expressometro.mx\\\/#\\\/schema\\\/logo\\\/image\\\/\"}},{\"@type\":\"Person\",\"@id\":\"https:\\\/\\\/expressometro.mx\\\/#\\\/schema\\\/person\\\/efa971b4a0664db8ed5c22b1b0dd2f5d\",\"name\":\"Expresso Metropolitano\",\"image\":{\"@type\":\"ImageObject\",\"inLanguage\":\"es\",\"@id\":\"https:\\\/\\\/secure.gravatar.com\\\/avatar\\\/a89f802b8de18c6952f223c88d3d106e9e3679839f4e25a02f4a6cc2ae6ba3b3?s=96&d=mm&r=g\",\"url\":\"https:\\\/\\\/secure.gravatar.com\\\/avatar\\\/a89f802b8de18c6952f223c88d3d106e9e3679839f4e25a02f4a6cc2ae6ba3b3?s=96&d=mm&r=g\",\"contentUrl\":\"https:\\\/\\\/secure.gravatar.com\\\/avatar\\\/a89f802b8de18c6952f223c88d3d106e9e3679839f4e25a02f4a6cc2ae6ba3b3?s=96&d=mm&r=g\",\"caption\":\"Expresso Metropolitano\"},\"url\":\"https:\\\/\\\/expressometro.mx\\\/index.php\\\/author\\\/diego\\\/\"}]}<\/script>\n<!-- \/ Yoast SEO plugin. -->","yoast_head_json":{"title":"TERCERA SESI\u00d3N EXTRAORDINARIA DEL CONSEJO ESTATAL DE SEGURIDAD P\u00daBLICA DEL ESTADO DE M\u00c9XICO: ACULCO PRESENTE - Expresso Metropolitano","robots":{"index":"index","follow":"follow","max-snippet":"max-snippet:-1","max-image-preview":"max-image-preview:large","max-video-preview":"max-video-preview:-1"},"canonical":"https:\/\/expressometro.mx\/index.php\/2022\/07\/15\/tercera-sesion-extraordinaria-del-consejo-estatal-de-seguridad-publica-del-estado-de-mexico-aculco-presente\/","og_locale":"es_MX","og_type":"article","og_title":"TERCERA SESI\u00d3N EXTRAORDINARIA DEL CONSEJO ESTATAL DE SEGURIDAD P\u00daBLICA DEL ESTADO DE M\u00c9XICO: ACULCO PRESENTE - Expresso Metropolitano","og_description":"El Presidente Municipal de Aculco, Jorge Osornio Victoria, asisti\u00f3 a la Tercera Sesi\u00f3n Extraordinaria del Consejo Estatal de Seguridad P\u00fablica, que se realiza con autoridades federales, estatales y municipales. El objetivo principal de esta Sesi\u00f3n es la de crear estrategias que permitan garantizar la paz de las y los mexiquenses.","og_url":"https:\/\/expressometro.mx\/index.php\/2022\/07\/15\/tercera-sesion-extraordinaria-del-consejo-estatal-de-seguridad-publica-del-estado-de-mexico-aculco-presente\/","og_site_name":"Expresso Metropolitano","article_published_time":"2022-07-15T16:44:33+00:00","article_modified_time":"2022-08-01T18:00:05+00:00","og_image":[{"width":1280,"height":719,"url":"http:\/\/expressometro.mx\/wp-content\/uploads\/2022\/07\/Aculco-3ra-Sesion-Secretaria-de-Seguridad-Publica-140722-3.jpg","type":"image\/jpeg"}],"author":"Expresso Metropolitano","twitter_misc":{"Escrito por":"Expresso Metropolitano","Tiempo de lectura":"2 minutos"},"schema":{"@context":"https:\/\/schema.org","@graph":[{"@type":"Article","@id":"https:\/\/expressometro.mx\/index.php\/2022\/07\/15\/tercera-sesion-extraordinaria-del-consejo-estatal-de-seguridad-publica-del-estado-de-mexico-aculco-presente\/#article","isPartOf":{"@id":"https:\/\/expressometro.mx\/index.php\/2022\/07\/15\/tercera-sesion-extraordinaria-del-consejo-estatal-de-seguridad-publica-del-estado-de-mexico-aculco-presente\/"},"author":{"name":"Expresso Metropolitano","@id":"https:\/\/expressometro.mx\/#\/schema\/person\/efa971b4a0664db8ed5c22b1b0dd2f5d"},"headline":"TERCERA SESI\u00d3N EXTRAORDINARIA DEL CONSEJO ESTATAL DE SEGURIDAD P\u00daBLICA DEL ESTADO DE M\u00c9XICO: ACULCO PRESENTE","datePublished":"2022-07-15T16:44:33+00:00","dateModified":"2022-08-01T18:00:05+00:00","mainEntityOfPage":{"@id":"https:\/\/expressometro.mx\/index.php\/2022\/07\/15\/tercera-sesion-extraordinaria-del-consejo-estatal-de-seguridad-publica-del-estado-de-mexico-aculco-presente\/"},"wordCount":377,"commentCount":0,"publisher":{"@id":"https:\/\/expressometro.mx\/#organization"},"image":{"@id":"https:\/\/expressometro.mx\/index.php\/2022\/07\/15\/tercera-sesion-extraordinaria-del-consejo-estatal-de-seguridad-publica-del-estado-de-mexico-aculco-presente\/#primaryimage"},"thumbnailUrl":"https:\/\/expressometro.mx\/wp-content\/uploads\/2022\/07\/Aculco-3ra-Sesion-Secretaria-de-Seguridad-Publica-140722-3.jpg","keywords":["Aculco","Jorge Osornio","Metepec","Secretar\u00eda de Seguridad"],"articleSection":["Finanzas","Gobierno","Pol\u00edtica","Seguridad"],"inLanguage":"es","potentialAction":[{"@type":"CommentAction","name":"Comment","target":["https:\/\/expressometro.mx\/index.php\/2022\/07\/15\/tercera-sesion-extraordinaria-del-consejo-estatal-de-seguridad-publica-del-estado-de-mexico-aculco-presente\/#respond"]}]},{"@type":"WebPage","@id":"https:\/\/expressometro.mx\/index.php\/2022\/07\/15\/tercera-sesion-extraordinaria-del-consejo-estatal-de-seguridad-publica-del-estado-de-mexico-aculco-presente\/","url":"https:\/\/expressometro.mx\/index.php\/2022\/07\/15\/tercera-sesion-extraordinaria-del-consejo-estatal-de-seguridad-publica-del-estado-de-mexico-aculco-presente\/","name":"TERCERA SESI\u00d3N EXTRAORDINARIA DEL CONSEJO ESTATAL DE SEGURIDAD P\u00daBLICA DEL ESTADO DE M\u00c9XICO: ACULCO PRESENTE - Expresso Metropolitano","isPartOf":{"@id":"https:\/\/expressometro.mx\/#website"},"primaryImageOfPage":{"@id":"https:\/\/expressometro.mx\/index.php\/2022\/07\/15\/tercera-sesion-extraordinaria-del-consejo-estatal-de-seguridad-publica-del-estado-de-mexico-aculco-presente\/#primaryimage"},"image":{"@id":"https:\/\/expressometro.mx\/index.php\/2022\/07\/15\/tercera-sesion-extraordinaria-del-consejo-estatal-de-seguridad-publica-del-estado-de-mexico-aculco-presente\/#primaryimage"},"thumbnailUrl":"https:\/\/expressometro.mx\/wp-content\/uploads\/2022\/07\/Aculco-3ra-Sesion-Secretaria-de-Seguridad-Publica-140722-3.jpg","datePublished":"2022-07-15T16:44:33+00:00","dateModified":"2022-08-01T18:00:05+00:00","breadcrumb":{"@id":"https:\/\/expressometro.mx\/index.php\/2022\/07\/15\/tercera-sesion-extraordinaria-del-consejo-estatal-de-seguridad-publica-del-estado-de-mexico-aculco-presente\/#breadcrumb"},"inLanguage":"es","potentialAction":[{"@type":"ReadAction","target":["https:\/\/expressometro.mx\/index.php\/2022\/07\/15\/tercera-sesion-extraordinaria-del-consejo-estatal-de-seguridad-publica-del-estado-de-mexico-aculco-presente\/"]}]},{"@type":"ImageObject","inLanguage":"es","@id":"https:\/\/expressometro.mx\/index.php\/2022\/07\/15\/tercera-sesion-extraordinaria-del-consejo-estatal-de-seguridad-publica-del-estado-de-mexico-aculco-presente\/#primaryimage","url":"https:\/\/expressometro.mx\/wp-content\/uploads\/2022\/07\/Aculco-3ra-Sesion-Secretaria-de-Seguridad-Publica-140722-3.jpg","contentUrl":"https:\/\/expressometro.mx\/wp-content\/uploads\/2022\/07\/Aculco-3ra-Sesion-Secretaria-de-Seguridad-Publica-140722-3.jpg","width":1280,"height":719},{"@type":"BreadcrumbList","@id":"https:\/\/expressometro.mx\/index.php\/2022\/07\/15\/tercera-sesion-extraordinaria-del-consejo-estatal-de-seguridad-publica-del-estado-de-mexico-aculco-presente\/#breadcrumb","itemListElement":[{"@type":"ListItem","position":1,"name":"Inicio","item":"https:\/\/expressometro.mx\/"},{"@type":"ListItem","position":2,"name":"TERCERA SESI\u00d3N EXTRAORDINARIA DEL CONSEJO ESTATAL DE SEGURIDAD P\u00daBLICA DEL ESTADO DE M\u00c9XICO: ACULCO PRESENTE"}]},{"@type":"WebSite","@id":"https:\/\/expressometro.mx\/#website","url":"https:\/\/expressometro.mx\/","name":"Expresso Metropolitano","description":"Periodismo comprometido, informaci\u00f3n, investigaci\u00f3n y an\u00e1lisis","publisher":{"@id":"https:\/\/expressometro.mx\/#organization"},"potentialAction":[{"@type":"SearchAction","target":{"@type":"EntryPoint","urlTemplate":"https:\/\/expressometro.mx\/?s={search_term_string}"},"query-input":{"@type":"PropertyValueSpecification","valueRequired":true,"valueName":"search_term_string"}}],"inLanguage":"es"},{"@type":"Organization","@id":"https:\/\/expressometro.mx\/#organization","name":"Expresso Metropolitano","url":"https:\/\/expressometro.mx\/","logo":{"@type":"ImageObject","inLanguage":"es","@id":"https:\/\/expressometro.mx\/#\/schema\/logo\/image\/","url":"https:\/\/expressometro.mx\/wp-content\/uploads\/2019\/07\/cropped-Logo-Expresso-Metropolitano-1-1.jpeg","contentUrl":"https:\/\/expressometro.mx\/wp-content\/uploads\/2019\/07\/cropped-Logo-Expresso-Metropolitano-1-1.jpeg","width":290,"height":73,"caption":"Expresso Metropolitano"},"image":{"@id":"https:\/\/expressometro.mx\/#\/schema\/logo\/image\/"}},{"@type":"Person","@id":"https:\/\/expressometro.mx\/#\/schema\/person\/efa971b4a0664db8ed5c22b1b0dd2f5d","name":"Expresso Metropolitano","image":{"@type":"ImageObject","inLanguage":"es","@id":"https:\/\/secure.gravatar.com\/avatar\/a89f802b8de18c6952f223c88d3d106e9e3679839f4e25a02f4a6cc2ae6ba3b3?s=96&d=mm&r=g","url":"https:\/\/secure.gravatar.com\/avatar\/a89f802b8de18c6952f223c88d3d106e9e3679839f4e25a02f4a6cc2ae6ba3b3?s=96&d=mm&r=g","contentUrl":"https:\/\/secure.gravatar.com\/avatar\/a89f802b8de18c6952f223c88d3d106e9e3679839f4e25a02f4a6cc2ae6ba3b3?s=96&d=mm&r=g","caption":"Expresso Metropolitano"},"url":"https:\/\/expressometro.mx\/index.php\/author\/diego\/"}]}},"amp_enabled":true,"_links":{"self":[{"href":"https:\/\/expressometro.mx\/index.php\/wp-json\/wp\/v2\/posts\/6047","targetHints":{"allow":["GET"]}}],"collection":[{"href":"https:\/\/expressometro.mx\/index.php\/wp-json\/wp\/v2\/posts"}],"about":[{"href":"https:\/\/expressometro.mx\/index.php\/wp-json\/wp\/v2\/types\/post"}],"author":[{"embeddable":true,"href":"https:\/\/expressometro.mx\/index.php\/wp-json\/wp\/v2\/users\/1"}],"replies":[{"embeddable":true,"href":"https:\/\/expressometro.mx\/index.php\/wp-json\/wp\/v2\/comments?post=6047"}],"version-history":[{"count":1,"href":"https:\/\/expressometro.mx\/index.php\/wp-json\/wp\/v2\/posts\/6047\/revisions"}],"predecessor-version":[{"id":6050,"href":"https:\/\/expressometro.mx\/index.php\/wp-json\/wp\/v2\/posts\/6047\/revisions\/6050"}],"wp:featuredmedia":[{"embeddable":true,"href":"https:\/\/expressometro.mx\/index.php\/wp-json\/wp\/v2\/media\/6049"}],"wp:attachment":[{"href":"https:\/\/expressometro.mx\/index.php\/wp-json\/wp\/v2\/media?parent=6047"}],"wp:term":[{"taxonomy":"category","embeddable":true,"href":"https:\/\/expressometro.mx\/index.php\/wp-json\/wp\/v2\/categories?post=6047"},{"taxonomy":"post_tag","embeddable":true,"href":"https:\/\/expressometro.mx\/index.php\/wp-json\/wp\/v2\/tags?post=6047"}],"curies":[{"name":"wp","href":"https:\/\/api.w.org\/{rel}","templated":true}]}}