{"id":5976,"date":"2022-05-27T02:00:00","date_gmt":"2022-05-27T07:00:00","guid":{"rendered":"https:\/\/expressometro.mx\/?p=5976"},"modified":"2022-07-08T02:07:15","modified_gmt":"2022-07-08T07:07:15","slug":"mejorar-las-vias-de-comunicacion-compromiso-primordial-del-presidente-municipal-de-aculco-jorge-osornio","status":"publish","type":"post","link":"https:\/\/expressometro.mx\/index.php\/2022\/05\/27\/mejorar-las-vias-de-comunicacion-compromiso-primordial-del-presidente-municipal-de-aculco-jorge-osornio\/","title":{"rendered":"MEJORAR LAS VIAS DE COMUNICACI\u00d3N, COMPROMISO PRIMORDIAL DEL PRESIDENTE MUNICIPAL DE ACULCO, JORGE OSORNIO"},"content":{"rendered":"\n<p><\/p>\n\n\n\n<p>En esta gira de trabajo las comunidades que lograron concretar sus peticiones, fueron Gunyo Oriente, San Jer\u00f3nimo Barrio y Decandeje Pueblo, donde se dio inicio la construcci\u00f3n de caminos con concreto hidr\u00e1ulico, con la finalidad de mejorar las v\u00edas de comunicaci\u00f3n.<\/p>\n\n\n\n<p>La comunidad de Gunyo Oriente fue la primera en presenciar el comienzo de la construcci\u00f3n de 120 metros lineales de pavimentaci\u00f3n, en compa\u00f1\u00eda de los vecinos de la comunidad, con una inversi\u00f3n aproximada de 400 mil pesos. El Presidente Municipal, Jorge Osornio, agradeci\u00f3 al Cabildo por armar un buen presupuesto y un buen plan de desarrollo; tambi\u00e9n reiter\u00f3 el compromiso con las autoridades auxiliares de trabajar juntos ya que el gobierno municipal es su aliado.<\/p>\n\n\n\n<p>M\u00e1s tarde en San Jer\u00f3nimo Barrio se dio el banderazo inicial para la construcci\u00f3n de 170 metros lineales de pavimentaci\u00f3n, con una inversi\u00f3n aproximada de 550 mil pesos. El Presidente Osornio reafirm\u00f3 su compromiso de tener un gobierno que cumpla con sus compromisos, con lo que se busca llevar peri\u00f3dicamente todos los servicios a las comunidades de Aculco.<\/p>\n\n\n\n<p>Por la tarde, se visit\u00f3 a los habitantes de Decandeje Pueblo, en donde se arranc\u00f3 la construcci\u00f3n de 90 metros lineales de pavimentaci\u00f3n, con una inversi\u00f3n aproximada de 280 mil pesos. Esta obra beneficiar\u00e1 la movilidad de las familias de esta comunidad y directamente a los vecinos que viven y utilizan diariamente esta vialidad.<\/p>\n","protected":false},"excerpt":{"rendered":"<p>En esta gira de trabajo las comunidades que lograron concretar sus peticiones, fueron Gunyo Oriente, San Jer\u00f3nimo Barrio y Decandeje Pueblo, donde se dio inicio la construcci\u00f3n de caminos con concreto hidr\u00e1ulico<\/p>\n","protected":false},"author":1,"featured_media":5978,"comment_status":"open","ping_status":"open","sticky":false,"template":"","format":"standard","meta":{"footnotes":""},"categories":[3,231],"tags":[955,954],"class_list":["post-5976","post","type-post","status-publish","format-standard","has-post-thumbnail","hentry","category-gobierno","category-politica","tag-aculco","tag-jorge-osornio"],"yoast_head":"<!-- This site is optimized with the Yoast SEO plugin v27.5 - https:\/\/yoast.com\/product\/yoast-seo-wordpress\/ -->\n<title>MEJORAR LAS VIAS DE COMUNICACI\u00d3N, COMPROMISO PRIMORDIAL DEL PRESIDENTE MUNICIPAL DE ACULCO, JORGE OSORNIO - Expresso Metropolitano<\/title>\n<meta name=\"robots\" content=\"index, follow, max-snippet:-1, max-image-preview:large, max-video-preview:-1\" \/>\n<link rel=\"canonical\" href=\"https:\/\/expressometro.mx\/index.php\/2022\/05\/27\/mejorar-las-vias-de-comunicacion-compromiso-primordial-del-presidente-municipal-de-aculco-jorge-osornio\/\" \/>\n<meta property=\"og:locale\" content=\"es_MX\" \/>\n<meta property=\"og:type\" content=\"article\" \/>\n<meta property=\"og:title\" content=\"MEJORAR LAS VIAS DE COMUNICACI\u00d3N, COMPROMISO PRIMORDIAL DEL PRESIDENTE MUNICIPAL DE ACULCO, JORGE OSORNIO - Expresso Metropolitano\" \/>\n<meta property=\"og:description\" content=\"En esta gira de trabajo las comunidades que lograron concretar sus peticiones, fueron Gunyo Oriente, San Jer\u00f3nimo Barrio y Decandeje Pueblo, donde se dio inicio la construcci\u00f3n de caminos con concreto hidr\u00e1ulico\" \/>\n<meta property=\"og:url\" content=\"https:\/\/expressometro.mx\/index.php\/2022\/05\/27\/mejorar-las-vias-de-comunicacion-compromiso-primordial-del-presidente-municipal-de-aculco-jorge-osornio\/\" \/>\n<meta property=\"og:site_name\" content=\"Expresso Metropolitano\" \/>\n<meta property=\"article:published_time\" content=\"2022-05-27T07:00:00+00:00\" \/>\n<meta property=\"article:modified_time\" content=\"2022-07-08T07:07:15+00:00\" \/>\n<meta property=\"og:image\" content=\"http:\/\/expressometro.mx\/wp-content\/uploads\/2022\/07\/Aculco-270522-2.jpg\" \/>\n\t<meta property=\"og:image:width\" content=\"1095\" \/>\n\t<meta property=\"og:image:height\" content=\"580\" \/>\n\t<meta property=\"og:image:type\" content=\"image\/jpeg\" \/>\n<meta name=\"author\" content=\"Expresso Metropolitano\" \/>\n<meta name=\"twitter:label1\" content=\"Escrito por\" \/>\n\t<meta name=\"twitter:data1\" content=\"Expresso Metropolitano\" \/>\n\t<meta name=\"twitter:label2\" content=\"Tiempo de lectura\" \/>\n\t<meta name=\"twitter:data2\" content=\"2 minutos\" \/>\n<script type=\"application\/ld+json\" class=\"yoast-schema-graph\">{\"@context\":\"https:\\\/\\\/schema.org\",\"@graph\":[{\"@type\":\"Article\",\"@id\":\"https:\\\/\\\/expressometro.mx\\\/index.php\\\/2022\\\/05\\\/27\\\/mejorar-las-vias-de-comunicacion-compromiso-primordial-del-presidente-municipal-de-aculco-jorge-osornio\\\/#article\",\"isPartOf\":{\"@id\":\"https:\\\/\\\/expressometro.mx\\\/index.php\\\/2022\\\/05\\\/27\\\/mejorar-las-vias-de-comunicacion-compromiso-primordial-del-presidente-municipal-de-aculco-jorge-osornio\\\/\"},\"author\":{\"name\":\"Expresso Metropolitano\",\"@id\":\"https:\\\/\\\/expressometro.mx\\\/#\\\/schema\\\/person\\\/efa971b4a0664db8ed5c22b1b0dd2f5d\"},\"headline\":\"MEJORAR LAS VIAS DE COMUNICACI\u00d3N, COMPROMISO PRIMORDIAL DEL PRESIDENTE MUNICIPAL DE ACULCO, JORGE OSORNIO\",\"datePublished\":\"2022-05-27T07:00:00+00:00\",\"dateModified\":\"2022-07-08T07:07:15+00:00\",\"mainEntityOfPage\":{\"@id\":\"https:\\\/\\\/expressometro.mx\\\/index.php\\\/2022\\\/05\\\/27\\\/mejorar-las-vias-de-comunicacion-compromiso-primordial-del-presidente-municipal-de-aculco-jorge-osornio\\\/\"},\"wordCount\":256,\"commentCount\":0,\"publisher\":{\"@id\":\"https:\\\/\\\/expressometro.mx\\\/#organization\"},\"image\":{\"@id\":\"https:\\\/\\\/expressometro.mx\\\/index.php\\\/2022\\\/05\\\/27\\\/mejorar-las-vias-de-comunicacion-compromiso-primordial-del-presidente-municipal-de-aculco-jorge-osornio\\\/#primaryimage\"},\"thumbnailUrl\":\"https:\\\/\\\/expressometro.mx\\\/wp-content\\\/uploads\\\/2022\\\/07\\\/Aculco-270522-2.jpg\",\"keywords\":[\"Aculco\",\"Jorge Osornio\"],\"articleSection\":[\"Gobierno\",\"Pol\u00edtica\"],\"inLanguage\":\"es\",\"potentialAction\":[{\"@type\":\"CommentAction\",\"name\":\"Comment\",\"target\":[\"https:\\\/\\\/expressometro.mx\\\/index.php\\\/2022\\\/05\\\/27\\\/mejorar-las-vias-de-comunicacion-compromiso-primordial-del-presidente-municipal-de-aculco-jorge-osornio\\\/#respond\"]}]},{\"@type\":\"WebPage\",\"@id\":\"https:\\\/\\\/expressometro.mx\\\/index.php\\\/2022\\\/05\\\/27\\\/mejorar-las-vias-de-comunicacion-compromiso-primordial-del-presidente-municipal-de-aculco-jorge-osornio\\\/\",\"url\":\"https:\\\/\\\/expressometro.mx\\\/index.php\\\/2022\\\/05\\\/27\\\/mejorar-las-vias-de-comunicacion-compromiso-primordial-del-presidente-municipal-de-aculco-jorge-osornio\\\/\",\"name\":\"MEJORAR LAS VIAS DE COMUNICACI\u00d3N, COMPROMISO PRIMORDIAL DEL PRESIDENTE MUNICIPAL DE ACULCO, JORGE OSORNIO - Expresso Metropolitano\",\"isPartOf\":{\"@id\":\"https:\\\/\\\/expressometro.mx\\\/#website\"},\"primaryImageOfPage\":{\"@id\":\"https:\\\/\\\/expressometro.mx\\\/index.php\\\/2022\\\/05\\\/27\\\/mejorar-las-vias-de-comunicacion-compromiso-primordial-del-presidente-municipal-de-aculco-jorge-osornio\\\/#primaryimage\"},\"image\":{\"@id\":\"https:\\\/\\\/expressometro.mx\\\/index.php\\\/2022\\\/05\\\/27\\\/mejorar-las-vias-de-comunicacion-compromiso-primordial-del-presidente-municipal-de-aculco-jorge-osornio\\\/#primaryimage\"},\"thumbnailUrl\":\"https:\\\/\\\/expressometro.mx\\\/wp-content\\\/uploads\\\/2022\\\/07\\\/Aculco-270522-2.jpg\",\"datePublished\":\"2022-05-27T07:00:00+00:00\",\"dateModified\":\"2022-07-08T07:07:15+00:00\",\"breadcrumb\":{\"@id\":\"https:\\\/\\\/expressometro.mx\\\/index.php\\\/2022\\\/05\\\/27\\\/mejorar-las-vias-de-comunicacion-compromiso-primordial-del-presidente-municipal-de-aculco-jorge-osornio\\\/#breadcrumb\"},\"inLanguage\":\"es\",\"potentialAction\":[{\"@type\":\"ReadAction\",\"target\":[\"https:\\\/\\\/expressometro.mx\\\/index.php\\\/2022\\\/05\\\/27\\\/mejorar-las-vias-de-comunicacion-compromiso-primordial-del-presidente-municipal-de-aculco-jorge-osornio\\\/\"]}]},{\"@type\":\"ImageObject\",\"inLanguage\":\"es\",\"@id\":\"https:\\\/\\\/expressometro.mx\\\/index.php\\\/2022\\\/05\\\/27\\\/mejorar-las-vias-de-comunicacion-compromiso-primordial-del-presidente-municipal-de-aculco-jorge-osornio\\\/#primaryimage\",\"url\":\"https:\\\/\\\/expressometro.mx\\\/wp-content\\\/uploads\\\/2022\\\/07\\\/Aculco-270522-2.jpg\",\"contentUrl\":\"https:\\\/\\\/expressometro.mx\\\/wp-content\\\/uploads\\\/2022\\\/07\\\/Aculco-270522-2.jpg\",\"width\":1095,\"height\":580},{\"@type\":\"BreadcrumbList\",\"@id\":\"https:\\\/\\\/expressometro.mx\\\/index.php\\\/2022\\\/05\\\/27\\\/mejorar-las-vias-de-comunicacion-compromiso-primordial-del-presidente-municipal-de-aculco-jorge-osornio\\\/#breadcrumb\",\"itemListElement\":[{\"@type\":\"ListItem\",\"position\":1,\"name\":\"Inicio\",\"item\":\"https:\\\/\\\/expressometro.mx\\\/\"},{\"@type\":\"ListItem\",\"position\":2,\"name\":\"MEJORAR LAS VIAS DE COMUNICACI\u00d3N, COMPROMISO PRIMORDIAL DEL PRESIDENTE MUNICIPAL DE ACULCO, JORGE OSORNIO\"}]},{\"@type\":\"WebSite\",\"@id\":\"https:\\\/\\\/expressometro.mx\\\/#website\",\"url\":\"https:\\\/\\\/expressometro.mx\\\/\",\"name\":\"Expresso Metropolitano\",\"description\":\"Periodismo comprometido, informaci\u00f3n, investigaci\u00f3n y an\u00e1lisis\",\"publisher\":{\"@id\":\"https:\\\/\\\/expressometro.mx\\\/#organization\"},\"potentialAction\":[{\"@type\":\"SearchAction\",\"target\":{\"@type\":\"EntryPoint\",\"urlTemplate\":\"https:\\\/\\\/expressometro.mx\\\/?s={search_term_string}\"},\"query-input\":{\"@type\":\"PropertyValueSpecification\",\"valueRequired\":true,\"valueName\":\"search_term_string\"}}],\"inLanguage\":\"es\"},{\"@type\":\"Organization\",\"@id\":\"https:\\\/\\\/expressometro.mx\\\/#organization\",\"name\":\"Expresso Metropolitano\",\"url\":\"https:\\\/\\\/expressometro.mx\\\/\",\"logo\":{\"@type\":\"ImageObject\",\"inLanguage\":\"es\",\"@id\":\"https:\\\/\\\/expressometro.mx\\\/#\\\/schema\\\/logo\\\/image\\\/\",\"url\":\"https:\\\/\\\/expressometro.mx\\\/wp-content\\\/uploads\\\/2019\\\/07\\\/cropped-Logo-Expresso-Metropolitano-1-1.jpeg\",\"contentUrl\":\"https:\\\/\\\/expressometro.mx\\\/wp-content\\\/uploads\\\/2019\\\/07\\\/cropped-Logo-Expresso-Metropolitano-1-1.jpeg\",\"width\":290,\"height\":73,\"caption\":\"Expresso Metropolitano\"},\"image\":{\"@id\":\"https:\\\/\\\/expressometro.mx\\\/#\\\/schema\\\/logo\\\/image\\\/\"}},{\"@type\":\"Person\",\"@id\":\"https:\\\/\\\/expressometro.mx\\\/#\\\/schema\\\/person\\\/efa971b4a0664db8ed5c22b1b0dd2f5d\",\"name\":\"Expresso Metropolitano\",\"image\":{\"@type\":\"ImageObject\",\"inLanguage\":\"es\",\"@id\":\"https:\\\/\\\/secure.gravatar.com\\\/avatar\\\/a89f802b8de18c6952f223c88d3d106e9e3679839f4e25a02f4a6cc2ae6ba3b3?s=96&d=mm&r=g\",\"url\":\"https:\\\/\\\/secure.gravatar.com\\\/avatar\\\/a89f802b8de18c6952f223c88d3d106e9e3679839f4e25a02f4a6cc2ae6ba3b3?s=96&d=mm&r=g\",\"contentUrl\":\"https:\\\/\\\/secure.gravatar.com\\\/avatar\\\/a89f802b8de18c6952f223c88d3d106e9e3679839f4e25a02f4a6cc2ae6ba3b3?s=96&d=mm&r=g\",\"caption\":\"Expresso Metropolitano\"},\"url\":\"https:\\\/\\\/expressometro.mx\\\/index.php\\\/author\\\/diego\\\/\"}]}<\/script>\n<!-- \/ Yoast SEO plugin. -->","yoast_head_json":{"title":"MEJORAR LAS VIAS DE COMUNICACI\u00d3N, COMPROMISO PRIMORDIAL DEL PRESIDENTE MUNICIPAL DE ACULCO, JORGE OSORNIO - Expresso Metropolitano","robots":{"index":"index","follow":"follow","max-snippet":"max-snippet:-1","max-image-preview":"max-image-preview:large","max-video-preview":"max-video-preview:-1"},"canonical":"https:\/\/expressometro.mx\/index.php\/2022\/05\/27\/mejorar-las-vias-de-comunicacion-compromiso-primordial-del-presidente-municipal-de-aculco-jorge-osornio\/","og_locale":"es_MX","og_type":"article","og_title":"MEJORAR LAS VIAS DE COMUNICACI\u00d3N, COMPROMISO PRIMORDIAL DEL PRESIDENTE MUNICIPAL DE ACULCO, JORGE OSORNIO - Expresso Metropolitano","og_description":"En esta gira de trabajo las comunidades que lograron concretar sus peticiones, fueron Gunyo Oriente, San Jer\u00f3nimo Barrio y Decandeje Pueblo, donde se dio inicio la construcci\u00f3n de caminos con concreto hidr\u00e1ulico","og_url":"https:\/\/expressometro.mx\/index.php\/2022\/05\/27\/mejorar-las-vias-de-comunicacion-compromiso-primordial-del-presidente-municipal-de-aculco-jorge-osornio\/","og_site_name":"Expresso Metropolitano","article_published_time":"2022-05-27T07:00:00+00:00","article_modified_time":"2022-07-08T07:07:15+00:00","og_image":[{"width":1095,"height":580,"url":"http:\/\/expressometro.mx\/wp-content\/uploads\/2022\/07\/Aculco-270522-2.jpg","type":"image\/jpeg"}],"author":"Expresso Metropolitano","twitter_misc":{"Escrito por":"Expresso Metropolitano","Tiempo de lectura":"2 minutos"},"schema":{"@context":"https:\/\/schema.org","@graph":[{"@type":"Article","@id":"https:\/\/expressometro.mx\/index.php\/2022\/05\/27\/mejorar-las-vias-de-comunicacion-compromiso-primordial-del-presidente-municipal-de-aculco-jorge-osornio\/#article","isPartOf":{"@id":"https:\/\/expressometro.mx\/index.php\/2022\/05\/27\/mejorar-las-vias-de-comunicacion-compromiso-primordial-del-presidente-municipal-de-aculco-jorge-osornio\/"},"author":{"name":"Expresso Metropolitano","@id":"https:\/\/expressometro.mx\/#\/schema\/person\/efa971b4a0664db8ed5c22b1b0dd2f5d"},"headline":"MEJORAR LAS VIAS DE COMUNICACI\u00d3N, COMPROMISO PRIMORDIAL DEL PRESIDENTE MUNICIPAL DE ACULCO, JORGE OSORNIO","datePublished":"2022-05-27T07:00:00+00:00","dateModified":"2022-07-08T07:07:15+00:00","mainEntityOfPage":{"@id":"https:\/\/expressometro.mx\/index.php\/2022\/05\/27\/mejorar-las-vias-de-comunicacion-compromiso-primordial-del-presidente-municipal-de-aculco-jorge-osornio\/"},"wordCount":256,"commentCount":0,"publisher":{"@id":"https:\/\/expressometro.mx\/#organization"},"image":{"@id":"https:\/\/expressometro.mx\/index.php\/2022\/05\/27\/mejorar-las-vias-de-comunicacion-compromiso-primordial-del-presidente-municipal-de-aculco-jorge-osornio\/#primaryimage"},"thumbnailUrl":"https:\/\/expressometro.mx\/wp-content\/uploads\/2022\/07\/Aculco-270522-2.jpg","keywords":["Aculco","Jorge Osornio"],"articleSection":["Gobierno","Pol\u00edtica"],"inLanguage":"es","potentialAction":[{"@type":"CommentAction","name":"Comment","target":["https:\/\/expressometro.mx\/index.php\/2022\/05\/27\/mejorar-las-vias-de-comunicacion-compromiso-primordial-del-presidente-municipal-de-aculco-jorge-osornio\/#respond"]}]},{"@type":"WebPage","@id":"https:\/\/expressometro.mx\/index.php\/2022\/05\/27\/mejorar-las-vias-de-comunicacion-compromiso-primordial-del-presidente-municipal-de-aculco-jorge-osornio\/","url":"https:\/\/expressometro.mx\/index.php\/2022\/05\/27\/mejorar-las-vias-de-comunicacion-compromiso-primordial-del-presidente-municipal-de-aculco-jorge-osornio\/","name":"MEJORAR LAS VIAS DE COMUNICACI\u00d3N, COMPROMISO PRIMORDIAL DEL PRESIDENTE MUNICIPAL DE ACULCO, JORGE OSORNIO - Expresso Metropolitano","isPartOf":{"@id":"https:\/\/expressometro.mx\/#website"},"primaryImageOfPage":{"@id":"https:\/\/expressometro.mx\/index.php\/2022\/05\/27\/mejorar-las-vias-de-comunicacion-compromiso-primordial-del-presidente-municipal-de-aculco-jorge-osornio\/#primaryimage"},"image":{"@id":"https:\/\/expressometro.mx\/index.php\/2022\/05\/27\/mejorar-las-vias-de-comunicacion-compromiso-primordial-del-presidente-municipal-de-aculco-jorge-osornio\/#primaryimage"},"thumbnailUrl":"https:\/\/expressometro.mx\/wp-content\/uploads\/2022\/07\/Aculco-270522-2.jpg","datePublished":"2022-05-27T07:00:00+00:00","dateModified":"2022-07-08T07:07:15+00:00","breadcrumb":{"@id":"https:\/\/expressometro.mx\/index.php\/2022\/05\/27\/mejorar-las-vias-de-comunicacion-compromiso-primordial-del-presidente-municipal-de-aculco-jorge-osornio\/#breadcrumb"},"inLanguage":"es","potentialAction":[{"@type":"ReadAction","target":["https:\/\/expressometro.mx\/index.php\/2022\/05\/27\/mejorar-las-vias-de-comunicacion-compromiso-primordial-del-presidente-municipal-de-aculco-jorge-osornio\/"]}]},{"@type":"ImageObject","inLanguage":"es","@id":"https:\/\/expressometro.mx\/index.php\/2022\/05\/27\/mejorar-las-vias-de-comunicacion-compromiso-primordial-del-presidente-municipal-de-aculco-jorge-osornio\/#primaryimage","url":"https:\/\/expressometro.mx\/wp-content\/uploads\/2022\/07\/Aculco-270522-2.jpg","contentUrl":"https:\/\/expressometro.mx\/wp-content\/uploads\/2022\/07\/Aculco-270522-2.jpg","width":1095,"height":580},{"@type":"BreadcrumbList","@id":"https:\/\/expressometro.mx\/index.php\/2022\/05\/27\/mejorar-las-vias-de-comunicacion-compromiso-primordial-del-presidente-municipal-de-aculco-jorge-osornio\/#breadcrumb","itemListElement":[{"@type":"ListItem","position":1,"name":"Inicio","item":"https:\/\/expressometro.mx\/"},{"@type":"ListItem","position":2,"name":"MEJORAR LAS VIAS DE COMUNICACI\u00d3N, COMPROMISO PRIMORDIAL DEL PRESIDENTE MUNICIPAL DE ACULCO, JORGE OSORNIO"}]},{"@type":"WebSite","@id":"https:\/\/expressometro.mx\/#website","url":"https:\/\/expressometro.mx\/","name":"Expresso Metropolitano","description":"Periodismo comprometido, informaci\u00f3n, investigaci\u00f3n y an\u00e1lisis","publisher":{"@id":"https:\/\/expressometro.mx\/#organization"},"potentialAction":[{"@type":"SearchAction","target":{"@type":"EntryPoint","urlTemplate":"https:\/\/expressometro.mx\/?s={search_term_string}"},"query-input":{"@type":"PropertyValueSpecification","valueRequired":true,"valueName":"search_term_string"}}],"inLanguage":"es"},{"@type":"Organization","@id":"https:\/\/expressometro.mx\/#organization","name":"Expresso Metropolitano","url":"https:\/\/expressometro.mx\/","logo":{"@type":"ImageObject","inLanguage":"es","@id":"https:\/\/expressometro.mx\/#\/schema\/logo\/image\/","url":"https:\/\/expressometro.mx\/wp-content\/uploads\/2019\/07\/cropped-Logo-Expresso-Metropolitano-1-1.jpeg","contentUrl":"https:\/\/expressometro.mx\/wp-content\/uploads\/2019\/07\/cropped-Logo-Expresso-Metropolitano-1-1.jpeg","width":290,"height":73,"caption":"Expresso Metropolitano"},"image":{"@id":"https:\/\/expressometro.mx\/#\/schema\/logo\/image\/"}},{"@type":"Person","@id":"https:\/\/expressometro.mx\/#\/schema\/person\/efa971b4a0664db8ed5c22b1b0dd2f5d","name":"Expresso Metropolitano","image":{"@type":"ImageObject","inLanguage":"es","@id":"https:\/\/secure.gravatar.com\/avatar\/a89f802b8de18c6952f223c88d3d106e9e3679839f4e25a02f4a6cc2ae6ba3b3?s=96&d=mm&r=g","url":"https:\/\/secure.gravatar.com\/avatar\/a89f802b8de18c6952f223c88d3d106e9e3679839f4e25a02f4a6cc2ae6ba3b3?s=96&d=mm&r=g","contentUrl":"https:\/\/secure.gravatar.com\/avatar\/a89f802b8de18c6952f223c88d3d106e9e3679839f4e25a02f4a6cc2ae6ba3b3?s=96&d=mm&r=g","caption":"Expresso Metropolitano"},"url":"https:\/\/expressometro.mx\/index.php\/author\/diego\/"}]}},"amp_enabled":true,"_links":{"self":[{"href":"https:\/\/expressometro.mx\/index.php\/wp-json\/wp\/v2\/posts\/5976","targetHints":{"allow":["GET"]}}],"collection":[{"href":"https:\/\/expressometro.mx\/index.php\/wp-json\/wp\/v2\/posts"}],"about":[{"href":"https:\/\/expressometro.mx\/index.php\/wp-json\/wp\/v2\/types\/post"}],"author":[{"embeddable":true,"href":"https:\/\/expressometro.mx\/index.php\/wp-json\/wp\/v2\/users\/1"}],"replies":[{"embeddable":true,"href":"https:\/\/expressometro.mx\/index.php\/wp-json\/wp\/v2\/comments?post=5976"}],"version-history":[{"count":1,"href":"https:\/\/expressometro.mx\/index.php\/wp-json\/wp\/v2\/posts\/5976\/revisions"}],"predecessor-version":[{"id":5979,"href":"https:\/\/expressometro.mx\/index.php\/wp-json\/wp\/v2\/posts\/5976\/revisions\/5979"}],"wp:featuredmedia":[{"embeddable":true,"href":"https:\/\/expressometro.mx\/index.php\/wp-json\/wp\/v2\/media\/5978"}],"wp:attachment":[{"href":"https:\/\/expressometro.mx\/index.php\/wp-json\/wp\/v2\/media?parent=5976"}],"wp:term":[{"taxonomy":"category","embeddable":true,"href":"https:\/\/expressometro.mx\/index.php\/wp-json\/wp\/v2\/categories?post=5976"},{"taxonomy":"post_tag","embeddable":true,"href":"https:\/\/expressometro.mx\/index.php\/wp-json\/wp\/v2\/tags?post=5976"}],"curies":[{"name":"wp","href":"https:\/\/api.w.org\/{rel}","templated":true}]}}