{"id":5971,"date":"2022-05-12T01:57:00","date_gmt":"2022-05-12T06:57:00","guid":{"rendered":"https:\/\/expressometro.mx\/?p=5971"},"modified":"2022-07-08T02:00:08","modified_gmt":"2022-07-08T07:00:08","slug":"jorge-osornio-comprometido-con-los-aculquenses-inicio-de-obras","status":"publish","type":"post","link":"https:\/\/expressometro.mx\/index.php\/2022\/05\/12\/jorge-osornio-comprometido-con-los-aculquenses-inicio-de-obras\/","title":{"rendered":"JORGE OSORNIO, COMPROMETIDO CON LOS ACULQUENSES: INICIO DE OBRAS"},"content":{"rendered":"\n<p><\/p>\n\n\n\n<p>En beneficio de varias familias de la Comunidad de Santa Ana Matlavat, el Presidente Municipal, Jorge Osornio, encabez\u00f3 el arranque de la construcci\u00f3n de 300m de drenaje sanitario; y de la barda perimetral del jard\u00edn de ni\u00f1os &#8220;Jes\u00fas Gonz\u00e1lez Ortega&#8221;, obras que se realizar\u00e1n con una inversi\u00f3n contratada de aproximadamente $550,000.00 pesos.<\/p>\n\n\n\n<p>A continuaci\u00f3n, en San Francisquito se dio inicio a la construcci\u00f3n del drenaje sanitario con tubos de concreto, ampliaci\u00f3n y rehabilitaci\u00f3n del sistema de agua potable con una inversi\u00f3n aproximada de $300,000.00 pesos. Esta acci\u00f3n forma parte los trabajos, que lleva a cabo la Presidencia Municipal que consisten en incrementar y fortalecer la infraestructura hidr\u00e1ulica en cabecera y comunidades, mejorando as\u00ed la calidad de vida de las personas y contribuyendo a mejorar el medio ambiente.<\/p>\n\n\n\n<p>Por su parte, los Delegados de estas comunidades y tambi\u00e9n beneficiarios de esta obra, agradecieron el apoyo y la gesti\u00f3n de la Presidencia Municipal para hacer posible esta obra tan solicitada desde a\u00f1os atr\u00e1s, refiri\u00f3 que este tipo de obras son de vital importancia ya que brindan servicios de drenaje de calidad a los habitantes de la localidad.<\/p>\n\n\n\n<p>Finalmente, en la Comunidad de La Esperanza comenzaron con la construcci\u00f3n de 3 topes y 95 metros lineales de concreto hidr\u00e1ulico. Tambi\u00e9n hicieron entrega de juguetes a ni\u00f1os y ni\u00f1as de dos preescolares. La Secretaria del Campo, Leticia Mej\u00eda y en compa\u00f1\u00eda del Diputado Federal, Miguel S\u00e1mano Peralta, entre otras personalidades, dieron el inicio a la &#8220;Campa\u00f1a de Vacunaci\u00f3n de Ganado Bovino, Ovino y Caprino&#8221;. Tambi\u00e9n se hizo entrega de patente de fierro y credencial agropecuaria, de igual forma se llev\u00f3 a cabo la firma de convenio en materia de sanidad.<\/p>\n","protected":false},"excerpt":{"rendered":"<p>En beneficio de varias familias de la Comunidad de Santa Ana Matlavat, el Presidente Municipal, Jorge Osornio, encabez\u00f3 el arranque de la construcci\u00f3n de 300m de drenaje sanitario<\/p>\n","protected":false},"author":1,"featured_media":5973,"comment_status":"open","ping_status":"open","sticky":false,"template":"","format":"standard","meta":{"footnotes":""},"categories":[3,231],"tags":[955,954],"class_list":["post-5971","post","type-post","status-publish","format-standard","has-post-thumbnail","hentry","category-gobierno","category-politica","tag-aculco","tag-jorge-osornio"],"yoast_head":"<!-- This site is optimized with the Yoast SEO plugin v27.5 - https:\/\/yoast.com\/product\/yoast-seo-wordpress\/ -->\n<title>JORGE OSORNIO, COMPROMETIDO CON LOS ACULQUENSES: INICIO DE OBRAS - Expresso Metropolitano<\/title>\n<meta name=\"robots\" content=\"index, follow, max-snippet:-1, max-image-preview:large, max-video-preview:-1\" \/>\n<link rel=\"canonical\" href=\"https:\/\/expressometro.mx\/index.php\/2022\/05\/12\/jorge-osornio-comprometido-con-los-aculquenses-inicio-de-obras\/\" \/>\n<meta property=\"og:locale\" content=\"es_MX\" \/>\n<meta property=\"og:type\" content=\"article\" \/>\n<meta property=\"og:title\" content=\"JORGE OSORNIO, COMPROMETIDO CON LOS ACULQUENSES: INICIO DE OBRAS - Expresso Metropolitano\" \/>\n<meta property=\"og:description\" content=\"En beneficio de varias familias de la Comunidad de Santa Ana Matlavat, el Presidente Municipal, Jorge Osornio, encabez\u00f3 el arranque de la construcci\u00f3n de 300m de drenaje sanitario\" \/>\n<meta property=\"og:url\" content=\"https:\/\/expressometro.mx\/index.php\/2022\/05\/12\/jorge-osornio-comprometido-con-los-aculquenses-inicio-de-obras\/\" \/>\n<meta property=\"og:site_name\" content=\"Expresso Metropolitano\" \/>\n<meta property=\"article:published_time\" content=\"2022-05-12T06:57:00+00:00\" \/>\n<meta property=\"article:modified_time\" content=\"2022-07-08T07:00:08+00:00\" \/>\n<meta property=\"og:image\" content=\"http:\/\/expressometro.mx\/wp-content\/uploads\/2022\/07\/Aculco-120522-2.jpg\" \/>\n\t<meta property=\"og:image:width\" content=\"593\" \/>\n\t<meta property=\"og:image:height\" content=\"395\" \/>\n\t<meta property=\"og:image:type\" content=\"image\/jpeg\" \/>\n<meta name=\"author\" content=\"Expresso Metropolitano\" \/>\n<meta name=\"twitter:label1\" content=\"Escrito por\" \/>\n\t<meta name=\"twitter:data1\" content=\"Expresso Metropolitano\" \/>\n\t<meta name=\"twitter:label2\" content=\"Tiempo de lectura\" \/>\n\t<meta name=\"twitter:data2\" content=\"2 minutos\" \/>\n<script type=\"application\/ld+json\" class=\"yoast-schema-graph\">{\"@context\":\"https:\\\/\\\/schema.org\",\"@graph\":[{\"@type\":\"Article\",\"@id\":\"https:\\\/\\\/expressometro.mx\\\/index.php\\\/2022\\\/05\\\/12\\\/jorge-osornio-comprometido-con-los-aculquenses-inicio-de-obras\\\/#article\",\"isPartOf\":{\"@id\":\"https:\\\/\\\/expressometro.mx\\\/index.php\\\/2022\\\/05\\\/12\\\/jorge-osornio-comprometido-con-los-aculquenses-inicio-de-obras\\\/\"},\"author\":{\"name\":\"Expresso Metropolitano\",\"@id\":\"https:\\\/\\\/expressometro.mx\\\/#\\\/schema\\\/person\\\/efa971b4a0664db8ed5c22b1b0dd2f5d\"},\"headline\":\"JORGE OSORNIO, COMPROMETIDO CON LOS ACULQUENSES: INICIO DE OBRAS\",\"datePublished\":\"2022-05-12T06:57:00+00:00\",\"dateModified\":\"2022-07-08T07:00:08+00:00\",\"mainEntityOfPage\":{\"@id\":\"https:\\\/\\\/expressometro.mx\\\/index.php\\\/2022\\\/05\\\/12\\\/jorge-osornio-comprometido-con-los-aculquenses-inicio-de-obras\\\/\"},\"wordCount\":310,\"commentCount\":0,\"publisher\":{\"@id\":\"https:\\\/\\\/expressometro.mx\\\/#organization\"},\"image\":{\"@id\":\"https:\\\/\\\/expressometro.mx\\\/index.php\\\/2022\\\/05\\\/12\\\/jorge-osornio-comprometido-con-los-aculquenses-inicio-de-obras\\\/#primaryimage\"},\"thumbnailUrl\":\"https:\\\/\\\/expressometro.mx\\\/wp-content\\\/uploads\\\/2022\\\/07\\\/Aculco-120522-2.jpg\",\"keywords\":[\"Aculco\",\"Jorge Osornio\"],\"articleSection\":[\"Gobierno\",\"Pol\u00edtica\"],\"inLanguage\":\"es\",\"potentialAction\":[{\"@type\":\"CommentAction\",\"name\":\"Comment\",\"target\":[\"https:\\\/\\\/expressometro.mx\\\/index.php\\\/2022\\\/05\\\/12\\\/jorge-osornio-comprometido-con-los-aculquenses-inicio-de-obras\\\/#respond\"]}]},{\"@type\":\"WebPage\",\"@id\":\"https:\\\/\\\/expressometro.mx\\\/index.php\\\/2022\\\/05\\\/12\\\/jorge-osornio-comprometido-con-los-aculquenses-inicio-de-obras\\\/\",\"url\":\"https:\\\/\\\/expressometro.mx\\\/index.php\\\/2022\\\/05\\\/12\\\/jorge-osornio-comprometido-con-los-aculquenses-inicio-de-obras\\\/\",\"name\":\"JORGE OSORNIO, COMPROMETIDO CON LOS ACULQUENSES: INICIO DE OBRAS - Expresso Metropolitano\",\"isPartOf\":{\"@id\":\"https:\\\/\\\/expressometro.mx\\\/#website\"},\"primaryImageOfPage\":{\"@id\":\"https:\\\/\\\/expressometro.mx\\\/index.php\\\/2022\\\/05\\\/12\\\/jorge-osornio-comprometido-con-los-aculquenses-inicio-de-obras\\\/#primaryimage\"},\"image\":{\"@id\":\"https:\\\/\\\/expressometro.mx\\\/index.php\\\/2022\\\/05\\\/12\\\/jorge-osornio-comprometido-con-los-aculquenses-inicio-de-obras\\\/#primaryimage\"},\"thumbnailUrl\":\"https:\\\/\\\/expressometro.mx\\\/wp-content\\\/uploads\\\/2022\\\/07\\\/Aculco-120522-2.jpg\",\"datePublished\":\"2022-05-12T06:57:00+00:00\",\"dateModified\":\"2022-07-08T07:00:08+00:00\",\"breadcrumb\":{\"@id\":\"https:\\\/\\\/expressometro.mx\\\/index.php\\\/2022\\\/05\\\/12\\\/jorge-osornio-comprometido-con-los-aculquenses-inicio-de-obras\\\/#breadcrumb\"},\"inLanguage\":\"es\",\"potentialAction\":[{\"@type\":\"ReadAction\",\"target\":[\"https:\\\/\\\/expressometro.mx\\\/index.php\\\/2022\\\/05\\\/12\\\/jorge-osornio-comprometido-con-los-aculquenses-inicio-de-obras\\\/\"]}]},{\"@type\":\"ImageObject\",\"inLanguage\":\"es\",\"@id\":\"https:\\\/\\\/expressometro.mx\\\/index.php\\\/2022\\\/05\\\/12\\\/jorge-osornio-comprometido-con-los-aculquenses-inicio-de-obras\\\/#primaryimage\",\"url\":\"https:\\\/\\\/expressometro.mx\\\/wp-content\\\/uploads\\\/2022\\\/07\\\/Aculco-120522-2.jpg\",\"contentUrl\":\"https:\\\/\\\/expressometro.mx\\\/wp-content\\\/uploads\\\/2022\\\/07\\\/Aculco-120522-2.jpg\",\"width\":593,\"height\":395},{\"@type\":\"BreadcrumbList\",\"@id\":\"https:\\\/\\\/expressometro.mx\\\/index.php\\\/2022\\\/05\\\/12\\\/jorge-osornio-comprometido-con-los-aculquenses-inicio-de-obras\\\/#breadcrumb\",\"itemListElement\":[{\"@type\":\"ListItem\",\"position\":1,\"name\":\"Inicio\",\"item\":\"https:\\\/\\\/expressometro.mx\\\/\"},{\"@type\":\"ListItem\",\"position\":2,\"name\":\"JORGE OSORNIO, COMPROMETIDO CON LOS ACULQUENSES: INICIO DE OBRAS\"}]},{\"@type\":\"WebSite\",\"@id\":\"https:\\\/\\\/expressometro.mx\\\/#website\",\"url\":\"https:\\\/\\\/expressometro.mx\\\/\",\"name\":\"Expresso Metropolitano\",\"description\":\"Periodismo comprometido, informaci\u00f3n, investigaci\u00f3n y an\u00e1lisis\",\"publisher\":{\"@id\":\"https:\\\/\\\/expressometro.mx\\\/#organization\"},\"potentialAction\":[{\"@type\":\"SearchAction\",\"target\":{\"@type\":\"EntryPoint\",\"urlTemplate\":\"https:\\\/\\\/expressometro.mx\\\/?s={search_term_string}\"},\"query-input\":{\"@type\":\"PropertyValueSpecification\",\"valueRequired\":true,\"valueName\":\"search_term_string\"}}],\"inLanguage\":\"es\"},{\"@type\":\"Organization\",\"@id\":\"https:\\\/\\\/expressometro.mx\\\/#organization\",\"name\":\"Expresso Metropolitano\",\"url\":\"https:\\\/\\\/expressometro.mx\\\/\",\"logo\":{\"@type\":\"ImageObject\",\"inLanguage\":\"es\",\"@id\":\"https:\\\/\\\/expressometro.mx\\\/#\\\/schema\\\/logo\\\/image\\\/\",\"url\":\"https:\\\/\\\/expressometro.mx\\\/wp-content\\\/uploads\\\/2019\\\/07\\\/cropped-Logo-Expresso-Metropolitano-1-1.jpeg\",\"contentUrl\":\"https:\\\/\\\/expressometro.mx\\\/wp-content\\\/uploads\\\/2019\\\/07\\\/cropped-Logo-Expresso-Metropolitano-1-1.jpeg\",\"width\":290,\"height\":73,\"caption\":\"Expresso Metropolitano\"},\"image\":{\"@id\":\"https:\\\/\\\/expressometro.mx\\\/#\\\/schema\\\/logo\\\/image\\\/\"}},{\"@type\":\"Person\",\"@id\":\"https:\\\/\\\/expressometro.mx\\\/#\\\/schema\\\/person\\\/efa971b4a0664db8ed5c22b1b0dd2f5d\",\"name\":\"Expresso Metropolitano\",\"image\":{\"@type\":\"ImageObject\",\"inLanguage\":\"es\",\"@id\":\"https:\\\/\\\/secure.gravatar.com\\\/avatar\\\/a89f802b8de18c6952f223c88d3d106e9e3679839f4e25a02f4a6cc2ae6ba3b3?s=96&d=mm&r=g\",\"url\":\"https:\\\/\\\/secure.gravatar.com\\\/avatar\\\/a89f802b8de18c6952f223c88d3d106e9e3679839f4e25a02f4a6cc2ae6ba3b3?s=96&d=mm&r=g\",\"contentUrl\":\"https:\\\/\\\/secure.gravatar.com\\\/avatar\\\/a89f802b8de18c6952f223c88d3d106e9e3679839f4e25a02f4a6cc2ae6ba3b3?s=96&d=mm&r=g\",\"caption\":\"Expresso Metropolitano\"},\"url\":\"https:\\\/\\\/expressometro.mx\\\/index.php\\\/author\\\/diego\\\/\"}]}<\/script>\n<!-- \/ Yoast SEO plugin. -->","yoast_head_json":{"title":"JORGE OSORNIO, COMPROMETIDO CON LOS ACULQUENSES: INICIO DE OBRAS - Expresso Metropolitano","robots":{"index":"index","follow":"follow","max-snippet":"max-snippet:-1","max-image-preview":"max-image-preview:large","max-video-preview":"max-video-preview:-1"},"canonical":"https:\/\/expressometro.mx\/index.php\/2022\/05\/12\/jorge-osornio-comprometido-con-los-aculquenses-inicio-de-obras\/","og_locale":"es_MX","og_type":"article","og_title":"JORGE OSORNIO, COMPROMETIDO CON LOS ACULQUENSES: INICIO DE OBRAS - Expresso Metropolitano","og_description":"En beneficio de varias familias de la Comunidad de Santa Ana Matlavat, el Presidente Municipal, Jorge Osornio, encabez\u00f3 el arranque de la construcci\u00f3n de 300m de drenaje sanitario","og_url":"https:\/\/expressometro.mx\/index.php\/2022\/05\/12\/jorge-osornio-comprometido-con-los-aculquenses-inicio-de-obras\/","og_site_name":"Expresso Metropolitano","article_published_time":"2022-05-12T06:57:00+00:00","article_modified_time":"2022-07-08T07:00:08+00:00","og_image":[{"width":593,"height":395,"url":"http:\/\/expressometro.mx\/wp-content\/uploads\/2022\/07\/Aculco-120522-2.jpg","type":"image\/jpeg"}],"author":"Expresso Metropolitano","twitter_misc":{"Escrito por":"Expresso Metropolitano","Tiempo de lectura":"2 minutos"},"schema":{"@context":"https:\/\/schema.org","@graph":[{"@type":"Article","@id":"https:\/\/expressometro.mx\/index.php\/2022\/05\/12\/jorge-osornio-comprometido-con-los-aculquenses-inicio-de-obras\/#article","isPartOf":{"@id":"https:\/\/expressometro.mx\/index.php\/2022\/05\/12\/jorge-osornio-comprometido-con-los-aculquenses-inicio-de-obras\/"},"author":{"name":"Expresso Metropolitano","@id":"https:\/\/expressometro.mx\/#\/schema\/person\/efa971b4a0664db8ed5c22b1b0dd2f5d"},"headline":"JORGE OSORNIO, COMPROMETIDO CON LOS ACULQUENSES: INICIO DE OBRAS","datePublished":"2022-05-12T06:57:00+00:00","dateModified":"2022-07-08T07:00:08+00:00","mainEntityOfPage":{"@id":"https:\/\/expressometro.mx\/index.php\/2022\/05\/12\/jorge-osornio-comprometido-con-los-aculquenses-inicio-de-obras\/"},"wordCount":310,"commentCount":0,"publisher":{"@id":"https:\/\/expressometro.mx\/#organization"},"image":{"@id":"https:\/\/expressometro.mx\/index.php\/2022\/05\/12\/jorge-osornio-comprometido-con-los-aculquenses-inicio-de-obras\/#primaryimage"},"thumbnailUrl":"https:\/\/expressometro.mx\/wp-content\/uploads\/2022\/07\/Aculco-120522-2.jpg","keywords":["Aculco","Jorge Osornio"],"articleSection":["Gobierno","Pol\u00edtica"],"inLanguage":"es","potentialAction":[{"@type":"CommentAction","name":"Comment","target":["https:\/\/expressometro.mx\/index.php\/2022\/05\/12\/jorge-osornio-comprometido-con-los-aculquenses-inicio-de-obras\/#respond"]}]},{"@type":"WebPage","@id":"https:\/\/expressometro.mx\/index.php\/2022\/05\/12\/jorge-osornio-comprometido-con-los-aculquenses-inicio-de-obras\/","url":"https:\/\/expressometro.mx\/index.php\/2022\/05\/12\/jorge-osornio-comprometido-con-los-aculquenses-inicio-de-obras\/","name":"JORGE OSORNIO, COMPROMETIDO CON LOS ACULQUENSES: INICIO DE OBRAS - Expresso Metropolitano","isPartOf":{"@id":"https:\/\/expressometro.mx\/#website"},"primaryImageOfPage":{"@id":"https:\/\/expressometro.mx\/index.php\/2022\/05\/12\/jorge-osornio-comprometido-con-los-aculquenses-inicio-de-obras\/#primaryimage"},"image":{"@id":"https:\/\/expressometro.mx\/index.php\/2022\/05\/12\/jorge-osornio-comprometido-con-los-aculquenses-inicio-de-obras\/#primaryimage"},"thumbnailUrl":"https:\/\/expressometro.mx\/wp-content\/uploads\/2022\/07\/Aculco-120522-2.jpg","datePublished":"2022-05-12T06:57:00+00:00","dateModified":"2022-07-08T07:00:08+00:00","breadcrumb":{"@id":"https:\/\/expressometro.mx\/index.php\/2022\/05\/12\/jorge-osornio-comprometido-con-los-aculquenses-inicio-de-obras\/#breadcrumb"},"inLanguage":"es","potentialAction":[{"@type":"ReadAction","target":["https:\/\/expressometro.mx\/index.php\/2022\/05\/12\/jorge-osornio-comprometido-con-los-aculquenses-inicio-de-obras\/"]}]},{"@type":"ImageObject","inLanguage":"es","@id":"https:\/\/expressometro.mx\/index.php\/2022\/05\/12\/jorge-osornio-comprometido-con-los-aculquenses-inicio-de-obras\/#primaryimage","url":"https:\/\/expressometro.mx\/wp-content\/uploads\/2022\/07\/Aculco-120522-2.jpg","contentUrl":"https:\/\/expressometro.mx\/wp-content\/uploads\/2022\/07\/Aculco-120522-2.jpg","width":593,"height":395},{"@type":"BreadcrumbList","@id":"https:\/\/expressometro.mx\/index.php\/2022\/05\/12\/jorge-osornio-comprometido-con-los-aculquenses-inicio-de-obras\/#breadcrumb","itemListElement":[{"@type":"ListItem","position":1,"name":"Inicio","item":"https:\/\/expressometro.mx\/"},{"@type":"ListItem","position":2,"name":"JORGE OSORNIO, COMPROMETIDO CON LOS ACULQUENSES: INICIO DE OBRAS"}]},{"@type":"WebSite","@id":"https:\/\/expressometro.mx\/#website","url":"https:\/\/expressometro.mx\/","name":"Expresso Metropolitano","description":"Periodismo comprometido, informaci\u00f3n, investigaci\u00f3n y an\u00e1lisis","publisher":{"@id":"https:\/\/expressometro.mx\/#organization"},"potentialAction":[{"@type":"SearchAction","target":{"@type":"EntryPoint","urlTemplate":"https:\/\/expressometro.mx\/?s={search_term_string}"},"query-input":{"@type":"PropertyValueSpecification","valueRequired":true,"valueName":"search_term_string"}}],"inLanguage":"es"},{"@type":"Organization","@id":"https:\/\/expressometro.mx\/#organization","name":"Expresso Metropolitano","url":"https:\/\/expressometro.mx\/","logo":{"@type":"ImageObject","inLanguage":"es","@id":"https:\/\/expressometro.mx\/#\/schema\/logo\/image\/","url":"https:\/\/expressometro.mx\/wp-content\/uploads\/2019\/07\/cropped-Logo-Expresso-Metropolitano-1-1.jpeg","contentUrl":"https:\/\/expressometro.mx\/wp-content\/uploads\/2019\/07\/cropped-Logo-Expresso-Metropolitano-1-1.jpeg","width":290,"height":73,"caption":"Expresso Metropolitano"},"image":{"@id":"https:\/\/expressometro.mx\/#\/schema\/logo\/image\/"}},{"@type":"Person","@id":"https:\/\/expressometro.mx\/#\/schema\/person\/efa971b4a0664db8ed5c22b1b0dd2f5d","name":"Expresso Metropolitano","image":{"@type":"ImageObject","inLanguage":"es","@id":"https:\/\/secure.gravatar.com\/avatar\/a89f802b8de18c6952f223c88d3d106e9e3679839f4e25a02f4a6cc2ae6ba3b3?s=96&d=mm&r=g","url":"https:\/\/secure.gravatar.com\/avatar\/a89f802b8de18c6952f223c88d3d106e9e3679839f4e25a02f4a6cc2ae6ba3b3?s=96&d=mm&r=g","contentUrl":"https:\/\/secure.gravatar.com\/avatar\/a89f802b8de18c6952f223c88d3d106e9e3679839f4e25a02f4a6cc2ae6ba3b3?s=96&d=mm&r=g","caption":"Expresso Metropolitano"},"url":"https:\/\/expressometro.mx\/index.php\/author\/diego\/"}]}},"amp_enabled":true,"_links":{"self":[{"href":"https:\/\/expressometro.mx\/index.php\/wp-json\/wp\/v2\/posts\/5971","targetHints":{"allow":["GET"]}}],"collection":[{"href":"https:\/\/expressometro.mx\/index.php\/wp-json\/wp\/v2\/posts"}],"about":[{"href":"https:\/\/expressometro.mx\/index.php\/wp-json\/wp\/v2\/types\/post"}],"author":[{"embeddable":true,"href":"https:\/\/expressometro.mx\/index.php\/wp-json\/wp\/v2\/users\/1"}],"replies":[{"embeddable":true,"href":"https:\/\/expressometro.mx\/index.php\/wp-json\/wp\/v2\/comments?post=5971"}],"version-history":[{"count":1,"href":"https:\/\/expressometro.mx\/index.php\/wp-json\/wp\/v2\/posts\/5971\/revisions"}],"predecessor-version":[{"id":5974,"href":"https:\/\/expressometro.mx\/index.php\/wp-json\/wp\/v2\/posts\/5971\/revisions\/5974"}],"wp:featuredmedia":[{"embeddable":true,"href":"https:\/\/expressometro.mx\/index.php\/wp-json\/wp\/v2\/media\/5973"}],"wp:attachment":[{"href":"https:\/\/expressometro.mx\/index.php\/wp-json\/wp\/v2\/media?parent=5971"}],"wp:term":[{"taxonomy":"category","embeddable":true,"href":"https:\/\/expressometro.mx\/index.php\/wp-json\/wp\/v2\/categories?post=5971"},{"taxonomy":"post_tag","embeddable":true,"href":"https:\/\/expressometro.mx\/index.php\/wp-json\/wp\/v2\/tags?post=5971"}],"curies":[{"name":"wp","href":"https:\/\/api.w.org\/{rel}","templated":true}]}}