{"id":5966,"date":"2022-05-06T01:50:00","date_gmt":"2022-05-06T06:50:00","guid":{"rendered":"https:\/\/expressometro.mx\/?p=5966"},"modified":"2022-07-08T01:56:46","modified_gmt":"2022-07-08T06:56:46","slug":"inicio-de-obras-en-comunidades-de-aculco","status":"publish","type":"post","link":"https:\/\/expressometro.mx\/index.php\/2022\/05\/06\/inicio-de-obras-en-comunidades-de-aculco\/","title":{"rendered":"INICIO DE OBRAS EN COMUNIDADES DE ACULCO"},"content":{"rendered":"\n<p><\/p>\n\n\n\n<p>Los habitantes de las comunidades de San Lucas Totolmaloya y de La Concepci\u00f3n Pueblo, se vieron beneficiados con el arranque del encementado de los caminos principales de estas comunidades, y que son necesarias para mejorar la vida cotidiana de sus pobladores.<\/p>\n\n\n\n<p>El Presidente Municipal, Jorge Osornio, y las autoridades municipales que lo acompa\u00f1aron, dieron el banderazo para que se iniciara la construcci\u00f3n de 70 metros lineales de pavimentaci\u00f3n. Tambi\u00e9n se hizo entrega de material para la ampliaci\u00f3n del sistema de agua potable y entregaron 8 postes para la ampliaci\u00f3n de electrificaci\u00f3n, con una inversi\u00f3n aproximada de 550 mil pesos.<\/p>\n\n\n\n<p>En La Concepci\u00f3n pueblo, iniciaron la construcci\u00f3n de 140 metros lineales de pavimentaci\u00f3n, con una inversi\u00f3n aproximada de 450 mil pesos. El Presidente Municipal destac\u00f3 la importancia de que tanto los ciudadanos como las autoridades, deben de trabajar en conjunto para lograr concretar las obras que sus habitantes demandan.<\/p>\n","protected":false},"excerpt":{"rendered":"<p>Los habitantes de las comunidades de San Lucas Totolmaloya y de La Concepci\u00f3n Pueblo, se vieron beneficiados con el arranque del encementado de los caminos principales de estas comunidades<\/p>\n","protected":false},"author":1,"featured_media":5968,"comment_status":"open","ping_status":"open","sticky":false,"template":"","format":"standard","meta":{"footnotes":""},"categories":[3,231],"tags":[955,954],"class_list":["post-5966","post","type-post","status-publish","format-standard","has-post-thumbnail","hentry","category-gobierno","category-politica","tag-aculco","tag-jorge-osornio"],"yoast_head":"<!-- This site is optimized with the Yoast SEO plugin v27.5 - https:\/\/yoast.com\/product\/yoast-seo-wordpress\/ -->\n<title>INICIO DE OBRAS EN COMUNIDADES DE ACULCO - Expresso Metropolitano<\/title>\n<meta name=\"robots\" content=\"index, follow, max-snippet:-1, max-image-preview:large, max-video-preview:-1\" \/>\n<link rel=\"canonical\" href=\"https:\/\/expressometro.mx\/index.php\/2022\/05\/06\/inicio-de-obras-en-comunidades-de-aculco\/\" \/>\n<meta property=\"og:locale\" content=\"es_MX\" \/>\n<meta property=\"og:type\" content=\"article\" \/>\n<meta property=\"og:title\" content=\"INICIO DE OBRAS EN COMUNIDADES DE ACULCO - Expresso Metropolitano\" \/>\n<meta property=\"og:description\" content=\"Los habitantes de las comunidades de San Lucas Totolmaloya y de La Concepci\u00f3n Pueblo, se vieron beneficiados con el arranque del encementado de los caminos principales de estas comunidades\" \/>\n<meta property=\"og:url\" content=\"https:\/\/expressometro.mx\/index.php\/2022\/05\/06\/inicio-de-obras-en-comunidades-de-aculco\/\" \/>\n<meta property=\"og:site_name\" content=\"Expresso Metropolitano\" \/>\n<meta property=\"article:published_time\" content=\"2022-05-06T06:50:00+00:00\" \/>\n<meta property=\"article:modified_time\" content=\"2022-07-08T06:56:46+00:00\" \/>\n<meta property=\"og:image\" content=\"http:\/\/expressometro.mx\/wp-content\/uploads\/2022\/07\/Aculco-060522-2.jpg\" \/>\n\t<meta property=\"og:image:width\" content=\"1249\" \/>\n\t<meta property=\"og:image:height\" content=\"684\" \/>\n\t<meta property=\"og:image:type\" content=\"image\/jpeg\" \/>\n<meta name=\"author\" content=\"Expresso Metropolitano\" \/>\n<meta name=\"twitter:label1\" content=\"Escrito por\" \/>\n\t<meta name=\"twitter:data1\" content=\"Expresso Metropolitano\" \/>\n\t<meta name=\"twitter:label2\" content=\"Tiempo de lectura\" \/>\n\t<meta name=\"twitter:data2\" content=\"1 minuto\" \/>\n<script type=\"application\/ld+json\" class=\"yoast-schema-graph\">{\"@context\":\"https:\\\/\\\/schema.org\",\"@graph\":[{\"@type\":\"Article\",\"@id\":\"https:\\\/\\\/expressometro.mx\\\/index.php\\\/2022\\\/05\\\/06\\\/inicio-de-obras-en-comunidades-de-aculco\\\/#article\",\"isPartOf\":{\"@id\":\"https:\\\/\\\/expressometro.mx\\\/index.php\\\/2022\\\/05\\\/06\\\/inicio-de-obras-en-comunidades-de-aculco\\\/\"},\"author\":{\"name\":\"Expresso Metropolitano\",\"@id\":\"https:\\\/\\\/expressometro.mx\\\/#\\\/schema\\\/person\\\/efa971b4a0664db8ed5c22b1b0dd2f5d\"},\"headline\":\"INICIO DE OBRAS EN COMUNIDADES DE ACULCO\",\"datePublished\":\"2022-05-06T06:50:00+00:00\",\"dateModified\":\"2022-07-08T06:56:46+00:00\",\"mainEntityOfPage\":{\"@id\":\"https:\\\/\\\/expressometro.mx\\\/index.php\\\/2022\\\/05\\\/06\\\/inicio-de-obras-en-comunidades-de-aculco\\\/\"},\"wordCount\":163,\"commentCount\":0,\"publisher\":{\"@id\":\"https:\\\/\\\/expressometro.mx\\\/#organization\"},\"image\":{\"@id\":\"https:\\\/\\\/expressometro.mx\\\/index.php\\\/2022\\\/05\\\/06\\\/inicio-de-obras-en-comunidades-de-aculco\\\/#primaryimage\"},\"thumbnailUrl\":\"https:\\\/\\\/expressometro.mx\\\/wp-content\\\/uploads\\\/2022\\\/07\\\/Aculco-060522-2.jpg\",\"keywords\":[\"Aculco\",\"Jorge Osornio\"],\"articleSection\":[\"Gobierno\",\"Pol\u00edtica\"],\"inLanguage\":\"es\",\"potentialAction\":[{\"@type\":\"CommentAction\",\"name\":\"Comment\",\"target\":[\"https:\\\/\\\/expressometro.mx\\\/index.php\\\/2022\\\/05\\\/06\\\/inicio-de-obras-en-comunidades-de-aculco\\\/#respond\"]}]},{\"@type\":\"WebPage\",\"@id\":\"https:\\\/\\\/expressometro.mx\\\/index.php\\\/2022\\\/05\\\/06\\\/inicio-de-obras-en-comunidades-de-aculco\\\/\",\"url\":\"https:\\\/\\\/expressometro.mx\\\/index.php\\\/2022\\\/05\\\/06\\\/inicio-de-obras-en-comunidades-de-aculco\\\/\",\"name\":\"INICIO DE OBRAS EN COMUNIDADES DE ACULCO - Expresso Metropolitano\",\"isPartOf\":{\"@id\":\"https:\\\/\\\/expressometro.mx\\\/#website\"},\"primaryImageOfPage\":{\"@id\":\"https:\\\/\\\/expressometro.mx\\\/index.php\\\/2022\\\/05\\\/06\\\/inicio-de-obras-en-comunidades-de-aculco\\\/#primaryimage\"},\"image\":{\"@id\":\"https:\\\/\\\/expressometro.mx\\\/index.php\\\/2022\\\/05\\\/06\\\/inicio-de-obras-en-comunidades-de-aculco\\\/#primaryimage\"},\"thumbnailUrl\":\"https:\\\/\\\/expressometro.mx\\\/wp-content\\\/uploads\\\/2022\\\/07\\\/Aculco-060522-2.jpg\",\"datePublished\":\"2022-05-06T06:50:00+00:00\",\"dateModified\":\"2022-07-08T06:56:46+00:00\",\"breadcrumb\":{\"@id\":\"https:\\\/\\\/expressometro.mx\\\/index.php\\\/2022\\\/05\\\/06\\\/inicio-de-obras-en-comunidades-de-aculco\\\/#breadcrumb\"},\"inLanguage\":\"es\",\"potentialAction\":[{\"@type\":\"ReadAction\",\"target\":[\"https:\\\/\\\/expressometro.mx\\\/index.php\\\/2022\\\/05\\\/06\\\/inicio-de-obras-en-comunidades-de-aculco\\\/\"]}]},{\"@type\":\"ImageObject\",\"inLanguage\":\"es\",\"@id\":\"https:\\\/\\\/expressometro.mx\\\/index.php\\\/2022\\\/05\\\/06\\\/inicio-de-obras-en-comunidades-de-aculco\\\/#primaryimage\",\"url\":\"https:\\\/\\\/expressometro.mx\\\/wp-content\\\/uploads\\\/2022\\\/07\\\/Aculco-060522-2.jpg\",\"contentUrl\":\"https:\\\/\\\/expressometro.mx\\\/wp-content\\\/uploads\\\/2022\\\/07\\\/Aculco-060522-2.jpg\",\"width\":1249,\"height\":684},{\"@type\":\"BreadcrumbList\",\"@id\":\"https:\\\/\\\/expressometro.mx\\\/index.php\\\/2022\\\/05\\\/06\\\/inicio-de-obras-en-comunidades-de-aculco\\\/#breadcrumb\",\"itemListElement\":[{\"@type\":\"ListItem\",\"position\":1,\"name\":\"Inicio\",\"item\":\"https:\\\/\\\/expressometro.mx\\\/\"},{\"@type\":\"ListItem\",\"position\":2,\"name\":\"INICIO DE OBRAS EN COMUNIDADES DE ACULCO\"}]},{\"@type\":\"WebSite\",\"@id\":\"https:\\\/\\\/expressometro.mx\\\/#website\",\"url\":\"https:\\\/\\\/expressometro.mx\\\/\",\"name\":\"Expresso Metropolitano\",\"description\":\"Periodismo comprometido, informaci\u00f3n, investigaci\u00f3n y an\u00e1lisis\",\"publisher\":{\"@id\":\"https:\\\/\\\/expressometro.mx\\\/#organization\"},\"potentialAction\":[{\"@type\":\"SearchAction\",\"target\":{\"@type\":\"EntryPoint\",\"urlTemplate\":\"https:\\\/\\\/expressometro.mx\\\/?s={search_term_string}\"},\"query-input\":{\"@type\":\"PropertyValueSpecification\",\"valueRequired\":true,\"valueName\":\"search_term_string\"}}],\"inLanguage\":\"es\"},{\"@type\":\"Organization\",\"@id\":\"https:\\\/\\\/expressometro.mx\\\/#organization\",\"name\":\"Expresso Metropolitano\",\"url\":\"https:\\\/\\\/expressometro.mx\\\/\",\"logo\":{\"@type\":\"ImageObject\",\"inLanguage\":\"es\",\"@id\":\"https:\\\/\\\/expressometro.mx\\\/#\\\/schema\\\/logo\\\/image\\\/\",\"url\":\"https:\\\/\\\/expressometro.mx\\\/wp-content\\\/uploads\\\/2019\\\/07\\\/cropped-Logo-Expresso-Metropolitano-1-1.jpeg\",\"contentUrl\":\"https:\\\/\\\/expressometro.mx\\\/wp-content\\\/uploads\\\/2019\\\/07\\\/cropped-Logo-Expresso-Metropolitano-1-1.jpeg\",\"width\":290,\"height\":73,\"caption\":\"Expresso Metropolitano\"},\"image\":{\"@id\":\"https:\\\/\\\/expressometro.mx\\\/#\\\/schema\\\/logo\\\/image\\\/\"}},{\"@type\":\"Person\",\"@id\":\"https:\\\/\\\/expressometro.mx\\\/#\\\/schema\\\/person\\\/efa971b4a0664db8ed5c22b1b0dd2f5d\",\"name\":\"Expresso Metropolitano\",\"image\":{\"@type\":\"ImageObject\",\"inLanguage\":\"es\",\"@id\":\"https:\\\/\\\/secure.gravatar.com\\\/avatar\\\/a89f802b8de18c6952f223c88d3d106e9e3679839f4e25a02f4a6cc2ae6ba3b3?s=96&d=mm&r=g\",\"url\":\"https:\\\/\\\/secure.gravatar.com\\\/avatar\\\/a89f802b8de18c6952f223c88d3d106e9e3679839f4e25a02f4a6cc2ae6ba3b3?s=96&d=mm&r=g\",\"contentUrl\":\"https:\\\/\\\/secure.gravatar.com\\\/avatar\\\/a89f802b8de18c6952f223c88d3d106e9e3679839f4e25a02f4a6cc2ae6ba3b3?s=96&d=mm&r=g\",\"caption\":\"Expresso Metropolitano\"},\"url\":\"https:\\\/\\\/expressometro.mx\\\/index.php\\\/author\\\/diego\\\/\"}]}<\/script>\n<!-- \/ Yoast SEO plugin. -->","yoast_head_json":{"title":"INICIO DE OBRAS EN COMUNIDADES DE ACULCO - Expresso Metropolitano","robots":{"index":"index","follow":"follow","max-snippet":"max-snippet:-1","max-image-preview":"max-image-preview:large","max-video-preview":"max-video-preview:-1"},"canonical":"https:\/\/expressometro.mx\/index.php\/2022\/05\/06\/inicio-de-obras-en-comunidades-de-aculco\/","og_locale":"es_MX","og_type":"article","og_title":"INICIO DE OBRAS EN COMUNIDADES DE ACULCO - Expresso Metropolitano","og_description":"Los habitantes de las comunidades de San Lucas Totolmaloya y de La Concepci\u00f3n Pueblo, se vieron beneficiados con el arranque del encementado de los caminos principales de estas comunidades","og_url":"https:\/\/expressometro.mx\/index.php\/2022\/05\/06\/inicio-de-obras-en-comunidades-de-aculco\/","og_site_name":"Expresso Metropolitano","article_published_time":"2022-05-06T06:50:00+00:00","article_modified_time":"2022-07-08T06:56:46+00:00","og_image":[{"width":1249,"height":684,"url":"http:\/\/expressometro.mx\/wp-content\/uploads\/2022\/07\/Aculco-060522-2.jpg","type":"image\/jpeg"}],"author":"Expresso Metropolitano","twitter_misc":{"Escrito por":"Expresso Metropolitano","Tiempo de lectura":"1 minuto"},"schema":{"@context":"https:\/\/schema.org","@graph":[{"@type":"Article","@id":"https:\/\/expressometro.mx\/index.php\/2022\/05\/06\/inicio-de-obras-en-comunidades-de-aculco\/#article","isPartOf":{"@id":"https:\/\/expressometro.mx\/index.php\/2022\/05\/06\/inicio-de-obras-en-comunidades-de-aculco\/"},"author":{"name":"Expresso Metropolitano","@id":"https:\/\/expressometro.mx\/#\/schema\/person\/efa971b4a0664db8ed5c22b1b0dd2f5d"},"headline":"INICIO DE OBRAS EN COMUNIDADES DE ACULCO","datePublished":"2022-05-06T06:50:00+00:00","dateModified":"2022-07-08T06:56:46+00:00","mainEntityOfPage":{"@id":"https:\/\/expressometro.mx\/index.php\/2022\/05\/06\/inicio-de-obras-en-comunidades-de-aculco\/"},"wordCount":163,"commentCount":0,"publisher":{"@id":"https:\/\/expressometro.mx\/#organization"},"image":{"@id":"https:\/\/expressometro.mx\/index.php\/2022\/05\/06\/inicio-de-obras-en-comunidades-de-aculco\/#primaryimage"},"thumbnailUrl":"https:\/\/expressometro.mx\/wp-content\/uploads\/2022\/07\/Aculco-060522-2.jpg","keywords":["Aculco","Jorge Osornio"],"articleSection":["Gobierno","Pol\u00edtica"],"inLanguage":"es","potentialAction":[{"@type":"CommentAction","name":"Comment","target":["https:\/\/expressometro.mx\/index.php\/2022\/05\/06\/inicio-de-obras-en-comunidades-de-aculco\/#respond"]}]},{"@type":"WebPage","@id":"https:\/\/expressometro.mx\/index.php\/2022\/05\/06\/inicio-de-obras-en-comunidades-de-aculco\/","url":"https:\/\/expressometro.mx\/index.php\/2022\/05\/06\/inicio-de-obras-en-comunidades-de-aculco\/","name":"INICIO DE OBRAS EN COMUNIDADES DE ACULCO - Expresso Metropolitano","isPartOf":{"@id":"https:\/\/expressometro.mx\/#website"},"primaryImageOfPage":{"@id":"https:\/\/expressometro.mx\/index.php\/2022\/05\/06\/inicio-de-obras-en-comunidades-de-aculco\/#primaryimage"},"image":{"@id":"https:\/\/expressometro.mx\/index.php\/2022\/05\/06\/inicio-de-obras-en-comunidades-de-aculco\/#primaryimage"},"thumbnailUrl":"https:\/\/expressometro.mx\/wp-content\/uploads\/2022\/07\/Aculco-060522-2.jpg","datePublished":"2022-05-06T06:50:00+00:00","dateModified":"2022-07-08T06:56:46+00:00","breadcrumb":{"@id":"https:\/\/expressometro.mx\/index.php\/2022\/05\/06\/inicio-de-obras-en-comunidades-de-aculco\/#breadcrumb"},"inLanguage":"es","potentialAction":[{"@type":"ReadAction","target":["https:\/\/expressometro.mx\/index.php\/2022\/05\/06\/inicio-de-obras-en-comunidades-de-aculco\/"]}]},{"@type":"ImageObject","inLanguage":"es","@id":"https:\/\/expressometro.mx\/index.php\/2022\/05\/06\/inicio-de-obras-en-comunidades-de-aculco\/#primaryimage","url":"https:\/\/expressometro.mx\/wp-content\/uploads\/2022\/07\/Aculco-060522-2.jpg","contentUrl":"https:\/\/expressometro.mx\/wp-content\/uploads\/2022\/07\/Aculco-060522-2.jpg","width":1249,"height":684},{"@type":"BreadcrumbList","@id":"https:\/\/expressometro.mx\/index.php\/2022\/05\/06\/inicio-de-obras-en-comunidades-de-aculco\/#breadcrumb","itemListElement":[{"@type":"ListItem","position":1,"name":"Inicio","item":"https:\/\/expressometro.mx\/"},{"@type":"ListItem","position":2,"name":"INICIO DE OBRAS EN COMUNIDADES DE ACULCO"}]},{"@type":"WebSite","@id":"https:\/\/expressometro.mx\/#website","url":"https:\/\/expressometro.mx\/","name":"Expresso Metropolitano","description":"Periodismo comprometido, informaci\u00f3n, investigaci\u00f3n y an\u00e1lisis","publisher":{"@id":"https:\/\/expressometro.mx\/#organization"},"potentialAction":[{"@type":"SearchAction","target":{"@type":"EntryPoint","urlTemplate":"https:\/\/expressometro.mx\/?s={search_term_string}"},"query-input":{"@type":"PropertyValueSpecification","valueRequired":true,"valueName":"search_term_string"}}],"inLanguage":"es"},{"@type":"Organization","@id":"https:\/\/expressometro.mx\/#organization","name":"Expresso Metropolitano","url":"https:\/\/expressometro.mx\/","logo":{"@type":"ImageObject","inLanguage":"es","@id":"https:\/\/expressometro.mx\/#\/schema\/logo\/image\/","url":"https:\/\/expressometro.mx\/wp-content\/uploads\/2019\/07\/cropped-Logo-Expresso-Metropolitano-1-1.jpeg","contentUrl":"https:\/\/expressometro.mx\/wp-content\/uploads\/2019\/07\/cropped-Logo-Expresso-Metropolitano-1-1.jpeg","width":290,"height":73,"caption":"Expresso Metropolitano"},"image":{"@id":"https:\/\/expressometro.mx\/#\/schema\/logo\/image\/"}},{"@type":"Person","@id":"https:\/\/expressometro.mx\/#\/schema\/person\/efa971b4a0664db8ed5c22b1b0dd2f5d","name":"Expresso Metropolitano","image":{"@type":"ImageObject","inLanguage":"es","@id":"https:\/\/secure.gravatar.com\/avatar\/a89f802b8de18c6952f223c88d3d106e9e3679839f4e25a02f4a6cc2ae6ba3b3?s=96&d=mm&r=g","url":"https:\/\/secure.gravatar.com\/avatar\/a89f802b8de18c6952f223c88d3d106e9e3679839f4e25a02f4a6cc2ae6ba3b3?s=96&d=mm&r=g","contentUrl":"https:\/\/secure.gravatar.com\/avatar\/a89f802b8de18c6952f223c88d3d106e9e3679839f4e25a02f4a6cc2ae6ba3b3?s=96&d=mm&r=g","caption":"Expresso Metropolitano"},"url":"https:\/\/expressometro.mx\/index.php\/author\/diego\/"}]}},"amp_enabled":true,"_links":{"self":[{"href":"https:\/\/expressometro.mx\/index.php\/wp-json\/wp\/v2\/posts\/5966","targetHints":{"allow":["GET"]}}],"collection":[{"href":"https:\/\/expressometro.mx\/index.php\/wp-json\/wp\/v2\/posts"}],"about":[{"href":"https:\/\/expressometro.mx\/index.php\/wp-json\/wp\/v2\/types\/post"}],"author":[{"embeddable":true,"href":"https:\/\/expressometro.mx\/index.php\/wp-json\/wp\/v2\/users\/1"}],"replies":[{"embeddable":true,"href":"https:\/\/expressometro.mx\/index.php\/wp-json\/wp\/v2\/comments?post=5966"}],"version-history":[{"count":1,"href":"https:\/\/expressometro.mx\/index.php\/wp-json\/wp\/v2\/posts\/5966\/revisions"}],"predecessor-version":[{"id":5969,"href":"https:\/\/expressometro.mx\/index.php\/wp-json\/wp\/v2\/posts\/5966\/revisions\/5969"}],"wp:featuredmedia":[{"embeddable":true,"href":"https:\/\/expressometro.mx\/index.php\/wp-json\/wp\/v2\/media\/5968"}],"wp:attachment":[{"href":"https:\/\/expressometro.mx\/index.php\/wp-json\/wp\/v2\/media?parent=5966"}],"wp:term":[{"taxonomy":"category","embeddable":true,"href":"https:\/\/expressometro.mx\/index.php\/wp-json\/wp\/v2\/categories?post=5966"},{"taxonomy":"post_tag","embeddable":true,"href":"https:\/\/expressometro.mx\/index.php\/wp-json\/wp\/v2\/tags?post=5966"}],"curies":[{"name":"wp","href":"https:\/\/api.w.org\/{rel}","templated":true}]}}