{"id":5911,"date":"2022-07-04T12:28:00","date_gmt":"2022-07-04T17:28:00","guid":{"rendered":"https:\/\/expressometro.mx\/?p=5911"},"modified":"2022-07-05T12:46:52","modified_gmt":"2022-07-05T17:46:52","slug":"reinician-operaciones-comerciales-en-el-aeropuerto-internacional-de-toluca","status":"publish","type":"post","link":"https:\/\/expressometro.mx\/index.php\/2022\/07\/04\/reinician-operaciones-comerciales-en-el-aeropuerto-internacional-de-toluca\/","title":{"rendered":"REINICIAN OPERACIONES COMERCIALES EN EL AEROPUERTO INTERNACIONAL DE TOLUCA"},"content":{"rendered":"\n<p><\/p>\n\n\n\n<p>Como parte de la consolidaci\u00f3n y fortalecimiento del Sistema Aeroportuario Metropolitano, conformado por el Aeropuerto Internacional de Toluca (AIT), el Aeropuerto Internacional \u201cFelipe \u00c1ngeles\u201d (AIFA) y el Aeropuerto Internacional de la Ciudad de M\u00e9xico (AICM), esta ma\u00f1ana se llev\u00f3 a cabo el reinicio de vuelos comerciales en la terminal a\u00e9rea de la capital mexiquense, con seis vuelos operados por Volaris con destino a Canc\u00fan, Guadalajara, Huatulco, Los Cabos, Tijuana y Puerto Vallarta.<\/p>\n\n\n\n<p>Este evento fue presidido por el Secretario de Movilidad de la entidad, Luis Gilberto Lim\u00f3n Ch\u00e1vez, en representaci\u00f3n del Gobernador Alfredo Del Mazo Maza, y en su calidad de Presidente del Consejo de Administraci\u00f3n del Aeropuerto Internacional de Toluca; quien destac\u00f3 que esta apertura es el resultado del esfuerzo y coordinaci\u00f3n en el dise\u00f1o e instrumentaci\u00f3n de la pol\u00edtica aeron\u00e1utica emprendida por el Gobierno de M\u00e9xico.<\/p>\n\n\n\n<p>El funcionario mexiquense puntualiz\u00f3 que el objetivo es ofrecer m\u00e1s y mejores opciones de vuelo, aprovechando la capacidad del AIT para atender hasta 8 millones de pasajeros anualmente, con una infraestructura de clase mundial que fortalece al Sistema Aeroportuario Metropolitano e impulsa la vocaci\u00f3n del Estado de M\u00e9xico como el principal centro log\u00edstico del pa\u00eds.<\/p>\n\n\n\n<p>\u201cCon los destinos que ya est\u00e1n operando a trav\u00e9s de Volaris, m\u00e1s los que se sumar\u00e1n en los pr\u00f3ximos d\u00edas, estimamos, de inicio, alcanzar una afluencia en vuelos comerciales de cerca de medio mill\u00f3n de pasajeros, tan solo en el segundo semestre de 2022\u201d, indic\u00f3 el Secretario de Movilidad.<\/p>\n\n\n\n<figure class=\"wp-block-image size-large\"><img decoding=\"async\" width=\"640\" height=\"480\" src=\"https:\/\/expressometro.mx\/wp-content\/uploads\/2022\/07\/Aeropuerto-de-Toluca-040722-4-640x480.jpeg\" alt=\"\" class=\"wp-image-5914\" srcset=\"https:\/\/expressometro.mx\/wp-content\/uploads\/2022\/07\/Aeropuerto-de-Toluca-040722-4-640x480.jpeg 640w, https:\/\/expressometro.mx\/wp-content\/uploads\/2022\/07\/Aeropuerto-de-Toluca-040722-4-487x365.jpeg 487w, https:\/\/expressometro.mx\/wp-content\/uploads\/2022\/07\/Aeropuerto-de-Toluca-040722-4-768x576.jpeg 768w, https:\/\/expressometro.mx\/wp-content\/uploads\/2022\/07\/Aeropuerto-de-Toluca-040722-4.jpeg 1024w\" sizes=\"(max-width: 640px) 100vw, 640px\" \/><\/figure>\n\n\n\n<p>Al dar la bienvenida al evento, el Presidente Municipal de Toluca, Raymundo Mart\u00ednez Carbajal, se\u00f1al\u00f3 que por su ubicaci\u00f3n geoestrat\u00e9gica privilegiada y su sim\u00e9trica entre las salidas a los oc\u00e9anos Atl\u00e1ntico y Pac\u00edfico, Toluca permite que quienes tienen visi\u00f3n global hagan negocios hacia el norte y el sur e impulsa la llegada de nuevas empresas para continuar el proceso de crecimiento y desarrollo econ\u00f3mico.<\/p>\n\n\n\n<p>Por su parte, el Presidente y Director General de Volaris, Enrique Beltranena, expres\u00f3 que para la aerol\u00ednea es un gusto regresar al lugar que los vio nacer hace 16 a\u00f1os, con un competitivo plan de consolidaci\u00f3n en la zona metropolitana. \u201cPoner el avi\u00f3n al alcance de m\u00e1s mexicanos es democratizar la aviaci\u00f3n comercial\u201d, puntualiz\u00f3.<\/p>\n\n\n\n<p>En representaci\u00f3n de Rogelio Jim\u00e9nez Pons, Subsecretario de Transporte del Gobierno de M\u00e9xico, Alejandro Varela Arellano, celebr\u00f3 la reactivaci\u00f3n del Aeropuerto Internacional de Toluca como resultado de la coordinaci\u00f3n y trabajo en equipo entre los gobiernos, estatal, federal y municipal, as\u00ed como con el sector privado, con el objetivo en com\u00fan de fortalecer el Sistema Aeroportuario Metropolitano e impulsar el desarrollo econ\u00f3mico de M\u00e9xico.<\/p>\n\n\n\n<p>Encabezados por la Secretar\u00eda de Cultura y Turismo, Marcela Gonz\u00e1lez Salas, y el Secretario de Desarrollo Econ\u00f3mico, Pablo Peralta Garc\u00eda, las autoridades presentes cortaron el list\u00f3n de abordaje del vuelo Y4 1314 con destino a Puerto Vallarta, Jalisco, para despu\u00e9s llevar a cabo el tradicional bautizo del avi\u00f3n.<\/p>\n\n\n\n<p>Cabe mencionar que el evento cont\u00f3 con la presencia de \u00d3scar Artemio Arg\u00fcello Ruiz, Director General de Aeropuertos y Servicios Auxiliares; de Hugo Alberto Delgado Ortega, Director General del Aeropuerto Internacional de Toluca, y Rub\u00e9n L\u00f3pez Barrera, Director General de Aleatica, entre otras personalidades como l\u00edderes de las c\u00e1maras empresariales, as\u00ed como funcionarios de los gobiernos estatal y nacional.<\/p>\n","protected":false},"excerpt":{"rendered":"<p>Esta ma\u00f1ana se llev\u00f3 a cabo el reinicio de vuelos comerciales en la terminal a\u00e9rea de la capital mexiquense<\/p>\n","protected":false},"author":1,"featured_media":5913,"comment_status":"open","ping_status":"open","sticky":false,"template":"","format":"standard","meta":{"footnotes":""},"categories":[3,231],"tags":[1745,78],"class_list":["post-5911","post","type-post","status-publish","format-standard","has-post-thumbnail","hentry","category-gobierno","category-politica","tag-ait","tag-toluca"],"yoast_head":"<!-- This site is optimized with the Yoast SEO plugin v27.5 - https:\/\/yoast.com\/product\/yoast-seo-wordpress\/ -->\n<title>REINICIAN OPERACIONES COMERCIALES EN EL AEROPUERTO INTERNACIONAL DE TOLUCA - Expresso Metropolitano<\/title>\n<meta name=\"robots\" content=\"index, follow, max-snippet:-1, max-image-preview:large, max-video-preview:-1\" \/>\n<link rel=\"canonical\" href=\"https:\/\/expressometro.mx\/index.php\/2022\/07\/04\/reinician-operaciones-comerciales-en-el-aeropuerto-internacional-de-toluca\/\" \/>\n<meta property=\"og:locale\" content=\"es_MX\" \/>\n<meta property=\"og:type\" content=\"article\" \/>\n<meta property=\"og:title\" content=\"REINICIAN OPERACIONES COMERCIALES EN EL AEROPUERTO INTERNACIONAL DE TOLUCA - Expresso Metropolitano\" \/>\n<meta property=\"og:description\" content=\"Esta ma\u00f1ana se llev\u00f3 a cabo el reinicio de vuelos comerciales en la terminal a\u00e9rea de la capital mexiquense\" \/>\n<meta property=\"og:url\" content=\"https:\/\/expressometro.mx\/index.php\/2022\/07\/04\/reinician-operaciones-comerciales-en-el-aeropuerto-internacional-de-toluca\/\" \/>\n<meta property=\"og:site_name\" content=\"Expresso Metropolitano\" \/>\n<meta property=\"article:published_time\" content=\"2022-07-04T17:28:00+00:00\" \/>\n<meta property=\"article:modified_time\" content=\"2022-07-05T17:46:52+00:00\" \/>\n<meta property=\"og:image\" content=\"http:\/\/expressometro.mx\/wp-content\/uploads\/2022\/07\/Aeropuerto-de-Toluca-040722.jpeg\" \/>\n\t<meta property=\"og:image:width\" content=\"1134\" \/>\n\t<meta property=\"og:image:height\" content=\"768\" \/>\n\t<meta property=\"og:image:type\" content=\"image\/jpeg\" \/>\n<meta name=\"author\" content=\"Expresso Metropolitano\" \/>\n<meta name=\"twitter:label1\" content=\"Escrito por\" \/>\n\t<meta name=\"twitter:data1\" content=\"Expresso Metropolitano\" \/>\n\t<meta name=\"twitter:label2\" content=\"Tiempo de lectura\" \/>\n\t<meta name=\"twitter:data2\" content=\"3 minutos\" \/>\n<script type=\"application\/ld+json\" class=\"yoast-schema-graph\">{\"@context\":\"https:\\\/\\\/schema.org\",\"@graph\":[{\"@type\":\"Article\",\"@id\":\"https:\\\/\\\/expressometro.mx\\\/index.php\\\/2022\\\/07\\\/04\\\/reinician-operaciones-comerciales-en-el-aeropuerto-internacional-de-toluca\\\/#article\",\"isPartOf\":{\"@id\":\"https:\\\/\\\/expressometro.mx\\\/index.php\\\/2022\\\/07\\\/04\\\/reinician-operaciones-comerciales-en-el-aeropuerto-internacional-de-toluca\\\/\"},\"author\":{\"name\":\"Expresso Metropolitano\",\"@id\":\"https:\\\/\\\/expressometro.mx\\\/#\\\/schema\\\/person\\\/efa971b4a0664db8ed5c22b1b0dd2f5d\"},\"headline\":\"REINICIAN OPERACIONES COMERCIALES EN EL AEROPUERTO INTERNACIONAL DE TOLUCA\",\"datePublished\":\"2022-07-04T17:28:00+00:00\",\"dateModified\":\"2022-07-05T17:46:52+00:00\",\"mainEntityOfPage\":{\"@id\":\"https:\\\/\\\/expressometro.mx\\\/index.php\\\/2022\\\/07\\\/04\\\/reinician-operaciones-comerciales-en-el-aeropuerto-internacional-de-toluca\\\/\"},\"wordCount\":599,\"commentCount\":0,\"publisher\":{\"@id\":\"https:\\\/\\\/expressometro.mx\\\/#organization\"},\"image\":{\"@id\":\"https:\\\/\\\/expressometro.mx\\\/index.php\\\/2022\\\/07\\\/04\\\/reinician-operaciones-comerciales-en-el-aeropuerto-internacional-de-toluca\\\/#primaryimage\"},\"thumbnailUrl\":\"https:\\\/\\\/expressometro.mx\\\/wp-content\\\/uploads\\\/2022\\\/07\\\/Aeropuerto-de-Toluca-040722.jpeg\",\"keywords\":[\"AIT\",\"toluca\"],\"articleSection\":[\"Gobierno\",\"Pol\u00edtica\"],\"inLanguage\":\"es\",\"potentialAction\":[{\"@type\":\"CommentAction\",\"name\":\"Comment\",\"target\":[\"https:\\\/\\\/expressometro.mx\\\/index.php\\\/2022\\\/07\\\/04\\\/reinician-operaciones-comerciales-en-el-aeropuerto-internacional-de-toluca\\\/#respond\"]}]},{\"@type\":\"WebPage\",\"@id\":\"https:\\\/\\\/expressometro.mx\\\/index.php\\\/2022\\\/07\\\/04\\\/reinician-operaciones-comerciales-en-el-aeropuerto-internacional-de-toluca\\\/\",\"url\":\"https:\\\/\\\/expressometro.mx\\\/index.php\\\/2022\\\/07\\\/04\\\/reinician-operaciones-comerciales-en-el-aeropuerto-internacional-de-toluca\\\/\",\"name\":\"REINICIAN OPERACIONES COMERCIALES EN EL AEROPUERTO INTERNACIONAL DE TOLUCA - Expresso Metropolitano\",\"isPartOf\":{\"@id\":\"https:\\\/\\\/expressometro.mx\\\/#website\"},\"primaryImageOfPage\":{\"@id\":\"https:\\\/\\\/expressometro.mx\\\/index.php\\\/2022\\\/07\\\/04\\\/reinician-operaciones-comerciales-en-el-aeropuerto-internacional-de-toluca\\\/#primaryimage\"},\"image\":{\"@id\":\"https:\\\/\\\/expressometro.mx\\\/index.php\\\/2022\\\/07\\\/04\\\/reinician-operaciones-comerciales-en-el-aeropuerto-internacional-de-toluca\\\/#primaryimage\"},\"thumbnailUrl\":\"https:\\\/\\\/expressometro.mx\\\/wp-content\\\/uploads\\\/2022\\\/07\\\/Aeropuerto-de-Toluca-040722.jpeg\",\"datePublished\":\"2022-07-04T17:28:00+00:00\",\"dateModified\":\"2022-07-05T17:46:52+00:00\",\"breadcrumb\":{\"@id\":\"https:\\\/\\\/expressometro.mx\\\/index.php\\\/2022\\\/07\\\/04\\\/reinician-operaciones-comerciales-en-el-aeropuerto-internacional-de-toluca\\\/#breadcrumb\"},\"inLanguage\":\"es\",\"potentialAction\":[{\"@type\":\"ReadAction\",\"target\":[\"https:\\\/\\\/expressometro.mx\\\/index.php\\\/2022\\\/07\\\/04\\\/reinician-operaciones-comerciales-en-el-aeropuerto-internacional-de-toluca\\\/\"]}]},{\"@type\":\"ImageObject\",\"inLanguage\":\"es\",\"@id\":\"https:\\\/\\\/expressometro.mx\\\/index.php\\\/2022\\\/07\\\/04\\\/reinician-operaciones-comerciales-en-el-aeropuerto-internacional-de-toluca\\\/#primaryimage\",\"url\":\"https:\\\/\\\/expressometro.mx\\\/wp-content\\\/uploads\\\/2022\\\/07\\\/Aeropuerto-de-Toluca-040722.jpeg\",\"contentUrl\":\"https:\\\/\\\/expressometro.mx\\\/wp-content\\\/uploads\\\/2022\\\/07\\\/Aeropuerto-de-Toluca-040722.jpeg\",\"width\":1134,\"height\":768},{\"@type\":\"BreadcrumbList\",\"@id\":\"https:\\\/\\\/expressometro.mx\\\/index.php\\\/2022\\\/07\\\/04\\\/reinician-operaciones-comerciales-en-el-aeropuerto-internacional-de-toluca\\\/#breadcrumb\",\"itemListElement\":[{\"@type\":\"ListItem\",\"position\":1,\"name\":\"Inicio\",\"item\":\"https:\\\/\\\/expressometro.mx\\\/\"},{\"@type\":\"ListItem\",\"position\":2,\"name\":\"REINICIAN OPERACIONES COMERCIALES EN EL AEROPUERTO INTERNACIONAL DE TOLUCA\"}]},{\"@type\":\"WebSite\",\"@id\":\"https:\\\/\\\/expressometro.mx\\\/#website\",\"url\":\"https:\\\/\\\/expressometro.mx\\\/\",\"name\":\"Expresso Metropolitano\",\"description\":\"Periodismo comprometido, informaci\u00f3n, investigaci\u00f3n y an\u00e1lisis\",\"publisher\":{\"@id\":\"https:\\\/\\\/expressometro.mx\\\/#organization\"},\"potentialAction\":[{\"@type\":\"SearchAction\",\"target\":{\"@type\":\"EntryPoint\",\"urlTemplate\":\"https:\\\/\\\/expressometro.mx\\\/?s={search_term_string}\"},\"query-input\":{\"@type\":\"PropertyValueSpecification\",\"valueRequired\":true,\"valueName\":\"search_term_string\"}}],\"inLanguage\":\"es\"},{\"@type\":\"Organization\",\"@id\":\"https:\\\/\\\/expressometro.mx\\\/#organization\",\"name\":\"Expresso Metropolitano\",\"url\":\"https:\\\/\\\/expressometro.mx\\\/\",\"logo\":{\"@type\":\"ImageObject\",\"inLanguage\":\"es\",\"@id\":\"https:\\\/\\\/expressometro.mx\\\/#\\\/schema\\\/logo\\\/image\\\/\",\"url\":\"https:\\\/\\\/expressometro.mx\\\/wp-content\\\/uploads\\\/2019\\\/07\\\/cropped-Logo-Expresso-Metropolitano-1-1.jpeg\",\"contentUrl\":\"https:\\\/\\\/expressometro.mx\\\/wp-content\\\/uploads\\\/2019\\\/07\\\/cropped-Logo-Expresso-Metropolitano-1-1.jpeg\",\"width\":290,\"height\":73,\"caption\":\"Expresso Metropolitano\"},\"image\":{\"@id\":\"https:\\\/\\\/expressometro.mx\\\/#\\\/schema\\\/logo\\\/image\\\/\"}},{\"@type\":\"Person\",\"@id\":\"https:\\\/\\\/expressometro.mx\\\/#\\\/schema\\\/person\\\/efa971b4a0664db8ed5c22b1b0dd2f5d\",\"name\":\"Expresso Metropolitano\",\"image\":{\"@type\":\"ImageObject\",\"inLanguage\":\"es\",\"@id\":\"https:\\\/\\\/secure.gravatar.com\\\/avatar\\\/a89f802b8de18c6952f223c88d3d106e9e3679839f4e25a02f4a6cc2ae6ba3b3?s=96&d=mm&r=g\",\"url\":\"https:\\\/\\\/secure.gravatar.com\\\/avatar\\\/a89f802b8de18c6952f223c88d3d106e9e3679839f4e25a02f4a6cc2ae6ba3b3?s=96&d=mm&r=g\",\"contentUrl\":\"https:\\\/\\\/secure.gravatar.com\\\/avatar\\\/a89f802b8de18c6952f223c88d3d106e9e3679839f4e25a02f4a6cc2ae6ba3b3?s=96&d=mm&r=g\",\"caption\":\"Expresso Metropolitano\"},\"url\":\"https:\\\/\\\/expressometro.mx\\\/index.php\\\/author\\\/diego\\\/\"}]}<\/script>\n<!-- \/ Yoast SEO plugin. -->","yoast_head_json":{"title":"REINICIAN OPERACIONES COMERCIALES EN EL AEROPUERTO INTERNACIONAL DE TOLUCA - Expresso Metropolitano","robots":{"index":"index","follow":"follow","max-snippet":"max-snippet:-1","max-image-preview":"max-image-preview:large","max-video-preview":"max-video-preview:-1"},"canonical":"https:\/\/expressometro.mx\/index.php\/2022\/07\/04\/reinician-operaciones-comerciales-en-el-aeropuerto-internacional-de-toluca\/","og_locale":"es_MX","og_type":"article","og_title":"REINICIAN OPERACIONES COMERCIALES EN EL AEROPUERTO INTERNACIONAL DE TOLUCA - Expresso Metropolitano","og_description":"Esta ma\u00f1ana se llev\u00f3 a cabo el reinicio de vuelos comerciales en la terminal a\u00e9rea de la capital mexiquense","og_url":"https:\/\/expressometro.mx\/index.php\/2022\/07\/04\/reinician-operaciones-comerciales-en-el-aeropuerto-internacional-de-toluca\/","og_site_name":"Expresso Metropolitano","article_published_time":"2022-07-04T17:28:00+00:00","article_modified_time":"2022-07-05T17:46:52+00:00","og_image":[{"width":1134,"height":768,"url":"http:\/\/expressometro.mx\/wp-content\/uploads\/2022\/07\/Aeropuerto-de-Toluca-040722.jpeg","type":"image\/jpeg"}],"author":"Expresso Metropolitano","twitter_misc":{"Escrito por":"Expresso Metropolitano","Tiempo de lectura":"3 minutos"},"schema":{"@context":"https:\/\/schema.org","@graph":[{"@type":"Article","@id":"https:\/\/expressometro.mx\/index.php\/2022\/07\/04\/reinician-operaciones-comerciales-en-el-aeropuerto-internacional-de-toluca\/#article","isPartOf":{"@id":"https:\/\/expressometro.mx\/index.php\/2022\/07\/04\/reinician-operaciones-comerciales-en-el-aeropuerto-internacional-de-toluca\/"},"author":{"name":"Expresso Metropolitano","@id":"https:\/\/expressometro.mx\/#\/schema\/person\/efa971b4a0664db8ed5c22b1b0dd2f5d"},"headline":"REINICIAN OPERACIONES COMERCIALES EN EL AEROPUERTO INTERNACIONAL DE TOLUCA","datePublished":"2022-07-04T17:28:00+00:00","dateModified":"2022-07-05T17:46:52+00:00","mainEntityOfPage":{"@id":"https:\/\/expressometro.mx\/index.php\/2022\/07\/04\/reinician-operaciones-comerciales-en-el-aeropuerto-internacional-de-toluca\/"},"wordCount":599,"commentCount":0,"publisher":{"@id":"https:\/\/expressometro.mx\/#organization"},"image":{"@id":"https:\/\/expressometro.mx\/index.php\/2022\/07\/04\/reinician-operaciones-comerciales-en-el-aeropuerto-internacional-de-toluca\/#primaryimage"},"thumbnailUrl":"https:\/\/expressometro.mx\/wp-content\/uploads\/2022\/07\/Aeropuerto-de-Toluca-040722.jpeg","keywords":["AIT","toluca"],"articleSection":["Gobierno","Pol\u00edtica"],"inLanguage":"es","potentialAction":[{"@type":"CommentAction","name":"Comment","target":["https:\/\/expressometro.mx\/index.php\/2022\/07\/04\/reinician-operaciones-comerciales-en-el-aeropuerto-internacional-de-toluca\/#respond"]}]},{"@type":"WebPage","@id":"https:\/\/expressometro.mx\/index.php\/2022\/07\/04\/reinician-operaciones-comerciales-en-el-aeropuerto-internacional-de-toluca\/","url":"https:\/\/expressometro.mx\/index.php\/2022\/07\/04\/reinician-operaciones-comerciales-en-el-aeropuerto-internacional-de-toluca\/","name":"REINICIAN OPERACIONES COMERCIALES EN EL AEROPUERTO INTERNACIONAL DE TOLUCA - Expresso Metropolitano","isPartOf":{"@id":"https:\/\/expressometro.mx\/#website"},"primaryImageOfPage":{"@id":"https:\/\/expressometro.mx\/index.php\/2022\/07\/04\/reinician-operaciones-comerciales-en-el-aeropuerto-internacional-de-toluca\/#primaryimage"},"image":{"@id":"https:\/\/expressometro.mx\/index.php\/2022\/07\/04\/reinician-operaciones-comerciales-en-el-aeropuerto-internacional-de-toluca\/#primaryimage"},"thumbnailUrl":"https:\/\/expressometro.mx\/wp-content\/uploads\/2022\/07\/Aeropuerto-de-Toluca-040722.jpeg","datePublished":"2022-07-04T17:28:00+00:00","dateModified":"2022-07-05T17:46:52+00:00","breadcrumb":{"@id":"https:\/\/expressometro.mx\/index.php\/2022\/07\/04\/reinician-operaciones-comerciales-en-el-aeropuerto-internacional-de-toluca\/#breadcrumb"},"inLanguage":"es","potentialAction":[{"@type":"ReadAction","target":["https:\/\/expressometro.mx\/index.php\/2022\/07\/04\/reinician-operaciones-comerciales-en-el-aeropuerto-internacional-de-toluca\/"]}]},{"@type":"ImageObject","inLanguage":"es","@id":"https:\/\/expressometro.mx\/index.php\/2022\/07\/04\/reinician-operaciones-comerciales-en-el-aeropuerto-internacional-de-toluca\/#primaryimage","url":"https:\/\/expressometro.mx\/wp-content\/uploads\/2022\/07\/Aeropuerto-de-Toluca-040722.jpeg","contentUrl":"https:\/\/expressometro.mx\/wp-content\/uploads\/2022\/07\/Aeropuerto-de-Toluca-040722.jpeg","width":1134,"height":768},{"@type":"BreadcrumbList","@id":"https:\/\/expressometro.mx\/index.php\/2022\/07\/04\/reinician-operaciones-comerciales-en-el-aeropuerto-internacional-de-toluca\/#breadcrumb","itemListElement":[{"@type":"ListItem","position":1,"name":"Inicio","item":"https:\/\/expressometro.mx\/"},{"@type":"ListItem","position":2,"name":"REINICIAN OPERACIONES COMERCIALES EN EL AEROPUERTO INTERNACIONAL DE TOLUCA"}]},{"@type":"WebSite","@id":"https:\/\/expressometro.mx\/#website","url":"https:\/\/expressometro.mx\/","name":"Expresso Metropolitano","description":"Periodismo comprometido, informaci\u00f3n, investigaci\u00f3n y an\u00e1lisis","publisher":{"@id":"https:\/\/expressometro.mx\/#organization"},"potentialAction":[{"@type":"SearchAction","target":{"@type":"EntryPoint","urlTemplate":"https:\/\/expressometro.mx\/?s={search_term_string}"},"query-input":{"@type":"PropertyValueSpecification","valueRequired":true,"valueName":"search_term_string"}}],"inLanguage":"es"},{"@type":"Organization","@id":"https:\/\/expressometro.mx\/#organization","name":"Expresso Metropolitano","url":"https:\/\/expressometro.mx\/","logo":{"@type":"ImageObject","inLanguage":"es","@id":"https:\/\/expressometro.mx\/#\/schema\/logo\/image\/","url":"https:\/\/expressometro.mx\/wp-content\/uploads\/2019\/07\/cropped-Logo-Expresso-Metropolitano-1-1.jpeg","contentUrl":"https:\/\/expressometro.mx\/wp-content\/uploads\/2019\/07\/cropped-Logo-Expresso-Metropolitano-1-1.jpeg","width":290,"height":73,"caption":"Expresso Metropolitano"},"image":{"@id":"https:\/\/expressometro.mx\/#\/schema\/logo\/image\/"}},{"@type":"Person","@id":"https:\/\/expressometro.mx\/#\/schema\/person\/efa971b4a0664db8ed5c22b1b0dd2f5d","name":"Expresso Metropolitano","image":{"@type":"ImageObject","inLanguage":"es","@id":"https:\/\/secure.gravatar.com\/avatar\/a89f802b8de18c6952f223c88d3d106e9e3679839f4e25a02f4a6cc2ae6ba3b3?s=96&d=mm&r=g","url":"https:\/\/secure.gravatar.com\/avatar\/a89f802b8de18c6952f223c88d3d106e9e3679839f4e25a02f4a6cc2ae6ba3b3?s=96&d=mm&r=g","contentUrl":"https:\/\/secure.gravatar.com\/avatar\/a89f802b8de18c6952f223c88d3d106e9e3679839f4e25a02f4a6cc2ae6ba3b3?s=96&d=mm&r=g","caption":"Expresso Metropolitano"},"url":"https:\/\/expressometro.mx\/index.php\/author\/diego\/"}]}},"amp_enabled":true,"_links":{"self":[{"href":"https:\/\/expressometro.mx\/index.php\/wp-json\/wp\/v2\/posts\/5911","targetHints":{"allow":["GET"]}}],"collection":[{"href":"https:\/\/expressometro.mx\/index.php\/wp-json\/wp\/v2\/posts"}],"about":[{"href":"https:\/\/expressometro.mx\/index.php\/wp-json\/wp\/v2\/types\/post"}],"author":[{"embeddable":true,"href":"https:\/\/expressometro.mx\/index.php\/wp-json\/wp\/v2\/users\/1"}],"replies":[{"embeddable":true,"href":"https:\/\/expressometro.mx\/index.php\/wp-json\/wp\/v2\/comments?post=5911"}],"version-history":[{"count":2,"href":"https:\/\/expressometro.mx\/index.php\/wp-json\/wp\/v2\/posts\/5911\/revisions"}],"predecessor-version":[{"id":5917,"href":"https:\/\/expressometro.mx\/index.php\/wp-json\/wp\/v2\/posts\/5911\/revisions\/5917"}],"wp:featuredmedia":[{"embeddable":true,"href":"https:\/\/expressometro.mx\/index.php\/wp-json\/wp\/v2\/media\/5913"}],"wp:attachment":[{"href":"https:\/\/expressometro.mx\/index.php\/wp-json\/wp\/v2\/media?parent=5911"}],"wp:term":[{"taxonomy":"category","embeddable":true,"href":"https:\/\/expressometro.mx\/index.php\/wp-json\/wp\/v2\/categories?post=5911"},{"taxonomy":"post_tag","embeddable":true,"href":"https:\/\/expressometro.mx\/index.php\/wp-json\/wp\/v2\/tags?post=5911"}],"curies":[{"name":"wp","href":"https:\/\/api.w.org\/{rel}","templated":true}]}}