{"id":5889,"date":"2022-07-01T00:40:34","date_gmt":"2022-07-01T05:40:34","guid":{"rendered":"https:\/\/expressometro.mx\/?p=5889"},"modified":"2022-07-01T00:40:35","modified_gmt":"2022-07-01T05:40:35","slug":"se-suma-uaemex-a-proyecto-sostenible-que-impulsa-la-unece-onu-en-edomex","status":"publish","type":"post","link":"https:\/\/expressometro.mx\/index.php\/2022\/07\/01\/se-suma-uaemex-a-proyecto-sostenible-que-impulsa-la-unece-onu-en-edomex\/","title":{"rendered":"SE SUMA UAEM\u00c9X A PROYECTO SOSTENIBLE QUE IMPULSA LA UNECE-ONU EN EDOMEX"},"content":{"rendered":"\n<ul class=\"wp-block-list\"><li>El rector de la UAEM\u00e9x, Carlos Eduardo Barrera D\u00edaz, firm\u00f3 un convenio de colaboraci\u00f3n con ICE-SRM, UNECE-ONU, la Asociaci\u00f3n \u201cUnidos por el campo de M\u00e9xico\u201d y la diputada federal, Mar\u00eda del Socorro N\u00fa\u00f1ez Monreal.<\/li><li>Con el convenio la UAEM\u00e9x se suma al proyecto \u201cLa tierra donde deseo vivir\u201d que se desarrolla en la comunidad San Pedro el Alto en el municipio de San Felipe del Progreso, que es un modelo productivo sostenible de econom\u00eda circular con un impacto social, ambiental y econ\u00f3mico<\/li><\/ul>\n\n\n\n<p>Transitar hacia modelos sostenibles ha dejado de ser, solamente, una buena opci\u00f3n para convertirse en la obligaci\u00f3n de nuestro tiempo, de ah\u00ed, el compromiso para que las acciones universitarias est\u00e9n encaminadas a alcanzarlos, asegur\u00f3 el rector de la Universidad Aut\u00f3noma del Estado de M\u00e9xico (UAEM\u00e9x), Carlos Eduardo Barrera D\u00edaz, durante la firma de Convenio de Colaboraci\u00f3n entre la Organizaci\u00f3n de las Naciones Unidas (ONU), por medio del Centro Internacional de Excelencia para la Administraci\u00f3n Sostenible de Recursos (ICE-SRM) de la Comisi\u00f3n Econ\u00f3mica para Europa (UNECE) y la Asociaci\u00f3n Civil \u201cUnidos por el Campo de M\u00e9xico\u201d.<br>El convenio tambi\u00e9n fue suscrito por el director Ejecutivo de ICE-SRM de la ONU, Ulises Neri Flores; por el presidente de la asociaci\u00f3n \u201cUnidos por el campo de M\u00e9xico\u201d, Esequiel Contreras Contreras y la diputada federal, Magdalena del Socorro N\u00fa\u00f1ez Monreal, secretaria de la Comisi\u00f3n de Econom\u00eda Social y Cooperativismo.<br>Este acuerdo tiene como objetivo impulsar el modelo piloto \u201cLa tierra donde deseo vivir\u201d que se desarrolla en la comunidad San Pedro el Alto en el municipio de San Felipe del Progreso, que es un proyecto productivo sostenible de econom\u00eda circular con un impacto social, ambiental y econ\u00f3mico que busca replicarse en otras comunidades de M\u00e9xico y Am\u00e9rica Latina, en el marco de los Objetivos de Desarrollo Sostenible (ODS) de la Agenda 2030 de la ONU.<br>La UAEM\u00e9x participa a trav\u00e9s de la vinculaci\u00f3n cient\u00edfica y tecnol\u00f3gica con el proyecto Evaluaci\u00f3n del estado ambiental cualitativo y cuantitativo del modelo agroecol\u00f3gico de producci\u00f3n \u201cLa tierra donde deseo vivir\u201d a cargo del Centro de Investigaci\u00f3n en Ciencias Biol\u00f3gicas Aplicadas (CICBA) de esta casa de estudios.<br>\u201cNos entusiasma la posibilidad de sumarnos a los esfuerzos locales y globales por alcanzar las metas de los Objetivos de Desarrollo Sostenible y fortalecer los lazos con instancias nacionales e internacionales, p\u00fablicas y privadas; en general, con todas las personas que busquen, como nosotros, dar pasos decididos y con convicci\u00f3n en favor de la sustentabilidad\u201d, expuso.<br>Barrera D\u00edaz reiter\u00f3 que el compromiso de la UAEM\u00e9x con el cumplimiento de los ODS no solo se asume hacia el exterior de la m\u00e1xima casa de estudios mexiquense, sino tambi\u00e9n al interior, refiriendo que en los \u00faltimos meses la comunidad universitaria particip\u00f3 exitosamente en la campa\u00f1a verde de recolecci\u00f3n de PET y taparroscas acopiando para su reciclaje m\u00e1s de 30 toneladas que se transformar\u00e1n \u2013a trav\u00e9s de la vinculaci\u00f3n con las empresas- en paneles solares que ser\u00e1n instalados al interior de la Universidad.<br>Otra acci\u00f3n, dijo el rector, que se est\u00e1 emprendiendo en la UAEM\u00e9x va en torno al cuidado del agua a trav\u00e9s de la sustituci\u00f3n de 180 mingitorios tradicionales por secos lo que permitir\u00e1 un ahorro de 100 mil litros del vital l\u00edquido por cada uno.<br>Al acto acudieron, la secretaria de Investigaci\u00f3n y Estudios Avanzados de la UAEM\u00e9x, Martha Patricia Zarza Delgado y Mariam Cecilia Mill\u00e1n responsable ejecutivo de la Agenda 2030 de la Secretar\u00eda de Econom\u00eda federal.<\/p>\n","protected":false},"excerpt":{"rendered":"<p>El rector de la UAEM\u00e9x, Carlos Eduardo Barrera D\u00edaz, firm\u00f3 un convenio de colaboraci\u00f3n con ICE-SRM, UNECE-ONU, la Asociaci\u00f3n \u201cUnidos por el campo de M\u00e9xico\u201d y la diputada federal, Mar\u00eda del Socorro N\u00fa\u00f1ez Monreal.<\/p>\n","protected":false},"author":2,"featured_media":5891,"comment_status":"open","ping_status":"open","sticky":false,"template":"","format":"standard","meta":{"footnotes":""},"categories":[11,108,8],"tags":[313,82],"class_list":["post-5889","post","type-post","status-publish","format-standard","has-post-thumbnail","hentry","category-cultura","category-educacion","category-medio-ambiente","tag-carlos-eduardo-barrera-diaz","tag-uaemex"],"yoast_head":"<!-- This site is optimized with the Yoast SEO plugin v27.5 - https:\/\/yoast.com\/product\/yoast-seo-wordpress\/ -->\n<title>SE SUMA UAEM\u00c9X A PROYECTO SOSTENIBLE QUE IMPULSA LA UNECE-ONU EN EDOMEX - Expresso Metropolitano<\/title>\n<meta name=\"robots\" content=\"index, follow, max-snippet:-1, max-image-preview:large, max-video-preview:-1\" \/>\n<link rel=\"canonical\" href=\"https:\/\/expressometro.mx\/index.php\/2022\/07\/01\/se-suma-uaemex-a-proyecto-sostenible-que-impulsa-la-unece-onu-en-edomex\/\" \/>\n<meta property=\"og:locale\" content=\"es_MX\" \/>\n<meta property=\"og:type\" content=\"article\" \/>\n<meta property=\"og:title\" content=\"SE SUMA UAEM\u00c9X A PROYECTO SOSTENIBLE QUE IMPULSA LA UNECE-ONU EN EDOMEX - Expresso Metropolitano\" \/>\n<meta property=\"og:description\" content=\"El rector de la UAEM\u00e9x, Carlos Eduardo Barrera D\u00edaz, firm\u00f3 un convenio de colaboraci\u00f3n con ICE-SRM, UNECE-ONU, la Asociaci\u00f3n \u201cUnidos por el campo de M\u00e9xico\u201d y la diputada federal, Mar\u00eda del Socorro N\u00fa\u00f1ez Monreal.\" \/>\n<meta property=\"og:url\" content=\"https:\/\/expressometro.mx\/index.php\/2022\/07\/01\/se-suma-uaemex-a-proyecto-sostenible-que-impulsa-la-unece-onu-en-edomex\/\" \/>\n<meta property=\"og:site_name\" content=\"Expresso Metropolitano\" \/>\n<meta property=\"article:published_time\" content=\"2022-07-01T05:40:34+00:00\" \/>\n<meta property=\"article:modified_time\" content=\"2022-07-01T05:40:35+00:00\" \/>\n<meta property=\"og:image\" content=\"http:\/\/expressometro.mx\/wp-content\/uploads\/2022\/07\/WhatsApp-Image-2022-06-29-at-9.14.13-PM.jpeg\" \/>\n\t<meta property=\"og:image:width\" content=\"1280\" \/>\n\t<meta property=\"og:image:height\" content=\"853\" \/>\n\t<meta property=\"og:image:type\" content=\"image\/jpeg\" \/>\n<meta name=\"author\" content=\"Cecilia Vega\" \/>\n<meta name=\"twitter:label1\" content=\"Escrito por\" \/>\n\t<meta name=\"twitter:data1\" content=\"Cecilia Vega\" \/>\n\t<meta name=\"twitter:label2\" content=\"Tiempo de lectura\" \/>\n\t<meta name=\"twitter:data2\" content=\"3 minutos\" \/>\n<script type=\"application\/ld+json\" class=\"yoast-schema-graph\">{\"@context\":\"https:\\\/\\\/schema.org\",\"@graph\":[{\"@type\":\"Article\",\"@id\":\"https:\\\/\\\/expressometro.mx\\\/index.php\\\/2022\\\/07\\\/01\\\/se-suma-uaemex-a-proyecto-sostenible-que-impulsa-la-unece-onu-en-edomex\\\/#article\",\"isPartOf\":{\"@id\":\"https:\\\/\\\/expressometro.mx\\\/index.php\\\/2022\\\/07\\\/01\\\/se-suma-uaemex-a-proyecto-sostenible-que-impulsa-la-unece-onu-en-edomex\\\/\"},\"author\":{\"name\":\"Cecilia Vega\",\"@id\":\"https:\\\/\\\/expressometro.mx\\\/#\\\/schema\\\/person\\\/67a95b8e3862085c7598f66237488f1f\"},\"headline\":\"SE SUMA UAEM\u00c9X A PROYECTO SOSTENIBLE QUE IMPULSA LA UNECE-ONU EN EDOMEX\",\"datePublished\":\"2022-07-01T05:40:34+00:00\",\"dateModified\":\"2022-07-01T05:40:35+00:00\",\"mainEntityOfPage\":{\"@id\":\"https:\\\/\\\/expressometro.mx\\\/index.php\\\/2022\\\/07\\\/01\\\/se-suma-uaemex-a-proyecto-sostenible-que-impulsa-la-unece-onu-en-edomex\\\/\"},\"wordCount\":643,\"commentCount\":0,\"publisher\":{\"@id\":\"https:\\\/\\\/expressometro.mx\\\/#organization\"},\"image\":{\"@id\":\"https:\\\/\\\/expressometro.mx\\\/index.php\\\/2022\\\/07\\\/01\\\/se-suma-uaemex-a-proyecto-sostenible-que-impulsa-la-unece-onu-en-edomex\\\/#primaryimage\"},\"thumbnailUrl\":\"https:\\\/\\\/expressometro.mx\\\/wp-content\\\/uploads\\\/2022\\\/07\\\/WhatsApp-Image-2022-06-29-at-9.14.13-PM.jpeg\",\"keywords\":[\"Carlos Eduardo Barrera D\u00edaz\",\"UAEMex\"],\"articleSection\":[\"Cultura\",\"Educaci\u00f3n\",\"Medio ambiente\"],\"inLanguage\":\"es\",\"potentialAction\":[{\"@type\":\"CommentAction\",\"name\":\"Comment\",\"target\":[\"https:\\\/\\\/expressometro.mx\\\/index.php\\\/2022\\\/07\\\/01\\\/se-suma-uaemex-a-proyecto-sostenible-que-impulsa-la-unece-onu-en-edomex\\\/#respond\"]}]},{\"@type\":\"WebPage\",\"@id\":\"https:\\\/\\\/expressometro.mx\\\/index.php\\\/2022\\\/07\\\/01\\\/se-suma-uaemex-a-proyecto-sostenible-que-impulsa-la-unece-onu-en-edomex\\\/\",\"url\":\"https:\\\/\\\/expressometro.mx\\\/index.php\\\/2022\\\/07\\\/01\\\/se-suma-uaemex-a-proyecto-sostenible-que-impulsa-la-unece-onu-en-edomex\\\/\",\"name\":\"SE SUMA UAEM\u00c9X A PROYECTO SOSTENIBLE QUE IMPULSA LA UNECE-ONU EN EDOMEX - Expresso Metropolitano\",\"isPartOf\":{\"@id\":\"https:\\\/\\\/expressometro.mx\\\/#website\"},\"primaryImageOfPage\":{\"@id\":\"https:\\\/\\\/expressometro.mx\\\/index.php\\\/2022\\\/07\\\/01\\\/se-suma-uaemex-a-proyecto-sostenible-que-impulsa-la-unece-onu-en-edomex\\\/#primaryimage\"},\"image\":{\"@id\":\"https:\\\/\\\/expressometro.mx\\\/index.php\\\/2022\\\/07\\\/01\\\/se-suma-uaemex-a-proyecto-sostenible-que-impulsa-la-unece-onu-en-edomex\\\/#primaryimage\"},\"thumbnailUrl\":\"https:\\\/\\\/expressometro.mx\\\/wp-content\\\/uploads\\\/2022\\\/07\\\/WhatsApp-Image-2022-06-29-at-9.14.13-PM.jpeg\",\"datePublished\":\"2022-07-01T05:40:34+00:00\",\"dateModified\":\"2022-07-01T05:40:35+00:00\",\"breadcrumb\":{\"@id\":\"https:\\\/\\\/expressometro.mx\\\/index.php\\\/2022\\\/07\\\/01\\\/se-suma-uaemex-a-proyecto-sostenible-que-impulsa-la-unece-onu-en-edomex\\\/#breadcrumb\"},\"inLanguage\":\"es\",\"potentialAction\":[{\"@type\":\"ReadAction\",\"target\":[\"https:\\\/\\\/expressometro.mx\\\/index.php\\\/2022\\\/07\\\/01\\\/se-suma-uaemex-a-proyecto-sostenible-que-impulsa-la-unece-onu-en-edomex\\\/\"]}]},{\"@type\":\"ImageObject\",\"inLanguage\":\"es\",\"@id\":\"https:\\\/\\\/expressometro.mx\\\/index.php\\\/2022\\\/07\\\/01\\\/se-suma-uaemex-a-proyecto-sostenible-que-impulsa-la-unece-onu-en-edomex\\\/#primaryimage\",\"url\":\"https:\\\/\\\/expressometro.mx\\\/wp-content\\\/uploads\\\/2022\\\/07\\\/WhatsApp-Image-2022-06-29-at-9.14.13-PM.jpeg\",\"contentUrl\":\"https:\\\/\\\/expressometro.mx\\\/wp-content\\\/uploads\\\/2022\\\/07\\\/WhatsApp-Image-2022-06-29-at-9.14.13-PM.jpeg\",\"width\":1280,\"height\":853},{\"@type\":\"BreadcrumbList\",\"@id\":\"https:\\\/\\\/expressometro.mx\\\/index.php\\\/2022\\\/07\\\/01\\\/se-suma-uaemex-a-proyecto-sostenible-que-impulsa-la-unece-onu-en-edomex\\\/#breadcrumb\",\"itemListElement\":[{\"@type\":\"ListItem\",\"position\":1,\"name\":\"Inicio\",\"item\":\"https:\\\/\\\/expressometro.mx\\\/\"},{\"@type\":\"ListItem\",\"position\":2,\"name\":\"SE SUMA UAEM\u00c9X A PROYECTO SOSTENIBLE QUE IMPULSA LA UNECE-ONU EN EDOMEX\"}]},{\"@type\":\"WebSite\",\"@id\":\"https:\\\/\\\/expressometro.mx\\\/#website\",\"url\":\"https:\\\/\\\/expressometro.mx\\\/\",\"name\":\"Expresso Metropolitano\",\"description\":\"Periodismo comprometido, informaci\u00f3n, investigaci\u00f3n y an\u00e1lisis\",\"publisher\":{\"@id\":\"https:\\\/\\\/expressometro.mx\\\/#organization\"},\"potentialAction\":[{\"@type\":\"SearchAction\",\"target\":{\"@type\":\"EntryPoint\",\"urlTemplate\":\"https:\\\/\\\/expressometro.mx\\\/?s={search_term_string}\"},\"query-input\":{\"@type\":\"PropertyValueSpecification\",\"valueRequired\":true,\"valueName\":\"search_term_string\"}}],\"inLanguage\":\"es\"},{\"@type\":\"Organization\",\"@id\":\"https:\\\/\\\/expressometro.mx\\\/#organization\",\"name\":\"Expresso Metropolitano\",\"url\":\"https:\\\/\\\/expressometro.mx\\\/\",\"logo\":{\"@type\":\"ImageObject\",\"inLanguage\":\"es\",\"@id\":\"https:\\\/\\\/expressometro.mx\\\/#\\\/schema\\\/logo\\\/image\\\/\",\"url\":\"https:\\\/\\\/expressometro.mx\\\/wp-content\\\/uploads\\\/2019\\\/07\\\/cropped-Logo-Expresso-Metropolitano-1-1.jpeg\",\"contentUrl\":\"https:\\\/\\\/expressometro.mx\\\/wp-content\\\/uploads\\\/2019\\\/07\\\/cropped-Logo-Expresso-Metropolitano-1-1.jpeg\",\"width\":290,\"height\":73,\"caption\":\"Expresso Metropolitano\"},\"image\":{\"@id\":\"https:\\\/\\\/expressometro.mx\\\/#\\\/schema\\\/logo\\\/image\\\/\"}},{\"@type\":\"Person\",\"@id\":\"https:\\\/\\\/expressometro.mx\\\/#\\\/schema\\\/person\\\/67a95b8e3862085c7598f66237488f1f\",\"name\":\"Cecilia Vega\",\"image\":{\"@type\":\"ImageObject\",\"inLanguage\":\"es\",\"@id\":\"https:\\\/\\\/secure.gravatar.com\\\/avatar\\\/13aae9944ab2ee472a9e407c9487fdbd03b049abaa559af32fe5dbcf615c981b?s=96&d=mm&r=g\",\"url\":\"https:\\\/\\\/secure.gravatar.com\\\/avatar\\\/13aae9944ab2ee472a9e407c9487fdbd03b049abaa559af32fe5dbcf615c981b?s=96&d=mm&r=g\",\"contentUrl\":\"https:\\\/\\\/secure.gravatar.com\\\/avatar\\\/13aae9944ab2ee472a9e407c9487fdbd03b049abaa559af32fe5dbcf615c981b?s=96&d=mm&r=g\",\"caption\":\"Cecilia Vega\"},\"url\":\"https:\\\/\\\/expressometro.mx\\\/index.php\\\/author\\\/cecilia-vega\\\/\"}]}<\/script>\n<!-- \/ Yoast SEO plugin. -->","yoast_head_json":{"title":"SE SUMA UAEM\u00c9X A PROYECTO SOSTENIBLE QUE IMPULSA LA UNECE-ONU EN EDOMEX - Expresso Metropolitano","robots":{"index":"index","follow":"follow","max-snippet":"max-snippet:-1","max-image-preview":"max-image-preview:large","max-video-preview":"max-video-preview:-1"},"canonical":"https:\/\/expressometro.mx\/index.php\/2022\/07\/01\/se-suma-uaemex-a-proyecto-sostenible-que-impulsa-la-unece-onu-en-edomex\/","og_locale":"es_MX","og_type":"article","og_title":"SE SUMA UAEM\u00c9X A PROYECTO SOSTENIBLE QUE IMPULSA LA UNECE-ONU EN EDOMEX - Expresso Metropolitano","og_description":"El rector de la UAEM\u00e9x, Carlos Eduardo Barrera D\u00edaz, firm\u00f3 un convenio de colaboraci\u00f3n con ICE-SRM, UNECE-ONU, la Asociaci\u00f3n \u201cUnidos por el campo de M\u00e9xico\u201d y la diputada federal, Mar\u00eda del Socorro N\u00fa\u00f1ez Monreal.","og_url":"https:\/\/expressometro.mx\/index.php\/2022\/07\/01\/se-suma-uaemex-a-proyecto-sostenible-que-impulsa-la-unece-onu-en-edomex\/","og_site_name":"Expresso Metropolitano","article_published_time":"2022-07-01T05:40:34+00:00","article_modified_time":"2022-07-01T05:40:35+00:00","og_image":[{"width":1280,"height":853,"url":"http:\/\/expressometro.mx\/wp-content\/uploads\/2022\/07\/WhatsApp-Image-2022-06-29-at-9.14.13-PM.jpeg","type":"image\/jpeg"}],"author":"Cecilia Vega","twitter_misc":{"Escrito por":"Cecilia Vega","Tiempo de lectura":"3 minutos"},"schema":{"@context":"https:\/\/schema.org","@graph":[{"@type":"Article","@id":"https:\/\/expressometro.mx\/index.php\/2022\/07\/01\/se-suma-uaemex-a-proyecto-sostenible-que-impulsa-la-unece-onu-en-edomex\/#article","isPartOf":{"@id":"https:\/\/expressometro.mx\/index.php\/2022\/07\/01\/se-suma-uaemex-a-proyecto-sostenible-que-impulsa-la-unece-onu-en-edomex\/"},"author":{"name":"Cecilia Vega","@id":"https:\/\/expressometro.mx\/#\/schema\/person\/67a95b8e3862085c7598f66237488f1f"},"headline":"SE SUMA UAEM\u00c9X A PROYECTO SOSTENIBLE QUE IMPULSA LA UNECE-ONU EN EDOMEX","datePublished":"2022-07-01T05:40:34+00:00","dateModified":"2022-07-01T05:40:35+00:00","mainEntityOfPage":{"@id":"https:\/\/expressometro.mx\/index.php\/2022\/07\/01\/se-suma-uaemex-a-proyecto-sostenible-que-impulsa-la-unece-onu-en-edomex\/"},"wordCount":643,"commentCount":0,"publisher":{"@id":"https:\/\/expressometro.mx\/#organization"},"image":{"@id":"https:\/\/expressometro.mx\/index.php\/2022\/07\/01\/se-suma-uaemex-a-proyecto-sostenible-que-impulsa-la-unece-onu-en-edomex\/#primaryimage"},"thumbnailUrl":"https:\/\/expressometro.mx\/wp-content\/uploads\/2022\/07\/WhatsApp-Image-2022-06-29-at-9.14.13-PM.jpeg","keywords":["Carlos Eduardo Barrera D\u00edaz","UAEMex"],"articleSection":["Cultura","Educaci\u00f3n","Medio ambiente"],"inLanguage":"es","potentialAction":[{"@type":"CommentAction","name":"Comment","target":["https:\/\/expressometro.mx\/index.php\/2022\/07\/01\/se-suma-uaemex-a-proyecto-sostenible-que-impulsa-la-unece-onu-en-edomex\/#respond"]}]},{"@type":"WebPage","@id":"https:\/\/expressometro.mx\/index.php\/2022\/07\/01\/se-suma-uaemex-a-proyecto-sostenible-que-impulsa-la-unece-onu-en-edomex\/","url":"https:\/\/expressometro.mx\/index.php\/2022\/07\/01\/se-suma-uaemex-a-proyecto-sostenible-que-impulsa-la-unece-onu-en-edomex\/","name":"SE SUMA UAEM\u00c9X A PROYECTO SOSTENIBLE QUE IMPULSA LA UNECE-ONU EN EDOMEX - Expresso Metropolitano","isPartOf":{"@id":"https:\/\/expressometro.mx\/#website"},"primaryImageOfPage":{"@id":"https:\/\/expressometro.mx\/index.php\/2022\/07\/01\/se-suma-uaemex-a-proyecto-sostenible-que-impulsa-la-unece-onu-en-edomex\/#primaryimage"},"image":{"@id":"https:\/\/expressometro.mx\/index.php\/2022\/07\/01\/se-suma-uaemex-a-proyecto-sostenible-que-impulsa-la-unece-onu-en-edomex\/#primaryimage"},"thumbnailUrl":"https:\/\/expressometro.mx\/wp-content\/uploads\/2022\/07\/WhatsApp-Image-2022-06-29-at-9.14.13-PM.jpeg","datePublished":"2022-07-01T05:40:34+00:00","dateModified":"2022-07-01T05:40:35+00:00","breadcrumb":{"@id":"https:\/\/expressometro.mx\/index.php\/2022\/07\/01\/se-suma-uaemex-a-proyecto-sostenible-que-impulsa-la-unece-onu-en-edomex\/#breadcrumb"},"inLanguage":"es","potentialAction":[{"@type":"ReadAction","target":["https:\/\/expressometro.mx\/index.php\/2022\/07\/01\/se-suma-uaemex-a-proyecto-sostenible-que-impulsa-la-unece-onu-en-edomex\/"]}]},{"@type":"ImageObject","inLanguage":"es","@id":"https:\/\/expressometro.mx\/index.php\/2022\/07\/01\/se-suma-uaemex-a-proyecto-sostenible-que-impulsa-la-unece-onu-en-edomex\/#primaryimage","url":"https:\/\/expressometro.mx\/wp-content\/uploads\/2022\/07\/WhatsApp-Image-2022-06-29-at-9.14.13-PM.jpeg","contentUrl":"https:\/\/expressometro.mx\/wp-content\/uploads\/2022\/07\/WhatsApp-Image-2022-06-29-at-9.14.13-PM.jpeg","width":1280,"height":853},{"@type":"BreadcrumbList","@id":"https:\/\/expressometro.mx\/index.php\/2022\/07\/01\/se-suma-uaemex-a-proyecto-sostenible-que-impulsa-la-unece-onu-en-edomex\/#breadcrumb","itemListElement":[{"@type":"ListItem","position":1,"name":"Inicio","item":"https:\/\/expressometro.mx\/"},{"@type":"ListItem","position":2,"name":"SE SUMA UAEM\u00c9X A PROYECTO SOSTENIBLE QUE IMPULSA LA UNECE-ONU EN EDOMEX"}]},{"@type":"WebSite","@id":"https:\/\/expressometro.mx\/#website","url":"https:\/\/expressometro.mx\/","name":"Expresso Metropolitano","description":"Periodismo comprometido, informaci\u00f3n, investigaci\u00f3n y an\u00e1lisis","publisher":{"@id":"https:\/\/expressometro.mx\/#organization"},"potentialAction":[{"@type":"SearchAction","target":{"@type":"EntryPoint","urlTemplate":"https:\/\/expressometro.mx\/?s={search_term_string}"},"query-input":{"@type":"PropertyValueSpecification","valueRequired":true,"valueName":"search_term_string"}}],"inLanguage":"es"},{"@type":"Organization","@id":"https:\/\/expressometro.mx\/#organization","name":"Expresso Metropolitano","url":"https:\/\/expressometro.mx\/","logo":{"@type":"ImageObject","inLanguage":"es","@id":"https:\/\/expressometro.mx\/#\/schema\/logo\/image\/","url":"https:\/\/expressometro.mx\/wp-content\/uploads\/2019\/07\/cropped-Logo-Expresso-Metropolitano-1-1.jpeg","contentUrl":"https:\/\/expressometro.mx\/wp-content\/uploads\/2019\/07\/cropped-Logo-Expresso-Metropolitano-1-1.jpeg","width":290,"height":73,"caption":"Expresso Metropolitano"},"image":{"@id":"https:\/\/expressometro.mx\/#\/schema\/logo\/image\/"}},{"@type":"Person","@id":"https:\/\/expressometro.mx\/#\/schema\/person\/67a95b8e3862085c7598f66237488f1f","name":"Cecilia Vega","image":{"@type":"ImageObject","inLanguage":"es","@id":"https:\/\/secure.gravatar.com\/avatar\/13aae9944ab2ee472a9e407c9487fdbd03b049abaa559af32fe5dbcf615c981b?s=96&d=mm&r=g","url":"https:\/\/secure.gravatar.com\/avatar\/13aae9944ab2ee472a9e407c9487fdbd03b049abaa559af32fe5dbcf615c981b?s=96&d=mm&r=g","contentUrl":"https:\/\/secure.gravatar.com\/avatar\/13aae9944ab2ee472a9e407c9487fdbd03b049abaa559af32fe5dbcf615c981b?s=96&d=mm&r=g","caption":"Cecilia Vega"},"url":"https:\/\/expressometro.mx\/index.php\/author\/cecilia-vega\/"}]}},"amp_enabled":true,"_links":{"self":[{"href":"https:\/\/expressometro.mx\/index.php\/wp-json\/wp\/v2\/posts\/5889","targetHints":{"allow":["GET"]}}],"collection":[{"href":"https:\/\/expressometro.mx\/index.php\/wp-json\/wp\/v2\/posts"}],"about":[{"href":"https:\/\/expressometro.mx\/index.php\/wp-json\/wp\/v2\/types\/post"}],"author":[{"embeddable":true,"href":"https:\/\/expressometro.mx\/index.php\/wp-json\/wp\/v2\/users\/2"}],"replies":[{"embeddable":true,"href":"https:\/\/expressometro.mx\/index.php\/wp-json\/wp\/v2\/comments?post=5889"}],"version-history":[{"count":1,"href":"https:\/\/expressometro.mx\/index.php\/wp-json\/wp\/v2\/posts\/5889\/revisions"}],"predecessor-version":[{"id":5892,"href":"https:\/\/expressometro.mx\/index.php\/wp-json\/wp\/v2\/posts\/5889\/revisions\/5892"}],"wp:featuredmedia":[{"embeddable":true,"href":"https:\/\/expressometro.mx\/index.php\/wp-json\/wp\/v2\/media\/5891"}],"wp:attachment":[{"href":"https:\/\/expressometro.mx\/index.php\/wp-json\/wp\/v2\/media?parent=5889"}],"wp:term":[{"taxonomy":"category","embeddable":true,"href":"https:\/\/expressometro.mx\/index.php\/wp-json\/wp\/v2\/categories?post=5889"},{"taxonomy":"post_tag","embeddable":true,"href":"https:\/\/expressometro.mx\/index.php\/wp-json\/wp\/v2\/tags?post=5889"}],"curies":[{"name":"wp","href":"https:\/\/api.w.org\/{rel}","templated":true}]}}