{"id":5830,"date":"2022-06-28T08:49:08","date_gmt":"2022-06-28T13:49:08","guid":{"rendered":"https:\/\/expressometro.mx\/?p=5830"},"modified":"2022-06-28T08:49:09","modified_gmt":"2022-06-28T13:49:09","slug":"inaugura-alfredo-del-mazo-refugio-para-mujeres-en-situacion-de-violencia-en-tultepec-cuenta-edomex-ya-con-seis-espacios-de-este-tipo","status":"publish","type":"post","link":"https:\/\/expressometro.mx\/index.php\/2022\/06\/28\/inaugura-alfredo-del-mazo-refugio-para-mujeres-en-situacion-de-violencia-en-tultepec-cuenta-edomex-ya-con-seis-espacios-de-este-tipo\/","title":{"rendered":"INAUGURA ALFREDO DEL MAZO REFUGIO PARA MUJERES EN SITUACI\u00d3N DE VIOLENCIA EN TULTEPEC; CUENTA EDOM\u00c9X YA CON SEIS ESPACIOS DE ESTE TIPO"},"content":{"rendered":"\n<ul class=\"wp-block-list\"><li>Asegura Gobernador Alfredo Del Mazo que con estos espacios se fortalece la protecci\u00f3n de las mujeres y se previene la violencia de g\u00e9nero, ya que ah\u00ed reciben orientaci\u00f3n legal, apoyo psicol\u00f3gico y respaldo para salir adelante.<\/li><li>Informa que, con la apertura de este lugar, el Edom\u00e9x fortalece su red de apoyo a mujeres en situaci\u00f3n de violencia.<\/li><li>Cuenta Edom\u00e9x con Centros Naranja, una Puerta Violeta, una Casa de Transici\u00f3n, Espacios Naranja, un Centro de Desarrollo de Masculinidades Positivas, adem\u00e1s de impulsar Ciudades Mujer en La Paz y San Mateo Atenco, para hacer frente a la violencia de g\u00e9nero.<\/li><\/ul>\n\n\n\n<p>Con la finalidad de seguir brindando espacios seguros de atenci\u00f3n integral a las mujeres, sus hijas e hijos en situaci\u00f3n de violencia, el Gobernador Alfredo Del Mazo Maza inaugur\u00f3 un refugio para mujeres en Tultepec, con el cual el Estado de M\u00e9xico suma seis espacios de este tipo y contin\u00faa trabajando para brindar una mayor protecci\u00f3n para todas las mexiquenses.<\/p>\n\n\n\n<p>&#8220;Este es un refugio que estamos entregando el d\u00eda de hoy; es el sexto refugio que tenemos en el Estado de M\u00e9xico para darle apoyo a las familias, a las mujeres, a sus hijos, que han sido violentadas, que han sufrido agresiones, que est\u00e1n en riesgo y que, a trav\u00e9s de estos espacios, se les da una serie de servicios para acompa\u00f1arlas, apoyarlas y ayudarles&#8221;, asever\u00f3 Del Mazo Maza.<\/p>\n\n\n\n<p>Desde este lugar, el mandatario mexiquense extern\u00f3 que, adem\u00e1s de darles un espacio para vivir, en este refugio tambi\u00e9n se ofrece apoyo psicol\u00f3gico y asistencia legal para acompa\u00f1ar en todo momento a las mujeres v\u00edctimas de alguna agresi\u00f3n.<\/p>\n\n\n\n<p>Explic\u00f3 que este refugio tambi\u00e9n cuenta con un espacio para que las hijas e hijos de estas mujeres puedan continuar con sus estudios, y aclar\u00f3 que la ubicaci\u00f3n de este lugar es an\u00f3nima, pues as\u00ed ofrecen mayor seguridad a quienes lo requieran.<\/p>\n\n\n\n<p>Junto a Sergio Luna Cort\u00e9s, Presidente municipal de Tultepec, y Martha Hilda Gonz\u00e1lez Calder\u00f3n, Secretaria de las Mujeres estatal, con quienes recorri\u00f3 las instalaciones de este refugio, Del Mazo Maza enfatiz\u00f3 que con esta nueva infraestructura el Estado de M\u00e9xico ampl\u00eda y fortalece su red de atenci\u00f3n a mujeres violentadas.<\/p>\n\n\n\n<p>Dio a conocer que el territorio mexiquense cuenta con 23 Centros de Atenci\u00f3n, cerca de 100 Centros Naranja, una Puerta Violeta en Nicol\u00e1s Romero, una Casa de Transici\u00f3n, se impulsan dos Ciudades Mujer; en La Paz y en San Mateo Atenco, adem\u00e1s de 8 mil Espacios Naranja, en todos estos espacios las personas en riesgo de sufrir alguna agresi\u00f3n o que est\u00e1n bajo amenaza pueden recibir orientaci\u00f3n para acercarse a las autoridades correspondientes.<\/p>\n\n\n\n<p>Asimismo, en la entidad existe el Centro de Desarrollo de Masculinidades Positivas y un equipo de promotores de la Red Naranja, para hacer frente a la violencia de g\u00e9nero.<\/p>\n\n\n\n<p>&#8220;Esto es parte de los programas que seguimos impulsando de manera muy importante para atender un reto que para nosotros es una prioridad absoluta, que es la prevenci\u00f3n de la violencia y la delincuencia hacia las mujeres, y acompa\u00f1arlas a ellas, a quienes han sido v\u00edctimas y a sus familias&#8221;, subray\u00f3.<\/p>\n\n\n\n<p>Este refugio brinda hospedaje, alimentaci\u00f3n, vestido y un conjunto de servicios m\u00e9dicos, educativos, legales y de trabajo social de manera gratuita; cuenta con cuatro habitaciones, un \u00e1rea de multigrado donde se impartir\u00e1n talleres, asesor\u00edas y servicios, un comedor, as\u00ed como \u00e1reas de trabajo social, enfermer\u00eda y \u00e1reas verdes.<\/p>\n","protected":false},"excerpt":{"rendered":"<p>Informa que, con la apertura de este lugar, el Edom\u00e9x fortalece su red de apoyo a mujeres en situaci\u00f3n de violencia.<\/p>\n","protected":false},"author":2,"featured_media":5832,"comment_status":"open","ping_status":"open","sticky":false,"template":"","format":"standard","meta":{"footnotes":""},"categories":[231,6],"tags":[87,1578,358],"class_list":["post-5830","post","type-post","status-publish","format-standard","has-post-thumbnail","hentry","category-politica","category-seguridad","tag-alfredo-del-mazo","tag-tultepec","tag-violencia-de-genero"],"yoast_head":"<!-- This site is optimized with the Yoast SEO plugin v27.5 - https:\/\/yoast.com\/product\/yoast-seo-wordpress\/ -->\n<title>INAUGURA ALFREDO DEL MAZO REFUGIO PARA MUJERES EN SITUACI\u00d3N DE VIOLENCIA EN TULTEPEC; CUENTA EDOM\u00c9X YA CON SEIS ESPACIOS DE ESTE TIPO - Expresso Metropolitano<\/title>\n<meta name=\"robots\" content=\"index, follow, max-snippet:-1, max-image-preview:large, max-video-preview:-1\" \/>\n<link rel=\"canonical\" href=\"https:\/\/expressometro.mx\/index.php\/2022\/06\/28\/inaugura-alfredo-del-mazo-refugio-para-mujeres-en-situacion-de-violencia-en-tultepec-cuenta-edomex-ya-con-seis-espacios-de-este-tipo\/\" \/>\n<meta property=\"og:locale\" content=\"es_MX\" \/>\n<meta property=\"og:type\" content=\"article\" \/>\n<meta property=\"og:title\" content=\"INAUGURA ALFREDO DEL MAZO REFUGIO PARA MUJERES EN SITUACI\u00d3N DE VIOLENCIA EN TULTEPEC; CUENTA EDOM\u00c9X YA CON SEIS ESPACIOS DE ESTE TIPO - Expresso Metropolitano\" \/>\n<meta property=\"og:description\" content=\"Informa que, con la apertura de este lugar, el Edom\u00e9x fortalece su red de apoyo a mujeres en situaci\u00f3n de violencia.\" \/>\n<meta property=\"og:url\" content=\"https:\/\/expressometro.mx\/index.php\/2022\/06\/28\/inaugura-alfredo-del-mazo-refugio-para-mujeres-en-situacion-de-violencia-en-tultepec-cuenta-edomex-ya-con-seis-espacios-de-este-tipo\/\" \/>\n<meta property=\"og:site_name\" content=\"Expresso Metropolitano\" \/>\n<meta property=\"article:published_time\" content=\"2022-06-28T13:49:08+00:00\" \/>\n<meta property=\"article:modified_time\" content=\"2022-06-28T13:49:09+00:00\" \/>\n<meta property=\"og:image\" content=\"http:\/\/expressometro.mx\/wp-content\/uploads\/2022\/06\/WhatsApp-Image-2022-06-27-at-12.50.53-PM.jpeg\" \/>\n\t<meta property=\"og:image:width\" content=\"1280\" \/>\n\t<meta property=\"og:image:height\" content=\"889\" \/>\n\t<meta property=\"og:image:type\" content=\"image\/jpeg\" \/>\n<meta name=\"author\" content=\"Cecilia Vega\" \/>\n<meta name=\"twitter:label1\" content=\"Escrito por\" \/>\n\t<meta name=\"twitter:data1\" content=\"Cecilia Vega\" \/>\n\t<meta name=\"twitter:label2\" content=\"Tiempo de lectura\" \/>\n\t<meta name=\"twitter:data2\" content=\"3 minutos\" \/>\n<script type=\"application\/ld+json\" class=\"yoast-schema-graph\">{\"@context\":\"https:\\\/\\\/schema.org\",\"@graph\":[{\"@type\":\"Article\",\"@id\":\"https:\\\/\\\/expressometro.mx\\\/index.php\\\/2022\\\/06\\\/28\\\/inaugura-alfredo-del-mazo-refugio-para-mujeres-en-situacion-de-violencia-en-tultepec-cuenta-edomex-ya-con-seis-espacios-de-este-tipo\\\/#article\",\"isPartOf\":{\"@id\":\"https:\\\/\\\/expressometro.mx\\\/index.php\\\/2022\\\/06\\\/28\\\/inaugura-alfredo-del-mazo-refugio-para-mujeres-en-situacion-de-violencia-en-tultepec-cuenta-edomex-ya-con-seis-espacios-de-este-tipo\\\/\"},\"author\":{\"name\":\"Cecilia Vega\",\"@id\":\"https:\\\/\\\/expressometro.mx\\\/#\\\/schema\\\/person\\\/67a95b8e3862085c7598f66237488f1f\"},\"headline\":\"INAUGURA ALFREDO DEL MAZO REFUGIO PARA MUJERES EN SITUACI\u00d3N DE VIOLENCIA EN TULTEPEC; CUENTA EDOM\u00c9X YA CON SEIS ESPACIOS DE ESTE TIPO\",\"datePublished\":\"2022-06-28T13:49:08+00:00\",\"dateModified\":\"2022-06-28T13:49:09+00:00\",\"mainEntityOfPage\":{\"@id\":\"https:\\\/\\\/expressometro.mx\\\/index.php\\\/2022\\\/06\\\/28\\\/inaugura-alfredo-del-mazo-refugio-para-mujeres-en-situacion-de-violencia-en-tultepec-cuenta-edomex-ya-con-seis-espacios-de-este-tipo\\\/\"},\"wordCount\":630,\"commentCount\":0,\"publisher\":{\"@id\":\"https:\\\/\\\/expressometro.mx\\\/#organization\"},\"image\":{\"@id\":\"https:\\\/\\\/expressometro.mx\\\/index.php\\\/2022\\\/06\\\/28\\\/inaugura-alfredo-del-mazo-refugio-para-mujeres-en-situacion-de-violencia-en-tultepec-cuenta-edomex-ya-con-seis-espacios-de-este-tipo\\\/#primaryimage\"},\"thumbnailUrl\":\"https:\\\/\\\/expressometro.mx\\\/wp-content\\\/uploads\\\/2022\\\/06\\\/WhatsApp-Image-2022-06-27-at-12.50.53-PM.jpeg\",\"keywords\":[\"Alfredo del Mazo\",\"Tultepec\",\"Violencia de g\u00e9nero\"],\"articleSection\":[\"Pol\u00edtica\",\"Seguridad\"],\"inLanguage\":\"es\",\"potentialAction\":[{\"@type\":\"CommentAction\",\"name\":\"Comment\",\"target\":[\"https:\\\/\\\/expressometro.mx\\\/index.php\\\/2022\\\/06\\\/28\\\/inaugura-alfredo-del-mazo-refugio-para-mujeres-en-situacion-de-violencia-en-tultepec-cuenta-edomex-ya-con-seis-espacios-de-este-tipo\\\/#respond\"]}]},{\"@type\":\"WebPage\",\"@id\":\"https:\\\/\\\/expressometro.mx\\\/index.php\\\/2022\\\/06\\\/28\\\/inaugura-alfredo-del-mazo-refugio-para-mujeres-en-situacion-de-violencia-en-tultepec-cuenta-edomex-ya-con-seis-espacios-de-este-tipo\\\/\",\"url\":\"https:\\\/\\\/expressometro.mx\\\/index.php\\\/2022\\\/06\\\/28\\\/inaugura-alfredo-del-mazo-refugio-para-mujeres-en-situacion-de-violencia-en-tultepec-cuenta-edomex-ya-con-seis-espacios-de-este-tipo\\\/\",\"name\":\"INAUGURA ALFREDO DEL MAZO REFUGIO PARA MUJERES EN SITUACI\u00d3N DE VIOLENCIA EN TULTEPEC; CUENTA EDOM\u00c9X YA CON SEIS ESPACIOS DE ESTE TIPO - Expresso Metropolitano\",\"isPartOf\":{\"@id\":\"https:\\\/\\\/expressometro.mx\\\/#website\"},\"primaryImageOfPage\":{\"@id\":\"https:\\\/\\\/expressometro.mx\\\/index.php\\\/2022\\\/06\\\/28\\\/inaugura-alfredo-del-mazo-refugio-para-mujeres-en-situacion-de-violencia-en-tultepec-cuenta-edomex-ya-con-seis-espacios-de-este-tipo\\\/#primaryimage\"},\"image\":{\"@id\":\"https:\\\/\\\/expressometro.mx\\\/index.php\\\/2022\\\/06\\\/28\\\/inaugura-alfredo-del-mazo-refugio-para-mujeres-en-situacion-de-violencia-en-tultepec-cuenta-edomex-ya-con-seis-espacios-de-este-tipo\\\/#primaryimage\"},\"thumbnailUrl\":\"https:\\\/\\\/expressometro.mx\\\/wp-content\\\/uploads\\\/2022\\\/06\\\/WhatsApp-Image-2022-06-27-at-12.50.53-PM.jpeg\",\"datePublished\":\"2022-06-28T13:49:08+00:00\",\"dateModified\":\"2022-06-28T13:49:09+00:00\",\"breadcrumb\":{\"@id\":\"https:\\\/\\\/expressometro.mx\\\/index.php\\\/2022\\\/06\\\/28\\\/inaugura-alfredo-del-mazo-refugio-para-mujeres-en-situacion-de-violencia-en-tultepec-cuenta-edomex-ya-con-seis-espacios-de-este-tipo\\\/#breadcrumb\"},\"inLanguage\":\"es\",\"potentialAction\":[{\"@type\":\"ReadAction\",\"target\":[\"https:\\\/\\\/expressometro.mx\\\/index.php\\\/2022\\\/06\\\/28\\\/inaugura-alfredo-del-mazo-refugio-para-mujeres-en-situacion-de-violencia-en-tultepec-cuenta-edomex-ya-con-seis-espacios-de-este-tipo\\\/\"]}]},{\"@type\":\"ImageObject\",\"inLanguage\":\"es\",\"@id\":\"https:\\\/\\\/expressometro.mx\\\/index.php\\\/2022\\\/06\\\/28\\\/inaugura-alfredo-del-mazo-refugio-para-mujeres-en-situacion-de-violencia-en-tultepec-cuenta-edomex-ya-con-seis-espacios-de-este-tipo\\\/#primaryimage\",\"url\":\"https:\\\/\\\/expressometro.mx\\\/wp-content\\\/uploads\\\/2022\\\/06\\\/WhatsApp-Image-2022-06-27-at-12.50.53-PM.jpeg\",\"contentUrl\":\"https:\\\/\\\/expressometro.mx\\\/wp-content\\\/uploads\\\/2022\\\/06\\\/WhatsApp-Image-2022-06-27-at-12.50.53-PM.jpeg\",\"width\":1280,\"height\":889},{\"@type\":\"BreadcrumbList\",\"@id\":\"https:\\\/\\\/expressometro.mx\\\/index.php\\\/2022\\\/06\\\/28\\\/inaugura-alfredo-del-mazo-refugio-para-mujeres-en-situacion-de-violencia-en-tultepec-cuenta-edomex-ya-con-seis-espacios-de-este-tipo\\\/#breadcrumb\",\"itemListElement\":[{\"@type\":\"ListItem\",\"position\":1,\"name\":\"Inicio\",\"item\":\"https:\\\/\\\/expressometro.mx\\\/\"},{\"@type\":\"ListItem\",\"position\":2,\"name\":\"INAUGURA ALFREDO DEL MAZO REFUGIO PARA MUJERES EN SITUACI\u00d3N DE VIOLENCIA EN TULTEPEC; CUENTA EDOM\u00c9X YA CON SEIS ESPACIOS DE ESTE TIPO\"}]},{\"@type\":\"WebSite\",\"@id\":\"https:\\\/\\\/expressometro.mx\\\/#website\",\"url\":\"https:\\\/\\\/expressometro.mx\\\/\",\"name\":\"Expresso Metropolitano\",\"description\":\"Periodismo comprometido, informaci\u00f3n, investigaci\u00f3n y an\u00e1lisis\",\"publisher\":{\"@id\":\"https:\\\/\\\/expressometro.mx\\\/#organization\"},\"potentialAction\":[{\"@type\":\"SearchAction\",\"target\":{\"@type\":\"EntryPoint\",\"urlTemplate\":\"https:\\\/\\\/expressometro.mx\\\/?s={search_term_string}\"},\"query-input\":{\"@type\":\"PropertyValueSpecification\",\"valueRequired\":true,\"valueName\":\"search_term_string\"}}],\"inLanguage\":\"es\"},{\"@type\":\"Organization\",\"@id\":\"https:\\\/\\\/expressometro.mx\\\/#organization\",\"name\":\"Expresso Metropolitano\",\"url\":\"https:\\\/\\\/expressometro.mx\\\/\",\"logo\":{\"@type\":\"ImageObject\",\"inLanguage\":\"es\",\"@id\":\"https:\\\/\\\/expressometro.mx\\\/#\\\/schema\\\/logo\\\/image\\\/\",\"url\":\"https:\\\/\\\/expressometro.mx\\\/wp-content\\\/uploads\\\/2019\\\/07\\\/cropped-Logo-Expresso-Metropolitano-1-1.jpeg\",\"contentUrl\":\"https:\\\/\\\/expressometro.mx\\\/wp-content\\\/uploads\\\/2019\\\/07\\\/cropped-Logo-Expresso-Metropolitano-1-1.jpeg\",\"width\":290,\"height\":73,\"caption\":\"Expresso Metropolitano\"},\"image\":{\"@id\":\"https:\\\/\\\/expressometro.mx\\\/#\\\/schema\\\/logo\\\/image\\\/\"}},{\"@type\":\"Person\",\"@id\":\"https:\\\/\\\/expressometro.mx\\\/#\\\/schema\\\/person\\\/67a95b8e3862085c7598f66237488f1f\",\"name\":\"Cecilia Vega\",\"image\":{\"@type\":\"ImageObject\",\"inLanguage\":\"es\",\"@id\":\"https:\\\/\\\/secure.gravatar.com\\\/avatar\\\/13aae9944ab2ee472a9e407c9487fdbd03b049abaa559af32fe5dbcf615c981b?s=96&d=mm&r=g\",\"url\":\"https:\\\/\\\/secure.gravatar.com\\\/avatar\\\/13aae9944ab2ee472a9e407c9487fdbd03b049abaa559af32fe5dbcf615c981b?s=96&d=mm&r=g\",\"contentUrl\":\"https:\\\/\\\/secure.gravatar.com\\\/avatar\\\/13aae9944ab2ee472a9e407c9487fdbd03b049abaa559af32fe5dbcf615c981b?s=96&d=mm&r=g\",\"caption\":\"Cecilia Vega\"},\"url\":\"https:\\\/\\\/expressometro.mx\\\/index.php\\\/author\\\/cecilia-vega\\\/\"}]}<\/script>\n<!-- \/ Yoast SEO plugin. -->","yoast_head_json":{"title":"INAUGURA ALFREDO DEL MAZO REFUGIO PARA MUJERES EN SITUACI\u00d3N DE VIOLENCIA EN TULTEPEC; CUENTA EDOM\u00c9X YA CON SEIS ESPACIOS DE ESTE TIPO - Expresso Metropolitano","robots":{"index":"index","follow":"follow","max-snippet":"max-snippet:-1","max-image-preview":"max-image-preview:large","max-video-preview":"max-video-preview:-1"},"canonical":"https:\/\/expressometro.mx\/index.php\/2022\/06\/28\/inaugura-alfredo-del-mazo-refugio-para-mujeres-en-situacion-de-violencia-en-tultepec-cuenta-edomex-ya-con-seis-espacios-de-este-tipo\/","og_locale":"es_MX","og_type":"article","og_title":"INAUGURA ALFREDO DEL MAZO REFUGIO PARA MUJERES EN SITUACI\u00d3N DE VIOLENCIA EN TULTEPEC; CUENTA EDOM\u00c9X YA CON SEIS ESPACIOS DE ESTE TIPO - Expresso Metropolitano","og_description":"Informa que, con la apertura de este lugar, el Edom\u00e9x fortalece su red de apoyo a mujeres en situaci\u00f3n de violencia.","og_url":"https:\/\/expressometro.mx\/index.php\/2022\/06\/28\/inaugura-alfredo-del-mazo-refugio-para-mujeres-en-situacion-de-violencia-en-tultepec-cuenta-edomex-ya-con-seis-espacios-de-este-tipo\/","og_site_name":"Expresso Metropolitano","article_published_time":"2022-06-28T13:49:08+00:00","article_modified_time":"2022-06-28T13:49:09+00:00","og_image":[{"width":1280,"height":889,"url":"http:\/\/expressometro.mx\/wp-content\/uploads\/2022\/06\/WhatsApp-Image-2022-06-27-at-12.50.53-PM.jpeg","type":"image\/jpeg"}],"author":"Cecilia Vega","twitter_misc":{"Escrito por":"Cecilia Vega","Tiempo de lectura":"3 minutos"},"schema":{"@context":"https:\/\/schema.org","@graph":[{"@type":"Article","@id":"https:\/\/expressometro.mx\/index.php\/2022\/06\/28\/inaugura-alfredo-del-mazo-refugio-para-mujeres-en-situacion-de-violencia-en-tultepec-cuenta-edomex-ya-con-seis-espacios-de-este-tipo\/#article","isPartOf":{"@id":"https:\/\/expressometro.mx\/index.php\/2022\/06\/28\/inaugura-alfredo-del-mazo-refugio-para-mujeres-en-situacion-de-violencia-en-tultepec-cuenta-edomex-ya-con-seis-espacios-de-este-tipo\/"},"author":{"name":"Cecilia Vega","@id":"https:\/\/expressometro.mx\/#\/schema\/person\/67a95b8e3862085c7598f66237488f1f"},"headline":"INAUGURA ALFREDO DEL MAZO REFUGIO PARA MUJERES EN SITUACI\u00d3N DE VIOLENCIA EN TULTEPEC; CUENTA EDOM\u00c9X YA CON SEIS ESPACIOS DE ESTE TIPO","datePublished":"2022-06-28T13:49:08+00:00","dateModified":"2022-06-28T13:49:09+00:00","mainEntityOfPage":{"@id":"https:\/\/expressometro.mx\/index.php\/2022\/06\/28\/inaugura-alfredo-del-mazo-refugio-para-mujeres-en-situacion-de-violencia-en-tultepec-cuenta-edomex-ya-con-seis-espacios-de-este-tipo\/"},"wordCount":630,"commentCount":0,"publisher":{"@id":"https:\/\/expressometro.mx\/#organization"},"image":{"@id":"https:\/\/expressometro.mx\/index.php\/2022\/06\/28\/inaugura-alfredo-del-mazo-refugio-para-mujeres-en-situacion-de-violencia-en-tultepec-cuenta-edomex-ya-con-seis-espacios-de-este-tipo\/#primaryimage"},"thumbnailUrl":"https:\/\/expressometro.mx\/wp-content\/uploads\/2022\/06\/WhatsApp-Image-2022-06-27-at-12.50.53-PM.jpeg","keywords":["Alfredo del Mazo","Tultepec","Violencia de g\u00e9nero"],"articleSection":["Pol\u00edtica","Seguridad"],"inLanguage":"es","potentialAction":[{"@type":"CommentAction","name":"Comment","target":["https:\/\/expressometro.mx\/index.php\/2022\/06\/28\/inaugura-alfredo-del-mazo-refugio-para-mujeres-en-situacion-de-violencia-en-tultepec-cuenta-edomex-ya-con-seis-espacios-de-este-tipo\/#respond"]}]},{"@type":"WebPage","@id":"https:\/\/expressometro.mx\/index.php\/2022\/06\/28\/inaugura-alfredo-del-mazo-refugio-para-mujeres-en-situacion-de-violencia-en-tultepec-cuenta-edomex-ya-con-seis-espacios-de-este-tipo\/","url":"https:\/\/expressometro.mx\/index.php\/2022\/06\/28\/inaugura-alfredo-del-mazo-refugio-para-mujeres-en-situacion-de-violencia-en-tultepec-cuenta-edomex-ya-con-seis-espacios-de-este-tipo\/","name":"INAUGURA ALFREDO DEL MAZO REFUGIO PARA MUJERES EN SITUACI\u00d3N DE VIOLENCIA EN TULTEPEC; CUENTA EDOM\u00c9X YA CON SEIS ESPACIOS DE ESTE TIPO - Expresso Metropolitano","isPartOf":{"@id":"https:\/\/expressometro.mx\/#website"},"primaryImageOfPage":{"@id":"https:\/\/expressometro.mx\/index.php\/2022\/06\/28\/inaugura-alfredo-del-mazo-refugio-para-mujeres-en-situacion-de-violencia-en-tultepec-cuenta-edomex-ya-con-seis-espacios-de-este-tipo\/#primaryimage"},"image":{"@id":"https:\/\/expressometro.mx\/index.php\/2022\/06\/28\/inaugura-alfredo-del-mazo-refugio-para-mujeres-en-situacion-de-violencia-en-tultepec-cuenta-edomex-ya-con-seis-espacios-de-este-tipo\/#primaryimage"},"thumbnailUrl":"https:\/\/expressometro.mx\/wp-content\/uploads\/2022\/06\/WhatsApp-Image-2022-06-27-at-12.50.53-PM.jpeg","datePublished":"2022-06-28T13:49:08+00:00","dateModified":"2022-06-28T13:49:09+00:00","breadcrumb":{"@id":"https:\/\/expressometro.mx\/index.php\/2022\/06\/28\/inaugura-alfredo-del-mazo-refugio-para-mujeres-en-situacion-de-violencia-en-tultepec-cuenta-edomex-ya-con-seis-espacios-de-este-tipo\/#breadcrumb"},"inLanguage":"es","potentialAction":[{"@type":"ReadAction","target":["https:\/\/expressometro.mx\/index.php\/2022\/06\/28\/inaugura-alfredo-del-mazo-refugio-para-mujeres-en-situacion-de-violencia-en-tultepec-cuenta-edomex-ya-con-seis-espacios-de-este-tipo\/"]}]},{"@type":"ImageObject","inLanguage":"es","@id":"https:\/\/expressometro.mx\/index.php\/2022\/06\/28\/inaugura-alfredo-del-mazo-refugio-para-mujeres-en-situacion-de-violencia-en-tultepec-cuenta-edomex-ya-con-seis-espacios-de-este-tipo\/#primaryimage","url":"https:\/\/expressometro.mx\/wp-content\/uploads\/2022\/06\/WhatsApp-Image-2022-06-27-at-12.50.53-PM.jpeg","contentUrl":"https:\/\/expressometro.mx\/wp-content\/uploads\/2022\/06\/WhatsApp-Image-2022-06-27-at-12.50.53-PM.jpeg","width":1280,"height":889},{"@type":"BreadcrumbList","@id":"https:\/\/expressometro.mx\/index.php\/2022\/06\/28\/inaugura-alfredo-del-mazo-refugio-para-mujeres-en-situacion-de-violencia-en-tultepec-cuenta-edomex-ya-con-seis-espacios-de-este-tipo\/#breadcrumb","itemListElement":[{"@type":"ListItem","position":1,"name":"Inicio","item":"https:\/\/expressometro.mx\/"},{"@type":"ListItem","position":2,"name":"INAUGURA ALFREDO DEL MAZO REFUGIO PARA MUJERES EN SITUACI\u00d3N DE VIOLENCIA EN TULTEPEC; CUENTA EDOM\u00c9X YA CON SEIS ESPACIOS DE ESTE TIPO"}]},{"@type":"WebSite","@id":"https:\/\/expressometro.mx\/#website","url":"https:\/\/expressometro.mx\/","name":"Expresso Metropolitano","description":"Periodismo comprometido, informaci\u00f3n, investigaci\u00f3n y an\u00e1lisis","publisher":{"@id":"https:\/\/expressometro.mx\/#organization"},"potentialAction":[{"@type":"SearchAction","target":{"@type":"EntryPoint","urlTemplate":"https:\/\/expressometro.mx\/?s={search_term_string}"},"query-input":{"@type":"PropertyValueSpecification","valueRequired":true,"valueName":"search_term_string"}}],"inLanguage":"es"},{"@type":"Organization","@id":"https:\/\/expressometro.mx\/#organization","name":"Expresso Metropolitano","url":"https:\/\/expressometro.mx\/","logo":{"@type":"ImageObject","inLanguage":"es","@id":"https:\/\/expressometro.mx\/#\/schema\/logo\/image\/","url":"https:\/\/expressometro.mx\/wp-content\/uploads\/2019\/07\/cropped-Logo-Expresso-Metropolitano-1-1.jpeg","contentUrl":"https:\/\/expressometro.mx\/wp-content\/uploads\/2019\/07\/cropped-Logo-Expresso-Metropolitano-1-1.jpeg","width":290,"height":73,"caption":"Expresso Metropolitano"},"image":{"@id":"https:\/\/expressometro.mx\/#\/schema\/logo\/image\/"}},{"@type":"Person","@id":"https:\/\/expressometro.mx\/#\/schema\/person\/67a95b8e3862085c7598f66237488f1f","name":"Cecilia Vega","image":{"@type":"ImageObject","inLanguage":"es","@id":"https:\/\/secure.gravatar.com\/avatar\/13aae9944ab2ee472a9e407c9487fdbd03b049abaa559af32fe5dbcf615c981b?s=96&d=mm&r=g","url":"https:\/\/secure.gravatar.com\/avatar\/13aae9944ab2ee472a9e407c9487fdbd03b049abaa559af32fe5dbcf615c981b?s=96&d=mm&r=g","contentUrl":"https:\/\/secure.gravatar.com\/avatar\/13aae9944ab2ee472a9e407c9487fdbd03b049abaa559af32fe5dbcf615c981b?s=96&d=mm&r=g","caption":"Cecilia Vega"},"url":"https:\/\/expressometro.mx\/index.php\/author\/cecilia-vega\/"}]}},"amp_enabled":true,"_links":{"self":[{"href":"https:\/\/expressometro.mx\/index.php\/wp-json\/wp\/v2\/posts\/5830","targetHints":{"allow":["GET"]}}],"collection":[{"href":"https:\/\/expressometro.mx\/index.php\/wp-json\/wp\/v2\/posts"}],"about":[{"href":"https:\/\/expressometro.mx\/index.php\/wp-json\/wp\/v2\/types\/post"}],"author":[{"embeddable":true,"href":"https:\/\/expressometro.mx\/index.php\/wp-json\/wp\/v2\/users\/2"}],"replies":[{"embeddable":true,"href":"https:\/\/expressometro.mx\/index.php\/wp-json\/wp\/v2\/comments?post=5830"}],"version-history":[{"count":1,"href":"https:\/\/expressometro.mx\/index.php\/wp-json\/wp\/v2\/posts\/5830\/revisions"}],"predecessor-version":[{"id":5833,"href":"https:\/\/expressometro.mx\/index.php\/wp-json\/wp\/v2\/posts\/5830\/revisions\/5833"}],"wp:featuredmedia":[{"embeddable":true,"href":"https:\/\/expressometro.mx\/index.php\/wp-json\/wp\/v2\/media\/5832"}],"wp:attachment":[{"href":"https:\/\/expressometro.mx\/index.php\/wp-json\/wp\/v2\/media?parent=5830"}],"wp:term":[{"taxonomy":"category","embeddable":true,"href":"https:\/\/expressometro.mx\/index.php\/wp-json\/wp\/v2\/categories?post=5830"},{"taxonomy":"post_tag","embeddable":true,"href":"https:\/\/expressometro.mx\/index.php\/wp-json\/wp\/v2\/tags?post=5830"}],"curies":[{"name":"wp","href":"https:\/\/api.w.org\/{rel}","templated":true}]}}