{"id":5719,"date":"2022-06-21T18:53:35","date_gmt":"2022-06-21T23:53:35","guid":{"rendered":"https:\/\/expressometro.mx\/?p=5719"},"modified":"2022-06-21T18:53:36","modified_gmt":"2022-06-21T23:53:36","slug":"destaca-gustavo-cardenas-las-campanas-de-salud-contra-vph","status":"publish","type":"post","link":"https:\/\/expressometro.mx\/index.php\/2022\/06\/21\/destaca-gustavo-cardenas-las-campanas-de-salud-contra-vph\/","title":{"rendered":"DESTACA GUSTAVO CARDENAS LAS CAMPA\u00d1AS DE SALUD CONTRA VPH"},"content":{"rendered":"\n<p>El Diputado Federal Gustavo C\u00e1rdenas Monroy acompa\u00f1\u00f3 en Atlacomulco al Secretario de Salud Francisco Javier Fern\u00e1ndez Clamont, al Diputado Local Iv\u00e1n Esquer Cruz y a la Presidenta Marisol Arias Flores a la Campa\u00f1a de Vacunaci\u00f3n Contra el Virus del Papiloma Humano (VPH) y jornada de Salud.<\/p>\n\n\n\n<p>El Diputado Federal destac\u00f3 que es un d\u00eda muy importante porque inicia la vacunaci\u00f3n en la escuela Primaria Rafael Fabila a \u00e9sta temprana edad de algo que con mucha responsabilidad lleva a cabo la Secretaria de Salud en el Estado, que es la protecci\u00f3n de las ni\u00f1as particularmente en \u00e9sta edad temprana para poder evitar problemas futuros.<\/p>\n\n\n\n<p>La vacuna que habr\u00e1n de recibir seguramente es una inversi\u00f3n muy impresionante que hace el Gobierno del Estado encabezado por el Gobernador Alfredo del Mazo Maza, pero cuando se invierte bien no importa lo que sea, ya que lo importante es que la salud de las mexicanas y los mexicanos que viven en \u00e9sta regi\u00f3n est\u00e9n en las mejores condiciones.<\/p>\n\n\n\n<p>El legislador solicit\u00f3 al Secretario siga visitando \u00e9sta regi\u00f3n y siga teniendo la voluntad pol\u00edtica y su gran responsabilidad como servidor p\u00fablico para seguir construyendo los acuerdos, y agradeci\u00f3 su atenci\u00f3n del Secretario, que se traduce en los mejores resultados en cuanto a las condiciones que se permiten econ\u00f3micamente.<\/p>\n\n\n\n<figure class=\"wp-block-image size-large\"><img decoding=\"async\" width=\"840\" height=\"473\" src=\"https:\/\/expressometro.mx\/wp-content\/uploads\/2022\/06\/WhatsApp-Image-2022-06-21-at-6.51.29-PM-1-840x473.jpeg\" alt=\"\" class=\"wp-image-5722\" srcset=\"https:\/\/expressometro.mx\/wp-content\/uploads\/2022\/06\/WhatsApp-Image-2022-06-21-at-6.51.29-PM-1-840x473.jpeg 840w, https:\/\/expressometro.mx\/wp-content\/uploads\/2022\/06\/WhatsApp-Image-2022-06-21-at-6.51.29-PM-1-649x365.jpeg 649w, https:\/\/expressometro.mx\/wp-content\/uploads\/2022\/06\/WhatsApp-Image-2022-06-21-at-6.51.29-PM-1-768x432.jpeg 768w, https:\/\/expressometro.mx\/wp-content\/uploads\/2022\/06\/WhatsApp-Image-2022-06-21-at-6.51.29-PM-1.jpeg 960w\" sizes=\"(max-width: 840px) 100vw, 840px\" \/><\/figure>\n\n\n\n<p>Adem\u00e1s, solicit\u00f3 el apoyo para otras cl\u00ednicas y casas de salud que existen en Atlacomulco, de la regi\u00f3n y muy particularmente el tema del hospital de Santiago Acutzilapan que es un tema prioritario y que en el tema de la certeza jur\u00eddica se ha avanzado sustancialmente y considera que esto ya est\u00e1 en las mejores condiciones para que el Gobierno del Estado pueda aterrizar la atenci\u00f3n en inversi\u00f3n.<\/p>\n\n\n\n<p>Esto con el fin de que la ciudadan\u00eda pueda asistir a recibir la atenci\u00f3n en esta Comunidad, ya que teniendo salud en las familias exista la tranquilidad, teniendo trabajo en las familias hay posibilidades econ\u00f3micas y teniendo educaci\u00f3n los ni\u00f1os est\u00e1 un c\u00edrculo virtuoso dado.<\/p>\n\n\n\n<p>C\u00e1rdenas Monroy agradeci\u00f3 la asistencia y el apoyo de la Alcaldesa, del Diputado Local y del Secretario de Salud.<\/p>\n","protected":false},"excerpt":{"rendered":"<p>El Diputado Federal Gustavo C\u00e1rdenas Monroy acompa\u00f1\u00f3 en Atlacomulco al Secretario de Salud Francisco Javier Fern\u00e1ndez Clamont, al Diputado Local Iv\u00e1n Esquer Cruz y a la Presidenta Marisol Arias Flores a la Campa\u00f1a de Vacunaci\u00f3n Contra el Virus del Papiloma Humano (VPH) y jornada de Salud.<\/p>\n","protected":false},"author":2,"featured_media":5721,"comment_status":"open","ping_status":"open","sticky":false,"template":"","format":"standard","meta":{"footnotes":""},"categories":[5],"tags":[389,891,576,388,1677],"class_list":["post-5719","post","type-post","status-publish","format-standard","has-post-thumbnail","hentry","category-salud","tag-atlacomulco","tag-gustavo-cardenas-2","tag-ivan-esquer","tag-marisol-arias","tag-vph"],"yoast_head":"<!-- This site is optimized with the Yoast SEO plugin v27.4 - https:\/\/yoast.com\/product\/yoast-seo-wordpress\/ -->\n<title>DESTACA GUSTAVO CARDENAS LAS CAMPA\u00d1AS DE SALUD CONTRA VPH - Expresso Metropolitano<\/title>\n<meta name=\"robots\" content=\"index, follow, max-snippet:-1, max-image-preview:large, max-video-preview:-1\" \/>\n<link rel=\"canonical\" href=\"https:\/\/expressometro.mx\/index.php\/2022\/06\/21\/destaca-gustavo-cardenas-las-campanas-de-salud-contra-vph\/\" \/>\n<meta property=\"og:locale\" content=\"es_MX\" \/>\n<meta property=\"og:type\" content=\"article\" \/>\n<meta property=\"og:title\" content=\"DESTACA GUSTAVO CARDENAS LAS CAMPA\u00d1AS DE SALUD CONTRA VPH - Expresso Metropolitano\" \/>\n<meta property=\"og:description\" content=\"El Diputado Federal Gustavo C\u00e1rdenas Monroy acompa\u00f1\u00f3 en Atlacomulco al Secretario de Salud Francisco Javier Fern\u00e1ndez Clamont, al Diputado Local Iv\u00e1n Esquer Cruz y a la Presidenta Marisol Arias Flores a la Campa\u00f1a de Vacunaci\u00f3n Contra el Virus del Papiloma Humano (VPH) y jornada de Salud.\" \/>\n<meta property=\"og:url\" content=\"https:\/\/expressometro.mx\/index.php\/2022\/06\/21\/destaca-gustavo-cardenas-las-campanas-de-salud-contra-vph\/\" \/>\n<meta property=\"og:site_name\" content=\"Expresso Metropolitano\" \/>\n<meta property=\"article:published_time\" content=\"2022-06-21T23:53:35+00:00\" \/>\n<meta property=\"article:modified_time\" content=\"2022-06-21T23:53:36+00:00\" \/>\n<meta property=\"og:image\" content=\"http:\/\/expressometro.mx\/wp-content\/uploads\/2022\/06\/WhatsApp-Image-2022-06-21-at-6.51.29-PM.jpeg\" \/>\n\t<meta property=\"og:image:width\" content=\"960\" \/>\n\t<meta property=\"og:image:height\" content=\"540\" \/>\n\t<meta property=\"og:image:type\" content=\"image\/jpeg\" \/>\n<meta name=\"author\" content=\"Cecilia Vega\" \/>\n<meta name=\"twitter:label1\" content=\"Escrito por\" \/>\n\t<meta name=\"twitter:data1\" content=\"Cecilia Vega\" \/>\n\t<meta name=\"twitter:label2\" content=\"Tiempo de lectura\" \/>\n\t<meta name=\"twitter:data2\" content=\"2 minutos\" \/>\n<script type=\"application\/ld+json\" class=\"yoast-schema-graph\">{\"@context\":\"https:\\\/\\\/schema.org\",\"@graph\":[{\"@type\":\"Article\",\"@id\":\"https:\\\/\\\/expressometro.mx\\\/index.php\\\/2022\\\/06\\\/21\\\/destaca-gustavo-cardenas-las-campanas-de-salud-contra-vph\\\/#article\",\"isPartOf\":{\"@id\":\"https:\\\/\\\/expressometro.mx\\\/index.php\\\/2022\\\/06\\\/21\\\/destaca-gustavo-cardenas-las-campanas-de-salud-contra-vph\\\/\"},\"author\":{\"name\":\"Cecilia Vega\",\"@id\":\"https:\\\/\\\/expressometro.mx\\\/#\\\/schema\\\/person\\\/67a95b8e3862085c7598f66237488f1f\"},\"headline\":\"DESTACA GUSTAVO CARDENAS LAS CAMPA\u00d1AS DE SALUD CONTRA VPH\",\"datePublished\":\"2022-06-21T23:53:35+00:00\",\"dateModified\":\"2022-06-21T23:53:36+00:00\",\"mainEntityOfPage\":{\"@id\":\"https:\\\/\\\/expressometro.mx\\\/index.php\\\/2022\\\/06\\\/21\\\/destaca-gustavo-cardenas-las-campanas-de-salud-contra-vph\\\/\"},\"wordCount\":385,\"commentCount\":0,\"publisher\":{\"@id\":\"https:\\\/\\\/expressometro.mx\\\/#organization\"},\"image\":{\"@id\":\"https:\\\/\\\/expressometro.mx\\\/index.php\\\/2022\\\/06\\\/21\\\/destaca-gustavo-cardenas-las-campanas-de-salud-contra-vph\\\/#primaryimage\"},\"thumbnailUrl\":\"https:\\\/\\\/expressometro.mx\\\/wp-content\\\/uploads\\\/2022\\\/06\\\/WhatsApp-Image-2022-06-21-at-6.51.29-PM.jpeg\",\"keywords\":[\"Atlacomulco\",\"Gustavo C\u00e1rdenas\",\"Iv\u00e1n Esquer\",\"Marisol Arias\",\"VPH\"],\"articleSection\":[\"Salud\"],\"inLanguage\":\"es\",\"potentialAction\":[{\"@type\":\"CommentAction\",\"name\":\"Comment\",\"target\":[\"https:\\\/\\\/expressometro.mx\\\/index.php\\\/2022\\\/06\\\/21\\\/destaca-gustavo-cardenas-las-campanas-de-salud-contra-vph\\\/#respond\"]}]},{\"@type\":\"WebPage\",\"@id\":\"https:\\\/\\\/expressometro.mx\\\/index.php\\\/2022\\\/06\\\/21\\\/destaca-gustavo-cardenas-las-campanas-de-salud-contra-vph\\\/\",\"url\":\"https:\\\/\\\/expressometro.mx\\\/index.php\\\/2022\\\/06\\\/21\\\/destaca-gustavo-cardenas-las-campanas-de-salud-contra-vph\\\/\",\"name\":\"DESTACA GUSTAVO CARDENAS LAS CAMPA\u00d1AS DE SALUD CONTRA VPH - Expresso Metropolitano\",\"isPartOf\":{\"@id\":\"https:\\\/\\\/expressometro.mx\\\/#website\"},\"primaryImageOfPage\":{\"@id\":\"https:\\\/\\\/expressometro.mx\\\/index.php\\\/2022\\\/06\\\/21\\\/destaca-gustavo-cardenas-las-campanas-de-salud-contra-vph\\\/#primaryimage\"},\"image\":{\"@id\":\"https:\\\/\\\/expressometro.mx\\\/index.php\\\/2022\\\/06\\\/21\\\/destaca-gustavo-cardenas-las-campanas-de-salud-contra-vph\\\/#primaryimage\"},\"thumbnailUrl\":\"https:\\\/\\\/expressometro.mx\\\/wp-content\\\/uploads\\\/2022\\\/06\\\/WhatsApp-Image-2022-06-21-at-6.51.29-PM.jpeg\",\"datePublished\":\"2022-06-21T23:53:35+00:00\",\"dateModified\":\"2022-06-21T23:53:36+00:00\",\"breadcrumb\":{\"@id\":\"https:\\\/\\\/expressometro.mx\\\/index.php\\\/2022\\\/06\\\/21\\\/destaca-gustavo-cardenas-las-campanas-de-salud-contra-vph\\\/#breadcrumb\"},\"inLanguage\":\"es\",\"potentialAction\":[{\"@type\":\"ReadAction\",\"target\":[\"https:\\\/\\\/expressometro.mx\\\/index.php\\\/2022\\\/06\\\/21\\\/destaca-gustavo-cardenas-las-campanas-de-salud-contra-vph\\\/\"]}]},{\"@type\":\"ImageObject\",\"inLanguage\":\"es\",\"@id\":\"https:\\\/\\\/expressometro.mx\\\/index.php\\\/2022\\\/06\\\/21\\\/destaca-gustavo-cardenas-las-campanas-de-salud-contra-vph\\\/#primaryimage\",\"url\":\"https:\\\/\\\/expressometro.mx\\\/wp-content\\\/uploads\\\/2022\\\/06\\\/WhatsApp-Image-2022-06-21-at-6.51.29-PM.jpeg\",\"contentUrl\":\"https:\\\/\\\/expressometro.mx\\\/wp-content\\\/uploads\\\/2022\\\/06\\\/WhatsApp-Image-2022-06-21-at-6.51.29-PM.jpeg\",\"width\":960,\"height\":540},{\"@type\":\"BreadcrumbList\",\"@id\":\"https:\\\/\\\/expressometro.mx\\\/index.php\\\/2022\\\/06\\\/21\\\/destaca-gustavo-cardenas-las-campanas-de-salud-contra-vph\\\/#breadcrumb\",\"itemListElement\":[{\"@type\":\"ListItem\",\"position\":1,\"name\":\"Inicio\",\"item\":\"https:\\\/\\\/expressometro.mx\\\/\"},{\"@type\":\"ListItem\",\"position\":2,\"name\":\"DESTACA GUSTAVO CARDENAS LAS CAMPA\u00d1AS DE SALUD CONTRA VPH\"}]},{\"@type\":\"WebSite\",\"@id\":\"https:\\\/\\\/expressometro.mx\\\/#website\",\"url\":\"https:\\\/\\\/expressometro.mx\\\/\",\"name\":\"Expresso Metropolitano\",\"description\":\"Periodismo comprometido, informaci\u00f3n, investigaci\u00f3n y an\u00e1lisis\",\"publisher\":{\"@id\":\"https:\\\/\\\/expressometro.mx\\\/#organization\"},\"potentialAction\":[{\"@type\":\"SearchAction\",\"target\":{\"@type\":\"EntryPoint\",\"urlTemplate\":\"https:\\\/\\\/expressometro.mx\\\/?s={search_term_string}\"},\"query-input\":{\"@type\":\"PropertyValueSpecification\",\"valueRequired\":true,\"valueName\":\"search_term_string\"}}],\"inLanguage\":\"es\"},{\"@type\":\"Organization\",\"@id\":\"https:\\\/\\\/expressometro.mx\\\/#organization\",\"name\":\"Expresso Metropolitano\",\"url\":\"https:\\\/\\\/expressometro.mx\\\/\",\"logo\":{\"@type\":\"ImageObject\",\"inLanguage\":\"es\",\"@id\":\"https:\\\/\\\/expressometro.mx\\\/#\\\/schema\\\/logo\\\/image\\\/\",\"url\":\"https:\\\/\\\/expressometro.mx\\\/wp-content\\\/uploads\\\/2019\\\/07\\\/cropped-Logo-Expresso-Metropolitano-1-1.jpeg\",\"contentUrl\":\"https:\\\/\\\/expressometro.mx\\\/wp-content\\\/uploads\\\/2019\\\/07\\\/cropped-Logo-Expresso-Metropolitano-1-1.jpeg\",\"width\":290,\"height\":73,\"caption\":\"Expresso Metropolitano\"},\"image\":{\"@id\":\"https:\\\/\\\/expressometro.mx\\\/#\\\/schema\\\/logo\\\/image\\\/\"}},{\"@type\":\"Person\",\"@id\":\"https:\\\/\\\/expressometro.mx\\\/#\\\/schema\\\/person\\\/67a95b8e3862085c7598f66237488f1f\",\"name\":\"Cecilia Vega\",\"image\":{\"@type\":\"ImageObject\",\"inLanguage\":\"es\",\"@id\":\"https:\\\/\\\/secure.gravatar.com\\\/avatar\\\/13aae9944ab2ee472a9e407c9487fdbd03b049abaa559af32fe5dbcf615c981b?s=96&d=mm&r=g\",\"url\":\"https:\\\/\\\/secure.gravatar.com\\\/avatar\\\/13aae9944ab2ee472a9e407c9487fdbd03b049abaa559af32fe5dbcf615c981b?s=96&d=mm&r=g\",\"contentUrl\":\"https:\\\/\\\/secure.gravatar.com\\\/avatar\\\/13aae9944ab2ee472a9e407c9487fdbd03b049abaa559af32fe5dbcf615c981b?s=96&d=mm&r=g\",\"caption\":\"Cecilia Vega\"},\"url\":\"https:\\\/\\\/expressometro.mx\\\/index.php\\\/author\\\/cecilia-vega\\\/\"}]}<\/script>\n<!-- \/ Yoast SEO plugin. -->","yoast_head_json":{"title":"DESTACA GUSTAVO CARDENAS LAS CAMPA\u00d1AS DE SALUD CONTRA VPH - Expresso Metropolitano","robots":{"index":"index","follow":"follow","max-snippet":"max-snippet:-1","max-image-preview":"max-image-preview:large","max-video-preview":"max-video-preview:-1"},"canonical":"https:\/\/expressometro.mx\/index.php\/2022\/06\/21\/destaca-gustavo-cardenas-las-campanas-de-salud-contra-vph\/","og_locale":"es_MX","og_type":"article","og_title":"DESTACA GUSTAVO CARDENAS LAS CAMPA\u00d1AS DE SALUD CONTRA VPH - Expresso Metropolitano","og_description":"El Diputado Federal Gustavo C\u00e1rdenas Monroy acompa\u00f1\u00f3 en Atlacomulco al Secretario de Salud Francisco Javier Fern\u00e1ndez Clamont, al Diputado Local Iv\u00e1n Esquer Cruz y a la Presidenta Marisol Arias Flores a la Campa\u00f1a de Vacunaci\u00f3n Contra el Virus del Papiloma Humano (VPH) y jornada de Salud.","og_url":"https:\/\/expressometro.mx\/index.php\/2022\/06\/21\/destaca-gustavo-cardenas-las-campanas-de-salud-contra-vph\/","og_site_name":"Expresso Metropolitano","article_published_time":"2022-06-21T23:53:35+00:00","article_modified_time":"2022-06-21T23:53:36+00:00","og_image":[{"width":960,"height":540,"url":"http:\/\/expressometro.mx\/wp-content\/uploads\/2022\/06\/WhatsApp-Image-2022-06-21-at-6.51.29-PM.jpeg","type":"image\/jpeg"}],"author":"Cecilia Vega","twitter_misc":{"Escrito por":"Cecilia Vega","Tiempo de lectura":"2 minutos"},"schema":{"@context":"https:\/\/schema.org","@graph":[{"@type":"Article","@id":"https:\/\/expressometro.mx\/index.php\/2022\/06\/21\/destaca-gustavo-cardenas-las-campanas-de-salud-contra-vph\/#article","isPartOf":{"@id":"https:\/\/expressometro.mx\/index.php\/2022\/06\/21\/destaca-gustavo-cardenas-las-campanas-de-salud-contra-vph\/"},"author":{"name":"Cecilia Vega","@id":"https:\/\/expressometro.mx\/#\/schema\/person\/67a95b8e3862085c7598f66237488f1f"},"headline":"DESTACA GUSTAVO CARDENAS LAS CAMPA\u00d1AS DE SALUD CONTRA VPH","datePublished":"2022-06-21T23:53:35+00:00","dateModified":"2022-06-21T23:53:36+00:00","mainEntityOfPage":{"@id":"https:\/\/expressometro.mx\/index.php\/2022\/06\/21\/destaca-gustavo-cardenas-las-campanas-de-salud-contra-vph\/"},"wordCount":385,"commentCount":0,"publisher":{"@id":"https:\/\/expressometro.mx\/#organization"},"image":{"@id":"https:\/\/expressometro.mx\/index.php\/2022\/06\/21\/destaca-gustavo-cardenas-las-campanas-de-salud-contra-vph\/#primaryimage"},"thumbnailUrl":"https:\/\/expressometro.mx\/wp-content\/uploads\/2022\/06\/WhatsApp-Image-2022-06-21-at-6.51.29-PM.jpeg","keywords":["Atlacomulco","Gustavo C\u00e1rdenas","Iv\u00e1n Esquer","Marisol Arias","VPH"],"articleSection":["Salud"],"inLanguage":"es","potentialAction":[{"@type":"CommentAction","name":"Comment","target":["https:\/\/expressometro.mx\/index.php\/2022\/06\/21\/destaca-gustavo-cardenas-las-campanas-de-salud-contra-vph\/#respond"]}]},{"@type":"WebPage","@id":"https:\/\/expressometro.mx\/index.php\/2022\/06\/21\/destaca-gustavo-cardenas-las-campanas-de-salud-contra-vph\/","url":"https:\/\/expressometro.mx\/index.php\/2022\/06\/21\/destaca-gustavo-cardenas-las-campanas-de-salud-contra-vph\/","name":"DESTACA GUSTAVO CARDENAS LAS CAMPA\u00d1AS DE SALUD CONTRA VPH - Expresso Metropolitano","isPartOf":{"@id":"https:\/\/expressometro.mx\/#website"},"primaryImageOfPage":{"@id":"https:\/\/expressometro.mx\/index.php\/2022\/06\/21\/destaca-gustavo-cardenas-las-campanas-de-salud-contra-vph\/#primaryimage"},"image":{"@id":"https:\/\/expressometro.mx\/index.php\/2022\/06\/21\/destaca-gustavo-cardenas-las-campanas-de-salud-contra-vph\/#primaryimage"},"thumbnailUrl":"https:\/\/expressometro.mx\/wp-content\/uploads\/2022\/06\/WhatsApp-Image-2022-06-21-at-6.51.29-PM.jpeg","datePublished":"2022-06-21T23:53:35+00:00","dateModified":"2022-06-21T23:53:36+00:00","breadcrumb":{"@id":"https:\/\/expressometro.mx\/index.php\/2022\/06\/21\/destaca-gustavo-cardenas-las-campanas-de-salud-contra-vph\/#breadcrumb"},"inLanguage":"es","potentialAction":[{"@type":"ReadAction","target":["https:\/\/expressometro.mx\/index.php\/2022\/06\/21\/destaca-gustavo-cardenas-las-campanas-de-salud-contra-vph\/"]}]},{"@type":"ImageObject","inLanguage":"es","@id":"https:\/\/expressometro.mx\/index.php\/2022\/06\/21\/destaca-gustavo-cardenas-las-campanas-de-salud-contra-vph\/#primaryimage","url":"https:\/\/expressometro.mx\/wp-content\/uploads\/2022\/06\/WhatsApp-Image-2022-06-21-at-6.51.29-PM.jpeg","contentUrl":"https:\/\/expressometro.mx\/wp-content\/uploads\/2022\/06\/WhatsApp-Image-2022-06-21-at-6.51.29-PM.jpeg","width":960,"height":540},{"@type":"BreadcrumbList","@id":"https:\/\/expressometro.mx\/index.php\/2022\/06\/21\/destaca-gustavo-cardenas-las-campanas-de-salud-contra-vph\/#breadcrumb","itemListElement":[{"@type":"ListItem","position":1,"name":"Inicio","item":"https:\/\/expressometro.mx\/"},{"@type":"ListItem","position":2,"name":"DESTACA GUSTAVO CARDENAS LAS CAMPA\u00d1AS DE SALUD CONTRA VPH"}]},{"@type":"WebSite","@id":"https:\/\/expressometro.mx\/#website","url":"https:\/\/expressometro.mx\/","name":"Expresso Metropolitano","description":"Periodismo comprometido, informaci\u00f3n, investigaci\u00f3n y an\u00e1lisis","publisher":{"@id":"https:\/\/expressometro.mx\/#organization"},"potentialAction":[{"@type":"SearchAction","target":{"@type":"EntryPoint","urlTemplate":"https:\/\/expressometro.mx\/?s={search_term_string}"},"query-input":{"@type":"PropertyValueSpecification","valueRequired":true,"valueName":"search_term_string"}}],"inLanguage":"es"},{"@type":"Organization","@id":"https:\/\/expressometro.mx\/#organization","name":"Expresso Metropolitano","url":"https:\/\/expressometro.mx\/","logo":{"@type":"ImageObject","inLanguage":"es","@id":"https:\/\/expressometro.mx\/#\/schema\/logo\/image\/","url":"https:\/\/expressometro.mx\/wp-content\/uploads\/2019\/07\/cropped-Logo-Expresso-Metropolitano-1-1.jpeg","contentUrl":"https:\/\/expressometro.mx\/wp-content\/uploads\/2019\/07\/cropped-Logo-Expresso-Metropolitano-1-1.jpeg","width":290,"height":73,"caption":"Expresso Metropolitano"},"image":{"@id":"https:\/\/expressometro.mx\/#\/schema\/logo\/image\/"}},{"@type":"Person","@id":"https:\/\/expressometro.mx\/#\/schema\/person\/67a95b8e3862085c7598f66237488f1f","name":"Cecilia Vega","image":{"@type":"ImageObject","inLanguage":"es","@id":"https:\/\/secure.gravatar.com\/avatar\/13aae9944ab2ee472a9e407c9487fdbd03b049abaa559af32fe5dbcf615c981b?s=96&d=mm&r=g","url":"https:\/\/secure.gravatar.com\/avatar\/13aae9944ab2ee472a9e407c9487fdbd03b049abaa559af32fe5dbcf615c981b?s=96&d=mm&r=g","contentUrl":"https:\/\/secure.gravatar.com\/avatar\/13aae9944ab2ee472a9e407c9487fdbd03b049abaa559af32fe5dbcf615c981b?s=96&d=mm&r=g","caption":"Cecilia Vega"},"url":"https:\/\/expressometro.mx\/index.php\/author\/cecilia-vega\/"}]}},"amp_enabled":true,"_links":{"self":[{"href":"https:\/\/expressometro.mx\/index.php\/wp-json\/wp\/v2\/posts\/5719","targetHints":{"allow":["GET"]}}],"collection":[{"href":"https:\/\/expressometro.mx\/index.php\/wp-json\/wp\/v2\/posts"}],"about":[{"href":"https:\/\/expressometro.mx\/index.php\/wp-json\/wp\/v2\/types\/post"}],"author":[{"embeddable":true,"href":"https:\/\/expressometro.mx\/index.php\/wp-json\/wp\/v2\/users\/2"}],"replies":[{"embeddable":true,"href":"https:\/\/expressometro.mx\/index.php\/wp-json\/wp\/v2\/comments?post=5719"}],"version-history":[{"count":1,"href":"https:\/\/expressometro.mx\/index.php\/wp-json\/wp\/v2\/posts\/5719\/revisions"}],"predecessor-version":[{"id":5723,"href":"https:\/\/expressometro.mx\/index.php\/wp-json\/wp\/v2\/posts\/5719\/revisions\/5723"}],"wp:featuredmedia":[{"embeddable":true,"href":"https:\/\/expressometro.mx\/index.php\/wp-json\/wp\/v2\/media\/5721"}],"wp:attachment":[{"href":"https:\/\/expressometro.mx\/index.php\/wp-json\/wp\/v2\/media?parent=5719"}],"wp:term":[{"taxonomy":"category","embeddable":true,"href":"https:\/\/expressometro.mx\/index.php\/wp-json\/wp\/v2\/categories?post=5719"},{"taxonomy":"post_tag","embeddable":true,"href":"https:\/\/expressometro.mx\/index.php\/wp-json\/wp\/v2\/tags?post=5719"}],"curies":[{"name":"wp","href":"https:\/\/api.w.org\/{rel}","templated":true}]}}