{"id":5708,"date":"2022-06-20T23:35:54","date_gmt":"2022-06-21T04:35:54","guid":{"rendered":"https:\/\/expressometro.mx\/?p=5708"},"modified":"2022-06-20T23:35:55","modified_gmt":"2022-06-21T04:35:55","slug":"autonomia-universitaria-bien-publico-al-servicio-de-todos-los-sectores-de-la-entidad-cebd","status":"publish","type":"post","link":"https:\/\/expressometro.mx\/index.php\/2022\/06\/20\/autonomia-universitaria-bien-publico-al-servicio-de-todos-los-sectores-de-la-entidad-cebd\/","title":{"rendered":"Autonom\u00eda universitaria, bien p\u00fablico al servicio de todos los sectores de la entidad: CEBD"},"content":{"rendered":"\n<ul class=\"wp-block-list\"><li>El rector de la Universidad Aut\u00f3noma del Estado de M\u00e9xico, Carlos Eduardo Barrera D\u00edaz, sign\u00f3 convenio general de colaboraci\u00f3n con el presidente municipal de Tenancingo, H\u00e9ctor Gordillo S\u00e1nchez.<\/li><\/ul>\n\n\n\n<p>La autonom\u00eda universitaria es un bien p\u00fablico al servicio de todos los sectores de nuestra entidad, destac\u00f3 el rector de la Universidad Aut\u00f3noma del Estado de M\u00e9xico (UAEM\u00e9x), Carlos Eduardo Barrera D\u00edaz, al signar convenio general de colaboraci\u00f3n con el presidente municipal de Tenancingo, H\u00e9ctor Gordillo S\u00e1nchez, quien expres\u00f3 que su administraci\u00f3n es aliada de la educaci\u00f3n y resalt\u00f3 su total disposici\u00f3n para apoyar el desarrollo de los universitarios y, por consiguiente, de los tenancinguenses.<\/p>\n\n\n\n<p>En instalaciones del Centro Universitario UAEM Tenancingo, el rector manifest\u00f3 que actores de la vida p\u00fablica confirman la voluntad de superaci\u00f3n de los universitarios, siempre dispuestos a contribuir a la soluci\u00f3n de las necesidades de los sectores p\u00fablico, privado y social.<\/p>\n\n\n\n<p>Lo anterior, abund\u00f3, \u201cdesde una perspectiva \u00e9tica proyectada a la inclusi\u00f3n social y a la sustentabilidad de nuestras actividades y entorno, sobre todo cuando se trata de un municipio de gente laboriosa y creativa, que preserva sus tradiciones artesanales, agropecuarias y culinarias como el noble pueblo de Tenancingo\u201d.<\/p>\n\n\n\n<p>En este contexto, Barrera D\u00edaz agradeci\u00f3 el apoyo del presidente municipal a la comunidad universitaria de Tenancingo, mediante acciones como la instalaci\u00f3n de la toma de agua en el Plantel \u201cDr. Pablo Gonz\u00e1lez Casanova\u201d de la Escuela Preparatoria y la construcci\u00f3n de la techumbre del \u00e1rea deportiva del Centro Universitario.<\/p>\n\n\n\n<p>Acompa\u00f1ado de la presidenta honoraria del Sistema DIF municipal, Azucena del Carmen Alquisiras Quevedo, H\u00e9ctor Gordillo S\u00e1nchez expres\u00f3 el compromiso de su gesti\u00f3n para concluir en el corto plazo la construcci\u00f3n de la techumbre del \u00e1rea deportiva del Centro Universitario UAEM Tenancingo y anunci\u00f3 que el pr\u00f3ximo mes de agosto entregar\u00e1 al Plantel \u201cDr. Pablo Gonz\u00e1lez Casanova\u201d de la Escuela Preparatoria de la UAEM instrumentos musicales para su banda de marcha, con una inversi\u00f3n superior a los 200 mil pesos.<\/p>\n\n\n\n<p>Por su parte, el director del Centro Universitario UAEM Tenancingo, Sotero Aguilar Medel, detall\u00f3 que el objeto central del convenio es el establecimiento de las bases para la realizaci\u00f3n de actividades que permitan la superaci\u00f3n acad\u00e9mica, capacitaci\u00f3n profesional, el desarrollo de la ciencia y la tecnolog\u00eda, la divulgaci\u00f3n del conocimiento desde una perspectiva integral que deber\u00e1 sustentarse en una adecuada y pertinente planeaci\u00f3n, programaci\u00f3n, intercambio y colaboraci\u00f3n para beneficio de las partes y, de manera especial, para la sociedad.<\/p>\n\n\n\n<p>\u201cLos universitarios reconocemos plenamente la conveniencia de formalizar la relaci\u00f3n interinstitucional que dar\u00e1 pie al aprovechamiento de los recursos humanos especializados y materiales en favor de la comunidad universitaria y los tenancinguenses\u201d, concluy\u00f3.<\/p>\n","protected":false},"excerpt":{"rendered":"<p>El rector de la Universidad Aut\u00f3noma del Estado de M\u00e9xico, Carlos Eduardo Barrera D\u00edaz, sign\u00f3 convenio general de colaboraci\u00f3n con el presidente municipal de Tenancingo, H\u00e9ctor Gordillo S\u00e1nchez.<\/p>\n","protected":false},"author":2,"featured_media":5709,"comment_status":"open","ping_status":"open","sticky":false,"template":"","format":"standard","meta":{"footnotes":""},"categories":[108],"tags":[313,82],"class_list":["post-5708","post","type-post","status-publish","format-standard","has-post-thumbnail","hentry","category-educacion","tag-carlos-eduardo-barrera-diaz","tag-uaemex"],"yoast_head":"<!-- This site is optimized with the Yoast SEO plugin v27.4 - https:\/\/yoast.com\/product\/yoast-seo-wordpress\/ -->\n<title>Autonom\u00eda universitaria, bien p\u00fablico al servicio de todos los sectores de la entidad: CEBD - Expresso Metropolitano<\/title>\n<meta name=\"robots\" content=\"index, follow, max-snippet:-1, max-image-preview:large, max-video-preview:-1\" \/>\n<link rel=\"canonical\" href=\"https:\/\/expressometro.mx\/index.php\/2022\/06\/20\/autonomia-universitaria-bien-publico-al-servicio-de-todos-los-sectores-de-la-entidad-cebd\/\" \/>\n<meta property=\"og:locale\" content=\"es_MX\" \/>\n<meta property=\"og:type\" content=\"article\" \/>\n<meta property=\"og:title\" content=\"Autonom\u00eda universitaria, bien p\u00fablico al servicio de todos los sectores de la entidad: CEBD - Expresso Metropolitano\" \/>\n<meta property=\"og:description\" content=\"El rector de la Universidad Aut\u00f3noma del Estado de M\u00e9xico, Carlos Eduardo Barrera D\u00edaz, sign\u00f3 convenio general de colaboraci\u00f3n con el presidente municipal de Tenancingo, H\u00e9ctor Gordillo S\u00e1nchez.\" \/>\n<meta property=\"og:url\" content=\"https:\/\/expressometro.mx\/index.php\/2022\/06\/20\/autonomia-universitaria-bien-publico-al-servicio-de-todos-los-sectores-de-la-entidad-cebd\/\" \/>\n<meta property=\"og:site_name\" content=\"Expresso Metropolitano\" \/>\n<meta property=\"article:published_time\" content=\"2022-06-21T04:35:54+00:00\" \/>\n<meta property=\"article:modified_time\" content=\"2022-06-21T04:35:55+00:00\" \/>\n<meta property=\"og:image\" content=\"http:\/\/expressometro.mx\/wp-content\/uploads\/2022\/06\/WhatsApp-Image-2022-06-20-at-7.17.41-PM.jpeg\" \/>\n\t<meta property=\"og:image:width\" content=\"702\" \/>\n\t<meta property=\"og:image:height\" content=\"468\" \/>\n\t<meta property=\"og:image:type\" content=\"image\/jpeg\" \/>\n<meta name=\"author\" content=\"Cecilia Vega\" \/>\n<meta name=\"twitter:label1\" content=\"Escrito por\" \/>\n\t<meta name=\"twitter:data1\" content=\"Cecilia Vega\" \/>\n\t<meta name=\"twitter:label2\" content=\"Tiempo de lectura\" \/>\n\t<meta name=\"twitter:data2\" content=\"2 minutos\" \/>\n<script type=\"application\/ld+json\" class=\"yoast-schema-graph\">{\"@context\":\"https:\\\/\\\/schema.org\",\"@graph\":[{\"@type\":\"Article\",\"@id\":\"https:\\\/\\\/expressometro.mx\\\/index.php\\\/2022\\\/06\\\/20\\\/autonomia-universitaria-bien-publico-al-servicio-de-todos-los-sectores-de-la-entidad-cebd\\\/#article\",\"isPartOf\":{\"@id\":\"https:\\\/\\\/expressometro.mx\\\/index.php\\\/2022\\\/06\\\/20\\\/autonomia-universitaria-bien-publico-al-servicio-de-todos-los-sectores-de-la-entidad-cebd\\\/\"},\"author\":{\"name\":\"Cecilia Vega\",\"@id\":\"https:\\\/\\\/expressometro.mx\\\/#\\\/schema\\\/person\\\/67a95b8e3862085c7598f66237488f1f\"},\"headline\":\"Autonom\u00eda universitaria, bien p\u00fablico al servicio de todos los sectores de la entidad: CEBD\",\"datePublished\":\"2022-06-21T04:35:54+00:00\",\"dateModified\":\"2022-06-21T04:35:55+00:00\",\"mainEntityOfPage\":{\"@id\":\"https:\\\/\\\/expressometro.mx\\\/index.php\\\/2022\\\/06\\\/20\\\/autonomia-universitaria-bien-publico-al-servicio-de-todos-los-sectores-de-la-entidad-cebd\\\/\"},\"wordCount\":494,\"commentCount\":0,\"publisher\":{\"@id\":\"https:\\\/\\\/expressometro.mx\\\/#organization\"},\"image\":{\"@id\":\"https:\\\/\\\/expressometro.mx\\\/index.php\\\/2022\\\/06\\\/20\\\/autonomia-universitaria-bien-publico-al-servicio-de-todos-los-sectores-de-la-entidad-cebd\\\/#primaryimage\"},\"thumbnailUrl\":\"https:\\\/\\\/expressometro.mx\\\/wp-content\\\/uploads\\\/2022\\\/06\\\/WhatsApp-Image-2022-06-20-at-7.17.41-PM.jpeg\",\"keywords\":[\"Carlos Eduardo Barrera D\u00edaz\",\"UAEMex\"],\"articleSection\":[\"Educaci\u00f3n\"],\"inLanguage\":\"es\",\"potentialAction\":[{\"@type\":\"CommentAction\",\"name\":\"Comment\",\"target\":[\"https:\\\/\\\/expressometro.mx\\\/index.php\\\/2022\\\/06\\\/20\\\/autonomia-universitaria-bien-publico-al-servicio-de-todos-los-sectores-de-la-entidad-cebd\\\/#respond\"]}]},{\"@type\":\"WebPage\",\"@id\":\"https:\\\/\\\/expressometro.mx\\\/index.php\\\/2022\\\/06\\\/20\\\/autonomia-universitaria-bien-publico-al-servicio-de-todos-los-sectores-de-la-entidad-cebd\\\/\",\"url\":\"https:\\\/\\\/expressometro.mx\\\/index.php\\\/2022\\\/06\\\/20\\\/autonomia-universitaria-bien-publico-al-servicio-de-todos-los-sectores-de-la-entidad-cebd\\\/\",\"name\":\"Autonom\u00eda universitaria, bien p\u00fablico al servicio de todos los sectores de la entidad: CEBD - Expresso Metropolitano\",\"isPartOf\":{\"@id\":\"https:\\\/\\\/expressometro.mx\\\/#website\"},\"primaryImageOfPage\":{\"@id\":\"https:\\\/\\\/expressometro.mx\\\/index.php\\\/2022\\\/06\\\/20\\\/autonomia-universitaria-bien-publico-al-servicio-de-todos-los-sectores-de-la-entidad-cebd\\\/#primaryimage\"},\"image\":{\"@id\":\"https:\\\/\\\/expressometro.mx\\\/index.php\\\/2022\\\/06\\\/20\\\/autonomia-universitaria-bien-publico-al-servicio-de-todos-los-sectores-de-la-entidad-cebd\\\/#primaryimage\"},\"thumbnailUrl\":\"https:\\\/\\\/expressometro.mx\\\/wp-content\\\/uploads\\\/2022\\\/06\\\/WhatsApp-Image-2022-06-20-at-7.17.41-PM.jpeg\",\"datePublished\":\"2022-06-21T04:35:54+00:00\",\"dateModified\":\"2022-06-21T04:35:55+00:00\",\"breadcrumb\":{\"@id\":\"https:\\\/\\\/expressometro.mx\\\/index.php\\\/2022\\\/06\\\/20\\\/autonomia-universitaria-bien-publico-al-servicio-de-todos-los-sectores-de-la-entidad-cebd\\\/#breadcrumb\"},\"inLanguage\":\"es\",\"potentialAction\":[{\"@type\":\"ReadAction\",\"target\":[\"https:\\\/\\\/expressometro.mx\\\/index.php\\\/2022\\\/06\\\/20\\\/autonomia-universitaria-bien-publico-al-servicio-de-todos-los-sectores-de-la-entidad-cebd\\\/\"]}]},{\"@type\":\"ImageObject\",\"inLanguage\":\"es\",\"@id\":\"https:\\\/\\\/expressometro.mx\\\/index.php\\\/2022\\\/06\\\/20\\\/autonomia-universitaria-bien-publico-al-servicio-de-todos-los-sectores-de-la-entidad-cebd\\\/#primaryimage\",\"url\":\"https:\\\/\\\/expressometro.mx\\\/wp-content\\\/uploads\\\/2022\\\/06\\\/WhatsApp-Image-2022-06-20-at-7.17.41-PM.jpeg\",\"contentUrl\":\"https:\\\/\\\/expressometro.mx\\\/wp-content\\\/uploads\\\/2022\\\/06\\\/WhatsApp-Image-2022-06-20-at-7.17.41-PM.jpeg\",\"width\":702,\"height\":468},{\"@type\":\"BreadcrumbList\",\"@id\":\"https:\\\/\\\/expressometro.mx\\\/index.php\\\/2022\\\/06\\\/20\\\/autonomia-universitaria-bien-publico-al-servicio-de-todos-los-sectores-de-la-entidad-cebd\\\/#breadcrumb\",\"itemListElement\":[{\"@type\":\"ListItem\",\"position\":1,\"name\":\"Inicio\",\"item\":\"https:\\\/\\\/expressometro.mx\\\/\"},{\"@type\":\"ListItem\",\"position\":2,\"name\":\"Autonom\u00eda universitaria, bien p\u00fablico al servicio de todos los sectores de la entidad: CEBD\"}]},{\"@type\":\"WebSite\",\"@id\":\"https:\\\/\\\/expressometro.mx\\\/#website\",\"url\":\"https:\\\/\\\/expressometro.mx\\\/\",\"name\":\"Expresso Metropolitano\",\"description\":\"Periodismo comprometido, informaci\u00f3n, investigaci\u00f3n y an\u00e1lisis\",\"publisher\":{\"@id\":\"https:\\\/\\\/expressometro.mx\\\/#organization\"},\"potentialAction\":[{\"@type\":\"SearchAction\",\"target\":{\"@type\":\"EntryPoint\",\"urlTemplate\":\"https:\\\/\\\/expressometro.mx\\\/?s={search_term_string}\"},\"query-input\":{\"@type\":\"PropertyValueSpecification\",\"valueRequired\":true,\"valueName\":\"search_term_string\"}}],\"inLanguage\":\"es\"},{\"@type\":\"Organization\",\"@id\":\"https:\\\/\\\/expressometro.mx\\\/#organization\",\"name\":\"Expresso Metropolitano\",\"url\":\"https:\\\/\\\/expressometro.mx\\\/\",\"logo\":{\"@type\":\"ImageObject\",\"inLanguage\":\"es\",\"@id\":\"https:\\\/\\\/expressometro.mx\\\/#\\\/schema\\\/logo\\\/image\\\/\",\"url\":\"https:\\\/\\\/expressometro.mx\\\/wp-content\\\/uploads\\\/2019\\\/07\\\/cropped-Logo-Expresso-Metropolitano-1-1.jpeg\",\"contentUrl\":\"https:\\\/\\\/expressometro.mx\\\/wp-content\\\/uploads\\\/2019\\\/07\\\/cropped-Logo-Expresso-Metropolitano-1-1.jpeg\",\"width\":290,\"height\":73,\"caption\":\"Expresso Metropolitano\"},\"image\":{\"@id\":\"https:\\\/\\\/expressometro.mx\\\/#\\\/schema\\\/logo\\\/image\\\/\"}},{\"@type\":\"Person\",\"@id\":\"https:\\\/\\\/expressometro.mx\\\/#\\\/schema\\\/person\\\/67a95b8e3862085c7598f66237488f1f\",\"name\":\"Cecilia Vega\",\"image\":{\"@type\":\"ImageObject\",\"inLanguage\":\"es\",\"@id\":\"https:\\\/\\\/secure.gravatar.com\\\/avatar\\\/13aae9944ab2ee472a9e407c9487fdbd03b049abaa559af32fe5dbcf615c981b?s=96&d=mm&r=g\",\"url\":\"https:\\\/\\\/secure.gravatar.com\\\/avatar\\\/13aae9944ab2ee472a9e407c9487fdbd03b049abaa559af32fe5dbcf615c981b?s=96&d=mm&r=g\",\"contentUrl\":\"https:\\\/\\\/secure.gravatar.com\\\/avatar\\\/13aae9944ab2ee472a9e407c9487fdbd03b049abaa559af32fe5dbcf615c981b?s=96&d=mm&r=g\",\"caption\":\"Cecilia Vega\"},\"url\":\"https:\\\/\\\/expressometro.mx\\\/index.php\\\/author\\\/cecilia-vega\\\/\"}]}<\/script>\n<!-- \/ Yoast SEO plugin. -->","yoast_head_json":{"title":"Autonom\u00eda universitaria, bien p\u00fablico al servicio de todos los sectores de la entidad: CEBD - Expresso Metropolitano","robots":{"index":"index","follow":"follow","max-snippet":"max-snippet:-1","max-image-preview":"max-image-preview:large","max-video-preview":"max-video-preview:-1"},"canonical":"https:\/\/expressometro.mx\/index.php\/2022\/06\/20\/autonomia-universitaria-bien-publico-al-servicio-de-todos-los-sectores-de-la-entidad-cebd\/","og_locale":"es_MX","og_type":"article","og_title":"Autonom\u00eda universitaria, bien p\u00fablico al servicio de todos los sectores de la entidad: CEBD - Expresso Metropolitano","og_description":"El rector de la Universidad Aut\u00f3noma del Estado de M\u00e9xico, Carlos Eduardo Barrera D\u00edaz, sign\u00f3 convenio general de colaboraci\u00f3n con el presidente municipal de Tenancingo, H\u00e9ctor Gordillo S\u00e1nchez.","og_url":"https:\/\/expressometro.mx\/index.php\/2022\/06\/20\/autonomia-universitaria-bien-publico-al-servicio-de-todos-los-sectores-de-la-entidad-cebd\/","og_site_name":"Expresso Metropolitano","article_published_time":"2022-06-21T04:35:54+00:00","article_modified_time":"2022-06-21T04:35:55+00:00","og_image":[{"width":702,"height":468,"url":"http:\/\/expressometro.mx\/wp-content\/uploads\/2022\/06\/WhatsApp-Image-2022-06-20-at-7.17.41-PM.jpeg","type":"image\/jpeg"}],"author":"Cecilia Vega","twitter_misc":{"Escrito por":"Cecilia Vega","Tiempo de lectura":"2 minutos"},"schema":{"@context":"https:\/\/schema.org","@graph":[{"@type":"Article","@id":"https:\/\/expressometro.mx\/index.php\/2022\/06\/20\/autonomia-universitaria-bien-publico-al-servicio-de-todos-los-sectores-de-la-entidad-cebd\/#article","isPartOf":{"@id":"https:\/\/expressometro.mx\/index.php\/2022\/06\/20\/autonomia-universitaria-bien-publico-al-servicio-de-todos-los-sectores-de-la-entidad-cebd\/"},"author":{"name":"Cecilia Vega","@id":"https:\/\/expressometro.mx\/#\/schema\/person\/67a95b8e3862085c7598f66237488f1f"},"headline":"Autonom\u00eda universitaria, bien p\u00fablico al servicio de todos los sectores de la entidad: CEBD","datePublished":"2022-06-21T04:35:54+00:00","dateModified":"2022-06-21T04:35:55+00:00","mainEntityOfPage":{"@id":"https:\/\/expressometro.mx\/index.php\/2022\/06\/20\/autonomia-universitaria-bien-publico-al-servicio-de-todos-los-sectores-de-la-entidad-cebd\/"},"wordCount":494,"commentCount":0,"publisher":{"@id":"https:\/\/expressometro.mx\/#organization"},"image":{"@id":"https:\/\/expressometro.mx\/index.php\/2022\/06\/20\/autonomia-universitaria-bien-publico-al-servicio-de-todos-los-sectores-de-la-entidad-cebd\/#primaryimage"},"thumbnailUrl":"https:\/\/expressometro.mx\/wp-content\/uploads\/2022\/06\/WhatsApp-Image-2022-06-20-at-7.17.41-PM.jpeg","keywords":["Carlos Eduardo Barrera D\u00edaz","UAEMex"],"articleSection":["Educaci\u00f3n"],"inLanguage":"es","potentialAction":[{"@type":"CommentAction","name":"Comment","target":["https:\/\/expressometro.mx\/index.php\/2022\/06\/20\/autonomia-universitaria-bien-publico-al-servicio-de-todos-los-sectores-de-la-entidad-cebd\/#respond"]}]},{"@type":"WebPage","@id":"https:\/\/expressometro.mx\/index.php\/2022\/06\/20\/autonomia-universitaria-bien-publico-al-servicio-de-todos-los-sectores-de-la-entidad-cebd\/","url":"https:\/\/expressometro.mx\/index.php\/2022\/06\/20\/autonomia-universitaria-bien-publico-al-servicio-de-todos-los-sectores-de-la-entidad-cebd\/","name":"Autonom\u00eda universitaria, bien p\u00fablico al servicio de todos los sectores de la entidad: CEBD - Expresso Metropolitano","isPartOf":{"@id":"https:\/\/expressometro.mx\/#website"},"primaryImageOfPage":{"@id":"https:\/\/expressometro.mx\/index.php\/2022\/06\/20\/autonomia-universitaria-bien-publico-al-servicio-de-todos-los-sectores-de-la-entidad-cebd\/#primaryimage"},"image":{"@id":"https:\/\/expressometro.mx\/index.php\/2022\/06\/20\/autonomia-universitaria-bien-publico-al-servicio-de-todos-los-sectores-de-la-entidad-cebd\/#primaryimage"},"thumbnailUrl":"https:\/\/expressometro.mx\/wp-content\/uploads\/2022\/06\/WhatsApp-Image-2022-06-20-at-7.17.41-PM.jpeg","datePublished":"2022-06-21T04:35:54+00:00","dateModified":"2022-06-21T04:35:55+00:00","breadcrumb":{"@id":"https:\/\/expressometro.mx\/index.php\/2022\/06\/20\/autonomia-universitaria-bien-publico-al-servicio-de-todos-los-sectores-de-la-entidad-cebd\/#breadcrumb"},"inLanguage":"es","potentialAction":[{"@type":"ReadAction","target":["https:\/\/expressometro.mx\/index.php\/2022\/06\/20\/autonomia-universitaria-bien-publico-al-servicio-de-todos-los-sectores-de-la-entidad-cebd\/"]}]},{"@type":"ImageObject","inLanguage":"es","@id":"https:\/\/expressometro.mx\/index.php\/2022\/06\/20\/autonomia-universitaria-bien-publico-al-servicio-de-todos-los-sectores-de-la-entidad-cebd\/#primaryimage","url":"https:\/\/expressometro.mx\/wp-content\/uploads\/2022\/06\/WhatsApp-Image-2022-06-20-at-7.17.41-PM.jpeg","contentUrl":"https:\/\/expressometro.mx\/wp-content\/uploads\/2022\/06\/WhatsApp-Image-2022-06-20-at-7.17.41-PM.jpeg","width":702,"height":468},{"@type":"BreadcrumbList","@id":"https:\/\/expressometro.mx\/index.php\/2022\/06\/20\/autonomia-universitaria-bien-publico-al-servicio-de-todos-los-sectores-de-la-entidad-cebd\/#breadcrumb","itemListElement":[{"@type":"ListItem","position":1,"name":"Inicio","item":"https:\/\/expressometro.mx\/"},{"@type":"ListItem","position":2,"name":"Autonom\u00eda universitaria, bien p\u00fablico al servicio de todos los sectores de la entidad: CEBD"}]},{"@type":"WebSite","@id":"https:\/\/expressometro.mx\/#website","url":"https:\/\/expressometro.mx\/","name":"Expresso Metropolitano","description":"Periodismo comprometido, informaci\u00f3n, investigaci\u00f3n y an\u00e1lisis","publisher":{"@id":"https:\/\/expressometro.mx\/#organization"},"potentialAction":[{"@type":"SearchAction","target":{"@type":"EntryPoint","urlTemplate":"https:\/\/expressometro.mx\/?s={search_term_string}"},"query-input":{"@type":"PropertyValueSpecification","valueRequired":true,"valueName":"search_term_string"}}],"inLanguage":"es"},{"@type":"Organization","@id":"https:\/\/expressometro.mx\/#organization","name":"Expresso Metropolitano","url":"https:\/\/expressometro.mx\/","logo":{"@type":"ImageObject","inLanguage":"es","@id":"https:\/\/expressometro.mx\/#\/schema\/logo\/image\/","url":"https:\/\/expressometro.mx\/wp-content\/uploads\/2019\/07\/cropped-Logo-Expresso-Metropolitano-1-1.jpeg","contentUrl":"https:\/\/expressometro.mx\/wp-content\/uploads\/2019\/07\/cropped-Logo-Expresso-Metropolitano-1-1.jpeg","width":290,"height":73,"caption":"Expresso Metropolitano"},"image":{"@id":"https:\/\/expressometro.mx\/#\/schema\/logo\/image\/"}},{"@type":"Person","@id":"https:\/\/expressometro.mx\/#\/schema\/person\/67a95b8e3862085c7598f66237488f1f","name":"Cecilia Vega","image":{"@type":"ImageObject","inLanguage":"es","@id":"https:\/\/secure.gravatar.com\/avatar\/13aae9944ab2ee472a9e407c9487fdbd03b049abaa559af32fe5dbcf615c981b?s=96&d=mm&r=g","url":"https:\/\/secure.gravatar.com\/avatar\/13aae9944ab2ee472a9e407c9487fdbd03b049abaa559af32fe5dbcf615c981b?s=96&d=mm&r=g","contentUrl":"https:\/\/secure.gravatar.com\/avatar\/13aae9944ab2ee472a9e407c9487fdbd03b049abaa559af32fe5dbcf615c981b?s=96&d=mm&r=g","caption":"Cecilia Vega"},"url":"https:\/\/expressometro.mx\/index.php\/author\/cecilia-vega\/"}]}},"amp_enabled":true,"_links":{"self":[{"href":"https:\/\/expressometro.mx\/index.php\/wp-json\/wp\/v2\/posts\/5708","targetHints":{"allow":["GET"]}}],"collection":[{"href":"https:\/\/expressometro.mx\/index.php\/wp-json\/wp\/v2\/posts"}],"about":[{"href":"https:\/\/expressometro.mx\/index.php\/wp-json\/wp\/v2\/types\/post"}],"author":[{"embeddable":true,"href":"https:\/\/expressometro.mx\/index.php\/wp-json\/wp\/v2\/users\/2"}],"replies":[{"embeddable":true,"href":"https:\/\/expressometro.mx\/index.php\/wp-json\/wp\/v2\/comments?post=5708"}],"version-history":[{"count":1,"href":"https:\/\/expressometro.mx\/index.php\/wp-json\/wp\/v2\/posts\/5708\/revisions"}],"predecessor-version":[{"id":5711,"href":"https:\/\/expressometro.mx\/index.php\/wp-json\/wp\/v2\/posts\/5708\/revisions\/5711"}],"wp:featuredmedia":[{"embeddable":true,"href":"https:\/\/expressometro.mx\/index.php\/wp-json\/wp\/v2\/media\/5709"}],"wp:attachment":[{"href":"https:\/\/expressometro.mx\/index.php\/wp-json\/wp\/v2\/media?parent=5708"}],"wp:term":[{"taxonomy":"category","embeddable":true,"href":"https:\/\/expressometro.mx\/index.php\/wp-json\/wp\/v2\/categories?post=5708"},{"taxonomy":"post_tag","embeddable":true,"href":"https:\/\/expressometro.mx\/index.php\/wp-json\/wp\/v2\/tags?post=5708"}],"curies":[{"name":"wp","href":"https:\/\/api.w.org\/{rel}","templated":true}]}}