{"id":5655,"date":"2022-05-31T14:44:07","date_gmt":"2022-05-31T19:44:07","guid":{"rendered":"https:\/\/expressometro.mx\/?p=5655"},"modified":"2022-05-31T14:44:07","modified_gmt":"2022-05-31T19:44:07","slug":"inicia-desbandada-de-militantes-de-movimiento-ciudadano-en-nezahualcoyotl","status":"publish","type":"post","link":"https:\/\/expressometro.mx\/index.php\/2022\/05\/31\/inicia-desbandada-de-militantes-de-movimiento-ciudadano-en-nezahualcoyotl\/","title":{"rendered":"INICIA DESBANDADA DE MILITANTES DE MOVIMIENTO CIUDADANO EN NEZAHUALC\u00d3YOTL"},"content":{"rendered":"\n<ul class=\"wp-block-list\"><li>Los primeros en abandonar el proyecto de MC en Nezahualc\u00f3yotl es un consejero pol\u00edtico estatal y una s\u00edndico.<br>Tras los se\u00f1alamientos de indiferencia por parte de la dirigencia estatal que encabeza el senador Juan Zepeda y de que Movimiento Ciudadano no fue espacio propicio desde donde se pudieran mejorar las condiciones de vida y representar las causas de los j\u00f3venes, y por tanto disminuir las brechas de desigualdad en M\u00e9xico, la s\u00edndico Pamela L\u00f3pez Guerrero y el Consejero pol\u00edtico estatal Julio C\u00e9sar Cerecedo, anunciaron su salida dicho instituto pol\u00edtico en Nezahualc\u00f3yotl.<br>Tanto la s\u00edndico como el ahora ex consejero pol\u00edtico estatal, dieron a conocer en conferencia de prensa su adhesi\u00f3n al Partido Verde, en presencia de su dirigente estatal Alberto Couttolenc Buentello, quien les manifest\u00f3 que \u00e9ste si ser\u00e1 espacio para que los dos nuevos integrantes concreten sus respectivos proyectos a favor de la ciudadan\u00eda.<br>Couttolenc Buentello, denunci\u00f3 que la decisi\u00f3n de abandonar a Movimiento Ciudadano, obedeci\u00f3 a la desatenci\u00f3n de la dirigencia estatal que encabeza el senador Juan Zepeda que enga\u00f1a a su l\u00edder nacional, Dante Delgado, quien tampoco se preocupa de los grupos sociales que son los que como siempre dan la cara y realizan el trabajo en campo.<br>En su renuncia con car\u00e1cter de irrevocable dirigida a Dante Delgado Rannauro, Coordinador Nacional de Movimiento Ciudadano, Julio C\u00e9sar Cerecedo, le hace patente que hablar de indiferencia, puede ser uno de los cr\u00edmenes m\u00e1s funestos en cualquier comunidad \u201cno hay que dejar de decir las cosas por su nombre y exhibir por m\u00e1s cruda que sea la realidad y enfrentar con valent\u00eda y sin pudor\u201d, se lee en la misiva.<br>En la misma, le recuerda que el pasado 16 de marzo hizo de su conocimiento las problem\u00e1ticas internas a nivel Estado de M\u00e9xico que vive Movimiento Ciudadano, \u201cestoy convencido que esta opini\u00f3n no es s\u00f3lo la de un servidor, sino la de decenas de actores pol\u00edticos y cientos de militantes en la entidad\u201d, dijo.<br>Al no ser escuchado y atendido por el dirigente Juan Zepeda y tampoco por Dante Delgado, decidi\u00f3 junto con la s\u00edndico Pamela dejar las filas del emecisimo e incorporarse al Partido Verde donde podr\u00e1n desarrollarse en sus diferentes \u00e1mbitos y ser escuchados.<br>Por su parte, la s\u00edndico Pamela L\u00f3pez Guerrero, afirm\u00f3 que cuando ya no hay coincidencia de ideas como ocurri\u00f3 en MC, es mejor buscar otros espacios donde se pueda crecer y desarrollar sus proyectos.<br>Indic\u00f3 que en la pr\u00f3xima sesi\u00f3n de Cabildo har\u00e1 saber a sus compa\u00f1eros integrantes del mismo, la decisi\u00f3n que ha tomado y que por primera vez en la historia del Partido Verde en Neza, tendr\u00e1 una s\u00edndico, que apoyar\u00e1 las causas y pol\u00edticas en pro del medio ambiente y los j\u00f3venes.<\/li><\/ul>\n","protected":false},"excerpt":{"rendered":"<p>Los primeros en abandonar el proyecto de MC en Nezahualc\u00f3yotl es un consejero pol\u00edtico estatal y una s\u00edndico.<\/p>\n","protected":false},"author":2,"featured_media":5657,"comment_status":"open","ping_status":"open","sticky":false,"template":"","format":"standard","meta":{"footnotes":""},"categories":[3],"tags":[828],"class_list":["post-5655","post","type-post","status-publish","format-standard","has-post-thumbnail","hentry","category-gobierno","tag-pepe-couttolenc"],"yoast_head":"<!-- This site is optimized with the Yoast SEO plugin v27.5 - https:\/\/yoast.com\/product\/yoast-seo-wordpress\/ -->\n<title>INICIA DESBANDADA DE MILITANTES DE MOVIMIENTO CIUDADANO EN NEZAHUALC\u00d3YOTL - Expresso Metropolitano<\/title>\n<meta name=\"robots\" content=\"index, follow, max-snippet:-1, max-image-preview:large, max-video-preview:-1\" \/>\n<link rel=\"canonical\" href=\"https:\/\/expressometro.mx\/index.php\/2022\/05\/31\/inicia-desbandada-de-militantes-de-movimiento-ciudadano-en-nezahualcoyotl\/\" \/>\n<meta property=\"og:locale\" content=\"es_MX\" \/>\n<meta property=\"og:type\" content=\"article\" \/>\n<meta property=\"og:title\" content=\"INICIA DESBANDADA DE MILITANTES DE MOVIMIENTO CIUDADANO EN NEZAHUALC\u00d3YOTL - Expresso Metropolitano\" \/>\n<meta property=\"og:description\" content=\"Los primeros en abandonar el proyecto de MC en Nezahualc\u00f3yotl es un consejero pol\u00edtico estatal y una s\u00edndico.\" \/>\n<meta property=\"og:url\" content=\"https:\/\/expressometro.mx\/index.php\/2022\/05\/31\/inicia-desbandada-de-militantes-de-movimiento-ciudadano-en-nezahualcoyotl\/\" \/>\n<meta property=\"og:site_name\" content=\"Expresso Metropolitano\" \/>\n<meta property=\"article:published_time\" content=\"2022-05-31T19:44:07+00:00\" \/>\n<meta name=\"author\" content=\"Cecilia Vega\" \/>\n<meta name=\"twitter:label1\" content=\"Escrito por\" \/>\n\t<meta name=\"twitter:data1\" content=\"Cecilia Vega\" \/>\n\t<meta name=\"twitter:label2\" content=\"Tiempo de lectura\" \/>\n\t<meta name=\"twitter:data2\" content=\"2 minutos\" \/>\n<script type=\"application\/ld+json\" class=\"yoast-schema-graph\">{\"@context\":\"https:\\\/\\\/schema.org\",\"@graph\":[{\"@type\":\"Article\",\"@id\":\"https:\\\/\\\/expressometro.mx\\\/index.php\\\/2022\\\/05\\\/31\\\/inicia-desbandada-de-militantes-de-movimiento-ciudadano-en-nezahualcoyotl\\\/#article\",\"isPartOf\":{\"@id\":\"https:\\\/\\\/expressometro.mx\\\/index.php\\\/2022\\\/05\\\/31\\\/inicia-desbandada-de-militantes-de-movimiento-ciudadano-en-nezahualcoyotl\\\/\"},\"author\":{\"name\":\"Cecilia Vega\",\"@id\":\"https:\\\/\\\/expressometro.mx\\\/#\\\/schema\\\/person\\\/67a95b8e3862085c7598f66237488f1f\"},\"headline\":\"INICIA DESBANDADA DE MILITANTES DE MOVIMIENTO CIUDADANO EN NEZAHUALC\u00d3YOTL\",\"datePublished\":\"2022-05-31T19:44:07+00:00\",\"mainEntityOfPage\":{\"@id\":\"https:\\\/\\\/expressometro.mx\\\/index.php\\\/2022\\\/05\\\/31\\\/inicia-desbandada-de-militantes-de-movimiento-ciudadano-en-nezahualcoyotl\\\/\"},\"wordCount\":503,\"commentCount\":0,\"publisher\":{\"@id\":\"https:\\\/\\\/expressometro.mx\\\/#organization\"},\"image\":{\"@id\":\"https:\\\/\\\/expressometro.mx\\\/index.php\\\/2022\\\/05\\\/31\\\/inicia-desbandada-de-militantes-de-movimiento-ciudadano-en-nezahualcoyotl\\\/#primaryimage\"},\"thumbnailUrl\":\"https:\\\/\\\/expressometro.mx\\\/wp-content\\\/uploads\\\/2022\\\/05\\\/WhatsApp-Image-2022-05-29-at-6.39.53-PM.jpeg\",\"keywords\":[\"Pepe Couttolenc\"],\"articleSection\":[\"Gobierno\"],\"inLanguage\":\"es\",\"potentialAction\":[{\"@type\":\"CommentAction\",\"name\":\"Comment\",\"target\":[\"https:\\\/\\\/expressometro.mx\\\/index.php\\\/2022\\\/05\\\/31\\\/inicia-desbandada-de-militantes-de-movimiento-ciudadano-en-nezahualcoyotl\\\/#respond\"]}]},{\"@type\":\"WebPage\",\"@id\":\"https:\\\/\\\/expressometro.mx\\\/index.php\\\/2022\\\/05\\\/31\\\/inicia-desbandada-de-militantes-de-movimiento-ciudadano-en-nezahualcoyotl\\\/\",\"url\":\"https:\\\/\\\/expressometro.mx\\\/index.php\\\/2022\\\/05\\\/31\\\/inicia-desbandada-de-militantes-de-movimiento-ciudadano-en-nezahualcoyotl\\\/\",\"name\":\"INICIA DESBANDADA DE MILITANTES DE MOVIMIENTO CIUDADANO EN NEZAHUALC\u00d3YOTL - Expresso Metropolitano\",\"isPartOf\":{\"@id\":\"https:\\\/\\\/expressometro.mx\\\/#website\"},\"primaryImageOfPage\":{\"@id\":\"https:\\\/\\\/expressometro.mx\\\/index.php\\\/2022\\\/05\\\/31\\\/inicia-desbandada-de-militantes-de-movimiento-ciudadano-en-nezahualcoyotl\\\/#primaryimage\"},\"image\":{\"@id\":\"https:\\\/\\\/expressometro.mx\\\/index.php\\\/2022\\\/05\\\/31\\\/inicia-desbandada-de-militantes-de-movimiento-ciudadano-en-nezahualcoyotl\\\/#primaryimage\"},\"thumbnailUrl\":\"https:\\\/\\\/expressometro.mx\\\/wp-content\\\/uploads\\\/2022\\\/05\\\/WhatsApp-Image-2022-05-29-at-6.39.53-PM.jpeg\",\"datePublished\":\"2022-05-31T19:44:07+00:00\",\"breadcrumb\":{\"@id\":\"https:\\\/\\\/expressometro.mx\\\/index.php\\\/2022\\\/05\\\/31\\\/inicia-desbandada-de-militantes-de-movimiento-ciudadano-en-nezahualcoyotl\\\/#breadcrumb\"},\"inLanguage\":\"es\",\"potentialAction\":[{\"@type\":\"ReadAction\",\"target\":[\"https:\\\/\\\/expressometro.mx\\\/index.php\\\/2022\\\/05\\\/31\\\/inicia-desbandada-de-militantes-de-movimiento-ciudadano-en-nezahualcoyotl\\\/\"]}]},{\"@type\":\"ImageObject\",\"inLanguage\":\"es\",\"@id\":\"https:\\\/\\\/expressometro.mx\\\/index.php\\\/2022\\\/05\\\/31\\\/inicia-desbandada-de-militantes-de-movimiento-ciudadano-en-nezahualcoyotl\\\/#primaryimage\",\"url\":\"https:\\\/\\\/expressometro.mx\\\/wp-content\\\/uploads\\\/2022\\\/05\\\/WhatsApp-Image-2022-05-29-at-6.39.53-PM.jpeg\",\"contentUrl\":\"https:\\\/\\\/expressometro.mx\\\/wp-content\\\/uploads\\\/2022\\\/05\\\/WhatsApp-Image-2022-05-29-at-6.39.53-PM.jpeg\",\"width\":1600,\"height\":787},{\"@type\":\"BreadcrumbList\",\"@id\":\"https:\\\/\\\/expressometro.mx\\\/index.php\\\/2022\\\/05\\\/31\\\/inicia-desbandada-de-militantes-de-movimiento-ciudadano-en-nezahualcoyotl\\\/#breadcrumb\",\"itemListElement\":[{\"@type\":\"ListItem\",\"position\":1,\"name\":\"Inicio\",\"item\":\"https:\\\/\\\/expressometro.mx\\\/\"},{\"@type\":\"ListItem\",\"position\":2,\"name\":\"INICIA DESBANDADA DE MILITANTES DE MOVIMIENTO CIUDADANO EN NEZAHUALC\u00d3YOTL\"}]},{\"@type\":\"WebSite\",\"@id\":\"https:\\\/\\\/expressometro.mx\\\/#website\",\"url\":\"https:\\\/\\\/expressometro.mx\\\/\",\"name\":\"Expresso Metropolitano\",\"description\":\"Periodismo comprometido, informaci\u00f3n, investigaci\u00f3n y an\u00e1lisis\",\"publisher\":{\"@id\":\"https:\\\/\\\/expressometro.mx\\\/#organization\"},\"potentialAction\":[{\"@type\":\"SearchAction\",\"target\":{\"@type\":\"EntryPoint\",\"urlTemplate\":\"https:\\\/\\\/expressometro.mx\\\/?s={search_term_string}\"},\"query-input\":{\"@type\":\"PropertyValueSpecification\",\"valueRequired\":true,\"valueName\":\"search_term_string\"}}],\"inLanguage\":\"es\"},{\"@type\":\"Organization\",\"@id\":\"https:\\\/\\\/expressometro.mx\\\/#organization\",\"name\":\"Expresso Metropolitano\",\"url\":\"https:\\\/\\\/expressometro.mx\\\/\",\"logo\":{\"@type\":\"ImageObject\",\"inLanguage\":\"es\",\"@id\":\"https:\\\/\\\/expressometro.mx\\\/#\\\/schema\\\/logo\\\/image\\\/\",\"url\":\"https:\\\/\\\/expressometro.mx\\\/wp-content\\\/uploads\\\/2019\\\/07\\\/cropped-Logo-Expresso-Metropolitano-1-1.jpeg\",\"contentUrl\":\"https:\\\/\\\/expressometro.mx\\\/wp-content\\\/uploads\\\/2019\\\/07\\\/cropped-Logo-Expresso-Metropolitano-1-1.jpeg\",\"width\":290,\"height\":73,\"caption\":\"Expresso Metropolitano\"},\"image\":{\"@id\":\"https:\\\/\\\/expressometro.mx\\\/#\\\/schema\\\/logo\\\/image\\\/\"}},{\"@type\":\"Person\",\"@id\":\"https:\\\/\\\/expressometro.mx\\\/#\\\/schema\\\/person\\\/67a95b8e3862085c7598f66237488f1f\",\"name\":\"Cecilia Vega\",\"image\":{\"@type\":\"ImageObject\",\"inLanguage\":\"es\",\"@id\":\"https:\\\/\\\/secure.gravatar.com\\\/avatar\\\/13aae9944ab2ee472a9e407c9487fdbd03b049abaa559af32fe5dbcf615c981b?s=96&d=mm&r=g\",\"url\":\"https:\\\/\\\/secure.gravatar.com\\\/avatar\\\/13aae9944ab2ee472a9e407c9487fdbd03b049abaa559af32fe5dbcf615c981b?s=96&d=mm&r=g\",\"contentUrl\":\"https:\\\/\\\/secure.gravatar.com\\\/avatar\\\/13aae9944ab2ee472a9e407c9487fdbd03b049abaa559af32fe5dbcf615c981b?s=96&d=mm&r=g\",\"caption\":\"Cecilia Vega\"},\"url\":\"https:\\\/\\\/expressometro.mx\\\/index.php\\\/author\\\/cecilia-vega\\\/\"}]}<\/script>\n<!-- \/ Yoast SEO plugin. -->","yoast_head_json":{"title":"INICIA DESBANDADA DE MILITANTES DE MOVIMIENTO CIUDADANO EN NEZAHUALC\u00d3YOTL - Expresso Metropolitano","robots":{"index":"index","follow":"follow","max-snippet":"max-snippet:-1","max-image-preview":"max-image-preview:large","max-video-preview":"max-video-preview:-1"},"canonical":"https:\/\/expressometro.mx\/index.php\/2022\/05\/31\/inicia-desbandada-de-militantes-de-movimiento-ciudadano-en-nezahualcoyotl\/","og_locale":"es_MX","og_type":"article","og_title":"INICIA DESBANDADA DE MILITANTES DE MOVIMIENTO CIUDADANO EN NEZAHUALC\u00d3YOTL - Expresso Metropolitano","og_description":"Los primeros en abandonar el proyecto de MC en Nezahualc\u00f3yotl es un consejero pol\u00edtico estatal y una s\u00edndico.","og_url":"https:\/\/expressometro.mx\/index.php\/2022\/05\/31\/inicia-desbandada-de-militantes-de-movimiento-ciudadano-en-nezahualcoyotl\/","og_site_name":"Expresso Metropolitano","article_published_time":"2022-05-31T19:44:07+00:00","author":"Cecilia Vega","twitter_misc":{"Escrito por":"Cecilia Vega","Tiempo de lectura":"2 minutos"},"schema":{"@context":"https:\/\/schema.org","@graph":[{"@type":"Article","@id":"https:\/\/expressometro.mx\/index.php\/2022\/05\/31\/inicia-desbandada-de-militantes-de-movimiento-ciudadano-en-nezahualcoyotl\/#article","isPartOf":{"@id":"https:\/\/expressometro.mx\/index.php\/2022\/05\/31\/inicia-desbandada-de-militantes-de-movimiento-ciudadano-en-nezahualcoyotl\/"},"author":{"name":"Cecilia Vega","@id":"https:\/\/expressometro.mx\/#\/schema\/person\/67a95b8e3862085c7598f66237488f1f"},"headline":"INICIA DESBANDADA DE MILITANTES DE MOVIMIENTO CIUDADANO EN NEZAHUALC\u00d3YOTL","datePublished":"2022-05-31T19:44:07+00:00","mainEntityOfPage":{"@id":"https:\/\/expressometro.mx\/index.php\/2022\/05\/31\/inicia-desbandada-de-militantes-de-movimiento-ciudadano-en-nezahualcoyotl\/"},"wordCount":503,"commentCount":0,"publisher":{"@id":"https:\/\/expressometro.mx\/#organization"},"image":{"@id":"https:\/\/expressometro.mx\/index.php\/2022\/05\/31\/inicia-desbandada-de-militantes-de-movimiento-ciudadano-en-nezahualcoyotl\/#primaryimage"},"thumbnailUrl":"https:\/\/expressometro.mx\/wp-content\/uploads\/2022\/05\/WhatsApp-Image-2022-05-29-at-6.39.53-PM.jpeg","keywords":["Pepe Couttolenc"],"articleSection":["Gobierno"],"inLanguage":"es","potentialAction":[{"@type":"CommentAction","name":"Comment","target":["https:\/\/expressometro.mx\/index.php\/2022\/05\/31\/inicia-desbandada-de-militantes-de-movimiento-ciudadano-en-nezahualcoyotl\/#respond"]}]},{"@type":"WebPage","@id":"https:\/\/expressometro.mx\/index.php\/2022\/05\/31\/inicia-desbandada-de-militantes-de-movimiento-ciudadano-en-nezahualcoyotl\/","url":"https:\/\/expressometro.mx\/index.php\/2022\/05\/31\/inicia-desbandada-de-militantes-de-movimiento-ciudadano-en-nezahualcoyotl\/","name":"INICIA DESBANDADA DE MILITANTES DE MOVIMIENTO CIUDADANO EN NEZAHUALC\u00d3YOTL - Expresso Metropolitano","isPartOf":{"@id":"https:\/\/expressometro.mx\/#website"},"primaryImageOfPage":{"@id":"https:\/\/expressometro.mx\/index.php\/2022\/05\/31\/inicia-desbandada-de-militantes-de-movimiento-ciudadano-en-nezahualcoyotl\/#primaryimage"},"image":{"@id":"https:\/\/expressometro.mx\/index.php\/2022\/05\/31\/inicia-desbandada-de-militantes-de-movimiento-ciudadano-en-nezahualcoyotl\/#primaryimage"},"thumbnailUrl":"https:\/\/expressometro.mx\/wp-content\/uploads\/2022\/05\/WhatsApp-Image-2022-05-29-at-6.39.53-PM.jpeg","datePublished":"2022-05-31T19:44:07+00:00","breadcrumb":{"@id":"https:\/\/expressometro.mx\/index.php\/2022\/05\/31\/inicia-desbandada-de-militantes-de-movimiento-ciudadano-en-nezahualcoyotl\/#breadcrumb"},"inLanguage":"es","potentialAction":[{"@type":"ReadAction","target":["https:\/\/expressometro.mx\/index.php\/2022\/05\/31\/inicia-desbandada-de-militantes-de-movimiento-ciudadano-en-nezahualcoyotl\/"]}]},{"@type":"ImageObject","inLanguage":"es","@id":"https:\/\/expressometro.mx\/index.php\/2022\/05\/31\/inicia-desbandada-de-militantes-de-movimiento-ciudadano-en-nezahualcoyotl\/#primaryimage","url":"https:\/\/expressometro.mx\/wp-content\/uploads\/2022\/05\/WhatsApp-Image-2022-05-29-at-6.39.53-PM.jpeg","contentUrl":"https:\/\/expressometro.mx\/wp-content\/uploads\/2022\/05\/WhatsApp-Image-2022-05-29-at-6.39.53-PM.jpeg","width":1600,"height":787},{"@type":"BreadcrumbList","@id":"https:\/\/expressometro.mx\/index.php\/2022\/05\/31\/inicia-desbandada-de-militantes-de-movimiento-ciudadano-en-nezahualcoyotl\/#breadcrumb","itemListElement":[{"@type":"ListItem","position":1,"name":"Inicio","item":"https:\/\/expressometro.mx\/"},{"@type":"ListItem","position":2,"name":"INICIA DESBANDADA DE MILITANTES DE MOVIMIENTO CIUDADANO EN NEZAHUALC\u00d3YOTL"}]},{"@type":"WebSite","@id":"https:\/\/expressometro.mx\/#website","url":"https:\/\/expressometro.mx\/","name":"Expresso Metropolitano","description":"Periodismo comprometido, informaci\u00f3n, investigaci\u00f3n y an\u00e1lisis","publisher":{"@id":"https:\/\/expressometro.mx\/#organization"},"potentialAction":[{"@type":"SearchAction","target":{"@type":"EntryPoint","urlTemplate":"https:\/\/expressometro.mx\/?s={search_term_string}"},"query-input":{"@type":"PropertyValueSpecification","valueRequired":true,"valueName":"search_term_string"}}],"inLanguage":"es"},{"@type":"Organization","@id":"https:\/\/expressometro.mx\/#organization","name":"Expresso Metropolitano","url":"https:\/\/expressometro.mx\/","logo":{"@type":"ImageObject","inLanguage":"es","@id":"https:\/\/expressometro.mx\/#\/schema\/logo\/image\/","url":"https:\/\/expressometro.mx\/wp-content\/uploads\/2019\/07\/cropped-Logo-Expresso-Metropolitano-1-1.jpeg","contentUrl":"https:\/\/expressometro.mx\/wp-content\/uploads\/2019\/07\/cropped-Logo-Expresso-Metropolitano-1-1.jpeg","width":290,"height":73,"caption":"Expresso Metropolitano"},"image":{"@id":"https:\/\/expressometro.mx\/#\/schema\/logo\/image\/"}},{"@type":"Person","@id":"https:\/\/expressometro.mx\/#\/schema\/person\/67a95b8e3862085c7598f66237488f1f","name":"Cecilia Vega","image":{"@type":"ImageObject","inLanguage":"es","@id":"https:\/\/secure.gravatar.com\/avatar\/13aae9944ab2ee472a9e407c9487fdbd03b049abaa559af32fe5dbcf615c981b?s=96&d=mm&r=g","url":"https:\/\/secure.gravatar.com\/avatar\/13aae9944ab2ee472a9e407c9487fdbd03b049abaa559af32fe5dbcf615c981b?s=96&d=mm&r=g","contentUrl":"https:\/\/secure.gravatar.com\/avatar\/13aae9944ab2ee472a9e407c9487fdbd03b049abaa559af32fe5dbcf615c981b?s=96&d=mm&r=g","caption":"Cecilia Vega"},"url":"https:\/\/expressometro.mx\/index.php\/author\/cecilia-vega\/"}]}},"amp_enabled":true,"_links":{"self":[{"href":"https:\/\/expressometro.mx\/index.php\/wp-json\/wp\/v2\/posts\/5655","targetHints":{"allow":["GET"]}}],"collection":[{"href":"https:\/\/expressometro.mx\/index.php\/wp-json\/wp\/v2\/posts"}],"about":[{"href":"https:\/\/expressometro.mx\/index.php\/wp-json\/wp\/v2\/types\/post"}],"author":[{"embeddable":true,"href":"https:\/\/expressometro.mx\/index.php\/wp-json\/wp\/v2\/users\/2"}],"replies":[{"embeddable":true,"href":"https:\/\/expressometro.mx\/index.php\/wp-json\/wp\/v2\/comments?post=5655"}],"version-history":[{"count":1,"href":"https:\/\/expressometro.mx\/index.php\/wp-json\/wp\/v2\/posts\/5655\/revisions"}],"predecessor-version":[{"id":5658,"href":"https:\/\/expressometro.mx\/index.php\/wp-json\/wp\/v2\/posts\/5655\/revisions\/5658"}],"wp:featuredmedia":[{"embeddable":true,"href":"https:\/\/expressometro.mx\/index.php\/wp-json\/wp\/v2\/media\/5657"}],"wp:attachment":[{"href":"https:\/\/expressometro.mx\/index.php\/wp-json\/wp\/v2\/media?parent=5655"}],"wp:term":[{"taxonomy":"category","embeddable":true,"href":"https:\/\/expressometro.mx\/index.php\/wp-json\/wp\/v2\/categories?post=5655"},{"taxonomy":"post_tag","embeddable":true,"href":"https:\/\/expressometro.mx\/index.php\/wp-json\/wp\/v2\/tags?post=5655"}],"curies":[{"name":"wp","href":"https:\/\/api.w.org\/{rel}","templated":true}]}}