{"id":5617,"date":"2022-05-25T23:07:07","date_gmt":"2022-05-26T04:07:07","guid":{"rendered":"https:\/\/expressometro.mx\/?p=5617"},"modified":"2022-05-25T23:07:08","modified_gmt":"2022-05-26T04:07:08","slug":"entrara-el-pri-al-2023-mas-fortalecido-que-nunca-ericsevilla","status":"publish","type":"post","link":"https:\/\/expressometro.mx\/index.php\/2022\/05\/25\/entrara-el-pri-al-2023-mas-fortalecido-que-nunca-ericsevilla\/","title":{"rendered":"ENTRAR\u00c1 EL PRI AL 2023 M\u00c1S FORTALECIDO QUE NUNCA: ERIC<br>SEVILLA"},"content":{"rendered":"\n<p>\u2022 Al reunirse con militantes, el dirigente estatal asegur\u00f3 que todav\u00eda podemos salvar a este pa\u00eds y lo vamos a hacer juntos.<\/p>\n\n\n\n<p>\u2022 Les convoc\u00f3 a la unidad, a la reflexi\u00f3n, al trabajo y al esfuerzo. \u201cEste partido va a entrar m\u00e1s fortalecido que nunca a la elecci\u00f3n del 2023.<\/p>\n\n\n\n<p>Tendremos gobernador priista\u201d, asegur\u00f3 Eric Sevilla, dirigente estatal del Partido Revolucionario Institucional (PRI), al reunirse con la militancia del municipio de Temascaltepec. \u201cVamos a hacerlo juntos, en cada rinc\u00f3n; en cada espacio de este Estado de M\u00e9xico vamos a tocar puertas, vamos a hablar con la gente, vamos a pedirle a aquellos que se fueron que regresen a su casa, al priismo, que reflexionen. Todav\u00eda podemos salvar a este pa\u00eds y lo vamos a hacer juntos\u201d, enfatiz\u00f3.<\/p>\n\n\n\n<p>Al establecer que el PRI ha estado en sus 93 a\u00f1os de historia con las causas de M\u00e9xico y \u201ces tiempo de que se lo recordemos a la gente\u201d, convoc\u00f3 a la militancia de Temascaltepec a la reflexi\u00f3n, al trabajo, al esfuerzo, con un llamado a la unidad por el futuro de nuestros hijos y del pa\u00eds.<\/p>\n\n\n\n<p>Con el acompa\u00f1amiento de la diputada federal Jazm\u00edn Jaimes, y del diputado local, Mario Santana, Eric Sevilla entreg\u00f3 reconocimientos y notas laudatorias para honrar a los militantes que han trabajado con esfuerzo y lealtad por el partido. En este marco, dijo que la del 2023 va a ser una de las batallas m\u00e1s importantes que vamos a ganar. No es solo la gubernatura, \u201cvamos a pelear por un proyecto de naci\u00f3n\u201d.<\/p>\n\n\n\n<p>En tres a\u00f1os y medio \u201cd\u00f3nde est\u00e1 el bienestar, d\u00f3nde est\u00e1 el primero los pobres, han fracasado en todo, han mentido en todo; el presidente -del pa\u00eds- miente todos los d\u00edas y no lo vamos a permitir m\u00e1s.<\/p>\n\n\n\n<p>Ganando el Estado de M\u00e9xico el pr\u00f3ximo a\u00f1o, nos vamos a preparar para ganar nuevamente y recuperar este pa\u00eds, para darle certidumbre y hoja de ruta a los mexicanos\u201d, abund\u00f3. Destac\u00f3 que como presidente del partido se desplaza por todo el estado \u201cporque la pol\u00edtica se hace afuera, en los pueblos, las comunidades, los municipios; visitando a los nuestros, platicando con los nuestros, intercambiando puntos de vista con toda la gente para saber cu\u00e1les son nuestras necesidades, c\u00f3mo tenemos que caminar en los pr\u00f3ximos d\u00edas y c\u00f3mo vamos a fortalecernos para enfrentar los tiempos venideros\u201d.<\/p>\n\n\n\n<p>En el evento en el que Jaime Barrera, titular de la Comisi\u00f3n Estatal de Justicia Partidaria, dio la exposici\u00f3n de motivos, estuvieron presentes expresidentes municipales y del partido en el municipio, as\u00ed como Omar Peralta, secretario del ayuntamiento, en representaci\u00f3n del Presidente Municipal, Carlos Gonz\u00e1lez Berra; Vicente Flores Escobar, vocal matlatzinca; Guadalupe Machado, delegada municipal, y Mois\u00e9s Sotelo, coordinador regional del Comit\u00e9 Directivo Estatal; Manuel Rodr\u00edguez Hern\u00e1ndez, presidente del comit\u00e9 municipal, y la secretaria general del mismo, Alejandra Aguirre, entre otros.<\/p>\n\n\n\n<figure class=\"wp-block-gallery has-nested-images columns-default is-cropped wp-block-gallery-1 is-layout-flex wp-block-gallery-is-layout-flex\">\n<figure class=\"wp-block-image size-large\"><img loading=\"lazy\" decoding=\"async\" width=\"388\" height=\"480\" data-id=\"5626\" src=\"https:\/\/expressometro.mx\/wp-content\/uploads\/2022\/05\/WhatsApp-Image-2022-05-25-at-5.44.24-PM-2-388x480.jpeg\" alt=\"\" class=\"wp-image-5626\" srcset=\"https:\/\/expressometro.mx\/wp-content\/uploads\/2022\/05\/WhatsApp-Image-2022-05-25-at-5.44.24-PM-2-388x480.jpeg 388w, https:\/\/expressometro.mx\/wp-content\/uploads\/2022\/05\/WhatsApp-Image-2022-05-25-at-5.44.24-PM-2-295x365.jpeg 295w, https:\/\/expressometro.mx\/wp-content\/uploads\/2022\/05\/WhatsApp-Image-2022-05-25-at-5.44.24-PM-2-768x950.jpeg 768w, https:\/\/expressometro.mx\/wp-content\/uploads\/2022\/05\/WhatsApp-Image-2022-05-25-at-5.44.24-PM-2.jpeg 1035w\" sizes=\"auto, (max-width: 388px) 100vw, 388px\" \/><\/figure>\n\n\n\n<figure class=\"wp-block-image size-large\"><img loading=\"lazy\" decoding=\"async\" width=\"761\" height=\"480\" data-id=\"5628\" src=\"https:\/\/expressometro.mx\/wp-content\/uploads\/2022\/05\/WhatsApp-Image-2022-05-25-at-5.44.24-PM-4-761x480.jpeg\" alt=\"\" class=\"wp-image-5628\" srcset=\"https:\/\/expressometro.mx\/wp-content\/uploads\/2022\/05\/WhatsApp-Image-2022-05-25-at-5.44.24-PM-4-761x480.jpeg 761w, https:\/\/expressometro.mx\/wp-content\/uploads\/2022\/05\/WhatsApp-Image-2022-05-25-at-5.44.24-PM-4-579x365.jpeg 579w, https:\/\/expressometro.mx\/wp-content\/uploads\/2022\/05\/WhatsApp-Image-2022-05-25-at-5.44.24-PM-4-768x484.jpeg 768w, https:\/\/expressometro.mx\/wp-content\/uploads\/2022\/05\/WhatsApp-Image-2022-05-25-at-5.44.24-PM-4.jpeg 1280w\" sizes=\"auto, (max-width: 761px) 100vw, 761px\" \/><\/figure>\n\n\n\n<figure class=\"wp-block-image size-large\"><img loading=\"lazy\" decoding=\"async\" width=\"690\" height=\"480\" data-id=\"5627\" src=\"https:\/\/expressometro.mx\/wp-content\/uploads\/2022\/05\/WhatsApp-Image-2022-05-25-at-5.44.24-PM-3-690x480.jpeg\" alt=\"\" class=\"wp-image-5627\" srcset=\"https:\/\/expressometro.mx\/wp-content\/uploads\/2022\/05\/WhatsApp-Image-2022-05-25-at-5.44.24-PM-3-690x480.jpeg 690w, https:\/\/expressometro.mx\/wp-content\/uploads\/2022\/05\/WhatsApp-Image-2022-05-25-at-5.44.24-PM-3-525x365.jpeg 525w, https:\/\/expressometro.mx\/wp-content\/uploads\/2022\/05\/WhatsApp-Image-2022-05-25-at-5.44.24-PM-3-768x534.jpeg 768w, https:\/\/expressometro.mx\/wp-content\/uploads\/2022\/05\/WhatsApp-Image-2022-05-25-at-5.44.24-PM-3.jpeg 1280w\" sizes=\"auto, (max-width: 690px) 100vw, 690px\" \/><\/figure>\n\n\n\n<figure class=\"wp-block-image size-large\"><img loading=\"lazy\" decoding=\"async\" width=\"722\" height=\"480\" data-id=\"5625\" src=\"https:\/\/expressometro.mx\/wp-content\/uploads\/2022\/05\/WhatsApp-Image-2022-05-25-at-5.44.24-PM-1-722x480.jpeg\" alt=\"\" class=\"wp-image-5625\" srcset=\"https:\/\/expressometro.mx\/wp-content\/uploads\/2022\/05\/WhatsApp-Image-2022-05-25-at-5.44.24-PM-1-722x480.jpeg 722w, https:\/\/expressometro.mx\/wp-content\/uploads\/2022\/05\/WhatsApp-Image-2022-05-25-at-5.44.24-PM-1-549x365.jpeg 549w, https:\/\/expressometro.mx\/wp-content\/uploads\/2022\/05\/WhatsApp-Image-2022-05-25-at-5.44.24-PM-1-768x511.jpeg 768w, https:\/\/expressometro.mx\/wp-content\/uploads\/2022\/05\/WhatsApp-Image-2022-05-25-at-5.44.24-PM-1.jpeg 1280w\" sizes=\"auto, (max-width: 722px) 100vw, 722px\" \/><\/figure>\n<\/figure>\n","protected":false},"excerpt":{"rendered":"<p>Les convoc\u00f3 a la unidad, a la reflexi\u00f3n, al trabajo y al esfuerzo. \u201cEste partido va a entrar m\u00e1s fortalecido que nunca a la elecci\u00f3n del 2023.<\/p>\n","protected":false},"author":2,"featured_media":5624,"comment_status":"open","ping_status":"open","sticky":false,"template":"","format":"standard","meta":{"footnotes":""},"categories":[3,231],"tags":[1461,158],"class_list":["post-5617","post","type-post","status-publish","format-standard","has-post-thumbnail","hentry","category-gobierno","category-politica","tag-eric-sevilla","tag-pri"],"yoast_head":"<!-- This site is optimized with the Yoast SEO plugin v27.5 - https:\/\/yoast.com\/product\/yoast-seo-wordpress\/ -->\n<title>ENTRAR\u00c1 EL PRI AL 2023 M\u00c1S FORTALECIDO QUE NUNCA: ERICSEVILLA - Expresso Metropolitano<\/title>\n<meta name=\"robots\" content=\"index, follow, max-snippet:-1, max-image-preview:large, max-video-preview:-1\" \/>\n<link rel=\"canonical\" href=\"https:\/\/expressometro.mx\/index.php\/2022\/05\/25\/entrara-el-pri-al-2023-mas-fortalecido-que-nunca-ericsevilla\/\" \/>\n<meta property=\"og:locale\" content=\"es_MX\" \/>\n<meta property=\"og:type\" content=\"article\" \/>\n<meta property=\"og:title\" content=\"ENTRAR\u00c1 EL PRI AL 2023 M\u00c1S FORTALECIDO QUE NUNCA: ERICSEVILLA - Expresso Metropolitano\" \/>\n<meta property=\"og:description\" content=\"Les convoc\u00f3 a la unidad, a la reflexi\u00f3n, al trabajo y al esfuerzo. \u201cEste partido va a entrar m\u00e1s fortalecido que nunca a la elecci\u00f3n del 2023.\" \/>\n<meta property=\"og:url\" content=\"https:\/\/expressometro.mx\/index.php\/2022\/05\/25\/entrara-el-pri-al-2023-mas-fortalecido-que-nunca-ericsevilla\/\" \/>\n<meta property=\"og:site_name\" content=\"Expresso Metropolitano\" \/>\n<meta property=\"article:published_time\" content=\"2022-05-26T04:07:07+00:00\" \/>\n<meta property=\"article:modified_time\" content=\"2022-05-26T04:07:08+00:00\" \/>\n<meta property=\"og:image\" content=\"http:\/\/expressometro.mx\/wp-content\/uploads\/2022\/05\/WhatsApp-Image-2022-05-25-at-5.44.24-PM.jpeg\" \/>\n\t<meta property=\"og:image:width\" content=\"1280\" \/>\n\t<meta property=\"og:image:height\" content=\"686\" \/>\n\t<meta property=\"og:image:type\" content=\"image\/jpeg\" \/>\n<meta name=\"author\" content=\"Cecilia Vega\" \/>\n<meta name=\"twitter:label1\" content=\"Escrito por\" \/>\n\t<meta name=\"twitter:data1\" content=\"Cecilia Vega\" \/>\n\t<meta name=\"twitter:label2\" content=\"Tiempo de lectura\" \/>\n\t<meta name=\"twitter:data2\" content=\"3 minutos\" \/>\n<script type=\"application\/ld+json\" class=\"yoast-schema-graph\">{\"@context\":\"https:\\\/\\\/schema.org\",\"@graph\":[{\"@type\":\"Article\",\"@id\":\"https:\\\/\\\/expressometro.mx\\\/index.php\\\/2022\\\/05\\\/25\\\/entrara-el-pri-al-2023-mas-fortalecido-que-nunca-ericsevilla\\\/#article\",\"isPartOf\":{\"@id\":\"https:\\\/\\\/expressometro.mx\\\/index.php\\\/2022\\\/05\\\/25\\\/entrara-el-pri-al-2023-mas-fortalecido-que-nunca-ericsevilla\\\/\"},\"author\":{\"name\":\"Cecilia Vega\",\"@id\":\"https:\\\/\\\/expressometro.mx\\\/#\\\/schema\\\/person\\\/67a95b8e3862085c7598f66237488f1f\"},\"headline\":\"ENTRAR\u00c1 EL PRI AL 2023 M\u00c1S FORTALECIDO QUE NUNCA: ERIC SEVILLA\",\"datePublished\":\"2022-05-26T04:07:07+00:00\",\"dateModified\":\"2022-05-26T04:07:08+00:00\",\"mainEntityOfPage\":{\"@id\":\"https:\\\/\\\/expressometro.mx\\\/index.php\\\/2022\\\/05\\\/25\\\/entrara-el-pri-al-2023-mas-fortalecido-que-nunca-ericsevilla\\\/\"},\"wordCount\":514,\"commentCount\":0,\"publisher\":{\"@id\":\"https:\\\/\\\/expressometro.mx\\\/#organization\"},\"image\":{\"@id\":\"https:\\\/\\\/expressometro.mx\\\/index.php\\\/2022\\\/05\\\/25\\\/entrara-el-pri-al-2023-mas-fortalecido-que-nunca-ericsevilla\\\/#primaryimage\"},\"thumbnailUrl\":\"https:\\\/\\\/expressometro.mx\\\/wp-content\\\/uploads\\\/2022\\\/05\\\/WhatsApp-Image-2022-05-25-at-5.44.24-PM.jpeg\",\"keywords\":[\"Eric Sevilla\",\"PRI\"],\"articleSection\":[\"Gobierno\",\"Pol\u00edtica\"],\"inLanguage\":\"es\",\"potentialAction\":[{\"@type\":\"CommentAction\",\"name\":\"Comment\",\"target\":[\"https:\\\/\\\/expressometro.mx\\\/index.php\\\/2022\\\/05\\\/25\\\/entrara-el-pri-al-2023-mas-fortalecido-que-nunca-ericsevilla\\\/#respond\"]}]},{\"@type\":\"WebPage\",\"@id\":\"https:\\\/\\\/expressometro.mx\\\/index.php\\\/2022\\\/05\\\/25\\\/entrara-el-pri-al-2023-mas-fortalecido-que-nunca-ericsevilla\\\/\",\"url\":\"https:\\\/\\\/expressometro.mx\\\/index.php\\\/2022\\\/05\\\/25\\\/entrara-el-pri-al-2023-mas-fortalecido-que-nunca-ericsevilla\\\/\",\"name\":\"ENTRAR\u00c1 EL PRI AL 2023 M\u00c1S FORTALECIDO QUE NUNCA: ERIC SEVILLA - Expresso Metropolitano\",\"isPartOf\":{\"@id\":\"https:\\\/\\\/expressometro.mx\\\/#website\"},\"primaryImageOfPage\":{\"@id\":\"https:\\\/\\\/expressometro.mx\\\/index.php\\\/2022\\\/05\\\/25\\\/entrara-el-pri-al-2023-mas-fortalecido-que-nunca-ericsevilla\\\/#primaryimage\"},\"image\":{\"@id\":\"https:\\\/\\\/expressometro.mx\\\/index.php\\\/2022\\\/05\\\/25\\\/entrara-el-pri-al-2023-mas-fortalecido-que-nunca-ericsevilla\\\/#primaryimage\"},\"thumbnailUrl\":\"https:\\\/\\\/expressometro.mx\\\/wp-content\\\/uploads\\\/2022\\\/05\\\/WhatsApp-Image-2022-05-25-at-5.44.24-PM.jpeg\",\"datePublished\":\"2022-05-26T04:07:07+00:00\",\"dateModified\":\"2022-05-26T04:07:08+00:00\",\"breadcrumb\":{\"@id\":\"https:\\\/\\\/expressometro.mx\\\/index.php\\\/2022\\\/05\\\/25\\\/entrara-el-pri-al-2023-mas-fortalecido-que-nunca-ericsevilla\\\/#breadcrumb\"},\"inLanguage\":\"es\",\"potentialAction\":[{\"@type\":\"ReadAction\",\"target\":[\"https:\\\/\\\/expressometro.mx\\\/index.php\\\/2022\\\/05\\\/25\\\/entrara-el-pri-al-2023-mas-fortalecido-que-nunca-ericsevilla\\\/\"]}]},{\"@type\":\"ImageObject\",\"inLanguage\":\"es\",\"@id\":\"https:\\\/\\\/expressometro.mx\\\/index.php\\\/2022\\\/05\\\/25\\\/entrara-el-pri-al-2023-mas-fortalecido-que-nunca-ericsevilla\\\/#primaryimage\",\"url\":\"https:\\\/\\\/expressometro.mx\\\/wp-content\\\/uploads\\\/2022\\\/05\\\/WhatsApp-Image-2022-05-25-at-5.44.24-PM.jpeg\",\"contentUrl\":\"https:\\\/\\\/expressometro.mx\\\/wp-content\\\/uploads\\\/2022\\\/05\\\/WhatsApp-Image-2022-05-25-at-5.44.24-PM.jpeg\",\"width\":1280,\"height\":686},{\"@type\":\"BreadcrumbList\",\"@id\":\"https:\\\/\\\/expressometro.mx\\\/index.php\\\/2022\\\/05\\\/25\\\/entrara-el-pri-al-2023-mas-fortalecido-que-nunca-ericsevilla\\\/#breadcrumb\",\"itemListElement\":[{\"@type\":\"ListItem\",\"position\":1,\"name\":\"Inicio\",\"item\":\"https:\\\/\\\/expressometro.mx\\\/\"},{\"@type\":\"ListItem\",\"position\":2,\"name\":\"ENTRAR\u00c1 EL PRI AL 2023 M\u00c1S FORTALECIDO QUE NUNCA: ERICSEVILLA\"}]},{\"@type\":\"WebSite\",\"@id\":\"https:\\\/\\\/expressometro.mx\\\/#website\",\"url\":\"https:\\\/\\\/expressometro.mx\\\/\",\"name\":\"Expresso Metropolitano\",\"description\":\"Periodismo comprometido, informaci\u00f3n, investigaci\u00f3n y an\u00e1lisis\",\"publisher\":{\"@id\":\"https:\\\/\\\/expressometro.mx\\\/#organization\"},\"potentialAction\":[{\"@type\":\"SearchAction\",\"target\":{\"@type\":\"EntryPoint\",\"urlTemplate\":\"https:\\\/\\\/expressometro.mx\\\/?s={search_term_string}\"},\"query-input\":{\"@type\":\"PropertyValueSpecification\",\"valueRequired\":true,\"valueName\":\"search_term_string\"}}],\"inLanguage\":\"es\"},{\"@type\":\"Organization\",\"@id\":\"https:\\\/\\\/expressometro.mx\\\/#organization\",\"name\":\"Expresso Metropolitano\",\"url\":\"https:\\\/\\\/expressometro.mx\\\/\",\"logo\":{\"@type\":\"ImageObject\",\"inLanguage\":\"es\",\"@id\":\"https:\\\/\\\/expressometro.mx\\\/#\\\/schema\\\/logo\\\/image\\\/\",\"url\":\"https:\\\/\\\/expressometro.mx\\\/wp-content\\\/uploads\\\/2019\\\/07\\\/cropped-Logo-Expresso-Metropolitano-1-1.jpeg\",\"contentUrl\":\"https:\\\/\\\/expressometro.mx\\\/wp-content\\\/uploads\\\/2019\\\/07\\\/cropped-Logo-Expresso-Metropolitano-1-1.jpeg\",\"width\":290,\"height\":73,\"caption\":\"Expresso Metropolitano\"},\"image\":{\"@id\":\"https:\\\/\\\/expressometro.mx\\\/#\\\/schema\\\/logo\\\/image\\\/\"}},{\"@type\":\"Person\",\"@id\":\"https:\\\/\\\/expressometro.mx\\\/#\\\/schema\\\/person\\\/67a95b8e3862085c7598f66237488f1f\",\"name\":\"Cecilia Vega\",\"image\":{\"@type\":\"ImageObject\",\"inLanguage\":\"es\",\"@id\":\"https:\\\/\\\/secure.gravatar.com\\\/avatar\\\/13aae9944ab2ee472a9e407c9487fdbd03b049abaa559af32fe5dbcf615c981b?s=96&d=mm&r=g\",\"url\":\"https:\\\/\\\/secure.gravatar.com\\\/avatar\\\/13aae9944ab2ee472a9e407c9487fdbd03b049abaa559af32fe5dbcf615c981b?s=96&d=mm&r=g\",\"contentUrl\":\"https:\\\/\\\/secure.gravatar.com\\\/avatar\\\/13aae9944ab2ee472a9e407c9487fdbd03b049abaa559af32fe5dbcf615c981b?s=96&d=mm&r=g\",\"caption\":\"Cecilia Vega\"},\"url\":\"https:\\\/\\\/expressometro.mx\\\/index.php\\\/author\\\/cecilia-vega\\\/\"}]}<\/script>\n<!-- \/ Yoast SEO plugin. -->","yoast_head_json":{"title":"ENTRAR\u00c1 EL PRI AL 2023 M\u00c1S FORTALECIDO QUE NUNCA: ERICSEVILLA - Expresso Metropolitano","robots":{"index":"index","follow":"follow","max-snippet":"max-snippet:-1","max-image-preview":"max-image-preview:large","max-video-preview":"max-video-preview:-1"},"canonical":"https:\/\/expressometro.mx\/index.php\/2022\/05\/25\/entrara-el-pri-al-2023-mas-fortalecido-que-nunca-ericsevilla\/","og_locale":"es_MX","og_type":"article","og_title":"ENTRAR\u00c1 EL PRI AL 2023 M\u00c1S FORTALECIDO QUE NUNCA: ERICSEVILLA - Expresso Metropolitano","og_description":"Les convoc\u00f3 a la unidad, a la reflexi\u00f3n, al trabajo y al esfuerzo. \u201cEste partido va a entrar m\u00e1s fortalecido que nunca a la elecci\u00f3n del 2023.","og_url":"https:\/\/expressometro.mx\/index.php\/2022\/05\/25\/entrara-el-pri-al-2023-mas-fortalecido-que-nunca-ericsevilla\/","og_site_name":"Expresso Metropolitano","article_published_time":"2022-05-26T04:07:07+00:00","article_modified_time":"2022-05-26T04:07:08+00:00","og_image":[{"width":1280,"height":686,"url":"http:\/\/expressometro.mx\/wp-content\/uploads\/2022\/05\/WhatsApp-Image-2022-05-25-at-5.44.24-PM.jpeg","type":"image\/jpeg"}],"author":"Cecilia Vega","twitter_misc":{"Escrito por":"Cecilia Vega","Tiempo de lectura":"3 minutos"},"schema":{"@context":"https:\/\/schema.org","@graph":[{"@type":"Article","@id":"https:\/\/expressometro.mx\/index.php\/2022\/05\/25\/entrara-el-pri-al-2023-mas-fortalecido-que-nunca-ericsevilla\/#article","isPartOf":{"@id":"https:\/\/expressometro.mx\/index.php\/2022\/05\/25\/entrara-el-pri-al-2023-mas-fortalecido-que-nunca-ericsevilla\/"},"author":{"name":"Cecilia Vega","@id":"https:\/\/expressometro.mx\/#\/schema\/person\/67a95b8e3862085c7598f66237488f1f"},"headline":"ENTRAR\u00c1 EL PRI AL 2023 M\u00c1S FORTALECIDO QUE NUNCA: ERIC SEVILLA","datePublished":"2022-05-26T04:07:07+00:00","dateModified":"2022-05-26T04:07:08+00:00","mainEntityOfPage":{"@id":"https:\/\/expressometro.mx\/index.php\/2022\/05\/25\/entrara-el-pri-al-2023-mas-fortalecido-que-nunca-ericsevilla\/"},"wordCount":514,"commentCount":0,"publisher":{"@id":"https:\/\/expressometro.mx\/#organization"},"image":{"@id":"https:\/\/expressometro.mx\/index.php\/2022\/05\/25\/entrara-el-pri-al-2023-mas-fortalecido-que-nunca-ericsevilla\/#primaryimage"},"thumbnailUrl":"https:\/\/expressometro.mx\/wp-content\/uploads\/2022\/05\/WhatsApp-Image-2022-05-25-at-5.44.24-PM.jpeg","keywords":["Eric Sevilla","PRI"],"articleSection":["Gobierno","Pol\u00edtica"],"inLanguage":"es","potentialAction":[{"@type":"CommentAction","name":"Comment","target":["https:\/\/expressometro.mx\/index.php\/2022\/05\/25\/entrara-el-pri-al-2023-mas-fortalecido-que-nunca-ericsevilla\/#respond"]}]},{"@type":"WebPage","@id":"https:\/\/expressometro.mx\/index.php\/2022\/05\/25\/entrara-el-pri-al-2023-mas-fortalecido-que-nunca-ericsevilla\/","url":"https:\/\/expressometro.mx\/index.php\/2022\/05\/25\/entrara-el-pri-al-2023-mas-fortalecido-que-nunca-ericsevilla\/","name":"ENTRAR\u00c1 EL PRI AL 2023 M\u00c1S FORTALECIDO QUE NUNCA: ERIC SEVILLA - Expresso Metropolitano","isPartOf":{"@id":"https:\/\/expressometro.mx\/#website"},"primaryImageOfPage":{"@id":"https:\/\/expressometro.mx\/index.php\/2022\/05\/25\/entrara-el-pri-al-2023-mas-fortalecido-que-nunca-ericsevilla\/#primaryimage"},"image":{"@id":"https:\/\/expressometro.mx\/index.php\/2022\/05\/25\/entrara-el-pri-al-2023-mas-fortalecido-que-nunca-ericsevilla\/#primaryimage"},"thumbnailUrl":"https:\/\/expressometro.mx\/wp-content\/uploads\/2022\/05\/WhatsApp-Image-2022-05-25-at-5.44.24-PM.jpeg","datePublished":"2022-05-26T04:07:07+00:00","dateModified":"2022-05-26T04:07:08+00:00","breadcrumb":{"@id":"https:\/\/expressometro.mx\/index.php\/2022\/05\/25\/entrara-el-pri-al-2023-mas-fortalecido-que-nunca-ericsevilla\/#breadcrumb"},"inLanguage":"es","potentialAction":[{"@type":"ReadAction","target":["https:\/\/expressometro.mx\/index.php\/2022\/05\/25\/entrara-el-pri-al-2023-mas-fortalecido-que-nunca-ericsevilla\/"]}]},{"@type":"ImageObject","inLanguage":"es","@id":"https:\/\/expressometro.mx\/index.php\/2022\/05\/25\/entrara-el-pri-al-2023-mas-fortalecido-que-nunca-ericsevilla\/#primaryimage","url":"https:\/\/expressometro.mx\/wp-content\/uploads\/2022\/05\/WhatsApp-Image-2022-05-25-at-5.44.24-PM.jpeg","contentUrl":"https:\/\/expressometro.mx\/wp-content\/uploads\/2022\/05\/WhatsApp-Image-2022-05-25-at-5.44.24-PM.jpeg","width":1280,"height":686},{"@type":"BreadcrumbList","@id":"https:\/\/expressometro.mx\/index.php\/2022\/05\/25\/entrara-el-pri-al-2023-mas-fortalecido-que-nunca-ericsevilla\/#breadcrumb","itemListElement":[{"@type":"ListItem","position":1,"name":"Inicio","item":"https:\/\/expressometro.mx\/"},{"@type":"ListItem","position":2,"name":"ENTRAR\u00c1 EL PRI AL 2023 M\u00c1S FORTALECIDO QUE NUNCA: ERICSEVILLA"}]},{"@type":"WebSite","@id":"https:\/\/expressometro.mx\/#website","url":"https:\/\/expressometro.mx\/","name":"Expresso Metropolitano","description":"Periodismo comprometido, informaci\u00f3n, investigaci\u00f3n y an\u00e1lisis","publisher":{"@id":"https:\/\/expressometro.mx\/#organization"},"potentialAction":[{"@type":"SearchAction","target":{"@type":"EntryPoint","urlTemplate":"https:\/\/expressometro.mx\/?s={search_term_string}"},"query-input":{"@type":"PropertyValueSpecification","valueRequired":true,"valueName":"search_term_string"}}],"inLanguage":"es"},{"@type":"Organization","@id":"https:\/\/expressometro.mx\/#organization","name":"Expresso Metropolitano","url":"https:\/\/expressometro.mx\/","logo":{"@type":"ImageObject","inLanguage":"es","@id":"https:\/\/expressometro.mx\/#\/schema\/logo\/image\/","url":"https:\/\/expressometro.mx\/wp-content\/uploads\/2019\/07\/cropped-Logo-Expresso-Metropolitano-1-1.jpeg","contentUrl":"https:\/\/expressometro.mx\/wp-content\/uploads\/2019\/07\/cropped-Logo-Expresso-Metropolitano-1-1.jpeg","width":290,"height":73,"caption":"Expresso Metropolitano"},"image":{"@id":"https:\/\/expressometro.mx\/#\/schema\/logo\/image\/"}},{"@type":"Person","@id":"https:\/\/expressometro.mx\/#\/schema\/person\/67a95b8e3862085c7598f66237488f1f","name":"Cecilia Vega","image":{"@type":"ImageObject","inLanguage":"es","@id":"https:\/\/secure.gravatar.com\/avatar\/13aae9944ab2ee472a9e407c9487fdbd03b049abaa559af32fe5dbcf615c981b?s=96&d=mm&r=g","url":"https:\/\/secure.gravatar.com\/avatar\/13aae9944ab2ee472a9e407c9487fdbd03b049abaa559af32fe5dbcf615c981b?s=96&d=mm&r=g","contentUrl":"https:\/\/secure.gravatar.com\/avatar\/13aae9944ab2ee472a9e407c9487fdbd03b049abaa559af32fe5dbcf615c981b?s=96&d=mm&r=g","caption":"Cecilia Vega"},"url":"https:\/\/expressometro.mx\/index.php\/author\/cecilia-vega\/"}]}},"amp_enabled":true,"_links":{"self":[{"href":"https:\/\/expressometro.mx\/index.php\/wp-json\/wp\/v2\/posts\/5617","targetHints":{"allow":["GET"]}}],"collection":[{"href":"https:\/\/expressometro.mx\/index.php\/wp-json\/wp\/v2\/posts"}],"about":[{"href":"https:\/\/expressometro.mx\/index.php\/wp-json\/wp\/v2\/types\/post"}],"author":[{"embeddable":true,"href":"https:\/\/expressometro.mx\/index.php\/wp-json\/wp\/v2\/users\/2"}],"replies":[{"embeddable":true,"href":"https:\/\/expressometro.mx\/index.php\/wp-json\/wp\/v2\/comments?post=5617"}],"version-history":[{"count":1,"href":"https:\/\/expressometro.mx\/index.php\/wp-json\/wp\/v2\/posts\/5617\/revisions"}],"predecessor-version":[{"id":5629,"href":"https:\/\/expressometro.mx\/index.php\/wp-json\/wp\/v2\/posts\/5617\/revisions\/5629"}],"wp:featuredmedia":[{"embeddable":true,"href":"https:\/\/expressometro.mx\/index.php\/wp-json\/wp\/v2\/media\/5624"}],"wp:attachment":[{"href":"https:\/\/expressometro.mx\/index.php\/wp-json\/wp\/v2\/media?parent=5617"}],"wp:term":[{"taxonomy":"category","embeddable":true,"href":"https:\/\/expressometro.mx\/index.php\/wp-json\/wp\/v2\/categories?post=5617"},{"taxonomy":"post_tag","embeddable":true,"href":"https:\/\/expressometro.mx\/index.php\/wp-json\/wp\/v2\/tags?post=5617"}],"curies":[{"name":"wp","href":"https:\/\/api.w.org\/{rel}","templated":true}]}}