{"id":5548,"date":"2022-04-28T22:42:35","date_gmt":"2022-04-29T03:42:35","guid":{"rendered":"https:\/\/expressometro.mx\/?p=5548"},"modified":"2022-04-28T22:42:36","modified_gmt":"2022-04-29T03:42:36","slug":"instalan-comite-de-etica-y-conducta-en-la-uaemex","status":"publish","type":"post","link":"https:\/\/expressometro.mx\/index.php\/2022\/04\/28\/instalan-comite-de-etica-y-conducta-en-la-uaemex\/","title":{"rendered":"Instalan Comit\u00e9 de \u00c9tica y Conducta en la UAEM\u00e9x"},"content":{"rendered":"\n<p>\ud83d\udd36 Integrantes del Gabinete Universitario rindieron protesta como miembros del Comit\u00e9 de \u00c9tica y Conducta de la UAEM\u00e9x de la Administraci\u00f3n 2021-2025.<br>\ud83d\udd36 El rector, Carlos Eduardo Barrera D\u00edaz, plante\u00f3 generar una propuesta de reforma al C\u00f3digo de \u00c9tica y Conducta de la Aut\u00f3noma mexiquense a fin de armonizar todos los t\u00e9rminos con la reciente reforma que se ha realizado a la Ley de esta casa de estudios y a su Estatuto.<\/p>\n\n\n\n<p>Toluca, M\u00e9x; 28 de abril de 2022. Con el prop\u00f3sito de impulsar al interior de la Universidad Aut\u00f3noma del Estado de M\u00e9xico (UAEM\u00e9x) una cultura de \u00e9tica entre sus integrantes, mediante el fomento y fortalecimiento de los valores y principios que rigen a la Instituci\u00f3n, fue instalado el Comit\u00e9 de \u00c9tica y Conducta. Administraci\u00f3n 2021-2025 de esta casa de estudios.<br>El rector de la UAEM\u00e9x, Carlos Eduardo Barrera D\u00edaz, tom\u00f3 protesta a este \u00f3rgano colegiado conformado por cinco integrantes del Gabinete Universitario. El secretario de Rector\u00eda, Marco Aurelio Cienfuegos Terr\u00f3n, se desempe\u00f1ar\u00e1 como Secretario T\u00e9cnico del Comit\u00e9 y, como Vocales, la secretaria de Docencia, Yolanda Eugenia Ballesteros Sent\u00edes; la secretaria de Investigaci\u00f3n y Estudios Avanzados, Martha Patricia Zarza Delgado; la secretaria de Administraci\u00f3n, Er\u00e9ndira Fierro Moreno y la Abogada General, Luz Mar\u00eda Consuelo Jaimes Legorreta.<br>En el edificio de Rector\u00eda y tras su instalaci\u00f3n, Barrera D\u00edaz plante\u00f3 generar una propuesta de reforma al C\u00f3digo de \u00c9tica y Conducta de la Aut\u00f3noma mexiquense a fin de armonizar todos los t\u00e9rminos con la reciente reforma que se ha realizado a la Ley de esta casa de estudios y a su Estatuto para que posteriormente sea enviada al Consejo Universitario.<br>El 25 de enero de 2018 fue publicado el acuerdo por el que se crea el Comit\u00e9 de \u00c9tica y Conducta como \u00f3rgano colegiado, propositivo, de conocimiento, an\u00e1lisis y conciliaci\u00f3n. Su constituci\u00f3n se da en concordancia con el compromiso de la UAEM\u00e9x con la sociedad para establecer mecanismos que garanticen el actuar \u00e9tico de los servidores universitarios, vinculado con la transparencia.<br>Al acto de toma de protesta acudieron el titular del \u00d3rgano Interno de Control, Victorino Barrios D\u00e1valos; el director de Evaluaci\u00f3n y Control de la Gesti\u00f3n Universitaria, Jorge Rogelio Zenteno Dom\u00ednguez y la defensora titular de la Defensor\u00eda de los Derechos Universitarios, Mar\u00eda Jos\u00e9 Bern\u00e1ldez Aguilar.<\/p>\n\n\n\n<figure class=\"wp-block-gallery has-nested-images columns-default is-cropped wp-block-gallery-1 is-layout-flex wp-block-gallery-is-layout-flex\">\n<figure class=\"wp-block-image size-large\"><img decoding=\"async\" width=\"720\" height=\"480\" data-id=\"5552\" src=\"https:\/\/expressometro.mx\/wp-content\/uploads\/2022\/04\/WhatsApp-Image-2022-04-28-at-8.47.52-AM-1-720x480.jpeg\" alt=\"\" class=\"wp-image-5552\" srcset=\"https:\/\/expressometro.mx\/wp-content\/uploads\/2022\/04\/WhatsApp-Image-2022-04-28-at-8.47.52-AM-1-720x480.jpeg 720w, https:\/\/expressometro.mx\/wp-content\/uploads\/2022\/04\/WhatsApp-Image-2022-04-28-at-8.47.52-AM-1-548x365.jpeg 548w, https:\/\/expressometro.mx\/wp-content\/uploads\/2022\/04\/WhatsApp-Image-2022-04-28-at-8.47.52-AM-1-768x512.jpeg 768w, https:\/\/expressometro.mx\/wp-content\/uploads\/2022\/04\/WhatsApp-Image-2022-04-28-at-8.47.52-AM-1.jpeg 960w\" sizes=\"(max-width: 720px) 100vw, 720px\" \/><\/figure>\n\n\n\n<figure class=\"wp-block-image size-large\"><img decoding=\"async\" width=\"720\" height=\"480\" data-id=\"5551\" src=\"https:\/\/expressometro.mx\/wp-content\/uploads\/2022\/04\/WhatsApp-Image-2022-04-28-at-8.47.52-AM-720x480.jpeg\" alt=\"\" class=\"wp-image-5551\" srcset=\"https:\/\/expressometro.mx\/wp-content\/uploads\/2022\/04\/WhatsApp-Image-2022-04-28-at-8.47.52-AM-720x480.jpeg 720w, https:\/\/expressometro.mx\/wp-content\/uploads\/2022\/04\/WhatsApp-Image-2022-04-28-at-8.47.52-AM-548x365.jpeg 548w, https:\/\/expressometro.mx\/wp-content\/uploads\/2022\/04\/WhatsApp-Image-2022-04-28-at-8.47.52-AM-768x512.jpeg 768w, https:\/\/expressometro.mx\/wp-content\/uploads\/2022\/04\/WhatsApp-Image-2022-04-28-at-8.47.52-AM.jpeg 960w\" sizes=\"(max-width: 720px) 100vw, 720px\" \/><\/figure>\n<\/figure>\n","protected":false},"excerpt":{"rendered":"<p>Integrantes del Gabinete Universitario rindieron protesta como miembros del Comit\u00e9 de \u00c9tica y Conducta de la UAEM\u00e9x de la Administraci\u00f3n 2021-2025.<\/p>\n","protected":false},"author":2,"featured_media":5550,"comment_status":"open","ping_status":"open","sticky":false,"template":"","format":"standard","meta":{"footnotes":""},"categories":[108],"tags":[313,82],"class_list":["post-5548","post","type-post","status-publish","format-standard","has-post-thumbnail","hentry","category-educacion","tag-carlos-eduardo-barrera-diaz","tag-uaemex"],"yoast_head":"<!-- This site is optimized with the Yoast SEO plugin v27.4 - https:\/\/yoast.com\/product\/yoast-seo-wordpress\/ -->\n<title>Instalan Comit\u00e9 de \u00c9tica y Conducta en la UAEM\u00e9x - Expresso Metropolitano<\/title>\n<meta name=\"robots\" content=\"index, follow, max-snippet:-1, max-image-preview:large, max-video-preview:-1\" \/>\n<link rel=\"canonical\" href=\"https:\/\/expressometro.mx\/index.php\/2022\/04\/28\/instalan-comite-de-etica-y-conducta-en-la-uaemex\/\" \/>\n<meta property=\"og:locale\" content=\"es_MX\" \/>\n<meta property=\"og:type\" content=\"article\" \/>\n<meta property=\"og:title\" content=\"Instalan Comit\u00e9 de \u00c9tica y Conducta en la UAEM\u00e9x - Expresso Metropolitano\" \/>\n<meta property=\"og:description\" content=\"Integrantes del Gabinete Universitario rindieron protesta como miembros del Comit\u00e9 de \u00c9tica y Conducta de la UAEM\u00e9x de la Administraci\u00f3n 2021-2025.\" \/>\n<meta property=\"og:url\" content=\"https:\/\/expressometro.mx\/index.php\/2022\/04\/28\/instalan-comite-de-etica-y-conducta-en-la-uaemex\/\" \/>\n<meta property=\"og:site_name\" content=\"Expresso Metropolitano\" \/>\n<meta property=\"article:published_time\" content=\"2022-04-29T03:42:35+00:00\" \/>\n<meta property=\"article:modified_time\" content=\"2022-04-29T03:42:36+00:00\" \/>\n<meta property=\"og:image\" content=\"http:\/\/expressometro.mx\/wp-content\/uploads\/2022\/04\/WhatsApp-Image-2022-04-28-at-8.47.51-AM.jpeg\" \/>\n\t<meta property=\"og:image:width\" content=\"960\" \/>\n\t<meta property=\"og:image:height\" content=\"640\" \/>\n\t<meta property=\"og:image:type\" content=\"image\/jpeg\" \/>\n<meta name=\"author\" content=\"Cecilia Vega\" \/>\n<meta name=\"twitter:label1\" content=\"Escrito por\" \/>\n\t<meta name=\"twitter:data1\" content=\"Cecilia Vega\" \/>\n\t<meta name=\"twitter:label2\" content=\"Tiempo de lectura\" \/>\n\t<meta name=\"twitter:data2\" content=\"3 minutos\" \/>\n<script type=\"application\/ld+json\" class=\"yoast-schema-graph\">{\"@context\":\"https:\\\/\\\/schema.org\",\"@graph\":[{\"@type\":\"Article\",\"@id\":\"https:\\\/\\\/expressometro.mx\\\/index.php\\\/2022\\\/04\\\/28\\\/instalan-comite-de-etica-y-conducta-en-la-uaemex\\\/#article\",\"isPartOf\":{\"@id\":\"https:\\\/\\\/expressometro.mx\\\/index.php\\\/2022\\\/04\\\/28\\\/instalan-comite-de-etica-y-conducta-en-la-uaemex\\\/\"},\"author\":{\"name\":\"Cecilia Vega\",\"@id\":\"https:\\\/\\\/expressometro.mx\\\/#\\\/schema\\\/person\\\/67a95b8e3862085c7598f66237488f1f\"},\"headline\":\"Instalan Comit\u00e9 de \u00c9tica y Conducta en la UAEM\u00e9x\",\"datePublished\":\"2022-04-29T03:42:35+00:00\",\"dateModified\":\"2022-04-29T03:42:36+00:00\",\"mainEntityOfPage\":{\"@id\":\"https:\\\/\\\/expressometro.mx\\\/index.php\\\/2022\\\/04\\\/28\\\/instalan-comite-de-etica-y-conducta-en-la-uaemex\\\/\"},\"wordCount\":421,\"commentCount\":0,\"publisher\":{\"@id\":\"https:\\\/\\\/expressometro.mx\\\/#organization\"},\"image\":{\"@id\":\"https:\\\/\\\/expressometro.mx\\\/index.php\\\/2022\\\/04\\\/28\\\/instalan-comite-de-etica-y-conducta-en-la-uaemex\\\/#primaryimage\"},\"thumbnailUrl\":\"https:\\\/\\\/expressometro.mx\\\/wp-content\\\/uploads\\\/2022\\\/04\\\/WhatsApp-Image-2022-04-28-at-8.47.51-AM.jpeg\",\"keywords\":[\"Carlos Eduardo Barrera D\u00edaz\",\"UAEMex\"],\"articleSection\":[\"Educaci\u00f3n\"],\"inLanguage\":\"es\",\"potentialAction\":[{\"@type\":\"CommentAction\",\"name\":\"Comment\",\"target\":[\"https:\\\/\\\/expressometro.mx\\\/index.php\\\/2022\\\/04\\\/28\\\/instalan-comite-de-etica-y-conducta-en-la-uaemex\\\/#respond\"]}]},{\"@type\":\"WebPage\",\"@id\":\"https:\\\/\\\/expressometro.mx\\\/index.php\\\/2022\\\/04\\\/28\\\/instalan-comite-de-etica-y-conducta-en-la-uaemex\\\/\",\"url\":\"https:\\\/\\\/expressometro.mx\\\/index.php\\\/2022\\\/04\\\/28\\\/instalan-comite-de-etica-y-conducta-en-la-uaemex\\\/\",\"name\":\"Instalan Comit\u00e9 de \u00c9tica y Conducta en la UAEM\u00e9x - Expresso Metropolitano\",\"isPartOf\":{\"@id\":\"https:\\\/\\\/expressometro.mx\\\/#website\"},\"primaryImageOfPage\":{\"@id\":\"https:\\\/\\\/expressometro.mx\\\/index.php\\\/2022\\\/04\\\/28\\\/instalan-comite-de-etica-y-conducta-en-la-uaemex\\\/#primaryimage\"},\"image\":{\"@id\":\"https:\\\/\\\/expressometro.mx\\\/index.php\\\/2022\\\/04\\\/28\\\/instalan-comite-de-etica-y-conducta-en-la-uaemex\\\/#primaryimage\"},\"thumbnailUrl\":\"https:\\\/\\\/expressometro.mx\\\/wp-content\\\/uploads\\\/2022\\\/04\\\/WhatsApp-Image-2022-04-28-at-8.47.51-AM.jpeg\",\"datePublished\":\"2022-04-29T03:42:35+00:00\",\"dateModified\":\"2022-04-29T03:42:36+00:00\",\"breadcrumb\":{\"@id\":\"https:\\\/\\\/expressometro.mx\\\/index.php\\\/2022\\\/04\\\/28\\\/instalan-comite-de-etica-y-conducta-en-la-uaemex\\\/#breadcrumb\"},\"inLanguage\":\"es\",\"potentialAction\":[{\"@type\":\"ReadAction\",\"target\":[\"https:\\\/\\\/expressometro.mx\\\/index.php\\\/2022\\\/04\\\/28\\\/instalan-comite-de-etica-y-conducta-en-la-uaemex\\\/\"]}]},{\"@type\":\"ImageObject\",\"inLanguage\":\"es\",\"@id\":\"https:\\\/\\\/expressometro.mx\\\/index.php\\\/2022\\\/04\\\/28\\\/instalan-comite-de-etica-y-conducta-en-la-uaemex\\\/#primaryimage\",\"url\":\"https:\\\/\\\/expressometro.mx\\\/wp-content\\\/uploads\\\/2022\\\/04\\\/WhatsApp-Image-2022-04-28-at-8.47.51-AM.jpeg\",\"contentUrl\":\"https:\\\/\\\/expressometro.mx\\\/wp-content\\\/uploads\\\/2022\\\/04\\\/WhatsApp-Image-2022-04-28-at-8.47.51-AM.jpeg\",\"width\":960,\"height\":640},{\"@type\":\"BreadcrumbList\",\"@id\":\"https:\\\/\\\/expressometro.mx\\\/index.php\\\/2022\\\/04\\\/28\\\/instalan-comite-de-etica-y-conducta-en-la-uaemex\\\/#breadcrumb\",\"itemListElement\":[{\"@type\":\"ListItem\",\"position\":1,\"name\":\"Inicio\",\"item\":\"https:\\\/\\\/expressometro.mx\\\/\"},{\"@type\":\"ListItem\",\"position\":2,\"name\":\"Instalan Comit\u00e9 de \u00c9tica y Conducta en la UAEM\u00e9x\"}]},{\"@type\":\"WebSite\",\"@id\":\"https:\\\/\\\/expressometro.mx\\\/#website\",\"url\":\"https:\\\/\\\/expressometro.mx\\\/\",\"name\":\"Expresso Metropolitano\",\"description\":\"Periodismo comprometido, informaci\u00f3n, investigaci\u00f3n y an\u00e1lisis\",\"publisher\":{\"@id\":\"https:\\\/\\\/expressometro.mx\\\/#organization\"},\"potentialAction\":[{\"@type\":\"SearchAction\",\"target\":{\"@type\":\"EntryPoint\",\"urlTemplate\":\"https:\\\/\\\/expressometro.mx\\\/?s={search_term_string}\"},\"query-input\":{\"@type\":\"PropertyValueSpecification\",\"valueRequired\":true,\"valueName\":\"search_term_string\"}}],\"inLanguage\":\"es\"},{\"@type\":\"Organization\",\"@id\":\"https:\\\/\\\/expressometro.mx\\\/#organization\",\"name\":\"Expresso Metropolitano\",\"url\":\"https:\\\/\\\/expressometro.mx\\\/\",\"logo\":{\"@type\":\"ImageObject\",\"inLanguage\":\"es\",\"@id\":\"https:\\\/\\\/expressometro.mx\\\/#\\\/schema\\\/logo\\\/image\\\/\",\"url\":\"https:\\\/\\\/expressometro.mx\\\/wp-content\\\/uploads\\\/2019\\\/07\\\/cropped-Logo-Expresso-Metropolitano-1-1.jpeg\",\"contentUrl\":\"https:\\\/\\\/expressometro.mx\\\/wp-content\\\/uploads\\\/2019\\\/07\\\/cropped-Logo-Expresso-Metropolitano-1-1.jpeg\",\"width\":290,\"height\":73,\"caption\":\"Expresso Metropolitano\"},\"image\":{\"@id\":\"https:\\\/\\\/expressometro.mx\\\/#\\\/schema\\\/logo\\\/image\\\/\"}},{\"@type\":\"Person\",\"@id\":\"https:\\\/\\\/expressometro.mx\\\/#\\\/schema\\\/person\\\/67a95b8e3862085c7598f66237488f1f\",\"name\":\"Cecilia Vega\",\"image\":{\"@type\":\"ImageObject\",\"inLanguage\":\"es\",\"@id\":\"https:\\\/\\\/secure.gravatar.com\\\/avatar\\\/13aae9944ab2ee472a9e407c9487fdbd03b049abaa559af32fe5dbcf615c981b?s=96&d=mm&r=g\",\"url\":\"https:\\\/\\\/secure.gravatar.com\\\/avatar\\\/13aae9944ab2ee472a9e407c9487fdbd03b049abaa559af32fe5dbcf615c981b?s=96&d=mm&r=g\",\"contentUrl\":\"https:\\\/\\\/secure.gravatar.com\\\/avatar\\\/13aae9944ab2ee472a9e407c9487fdbd03b049abaa559af32fe5dbcf615c981b?s=96&d=mm&r=g\",\"caption\":\"Cecilia Vega\"},\"url\":\"https:\\\/\\\/expressometro.mx\\\/index.php\\\/author\\\/cecilia-vega\\\/\"}]}<\/script>\n<!-- \/ Yoast SEO plugin. -->","yoast_head_json":{"title":"Instalan Comit\u00e9 de \u00c9tica y Conducta en la UAEM\u00e9x - Expresso Metropolitano","robots":{"index":"index","follow":"follow","max-snippet":"max-snippet:-1","max-image-preview":"max-image-preview:large","max-video-preview":"max-video-preview:-1"},"canonical":"https:\/\/expressometro.mx\/index.php\/2022\/04\/28\/instalan-comite-de-etica-y-conducta-en-la-uaemex\/","og_locale":"es_MX","og_type":"article","og_title":"Instalan Comit\u00e9 de \u00c9tica y Conducta en la UAEM\u00e9x - Expresso Metropolitano","og_description":"Integrantes del Gabinete Universitario rindieron protesta como miembros del Comit\u00e9 de \u00c9tica y Conducta de la UAEM\u00e9x de la Administraci\u00f3n 2021-2025.","og_url":"https:\/\/expressometro.mx\/index.php\/2022\/04\/28\/instalan-comite-de-etica-y-conducta-en-la-uaemex\/","og_site_name":"Expresso Metropolitano","article_published_time":"2022-04-29T03:42:35+00:00","article_modified_time":"2022-04-29T03:42:36+00:00","og_image":[{"width":960,"height":640,"url":"http:\/\/expressometro.mx\/wp-content\/uploads\/2022\/04\/WhatsApp-Image-2022-04-28-at-8.47.51-AM.jpeg","type":"image\/jpeg"}],"author":"Cecilia Vega","twitter_misc":{"Escrito por":"Cecilia Vega","Tiempo de lectura":"3 minutos"},"schema":{"@context":"https:\/\/schema.org","@graph":[{"@type":"Article","@id":"https:\/\/expressometro.mx\/index.php\/2022\/04\/28\/instalan-comite-de-etica-y-conducta-en-la-uaemex\/#article","isPartOf":{"@id":"https:\/\/expressometro.mx\/index.php\/2022\/04\/28\/instalan-comite-de-etica-y-conducta-en-la-uaemex\/"},"author":{"name":"Cecilia Vega","@id":"https:\/\/expressometro.mx\/#\/schema\/person\/67a95b8e3862085c7598f66237488f1f"},"headline":"Instalan Comit\u00e9 de \u00c9tica y Conducta en la UAEM\u00e9x","datePublished":"2022-04-29T03:42:35+00:00","dateModified":"2022-04-29T03:42:36+00:00","mainEntityOfPage":{"@id":"https:\/\/expressometro.mx\/index.php\/2022\/04\/28\/instalan-comite-de-etica-y-conducta-en-la-uaemex\/"},"wordCount":421,"commentCount":0,"publisher":{"@id":"https:\/\/expressometro.mx\/#organization"},"image":{"@id":"https:\/\/expressometro.mx\/index.php\/2022\/04\/28\/instalan-comite-de-etica-y-conducta-en-la-uaemex\/#primaryimage"},"thumbnailUrl":"https:\/\/expressometro.mx\/wp-content\/uploads\/2022\/04\/WhatsApp-Image-2022-04-28-at-8.47.51-AM.jpeg","keywords":["Carlos Eduardo Barrera D\u00edaz","UAEMex"],"articleSection":["Educaci\u00f3n"],"inLanguage":"es","potentialAction":[{"@type":"CommentAction","name":"Comment","target":["https:\/\/expressometro.mx\/index.php\/2022\/04\/28\/instalan-comite-de-etica-y-conducta-en-la-uaemex\/#respond"]}]},{"@type":"WebPage","@id":"https:\/\/expressometro.mx\/index.php\/2022\/04\/28\/instalan-comite-de-etica-y-conducta-en-la-uaemex\/","url":"https:\/\/expressometro.mx\/index.php\/2022\/04\/28\/instalan-comite-de-etica-y-conducta-en-la-uaemex\/","name":"Instalan Comit\u00e9 de \u00c9tica y Conducta en la UAEM\u00e9x - Expresso Metropolitano","isPartOf":{"@id":"https:\/\/expressometro.mx\/#website"},"primaryImageOfPage":{"@id":"https:\/\/expressometro.mx\/index.php\/2022\/04\/28\/instalan-comite-de-etica-y-conducta-en-la-uaemex\/#primaryimage"},"image":{"@id":"https:\/\/expressometro.mx\/index.php\/2022\/04\/28\/instalan-comite-de-etica-y-conducta-en-la-uaemex\/#primaryimage"},"thumbnailUrl":"https:\/\/expressometro.mx\/wp-content\/uploads\/2022\/04\/WhatsApp-Image-2022-04-28-at-8.47.51-AM.jpeg","datePublished":"2022-04-29T03:42:35+00:00","dateModified":"2022-04-29T03:42:36+00:00","breadcrumb":{"@id":"https:\/\/expressometro.mx\/index.php\/2022\/04\/28\/instalan-comite-de-etica-y-conducta-en-la-uaemex\/#breadcrumb"},"inLanguage":"es","potentialAction":[{"@type":"ReadAction","target":["https:\/\/expressometro.mx\/index.php\/2022\/04\/28\/instalan-comite-de-etica-y-conducta-en-la-uaemex\/"]}]},{"@type":"ImageObject","inLanguage":"es","@id":"https:\/\/expressometro.mx\/index.php\/2022\/04\/28\/instalan-comite-de-etica-y-conducta-en-la-uaemex\/#primaryimage","url":"https:\/\/expressometro.mx\/wp-content\/uploads\/2022\/04\/WhatsApp-Image-2022-04-28-at-8.47.51-AM.jpeg","contentUrl":"https:\/\/expressometro.mx\/wp-content\/uploads\/2022\/04\/WhatsApp-Image-2022-04-28-at-8.47.51-AM.jpeg","width":960,"height":640},{"@type":"BreadcrumbList","@id":"https:\/\/expressometro.mx\/index.php\/2022\/04\/28\/instalan-comite-de-etica-y-conducta-en-la-uaemex\/#breadcrumb","itemListElement":[{"@type":"ListItem","position":1,"name":"Inicio","item":"https:\/\/expressometro.mx\/"},{"@type":"ListItem","position":2,"name":"Instalan Comit\u00e9 de \u00c9tica y Conducta en la UAEM\u00e9x"}]},{"@type":"WebSite","@id":"https:\/\/expressometro.mx\/#website","url":"https:\/\/expressometro.mx\/","name":"Expresso Metropolitano","description":"Periodismo comprometido, informaci\u00f3n, investigaci\u00f3n y an\u00e1lisis","publisher":{"@id":"https:\/\/expressometro.mx\/#organization"},"potentialAction":[{"@type":"SearchAction","target":{"@type":"EntryPoint","urlTemplate":"https:\/\/expressometro.mx\/?s={search_term_string}"},"query-input":{"@type":"PropertyValueSpecification","valueRequired":true,"valueName":"search_term_string"}}],"inLanguage":"es"},{"@type":"Organization","@id":"https:\/\/expressometro.mx\/#organization","name":"Expresso Metropolitano","url":"https:\/\/expressometro.mx\/","logo":{"@type":"ImageObject","inLanguage":"es","@id":"https:\/\/expressometro.mx\/#\/schema\/logo\/image\/","url":"https:\/\/expressometro.mx\/wp-content\/uploads\/2019\/07\/cropped-Logo-Expresso-Metropolitano-1-1.jpeg","contentUrl":"https:\/\/expressometro.mx\/wp-content\/uploads\/2019\/07\/cropped-Logo-Expresso-Metropolitano-1-1.jpeg","width":290,"height":73,"caption":"Expresso Metropolitano"},"image":{"@id":"https:\/\/expressometro.mx\/#\/schema\/logo\/image\/"}},{"@type":"Person","@id":"https:\/\/expressometro.mx\/#\/schema\/person\/67a95b8e3862085c7598f66237488f1f","name":"Cecilia Vega","image":{"@type":"ImageObject","inLanguage":"es","@id":"https:\/\/secure.gravatar.com\/avatar\/13aae9944ab2ee472a9e407c9487fdbd03b049abaa559af32fe5dbcf615c981b?s=96&d=mm&r=g","url":"https:\/\/secure.gravatar.com\/avatar\/13aae9944ab2ee472a9e407c9487fdbd03b049abaa559af32fe5dbcf615c981b?s=96&d=mm&r=g","contentUrl":"https:\/\/secure.gravatar.com\/avatar\/13aae9944ab2ee472a9e407c9487fdbd03b049abaa559af32fe5dbcf615c981b?s=96&d=mm&r=g","caption":"Cecilia Vega"},"url":"https:\/\/expressometro.mx\/index.php\/author\/cecilia-vega\/"}]}},"amp_enabled":true,"_links":{"self":[{"href":"https:\/\/expressometro.mx\/index.php\/wp-json\/wp\/v2\/posts\/5548","targetHints":{"allow":["GET"]}}],"collection":[{"href":"https:\/\/expressometro.mx\/index.php\/wp-json\/wp\/v2\/posts"}],"about":[{"href":"https:\/\/expressometro.mx\/index.php\/wp-json\/wp\/v2\/types\/post"}],"author":[{"embeddable":true,"href":"https:\/\/expressometro.mx\/index.php\/wp-json\/wp\/v2\/users\/2"}],"replies":[{"embeddable":true,"href":"https:\/\/expressometro.mx\/index.php\/wp-json\/wp\/v2\/comments?post=5548"}],"version-history":[{"count":1,"href":"https:\/\/expressometro.mx\/index.php\/wp-json\/wp\/v2\/posts\/5548\/revisions"}],"predecessor-version":[{"id":5553,"href":"https:\/\/expressometro.mx\/index.php\/wp-json\/wp\/v2\/posts\/5548\/revisions\/5553"}],"wp:featuredmedia":[{"embeddable":true,"href":"https:\/\/expressometro.mx\/index.php\/wp-json\/wp\/v2\/media\/5550"}],"wp:attachment":[{"href":"https:\/\/expressometro.mx\/index.php\/wp-json\/wp\/v2\/media?parent=5548"}],"wp:term":[{"taxonomy":"category","embeddable":true,"href":"https:\/\/expressometro.mx\/index.php\/wp-json\/wp\/v2\/categories?post=5548"},{"taxonomy":"post_tag","embeddable":true,"href":"https:\/\/expressometro.mx\/index.php\/wp-json\/wp\/v2\/tags?post=5548"}],"curies":[{"name":"wp","href":"https:\/\/api.w.org\/{rel}","templated":true}]}}