{"id":5496,"date":"2022-04-18T09:20:00","date_gmt":"2022-04-18T14:20:00","guid":{"rendered":"https:\/\/expressometro.mx\/?p=5496"},"modified":"2022-04-19T09:35:03","modified_gmt":"2022-04-19T14:35:03","slug":"senalan-importancia-de-la-perspectiva-de-genero-en-la-administracion-publica","status":"publish","type":"post","link":"https:\/\/expressometro.mx\/index.php\/2022\/04\/18\/senalan-importancia-de-la-perspectiva-de-genero-en-la-administracion-publica\/","title":{"rendered":"SE\u00d1ALAN IMPORTANCIA DE LA PERSPECTIVA DE G\u00c9NERO EN LA ADMINISTRACI\u00d3N P\u00daBLICA"},"content":{"rendered":"\n<p>\u2022 Busca Secretar\u00eda de la Mujer implementar en la administraci\u00f3n p\u00fablica la perspectiva de g\u00e9nero.<br>\u2022 Pretenden visibilizar, sensibilizar y dar soluci\u00f3n a la desigualdad que viven las mujeres.<\/p>\n\n\n\n<p>Toluca, Estado de M\u00e9xico, 18 de abril de 2022. Para comprender qu\u00e9 es perspectiva se deben entender las distintas realidades y retos que viven mujeres, adolescentes y ni\u00f1as en todo momento, en el trabajo, escuela, en las relaciones personales y profesionales, al salir de casa, y en su d\u00eda a d\u00eda; por tanto, la perspectiva de g\u00e9nero busca visibilizar y sensibilizar a la poblaci\u00f3n en general respecto a estas problem\u00e1ticas.<\/p>\n\n\n\n<p>En ese sentido, y para continuar con la pol\u00edtica del Gobernador Alfredo Del Mazo Maza, de atender a las mexiquenses, la Secretar\u00eda de la Mujer implementa acciones y mecanismos para sensibilizar y capacitar a la poblaci\u00f3n sobre perspectiva, feminismo, transversalizaci\u00f3n y cuidado, en temas de desigualdades.<\/p>\n\n\n\n<p>La Directora General de Perspectiva de G\u00e9nero, Diana Vel\u00e1zquez S\u00e1nchez, se\u00f1al\u00f3 que, para dar cuenta de la desigualdad que existe entre mujeres y hombres, se debe analizar, por ejemplo, que, en el sector econ\u00f3mico, el 84 por ciento de las personas que perdieron su empleo a ra\u00edz de la pandemia, son mujeres.<\/p>\n\n\n\n<p>En deserci\u00f3n escolar a nivel nacional 20 millones de ni\u00f1as est\u00e1n en riesgo de no regresar a las escuelas y en cuanto a salario, las mujeres ganan un 23 por ciento menos que los hombres y s\u00f3lo dos de cada 10 mujeres ocupan un espacio en la toma de decisiones en la administraci\u00f3n p\u00fablica.<\/p>\n\n\n\n<p>Refiri\u00f3 que, para atender las desigualdades, es necesario entender, analizar y presentar soluciones diferenciadas y claras a la ra\u00edz de la violencia, as\u00ed como visibilizar y empoderar a la mujer en un \u00e1mbito donde lo masculino siempre ha sido lo dominante y de mayor privilegio.<\/p>\n\n\n\n<p>Por ello, explic\u00f3 que al interior de la dependencia se cuenta con unidades de igualdad de g\u00e9nero y erradicaci\u00f3n de la violencia, una L\u00ednea Sin Violencia 800-108-4053 disponible las 24 horas los 365 d\u00edas del a\u00f1o, una L\u00ednea contra la Trata 800-832-4745, Centros de Masculinidades positivas, as\u00ed como 58 Centros Naranja, cuya funci\u00f3n es atender de manera multidisciplinaria a las mujeres.<\/p>\n","protected":false},"excerpt":{"rendered":"<p>Busca Secretar\u00eda de la Mujer implementar en la administraci\u00f3n p\u00fablica la perspectiva de g\u00e9nero.<\/p>\n","protected":false},"author":2,"featured_media":5498,"comment_status":"open","ping_status":"open","sticky":false,"template":"","format":"standard","meta":{"footnotes":""},"categories":[3,231],"tags":[87,1072],"class_list":["post-5496","post","type-post","status-publish","format-standard","has-post-thumbnail","hentry","category-gobierno","category-politica","tag-alfredo-del-mazo","tag-secretaria-de-la-mujer"],"yoast_head":"<!-- This site is optimized with the Yoast SEO plugin v27.4 - https:\/\/yoast.com\/product\/yoast-seo-wordpress\/ -->\n<title>SE\u00d1ALAN IMPORTANCIA DE LA PERSPECTIVA DE G\u00c9NERO EN LA ADMINISTRACI\u00d3N P\u00daBLICA - Expresso Metropolitano<\/title>\n<meta name=\"robots\" content=\"index, follow, max-snippet:-1, max-image-preview:large, max-video-preview:-1\" \/>\n<link rel=\"canonical\" href=\"https:\/\/expressometro.mx\/index.php\/2022\/04\/18\/senalan-importancia-de-la-perspectiva-de-genero-en-la-administracion-publica\/\" \/>\n<meta property=\"og:locale\" content=\"es_MX\" \/>\n<meta property=\"og:type\" content=\"article\" \/>\n<meta property=\"og:title\" content=\"SE\u00d1ALAN IMPORTANCIA DE LA PERSPECTIVA DE G\u00c9NERO EN LA ADMINISTRACI\u00d3N P\u00daBLICA - Expresso Metropolitano\" \/>\n<meta property=\"og:description\" content=\"Busca Secretar\u00eda de la Mujer implementar en la administraci\u00f3n p\u00fablica la perspectiva de g\u00e9nero.\" \/>\n<meta property=\"og:url\" content=\"https:\/\/expressometro.mx\/index.php\/2022\/04\/18\/senalan-importancia-de-la-perspectiva-de-genero-en-la-administracion-publica\/\" \/>\n<meta property=\"og:site_name\" content=\"Expresso Metropolitano\" \/>\n<meta property=\"article:published_time\" content=\"2022-04-18T14:20:00+00:00\" \/>\n<meta property=\"article:modified_time\" content=\"2022-04-19T14:35:03+00:00\" \/>\n<meta property=\"og:image\" content=\"http:\/\/expressometro.mx\/wp-content\/uploads\/2022\/04\/WhatsApp-Image-2022-04-18-at-11.10.38-PM.jpeg\" \/>\n\t<meta property=\"og:image:width\" content=\"1280\" \/>\n\t<meta property=\"og:image:height\" content=\"850\" \/>\n\t<meta property=\"og:image:type\" content=\"image\/jpeg\" \/>\n<meta name=\"author\" content=\"Cecilia Vega\" \/>\n<meta name=\"twitter:label1\" content=\"Escrito por\" \/>\n\t<meta name=\"twitter:data1\" content=\"Cecilia Vega\" \/>\n\t<meta name=\"twitter:label2\" content=\"Tiempo de lectura\" \/>\n\t<meta name=\"twitter:data2\" content=\"2 minutos\" \/>\n<script type=\"application\/ld+json\" class=\"yoast-schema-graph\">{\"@context\":\"https:\\\/\\\/schema.org\",\"@graph\":[{\"@type\":\"Article\",\"@id\":\"https:\\\/\\\/expressometro.mx\\\/index.php\\\/2022\\\/04\\\/18\\\/senalan-importancia-de-la-perspectiva-de-genero-en-la-administracion-publica\\\/#article\",\"isPartOf\":{\"@id\":\"https:\\\/\\\/expressometro.mx\\\/index.php\\\/2022\\\/04\\\/18\\\/senalan-importancia-de-la-perspectiva-de-genero-en-la-administracion-publica\\\/\"},\"author\":{\"name\":\"Cecilia Vega\",\"@id\":\"https:\\\/\\\/expressometro.mx\\\/#\\\/schema\\\/person\\\/67a95b8e3862085c7598f66237488f1f\"},\"headline\":\"SE\u00d1ALAN IMPORTANCIA DE LA PERSPECTIVA DE G\u00c9NERO EN LA ADMINISTRACI\u00d3N P\u00daBLICA\",\"datePublished\":\"2022-04-18T14:20:00+00:00\",\"dateModified\":\"2022-04-19T14:35:03+00:00\",\"mainEntityOfPage\":{\"@id\":\"https:\\\/\\\/expressometro.mx\\\/index.php\\\/2022\\\/04\\\/18\\\/senalan-importancia-de-la-perspectiva-de-genero-en-la-administracion-publica\\\/\"},\"wordCount\":399,\"commentCount\":0,\"publisher\":{\"@id\":\"https:\\\/\\\/expressometro.mx\\\/#organization\"},\"image\":{\"@id\":\"https:\\\/\\\/expressometro.mx\\\/index.php\\\/2022\\\/04\\\/18\\\/senalan-importancia-de-la-perspectiva-de-genero-en-la-administracion-publica\\\/#primaryimage\"},\"thumbnailUrl\":\"https:\\\/\\\/expressometro.mx\\\/wp-content\\\/uploads\\\/2022\\\/04\\\/WhatsApp-Image-2022-04-18-at-11.10.38-PM.jpeg\",\"keywords\":[\"Alfredo del Mazo\",\"Secretar\u00eda de la Mujer\"],\"articleSection\":[\"Gobierno\",\"Pol\u00edtica\"],\"inLanguage\":\"es\",\"potentialAction\":[{\"@type\":\"CommentAction\",\"name\":\"Comment\",\"target\":[\"https:\\\/\\\/expressometro.mx\\\/index.php\\\/2022\\\/04\\\/18\\\/senalan-importancia-de-la-perspectiva-de-genero-en-la-administracion-publica\\\/#respond\"]}]},{\"@type\":\"WebPage\",\"@id\":\"https:\\\/\\\/expressometro.mx\\\/index.php\\\/2022\\\/04\\\/18\\\/senalan-importancia-de-la-perspectiva-de-genero-en-la-administracion-publica\\\/\",\"url\":\"https:\\\/\\\/expressometro.mx\\\/index.php\\\/2022\\\/04\\\/18\\\/senalan-importancia-de-la-perspectiva-de-genero-en-la-administracion-publica\\\/\",\"name\":\"SE\u00d1ALAN IMPORTANCIA DE LA PERSPECTIVA DE G\u00c9NERO EN LA ADMINISTRACI\u00d3N P\u00daBLICA - Expresso Metropolitano\",\"isPartOf\":{\"@id\":\"https:\\\/\\\/expressometro.mx\\\/#website\"},\"primaryImageOfPage\":{\"@id\":\"https:\\\/\\\/expressometro.mx\\\/index.php\\\/2022\\\/04\\\/18\\\/senalan-importancia-de-la-perspectiva-de-genero-en-la-administracion-publica\\\/#primaryimage\"},\"image\":{\"@id\":\"https:\\\/\\\/expressometro.mx\\\/index.php\\\/2022\\\/04\\\/18\\\/senalan-importancia-de-la-perspectiva-de-genero-en-la-administracion-publica\\\/#primaryimage\"},\"thumbnailUrl\":\"https:\\\/\\\/expressometro.mx\\\/wp-content\\\/uploads\\\/2022\\\/04\\\/WhatsApp-Image-2022-04-18-at-11.10.38-PM.jpeg\",\"datePublished\":\"2022-04-18T14:20:00+00:00\",\"dateModified\":\"2022-04-19T14:35:03+00:00\",\"breadcrumb\":{\"@id\":\"https:\\\/\\\/expressometro.mx\\\/index.php\\\/2022\\\/04\\\/18\\\/senalan-importancia-de-la-perspectiva-de-genero-en-la-administracion-publica\\\/#breadcrumb\"},\"inLanguage\":\"es\",\"potentialAction\":[{\"@type\":\"ReadAction\",\"target\":[\"https:\\\/\\\/expressometro.mx\\\/index.php\\\/2022\\\/04\\\/18\\\/senalan-importancia-de-la-perspectiva-de-genero-en-la-administracion-publica\\\/\"]}]},{\"@type\":\"ImageObject\",\"inLanguage\":\"es\",\"@id\":\"https:\\\/\\\/expressometro.mx\\\/index.php\\\/2022\\\/04\\\/18\\\/senalan-importancia-de-la-perspectiva-de-genero-en-la-administracion-publica\\\/#primaryimage\",\"url\":\"https:\\\/\\\/expressometro.mx\\\/wp-content\\\/uploads\\\/2022\\\/04\\\/WhatsApp-Image-2022-04-18-at-11.10.38-PM.jpeg\",\"contentUrl\":\"https:\\\/\\\/expressometro.mx\\\/wp-content\\\/uploads\\\/2022\\\/04\\\/WhatsApp-Image-2022-04-18-at-11.10.38-PM.jpeg\",\"width\":1280,\"height\":850},{\"@type\":\"BreadcrumbList\",\"@id\":\"https:\\\/\\\/expressometro.mx\\\/index.php\\\/2022\\\/04\\\/18\\\/senalan-importancia-de-la-perspectiva-de-genero-en-la-administracion-publica\\\/#breadcrumb\",\"itemListElement\":[{\"@type\":\"ListItem\",\"position\":1,\"name\":\"Inicio\",\"item\":\"https:\\\/\\\/expressometro.mx\\\/\"},{\"@type\":\"ListItem\",\"position\":2,\"name\":\"SE\u00d1ALAN IMPORTANCIA DE LA PERSPECTIVA DE G\u00c9NERO EN LA ADMINISTRACI\u00d3N P\u00daBLICA\"}]},{\"@type\":\"WebSite\",\"@id\":\"https:\\\/\\\/expressometro.mx\\\/#website\",\"url\":\"https:\\\/\\\/expressometro.mx\\\/\",\"name\":\"Expresso Metropolitano\",\"description\":\"Periodismo comprometido, informaci\u00f3n, investigaci\u00f3n y an\u00e1lisis\",\"publisher\":{\"@id\":\"https:\\\/\\\/expressometro.mx\\\/#organization\"},\"potentialAction\":[{\"@type\":\"SearchAction\",\"target\":{\"@type\":\"EntryPoint\",\"urlTemplate\":\"https:\\\/\\\/expressometro.mx\\\/?s={search_term_string}\"},\"query-input\":{\"@type\":\"PropertyValueSpecification\",\"valueRequired\":true,\"valueName\":\"search_term_string\"}}],\"inLanguage\":\"es\"},{\"@type\":\"Organization\",\"@id\":\"https:\\\/\\\/expressometro.mx\\\/#organization\",\"name\":\"Expresso Metropolitano\",\"url\":\"https:\\\/\\\/expressometro.mx\\\/\",\"logo\":{\"@type\":\"ImageObject\",\"inLanguage\":\"es\",\"@id\":\"https:\\\/\\\/expressometro.mx\\\/#\\\/schema\\\/logo\\\/image\\\/\",\"url\":\"https:\\\/\\\/expressometro.mx\\\/wp-content\\\/uploads\\\/2019\\\/07\\\/cropped-Logo-Expresso-Metropolitano-1-1.jpeg\",\"contentUrl\":\"https:\\\/\\\/expressometro.mx\\\/wp-content\\\/uploads\\\/2019\\\/07\\\/cropped-Logo-Expresso-Metropolitano-1-1.jpeg\",\"width\":290,\"height\":73,\"caption\":\"Expresso Metropolitano\"},\"image\":{\"@id\":\"https:\\\/\\\/expressometro.mx\\\/#\\\/schema\\\/logo\\\/image\\\/\"}},{\"@type\":\"Person\",\"@id\":\"https:\\\/\\\/expressometro.mx\\\/#\\\/schema\\\/person\\\/67a95b8e3862085c7598f66237488f1f\",\"name\":\"Cecilia Vega\",\"image\":{\"@type\":\"ImageObject\",\"inLanguage\":\"es\",\"@id\":\"https:\\\/\\\/secure.gravatar.com\\\/avatar\\\/13aae9944ab2ee472a9e407c9487fdbd03b049abaa559af32fe5dbcf615c981b?s=96&d=mm&r=g\",\"url\":\"https:\\\/\\\/secure.gravatar.com\\\/avatar\\\/13aae9944ab2ee472a9e407c9487fdbd03b049abaa559af32fe5dbcf615c981b?s=96&d=mm&r=g\",\"contentUrl\":\"https:\\\/\\\/secure.gravatar.com\\\/avatar\\\/13aae9944ab2ee472a9e407c9487fdbd03b049abaa559af32fe5dbcf615c981b?s=96&d=mm&r=g\",\"caption\":\"Cecilia Vega\"},\"url\":\"https:\\\/\\\/expressometro.mx\\\/index.php\\\/author\\\/cecilia-vega\\\/\"}]}<\/script>\n<!-- \/ Yoast SEO plugin. -->","yoast_head_json":{"title":"SE\u00d1ALAN IMPORTANCIA DE LA PERSPECTIVA DE G\u00c9NERO EN LA ADMINISTRACI\u00d3N P\u00daBLICA - Expresso Metropolitano","robots":{"index":"index","follow":"follow","max-snippet":"max-snippet:-1","max-image-preview":"max-image-preview:large","max-video-preview":"max-video-preview:-1"},"canonical":"https:\/\/expressometro.mx\/index.php\/2022\/04\/18\/senalan-importancia-de-la-perspectiva-de-genero-en-la-administracion-publica\/","og_locale":"es_MX","og_type":"article","og_title":"SE\u00d1ALAN IMPORTANCIA DE LA PERSPECTIVA DE G\u00c9NERO EN LA ADMINISTRACI\u00d3N P\u00daBLICA - Expresso Metropolitano","og_description":"Busca Secretar\u00eda de la Mujer implementar en la administraci\u00f3n p\u00fablica la perspectiva de g\u00e9nero.","og_url":"https:\/\/expressometro.mx\/index.php\/2022\/04\/18\/senalan-importancia-de-la-perspectiva-de-genero-en-la-administracion-publica\/","og_site_name":"Expresso Metropolitano","article_published_time":"2022-04-18T14:20:00+00:00","article_modified_time":"2022-04-19T14:35:03+00:00","og_image":[{"width":1280,"height":850,"url":"http:\/\/expressometro.mx\/wp-content\/uploads\/2022\/04\/WhatsApp-Image-2022-04-18-at-11.10.38-PM.jpeg","type":"image\/jpeg"}],"author":"Cecilia Vega","twitter_misc":{"Escrito por":"Cecilia Vega","Tiempo de lectura":"2 minutos"},"schema":{"@context":"https:\/\/schema.org","@graph":[{"@type":"Article","@id":"https:\/\/expressometro.mx\/index.php\/2022\/04\/18\/senalan-importancia-de-la-perspectiva-de-genero-en-la-administracion-publica\/#article","isPartOf":{"@id":"https:\/\/expressometro.mx\/index.php\/2022\/04\/18\/senalan-importancia-de-la-perspectiva-de-genero-en-la-administracion-publica\/"},"author":{"name":"Cecilia Vega","@id":"https:\/\/expressometro.mx\/#\/schema\/person\/67a95b8e3862085c7598f66237488f1f"},"headline":"SE\u00d1ALAN IMPORTANCIA DE LA PERSPECTIVA DE G\u00c9NERO EN LA ADMINISTRACI\u00d3N P\u00daBLICA","datePublished":"2022-04-18T14:20:00+00:00","dateModified":"2022-04-19T14:35:03+00:00","mainEntityOfPage":{"@id":"https:\/\/expressometro.mx\/index.php\/2022\/04\/18\/senalan-importancia-de-la-perspectiva-de-genero-en-la-administracion-publica\/"},"wordCount":399,"commentCount":0,"publisher":{"@id":"https:\/\/expressometro.mx\/#organization"},"image":{"@id":"https:\/\/expressometro.mx\/index.php\/2022\/04\/18\/senalan-importancia-de-la-perspectiva-de-genero-en-la-administracion-publica\/#primaryimage"},"thumbnailUrl":"https:\/\/expressometro.mx\/wp-content\/uploads\/2022\/04\/WhatsApp-Image-2022-04-18-at-11.10.38-PM.jpeg","keywords":["Alfredo del Mazo","Secretar\u00eda de la Mujer"],"articleSection":["Gobierno","Pol\u00edtica"],"inLanguage":"es","potentialAction":[{"@type":"CommentAction","name":"Comment","target":["https:\/\/expressometro.mx\/index.php\/2022\/04\/18\/senalan-importancia-de-la-perspectiva-de-genero-en-la-administracion-publica\/#respond"]}]},{"@type":"WebPage","@id":"https:\/\/expressometro.mx\/index.php\/2022\/04\/18\/senalan-importancia-de-la-perspectiva-de-genero-en-la-administracion-publica\/","url":"https:\/\/expressometro.mx\/index.php\/2022\/04\/18\/senalan-importancia-de-la-perspectiva-de-genero-en-la-administracion-publica\/","name":"SE\u00d1ALAN IMPORTANCIA DE LA PERSPECTIVA DE G\u00c9NERO EN LA ADMINISTRACI\u00d3N P\u00daBLICA - Expresso Metropolitano","isPartOf":{"@id":"https:\/\/expressometro.mx\/#website"},"primaryImageOfPage":{"@id":"https:\/\/expressometro.mx\/index.php\/2022\/04\/18\/senalan-importancia-de-la-perspectiva-de-genero-en-la-administracion-publica\/#primaryimage"},"image":{"@id":"https:\/\/expressometro.mx\/index.php\/2022\/04\/18\/senalan-importancia-de-la-perspectiva-de-genero-en-la-administracion-publica\/#primaryimage"},"thumbnailUrl":"https:\/\/expressometro.mx\/wp-content\/uploads\/2022\/04\/WhatsApp-Image-2022-04-18-at-11.10.38-PM.jpeg","datePublished":"2022-04-18T14:20:00+00:00","dateModified":"2022-04-19T14:35:03+00:00","breadcrumb":{"@id":"https:\/\/expressometro.mx\/index.php\/2022\/04\/18\/senalan-importancia-de-la-perspectiva-de-genero-en-la-administracion-publica\/#breadcrumb"},"inLanguage":"es","potentialAction":[{"@type":"ReadAction","target":["https:\/\/expressometro.mx\/index.php\/2022\/04\/18\/senalan-importancia-de-la-perspectiva-de-genero-en-la-administracion-publica\/"]}]},{"@type":"ImageObject","inLanguage":"es","@id":"https:\/\/expressometro.mx\/index.php\/2022\/04\/18\/senalan-importancia-de-la-perspectiva-de-genero-en-la-administracion-publica\/#primaryimage","url":"https:\/\/expressometro.mx\/wp-content\/uploads\/2022\/04\/WhatsApp-Image-2022-04-18-at-11.10.38-PM.jpeg","contentUrl":"https:\/\/expressometro.mx\/wp-content\/uploads\/2022\/04\/WhatsApp-Image-2022-04-18-at-11.10.38-PM.jpeg","width":1280,"height":850},{"@type":"BreadcrumbList","@id":"https:\/\/expressometro.mx\/index.php\/2022\/04\/18\/senalan-importancia-de-la-perspectiva-de-genero-en-la-administracion-publica\/#breadcrumb","itemListElement":[{"@type":"ListItem","position":1,"name":"Inicio","item":"https:\/\/expressometro.mx\/"},{"@type":"ListItem","position":2,"name":"SE\u00d1ALAN IMPORTANCIA DE LA PERSPECTIVA DE G\u00c9NERO EN LA ADMINISTRACI\u00d3N P\u00daBLICA"}]},{"@type":"WebSite","@id":"https:\/\/expressometro.mx\/#website","url":"https:\/\/expressometro.mx\/","name":"Expresso Metropolitano","description":"Periodismo comprometido, informaci\u00f3n, investigaci\u00f3n y an\u00e1lisis","publisher":{"@id":"https:\/\/expressometro.mx\/#organization"},"potentialAction":[{"@type":"SearchAction","target":{"@type":"EntryPoint","urlTemplate":"https:\/\/expressometro.mx\/?s={search_term_string}"},"query-input":{"@type":"PropertyValueSpecification","valueRequired":true,"valueName":"search_term_string"}}],"inLanguage":"es"},{"@type":"Organization","@id":"https:\/\/expressometro.mx\/#organization","name":"Expresso Metropolitano","url":"https:\/\/expressometro.mx\/","logo":{"@type":"ImageObject","inLanguage":"es","@id":"https:\/\/expressometro.mx\/#\/schema\/logo\/image\/","url":"https:\/\/expressometro.mx\/wp-content\/uploads\/2019\/07\/cropped-Logo-Expresso-Metropolitano-1-1.jpeg","contentUrl":"https:\/\/expressometro.mx\/wp-content\/uploads\/2019\/07\/cropped-Logo-Expresso-Metropolitano-1-1.jpeg","width":290,"height":73,"caption":"Expresso Metropolitano"},"image":{"@id":"https:\/\/expressometro.mx\/#\/schema\/logo\/image\/"}},{"@type":"Person","@id":"https:\/\/expressometro.mx\/#\/schema\/person\/67a95b8e3862085c7598f66237488f1f","name":"Cecilia Vega","image":{"@type":"ImageObject","inLanguage":"es","@id":"https:\/\/secure.gravatar.com\/avatar\/13aae9944ab2ee472a9e407c9487fdbd03b049abaa559af32fe5dbcf615c981b?s=96&d=mm&r=g","url":"https:\/\/secure.gravatar.com\/avatar\/13aae9944ab2ee472a9e407c9487fdbd03b049abaa559af32fe5dbcf615c981b?s=96&d=mm&r=g","contentUrl":"https:\/\/secure.gravatar.com\/avatar\/13aae9944ab2ee472a9e407c9487fdbd03b049abaa559af32fe5dbcf615c981b?s=96&d=mm&r=g","caption":"Cecilia Vega"},"url":"https:\/\/expressometro.mx\/index.php\/author\/cecilia-vega\/"}]}},"amp_enabled":true,"_links":{"self":[{"href":"https:\/\/expressometro.mx\/index.php\/wp-json\/wp\/v2\/posts\/5496","targetHints":{"allow":["GET"]}}],"collection":[{"href":"https:\/\/expressometro.mx\/index.php\/wp-json\/wp\/v2\/posts"}],"about":[{"href":"https:\/\/expressometro.mx\/index.php\/wp-json\/wp\/v2\/types\/post"}],"author":[{"embeddable":true,"href":"https:\/\/expressometro.mx\/index.php\/wp-json\/wp\/v2\/users\/2"}],"replies":[{"embeddable":true,"href":"https:\/\/expressometro.mx\/index.php\/wp-json\/wp\/v2\/comments?post=5496"}],"version-history":[{"count":1,"href":"https:\/\/expressometro.mx\/index.php\/wp-json\/wp\/v2\/posts\/5496\/revisions"}],"predecessor-version":[{"id":5499,"href":"https:\/\/expressometro.mx\/index.php\/wp-json\/wp\/v2\/posts\/5496\/revisions\/5499"}],"wp:featuredmedia":[{"embeddable":true,"href":"https:\/\/expressometro.mx\/index.php\/wp-json\/wp\/v2\/media\/5498"}],"wp:attachment":[{"href":"https:\/\/expressometro.mx\/index.php\/wp-json\/wp\/v2\/media?parent=5496"}],"wp:term":[{"taxonomy":"category","embeddable":true,"href":"https:\/\/expressometro.mx\/index.php\/wp-json\/wp\/v2\/categories?post=5496"},{"taxonomy":"post_tag","embeddable":true,"href":"https:\/\/expressometro.mx\/index.php\/wp-json\/wp\/v2\/tags?post=5496"}],"curies":[{"name":"wp","href":"https:\/\/api.w.org\/{rel}","templated":true}]}}