{"id":5482,"date":"2022-04-16T19:51:25","date_gmt":"2022-04-17T00:51:25","guid":{"rendered":"https:\/\/expressometro.mx\/?p=5482"},"modified":"2022-04-16T19:51:26","modified_gmt":"2022-04-17T00:51:26","slug":"capturan-a-presuntos-involucrados-en-multihomicidio-de-tultepec","status":"publish","type":"post","link":"https:\/\/expressometro.mx\/index.php\/2022\/04\/16\/capturan-a-presuntos-involucrados-en-multihomicidio-de-tultepec\/","title":{"rendered":"CAPTURAN A PRESUNTOS INVOLUCRADOS EN MULTIHOMICIDIO DE TULTEPEC"},"content":{"rendered":"\n<p>\u2022 Uno de los detenidos cuenta con 2 \u00f3rdenes de aprehensi\u00f3n por el hecho delictivo de homicidio y est\u00e1 relacionado con un grupo delincuencial.<\/p>\n\n\n\n<p>A trav\u00e9s de diversas acciones operativas realizadas por elementos de la Fiscal\u00eda General de Justicia del Estado de M\u00e9xico (FGJEM), se logr\u00f3 la detenci\u00f3n en flagrancia de 8 personas, al ser probable que hayan participado en el hecho que la ley se\u00f1ala como delitos contra la salud, esto en el municipio de Villa del Carb\u00f3n; entre las personas que fueron aseguradas, se encuentra Ricky \u00c1ngel \u201cN\u201d, presunto l\u00edder del grupo criminal autodenominado \u201clos rikis\u201d.<\/p>\n\n\n\n<p>Lo anterior se logr\u00f3 derivado de las investigaciones realizadas para el esclarecimiento del homicidio m\u00faltiple ocurrido el 10 de abril en el municipio de Tultepec, ya que la FGJEM implement\u00f3 un plan de acci\u00f3n y despliegue operativo con 200 elementos en diversos municipios de la Entidad, con base a la hip\u00f3tesis de que este hecho delictivo est\u00e1 relacionado con presunto narcomenudeo.<\/p>\n\n\n\n<p>Derivado de dichos trabajos de campo y gabinete, elementos de la Polic\u00eda de Investigaci\u00f3n (PDI) de esta Instituci\u00f3n, ubicaron en el \u00e1rea de estacionamiento de un restaurante que se localiza en la laguna Taxhimay, en el municipio de Villa del Carb\u00f3n, a una persona que portaba un arma de fuego, quien al notar la presencia de los agentes intent\u00f3 huir a bordo de un veh\u00edculo.<\/p>\n\n\n\n<p>Tras desarrollar las tareas correspondientes, se logr\u00f3 el aseguramiento de Ricky \u00c1ngel \u201cN\u201d, quien portaba una pistola calibre .380, con cargador y 3 cartuchos \u00fatiles, as\u00ed como diversos envoltorios que conten\u00edan sustancia granulada con las caracter\u00edsticas propias de la metanfetamina y hierba color verde, al parecer marihuana.<\/p>\n\n\n\n<p>Durante las diligencias realizadas, se estableci\u00f3 que el investigado presuntamente dirige un grupo delictivo dedicado al narcomenudeo, homicidio y robo con violencia en los municipios de Tultepec, Tultitl\u00e1n, Melchor Ocampo y Cuautitl\u00e1n; asimismo, Ricky \u00c1ngel \u201cN\u201d se encuentra relacionado con dos homicidios m\u00e1s; por lo que cuenta con 2 mandatos judiciales emitidos en su contra durante el 2021.<\/p>\n\n\n\n<p>De los datos de prueba recabados en la investigaci\u00f3n del m\u00faltiple homicidio acaecido en un inmueble ubicado en la colonia La Ca\u00f1ada, en el municipio de Tultitl\u00e1n, se logr\u00f3 establecer la probable participaci\u00f3n de Ricky \u00c1ngel \u201cN\u201d, ya que \u00e9ste fue quien posiblemente dio la orden de privar de la vida a una de las v\u00edctimas.<\/p>\n\n\n\n<p>Asimismo, se realiz\u00f3 la detenci\u00f3n de V\u00edctor Manuel \u201cN\u201d, Juan Jes\u00fas o Juan Jos\u00e9 \u201cN\u201d, Jos\u00e9 Luis \u201cN\u201d, Jorge Antonio \u201cN\u201d y Neri Dayami \u201cN\u201d y dos menores de edad, ten\u00edan en su poder envoltorios que conten\u00edan hierba color verde, con las caracter\u00edsticas de la marihuana; por lo que tambi\u00e9n fueron puestos a disposici\u00f3n del Agente de Ministerio P\u00fablico correspondiente, a fin de que se determine su situaci\u00f3n jur\u00eddica.<\/p>\n\n\n\n<p>Por otra parte, el 12 de abril y del resultado de diversa acci\u00f3n operativa, elementos de la FGJEM realizaron la detenci\u00f3n de Jonathan Iv\u00e1n \u201cN\u201d alias \u201cel g\u00fcero Simpson\u201d, quien presuntamente era uno de los principales operadores del mismo grupo criminal investigado.<\/p>\n\n\n\n<p>La Fiscal\u00eda General de Justicia Estatal hace un llamado a la ciudadan\u00eda para que en caso de que reconozca a los investigados como probables part\u00edcipes de alg\u00fan otro il\u00edcito, sea denunciado a trav\u00e9s del correo electr\u00f3nico cerotolerancia@edomex.gob.mx<a href=\"mailto:cerotolerancia@edomex.gob.mx\">cerotolerancia@edomex.gob.mx<\/a>, al n\u00famero telef\u00f3nico 800 7028770, o bien, por medio de la aplicaci\u00f3n FGJEdomex, la cual est\u00e1 disponible de manera gratuita para todos los tel\u00e9fonos inteligentes de los sistemas iOS y Android.<\/p>\n","protected":false},"excerpt":{"rendered":"<p>\u2022 Uno de los detenidos cuenta con 2 \u00f3rdenes de aprehensi\u00f3n por el hecho delictivo de homicidio y est\u00e1 relacionado con un grupo delincuencial.<\/p>\n","protected":false},"author":2,"featured_media":5484,"comment_status":"open","ping_status":"open","sticky":false,"template":"","format":"standard","meta":{"footnotes":""},"categories":[6],"tags":[1590,1578,174],"class_list":["post-5482","post","type-post","status-publish","format-standard","has-post-thumbnail","hentry","category-seguridad","tag-homicidio","tag-tultepec","tag-villa-del-carbon"],"yoast_head":"<!-- This site is optimized with the Yoast SEO plugin v27.5 - https:\/\/yoast.com\/product\/yoast-seo-wordpress\/ -->\n<title>CAPTURAN A PRESUNTOS INVOLUCRADOS EN MULTIHOMICIDIO DE TULTEPEC - Expresso Metropolitano<\/title>\n<meta name=\"robots\" content=\"index, follow, max-snippet:-1, max-image-preview:large, max-video-preview:-1\" \/>\n<link rel=\"canonical\" href=\"https:\/\/expressometro.mx\/index.php\/2022\/04\/16\/capturan-a-presuntos-involucrados-en-multihomicidio-de-tultepec\/\" \/>\n<meta property=\"og:locale\" content=\"es_MX\" \/>\n<meta property=\"og:type\" content=\"article\" \/>\n<meta property=\"og:title\" content=\"CAPTURAN A PRESUNTOS INVOLUCRADOS EN MULTIHOMICIDIO DE TULTEPEC - Expresso Metropolitano\" \/>\n<meta property=\"og:description\" content=\"\u2022 Uno de los detenidos cuenta con 2 \u00f3rdenes de aprehensi\u00f3n por el hecho delictivo de homicidio y est\u00e1 relacionado con un grupo delincuencial.\" \/>\n<meta property=\"og:url\" content=\"https:\/\/expressometro.mx\/index.php\/2022\/04\/16\/capturan-a-presuntos-involucrados-en-multihomicidio-de-tultepec\/\" \/>\n<meta property=\"og:site_name\" content=\"Expresso Metropolitano\" \/>\n<meta property=\"article:published_time\" content=\"2022-04-17T00:51:25+00:00\" \/>\n<meta property=\"article:modified_time\" content=\"2022-04-17T00:51:26+00:00\" \/>\n<meta property=\"og:image\" content=\"http:\/\/expressometro.mx\/wp-content\/uploads\/2022\/04\/WhatsApp-Image-2022-04-16-at-7.43.06-PM.jpeg\" \/>\n\t<meta property=\"og:image:width\" content=\"1024\" \/>\n\t<meta property=\"og:image:height\" content=\"683\" \/>\n\t<meta property=\"og:image:type\" content=\"image\/jpeg\" \/>\n<meta name=\"author\" content=\"Cecilia Vega\" \/>\n<meta name=\"twitter:label1\" content=\"Escrito por\" \/>\n\t<meta name=\"twitter:data1\" content=\"Cecilia Vega\" \/>\n\t<meta name=\"twitter:label2\" content=\"Tiempo de lectura\" \/>\n\t<meta name=\"twitter:data2\" content=\"3 minutos\" \/>\n<script type=\"application\/ld+json\" class=\"yoast-schema-graph\">{\"@context\":\"https:\\\/\\\/schema.org\",\"@graph\":[{\"@type\":\"Article\",\"@id\":\"https:\\\/\\\/expressometro.mx\\\/index.php\\\/2022\\\/04\\\/16\\\/capturan-a-presuntos-involucrados-en-multihomicidio-de-tultepec\\\/#article\",\"isPartOf\":{\"@id\":\"https:\\\/\\\/expressometro.mx\\\/index.php\\\/2022\\\/04\\\/16\\\/capturan-a-presuntos-involucrados-en-multihomicidio-de-tultepec\\\/\"},\"author\":{\"name\":\"Cecilia Vega\",\"@id\":\"https:\\\/\\\/expressometro.mx\\\/#\\\/schema\\\/person\\\/67a95b8e3862085c7598f66237488f1f\"},\"headline\":\"CAPTURAN A PRESUNTOS INVOLUCRADOS EN MULTIHOMICIDIO DE TULTEPEC\",\"datePublished\":\"2022-04-17T00:51:25+00:00\",\"dateModified\":\"2022-04-17T00:51:26+00:00\",\"mainEntityOfPage\":{\"@id\":\"https:\\\/\\\/expressometro.mx\\\/index.php\\\/2022\\\/04\\\/16\\\/capturan-a-presuntos-involucrados-en-multihomicidio-de-tultepec\\\/\"},\"wordCount\":619,\"commentCount\":0,\"publisher\":{\"@id\":\"https:\\\/\\\/expressometro.mx\\\/#organization\"},\"image\":{\"@id\":\"https:\\\/\\\/expressometro.mx\\\/index.php\\\/2022\\\/04\\\/16\\\/capturan-a-presuntos-involucrados-en-multihomicidio-de-tultepec\\\/#primaryimage\"},\"thumbnailUrl\":\"https:\\\/\\\/expressometro.mx\\\/wp-content\\\/uploads\\\/2022\\\/04\\\/WhatsApp-Image-2022-04-16-at-7.43.06-PM.jpeg\",\"keywords\":[\"Homicidio\",\"Tultepec\",\"Villa del Carb\u00f3n\"],\"articleSection\":[\"Seguridad\"],\"inLanguage\":\"es\",\"potentialAction\":[{\"@type\":\"CommentAction\",\"name\":\"Comment\",\"target\":[\"https:\\\/\\\/expressometro.mx\\\/index.php\\\/2022\\\/04\\\/16\\\/capturan-a-presuntos-involucrados-en-multihomicidio-de-tultepec\\\/#respond\"]}]},{\"@type\":\"WebPage\",\"@id\":\"https:\\\/\\\/expressometro.mx\\\/index.php\\\/2022\\\/04\\\/16\\\/capturan-a-presuntos-involucrados-en-multihomicidio-de-tultepec\\\/\",\"url\":\"https:\\\/\\\/expressometro.mx\\\/index.php\\\/2022\\\/04\\\/16\\\/capturan-a-presuntos-involucrados-en-multihomicidio-de-tultepec\\\/\",\"name\":\"CAPTURAN A PRESUNTOS INVOLUCRADOS EN MULTIHOMICIDIO DE TULTEPEC - Expresso Metropolitano\",\"isPartOf\":{\"@id\":\"https:\\\/\\\/expressometro.mx\\\/#website\"},\"primaryImageOfPage\":{\"@id\":\"https:\\\/\\\/expressometro.mx\\\/index.php\\\/2022\\\/04\\\/16\\\/capturan-a-presuntos-involucrados-en-multihomicidio-de-tultepec\\\/#primaryimage\"},\"image\":{\"@id\":\"https:\\\/\\\/expressometro.mx\\\/index.php\\\/2022\\\/04\\\/16\\\/capturan-a-presuntos-involucrados-en-multihomicidio-de-tultepec\\\/#primaryimage\"},\"thumbnailUrl\":\"https:\\\/\\\/expressometro.mx\\\/wp-content\\\/uploads\\\/2022\\\/04\\\/WhatsApp-Image-2022-04-16-at-7.43.06-PM.jpeg\",\"datePublished\":\"2022-04-17T00:51:25+00:00\",\"dateModified\":\"2022-04-17T00:51:26+00:00\",\"breadcrumb\":{\"@id\":\"https:\\\/\\\/expressometro.mx\\\/index.php\\\/2022\\\/04\\\/16\\\/capturan-a-presuntos-involucrados-en-multihomicidio-de-tultepec\\\/#breadcrumb\"},\"inLanguage\":\"es\",\"potentialAction\":[{\"@type\":\"ReadAction\",\"target\":[\"https:\\\/\\\/expressometro.mx\\\/index.php\\\/2022\\\/04\\\/16\\\/capturan-a-presuntos-involucrados-en-multihomicidio-de-tultepec\\\/\"]}]},{\"@type\":\"ImageObject\",\"inLanguage\":\"es\",\"@id\":\"https:\\\/\\\/expressometro.mx\\\/index.php\\\/2022\\\/04\\\/16\\\/capturan-a-presuntos-involucrados-en-multihomicidio-de-tultepec\\\/#primaryimage\",\"url\":\"https:\\\/\\\/expressometro.mx\\\/wp-content\\\/uploads\\\/2022\\\/04\\\/WhatsApp-Image-2022-04-16-at-7.43.06-PM.jpeg\",\"contentUrl\":\"https:\\\/\\\/expressometro.mx\\\/wp-content\\\/uploads\\\/2022\\\/04\\\/WhatsApp-Image-2022-04-16-at-7.43.06-PM.jpeg\",\"width\":1024,\"height\":683},{\"@type\":\"BreadcrumbList\",\"@id\":\"https:\\\/\\\/expressometro.mx\\\/index.php\\\/2022\\\/04\\\/16\\\/capturan-a-presuntos-involucrados-en-multihomicidio-de-tultepec\\\/#breadcrumb\",\"itemListElement\":[{\"@type\":\"ListItem\",\"position\":1,\"name\":\"Inicio\",\"item\":\"https:\\\/\\\/expressometro.mx\\\/\"},{\"@type\":\"ListItem\",\"position\":2,\"name\":\"CAPTURAN A PRESUNTOS INVOLUCRADOS EN MULTIHOMICIDIO DE TULTEPEC\"}]},{\"@type\":\"WebSite\",\"@id\":\"https:\\\/\\\/expressometro.mx\\\/#website\",\"url\":\"https:\\\/\\\/expressometro.mx\\\/\",\"name\":\"Expresso Metropolitano\",\"description\":\"Periodismo comprometido, informaci\u00f3n, investigaci\u00f3n y an\u00e1lisis\",\"publisher\":{\"@id\":\"https:\\\/\\\/expressometro.mx\\\/#organization\"},\"potentialAction\":[{\"@type\":\"SearchAction\",\"target\":{\"@type\":\"EntryPoint\",\"urlTemplate\":\"https:\\\/\\\/expressometro.mx\\\/?s={search_term_string}\"},\"query-input\":{\"@type\":\"PropertyValueSpecification\",\"valueRequired\":true,\"valueName\":\"search_term_string\"}}],\"inLanguage\":\"es\"},{\"@type\":\"Organization\",\"@id\":\"https:\\\/\\\/expressometro.mx\\\/#organization\",\"name\":\"Expresso Metropolitano\",\"url\":\"https:\\\/\\\/expressometro.mx\\\/\",\"logo\":{\"@type\":\"ImageObject\",\"inLanguage\":\"es\",\"@id\":\"https:\\\/\\\/expressometro.mx\\\/#\\\/schema\\\/logo\\\/image\\\/\",\"url\":\"https:\\\/\\\/expressometro.mx\\\/wp-content\\\/uploads\\\/2019\\\/07\\\/cropped-Logo-Expresso-Metropolitano-1-1.jpeg\",\"contentUrl\":\"https:\\\/\\\/expressometro.mx\\\/wp-content\\\/uploads\\\/2019\\\/07\\\/cropped-Logo-Expresso-Metropolitano-1-1.jpeg\",\"width\":290,\"height\":73,\"caption\":\"Expresso Metropolitano\"},\"image\":{\"@id\":\"https:\\\/\\\/expressometro.mx\\\/#\\\/schema\\\/logo\\\/image\\\/\"}},{\"@type\":\"Person\",\"@id\":\"https:\\\/\\\/expressometro.mx\\\/#\\\/schema\\\/person\\\/67a95b8e3862085c7598f66237488f1f\",\"name\":\"Cecilia Vega\",\"image\":{\"@type\":\"ImageObject\",\"inLanguage\":\"es\",\"@id\":\"https:\\\/\\\/secure.gravatar.com\\\/avatar\\\/13aae9944ab2ee472a9e407c9487fdbd03b049abaa559af32fe5dbcf615c981b?s=96&d=mm&r=g\",\"url\":\"https:\\\/\\\/secure.gravatar.com\\\/avatar\\\/13aae9944ab2ee472a9e407c9487fdbd03b049abaa559af32fe5dbcf615c981b?s=96&d=mm&r=g\",\"contentUrl\":\"https:\\\/\\\/secure.gravatar.com\\\/avatar\\\/13aae9944ab2ee472a9e407c9487fdbd03b049abaa559af32fe5dbcf615c981b?s=96&d=mm&r=g\",\"caption\":\"Cecilia Vega\"},\"url\":\"https:\\\/\\\/expressometro.mx\\\/index.php\\\/author\\\/cecilia-vega\\\/\"}]}<\/script>\n<!-- \/ Yoast SEO plugin. -->","yoast_head_json":{"title":"CAPTURAN A PRESUNTOS INVOLUCRADOS EN MULTIHOMICIDIO DE TULTEPEC - Expresso Metropolitano","robots":{"index":"index","follow":"follow","max-snippet":"max-snippet:-1","max-image-preview":"max-image-preview:large","max-video-preview":"max-video-preview:-1"},"canonical":"https:\/\/expressometro.mx\/index.php\/2022\/04\/16\/capturan-a-presuntos-involucrados-en-multihomicidio-de-tultepec\/","og_locale":"es_MX","og_type":"article","og_title":"CAPTURAN A PRESUNTOS INVOLUCRADOS EN MULTIHOMICIDIO DE TULTEPEC - Expresso Metropolitano","og_description":"\u2022 Uno de los detenidos cuenta con 2 \u00f3rdenes de aprehensi\u00f3n por el hecho delictivo de homicidio y est\u00e1 relacionado con un grupo delincuencial.","og_url":"https:\/\/expressometro.mx\/index.php\/2022\/04\/16\/capturan-a-presuntos-involucrados-en-multihomicidio-de-tultepec\/","og_site_name":"Expresso Metropolitano","article_published_time":"2022-04-17T00:51:25+00:00","article_modified_time":"2022-04-17T00:51:26+00:00","og_image":[{"width":1024,"height":683,"url":"http:\/\/expressometro.mx\/wp-content\/uploads\/2022\/04\/WhatsApp-Image-2022-04-16-at-7.43.06-PM.jpeg","type":"image\/jpeg"}],"author":"Cecilia Vega","twitter_misc":{"Escrito por":"Cecilia Vega","Tiempo de lectura":"3 minutos"},"schema":{"@context":"https:\/\/schema.org","@graph":[{"@type":"Article","@id":"https:\/\/expressometro.mx\/index.php\/2022\/04\/16\/capturan-a-presuntos-involucrados-en-multihomicidio-de-tultepec\/#article","isPartOf":{"@id":"https:\/\/expressometro.mx\/index.php\/2022\/04\/16\/capturan-a-presuntos-involucrados-en-multihomicidio-de-tultepec\/"},"author":{"name":"Cecilia Vega","@id":"https:\/\/expressometro.mx\/#\/schema\/person\/67a95b8e3862085c7598f66237488f1f"},"headline":"CAPTURAN A PRESUNTOS INVOLUCRADOS EN MULTIHOMICIDIO DE TULTEPEC","datePublished":"2022-04-17T00:51:25+00:00","dateModified":"2022-04-17T00:51:26+00:00","mainEntityOfPage":{"@id":"https:\/\/expressometro.mx\/index.php\/2022\/04\/16\/capturan-a-presuntos-involucrados-en-multihomicidio-de-tultepec\/"},"wordCount":619,"commentCount":0,"publisher":{"@id":"https:\/\/expressometro.mx\/#organization"},"image":{"@id":"https:\/\/expressometro.mx\/index.php\/2022\/04\/16\/capturan-a-presuntos-involucrados-en-multihomicidio-de-tultepec\/#primaryimage"},"thumbnailUrl":"https:\/\/expressometro.mx\/wp-content\/uploads\/2022\/04\/WhatsApp-Image-2022-04-16-at-7.43.06-PM.jpeg","keywords":["Homicidio","Tultepec","Villa del Carb\u00f3n"],"articleSection":["Seguridad"],"inLanguage":"es","potentialAction":[{"@type":"CommentAction","name":"Comment","target":["https:\/\/expressometro.mx\/index.php\/2022\/04\/16\/capturan-a-presuntos-involucrados-en-multihomicidio-de-tultepec\/#respond"]}]},{"@type":"WebPage","@id":"https:\/\/expressometro.mx\/index.php\/2022\/04\/16\/capturan-a-presuntos-involucrados-en-multihomicidio-de-tultepec\/","url":"https:\/\/expressometro.mx\/index.php\/2022\/04\/16\/capturan-a-presuntos-involucrados-en-multihomicidio-de-tultepec\/","name":"CAPTURAN A PRESUNTOS INVOLUCRADOS EN MULTIHOMICIDIO DE TULTEPEC - Expresso Metropolitano","isPartOf":{"@id":"https:\/\/expressometro.mx\/#website"},"primaryImageOfPage":{"@id":"https:\/\/expressometro.mx\/index.php\/2022\/04\/16\/capturan-a-presuntos-involucrados-en-multihomicidio-de-tultepec\/#primaryimage"},"image":{"@id":"https:\/\/expressometro.mx\/index.php\/2022\/04\/16\/capturan-a-presuntos-involucrados-en-multihomicidio-de-tultepec\/#primaryimage"},"thumbnailUrl":"https:\/\/expressometro.mx\/wp-content\/uploads\/2022\/04\/WhatsApp-Image-2022-04-16-at-7.43.06-PM.jpeg","datePublished":"2022-04-17T00:51:25+00:00","dateModified":"2022-04-17T00:51:26+00:00","breadcrumb":{"@id":"https:\/\/expressometro.mx\/index.php\/2022\/04\/16\/capturan-a-presuntos-involucrados-en-multihomicidio-de-tultepec\/#breadcrumb"},"inLanguage":"es","potentialAction":[{"@type":"ReadAction","target":["https:\/\/expressometro.mx\/index.php\/2022\/04\/16\/capturan-a-presuntos-involucrados-en-multihomicidio-de-tultepec\/"]}]},{"@type":"ImageObject","inLanguage":"es","@id":"https:\/\/expressometro.mx\/index.php\/2022\/04\/16\/capturan-a-presuntos-involucrados-en-multihomicidio-de-tultepec\/#primaryimage","url":"https:\/\/expressometro.mx\/wp-content\/uploads\/2022\/04\/WhatsApp-Image-2022-04-16-at-7.43.06-PM.jpeg","contentUrl":"https:\/\/expressometro.mx\/wp-content\/uploads\/2022\/04\/WhatsApp-Image-2022-04-16-at-7.43.06-PM.jpeg","width":1024,"height":683},{"@type":"BreadcrumbList","@id":"https:\/\/expressometro.mx\/index.php\/2022\/04\/16\/capturan-a-presuntos-involucrados-en-multihomicidio-de-tultepec\/#breadcrumb","itemListElement":[{"@type":"ListItem","position":1,"name":"Inicio","item":"https:\/\/expressometro.mx\/"},{"@type":"ListItem","position":2,"name":"CAPTURAN A PRESUNTOS INVOLUCRADOS EN MULTIHOMICIDIO DE TULTEPEC"}]},{"@type":"WebSite","@id":"https:\/\/expressometro.mx\/#website","url":"https:\/\/expressometro.mx\/","name":"Expresso Metropolitano","description":"Periodismo comprometido, informaci\u00f3n, investigaci\u00f3n y an\u00e1lisis","publisher":{"@id":"https:\/\/expressometro.mx\/#organization"},"potentialAction":[{"@type":"SearchAction","target":{"@type":"EntryPoint","urlTemplate":"https:\/\/expressometro.mx\/?s={search_term_string}"},"query-input":{"@type":"PropertyValueSpecification","valueRequired":true,"valueName":"search_term_string"}}],"inLanguage":"es"},{"@type":"Organization","@id":"https:\/\/expressometro.mx\/#organization","name":"Expresso Metropolitano","url":"https:\/\/expressometro.mx\/","logo":{"@type":"ImageObject","inLanguage":"es","@id":"https:\/\/expressometro.mx\/#\/schema\/logo\/image\/","url":"https:\/\/expressometro.mx\/wp-content\/uploads\/2019\/07\/cropped-Logo-Expresso-Metropolitano-1-1.jpeg","contentUrl":"https:\/\/expressometro.mx\/wp-content\/uploads\/2019\/07\/cropped-Logo-Expresso-Metropolitano-1-1.jpeg","width":290,"height":73,"caption":"Expresso Metropolitano"},"image":{"@id":"https:\/\/expressometro.mx\/#\/schema\/logo\/image\/"}},{"@type":"Person","@id":"https:\/\/expressometro.mx\/#\/schema\/person\/67a95b8e3862085c7598f66237488f1f","name":"Cecilia Vega","image":{"@type":"ImageObject","inLanguage":"es","@id":"https:\/\/secure.gravatar.com\/avatar\/13aae9944ab2ee472a9e407c9487fdbd03b049abaa559af32fe5dbcf615c981b?s=96&d=mm&r=g","url":"https:\/\/secure.gravatar.com\/avatar\/13aae9944ab2ee472a9e407c9487fdbd03b049abaa559af32fe5dbcf615c981b?s=96&d=mm&r=g","contentUrl":"https:\/\/secure.gravatar.com\/avatar\/13aae9944ab2ee472a9e407c9487fdbd03b049abaa559af32fe5dbcf615c981b?s=96&d=mm&r=g","caption":"Cecilia Vega"},"url":"https:\/\/expressometro.mx\/index.php\/author\/cecilia-vega\/"}]}},"amp_enabled":true,"_links":{"self":[{"href":"https:\/\/expressometro.mx\/index.php\/wp-json\/wp\/v2\/posts\/5482","targetHints":{"allow":["GET"]}}],"collection":[{"href":"https:\/\/expressometro.mx\/index.php\/wp-json\/wp\/v2\/posts"}],"about":[{"href":"https:\/\/expressometro.mx\/index.php\/wp-json\/wp\/v2\/types\/post"}],"author":[{"embeddable":true,"href":"https:\/\/expressometro.mx\/index.php\/wp-json\/wp\/v2\/users\/2"}],"replies":[{"embeddable":true,"href":"https:\/\/expressometro.mx\/index.php\/wp-json\/wp\/v2\/comments?post=5482"}],"version-history":[{"count":1,"href":"https:\/\/expressometro.mx\/index.php\/wp-json\/wp\/v2\/posts\/5482\/revisions"}],"predecessor-version":[{"id":5485,"href":"https:\/\/expressometro.mx\/index.php\/wp-json\/wp\/v2\/posts\/5482\/revisions\/5485"}],"wp:featuredmedia":[{"embeddable":true,"href":"https:\/\/expressometro.mx\/index.php\/wp-json\/wp\/v2\/media\/5484"}],"wp:attachment":[{"href":"https:\/\/expressometro.mx\/index.php\/wp-json\/wp\/v2\/media?parent=5482"}],"wp:term":[{"taxonomy":"category","embeddable":true,"href":"https:\/\/expressometro.mx\/index.php\/wp-json\/wp\/v2\/categories?post=5482"},{"taxonomy":"post_tag","embeddable":true,"href":"https:\/\/expressometro.mx\/index.php\/wp-json\/wp\/v2\/tags?post=5482"}],"curies":[{"name":"wp","href":"https:\/\/api.w.org\/{rel}","templated":true}]}}