{"id":5471,"date":"2022-04-12T12:17:34","date_gmt":"2022-04-12T17:17:34","guid":{"rendered":"https:\/\/expressometro.mx\/?p=5471"},"modified":"2022-04-12T12:17:34","modified_gmt":"2022-04-12T17:17:34","slug":"en-san-mateo-atenco-se-trabaja-con-vision-de-futuro-ana-muniz-neyra","status":"publish","type":"post","link":"https:\/\/expressometro.mx\/index.php\/2022\/04\/12\/en-san-mateo-atenco-se-trabaja-con-vision-de-futuro-ana-muniz-neyra\/","title":{"rendered":"En San Mateo Atenco se trabaja con visi\u00f3n de futuro: Ana Mu\u00f1iz Neyra"},"content":{"rendered":"\n<p>\u2022 La alcaldesa difunde mensaje a cien d\u00edas de iniciada la administraci\u00f3n municipal, destacando acciones para el desarrollo equitativo de las familias atenquenses.<\/p>\n\n\n\n<p>\u201cEstamos caminando de la mano con todas y todos para que nadie se quede atr\u00e1s y trabajamos con visi\u00f3n de futuro, reconociendo el importante papel que San Mateo Atenco tiene en el desarrollo metropolitano del Valle de Toluca\u201d, afirm\u00f3 la presidenta municipal Ana Mu\u00f1iz Neyra en un mensaje dado a conocer en redes sociales con motivo de los cien d\u00edas de la Administraci\u00f3n 2022-2024.<\/p>\n\n\n\n<p>Agreg\u00f3 que se ha trabajado consistentemente para actualizar el marco legal, administrativo y estrat\u00e9gico que gu\u00eda al gobierno municipal, como fue la reestructuraci\u00f3n de la administraci\u00f3n, la aprobaci\u00f3n del presupuesto, la elaboraci\u00f3n del Bando de Polic\u00eda y Gobierno y el Plan de Desarrollo Municipal 2022-2024, adem\u00e1s de la integraci\u00f3n de comit\u00e9s y comisiones especializadas.<\/p>\n\n\n\n<p>Ana Mu\u00f1iz se\u00f1al\u00f3 que San Mateo Atenco tiene un \u201cgobierno social y familiarmente responsable, es el Gobierno del S\u00ed porque nuestro compromiso es hacer que las cosas sucedan y servir con amabilidad, eficiencia, transparencia y calidad\u201d, en beneficio de las familias atenquenses.<\/p>\n\n\n\n<p>Explica que la esencia del trabajo que encabeza busca un San Mateo Atenco justo, incluyente y solidario; fuerte y exitoso; limpio, ordenado y sustentable, en el que las familias atenquenses encuentren el apoyo que necesitan para lograr su bienestar y prosperidad.<\/p>\n\n\n\n<p>Ana Mu\u00f1iz ratific\u00f3 su compromiso con la atenci\u00f3n a la infancia, la juventud, las personas adultas mayores, a quienes viven con discapacidad, a las mujeres y a las jefas de familia en particular; as\u00ed como con el desarrollo econ\u00f3mico general del municipio.<\/p>\n\n\n\n<p>Destac\u00f3 la importancia de colaboraci\u00f3n emprendida con dependencias estatales y federales, adem\u00e1s de acuerdos intermunicipales y con el sector privado y la sociedad civil para sumar esfuerzos en beneficio de la tierra del calzado.<\/p>\n\n\n\n<p>\u201cA tres meses de iniciada nuestra labor, las y los integrantes del Ayuntamiento y del gobierno municipal 2022-2024, ratificamos el compromiso de cumplir a la confianza que nos han dado nuestras vecinas y vecinos; de dar curso a nuestro plan de trabajo con profesionalismo, transparencia y buenos resultados.<\/p>\n\n\n\n<p>Inform\u00f3 que en los siguientes d\u00edas seguir\u00e1 compartiendo los resultados alcanzados en los primeros cien d\u00edas de gobierno \u201ccon la certeza de que en San Mateo Atenco, vamos por m\u00e1s progreso, modernidad y una vida pr\u00f3spera para todas y todos.\u201d<\/p>\n","protected":false},"excerpt":{"rendered":"<p>La alcaldesa difunde mensaje a cien d\u00edas de iniciada la administraci\u00f3n municipal, destacando acciones para el desarrollo equitativo de las familias atenquenses.<\/p>\n","protected":false},"author":2,"featured_media":5473,"comment_status":"open","ping_status":"open","sticky":false,"template":"","format":"standard","meta":{"footnotes":""},"categories":[3],"tags":[387,386],"class_list":["post-5471","post","type-post","status-publish","format-standard","has-post-thumbnail","hentry","category-gobierno","tag-ana-muniz","tag-san-mateo-atenco"],"yoast_head":"<!-- This site is optimized with the Yoast SEO plugin v27.5 - https:\/\/yoast.com\/product\/yoast-seo-wordpress\/ -->\n<title>En San Mateo Atenco se trabaja con visi\u00f3n de futuro: Ana Mu\u00f1iz Neyra - Expresso Metropolitano<\/title>\n<meta name=\"robots\" content=\"index, follow, max-snippet:-1, max-image-preview:large, max-video-preview:-1\" \/>\n<link rel=\"canonical\" href=\"https:\/\/expressometro.mx\/index.php\/2022\/04\/12\/en-san-mateo-atenco-se-trabaja-con-vision-de-futuro-ana-muniz-neyra\/\" \/>\n<meta property=\"og:locale\" content=\"es_MX\" \/>\n<meta property=\"og:type\" content=\"article\" \/>\n<meta property=\"og:title\" content=\"En San Mateo Atenco se trabaja con visi\u00f3n de futuro: Ana Mu\u00f1iz Neyra - Expresso Metropolitano\" \/>\n<meta property=\"og:description\" content=\"La alcaldesa difunde mensaje a cien d\u00edas de iniciada la administraci\u00f3n municipal, destacando acciones para el desarrollo equitativo de las familias atenquenses.\" \/>\n<meta property=\"og:url\" content=\"https:\/\/expressometro.mx\/index.php\/2022\/04\/12\/en-san-mateo-atenco-se-trabaja-con-vision-de-futuro-ana-muniz-neyra\/\" \/>\n<meta property=\"og:site_name\" content=\"Expresso Metropolitano\" \/>\n<meta property=\"article:published_time\" content=\"2022-04-12T17:17:34+00:00\" \/>\n<meta property=\"og:image\" content=\"http:\/\/expressometro.mx\/wp-content\/uploads\/2022\/04\/WhatsApp-Image-2022-04-12-at-8.32.06-AM.jpeg\" \/>\n\t<meta property=\"og:image:width\" content=\"1242\" \/>\n\t<meta property=\"og:image:height\" content=\"1340\" \/>\n\t<meta property=\"og:image:type\" content=\"image\/jpeg\" \/>\n<meta name=\"author\" content=\"Cecilia Vega\" \/>\n<meta name=\"twitter:label1\" content=\"Escrito por\" \/>\n\t<meta name=\"twitter:data1\" content=\"Cecilia Vega\" \/>\n\t<meta name=\"twitter:label2\" content=\"Tiempo de lectura\" \/>\n\t<meta name=\"twitter:data2\" content=\"2 minutos\" \/>\n<script type=\"application\/ld+json\" class=\"yoast-schema-graph\">{\"@context\":\"https:\\\/\\\/schema.org\",\"@graph\":[{\"@type\":\"Article\",\"@id\":\"https:\\\/\\\/expressometro.mx\\\/index.php\\\/2022\\\/04\\\/12\\\/en-san-mateo-atenco-se-trabaja-con-vision-de-futuro-ana-muniz-neyra\\\/#article\",\"isPartOf\":{\"@id\":\"https:\\\/\\\/expressometro.mx\\\/index.php\\\/2022\\\/04\\\/12\\\/en-san-mateo-atenco-se-trabaja-con-vision-de-futuro-ana-muniz-neyra\\\/\"},\"author\":{\"name\":\"Cecilia Vega\",\"@id\":\"https:\\\/\\\/expressometro.mx\\\/#\\\/schema\\\/person\\\/67a95b8e3862085c7598f66237488f1f\"},\"headline\":\"En San Mateo Atenco se trabaja con visi\u00f3n de futuro: Ana Mu\u00f1iz Neyra\",\"datePublished\":\"2022-04-12T17:17:34+00:00\",\"mainEntityOfPage\":{\"@id\":\"https:\\\/\\\/expressometro.mx\\\/index.php\\\/2022\\\/04\\\/12\\\/en-san-mateo-atenco-se-trabaja-con-vision-de-futuro-ana-muniz-neyra\\\/\"},\"wordCount\":430,\"commentCount\":0,\"publisher\":{\"@id\":\"https:\\\/\\\/expressometro.mx\\\/#organization\"},\"image\":{\"@id\":\"https:\\\/\\\/expressometro.mx\\\/index.php\\\/2022\\\/04\\\/12\\\/en-san-mateo-atenco-se-trabaja-con-vision-de-futuro-ana-muniz-neyra\\\/#primaryimage\"},\"thumbnailUrl\":\"https:\\\/\\\/expressometro.mx\\\/wp-content\\\/uploads\\\/2022\\\/04\\\/WhatsApp-Image-2022-04-12-at-8.32.06-AM.jpeg\",\"keywords\":[\"Ana Mu\u00f1iz\",\"San Mateo Atenco\"],\"articleSection\":[\"Gobierno\"],\"inLanguage\":\"es\",\"potentialAction\":[{\"@type\":\"CommentAction\",\"name\":\"Comment\",\"target\":[\"https:\\\/\\\/expressometro.mx\\\/index.php\\\/2022\\\/04\\\/12\\\/en-san-mateo-atenco-se-trabaja-con-vision-de-futuro-ana-muniz-neyra\\\/#respond\"]}]},{\"@type\":\"WebPage\",\"@id\":\"https:\\\/\\\/expressometro.mx\\\/index.php\\\/2022\\\/04\\\/12\\\/en-san-mateo-atenco-se-trabaja-con-vision-de-futuro-ana-muniz-neyra\\\/\",\"url\":\"https:\\\/\\\/expressometro.mx\\\/index.php\\\/2022\\\/04\\\/12\\\/en-san-mateo-atenco-se-trabaja-con-vision-de-futuro-ana-muniz-neyra\\\/\",\"name\":\"En San Mateo Atenco se trabaja con visi\u00f3n de futuro: Ana Mu\u00f1iz Neyra - Expresso Metropolitano\",\"isPartOf\":{\"@id\":\"https:\\\/\\\/expressometro.mx\\\/#website\"},\"primaryImageOfPage\":{\"@id\":\"https:\\\/\\\/expressometro.mx\\\/index.php\\\/2022\\\/04\\\/12\\\/en-san-mateo-atenco-se-trabaja-con-vision-de-futuro-ana-muniz-neyra\\\/#primaryimage\"},\"image\":{\"@id\":\"https:\\\/\\\/expressometro.mx\\\/index.php\\\/2022\\\/04\\\/12\\\/en-san-mateo-atenco-se-trabaja-con-vision-de-futuro-ana-muniz-neyra\\\/#primaryimage\"},\"thumbnailUrl\":\"https:\\\/\\\/expressometro.mx\\\/wp-content\\\/uploads\\\/2022\\\/04\\\/WhatsApp-Image-2022-04-12-at-8.32.06-AM.jpeg\",\"datePublished\":\"2022-04-12T17:17:34+00:00\",\"breadcrumb\":{\"@id\":\"https:\\\/\\\/expressometro.mx\\\/index.php\\\/2022\\\/04\\\/12\\\/en-san-mateo-atenco-se-trabaja-con-vision-de-futuro-ana-muniz-neyra\\\/#breadcrumb\"},\"inLanguage\":\"es\",\"potentialAction\":[{\"@type\":\"ReadAction\",\"target\":[\"https:\\\/\\\/expressometro.mx\\\/index.php\\\/2022\\\/04\\\/12\\\/en-san-mateo-atenco-se-trabaja-con-vision-de-futuro-ana-muniz-neyra\\\/\"]}]},{\"@type\":\"ImageObject\",\"inLanguage\":\"es\",\"@id\":\"https:\\\/\\\/expressometro.mx\\\/index.php\\\/2022\\\/04\\\/12\\\/en-san-mateo-atenco-se-trabaja-con-vision-de-futuro-ana-muniz-neyra\\\/#primaryimage\",\"url\":\"https:\\\/\\\/expressometro.mx\\\/wp-content\\\/uploads\\\/2022\\\/04\\\/WhatsApp-Image-2022-04-12-at-8.32.06-AM.jpeg\",\"contentUrl\":\"https:\\\/\\\/expressometro.mx\\\/wp-content\\\/uploads\\\/2022\\\/04\\\/WhatsApp-Image-2022-04-12-at-8.32.06-AM.jpeg\",\"width\":1242,\"height\":1340},{\"@type\":\"BreadcrumbList\",\"@id\":\"https:\\\/\\\/expressometro.mx\\\/index.php\\\/2022\\\/04\\\/12\\\/en-san-mateo-atenco-se-trabaja-con-vision-de-futuro-ana-muniz-neyra\\\/#breadcrumb\",\"itemListElement\":[{\"@type\":\"ListItem\",\"position\":1,\"name\":\"Inicio\",\"item\":\"https:\\\/\\\/expressometro.mx\\\/\"},{\"@type\":\"ListItem\",\"position\":2,\"name\":\"En San Mateo Atenco se trabaja con visi\u00f3n de futuro: Ana Mu\u00f1iz Neyra\"}]},{\"@type\":\"WebSite\",\"@id\":\"https:\\\/\\\/expressometro.mx\\\/#website\",\"url\":\"https:\\\/\\\/expressometro.mx\\\/\",\"name\":\"Expresso Metropolitano\",\"description\":\"Periodismo comprometido, informaci\u00f3n, investigaci\u00f3n y an\u00e1lisis\",\"publisher\":{\"@id\":\"https:\\\/\\\/expressometro.mx\\\/#organization\"},\"potentialAction\":[{\"@type\":\"SearchAction\",\"target\":{\"@type\":\"EntryPoint\",\"urlTemplate\":\"https:\\\/\\\/expressometro.mx\\\/?s={search_term_string}\"},\"query-input\":{\"@type\":\"PropertyValueSpecification\",\"valueRequired\":true,\"valueName\":\"search_term_string\"}}],\"inLanguage\":\"es\"},{\"@type\":\"Organization\",\"@id\":\"https:\\\/\\\/expressometro.mx\\\/#organization\",\"name\":\"Expresso Metropolitano\",\"url\":\"https:\\\/\\\/expressometro.mx\\\/\",\"logo\":{\"@type\":\"ImageObject\",\"inLanguage\":\"es\",\"@id\":\"https:\\\/\\\/expressometro.mx\\\/#\\\/schema\\\/logo\\\/image\\\/\",\"url\":\"https:\\\/\\\/expressometro.mx\\\/wp-content\\\/uploads\\\/2019\\\/07\\\/cropped-Logo-Expresso-Metropolitano-1-1.jpeg\",\"contentUrl\":\"https:\\\/\\\/expressometro.mx\\\/wp-content\\\/uploads\\\/2019\\\/07\\\/cropped-Logo-Expresso-Metropolitano-1-1.jpeg\",\"width\":290,\"height\":73,\"caption\":\"Expresso Metropolitano\"},\"image\":{\"@id\":\"https:\\\/\\\/expressometro.mx\\\/#\\\/schema\\\/logo\\\/image\\\/\"}},{\"@type\":\"Person\",\"@id\":\"https:\\\/\\\/expressometro.mx\\\/#\\\/schema\\\/person\\\/67a95b8e3862085c7598f66237488f1f\",\"name\":\"Cecilia Vega\",\"image\":{\"@type\":\"ImageObject\",\"inLanguage\":\"es\",\"@id\":\"https:\\\/\\\/secure.gravatar.com\\\/avatar\\\/13aae9944ab2ee472a9e407c9487fdbd03b049abaa559af32fe5dbcf615c981b?s=96&d=mm&r=g\",\"url\":\"https:\\\/\\\/secure.gravatar.com\\\/avatar\\\/13aae9944ab2ee472a9e407c9487fdbd03b049abaa559af32fe5dbcf615c981b?s=96&d=mm&r=g\",\"contentUrl\":\"https:\\\/\\\/secure.gravatar.com\\\/avatar\\\/13aae9944ab2ee472a9e407c9487fdbd03b049abaa559af32fe5dbcf615c981b?s=96&d=mm&r=g\",\"caption\":\"Cecilia Vega\"},\"url\":\"https:\\\/\\\/expressometro.mx\\\/index.php\\\/author\\\/cecilia-vega\\\/\"}]}<\/script>\n<!-- \/ Yoast SEO plugin. -->","yoast_head_json":{"title":"En San Mateo Atenco se trabaja con visi\u00f3n de futuro: Ana Mu\u00f1iz Neyra - Expresso Metropolitano","robots":{"index":"index","follow":"follow","max-snippet":"max-snippet:-1","max-image-preview":"max-image-preview:large","max-video-preview":"max-video-preview:-1"},"canonical":"https:\/\/expressometro.mx\/index.php\/2022\/04\/12\/en-san-mateo-atenco-se-trabaja-con-vision-de-futuro-ana-muniz-neyra\/","og_locale":"es_MX","og_type":"article","og_title":"En San Mateo Atenco se trabaja con visi\u00f3n de futuro: Ana Mu\u00f1iz Neyra - Expresso Metropolitano","og_description":"La alcaldesa difunde mensaje a cien d\u00edas de iniciada la administraci\u00f3n municipal, destacando acciones para el desarrollo equitativo de las familias atenquenses.","og_url":"https:\/\/expressometro.mx\/index.php\/2022\/04\/12\/en-san-mateo-atenco-se-trabaja-con-vision-de-futuro-ana-muniz-neyra\/","og_site_name":"Expresso Metropolitano","article_published_time":"2022-04-12T17:17:34+00:00","og_image":[{"width":1242,"height":1340,"url":"http:\/\/expressometro.mx\/wp-content\/uploads\/2022\/04\/WhatsApp-Image-2022-04-12-at-8.32.06-AM.jpeg","type":"image\/jpeg"}],"author":"Cecilia Vega","twitter_misc":{"Escrito por":"Cecilia Vega","Tiempo de lectura":"2 minutos"},"schema":{"@context":"https:\/\/schema.org","@graph":[{"@type":"Article","@id":"https:\/\/expressometro.mx\/index.php\/2022\/04\/12\/en-san-mateo-atenco-se-trabaja-con-vision-de-futuro-ana-muniz-neyra\/#article","isPartOf":{"@id":"https:\/\/expressometro.mx\/index.php\/2022\/04\/12\/en-san-mateo-atenco-se-trabaja-con-vision-de-futuro-ana-muniz-neyra\/"},"author":{"name":"Cecilia Vega","@id":"https:\/\/expressometro.mx\/#\/schema\/person\/67a95b8e3862085c7598f66237488f1f"},"headline":"En San Mateo Atenco se trabaja con visi\u00f3n de futuro: Ana Mu\u00f1iz Neyra","datePublished":"2022-04-12T17:17:34+00:00","mainEntityOfPage":{"@id":"https:\/\/expressometro.mx\/index.php\/2022\/04\/12\/en-san-mateo-atenco-se-trabaja-con-vision-de-futuro-ana-muniz-neyra\/"},"wordCount":430,"commentCount":0,"publisher":{"@id":"https:\/\/expressometro.mx\/#organization"},"image":{"@id":"https:\/\/expressometro.mx\/index.php\/2022\/04\/12\/en-san-mateo-atenco-se-trabaja-con-vision-de-futuro-ana-muniz-neyra\/#primaryimage"},"thumbnailUrl":"https:\/\/expressometro.mx\/wp-content\/uploads\/2022\/04\/WhatsApp-Image-2022-04-12-at-8.32.06-AM.jpeg","keywords":["Ana Mu\u00f1iz","San Mateo Atenco"],"articleSection":["Gobierno"],"inLanguage":"es","potentialAction":[{"@type":"CommentAction","name":"Comment","target":["https:\/\/expressometro.mx\/index.php\/2022\/04\/12\/en-san-mateo-atenco-se-trabaja-con-vision-de-futuro-ana-muniz-neyra\/#respond"]}]},{"@type":"WebPage","@id":"https:\/\/expressometro.mx\/index.php\/2022\/04\/12\/en-san-mateo-atenco-se-trabaja-con-vision-de-futuro-ana-muniz-neyra\/","url":"https:\/\/expressometro.mx\/index.php\/2022\/04\/12\/en-san-mateo-atenco-se-trabaja-con-vision-de-futuro-ana-muniz-neyra\/","name":"En San Mateo Atenco se trabaja con visi\u00f3n de futuro: Ana Mu\u00f1iz Neyra - Expresso Metropolitano","isPartOf":{"@id":"https:\/\/expressometro.mx\/#website"},"primaryImageOfPage":{"@id":"https:\/\/expressometro.mx\/index.php\/2022\/04\/12\/en-san-mateo-atenco-se-trabaja-con-vision-de-futuro-ana-muniz-neyra\/#primaryimage"},"image":{"@id":"https:\/\/expressometro.mx\/index.php\/2022\/04\/12\/en-san-mateo-atenco-se-trabaja-con-vision-de-futuro-ana-muniz-neyra\/#primaryimage"},"thumbnailUrl":"https:\/\/expressometro.mx\/wp-content\/uploads\/2022\/04\/WhatsApp-Image-2022-04-12-at-8.32.06-AM.jpeg","datePublished":"2022-04-12T17:17:34+00:00","breadcrumb":{"@id":"https:\/\/expressometro.mx\/index.php\/2022\/04\/12\/en-san-mateo-atenco-se-trabaja-con-vision-de-futuro-ana-muniz-neyra\/#breadcrumb"},"inLanguage":"es","potentialAction":[{"@type":"ReadAction","target":["https:\/\/expressometro.mx\/index.php\/2022\/04\/12\/en-san-mateo-atenco-se-trabaja-con-vision-de-futuro-ana-muniz-neyra\/"]}]},{"@type":"ImageObject","inLanguage":"es","@id":"https:\/\/expressometro.mx\/index.php\/2022\/04\/12\/en-san-mateo-atenco-se-trabaja-con-vision-de-futuro-ana-muniz-neyra\/#primaryimage","url":"https:\/\/expressometro.mx\/wp-content\/uploads\/2022\/04\/WhatsApp-Image-2022-04-12-at-8.32.06-AM.jpeg","contentUrl":"https:\/\/expressometro.mx\/wp-content\/uploads\/2022\/04\/WhatsApp-Image-2022-04-12-at-8.32.06-AM.jpeg","width":1242,"height":1340},{"@type":"BreadcrumbList","@id":"https:\/\/expressometro.mx\/index.php\/2022\/04\/12\/en-san-mateo-atenco-se-trabaja-con-vision-de-futuro-ana-muniz-neyra\/#breadcrumb","itemListElement":[{"@type":"ListItem","position":1,"name":"Inicio","item":"https:\/\/expressometro.mx\/"},{"@type":"ListItem","position":2,"name":"En San Mateo Atenco se trabaja con visi\u00f3n de futuro: Ana Mu\u00f1iz Neyra"}]},{"@type":"WebSite","@id":"https:\/\/expressometro.mx\/#website","url":"https:\/\/expressometro.mx\/","name":"Expresso Metropolitano","description":"Periodismo comprometido, informaci\u00f3n, investigaci\u00f3n y an\u00e1lisis","publisher":{"@id":"https:\/\/expressometro.mx\/#organization"},"potentialAction":[{"@type":"SearchAction","target":{"@type":"EntryPoint","urlTemplate":"https:\/\/expressometro.mx\/?s={search_term_string}"},"query-input":{"@type":"PropertyValueSpecification","valueRequired":true,"valueName":"search_term_string"}}],"inLanguage":"es"},{"@type":"Organization","@id":"https:\/\/expressometro.mx\/#organization","name":"Expresso Metropolitano","url":"https:\/\/expressometro.mx\/","logo":{"@type":"ImageObject","inLanguage":"es","@id":"https:\/\/expressometro.mx\/#\/schema\/logo\/image\/","url":"https:\/\/expressometro.mx\/wp-content\/uploads\/2019\/07\/cropped-Logo-Expresso-Metropolitano-1-1.jpeg","contentUrl":"https:\/\/expressometro.mx\/wp-content\/uploads\/2019\/07\/cropped-Logo-Expresso-Metropolitano-1-1.jpeg","width":290,"height":73,"caption":"Expresso Metropolitano"},"image":{"@id":"https:\/\/expressometro.mx\/#\/schema\/logo\/image\/"}},{"@type":"Person","@id":"https:\/\/expressometro.mx\/#\/schema\/person\/67a95b8e3862085c7598f66237488f1f","name":"Cecilia Vega","image":{"@type":"ImageObject","inLanguage":"es","@id":"https:\/\/secure.gravatar.com\/avatar\/13aae9944ab2ee472a9e407c9487fdbd03b049abaa559af32fe5dbcf615c981b?s=96&d=mm&r=g","url":"https:\/\/secure.gravatar.com\/avatar\/13aae9944ab2ee472a9e407c9487fdbd03b049abaa559af32fe5dbcf615c981b?s=96&d=mm&r=g","contentUrl":"https:\/\/secure.gravatar.com\/avatar\/13aae9944ab2ee472a9e407c9487fdbd03b049abaa559af32fe5dbcf615c981b?s=96&d=mm&r=g","caption":"Cecilia Vega"},"url":"https:\/\/expressometro.mx\/index.php\/author\/cecilia-vega\/"}]}},"amp_enabled":true,"_links":{"self":[{"href":"https:\/\/expressometro.mx\/index.php\/wp-json\/wp\/v2\/posts\/5471","targetHints":{"allow":["GET"]}}],"collection":[{"href":"https:\/\/expressometro.mx\/index.php\/wp-json\/wp\/v2\/posts"}],"about":[{"href":"https:\/\/expressometro.mx\/index.php\/wp-json\/wp\/v2\/types\/post"}],"author":[{"embeddable":true,"href":"https:\/\/expressometro.mx\/index.php\/wp-json\/wp\/v2\/users\/2"}],"replies":[{"embeddable":true,"href":"https:\/\/expressometro.mx\/index.php\/wp-json\/wp\/v2\/comments?post=5471"}],"version-history":[{"count":1,"href":"https:\/\/expressometro.mx\/index.php\/wp-json\/wp\/v2\/posts\/5471\/revisions"}],"predecessor-version":[{"id":5474,"href":"https:\/\/expressometro.mx\/index.php\/wp-json\/wp\/v2\/posts\/5471\/revisions\/5474"}],"wp:featuredmedia":[{"embeddable":true,"href":"https:\/\/expressometro.mx\/index.php\/wp-json\/wp\/v2\/media\/5473"}],"wp:attachment":[{"href":"https:\/\/expressometro.mx\/index.php\/wp-json\/wp\/v2\/media?parent=5471"}],"wp:term":[{"taxonomy":"category","embeddable":true,"href":"https:\/\/expressometro.mx\/index.php\/wp-json\/wp\/v2\/categories?post=5471"},{"taxonomy":"post_tag","embeddable":true,"href":"https:\/\/expressometro.mx\/index.php\/wp-json\/wp\/v2\/tags?post=5471"}],"curies":[{"name":"wp","href":"https:\/\/api.w.org\/{rel}","templated":true}]}}