{"id":5446,"date":"2022-03-12T12:43:00","date_gmt":"2022-03-12T18:43:00","guid":{"rendered":"https:\/\/expressometro.mx\/?p=5446"},"modified":"2022-04-07T12:45:02","modified_gmt":"2022-04-07T17:45:02","slug":"a-pico-y-pala-avanzan-las-obras-en-aculco-jorge-osornio","status":"publish","type":"post","link":"https:\/\/expressometro.mx\/index.php\/2022\/03\/12\/a-pico-y-pala-avanzan-las-obras-en-aculco-jorge-osornio\/","title":{"rendered":"A PICO Y PALA AVANZAN LAS OBRAS EN ACULCO: JORGE OSORNIO"},"content":{"rendered":"\n<p>Con el apoyo de los vecinos que utilizan su pico y pala se pueden avanzar en las obras como el drenaje del barrio La Soledad y que con ello evitar\u00e1 inundaciones pues ya hay rejillas para captar el agua pluvial.<\/p>\n\n\n\n<p>A pico y pala los vecinos apoyaron en Barrio la soledad pegado a cabecera municipal donde tambi\u00e9n hay necesidades. Lo que atestigu\u00f3 el<br>Alcalde Jorge Osornio Victoria.<\/p>\n\n\n\n<p>Se trata de dar continuidad a los proyectos que se fijaron como meta y fueron 90 metros lineales de drenaje con cemento y una inversi\u00f3n de 376 mil pesos con remanentes de recursos destinados al municipio.<\/p>\n\n\n\n<p>El Presidente Municipal dijo que Es una Obra necesaria por seguridad de la gente y en ese sentido Llam\u00f3 a gestionar recursos para avanzar en el desarrollo integral.<\/p>\n\n\n\n<p>Acompa\u00f1ado de la representante del Gobernador, Marisol Gonz\u00e1lez Torres, sostuvo la importancia del apoyo del gobernador Alfredo del Mazo.<\/p>\n\n\n\n<p>En la entrega de obras realizadas, la director general de Sanidad de la Secretar\u00eda del Campo, Marisol Gonz\u00e1lez, resalt\u00f3 la coordinaci\u00f3n para trabajar de la mano y construir un mejor Aculco \u201ccon su Cabildo y su esposa presidenta del DIF, Yareth Andrade Quezada\u201d.<\/p>\n\n\n\n<p>Rehabilitar drenaje y seguir ampliando el encementado en las calles es importante para la gente, apunt\u00f3.<\/p>\n\n\n\n<figure class=\"wp-block-gallery columns-3 is-cropped wp-block-gallery-1 is-layout-flex wp-block-gallery-is-layout-flex\"><ul class=\"blocks-gallery-grid\"><li class=\"blocks-gallery-item\"><figure><img decoding=\"async\" width=\"640\" height=\"480\" src=\"https:\/\/expressometro.mx\/wp-content\/uploads\/2022\/04\/WhatsApp-Image-2022-04-07-at-8.02.20-AM-1-640x480.jpeg\" alt=\"\" data-id=\"5447\" data-link=\"https:\/\/expressometro.mx\/?attachment_id=5447\" class=\"wp-image-5447\" srcset=\"https:\/\/expressometro.mx\/wp-content\/uploads\/2022\/04\/WhatsApp-Image-2022-04-07-at-8.02.20-AM-1-640x480.jpeg 640w, https:\/\/expressometro.mx\/wp-content\/uploads\/2022\/04\/WhatsApp-Image-2022-04-07-at-8.02.20-AM-1-487x365.jpeg 487w, https:\/\/expressometro.mx\/wp-content\/uploads\/2022\/04\/WhatsApp-Image-2022-04-07-at-8.02.20-AM-1-768x576.jpeg 768w, https:\/\/expressometro.mx\/wp-content\/uploads\/2022\/04\/WhatsApp-Image-2022-04-07-at-8.02.20-AM-1.jpeg 1024w\" sizes=\"(max-width: 640px) 100vw, 640px\" \/><\/figure><\/li><li class=\"blocks-gallery-item\"><figure><img decoding=\"async\" width=\"640\" height=\"480\" src=\"https:\/\/expressometro.mx\/wp-content\/uploads\/2022\/04\/WhatsApp-Image-2022-04-07-at-8.02.20-AM-2-640x480.jpeg\" alt=\"\" data-id=\"5448\" data-link=\"https:\/\/expressometro.mx\/?attachment_id=5448\" class=\"wp-image-5448\" srcset=\"https:\/\/expressometro.mx\/wp-content\/uploads\/2022\/04\/WhatsApp-Image-2022-04-07-at-8.02.20-AM-2-640x480.jpeg 640w, https:\/\/expressometro.mx\/wp-content\/uploads\/2022\/04\/WhatsApp-Image-2022-04-07-at-8.02.20-AM-2-487x365.jpeg 487w, https:\/\/expressometro.mx\/wp-content\/uploads\/2022\/04\/WhatsApp-Image-2022-04-07-at-8.02.20-AM-2-768x576.jpeg 768w, https:\/\/expressometro.mx\/wp-content\/uploads\/2022\/04\/WhatsApp-Image-2022-04-07-at-8.02.20-AM-2.jpeg 1024w\" sizes=\"(max-width: 640px) 100vw, 640px\" \/><\/figure><\/li><li class=\"blocks-gallery-item\"><figure><img decoding=\"async\" width=\"640\" height=\"480\" src=\"https:\/\/expressometro.mx\/wp-content\/uploads\/2022\/04\/WhatsApp-Image-2022-04-07-at-8.02.20-AM-3-640x480.jpeg\" alt=\"\" data-id=\"5450\" data-full-url=\"https:\/\/expressometro.mx\/wp-content\/uploads\/2022\/04\/WhatsApp-Image-2022-04-07-at-8.02.20-AM-3.jpeg\" data-link=\"https:\/\/expressometro.mx\/?attachment_id=5450\" class=\"wp-image-5450\" srcset=\"https:\/\/expressometro.mx\/wp-content\/uploads\/2022\/04\/WhatsApp-Image-2022-04-07-at-8.02.20-AM-3-640x480.jpeg 640w, https:\/\/expressometro.mx\/wp-content\/uploads\/2022\/04\/WhatsApp-Image-2022-04-07-at-8.02.20-AM-3-487x365.jpeg 487w, https:\/\/expressometro.mx\/wp-content\/uploads\/2022\/04\/WhatsApp-Image-2022-04-07-at-8.02.20-AM-3-768x576.jpeg 768w, https:\/\/expressometro.mx\/wp-content\/uploads\/2022\/04\/WhatsApp-Image-2022-04-07-at-8.02.20-AM-3.jpeg 1024w\" sizes=\"(max-width: 640px) 100vw, 640px\" \/><\/figure><\/li><\/ul><\/figure>\n","protected":false},"excerpt":{"rendered":"<p>Acompa\u00f1ado de la representante del Gobernador, Marisol Gonz\u00e1lez Torres, sostuvo la importancia del apoyo del gobernador Alfredo del Mazo.<\/p>\n","protected":false},"author":2,"featured_media":5449,"comment_status":"open","ping_status":"open","sticky":false,"template":"","format":"standard","meta":{"footnotes":""},"categories":[4,3],"tags":[955,954],"class_list":["post-5446","post","type-post","status-publish","format-standard","has-post-thumbnail","hentry","category-finanzas","category-gobierno","tag-aculco","tag-jorge-osornio"],"yoast_head":"<!-- This site is optimized with the Yoast SEO plugin v27.4 - https:\/\/yoast.com\/product\/yoast-seo-wordpress\/ -->\n<title>A PICO Y PALA AVANZAN LAS OBRAS EN ACULCO: JORGE OSORNIO - Expresso Metropolitano<\/title>\n<meta name=\"robots\" content=\"index, follow, max-snippet:-1, max-image-preview:large, max-video-preview:-1\" \/>\n<link rel=\"canonical\" href=\"https:\/\/expressometro.mx\/index.php\/2022\/03\/12\/a-pico-y-pala-avanzan-las-obras-en-aculco-jorge-osornio\/\" \/>\n<meta property=\"og:locale\" content=\"es_MX\" \/>\n<meta property=\"og:type\" content=\"article\" \/>\n<meta property=\"og:title\" content=\"A PICO Y PALA AVANZAN LAS OBRAS EN ACULCO: JORGE OSORNIO - Expresso Metropolitano\" \/>\n<meta property=\"og:description\" content=\"Acompa\u00f1ado de la representante del Gobernador, Marisol Gonz\u00e1lez Torres, sostuvo la importancia del apoyo del gobernador Alfredo del Mazo.\" \/>\n<meta property=\"og:url\" content=\"https:\/\/expressometro.mx\/index.php\/2022\/03\/12\/a-pico-y-pala-avanzan-las-obras-en-aculco-jorge-osornio\/\" \/>\n<meta property=\"og:site_name\" content=\"Expresso Metropolitano\" \/>\n<meta property=\"article:published_time\" content=\"2022-03-12T18:43:00+00:00\" \/>\n<meta property=\"article:modified_time\" content=\"2022-04-07T17:45:02+00:00\" \/>\n<meta property=\"og:image\" content=\"http:\/\/expressometro.mx\/wp-content\/uploads\/2022\/04\/WhatsApp-Image-2022-04-07-at-8.02.20-AM.jpeg\" \/>\n\t<meta property=\"og:image:width\" content=\"1024\" \/>\n\t<meta property=\"og:image:height\" content=\"768\" \/>\n\t<meta property=\"og:image:type\" content=\"image\/jpeg\" \/>\n<meta name=\"author\" content=\"Cecilia Vega\" \/>\n<meta name=\"twitter:label1\" content=\"Escrito por\" \/>\n\t<meta name=\"twitter:data1\" content=\"Cecilia Vega\" \/>\n\t<meta name=\"twitter:label2\" content=\"Tiempo de lectura\" \/>\n\t<meta name=\"twitter:data2\" content=\"2 minutos\" \/>\n<script type=\"application\/ld+json\" class=\"yoast-schema-graph\">{\"@context\":\"https:\\\/\\\/schema.org\",\"@graph\":[{\"@type\":\"Article\",\"@id\":\"https:\\\/\\\/expressometro.mx\\\/index.php\\\/2022\\\/03\\\/12\\\/a-pico-y-pala-avanzan-las-obras-en-aculco-jorge-osornio\\\/#article\",\"isPartOf\":{\"@id\":\"https:\\\/\\\/expressometro.mx\\\/index.php\\\/2022\\\/03\\\/12\\\/a-pico-y-pala-avanzan-las-obras-en-aculco-jorge-osornio\\\/\"},\"author\":{\"name\":\"Cecilia Vega\",\"@id\":\"https:\\\/\\\/expressometro.mx\\\/#\\\/schema\\\/person\\\/67a95b8e3862085c7598f66237488f1f\"},\"headline\":\"A PICO Y PALA AVANZAN LAS OBRAS EN ACULCO: JORGE OSORNIO\",\"datePublished\":\"2022-03-12T18:43:00+00:00\",\"dateModified\":\"2022-04-07T17:45:02+00:00\",\"mainEntityOfPage\":{\"@id\":\"https:\\\/\\\/expressometro.mx\\\/index.php\\\/2022\\\/03\\\/12\\\/a-pico-y-pala-avanzan-las-obras-en-aculco-jorge-osornio\\\/\"},\"wordCount\":224,\"commentCount\":0,\"publisher\":{\"@id\":\"https:\\\/\\\/expressometro.mx\\\/#organization\"},\"image\":{\"@id\":\"https:\\\/\\\/expressometro.mx\\\/index.php\\\/2022\\\/03\\\/12\\\/a-pico-y-pala-avanzan-las-obras-en-aculco-jorge-osornio\\\/#primaryimage\"},\"thumbnailUrl\":\"https:\\\/\\\/expressometro.mx\\\/wp-content\\\/uploads\\\/2022\\\/04\\\/WhatsApp-Image-2022-04-07-at-8.02.20-AM.jpeg\",\"keywords\":[\"Aculco\",\"Jorge Osornio\"],\"articleSection\":[\"Finanzas\",\"Gobierno\"],\"inLanguage\":\"es\",\"potentialAction\":[{\"@type\":\"CommentAction\",\"name\":\"Comment\",\"target\":[\"https:\\\/\\\/expressometro.mx\\\/index.php\\\/2022\\\/03\\\/12\\\/a-pico-y-pala-avanzan-las-obras-en-aculco-jorge-osornio\\\/#respond\"]}]},{\"@type\":\"WebPage\",\"@id\":\"https:\\\/\\\/expressometro.mx\\\/index.php\\\/2022\\\/03\\\/12\\\/a-pico-y-pala-avanzan-las-obras-en-aculco-jorge-osornio\\\/\",\"url\":\"https:\\\/\\\/expressometro.mx\\\/index.php\\\/2022\\\/03\\\/12\\\/a-pico-y-pala-avanzan-las-obras-en-aculco-jorge-osornio\\\/\",\"name\":\"A PICO Y PALA AVANZAN LAS OBRAS EN ACULCO: JORGE OSORNIO - Expresso Metropolitano\",\"isPartOf\":{\"@id\":\"https:\\\/\\\/expressometro.mx\\\/#website\"},\"primaryImageOfPage\":{\"@id\":\"https:\\\/\\\/expressometro.mx\\\/index.php\\\/2022\\\/03\\\/12\\\/a-pico-y-pala-avanzan-las-obras-en-aculco-jorge-osornio\\\/#primaryimage\"},\"image\":{\"@id\":\"https:\\\/\\\/expressometro.mx\\\/index.php\\\/2022\\\/03\\\/12\\\/a-pico-y-pala-avanzan-las-obras-en-aculco-jorge-osornio\\\/#primaryimage\"},\"thumbnailUrl\":\"https:\\\/\\\/expressometro.mx\\\/wp-content\\\/uploads\\\/2022\\\/04\\\/WhatsApp-Image-2022-04-07-at-8.02.20-AM.jpeg\",\"datePublished\":\"2022-03-12T18:43:00+00:00\",\"dateModified\":\"2022-04-07T17:45:02+00:00\",\"breadcrumb\":{\"@id\":\"https:\\\/\\\/expressometro.mx\\\/index.php\\\/2022\\\/03\\\/12\\\/a-pico-y-pala-avanzan-las-obras-en-aculco-jorge-osornio\\\/#breadcrumb\"},\"inLanguage\":\"es\",\"potentialAction\":[{\"@type\":\"ReadAction\",\"target\":[\"https:\\\/\\\/expressometro.mx\\\/index.php\\\/2022\\\/03\\\/12\\\/a-pico-y-pala-avanzan-las-obras-en-aculco-jorge-osornio\\\/\"]}]},{\"@type\":\"ImageObject\",\"inLanguage\":\"es\",\"@id\":\"https:\\\/\\\/expressometro.mx\\\/index.php\\\/2022\\\/03\\\/12\\\/a-pico-y-pala-avanzan-las-obras-en-aculco-jorge-osornio\\\/#primaryimage\",\"url\":\"https:\\\/\\\/expressometro.mx\\\/wp-content\\\/uploads\\\/2022\\\/04\\\/WhatsApp-Image-2022-04-07-at-8.02.20-AM.jpeg\",\"contentUrl\":\"https:\\\/\\\/expressometro.mx\\\/wp-content\\\/uploads\\\/2022\\\/04\\\/WhatsApp-Image-2022-04-07-at-8.02.20-AM.jpeg\",\"width\":1024,\"height\":768},{\"@type\":\"BreadcrumbList\",\"@id\":\"https:\\\/\\\/expressometro.mx\\\/index.php\\\/2022\\\/03\\\/12\\\/a-pico-y-pala-avanzan-las-obras-en-aculco-jorge-osornio\\\/#breadcrumb\",\"itemListElement\":[{\"@type\":\"ListItem\",\"position\":1,\"name\":\"Inicio\",\"item\":\"https:\\\/\\\/expressometro.mx\\\/\"},{\"@type\":\"ListItem\",\"position\":2,\"name\":\"A PICO Y PALA AVANZAN LAS OBRAS EN ACULCO: JORGE OSORNIO\"}]},{\"@type\":\"WebSite\",\"@id\":\"https:\\\/\\\/expressometro.mx\\\/#website\",\"url\":\"https:\\\/\\\/expressometro.mx\\\/\",\"name\":\"Expresso Metropolitano\",\"description\":\"Periodismo comprometido, informaci\u00f3n, investigaci\u00f3n y an\u00e1lisis\",\"publisher\":{\"@id\":\"https:\\\/\\\/expressometro.mx\\\/#organization\"},\"potentialAction\":[{\"@type\":\"SearchAction\",\"target\":{\"@type\":\"EntryPoint\",\"urlTemplate\":\"https:\\\/\\\/expressometro.mx\\\/?s={search_term_string}\"},\"query-input\":{\"@type\":\"PropertyValueSpecification\",\"valueRequired\":true,\"valueName\":\"search_term_string\"}}],\"inLanguage\":\"es\"},{\"@type\":\"Organization\",\"@id\":\"https:\\\/\\\/expressometro.mx\\\/#organization\",\"name\":\"Expresso Metropolitano\",\"url\":\"https:\\\/\\\/expressometro.mx\\\/\",\"logo\":{\"@type\":\"ImageObject\",\"inLanguage\":\"es\",\"@id\":\"https:\\\/\\\/expressometro.mx\\\/#\\\/schema\\\/logo\\\/image\\\/\",\"url\":\"https:\\\/\\\/expressometro.mx\\\/wp-content\\\/uploads\\\/2019\\\/07\\\/cropped-Logo-Expresso-Metropolitano-1-1.jpeg\",\"contentUrl\":\"https:\\\/\\\/expressometro.mx\\\/wp-content\\\/uploads\\\/2019\\\/07\\\/cropped-Logo-Expresso-Metropolitano-1-1.jpeg\",\"width\":290,\"height\":73,\"caption\":\"Expresso Metropolitano\"},\"image\":{\"@id\":\"https:\\\/\\\/expressometro.mx\\\/#\\\/schema\\\/logo\\\/image\\\/\"}},{\"@type\":\"Person\",\"@id\":\"https:\\\/\\\/expressometro.mx\\\/#\\\/schema\\\/person\\\/67a95b8e3862085c7598f66237488f1f\",\"name\":\"Cecilia Vega\",\"image\":{\"@type\":\"ImageObject\",\"inLanguage\":\"es\",\"@id\":\"https:\\\/\\\/secure.gravatar.com\\\/avatar\\\/13aae9944ab2ee472a9e407c9487fdbd03b049abaa559af32fe5dbcf615c981b?s=96&d=mm&r=g\",\"url\":\"https:\\\/\\\/secure.gravatar.com\\\/avatar\\\/13aae9944ab2ee472a9e407c9487fdbd03b049abaa559af32fe5dbcf615c981b?s=96&d=mm&r=g\",\"contentUrl\":\"https:\\\/\\\/secure.gravatar.com\\\/avatar\\\/13aae9944ab2ee472a9e407c9487fdbd03b049abaa559af32fe5dbcf615c981b?s=96&d=mm&r=g\",\"caption\":\"Cecilia Vega\"},\"url\":\"https:\\\/\\\/expressometro.mx\\\/index.php\\\/author\\\/cecilia-vega\\\/\"}]}<\/script>\n<!-- \/ Yoast SEO plugin. -->","yoast_head_json":{"title":"A PICO Y PALA AVANZAN LAS OBRAS EN ACULCO: JORGE OSORNIO - Expresso Metropolitano","robots":{"index":"index","follow":"follow","max-snippet":"max-snippet:-1","max-image-preview":"max-image-preview:large","max-video-preview":"max-video-preview:-1"},"canonical":"https:\/\/expressometro.mx\/index.php\/2022\/03\/12\/a-pico-y-pala-avanzan-las-obras-en-aculco-jorge-osornio\/","og_locale":"es_MX","og_type":"article","og_title":"A PICO Y PALA AVANZAN LAS OBRAS EN ACULCO: JORGE OSORNIO - Expresso Metropolitano","og_description":"Acompa\u00f1ado de la representante del Gobernador, Marisol Gonz\u00e1lez Torres, sostuvo la importancia del apoyo del gobernador Alfredo del Mazo.","og_url":"https:\/\/expressometro.mx\/index.php\/2022\/03\/12\/a-pico-y-pala-avanzan-las-obras-en-aculco-jorge-osornio\/","og_site_name":"Expresso Metropolitano","article_published_time":"2022-03-12T18:43:00+00:00","article_modified_time":"2022-04-07T17:45:02+00:00","og_image":[{"width":1024,"height":768,"url":"http:\/\/expressometro.mx\/wp-content\/uploads\/2022\/04\/WhatsApp-Image-2022-04-07-at-8.02.20-AM.jpeg","type":"image\/jpeg"}],"author":"Cecilia Vega","twitter_misc":{"Escrito por":"Cecilia Vega","Tiempo de lectura":"2 minutos"},"schema":{"@context":"https:\/\/schema.org","@graph":[{"@type":"Article","@id":"https:\/\/expressometro.mx\/index.php\/2022\/03\/12\/a-pico-y-pala-avanzan-las-obras-en-aculco-jorge-osornio\/#article","isPartOf":{"@id":"https:\/\/expressometro.mx\/index.php\/2022\/03\/12\/a-pico-y-pala-avanzan-las-obras-en-aculco-jorge-osornio\/"},"author":{"name":"Cecilia Vega","@id":"https:\/\/expressometro.mx\/#\/schema\/person\/67a95b8e3862085c7598f66237488f1f"},"headline":"A PICO Y PALA AVANZAN LAS OBRAS EN ACULCO: JORGE OSORNIO","datePublished":"2022-03-12T18:43:00+00:00","dateModified":"2022-04-07T17:45:02+00:00","mainEntityOfPage":{"@id":"https:\/\/expressometro.mx\/index.php\/2022\/03\/12\/a-pico-y-pala-avanzan-las-obras-en-aculco-jorge-osornio\/"},"wordCount":224,"commentCount":0,"publisher":{"@id":"https:\/\/expressometro.mx\/#organization"},"image":{"@id":"https:\/\/expressometro.mx\/index.php\/2022\/03\/12\/a-pico-y-pala-avanzan-las-obras-en-aculco-jorge-osornio\/#primaryimage"},"thumbnailUrl":"https:\/\/expressometro.mx\/wp-content\/uploads\/2022\/04\/WhatsApp-Image-2022-04-07-at-8.02.20-AM.jpeg","keywords":["Aculco","Jorge Osornio"],"articleSection":["Finanzas","Gobierno"],"inLanguage":"es","potentialAction":[{"@type":"CommentAction","name":"Comment","target":["https:\/\/expressometro.mx\/index.php\/2022\/03\/12\/a-pico-y-pala-avanzan-las-obras-en-aculco-jorge-osornio\/#respond"]}]},{"@type":"WebPage","@id":"https:\/\/expressometro.mx\/index.php\/2022\/03\/12\/a-pico-y-pala-avanzan-las-obras-en-aculco-jorge-osornio\/","url":"https:\/\/expressometro.mx\/index.php\/2022\/03\/12\/a-pico-y-pala-avanzan-las-obras-en-aculco-jorge-osornio\/","name":"A PICO Y PALA AVANZAN LAS OBRAS EN ACULCO: JORGE OSORNIO - Expresso Metropolitano","isPartOf":{"@id":"https:\/\/expressometro.mx\/#website"},"primaryImageOfPage":{"@id":"https:\/\/expressometro.mx\/index.php\/2022\/03\/12\/a-pico-y-pala-avanzan-las-obras-en-aculco-jorge-osornio\/#primaryimage"},"image":{"@id":"https:\/\/expressometro.mx\/index.php\/2022\/03\/12\/a-pico-y-pala-avanzan-las-obras-en-aculco-jorge-osornio\/#primaryimage"},"thumbnailUrl":"https:\/\/expressometro.mx\/wp-content\/uploads\/2022\/04\/WhatsApp-Image-2022-04-07-at-8.02.20-AM.jpeg","datePublished":"2022-03-12T18:43:00+00:00","dateModified":"2022-04-07T17:45:02+00:00","breadcrumb":{"@id":"https:\/\/expressometro.mx\/index.php\/2022\/03\/12\/a-pico-y-pala-avanzan-las-obras-en-aculco-jorge-osornio\/#breadcrumb"},"inLanguage":"es","potentialAction":[{"@type":"ReadAction","target":["https:\/\/expressometro.mx\/index.php\/2022\/03\/12\/a-pico-y-pala-avanzan-las-obras-en-aculco-jorge-osornio\/"]}]},{"@type":"ImageObject","inLanguage":"es","@id":"https:\/\/expressometro.mx\/index.php\/2022\/03\/12\/a-pico-y-pala-avanzan-las-obras-en-aculco-jorge-osornio\/#primaryimage","url":"https:\/\/expressometro.mx\/wp-content\/uploads\/2022\/04\/WhatsApp-Image-2022-04-07-at-8.02.20-AM.jpeg","contentUrl":"https:\/\/expressometro.mx\/wp-content\/uploads\/2022\/04\/WhatsApp-Image-2022-04-07-at-8.02.20-AM.jpeg","width":1024,"height":768},{"@type":"BreadcrumbList","@id":"https:\/\/expressometro.mx\/index.php\/2022\/03\/12\/a-pico-y-pala-avanzan-las-obras-en-aculco-jorge-osornio\/#breadcrumb","itemListElement":[{"@type":"ListItem","position":1,"name":"Inicio","item":"https:\/\/expressometro.mx\/"},{"@type":"ListItem","position":2,"name":"A PICO Y PALA AVANZAN LAS OBRAS EN ACULCO: JORGE OSORNIO"}]},{"@type":"WebSite","@id":"https:\/\/expressometro.mx\/#website","url":"https:\/\/expressometro.mx\/","name":"Expresso Metropolitano","description":"Periodismo comprometido, informaci\u00f3n, investigaci\u00f3n y an\u00e1lisis","publisher":{"@id":"https:\/\/expressometro.mx\/#organization"},"potentialAction":[{"@type":"SearchAction","target":{"@type":"EntryPoint","urlTemplate":"https:\/\/expressometro.mx\/?s={search_term_string}"},"query-input":{"@type":"PropertyValueSpecification","valueRequired":true,"valueName":"search_term_string"}}],"inLanguage":"es"},{"@type":"Organization","@id":"https:\/\/expressometro.mx\/#organization","name":"Expresso Metropolitano","url":"https:\/\/expressometro.mx\/","logo":{"@type":"ImageObject","inLanguage":"es","@id":"https:\/\/expressometro.mx\/#\/schema\/logo\/image\/","url":"https:\/\/expressometro.mx\/wp-content\/uploads\/2019\/07\/cropped-Logo-Expresso-Metropolitano-1-1.jpeg","contentUrl":"https:\/\/expressometro.mx\/wp-content\/uploads\/2019\/07\/cropped-Logo-Expresso-Metropolitano-1-1.jpeg","width":290,"height":73,"caption":"Expresso Metropolitano"},"image":{"@id":"https:\/\/expressometro.mx\/#\/schema\/logo\/image\/"}},{"@type":"Person","@id":"https:\/\/expressometro.mx\/#\/schema\/person\/67a95b8e3862085c7598f66237488f1f","name":"Cecilia Vega","image":{"@type":"ImageObject","inLanguage":"es","@id":"https:\/\/secure.gravatar.com\/avatar\/13aae9944ab2ee472a9e407c9487fdbd03b049abaa559af32fe5dbcf615c981b?s=96&d=mm&r=g","url":"https:\/\/secure.gravatar.com\/avatar\/13aae9944ab2ee472a9e407c9487fdbd03b049abaa559af32fe5dbcf615c981b?s=96&d=mm&r=g","contentUrl":"https:\/\/secure.gravatar.com\/avatar\/13aae9944ab2ee472a9e407c9487fdbd03b049abaa559af32fe5dbcf615c981b?s=96&d=mm&r=g","caption":"Cecilia Vega"},"url":"https:\/\/expressometro.mx\/index.php\/author\/cecilia-vega\/"}]}},"amp_enabled":true,"_links":{"self":[{"href":"https:\/\/expressometro.mx\/index.php\/wp-json\/wp\/v2\/posts\/5446","targetHints":{"allow":["GET"]}}],"collection":[{"href":"https:\/\/expressometro.mx\/index.php\/wp-json\/wp\/v2\/posts"}],"about":[{"href":"https:\/\/expressometro.mx\/index.php\/wp-json\/wp\/v2\/types\/post"}],"author":[{"embeddable":true,"href":"https:\/\/expressometro.mx\/index.php\/wp-json\/wp\/v2\/users\/2"}],"replies":[{"embeddable":true,"href":"https:\/\/expressometro.mx\/index.php\/wp-json\/wp\/v2\/comments?post=5446"}],"version-history":[{"count":1,"href":"https:\/\/expressometro.mx\/index.php\/wp-json\/wp\/v2\/posts\/5446\/revisions"}],"predecessor-version":[{"id":5452,"href":"https:\/\/expressometro.mx\/index.php\/wp-json\/wp\/v2\/posts\/5446\/revisions\/5452"}],"wp:featuredmedia":[{"embeddable":true,"href":"https:\/\/expressometro.mx\/index.php\/wp-json\/wp\/v2\/media\/5449"}],"wp:attachment":[{"href":"https:\/\/expressometro.mx\/index.php\/wp-json\/wp\/v2\/media?parent=5446"}],"wp:term":[{"taxonomy":"category","embeddable":true,"href":"https:\/\/expressometro.mx\/index.php\/wp-json\/wp\/v2\/categories?post=5446"},{"taxonomy":"post_tag","embeddable":true,"href":"https:\/\/expressometro.mx\/index.php\/wp-json\/wp\/v2\/tags?post=5446"}],"curies":[{"name":"wp","href":"https:\/\/api.w.org\/{rel}","templated":true}]}}