{"id":5416,"date":"2022-03-19T14:50:00","date_gmt":"2022-03-19T20:50:00","guid":{"rendered":"https:\/\/expressometro.mx\/?p=5416"},"modified":"2022-03-30T14:52:32","modified_gmt":"2022-03-30T20:52:32","slug":"jocotitlan-municipio-con-identidad","status":"publish","type":"post","link":"https:\/\/expressometro.mx\/index.php\/2022\/03\/19\/jocotitlan-municipio-con-identidad\/","title":{"rendered":"JOCOTITLAN MUNICIPIO CON IDENTIDAD"},"content":{"rendered":"\n<p>El municipio de Jocotitl\u00e1n recibi\u00f3 el equinoccio de primavera con la inauguraci\u00f3n de la glorieta del Dios Otontecuhtli. \u201cHoy es un d\u00eda hist\u00f3rico para que los proyectos sigan adelante con gente trabajadora y que est\u00e1 orgullosa de nuestras ra\u00edces\u201d.<\/p>\n\n\n\n<p>Al encabezar este acto, el Presidente municipal Jes\u00fas Cedillo Gonz\u00e1lez destac\u00f3 que Jocotitl\u00e1n es un pueblo lleno de historia y que nos enorgullece pertenecer a un lugar con identidad cultural, con una belleza natural y con gente trabajadora.<\/p>\n\n\n\n<p>En el develado de la obra art\u00edstica y arquitect\u00f3nica se explic\u00f3 que una de las interpretaciones del nombre de nuestro cerro que embellece los d\u00edas del pueblo deriva del culto a Otontecuhtli, considerado el dios principal de la cultura Mazahua.<\/p>\n\n\n\n<p>Otontecuhtli, es una deidad del fuego y de los muertos, y X\u00f3cotl era otro nombre con el que se le identificaba. De acuerdo a los relatos del Fray Sahag\u00fan nos dice que Otontecuhtli adem\u00e1s de ser el dios solar del fuego, era tambi\u00e9n el prototipo de los guerreros muertos.<\/p>\n\n\n\n<p>Durante su fiesta levantaban el \u00e1rbol X\u00f3cotl, junto a una efigie del mismo, y adornaban con fuego, armas de guerra como lanzas y escudos y a los cautivos de guerra los lanzaban sobre las brasas.<\/p>\n\n\n\n<p>Esta era una forma en los dioses principales eran encarnados por los guerreros cautivos. La postura de Eduardo Matos, de que en la cima de nuestro cerro se le rindi\u00f3 culto a Otonteuctli, esta postura sustent\u00f3 el relato anteriormente narrado; lo que antes fue un espacio ritual hoy en d\u00eda es un importante centro de telecomunicaciones.<\/p>\n\n\n\n<p>Queriendo retomar esta interpretaci\u00f3n hist\u00f3rica, el mont\u00edculo donde nace el monumento a Otontecuhtli prototipo de los guerreros hace la simulaci\u00f3n del cerro X\u00f3cotl, que es donde se adoraba a est\u00e9 dios o donde se cre\u00eda que habitaba tan importante deidad.<\/p>\n\n\n\n<p>La intenci\u00f3n de montar esta estatua al inicio de Jocotitl\u00e1n es recordar los or\u00edgenes hist\u00f3ricos de nuestro municipio, as\u00ed unir nuestro pasado con el presente, por que a donde quiera que vayamos, al horizonte siempre estar\u00e1 nuestra monta\u00f1a sagrada.<\/p>\n\n\n\n<figure class=\"wp-block-gallery columns-2 is-cropped wp-block-gallery-1 is-layout-flex wp-block-gallery-is-layout-flex\"><ul class=\"blocks-gallery-grid\"><li class=\"blocks-gallery-item\"><figure><img decoding=\"async\" width=\"640\" height=\"480\" src=\"https:\/\/expressometro.mx\/wp-content\/uploads\/2022\/03\/WhatsApp-Image-2022-03-30-at-2.46.45-PM-640x480.jpeg\" alt=\"\" data-id=\"5418\" data-link=\"https:\/\/expressometro.mx\/?attachment_id=5418\" class=\"wp-image-5418\" srcset=\"https:\/\/expressometro.mx\/wp-content\/uploads\/2022\/03\/WhatsApp-Image-2022-03-30-at-2.46.45-PM-640x480.jpeg 640w, https:\/\/expressometro.mx\/wp-content\/uploads\/2022\/03\/WhatsApp-Image-2022-03-30-at-2.46.45-PM-487x365.jpeg 487w, https:\/\/expressometro.mx\/wp-content\/uploads\/2022\/03\/WhatsApp-Image-2022-03-30-at-2.46.45-PM-768x576.jpeg 768w, https:\/\/expressometro.mx\/wp-content\/uploads\/2022\/03\/WhatsApp-Image-2022-03-30-at-2.46.45-PM.jpeg 1024w\" sizes=\"(max-width: 640px) 100vw, 640px\" \/><\/figure><\/li><li class=\"blocks-gallery-item\"><figure><img decoding=\"async\" width=\"640\" height=\"480\" src=\"https:\/\/expressometro.mx\/wp-content\/uploads\/2022\/03\/WhatsApp-Image-2022-03-30-at-2.47.07-PM-640x480.jpeg\" alt=\"\" data-id=\"5420\" data-full-url=\"https:\/\/expressometro.mx\/wp-content\/uploads\/2022\/03\/WhatsApp-Image-2022-03-30-at-2.47.07-PM.jpeg\" data-link=\"https:\/\/expressometro.mx\/?attachment_id=5420\" class=\"wp-image-5420\" srcset=\"https:\/\/expressometro.mx\/wp-content\/uploads\/2022\/03\/WhatsApp-Image-2022-03-30-at-2.47.07-PM-640x480.jpeg 640w, https:\/\/expressometro.mx\/wp-content\/uploads\/2022\/03\/WhatsApp-Image-2022-03-30-at-2.47.07-PM-487x365.jpeg 487w, https:\/\/expressometro.mx\/wp-content\/uploads\/2022\/03\/WhatsApp-Image-2022-03-30-at-2.47.07-PM-768x576.jpeg 768w, https:\/\/expressometro.mx\/wp-content\/uploads\/2022\/03\/WhatsApp-Image-2022-03-30-at-2.47.07-PM.jpeg 1024w\" sizes=\"(max-width: 640px) 100vw, 640px\" \/><\/figure><\/li><\/ul><\/figure>\n","protected":false},"excerpt":{"rendered":"<p>El municipio de Jocotitl\u00e1n recibi\u00f3 el equinoccio de primavera con la inauguraci\u00f3n de la glorieta del Dios Otontecuhtli. \u201cHoy es un d\u00eda hist\u00f3rico para que los proyectos sigan adelante con gente trabajadora y que est\u00e1 orgullosa de nuestras ra\u00edces\u201d.<\/p>\n","protected":false},"author":1,"featured_media":5417,"comment_status":"open","ping_status":"open","sticky":false,"template":"","format":"standard","meta":{"footnotes":""},"categories":[11,3],"tags":[891,576,324],"class_list":["post-5416","post","type-post","status-publish","format-standard","has-post-thumbnail","hentry","category-cultura","category-gobierno","tag-gustavo-cardenas-2","tag-ivan-esquer","tag-jocotitlan"],"yoast_head":"<!-- This site is optimized with the Yoast SEO plugin v27.4 - https:\/\/yoast.com\/product\/yoast-seo-wordpress\/ -->\n<title>JOCOTITLAN MUNICIPIO CON IDENTIDAD - Expresso Metropolitano<\/title>\n<meta name=\"robots\" content=\"index, follow, max-snippet:-1, max-image-preview:large, max-video-preview:-1\" \/>\n<link rel=\"canonical\" href=\"https:\/\/expressometro.mx\/index.php\/2022\/03\/19\/jocotitlan-municipio-con-identidad\/\" \/>\n<meta property=\"og:locale\" content=\"es_MX\" \/>\n<meta property=\"og:type\" content=\"article\" \/>\n<meta property=\"og:title\" content=\"JOCOTITLAN MUNICIPIO CON IDENTIDAD - Expresso Metropolitano\" \/>\n<meta property=\"og:description\" content=\"El municipio de Jocotitl\u00e1n recibi\u00f3 el equinoccio de primavera con la inauguraci\u00f3n de la glorieta del Dios Otontecuhtli. \u201cHoy es un d\u00eda hist\u00f3rico para que los proyectos sigan adelante con gente trabajadora y que est\u00e1 orgullosa de nuestras ra\u00edces\u201d.\" \/>\n<meta property=\"og:url\" content=\"https:\/\/expressometro.mx\/index.php\/2022\/03\/19\/jocotitlan-municipio-con-identidad\/\" \/>\n<meta property=\"og:site_name\" content=\"Expresso Metropolitano\" \/>\n<meta property=\"article:published_time\" content=\"2022-03-19T20:50:00+00:00\" \/>\n<meta property=\"article:modified_time\" content=\"2022-03-30T20:52:32+00:00\" \/>\n<meta property=\"og:image\" content=\"http:\/\/expressometro.mx\/wp-content\/uploads\/2022\/03\/WhatsApp-Image-2022-03-30-at-2.45.46-PM.jpeg\" \/>\n\t<meta property=\"og:image:width\" content=\"1024\" \/>\n\t<meta property=\"og:image:height\" content=\"768\" \/>\n\t<meta property=\"og:image:type\" content=\"image\/jpeg\" \/>\n<meta name=\"author\" content=\"Expresso Metropolitano\" \/>\n<meta name=\"twitter:label1\" content=\"Escrito por\" \/>\n\t<meta name=\"twitter:data1\" content=\"Expresso Metropolitano\" \/>\n\t<meta name=\"twitter:label2\" content=\"Tiempo de lectura\" \/>\n\t<meta name=\"twitter:data2\" content=\"2 minutos\" \/>\n<script type=\"application\/ld+json\" class=\"yoast-schema-graph\">{\"@context\":\"https:\\\/\\\/schema.org\",\"@graph\":[{\"@type\":\"Article\",\"@id\":\"https:\\\/\\\/expressometro.mx\\\/index.php\\\/2022\\\/03\\\/19\\\/jocotitlan-municipio-con-identidad\\\/#article\",\"isPartOf\":{\"@id\":\"https:\\\/\\\/expressometro.mx\\\/index.php\\\/2022\\\/03\\\/19\\\/jocotitlan-municipio-con-identidad\\\/\"},\"author\":{\"name\":\"Expresso Metropolitano\",\"@id\":\"https:\\\/\\\/expressometro.mx\\\/#\\\/schema\\\/person\\\/efa971b4a0664db8ed5c22b1b0dd2f5d\"},\"headline\":\"JOCOTITLAN MUNICIPIO CON IDENTIDAD\",\"datePublished\":\"2022-03-19T20:50:00+00:00\",\"dateModified\":\"2022-03-30T20:52:32+00:00\",\"mainEntityOfPage\":{\"@id\":\"https:\\\/\\\/expressometro.mx\\\/index.php\\\/2022\\\/03\\\/19\\\/jocotitlan-municipio-con-identidad\\\/\"},\"wordCount\":368,\"commentCount\":0,\"publisher\":{\"@id\":\"https:\\\/\\\/expressometro.mx\\\/#organization\"},\"image\":{\"@id\":\"https:\\\/\\\/expressometro.mx\\\/index.php\\\/2022\\\/03\\\/19\\\/jocotitlan-municipio-con-identidad\\\/#primaryimage\"},\"thumbnailUrl\":\"https:\\\/\\\/expressometro.mx\\\/wp-content\\\/uploads\\\/2022\\\/03\\\/WhatsApp-Image-2022-03-30-at-2.45.46-PM.jpeg\",\"keywords\":[\"Gustavo C\u00e1rdenas\",\"Iv\u00e1n Esquer\",\"Jocotitl\u00e1n\"],\"articleSection\":[\"Cultura\",\"Gobierno\"],\"inLanguage\":\"es\",\"potentialAction\":[{\"@type\":\"CommentAction\",\"name\":\"Comment\",\"target\":[\"https:\\\/\\\/expressometro.mx\\\/index.php\\\/2022\\\/03\\\/19\\\/jocotitlan-municipio-con-identidad\\\/#respond\"]}]},{\"@type\":\"WebPage\",\"@id\":\"https:\\\/\\\/expressometro.mx\\\/index.php\\\/2022\\\/03\\\/19\\\/jocotitlan-municipio-con-identidad\\\/\",\"url\":\"https:\\\/\\\/expressometro.mx\\\/index.php\\\/2022\\\/03\\\/19\\\/jocotitlan-municipio-con-identidad\\\/\",\"name\":\"JOCOTITLAN MUNICIPIO CON IDENTIDAD - Expresso Metropolitano\",\"isPartOf\":{\"@id\":\"https:\\\/\\\/expressometro.mx\\\/#website\"},\"primaryImageOfPage\":{\"@id\":\"https:\\\/\\\/expressometro.mx\\\/index.php\\\/2022\\\/03\\\/19\\\/jocotitlan-municipio-con-identidad\\\/#primaryimage\"},\"image\":{\"@id\":\"https:\\\/\\\/expressometro.mx\\\/index.php\\\/2022\\\/03\\\/19\\\/jocotitlan-municipio-con-identidad\\\/#primaryimage\"},\"thumbnailUrl\":\"https:\\\/\\\/expressometro.mx\\\/wp-content\\\/uploads\\\/2022\\\/03\\\/WhatsApp-Image-2022-03-30-at-2.45.46-PM.jpeg\",\"datePublished\":\"2022-03-19T20:50:00+00:00\",\"dateModified\":\"2022-03-30T20:52:32+00:00\",\"breadcrumb\":{\"@id\":\"https:\\\/\\\/expressometro.mx\\\/index.php\\\/2022\\\/03\\\/19\\\/jocotitlan-municipio-con-identidad\\\/#breadcrumb\"},\"inLanguage\":\"es\",\"potentialAction\":[{\"@type\":\"ReadAction\",\"target\":[\"https:\\\/\\\/expressometro.mx\\\/index.php\\\/2022\\\/03\\\/19\\\/jocotitlan-municipio-con-identidad\\\/\"]}]},{\"@type\":\"ImageObject\",\"inLanguage\":\"es\",\"@id\":\"https:\\\/\\\/expressometro.mx\\\/index.php\\\/2022\\\/03\\\/19\\\/jocotitlan-municipio-con-identidad\\\/#primaryimage\",\"url\":\"https:\\\/\\\/expressometro.mx\\\/wp-content\\\/uploads\\\/2022\\\/03\\\/WhatsApp-Image-2022-03-30-at-2.45.46-PM.jpeg\",\"contentUrl\":\"https:\\\/\\\/expressometro.mx\\\/wp-content\\\/uploads\\\/2022\\\/03\\\/WhatsApp-Image-2022-03-30-at-2.45.46-PM.jpeg\",\"width\":1024,\"height\":768},{\"@type\":\"BreadcrumbList\",\"@id\":\"https:\\\/\\\/expressometro.mx\\\/index.php\\\/2022\\\/03\\\/19\\\/jocotitlan-municipio-con-identidad\\\/#breadcrumb\",\"itemListElement\":[{\"@type\":\"ListItem\",\"position\":1,\"name\":\"Inicio\",\"item\":\"https:\\\/\\\/expressometro.mx\\\/\"},{\"@type\":\"ListItem\",\"position\":2,\"name\":\"JOCOTITLAN MUNICIPIO CON IDENTIDAD\"}]},{\"@type\":\"WebSite\",\"@id\":\"https:\\\/\\\/expressometro.mx\\\/#website\",\"url\":\"https:\\\/\\\/expressometro.mx\\\/\",\"name\":\"Expresso Metropolitano\",\"description\":\"Periodismo comprometido, informaci\u00f3n, investigaci\u00f3n y an\u00e1lisis\",\"publisher\":{\"@id\":\"https:\\\/\\\/expressometro.mx\\\/#organization\"},\"potentialAction\":[{\"@type\":\"SearchAction\",\"target\":{\"@type\":\"EntryPoint\",\"urlTemplate\":\"https:\\\/\\\/expressometro.mx\\\/?s={search_term_string}\"},\"query-input\":{\"@type\":\"PropertyValueSpecification\",\"valueRequired\":true,\"valueName\":\"search_term_string\"}}],\"inLanguage\":\"es\"},{\"@type\":\"Organization\",\"@id\":\"https:\\\/\\\/expressometro.mx\\\/#organization\",\"name\":\"Expresso Metropolitano\",\"url\":\"https:\\\/\\\/expressometro.mx\\\/\",\"logo\":{\"@type\":\"ImageObject\",\"inLanguage\":\"es\",\"@id\":\"https:\\\/\\\/expressometro.mx\\\/#\\\/schema\\\/logo\\\/image\\\/\",\"url\":\"https:\\\/\\\/expressometro.mx\\\/wp-content\\\/uploads\\\/2019\\\/07\\\/cropped-Logo-Expresso-Metropolitano-1-1.jpeg\",\"contentUrl\":\"https:\\\/\\\/expressometro.mx\\\/wp-content\\\/uploads\\\/2019\\\/07\\\/cropped-Logo-Expresso-Metropolitano-1-1.jpeg\",\"width\":290,\"height\":73,\"caption\":\"Expresso Metropolitano\"},\"image\":{\"@id\":\"https:\\\/\\\/expressometro.mx\\\/#\\\/schema\\\/logo\\\/image\\\/\"}},{\"@type\":\"Person\",\"@id\":\"https:\\\/\\\/expressometro.mx\\\/#\\\/schema\\\/person\\\/efa971b4a0664db8ed5c22b1b0dd2f5d\",\"name\":\"Expresso Metropolitano\",\"image\":{\"@type\":\"ImageObject\",\"inLanguage\":\"es\",\"@id\":\"https:\\\/\\\/secure.gravatar.com\\\/avatar\\\/a89f802b8de18c6952f223c88d3d106e9e3679839f4e25a02f4a6cc2ae6ba3b3?s=96&d=mm&r=g\",\"url\":\"https:\\\/\\\/secure.gravatar.com\\\/avatar\\\/a89f802b8de18c6952f223c88d3d106e9e3679839f4e25a02f4a6cc2ae6ba3b3?s=96&d=mm&r=g\",\"contentUrl\":\"https:\\\/\\\/secure.gravatar.com\\\/avatar\\\/a89f802b8de18c6952f223c88d3d106e9e3679839f4e25a02f4a6cc2ae6ba3b3?s=96&d=mm&r=g\",\"caption\":\"Expresso Metropolitano\"},\"url\":\"https:\\\/\\\/expressometro.mx\\\/index.php\\\/author\\\/diego\\\/\"}]}<\/script>\n<!-- \/ Yoast SEO plugin. -->","yoast_head_json":{"title":"JOCOTITLAN MUNICIPIO CON IDENTIDAD - Expresso Metropolitano","robots":{"index":"index","follow":"follow","max-snippet":"max-snippet:-1","max-image-preview":"max-image-preview:large","max-video-preview":"max-video-preview:-1"},"canonical":"https:\/\/expressometro.mx\/index.php\/2022\/03\/19\/jocotitlan-municipio-con-identidad\/","og_locale":"es_MX","og_type":"article","og_title":"JOCOTITLAN MUNICIPIO CON IDENTIDAD - Expresso Metropolitano","og_description":"El municipio de Jocotitl\u00e1n recibi\u00f3 el equinoccio de primavera con la inauguraci\u00f3n de la glorieta del Dios Otontecuhtli. \u201cHoy es un d\u00eda hist\u00f3rico para que los proyectos sigan adelante con gente trabajadora y que est\u00e1 orgullosa de nuestras ra\u00edces\u201d.","og_url":"https:\/\/expressometro.mx\/index.php\/2022\/03\/19\/jocotitlan-municipio-con-identidad\/","og_site_name":"Expresso Metropolitano","article_published_time":"2022-03-19T20:50:00+00:00","article_modified_time":"2022-03-30T20:52:32+00:00","og_image":[{"width":1024,"height":768,"url":"http:\/\/expressometro.mx\/wp-content\/uploads\/2022\/03\/WhatsApp-Image-2022-03-30-at-2.45.46-PM.jpeg","type":"image\/jpeg"}],"author":"Expresso Metropolitano","twitter_misc":{"Escrito por":"Expresso Metropolitano","Tiempo de lectura":"2 minutos"},"schema":{"@context":"https:\/\/schema.org","@graph":[{"@type":"Article","@id":"https:\/\/expressometro.mx\/index.php\/2022\/03\/19\/jocotitlan-municipio-con-identidad\/#article","isPartOf":{"@id":"https:\/\/expressometro.mx\/index.php\/2022\/03\/19\/jocotitlan-municipio-con-identidad\/"},"author":{"name":"Expresso Metropolitano","@id":"https:\/\/expressometro.mx\/#\/schema\/person\/efa971b4a0664db8ed5c22b1b0dd2f5d"},"headline":"JOCOTITLAN MUNICIPIO CON IDENTIDAD","datePublished":"2022-03-19T20:50:00+00:00","dateModified":"2022-03-30T20:52:32+00:00","mainEntityOfPage":{"@id":"https:\/\/expressometro.mx\/index.php\/2022\/03\/19\/jocotitlan-municipio-con-identidad\/"},"wordCount":368,"commentCount":0,"publisher":{"@id":"https:\/\/expressometro.mx\/#organization"},"image":{"@id":"https:\/\/expressometro.mx\/index.php\/2022\/03\/19\/jocotitlan-municipio-con-identidad\/#primaryimage"},"thumbnailUrl":"https:\/\/expressometro.mx\/wp-content\/uploads\/2022\/03\/WhatsApp-Image-2022-03-30-at-2.45.46-PM.jpeg","keywords":["Gustavo C\u00e1rdenas","Iv\u00e1n Esquer","Jocotitl\u00e1n"],"articleSection":["Cultura","Gobierno"],"inLanguage":"es","potentialAction":[{"@type":"CommentAction","name":"Comment","target":["https:\/\/expressometro.mx\/index.php\/2022\/03\/19\/jocotitlan-municipio-con-identidad\/#respond"]}]},{"@type":"WebPage","@id":"https:\/\/expressometro.mx\/index.php\/2022\/03\/19\/jocotitlan-municipio-con-identidad\/","url":"https:\/\/expressometro.mx\/index.php\/2022\/03\/19\/jocotitlan-municipio-con-identidad\/","name":"JOCOTITLAN MUNICIPIO CON IDENTIDAD - Expresso Metropolitano","isPartOf":{"@id":"https:\/\/expressometro.mx\/#website"},"primaryImageOfPage":{"@id":"https:\/\/expressometro.mx\/index.php\/2022\/03\/19\/jocotitlan-municipio-con-identidad\/#primaryimage"},"image":{"@id":"https:\/\/expressometro.mx\/index.php\/2022\/03\/19\/jocotitlan-municipio-con-identidad\/#primaryimage"},"thumbnailUrl":"https:\/\/expressometro.mx\/wp-content\/uploads\/2022\/03\/WhatsApp-Image-2022-03-30-at-2.45.46-PM.jpeg","datePublished":"2022-03-19T20:50:00+00:00","dateModified":"2022-03-30T20:52:32+00:00","breadcrumb":{"@id":"https:\/\/expressometro.mx\/index.php\/2022\/03\/19\/jocotitlan-municipio-con-identidad\/#breadcrumb"},"inLanguage":"es","potentialAction":[{"@type":"ReadAction","target":["https:\/\/expressometro.mx\/index.php\/2022\/03\/19\/jocotitlan-municipio-con-identidad\/"]}]},{"@type":"ImageObject","inLanguage":"es","@id":"https:\/\/expressometro.mx\/index.php\/2022\/03\/19\/jocotitlan-municipio-con-identidad\/#primaryimage","url":"https:\/\/expressometro.mx\/wp-content\/uploads\/2022\/03\/WhatsApp-Image-2022-03-30-at-2.45.46-PM.jpeg","contentUrl":"https:\/\/expressometro.mx\/wp-content\/uploads\/2022\/03\/WhatsApp-Image-2022-03-30-at-2.45.46-PM.jpeg","width":1024,"height":768},{"@type":"BreadcrumbList","@id":"https:\/\/expressometro.mx\/index.php\/2022\/03\/19\/jocotitlan-municipio-con-identidad\/#breadcrumb","itemListElement":[{"@type":"ListItem","position":1,"name":"Inicio","item":"https:\/\/expressometro.mx\/"},{"@type":"ListItem","position":2,"name":"JOCOTITLAN MUNICIPIO CON IDENTIDAD"}]},{"@type":"WebSite","@id":"https:\/\/expressometro.mx\/#website","url":"https:\/\/expressometro.mx\/","name":"Expresso Metropolitano","description":"Periodismo comprometido, informaci\u00f3n, investigaci\u00f3n y an\u00e1lisis","publisher":{"@id":"https:\/\/expressometro.mx\/#organization"},"potentialAction":[{"@type":"SearchAction","target":{"@type":"EntryPoint","urlTemplate":"https:\/\/expressometro.mx\/?s={search_term_string}"},"query-input":{"@type":"PropertyValueSpecification","valueRequired":true,"valueName":"search_term_string"}}],"inLanguage":"es"},{"@type":"Organization","@id":"https:\/\/expressometro.mx\/#organization","name":"Expresso Metropolitano","url":"https:\/\/expressometro.mx\/","logo":{"@type":"ImageObject","inLanguage":"es","@id":"https:\/\/expressometro.mx\/#\/schema\/logo\/image\/","url":"https:\/\/expressometro.mx\/wp-content\/uploads\/2019\/07\/cropped-Logo-Expresso-Metropolitano-1-1.jpeg","contentUrl":"https:\/\/expressometro.mx\/wp-content\/uploads\/2019\/07\/cropped-Logo-Expresso-Metropolitano-1-1.jpeg","width":290,"height":73,"caption":"Expresso Metropolitano"},"image":{"@id":"https:\/\/expressometro.mx\/#\/schema\/logo\/image\/"}},{"@type":"Person","@id":"https:\/\/expressometro.mx\/#\/schema\/person\/efa971b4a0664db8ed5c22b1b0dd2f5d","name":"Expresso Metropolitano","image":{"@type":"ImageObject","inLanguage":"es","@id":"https:\/\/secure.gravatar.com\/avatar\/a89f802b8de18c6952f223c88d3d106e9e3679839f4e25a02f4a6cc2ae6ba3b3?s=96&d=mm&r=g","url":"https:\/\/secure.gravatar.com\/avatar\/a89f802b8de18c6952f223c88d3d106e9e3679839f4e25a02f4a6cc2ae6ba3b3?s=96&d=mm&r=g","contentUrl":"https:\/\/secure.gravatar.com\/avatar\/a89f802b8de18c6952f223c88d3d106e9e3679839f4e25a02f4a6cc2ae6ba3b3?s=96&d=mm&r=g","caption":"Expresso Metropolitano"},"url":"https:\/\/expressometro.mx\/index.php\/author\/diego\/"}]}},"amp_enabled":true,"_links":{"self":[{"href":"https:\/\/expressometro.mx\/index.php\/wp-json\/wp\/v2\/posts\/5416","targetHints":{"allow":["GET"]}}],"collection":[{"href":"https:\/\/expressometro.mx\/index.php\/wp-json\/wp\/v2\/posts"}],"about":[{"href":"https:\/\/expressometro.mx\/index.php\/wp-json\/wp\/v2\/types\/post"}],"author":[{"embeddable":true,"href":"https:\/\/expressometro.mx\/index.php\/wp-json\/wp\/v2\/users\/1"}],"replies":[{"embeddable":true,"href":"https:\/\/expressometro.mx\/index.php\/wp-json\/wp\/v2\/comments?post=5416"}],"version-history":[{"count":1,"href":"https:\/\/expressometro.mx\/index.php\/wp-json\/wp\/v2\/posts\/5416\/revisions"}],"predecessor-version":[{"id":5421,"href":"https:\/\/expressometro.mx\/index.php\/wp-json\/wp\/v2\/posts\/5416\/revisions\/5421"}],"wp:featuredmedia":[{"embeddable":true,"href":"https:\/\/expressometro.mx\/index.php\/wp-json\/wp\/v2\/media\/5417"}],"wp:attachment":[{"href":"https:\/\/expressometro.mx\/index.php\/wp-json\/wp\/v2\/media?parent=5416"}],"wp:term":[{"taxonomy":"category","embeddable":true,"href":"https:\/\/expressometro.mx\/index.php\/wp-json\/wp\/v2\/categories?post=5416"},{"taxonomy":"post_tag","embeddable":true,"href":"https:\/\/expressometro.mx\/index.php\/wp-json\/wp\/v2\/tags?post=5416"}],"curies":[{"name":"wp","href":"https:\/\/api.w.org\/{rel}","templated":true}]}}